{"id":378,"date":"2010-02-28T20:56:00","date_gmt":"2010-02-28T20:56:00","guid":{"rendered":"http:\/\/blogg.svenskakyrkan.se\/akebonnier\/2010\/02\/28\/oppet-brev-till-humanisterna\/"},"modified":"2010-02-28T20:56:00","modified_gmt":"2010-02-28T20:56:00","slug":"oppet-brev-till-humanisterna","status":"publish","type":"post","link":"https:\/\/blogg.svenskakyrkan.se\/akebonnier\/2010\/02\/28\/oppet-brev-till-humanisterna\/","title":{"rendered":"\u00d6ppet brev till Humanisterna"},"content":{"rendered":"<p>B\u00e4sta medlemmar i Humanisterna,<br \/>Efter att ha l\u00e4st Christer Sturmarks m fl. artikel i dag p\u00e5 Br\u00e4nnpunkt i Svenska Dagbladet (<a href=\"http:\/\/www.svd.se\/opinion\/brannpunkt\/myt-att-kristendomen-byggt-sverige_4344755.svd\">http:\/\/www.svd.se\/opinion\/brannpunkt\/myt-att-kristendomen-byggt-sverige_4344755.svd<\/a>) m\u00e5ste jag f\u00e5 st\u00e4lla en fr\u00e5ga. P\u00e5 vilket s\u00e4tt skulle det vara fel att l\u00e5ta den st\u00f6rsta av v\u00e5ra religioner i Sverige f\u00e5 en s\u00e4rst\u00e4llning i skolundervisningen? Vem lider av att unga m\u00e4nniskor l\u00e4r sig mer av det som pr\u00e4glat s\u00e5 mycket av v\u00e5r kulturtradition men ocks\u00e5 i viss m\u00e5n v\u00e5r lagstiftning? Vem lider av att l\u00e4ra sig mer om Jesu undervisning i vilket den Gyllne regeln ing\u00e5r &#8211; en regel som \u00e5terfinns ocks\u00e5 i judendomen men d\u00e5 negativt formulerad. N\u00e4r Jesus i Matt 7:12 talar om den \u00e4r den positivt sagd: &#8221;<em>Allt vad ni vill att m\u00e4nniskor skall g\u00f6ra f\u00f6r er, det skall ni ocks\u00e5 g\u00f6ra f\u00f6r dem.<\/em>&#8221; N\u00e4r Konfucius talar om den Gyllne regeln s\u00e4ger han: <em>man ska leva som man l\u00e4r, men man ska ocks\u00e5 l\u00e4ra som man lever.<\/em> Det \u00e4r sannerligen inte samma sak.<\/p>\n<p>Men oavsett detta s\u00e5 \u00e4r min fr\u00e5ga seri\u00f6s: Vem lider av att barn och ungdomar f\u00e5r en extra bra kunskap om det egna? Sj\u00e4lvklart ska skolan undervisa i religionshistoria med judendom, islam, buddism, hinduism, ateism etc. En grundl\u00e4ggande orientering med god kunskap som f\u00f6ljd g\u00e4llande andras tro och \u00f6vertygelse \u00e4r viktigt i ett m\u00e5ngkulturellt och m\u00e5ngreligi\u00f6st samh\u00e4lle, men ungdomar beh\u00f6ver ocks\u00e5 en seri\u00f6s undervisning i den tradition som ligger oss n\u00e4rmast h\u00e4r i Sverige.<\/p>\n<p>Att som Sturmark, m fl, rallarsvinga mot kristendomen \u00e4r genant. Den kristna traditionen best\u00e5r inte enbart av fundamentalister. I den judiska traditionen s\u00e4ger man ibland, halvt p\u00e5 sk\u00e4mt &#8211; halvt p\u00e5 allvar: d\u00e4r det finns tv\u00e5 judar finns det tre \u00e5sikter. Det vill understryka att diskussionen \u00e4r viktig, att man kan se och f\u00f6rst\u00e5 den judiska tron och traditionen p\u00e5 olika s\u00e4tt. Likadant \u00e4r det i kristendomen. Det finns olika bibeltolkningar, olika f\u00f6rst\u00e5else av vad trosbek\u00e4nnelsens artiklar betyder etc, etc. Vad betyder det att Gud skapade v\u00e4rlden? Vad betyder det att tro p\u00e5 en allsm\u00e4ktig Gud? Vad betyder det att s\u00e4ga att Jesus var jungfruf\u00f6dd? Vad betyder det att s\u00e4ga att Jesus gjorde under och vad betyder dessa texter idag?<\/p>\n<p>Sj\u00e4lvklart har ni Humanister r\u00e4tt att h\u00e4vda ateismen som den klokaste h\u00e5llningen. Jag menar ocks\u00e5 att elever i skolan ska f\u00e5 del av vad Humanisterna och ateistisk h\u00e5llning st\u00e5r f\u00f6r. Man kan mycket v\u00e4l bjuda in en Humanist till en lektion att diskutera med eleverna utifr\u00e5n ateismens grundh\u00e5llning likaledes som man kan bjuda in en pr\u00e4st eller en imam eller en rabbin eller en&#8230;<br \/>Det handlar inte om att f\u00f6rs\u00f6ka hindra en bred kunskap om livs\u00e5sk\u00e5dningar i Sverige. Men ska vi alls kunna f\u00f6ra en dialog, v\u00e4rd namnet, med m\u00e4nniskor av annan tro m\u00e5ste vi ha kunskap om den tradition som, vare sig Christer Sturmark, PC Jersild, Morgan Johansson eller Olle H\u00e4ggstr\u00f6m vill det eller inte, \u00e4nd\u00e5 har p\u00e5verkat samh\u00e4llet och som fortfarande spelar en viktig roll i v\u00e5rt samh\u00e4lle i b\u00e5de medg\u00e5ng och motg\u00e5ng. Okunskap om b\u00e5de det egna och andras f\u00f6der r\u00e4dsla och r\u00e4dsla riskerar att f\u00f6da fientlighet. <\/p>\n<p>L\u00e5t oss v\u00e4rna om en bred kunskap men inkluderande en f\u00f6rdjupning av det som sedan 1000-talet \u00e4r v\u00e5rt!<\/p>\n<div class=\"blogger-post-footer\"><img width='1' height='1' src='https:\/\/blogger.googleusercontent.com\/tracker\/9055441369901436026-1245531716041559039?l=akebonnier.blogspot.com' alt='' \/><\/div>\n","protected":false},"excerpt":{"rendered":"<p>B\u00e4sta medlemmar i Humanisterna,Efter att ha l\u00e4st Christer Sturmarks m fl. artikel i dag p\u00e5 Br\u00e4nnpunkt i Svenska Dagbladet (http:\/\/www.svd.se\/opinion\/brannpunkt\/myt-att-kristendomen-byggt-sverige_4344755.svd) m\u00e5ste jag f\u00e5 st\u00e4lla en fr\u00e5ga. P\u00e5 vilket s\u00e4tt skulle det vara fel att l\u00e5ta den st\u00f6rsta av v\u00e5ra religioner i Sverige f\u00e5 en s\u00e4rst\u00e4llning i skolundervisningen? Vem lider av att unga m\u00e4nniskor l\u00e4r sig [&hellip;]<\/p>\n","protected":false},"author":108,"featured_media":0,"comment_status":"open","ping_status":"open","sticky":false,"template":"","format":"standard","meta":{"_acf_changed":false,"footnotes":""},"categories":[16356],"tags":[],"class_list":["post-378","post","type-post","status-publish","format-standard","hentry","category-oppet-brev-till-humanisterna"],"acf":[],"yoast_head":"<!-- This site is optimized with the Yoast SEO plugin v27.1.1 - https:\/\/yoast.com\/product\/yoast-seo-wordpress\/ -->\n<title>\u00d6ppet brev till Humanisterna - \u00c5ke Bonnier<\/title>\n<meta name=\"robots\" content=\"index, follow, max-snippet:-1, max-image-preview:large, max-video-preview:-1\" \/>\n<link rel=\"canonical\" href=\"https:\/\/blogg.svenskakyrkan.se\/akebonnier\/2010\/02\/28\/oppet-brev-till-humanisterna\/\" \/>\n<meta property=\"og:locale\" content=\"sv_SE\" \/>\n<meta property=\"og:type\" content=\"article\" \/>\n<meta property=\"og:title\" content=\"\u00d6ppet brev till Humanisterna - \u00c5ke Bonnier\" \/>\n<meta property=\"og:description\" content=\"B\u00e4sta medlemmar i Humanisterna,Efter att ha l\u00e4st Christer Sturmarks m fl. artikel i dag p\u00e5 Br\u00e4nnpunkt i Svenska Dagbladet (http:\/\/www.svd.se\/opinion\/brannpunkt\/myt-att-kristendomen-byggt-sverige_4344755.svd) m\u00e5ste jag f\u00e5 st\u00e4lla en fr\u00e5ga. P\u00e5 vilket s\u00e4tt skulle det vara fel att l\u00e5ta den st\u00f6rsta av v\u00e5ra religioner i Sverige f\u00e5 en s\u00e4rst\u00e4llning i skolundervisningen? Vem lider av att unga m\u00e4nniskor l\u00e4r sig [&hellip;]\" \/>\n<meta property=\"og:url\" content=\"https:\/\/blogg.svenskakyrkan.se\/akebonnier\/2010\/02\/28\/oppet-brev-till-humanisterna\/\" \/>\n<meta property=\"og:site_name\" content=\"\u00c5ke Bonnier\" \/>\n<meta property=\"article:published_time\" content=\"2010-02-28T20:56:00+00:00\" \/>\n<meta property=\"og:image\" content=\"https:\/\/blogger.googleusercontent.com\/tracker\/9055441369901436026-1245531716041559039?l=akebonnier.blogspot.com\" \/>\n<meta name=\"author\" content=\"\u00c5ke Bonnier\" \/>\n<meta name=\"twitter:card\" content=\"summary_large_image\" \/>\n<meta name=\"twitter:label1\" content=\"Skriven av\" \/>\n\t<meta name=\"twitter:data1\" content=\"\u00c5ke Bonnier\" \/>\n\t<meta name=\"twitter:label2\" content=\"Ber\u00e4knad l\u00e4stid\" \/>\n\t<meta name=\"twitter:data2\" content=\"3 minuter\" \/>\n<script type=\"application\/ld+json\" class=\"yoast-schema-graph\">{\"@context\":\"https:\/\/schema.org\",\"@graph\":[{\"@type\":\"Article\",\"@id\":\"https:\/\/blogg.svenskakyrkan.se\/akebonnier\/2010\/02\/28\/oppet-brev-till-humanisterna\/#article\",\"isPartOf\":{\"@id\":\"https:\/\/blogg.svenskakyrkan.se\/akebonnier\/2010\/02\/28\/oppet-brev-till-humanisterna\/\"},\"author\":{\"name\":\"\u00c5ke Bonnier\",\"@id\":\"https:\/\/blogg.svenskakyrkan.se\/akebonnier\/#\/schema\/person\/8db68bc0c94f6a5a62df2d4486ff1343\"},\"headline\":\"\u00d6ppet brev till Humanisterna\",\"datePublished\":\"2010-02-28T20:56:00+00:00\",\"mainEntityOfPage\":{\"@id\":\"https:\/\/blogg.svenskakyrkan.se\/akebonnier\/2010\/02\/28\/oppet-brev-till-humanisterna\/\"},\"wordCount\":627,\"commentCount\":42,\"image\":{\"@id\":\"https:\/\/blogg.svenskakyrkan.se\/akebonnier\/2010\/02\/28\/oppet-brev-till-humanisterna\/#primaryimage\"},\"thumbnailUrl\":\"https:\/\/blogger.googleusercontent.com\/tracker\/9055441369901436026-1245531716041559039?l=akebonnier.blogspot.com\",\"articleSection\":[\"\u00d6ppet brev till Humanisterna\"],\"inLanguage\":\"sv-SE\",\"potentialAction\":[{\"@type\":\"CommentAction\",\"name\":\"Comment\",\"target\":[\"https:\/\/blogg.svenskakyrkan.se\/akebonnier\/2010\/02\/28\/oppet-brev-till-humanisterna\/#respond\"]}]},{\"@type\":\"WebPage\",\"@id\":\"https:\/\/blogg.svenskakyrkan.se\/akebonnier\/2010\/02\/28\/oppet-brev-till-humanisterna\/\",\"url\":\"https:\/\/blogg.svenskakyrkan.se\/akebonnier\/2010\/02\/28\/oppet-brev-till-humanisterna\/\",\"name\":\"\u00d6ppet brev till Humanisterna - \u00c5ke Bonnier\",\"isPartOf\":{\"@id\":\"https:\/\/blogg.svenskakyrkan.se\/akebonnier\/#website\"},\"primaryImageOfPage\":{\"@id\":\"https:\/\/blogg.svenskakyrkan.se\/akebonnier\/2010\/02\/28\/oppet-brev-till-humanisterna\/#primaryimage\"},\"image\":{\"@id\":\"https:\/\/blogg.svenskakyrkan.se\/akebonnier\/2010\/02\/28\/oppet-brev-till-humanisterna\/#primaryimage\"},\"thumbnailUrl\":\"https:\/\/blogger.googleusercontent.com\/tracker\/9055441369901436026-1245531716041559039?l=akebonnier.blogspot.com\",\"datePublished\":\"2010-02-28T20:56:00+00:00\",\"author\":{\"@id\":\"https:\/\/blogg.svenskakyrkan.se\/akebonnier\/#\/schema\/person\/8db68bc0c94f6a5a62df2d4486ff1343\"},\"breadcrumb\":{\"@id\":\"https:\/\/blogg.svenskakyrkan.se\/akebonnier\/2010\/02\/28\/oppet-brev-till-humanisterna\/#breadcrumb\"},\"inLanguage\":\"sv-SE\",\"potentialAction\":[{\"@type\":\"ReadAction\",\"target\":[\"https:\/\/blogg.svenskakyrkan.se\/akebonnier\/2010\/02\/28\/oppet-brev-till-humanisterna\/\"]}]},{\"@type\":\"ImageObject\",\"inLanguage\":\"sv-SE\",\"@id\":\"https:\/\/blogg.svenskakyrkan.se\/akebonnier\/2010\/02\/28\/oppet-brev-till-humanisterna\/#primaryimage\",\"url\":\"https:\/\/blogger.googleusercontent.com\/tracker\/9055441369901436026-1245531716041559039?l=akebonnier.blogspot.com\",\"contentUrl\":\"https:\/\/blogger.googleusercontent.com\/tracker\/9055441369901436026-1245531716041559039?l=akebonnier.blogspot.com\"},{\"@type\":\"BreadcrumbList\",\"@id\":\"https:\/\/blogg.svenskakyrkan.se\/akebonnier\/2010\/02\/28\/oppet-brev-till-humanisterna\/#breadcrumb\",\"itemListElement\":[{\"@type\":\"ListItem\",\"position\":1,\"name\":\"Hem\",\"item\":\"https:\/\/blogg.svenskakyrkan.se\/akebonnier\/\"},{\"@type\":\"ListItem\",\"position\":2,\"name\":\"\u00d6ppet brev till Humanisterna\"}]},{\"@type\":\"WebSite\",\"@id\":\"https:\/\/blogg.svenskakyrkan.se\/akebonnier\/#website\",\"url\":\"https:\/\/blogg.svenskakyrkan.se\/akebonnier\/\",\"name\":\"\u00c5ke Bonnier\",\"description\":\"Biskop i Svenska kyrkan - Skara stift\",\"potentialAction\":[{\"@type\":\"SearchAction\",\"target\":{\"@type\":\"EntryPoint\",\"urlTemplate\":\"https:\/\/blogg.svenskakyrkan.se\/akebonnier\/?s={search_term_string}\"},\"query-input\":{\"@type\":\"PropertyValueSpecification\",\"valueRequired\":true,\"valueName\":\"search_term_string\"}}],\"inLanguage\":\"sv-SE\"},{\"@type\":\"Person\",\"@id\":\"https:\/\/blogg.svenskakyrkan.se\/akebonnier\/#\/schema\/person\/8db68bc0c94f6a5a62df2d4486ff1343\",\"name\":\"\u00c5ke Bonnier\",\"image\":{\"@type\":\"ImageObject\",\"inLanguage\":\"sv-SE\",\"@id\":\"https:\/\/blogg.svenskakyrkan.se\/akebonnier\/#\/schema\/person\/image\/\",\"url\":\"https:\/\/secure.gravatar.com\/avatar\/b88264736bb0bc0d1ea92298aef02c9f98cfc13c7484130c42c663ae484f9462?s=96&d=mm&r=g\",\"contentUrl\":\"https:\/\/secure.gravatar.com\/avatar\/b88264736bb0bc0d1ea92298aef02c9f98cfc13c7484130c42c663ae484f9462?s=96&d=mm&r=g\",\"caption\":\"\u00c5ke Bonnier\"},\"description\":\"Jag \u00e4r gift och har tv\u00e5 vuxna d\u00f6ttrar. Pr\u00e4stvigdes 1984 och biskopsvigs 26 augusti 2012 . Jag har tidigare bland annat varit, komminister och kyrkoherde i Liding\u00f6 f\u00f6rsamling och domprost i Stockholms domkyrkof\u00f6rsamling. Jag \u00e4r intresserad av konst, litteratur, teater, film. Jag tr\u00e4nar regelbundet p\u00e5 gym. Mitt huvudsakliga musikintresse \u00e4r klassisk musik men ocks\u00e5 Beatles, Elvis Presley, Monika Zettelund, Povel Ramel och m\u00e5nga andra tycker jag om att lyssna p\u00e5. Jag l\u00e4ser f\u00f6r lite sk\u00f6nlitteratur beroende p\u00e5 annat som jag m\u00e5ste l\u00e4sa i mitt uppdrag som biskop. Men jag \u00e4lskar b\u00f6cker. Naturligtvis l\u00e4ser jag n\u00e4st intill dagligdags i \\\"B\u00f6ckernas Bok.\\\"\",\"sameAs\":[\"http:\/\/www.skarastift.se\"],\"url\":\"https:\/\/blogg.svenskakyrkan.se\/akebonnier\/author\/akebonnier\/\"}]}<\/script>\n<!-- \/ Yoast SEO plugin. -->","yoast_head_json":{"title":"\u00d6ppet brev till Humanisterna - \u00c5ke Bonnier","robots":{"index":"index","follow":"follow","max-snippet":"max-snippet:-1","max-image-preview":"max-image-preview:large","max-video-preview":"max-video-preview:-1"},"canonical":"https:\/\/blogg.svenskakyrkan.se\/akebonnier\/2010\/02\/28\/oppet-brev-till-humanisterna\/","og_locale":"sv_SE","og_type":"article","og_title":"\u00d6ppet brev till Humanisterna - \u00c5ke Bonnier","og_description":"B\u00e4sta medlemmar i Humanisterna,Efter att ha l\u00e4st Christer Sturmarks m fl. artikel i dag p\u00e5 Br\u00e4nnpunkt i Svenska Dagbladet (http:\/\/www.svd.se\/opinion\/brannpunkt\/myt-att-kristendomen-byggt-sverige_4344755.svd) m\u00e5ste jag f\u00e5 st\u00e4lla en fr\u00e5ga. P\u00e5 vilket s\u00e4tt skulle det vara fel att l\u00e5ta den st\u00f6rsta av v\u00e5ra religioner i Sverige f\u00e5 en s\u00e4rst\u00e4llning i skolundervisningen? Vem lider av att unga m\u00e4nniskor l\u00e4r sig [&hellip;]","og_url":"https:\/\/blogg.svenskakyrkan.se\/akebonnier\/2010\/02\/28\/oppet-brev-till-humanisterna\/","og_site_name":"\u00c5ke Bonnier","article_published_time":"2010-02-28T20:56:00+00:00","og_image":[{"url":"https:\/\/blogger.googleusercontent.com\/tracker\/9055441369901436026-1245531716041559039?l=akebonnier.blogspot.com","type":"","width":"","height":""}],"author":"\u00c5ke Bonnier","twitter_card":"summary_large_image","twitter_misc":{"Skriven av":"\u00c5ke Bonnier","Ber\u00e4knad l\u00e4stid":"3 minuter"},"schema":{"@context":"https:\/\/schema.org","@graph":[{"@type":"Article","@id":"https:\/\/blogg.svenskakyrkan.se\/akebonnier\/2010\/02\/28\/oppet-brev-till-humanisterna\/#article","isPartOf":{"@id":"https:\/\/blogg.svenskakyrkan.se\/akebonnier\/2010\/02\/28\/oppet-brev-till-humanisterna\/"},"author":{"name":"\u00c5ke Bonnier","@id":"https:\/\/blogg.svenskakyrkan.se\/akebonnier\/#\/schema\/person\/8db68bc0c94f6a5a62df2d4486ff1343"},"headline":"\u00d6ppet brev till Humanisterna","datePublished":"2010-02-28T20:56:00+00:00","mainEntityOfPage":{"@id":"https:\/\/blogg.svenskakyrkan.se\/akebonnier\/2010\/02\/28\/oppet-brev-till-humanisterna\/"},"wordCount":627,"commentCount":42,"image":{"@id":"https:\/\/blogg.svenskakyrkan.se\/akebonnier\/2010\/02\/28\/oppet-brev-till-humanisterna\/#primaryimage"},"thumbnailUrl":"https:\/\/blogger.googleusercontent.com\/tracker\/9055441369901436026-1245531716041559039?l=akebonnier.blogspot.com","articleSection":["\u00d6ppet brev till Humanisterna"],"inLanguage":"sv-SE","potentialAction":[{"@type":"CommentAction","name":"Comment","target":["https:\/\/blogg.svenskakyrkan.se\/akebonnier\/2010\/02\/28\/oppet-brev-till-humanisterna\/#respond"]}]},{"@type":"WebPage","@id":"https:\/\/blogg.svenskakyrkan.se\/akebonnier\/2010\/02\/28\/oppet-brev-till-humanisterna\/","url":"https:\/\/blogg.svenskakyrkan.se\/akebonnier\/2010\/02\/28\/oppet-brev-till-humanisterna\/","name":"\u00d6ppet brev till Humanisterna - \u00c5ke Bonnier","isPartOf":{"@id":"https:\/\/blogg.svenskakyrkan.se\/akebonnier\/#website"},"primaryImageOfPage":{"@id":"https:\/\/blogg.svenskakyrkan.se\/akebonnier\/2010\/02\/28\/oppet-brev-till-humanisterna\/#primaryimage"},"image":{"@id":"https:\/\/blogg.svenskakyrkan.se\/akebonnier\/2010\/02\/28\/oppet-brev-till-humanisterna\/#primaryimage"},"thumbnailUrl":"https:\/\/blogger.googleusercontent.com\/tracker\/9055441369901436026-1245531716041559039?l=akebonnier.blogspot.com","datePublished":"2010-02-28T20:56:00+00:00","author":{"@id":"https:\/\/blogg.svenskakyrkan.se\/akebonnier\/#\/schema\/person\/8db68bc0c94f6a5a62df2d4486ff1343"},"breadcrumb":{"@id":"https:\/\/blogg.svenskakyrkan.se\/akebonnier\/2010\/02\/28\/oppet-brev-till-humanisterna\/#breadcrumb"},"inLanguage":"sv-SE","potentialAction":[{"@type":"ReadAction","target":["https:\/\/blogg.svenskakyrkan.se\/akebonnier\/2010\/02\/28\/oppet-brev-till-humanisterna\/"]}]},{"@type":"ImageObject","inLanguage":"sv-SE","@id":"https:\/\/blogg.svenskakyrkan.se\/akebonnier\/2010\/02\/28\/oppet-brev-till-humanisterna\/#primaryimage","url":"https:\/\/blogger.googleusercontent.com\/tracker\/9055441369901436026-1245531716041559039?l=akebonnier.blogspot.com","contentUrl":"https:\/\/blogger.googleusercontent.com\/tracker\/9055441369901436026-1245531716041559039?l=akebonnier.blogspot.com"},{"@type":"BreadcrumbList","@id":"https:\/\/blogg.svenskakyrkan.se\/akebonnier\/2010\/02\/28\/oppet-brev-till-humanisterna\/#breadcrumb","itemListElement":[{"@type":"ListItem","position":1,"name":"Hem","item":"https:\/\/blogg.svenskakyrkan.se\/akebonnier\/"},{"@type":"ListItem","position":2,"name":"\u00d6ppet brev till Humanisterna"}]},{"@type":"WebSite","@id":"https:\/\/blogg.svenskakyrkan.se\/akebonnier\/#website","url":"https:\/\/blogg.svenskakyrkan.se\/akebonnier\/","name":"\u00c5ke Bonnier","description":"Biskop i Svenska kyrkan - Skara stift","potentialAction":[{"@type":"SearchAction","target":{"@type":"EntryPoint","urlTemplate":"https:\/\/blogg.svenskakyrkan.se\/akebonnier\/?s={search_term_string}"},"query-input":{"@type":"PropertyValueSpecification","valueRequired":true,"valueName":"search_term_string"}}],"inLanguage":"sv-SE"},{"@type":"Person","@id":"https:\/\/blogg.svenskakyrkan.se\/akebonnier\/#\/schema\/person\/8db68bc0c94f6a5a62df2d4486ff1343","name":"\u00c5ke Bonnier","image":{"@type":"ImageObject","inLanguage":"sv-SE","@id":"https:\/\/blogg.svenskakyrkan.se\/akebonnier\/#\/schema\/person\/image\/","url":"https:\/\/secure.gravatar.com\/avatar\/b88264736bb0bc0d1ea92298aef02c9f98cfc13c7484130c42c663ae484f9462?s=96&d=mm&r=g","contentUrl":"https:\/\/secure.gravatar.com\/avatar\/b88264736bb0bc0d1ea92298aef02c9f98cfc13c7484130c42c663ae484f9462?s=96&d=mm&r=g","caption":"\u00c5ke Bonnier"},"description":"Jag \u00e4r gift och har tv\u00e5 vuxna d\u00f6ttrar. Pr\u00e4stvigdes 1984 och biskopsvigs 26 augusti 2012 . Jag har tidigare bland annat varit, komminister och kyrkoherde i Liding\u00f6 f\u00f6rsamling och domprost i Stockholms domkyrkof\u00f6rsamling. Jag \u00e4r intresserad av konst, litteratur, teater, film. Jag tr\u00e4nar regelbundet p\u00e5 gym. Mitt huvudsakliga musikintresse \u00e4r klassisk musik men ocks\u00e5 Beatles, Elvis Presley, Monika Zettelund, Povel Ramel och m\u00e5nga andra tycker jag om att lyssna p\u00e5. Jag l\u00e4ser f\u00f6r lite sk\u00f6nlitteratur beroende p\u00e5 annat som jag m\u00e5ste l\u00e4sa i mitt uppdrag som biskop. Men jag \u00e4lskar b\u00f6cker. Naturligtvis l\u00e4ser jag n\u00e4st intill dagligdags i \"B\u00f6ckernas Bok.\"","sameAs":["http:\/\/www.skarastift.se"],"url":"https:\/\/blogg.svenskakyrkan.se\/akebonnier\/author\/akebonnier\/"}]}},"author_meta":{"ID":"108","user_nicename":"akebonnier","user_url":"http:\/\/www.skarastift.se","user_registered":"2011-10-11 09:24:48","display_name":"\u00c5ke Bonnier","first_name":"\u00c5ke","last_name":"Bonnier","avatar":"https:\/\/secure.gravatar.com\/avatar\/b88264736bb0bc0d1ea92298aef02c9f98cfc13c7484130c42c663ae484f9462?s=96&d=mm&r=g"},"featured_image":false,"bloginfo":{"name":"\u00c5ke Bonnier","url":"https:\/\/blogg.svenskakyrkan.se\/akebonnier"},"_links":{"self":[{"href":"https:\/\/blogg.svenskakyrkan.se\/akebonnier\/wp-json\/wp\/v2\/posts\/378","targetHints":{"allow":["GET"]}}],"collection":[{"href":"https:\/\/blogg.svenskakyrkan.se\/akebonnier\/wp-json\/wp\/v2\/posts"}],"about":[{"href":"https:\/\/blogg.svenskakyrkan.se\/akebonnier\/wp-json\/wp\/v2\/types\/post"}],"author":[{"embeddable":true,"href":"https:\/\/blogg.svenskakyrkan.se\/akebonnier\/wp-json\/wp\/v2\/users\/108"}],"replies":[{"embeddable":true,"href":"https:\/\/blogg.svenskakyrkan.se\/akebonnier\/wp-json\/wp\/v2\/comments?post=378"}],"version-history":[{"count":0,"href":"https:\/\/blogg.svenskakyrkan.se\/akebonnier\/wp-json\/wp\/v2\/posts\/378\/revisions"}],"wp:attachment":[{"href":"https:\/\/blogg.svenskakyrkan.se\/akebonnier\/wp-json\/wp\/v2\/media?parent=378"}],"wp:term":[{"taxonomy":"category","embeddable":true,"href":"https:\/\/blogg.svenskakyrkan.se\/akebonnier\/wp-json\/wp\/v2\/categories?post=378"},{"taxonomy":"post_tag","embeddable":true,"href":"https:\/\/blogg.svenskakyrkan.se\/akebonnier\/wp-json\/wp\/v2\/tags?post=378"}],"curies":[{"name":"wp","href":"https:\/\/api.w.org\/{rel}","templated":true}]}}