{"id":381,"date":"2010-03-10T06:46:00","date_gmt":"2010-03-10T06:46:00","guid":{"rendered":"http:\/\/blogg.svenskakyrkan.se\/akebonnier\/2010\/03\/10\/ah-herregud\/"},"modified":"2010-03-10T06:46:00","modified_gmt":"2010-03-10T06:46:00","slug":"ah-herregud","status":"publish","type":"post","link":"https:\/\/blogg.svenskakyrkan.se\/akebonnier\/2010\/03\/10\/ah-herregud\/","title":{"rendered":"\u00c5h, Herregud!"},"content":{"rendered":"<p>Andra delen av Jonas Gardells programserie \u00c5h, Herre Gud! har nu s\u00e4nts (<a href=\"http:\/\/svtplay.se\/v\/1919903\/ah_herregud\/del_2_av_8\">http:\/\/svtplay.se\/v\/1919903\/ah_herregud\/del_2_av_8<\/a>). Jonas Gardell bollar p\u00e5 ett oerh\u00f6rt l\u00e4tt (och ibland en aning l\u00e4ttvindigt kanske..) s\u00e4tt med sv\u00e5ra fr\u00e5gor. I g\u00e5r var det offertanken i Bibeln. Offret som ett f\u00f6rbundstecken avhandlades och vi fick se hur Jonas Gardell sl\u00f6t f\u00f6rbund med programredaktionen f\u00f6r ett (hans eget?) program genom att dela en kyckling i tv\u00e5 delar och l\u00e4gga dem p\u00e5 golvet p\u00e5 ett s\u00e5dant s\u00e4tt att de inblandade i \u00f6verenskommelsen kunde g\u00e5 mellan dessa kycklingdelar. F\u00e5nigt kan man tycka men samtidigt pedagogiskt enkelt f\u00f6r att begripa n\u00e5got av vad det innebar att sluta ett f\u00f6rbund p\u00e5 Gamla Testamentets tid.<\/p>\n<p>Offer och synd avhandlades ocks\u00e5, dock n\u00e5got snabbare (vad hinner man egentligen p\u00e5 en halvtimme p\u00e5 ett mer djuplodande s\u00e4tt?). Offer och synd har inte minst med nytestamentlig teologi att g\u00f6ra. Klassisk kristen tro, d v s kristen tro s\u00e5dan den ter sig fr\u00e5n tidig medeltid talar om Gud som kr\u00e4ver att ett offer sker f\u00f6r att m\u00e4nniskans brott mot Gud ska kunna sonas. F\u00f6r att Guds vrede gent emot m\u00e4nskligheten ska kunna d\u00e4mpas f\u00f6r att inte s\u00e4ga helt tas bort kr\u00e4ver Gud ett offer som motsvarar m\u00e4nniskans brott som bestod i (best\u00e5r i?) att s\u00e4tta sig upp mot Gud. Genom \u00e4tandet av den f\u00f6rbjudna frukten (det st\u00e5r inget om \u00e4pplen i 1 Mosebok) fj\u00e4rmade sig m\u00e4nniskan fr\u00e5n Gud. Det uppstod ett syndens gap mellan de b\u00e5da kontrahenterna ett gap som bara Gud sj\u00e4lv kan \u00f6verbrygga och det g\u00f6r Han genom offret av Jesus Kristus, hans Son, som syndfri d\u00f6r f\u00f6r v\u00e5ra synder, som tar p\u00e5 sig all v\u00e5r skuld, v\u00e5r bortv\u00e4ndhet fr\u00e5n Gud. Det finns ingen annan v\u00e4g till Gud \u00e4n via Jesus Kristus, \u00e4n via f\u00f6rsoningsoffret p\u00e5 Golgata kulle d\u00e4r blodet fl\u00f6t f\u00f6r Din och min skull. Ja, ungef\u00e4r s\u00e5 (otroligt f\u00f6rkortat) kan man sammanfatta den Anselmska f\u00f6rsoningsl\u00e4ran fr\u00e5n 1100-talet som fortfarande \u00e4r Svenska kyrkans officiella syn p\u00e5 f\u00f6rsoningen. Samtidigt rymmer kyrkornas d\u00e5tida och nutida traditioner fler tankar kring f\u00f6rsoningen. I Svenska kyrkohistoria talar medgrundaren av Svenska Missionsf\u00f6rbundet, PP Waldenstr\u00f6m,  (Svenska Missionskyrkan) om den subjektiva f\u00f6rsoningen d\u00e4r m\u00e4nniskan \u00e4r den som f\u00f6r\u00e4ndras snarare \u00e4n Gud och Gustaf Aul\u00e9n h\u00e5ller fram det som kommit att kallas den klassiska f\u00f6rsoningsl\u00e4ran d\u00e4r det som sker p\u00e5 korset \u00e4r en kamp mellan gott och ont d\u00e4r det goda segrar.<\/p>\n<p>Jag tror att n\u00e5got av allt detta m\u00e5ste finnas med i v\u00e5r f\u00f6rst\u00e5else av Jesu offer p\u00e5 korset. Jesus tar p\u00e5 sig v\u00e5ra brister, v\u00e5ra svagheter, allt det som g\u00e5tt snett i Ditt och mitt liv. Men Han g\u00f6r det inte p gr av att Gud skulle kr\u00e4va ett blodigt offer utan f\u00f6r att Gud \u00e4lskar, \u00e4lskar s\u00e5 smycket och s\u00e5 hett att inget kan stoppa Guds k\u00e4rlek. Jesus Kristus visar p\u00e5 detta genom sitt liv, sin d\u00f6d och sin uppst\u00e5ndelse. Inte ens d\u00f6den kan stoppa Guds k\u00e4rlek. Synden utpl\u00e5nar han p\u00e5 korset. Ondskan besegrar Han. Trots att vi dagligdags m\u00f6ter ondska har den inte sista ordet och det kan ge oss mod och kraft att st\u00e5 upp f\u00f6r k\u00e4rlek, r\u00e4ttvisa och syskonskap som \u00f6verbryggar alla gr\u00e4nser. D\u00e5 blir korset och Jesu f\u00f6rsoning inte Guds krav f\u00f6r att sj\u00e4lv bli glad utan ett gl\u00e4djebudskap f\u00f6r Dig och mig, n\u00e5got att leva av och leva i och som kan inspirera oss till att leva f\u00f6r.<\/p>\n<p>I tacksamhet f\u00e5r vi denna onsdag utbrista \u00c5h, Herregud!<\/p>\n<p>(Det ska bli sp\u00e4nnande att se vad Jonas Gardell tar upp n\u00e4sta tisdag kl 21.00 i sitt program. Jag uppskattar dem och de borde samlas p\u00e5 en dvd s\u00e5 man kan visa dem i f\u00f6rsamlingar f\u00f6r att diskutera och f\u00f6rdjupa samtalen om viktiga teolgiska tankar &#8211; livsb\u00e4rande tankar.)<\/p>\n<div class=\"blogger-post-footer\"><img width='1' height='1' src='https:\/\/blogger.googleusercontent.com\/tracker\/9055441369901436026-920803195004234972?l=akebonnier.blogspot.com' alt='' \/><\/div>\n","protected":false},"excerpt":{"rendered":"<p>Andra delen av Jonas Gardells programserie \u00c5h, Herre Gud! har nu s\u00e4nts (http:\/\/svtplay.se\/v\/1919903\/ah_herregud\/del_2_av_8). Jonas Gardell bollar p\u00e5 ett oerh\u00f6rt l\u00e4tt (och ibland en aning l\u00e4ttvindigt kanske..) s\u00e4tt med sv\u00e5ra fr\u00e5gor. I g\u00e5r var det offertanken i Bibeln. Offret som ett f\u00f6rbundstecken avhandlades och vi fick se hur Jonas Gardell sl\u00f6t f\u00f6rbund med programredaktionen f\u00f6r ett [&hellip;]<\/p>\n","protected":false},"author":108,"featured_media":0,"comment_status":"open","ping_status":"open","sticky":false,"template":"","format":"standard","meta":{"_acf_changed":false,"footnotes":""},"categories":[16360,16359],"tags":[],"class_list":["post-381","post","type-post","status-publish","format-standard","hentry","category-ah","category-herregud"],"acf":[],"yoast_head":"<!-- This site is optimized with the Yoast SEO plugin v27.1.1 - https:\/\/yoast.com\/product\/yoast-seo-wordpress\/ -->\n<title>\u00c5h, Herregud! - \u00c5ke Bonnier<\/title>\n<meta name=\"robots\" content=\"index, follow, max-snippet:-1, max-image-preview:large, max-video-preview:-1\" \/>\n<link rel=\"canonical\" href=\"https:\/\/blogg.svenskakyrkan.se\/akebonnier\/2010\/03\/10\/ah-herregud\/\" \/>\n<meta property=\"og:locale\" content=\"sv_SE\" \/>\n<meta property=\"og:type\" content=\"article\" \/>\n<meta property=\"og:title\" content=\"\u00c5h, Herregud! - \u00c5ke Bonnier\" \/>\n<meta property=\"og:description\" content=\"Andra delen av Jonas Gardells programserie \u00c5h, Herre Gud! har nu s\u00e4nts (http:\/\/svtplay.se\/v\/1919903\/ah_herregud\/del_2_av_8). Jonas Gardell bollar p\u00e5 ett oerh\u00f6rt l\u00e4tt (och ibland en aning l\u00e4ttvindigt kanske..) s\u00e4tt med sv\u00e5ra fr\u00e5gor. I g\u00e5r var det offertanken i Bibeln. Offret som ett f\u00f6rbundstecken avhandlades och vi fick se hur Jonas Gardell sl\u00f6t f\u00f6rbund med programredaktionen f\u00f6r ett [&hellip;]\" \/>\n<meta property=\"og:url\" content=\"https:\/\/blogg.svenskakyrkan.se\/akebonnier\/2010\/03\/10\/ah-herregud\/\" \/>\n<meta property=\"og:site_name\" content=\"\u00c5ke Bonnier\" \/>\n<meta property=\"article:published_time\" content=\"2010-03-10T06:46:00+00:00\" \/>\n<meta property=\"og:image\" content=\"https:\/\/blogger.googleusercontent.com\/tracker\/9055441369901436026-920803195004234972?l=akebonnier.blogspot.com\" \/>\n<meta name=\"author\" content=\"\u00c5ke Bonnier\" \/>\n<meta name=\"twitter:card\" content=\"summary_large_image\" \/>\n<meta name=\"twitter:label1\" content=\"Skriven av\" \/>\n\t<meta name=\"twitter:data1\" content=\"\u00c5ke Bonnier\" \/>\n\t<meta name=\"twitter:label2\" content=\"Ber\u00e4knad l\u00e4stid\" \/>\n\t<meta name=\"twitter:data2\" content=\"4 minuter\" \/>\n<script type=\"application\/ld+json\" class=\"yoast-schema-graph\">{\"@context\":\"https:\/\/schema.org\",\"@graph\":[{\"@type\":\"Article\",\"@id\":\"https:\/\/blogg.svenskakyrkan.se\/akebonnier\/2010\/03\/10\/ah-herregud\/#article\",\"isPartOf\":{\"@id\":\"https:\/\/blogg.svenskakyrkan.se\/akebonnier\/2010\/03\/10\/ah-herregud\/\"},\"author\":{\"name\":\"\u00c5ke Bonnier\",\"@id\":\"https:\/\/blogg.svenskakyrkan.se\/akebonnier\/#\/schema\/person\/8db68bc0c94f6a5a62df2d4486ff1343\"},\"headline\":\"\u00c5h, Herregud!\",\"datePublished\":\"2010-03-10T06:46:00+00:00\",\"mainEntityOfPage\":{\"@id\":\"https:\/\/blogg.svenskakyrkan.se\/akebonnier\/2010\/03\/10\/ah-herregud\/\"},\"wordCount\":727,\"commentCount\":9,\"image\":{\"@id\":\"https:\/\/blogg.svenskakyrkan.se\/akebonnier\/2010\/03\/10\/ah-herregud\/#primaryimage\"},\"thumbnailUrl\":\"https:\/\/blogger.googleusercontent.com\/tracker\/9055441369901436026-920803195004234972?l=akebonnier.blogspot.com\",\"articleSection\":[\"\u00c5h\",\"Herregud\"],\"inLanguage\":\"sv-SE\",\"potentialAction\":[{\"@type\":\"CommentAction\",\"name\":\"Comment\",\"target\":[\"https:\/\/blogg.svenskakyrkan.se\/akebonnier\/2010\/03\/10\/ah-herregud\/#respond\"]}]},{\"@type\":\"WebPage\",\"@id\":\"https:\/\/blogg.svenskakyrkan.se\/akebonnier\/2010\/03\/10\/ah-herregud\/\",\"url\":\"https:\/\/blogg.svenskakyrkan.se\/akebonnier\/2010\/03\/10\/ah-herregud\/\",\"name\":\"\u00c5h, Herregud! - \u00c5ke Bonnier\",\"isPartOf\":{\"@id\":\"https:\/\/blogg.svenskakyrkan.se\/akebonnier\/#website\"},\"primaryImageOfPage\":{\"@id\":\"https:\/\/blogg.svenskakyrkan.se\/akebonnier\/2010\/03\/10\/ah-herregud\/#primaryimage\"},\"image\":{\"@id\":\"https:\/\/blogg.svenskakyrkan.se\/akebonnier\/2010\/03\/10\/ah-herregud\/#primaryimage\"},\"thumbnailUrl\":\"https:\/\/blogger.googleusercontent.com\/tracker\/9055441369901436026-920803195004234972?l=akebonnier.blogspot.com\",\"datePublished\":\"2010-03-10T06:46:00+00:00\",\"author\":{\"@id\":\"https:\/\/blogg.svenskakyrkan.se\/akebonnier\/#\/schema\/person\/8db68bc0c94f6a5a62df2d4486ff1343\"},\"breadcrumb\":{\"@id\":\"https:\/\/blogg.svenskakyrkan.se\/akebonnier\/2010\/03\/10\/ah-herregud\/#breadcrumb\"},\"inLanguage\":\"sv-SE\",\"potentialAction\":[{\"@type\":\"ReadAction\",\"target\":[\"https:\/\/blogg.svenskakyrkan.se\/akebonnier\/2010\/03\/10\/ah-herregud\/\"]}]},{\"@type\":\"ImageObject\",\"inLanguage\":\"sv-SE\",\"@id\":\"https:\/\/blogg.svenskakyrkan.se\/akebonnier\/2010\/03\/10\/ah-herregud\/#primaryimage\",\"url\":\"https:\/\/blogger.googleusercontent.com\/tracker\/9055441369901436026-920803195004234972?l=akebonnier.blogspot.com\",\"contentUrl\":\"https:\/\/blogger.googleusercontent.com\/tracker\/9055441369901436026-920803195004234972?l=akebonnier.blogspot.com\"},{\"@type\":\"BreadcrumbList\",\"@id\":\"https:\/\/blogg.svenskakyrkan.se\/akebonnier\/2010\/03\/10\/ah-herregud\/#breadcrumb\",\"itemListElement\":[{\"@type\":\"ListItem\",\"position\":1,\"name\":\"Hem\",\"item\":\"https:\/\/blogg.svenskakyrkan.se\/akebonnier\/\"},{\"@type\":\"ListItem\",\"position\":2,\"name\":\"\u00c5h, Herregud!\"}]},{\"@type\":\"WebSite\",\"@id\":\"https:\/\/blogg.svenskakyrkan.se\/akebonnier\/#website\",\"url\":\"https:\/\/blogg.svenskakyrkan.se\/akebonnier\/\",\"name\":\"\u00c5ke Bonnier\",\"description\":\"Biskop i Svenska kyrkan - Skara stift\",\"potentialAction\":[{\"@type\":\"SearchAction\",\"target\":{\"@type\":\"EntryPoint\",\"urlTemplate\":\"https:\/\/blogg.svenskakyrkan.se\/akebonnier\/?s={search_term_string}\"},\"query-input\":{\"@type\":\"PropertyValueSpecification\",\"valueRequired\":true,\"valueName\":\"search_term_string\"}}],\"inLanguage\":\"sv-SE\"},{\"@type\":\"Person\",\"@id\":\"https:\/\/blogg.svenskakyrkan.se\/akebonnier\/#\/schema\/person\/8db68bc0c94f6a5a62df2d4486ff1343\",\"name\":\"\u00c5ke Bonnier\",\"image\":{\"@type\":\"ImageObject\",\"inLanguage\":\"sv-SE\",\"@id\":\"https:\/\/blogg.svenskakyrkan.se\/akebonnier\/#\/schema\/person\/image\/\",\"url\":\"https:\/\/secure.gravatar.com\/avatar\/b88264736bb0bc0d1ea92298aef02c9f98cfc13c7484130c42c663ae484f9462?s=96&d=mm&r=g\",\"contentUrl\":\"https:\/\/secure.gravatar.com\/avatar\/b88264736bb0bc0d1ea92298aef02c9f98cfc13c7484130c42c663ae484f9462?s=96&d=mm&r=g\",\"caption\":\"\u00c5ke Bonnier\"},\"description\":\"Jag \u00e4r gift och har tv\u00e5 vuxna d\u00f6ttrar. Pr\u00e4stvigdes 1984 och biskopsvigs 26 augusti 2012 . Jag har tidigare bland annat varit, komminister och kyrkoherde i Liding\u00f6 f\u00f6rsamling och domprost i Stockholms domkyrkof\u00f6rsamling. Jag \u00e4r intresserad av konst, litteratur, teater, film. Jag tr\u00e4nar regelbundet p\u00e5 gym. Mitt huvudsakliga musikintresse \u00e4r klassisk musik men ocks\u00e5 Beatles, Elvis Presley, Monika Zettelund, Povel Ramel och m\u00e5nga andra tycker jag om att lyssna p\u00e5. Jag l\u00e4ser f\u00f6r lite sk\u00f6nlitteratur beroende p\u00e5 annat som jag m\u00e5ste l\u00e4sa i mitt uppdrag som biskop. Men jag \u00e4lskar b\u00f6cker. Naturligtvis l\u00e4ser jag n\u00e4st intill dagligdags i \\\"B\u00f6ckernas Bok.\\\"\",\"sameAs\":[\"http:\/\/www.skarastift.se\"],\"url\":\"https:\/\/blogg.svenskakyrkan.se\/akebonnier\/author\/akebonnier\/\"}]}<\/script>\n<!-- \/ Yoast SEO plugin. -->","yoast_head_json":{"title":"\u00c5h, Herregud! - \u00c5ke Bonnier","robots":{"index":"index","follow":"follow","max-snippet":"max-snippet:-1","max-image-preview":"max-image-preview:large","max-video-preview":"max-video-preview:-1"},"canonical":"https:\/\/blogg.svenskakyrkan.se\/akebonnier\/2010\/03\/10\/ah-herregud\/","og_locale":"sv_SE","og_type":"article","og_title":"\u00c5h, Herregud! - \u00c5ke Bonnier","og_description":"Andra delen av Jonas Gardells programserie \u00c5h, Herre Gud! har nu s\u00e4nts (http:\/\/svtplay.se\/v\/1919903\/ah_herregud\/del_2_av_8). Jonas Gardell bollar p\u00e5 ett oerh\u00f6rt l\u00e4tt (och ibland en aning l\u00e4ttvindigt kanske..) s\u00e4tt med sv\u00e5ra fr\u00e5gor. I g\u00e5r var det offertanken i Bibeln. Offret som ett f\u00f6rbundstecken avhandlades och vi fick se hur Jonas Gardell sl\u00f6t f\u00f6rbund med programredaktionen f\u00f6r ett [&hellip;]","og_url":"https:\/\/blogg.svenskakyrkan.se\/akebonnier\/2010\/03\/10\/ah-herregud\/","og_site_name":"\u00c5ke Bonnier","article_published_time":"2010-03-10T06:46:00+00:00","og_image":[{"url":"https:\/\/blogger.googleusercontent.com\/tracker\/9055441369901436026-920803195004234972?l=akebonnier.blogspot.com","type":"","width":"","height":""}],"author":"\u00c5ke Bonnier","twitter_card":"summary_large_image","twitter_misc":{"Skriven av":"\u00c5ke Bonnier","Ber\u00e4knad l\u00e4stid":"4 minuter"},"schema":{"@context":"https:\/\/schema.org","@graph":[{"@type":"Article","@id":"https:\/\/blogg.svenskakyrkan.se\/akebonnier\/2010\/03\/10\/ah-herregud\/#article","isPartOf":{"@id":"https:\/\/blogg.svenskakyrkan.se\/akebonnier\/2010\/03\/10\/ah-herregud\/"},"author":{"name":"\u00c5ke Bonnier","@id":"https:\/\/blogg.svenskakyrkan.se\/akebonnier\/#\/schema\/person\/8db68bc0c94f6a5a62df2d4486ff1343"},"headline":"\u00c5h, Herregud!","datePublished":"2010-03-10T06:46:00+00:00","mainEntityOfPage":{"@id":"https:\/\/blogg.svenskakyrkan.se\/akebonnier\/2010\/03\/10\/ah-herregud\/"},"wordCount":727,"commentCount":9,"image":{"@id":"https:\/\/blogg.svenskakyrkan.se\/akebonnier\/2010\/03\/10\/ah-herregud\/#primaryimage"},"thumbnailUrl":"https:\/\/blogger.googleusercontent.com\/tracker\/9055441369901436026-920803195004234972?l=akebonnier.blogspot.com","articleSection":["\u00c5h","Herregud"],"inLanguage":"sv-SE","potentialAction":[{"@type":"CommentAction","name":"Comment","target":["https:\/\/blogg.svenskakyrkan.se\/akebonnier\/2010\/03\/10\/ah-herregud\/#respond"]}]},{"@type":"WebPage","@id":"https:\/\/blogg.svenskakyrkan.se\/akebonnier\/2010\/03\/10\/ah-herregud\/","url":"https:\/\/blogg.svenskakyrkan.se\/akebonnier\/2010\/03\/10\/ah-herregud\/","name":"\u00c5h, Herregud! - \u00c5ke Bonnier","isPartOf":{"@id":"https:\/\/blogg.svenskakyrkan.se\/akebonnier\/#website"},"primaryImageOfPage":{"@id":"https:\/\/blogg.svenskakyrkan.se\/akebonnier\/2010\/03\/10\/ah-herregud\/#primaryimage"},"image":{"@id":"https:\/\/blogg.svenskakyrkan.se\/akebonnier\/2010\/03\/10\/ah-herregud\/#primaryimage"},"thumbnailUrl":"https:\/\/blogger.googleusercontent.com\/tracker\/9055441369901436026-920803195004234972?l=akebonnier.blogspot.com","datePublished":"2010-03-10T06:46:00+00:00","author":{"@id":"https:\/\/blogg.svenskakyrkan.se\/akebonnier\/#\/schema\/person\/8db68bc0c94f6a5a62df2d4486ff1343"},"breadcrumb":{"@id":"https:\/\/blogg.svenskakyrkan.se\/akebonnier\/2010\/03\/10\/ah-herregud\/#breadcrumb"},"inLanguage":"sv-SE","potentialAction":[{"@type":"ReadAction","target":["https:\/\/blogg.svenskakyrkan.se\/akebonnier\/2010\/03\/10\/ah-herregud\/"]}]},{"@type":"ImageObject","inLanguage":"sv-SE","@id":"https:\/\/blogg.svenskakyrkan.se\/akebonnier\/2010\/03\/10\/ah-herregud\/#primaryimage","url":"https:\/\/blogger.googleusercontent.com\/tracker\/9055441369901436026-920803195004234972?l=akebonnier.blogspot.com","contentUrl":"https:\/\/blogger.googleusercontent.com\/tracker\/9055441369901436026-920803195004234972?l=akebonnier.blogspot.com"},{"@type":"BreadcrumbList","@id":"https:\/\/blogg.svenskakyrkan.se\/akebonnier\/2010\/03\/10\/ah-herregud\/#breadcrumb","itemListElement":[{"@type":"ListItem","position":1,"name":"Hem","item":"https:\/\/blogg.svenskakyrkan.se\/akebonnier\/"},{"@type":"ListItem","position":2,"name":"\u00c5h, Herregud!"}]},{"@type":"WebSite","@id":"https:\/\/blogg.svenskakyrkan.se\/akebonnier\/#website","url":"https:\/\/blogg.svenskakyrkan.se\/akebonnier\/","name":"\u00c5ke Bonnier","description":"Biskop i Svenska kyrkan - Skara stift","potentialAction":[{"@type":"SearchAction","target":{"@type":"EntryPoint","urlTemplate":"https:\/\/blogg.svenskakyrkan.se\/akebonnier\/?s={search_term_string}"},"query-input":{"@type":"PropertyValueSpecification","valueRequired":true,"valueName":"search_term_string"}}],"inLanguage":"sv-SE"},{"@type":"Person","@id":"https:\/\/blogg.svenskakyrkan.se\/akebonnier\/#\/schema\/person\/8db68bc0c94f6a5a62df2d4486ff1343","name":"\u00c5ke Bonnier","image":{"@type":"ImageObject","inLanguage":"sv-SE","@id":"https:\/\/blogg.svenskakyrkan.se\/akebonnier\/#\/schema\/person\/image\/","url":"https:\/\/secure.gravatar.com\/avatar\/b88264736bb0bc0d1ea92298aef02c9f98cfc13c7484130c42c663ae484f9462?s=96&d=mm&r=g","contentUrl":"https:\/\/secure.gravatar.com\/avatar\/b88264736bb0bc0d1ea92298aef02c9f98cfc13c7484130c42c663ae484f9462?s=96&d=mm&r=g","caption":"\u00c5ke Bonnier"},"description":"Jag \u00e4r gift och har tv\u00e5 vuxna d\u00f6ttrar. Pr\u00e4stvigdes 1984 och biskopsvigs 26 augusti 2012 . Jag har tidigare bland annat varit, komminister och kyrkoherde i Liding\u00f6 f\u00f6rsamling och domprost i Stockholms domkyrkof\u00f6rsamling. Jag \u00e4r intresserad av konst, litteratur, teater, film. Jag tr\u00e4nar regelbundet p\u00e5 gym. Mitt huvudsakliga musikintresse \u00e4r klassisk musik men ocks\u00e5 Beatles, Elvis Presley, Monika Zettelund, Povel Ramel och m\u00e5nga andra tycker jag om att lyssna p\u00e5. Jag l\u00e4ser f\u00f6r lite sk\u00f6nlitteratur beroende p\u00e5 annat som jag m\u00e5ste l\u00e4sa i mitt uppdrag som biskop. Men jag \u00e4lskar b\u00f6cker. Naturligtvis l\u00e4ser jag n\u00e4st intill dagligdags i \"B\u00f6ckernas Bok.\"","sameAs":["http:\/\/www.skarastift.se"],"url":"https:\/\/blogg.svenskakyrkan.se\/akebonnier\/author\/akebonnier\/"}]}},"author_meta":{"ID":"108","user_nicename":"akebonnier","user_url":"http:\/\/www.skarastift.se","user_registered":"2011-10-11 09:24:48","display_name":"\u00c5ke Bonnier","first_name":"\u00c5ke","last_name":"Bonnier","avatar":"https:\/\/secure.gravatar.com\/avatar\/b88264736bb0bc0d1ea92298aef02c9f98cfc13c7484130c42c663ae484f9462?s=96&d=mm&r=g"},"featured_image":false,"bloginfo":{"name":"\u00c5ke Bonnier","url":"https:\/\/blogg.svenskakyrkan.se\/akebonnier"},"_links":{"self":[{"href":"https:\/\/blogg.svenskakyrkan.se\/akebonnier\/wp-json\/wp\/v2\/posts\/381","targetHints":{"allow":["GET"]}}],"collection":[{"href":"https:\/\/blogg.svenskakyrkan.se\/akebonnier\/wp-json\/wp\/v2\/posts"}],"about":[{"href":"https:\/\/blogg.svenskakyrkan.se\/akebonnier\/wp-json\/wp\/v2\/types\/post"}],"author":[{"embeddable":true,"href":"https:\/\/blogg.svenskakyrkan.se\/akebonnier\/wp-json\/wp\/v2\/users\/108"}],"replies":[{"embeddable":true,"href":"https:\/\/blogg.svenskakyrkan.se\/akebonnier\/wp-json\/wp\/v2\/comments?post=381"}],"version-history":[{"count":0,"href":"https:\/\/blogg.svenskakyrkan.se\/akebonnier\/wp-json\/wp\/v2\/posts\/381\/revisions"}],"wp:attachment":[{"href":"https:\/\/blogg.svenskakyrkan.se\/akebonnier\/wp-json\/wp\/v2\/media?parent=381"}],"wp:term":[{"taxonomy":"category","embeddable":true,"href":"https:\/\/blogg.svenskakyrkan.se\/akebonnier\/wp-json\/wp\/v2\/categories?post=381"},{"taxonomy":"post_tag","embeddable":true,"href":"https:\/\/blogg.svenskakyrkan.se\/akebonnier\/wp-json\/wp\/v2\/tags?post=381"}],"curies":[{"name":"wp","href":"https:\/\/api.w.org\/{rel}","templated":true}]}}