{"id":388,"date":"2010-03-27T16:37:00","date_gmt":"2010-03-27T16:37:00","guid":{"rendered":"http:\/\/blogg.svenskakyrkan.se\/akebonnier\/2010\/03\/27\/margit-sahlin\/"},"modified":"2010-03-27T16:37:00","modified_gmt":"2010-03-27T16:37:00","slug":"margit-sahlin","status":"publish","type":"post","link":"https:\/\/blogg.svenskakyrkan.se\/akebonnier\/2010\/03\/27\/margit-sahlin\/","title":{"rendered":"Margit Sahlin"},"content":{"rendered":"<p>Jag var nyss p\u00e5 60-\u00e5rsmottagning p\u00e5 S:ta Katharinastiftelsen p\u00e5 Sturegatan 54. Det var kyrkoherden i Engelbrekts f\u00f6rsamling som &#8221;fuskfirade&#8221; sin f\u00f6delsedag. Han fyller egentligen p\u00e5 Sk\u00e4rtorsdagen men tyckte, av naturliga sk\u00e4l att denna dag var b\u00e4ttre f\u00f6r v\u00e4lf\u00f6rtj\u00e4nta glada uppvaktningar. Och m\u00e5nga kom&#8230; Vi som var d\u00e4r kunde ocks\u00e5 besk\u00e5da det portr\u00e4tt av stiftelsens grundarinna som h\u00e4nger p\u00e5 v\u00e4ggen i \u00f6vre stora salen. Det visar Margit Sahlin i alba och stola i \u00d6stersk\u00e4rs kapell d\u00e4r hon vigdes p\u00e5 Palms\u00f6ndagen f\u00f6r 50 \u00e5r sedan. Jag kom att l\u00e4ra k\u00e4nna Margit i min ungdom. Hon kom till mitt konfirmandl\u00e4ger utanf\u00f6r Norrt\u00e4lje sommaren 1973 och talade med oss konfirmander om n\u00e5got som jag inte minns. Efter min konfirmandtid blev jag engagerad i Kyrkans Ungdom i Engelbrekts f\u00f6rsamling d\u00e4r Margit var kyrkoherde. Jag blev det lokala Kyrkans Ungdoms f\u00f6rste ordf\u00f6rande och fick komma till f\u00f6rsamlingens budgetberedning f\u00f6r att \u00f6verl\u00e4mna KU:s \u00e4skande f\u00f6r det kommande budget\u00e5ret. Jag minns att jag var en stursk ordf\u00f6rande (det skulle man vara p\u00e5 den tiden i Kyrkans Ungdom eftersom alla kyrkor\u00e5d var el\u00e4ndiga. S\u00e5 var v\u00e5r syn p\u00e5 &#8221;\u00f6verheten&#8221;). N\u00e5gon dag senare, n\u00e4r vi hade bibelstudium i v\u00e5ra ungdomslokaler, kom Margit Sahlin susande, uppr\u00f6rd \u00f6ver mitt beteende inf\u00f6r budgetberedningens v\u00f6rdnadsbjudande herrar,  och sk\u00e4llde p\u00e5 mig och p\u00e5 andra. Jag gick hem tv\u00e4rarg och muttrade att Margit Sahlin var Engelbrekt-skatan (jag bodde p\u00e5 Engelbrektsgatan). Sen kom Margit att betyda mycket f\u00f6r mig.<\/p>\n<p>Ganska snart efter\u00e5t var jag med p\u00e5 fantastiska bibelstudier som hon hade d\u00e4r hon p\u00e5 olika s\u00e4tt \u00f6ppnade bibeltexter f\u00f6r oss ungdomar och andra. Pil, ljus och fr\u00e5getecken skulle man s\u00e4tta vid bibelverserna. Pil f\u00f6r det som drabbade en och ljus d\u00e4r n\u00e5got blev klarare och fr\u00e5getecken f\u00f6r det man inte f\u00f6rstod. Hon ledde oss alla in i <em>den hemlighetsfulla bilderboken<\/em> (namn p\u00e5 en bok om Bibeln som hon skrivit). Margit kom att bli min andliga moder och vi kom att dela m\u00e5nga tankar genom \u00e5ren. Hennes betydelse f\u00f6r Svenska kyrkans dialogarbete med n\u00e4ringsliv och kulturliv \u00e4r ov\u00e4rderligt och kan inte nog framh\u00e5llas. Radikalt in\u00e5t och radikalt ut\u00e5t \u00e4r S:ta Katharinastiftelsens grundtema. P G Gyllenhammar skrev i ett brev till henne: <em>N\u00e4r Margit Sahlin kallar, vem kan d\u00e5 s\u00e4ga nej?<\/em> Men det var inte bara enkelt f\u00f6r henne i livet. Tv\u00e4rtom var hon med om s\u00e5 m\u00e5nga olika typer av sv\u00e5righeter och blev, av sina meningsmotst\u00e5ndare p\u00e5 50- och 60-talet, behandlad antingen som paria eller som luft. Att h\u00f6ra henne ber\u00e4tta var en skr\u00e4ckinjagande viktig upplevelse.<\/p>\n<p>Nu finns det en ny m\u00f6jlighet att h\u00f6ra henne ber\u00e4tta. Pr\u00e4sten och f\u00f6rfattaren Elisabeth Nordlander har skrivit en bok om Margit som sl\u00e4pptes i m\u00e5ndags. I morgon (s\u00f6ndag direkt efter gudstj\u00e4nsten i S:t Jacobs kyrka) kommer Elisabeth Nordlander att presentera boken och den kommer att finnas till f\u00f6rs\u00e4ljning.<\/p>\n<p>Innan dess firar vi att det var p\u00e5 dagen (kyrko\u00e5rsdagen) 50 \u00e5r sedan Margit Sahlin, Elisabeth Olander och ytterligare en kvinna pr\u00e4stvigdes. Kl. 15.00 firar vi en h\u00f6gm\u00e4ssa med biskop Eva Brunne som celebrant, direktor Madeleine \u00c5hlstedt fr\u00e5n S:ta Katharinastiftelsen som predikant, kontraktsadjunkt Maria Bergson Bjerle och undertecknad som liturger. Domkyrkokantor Gary Graden och S:t Jacobs kammark\u00f6r sjunger och professor Anders Bondeman spelar orgel. Kom och var med och fira Palms\u00f6ndagen &#8211; den f\u00f6rsta dagen p\u00e5 Stilla veckan och ta med Dig Din b\u00f6ssa med pengar till Svenska kyrkans internationella arbete.<\/p>\n<p>Efter gudstj\u00e4nsten \u00e4r det ett seminarium med biskoparna Christina Odenberg, emerita fr\u00e5n Lunds stift och v\u00e5r egen biskop Eva Brunne som ska samtala om det som varit, det som \u00e4r och det som ska komma.  Jag tackar Gud f\u00f6r Margit Sahlin, hennes mod, hennes brinnande engagemang och hennes gudstillit!! Hon var (och \u00e4r) p\u00e5 m\u00e5nga s\u00e4tt en inspirat\u00f6r och f\u00f6rebild! \u00c5snan kom  att vara en viktig symbol f\u00f6r henne, den \u00e5snan som Jesus red in p\u00e5 i Jerusalem. Hon gav tr\u00e4\u00e5snor till dem som genomgick den s\u00e5 kallade &#8221;borgenkursen&#8221; f\u00f6r kvinnliga kyrkoarbetare som hon drev. N\u00e4r jag pr\u00e4stvigdes fick jag ocks\u00e5 en liten tr\u00e4\u00e5sna av Margit med bibelcitatet: &#8221;Herren beh\u00f6ver den&#8221;.<\/p>\n<p>S\u00e5 tror jag det \u00e4r med alla oss kristna. Vi \u00e4r som \u00e5snan som f\u00e5r b\u00e4ra Jesus. <em>Herren beh\u00f6ver den<\/em>.<\/p>\n<p>Herren beh\u00f6ver oss!<\/p>\n<div class=\"blogger-post-footer\"><img width='1' height='1' src='https:\/\/blogger.googleusercontent.com\/tracker\/9055441369901436026-9123124005764767402?l=akebonnier.blogspot.com' alt='' \/><\/div>\n","protected":false},"excerpt":{"rendered":"<p>Jag var nyss p\u00e5 60-\u00e5rsmottagning p\u00e5 S:ta Katharinastiftelsen p\u00e5 Sturegatan 54. Det var kyrkoherden i Engelbrekts f\u00f6rsamling som &#8221;fuskfirade&#8221; sin f\u00f6delsedag. Han fyller egentligen p\u00e5 Sk\u00e4rtorsdagen men tyckte, av naturliga sk\u00e4l att denna dag var b\u00e4ttre f\u00f6r v\u00e4lf\u00f6rtj\u00e4nta glada uppvaktningar. Och m\u00e5nga kom&#8230; Vi som var d\u00e4r kunde ocks\u00e5 besk\u00e5da det portr\u00e4tt av stiftelsens grundarinna [&hellip;]<\/p>\n","protected":false},"author":108,"featured_media":0,"comment_status":"open","ping_status":"open","sticky":false,"template":"","format":"standard","meta":{"_acf_changed":false,"footnotes":""},"categories":[16367],"tags":[],"class_list":["post-388","post","type-post","status-publish","format-standard","hentry","category-margit-sahlin"],"acf":[],"yoast_head":"<!-- This site is optimized with the Yoast SEO plugin v27.1.1 - https:\/\/yoast.com\/product\/yoast-seo-wordpress\/ -->\n<title>Margit Sahlin - \u00c5ke Bonnier<\/title>\n<meta name=\"robots\" content=\"index, follow, max-snippet:-1, max-image-preview:large, max-video-preview:-1\" \/>\n<link rel=\"canonical\" href=\"https:\/\/blogg.svenskakyrkan.se\/akebonnier\/2010\/03\/27\/margit-sahlin\/\" \/>\n<meta property=\"og:locale\" content=\"sv_SE\" \/>\n<meta property=\"og:type\" content=\"article\" \/>\n<meta property=\"og:title\" content=\"Margit Sahlin - \u00c5ke Bonnier\" \/>\n<meta property=\"og:description\" content=\"Jag var nyss p\u00e5 60-\u00e5rsmottagning p\u00e5 S:ta Katharinastiftelsen p\u00e5 Sturegatan 54. Det var kyrkoherden i Engelbrekts f\u00f6rsamling som &#8221;fuskfirade&#8221; sin f\u00f6delsedag. Han fyller egentligen p\u00e5 Sk\u00e4rtorsdagen men tyckte, av naturliga sk\u00e4l att denna dag var b\u00e4ttre f\u00f6r v\u00e4lf\u00f6rtj\u00e4nta glada uppvaktningar. Och m\u00e5nga kom&#8230; Vi som var d\u00e4r kunde ocks\u00e5 besk\u00e5da det portr\u00e4tt av stiftelsens grundarinna [&hellip;]\" \/>\n<meta property=\"og:url\" content=\"https:\/\/blogg.svenskakyrkan.se\/akebonnier\/2010\/03\/27\/margit-sahlin\/\" \/>\n<meta property=\"og:site_name\" content=\"\u00c5ke Bonnier\" \/>\n<meta property=\"article:published_time\" content=\"2010-03-27T16:37:00+00:00\" \/>\n<meta property=\"og:image\" content=\"https:\/\/blogger.googleusercontent.com\/tracker\/9055441369901436026-9123124005764767402?l=akebonnier.blogspot.com\" \/>\n<meta name=\"author\" content=\"\u00c5ke Bonnier\" \/>\n<meta name=\"twitter:card\" content=\"summary_large_image\" \/>\n<meta name=\"twitter:label1\" content=\"Skriven av\" \/>\n\t<meta name=\"twitter:data1\" content=\"\u00c5ke Bonnier\" \/>\n\t<meta name=\"twitter:label2\" content=\"Ber\u00e4knad l\u00e4stid\" \/>\n\t<meta name=\"twitter:data2\" content=\"4 minuter\" \/>\n<script type=\"application\/ld+json\" class=\"yoast-schema-graph\">{\"@context\":\"https:\/\/schema.org\",\"@graph\":[{\"@type\":\"Article\",\"@id\":\"https:\/\/blogg.svenskakyrkan.se\/akebonnier\/2010\/03\/27\/margit-sahlin\/#article\",\"isPartOf\":{\"@id\":\"https:\/\/blogg.svenskakyrkan.se\/akebonnier\/2010\/03\/27\/margit-sahlin\/\"},\"author\":{\"name\":\"\u00c5ke Bonnier\",\"@id\":\"https:\/\/blogg.svenskakyrkan.se\/akebonnier\/#\/schema\/person\/8db68bc0c94f6a5a62df2d4486ff1343\"},\"headline\":\"Margit Sahlin\",\"datePublished\":\"2010-03-27T16:37:00+00:00\",\"mainEntityOfPage\":{\"@id\":\"https:\/\/blogg.svenskakyrkan.se\/akebonnier\/2010\/03\/27\/margit-sahlin\/\"},\"wordCount\":800,\"commentCount\":4,\"image\":{\"@id\":\"https:\/\/blogg.svenskakyrkan.se\/akebonnier\/2010\/03\/27\/margit-sahlin\/#primaryimage\"},\"thumbnailUrl\":\"https:\/\/blogger.googleusercontent.com\/tracker\/9055441369901436026-9123124005764767402?l=akebonnier.blogspot.com\",\"articleSection\":[\"Margit Sahlin\"],\"inLanguage\":\"sv-SE\",\"potentialAction\":[{\"@type\":\"CommentAction\",\"name\":\"Comment\",\"target\":[\"https:\/\/blogg.svenskakyrkan.se\/akebonnier\/2010\/03\/27\/margit-sahlin\/#respond\"]}]},{\"@type\":\"WebPage\",\"@id\":\"https:\/\/blogg.svenskakyrkan.se\/akebonnier\/2010\/03\/27\/margit-sahlin\/\",\"url\":\"https:\/\/blogg.svenskakyrkan.se\/akebonnier\/2010\/03\/27\/margit-sahlin\/\",\"name\":\"Margit Sahlin - \u00c5ke Bonnier\",\"isPartOf\":{\"@id\":\"https:\/\/blogg.svenskakyrkan.se\/akebonnier\/#website\"},\"primaryImageOfPage\":{\"@id\":\"https:\/\/blogg.svenskakyrkan.se\/akebonnier\/2010\/03\/27\/margit-sahlin\/#primaryimage\"},\"image\":{\"@id\":\"https:\/\/blogg.svenskakyrkan.se\/akebonnier\/2010\/03\/27\/margit-sahlin\/#primaryimage\"},\"thumbnailUrl\":\"https:\/\/blogger.googleusercontent.com\/tracker\/9055441369901436026-9123124005764767402?l=akebonnier.blogspot.com\",\"datePublished\":\"2010-03-27T16:37:00+00:00\",\"author\":{\"@id\":\"https:\/\/blogg.svenskakyrkan.se\/akebonnier\/#\/schema\/person\/8db68bc0c94f6a5a62df2d4486ff1343\"},\"breadcrumb\":{\"@id\":\"https:\/\/blogg.svenskakyrkan.se\/akebonnier\/2010\/03\/27\/margit-sahlin\/#breadcrumb\"},\"inLanguage\":\"sv-SE\",\"potentialAction\":[{\"@type\":\"ReadAction\",\"target\":[\"https:\/\/blogg.svenskakyrkan.se\/akebonnier\/2010\/03\/27\/margit-sahlin\/\"]}]},{\"@type\":\"ImageObject\",\"inLanguage\":\"sv-SE\",\"@id\":\"https:\/\/blogg.svenskakyrkan.se\/akebonnier\/2010\/03\/27\/margit-sahlin\/#primaryimage\",\"url\":\"https:\/\/blogger.googleusercontent.com\/tracker\/9055441369901436026-9123124005764767402?l=akebonnier.blogspot.com\",\"contentUrl\":\"https:\/\/blogger.googleusercontent.com\/tracker\/9055441369901436026-9123124005764767402?l=akebonnier.blogspot.com\"},{\"@type\":\"BreadcrumbList\",\"@id\":\"https:\/\/blogg.svenskakyrkan.se\/akebonnier\/2010\/03\/27\/margit-sahlin\/#breadcrumb\",\"itemListElement\":[{\"@type\":\"ListItem\",\"position\":1,\"name\":\"Hem\",\"item\":\"https:\/\/blogg.svenskakyrkan.se\/akebonnier\/\"},{\"@type\":\"ListItem\",\"position\":2,\"name\":\"Margit Sahlin\"}]},{\"@type\":\"WebSite\",\"@id\":\"https:\/\/blogg.svenskakyrkan.se\/akebonnier\/#website\",\"url\":\"https:\/\/blogg.svenskakyrkan.se\/akebonnier\/\",\"name\":\"\u00c5ke Bonnier\",\"description\":\"Biskop i Svenska kyrkan - Skara stift\",\"potentialAction\":[{\"@type\":\"SearchAction\",\"target\":{\"@type\":\"EntryPoint\",\"urlTemplate\":\"https:\/\/blogg.svenskakyrkan.se\/akebonnier\/?s={search_term_string}\"},\"query-input\":{\"@type\":\"PropertyValueSpecification\",\"valueRequired\":true,\"valueName\":\"search_term_string\"}}],\"inLanguage\":\"sv-SE\"},{\"@type\":\"Person\",\"@id\":\"https:\/\/blogg.svenskakyrkan.se\/akebonnier\/#\/schema\/person\/8db68bc0c94f6a5a62df2d4486ff1343\",\"name\":\"\u00c5ke Bonnier\",\"image\":{\"@type\":\"ImageObject\",\"inLanguage\":\"sv-SE\",\"@id\":\"https:\/\/blogg.svenskakyrkan.se\/akebonnier\/#\/schema\/person\/image\/\",\"url\":\"https:\/\/secure.gravatar.com\/avatar\/b88264736bb0bc0d1ea92298aef02c9f98cfc13c7484130c42c663ae484f9462?s=96&d=mm&r=g\",\"contentUrl\":\"https:\/\/secure.gravatar.com\/avatar\/b88264736bb0bc0d1ea92298aef02c9f98cfc13c7484130c42c663ae484f9462?s=96&d=mm&r=g\",\"caption\":\"\u00c5ke Bonnier\"},\"description\":\"Jag \u00e4r gift och har tv\u00e5 vuxna d\u00f6ttrar. Pr\u00e4stvigdes 1984 och biskopsvigs 26 augusti 2012 . Jag har tidigare bland annat varit, komminister och kyrkoherde i Liding\u00f6 f\u00f6rsamling och domprost i Stockholms domkyrkof\u00f6rsamling. Jag \u00e4r intresserad av konst, litteratur, teater, film. Jag tr\u00e4nar regelbundet p\u00e5 gym. Mitt huvudsakliga musikintresse \u00e4r klassisk musik men ocks\u00e5 Beatles, Elvis Presley, Monika Zettelund, Povel Ramel och m\u00e5nga andra tycker jag om att lyssna p\u00e5. Jag l\u00e4ser f\u00f6r lite sk\u00f6nlitteratur beroende p\u00e5 annat som jag m\u00e5ste l\u00e4sa i mitt uppdrag som biskop. Men jag \u00e4lskar b\u00f6cker. Naturligtvis l\u00e4ser jag n\u00e4st intill dagligdags i \\\"B\u00f6ckernas Bok.\\\"\",\"sameAs\":[\"http:\/\/www.skarastift.se\"],\"url\":\"https:\/\/blogg.svenskakyrkan.se\/akebonnier\/author\/akebonnier\/\"}]}<\/script>\n<!-- \/ Yoast SEO plugin. -->","yoast_head_json":{"title":"Margit Sahlin - \u00c5ke Bonnier","robots":{"index":"index","follow":"follow","max-snippet":"max-snippet:-1","max-image-preview":"max-image-preview:large","max-video-preview":"max-video-preview:-1"},"canonical":"https:\/\/blogg.svenskakyrkan.se\/akebonnier\/2010\/03\/27\/margit-sahlin\/","og_locale":"sv_SE","og_type":"article","og_title":"Margit Sahlin - \u00c5ke Bonnier","og_description":"Jag var nyss p\u00e5 60-\u00e5rsmottagning p\u00e5 S:ta Katharinastiftelsen p\u00e5 Sturegatan 54. Det var kyrkoherden i Engelbrekts f\u00f6rsamling som &#8221;fuskfirade&#8221; sin f\u00f6delsedag. Han fyller egentligen p\u00e5 Sk\u00e4rtorsdagen men tyckte, av naturliga sk\u00e4l att denna dag var b\u00e4ttre f\u00f6r v\u00e4lf\u00f6rtj\u00e4nta glada uppvaktningar. Och m\u00e5nga kom&#8230; Vi som var d\u00e4r kunde ocks\u00e5 besk\u00e5da det portr\u00e4tt av stiftelsens grundarinna [&hellip;]","og_url":"https:\/\/blogg.svenskakyrkan.se\/akebonnier\/2010\/03\/27\/margit-sahlin\/","og_site_name":"\u00c5ke Bonnier","article_published_time":"2010-03-27T16:37:00+00:00","og_image":[{"url":"https:\/\/blogger.googleusercontent.com\/tracker\/9055441369901436026-9123124005764767402?l=akebonnier.blogspot.com","type":"","width":"","height":""}],"author":"\u00c5ke Bonnier","twitter_card":"summary_large_image","twitter_misc":{"Skriven av":"\u00c5ke Bonnier","Ber\u00e4knad l\u00e4stid":"4 minuter"},"schema":{"@context":"https:\/\/schema.org","@graph":[{"@type":"Article","@id":"https:\/\/blogg.svenskakyrkan.se\/akebonnier\/2010\/03\/27\/margit-sahlin\/#article","isPartOf":{"@id":"https:\/\/blogg.svenskakyrkan.se\/akebonnier\/2010\/03\/27\/margit-sahlin\/"},"author":{"name":"\u00c5ke Bonnier","@id":"https:\/\/blogg.svenskakyrkan.se\/akebonnier\/#\/schema\/person\/8db68bc0c94f6a5a62df2d4486ff1343"},"headline":"Margit Sahlin","datePublished":"2010-03-27T16:37:00+00:00","mainEntityOfPage":{"@id":"https:\/\/blogg.svenskakyrkan.se\/akebonnier\/2010\/03\/27\/margit-sahlin\/"},"wordCount":800,"commentCount":4,"image":{"@id":"https:\/\/blogg.svenskakyrkan.se\/akebonnier\/2010\/03\/27\/margit-sahlin\/#primaryimage"},"thumbnailUrl":"https:\/\/blogger.googleusercontent.com\/tracker\/9055441369901436026-9123124005764767402?l=akebonnier.blogspot.com","articleSection":["Margit Sahlin"],"inLanguage":"sv-SE","potentialAction":[{"@type":"CommentAction","name":"Comment","target":["https:\/\/blogg.svenskakyrkan.se\/akebonnier\/2010\/03\/27\/margit-sahlin\/#respond"]}]},{"@type":"WebPage","@id":"https:\/\/blogg.svenskakyrkan.se\/akebonnier\/2010\/03\/27\/margit-sahlin\/","url":"https:\/\/blogg.svenskakyrkan.se\/akebonnier\/2010\/03\/27\/margit-sahlin\/","name":"Margit Sahlin - \u00c5ke Bonnier","isPartOf":{"@id":"https:\/\/blogg.svenskakyrkan.se\/akebonnier\/#website"},"primaryImageOfPage":{"@id":"https:\/\/blogg.svenskakyrkan.se\/akebonnier\/2010\/03\/27\/margit-sahlin\/#primaryimage"},"image":{"@id":"https:\/\/blogg.svenskakyrkan.se\/akebonnier\/2010\/03\/27\/margit-sahlin\/#primaryimage"},"thumbnailUrl":"https:\/\/blogger.googleusercontent.com\/tracker\/9055441369901436026-9123124005764767402?l=akebonnier.blogspot.com","datePublished":"2010-03-27T16:37:00+00:00","author":{"@id":"https:\/\/blogg.svenskakyrkan.se\/akebonnier\/#\/schema\/person\/8db68bc0c94f6a5a62df2d4486ff1343"},"breadcrumb":{"@id":"https:\/\/blogg.svenskakyrkan.se\/akebonnier\/2010\/03\/27\/margit-sahlin\/#breadcrumb"},"inLanguage":"sv-SE","potentialAction":[{"@type":"ReadAction","target":["https:\/\/blogg.svenskakyrkan.se\/akebonnier\/2010\/03\/27\/margit-sahlin\/"]}]},{"@type":"ImageObject","inLanguage":"sv-SE","@id":"https:\/\/blogg.svenskakyrkan.se\/akebonnier\/2010\/03\/27\/margit-sahlin\/#primaryimage","url":"https:\/\/blogger.googleusercontent.com\/tracker\/9055441369901436026-9123124005764767402?l=akebonnier.blogspot.com","contentUrl":"https:\/\/blogger.googleusercontent.com\/tracker\/9055441369901436026-9123124005764767402?l=akebonnier.blogspot.com"},{"@type":"BreadcrumbList","@id":"https:\/\/blogg.svenskakyrkan.se\/akebonnier\/2010\/03\/27\/margit-sahlin\/#breadcrumb","itemListElement":[{"@type":"ListItem","position":1,"name":"Hem","item":"https:\/\/blogg.svenskakyrkan.se\/akebonnier\/"},{"@type":"ListItem","position":2,"name":"Margit Sahlin"}]},{"@type":"WebSite","@id":"https:\/\/blogg.svenskakyrkan.se\/akebonnier\/#website","url":"https:\/\/blogg.svenskakyrkan.se\/akebonnier\/","name":"\u00c5ke Bonnier","description":"Biskop i Svenska kyrkan - Skara stift","potentialAction":[{"@type":"SearchAction","target":{"@type":"EntryPoint","urlTemplate":"https:\/\/blogg.svenskakyrkan.se\/akebonnier\/?s={search_term_string}"},"query-input":{"@type":"PropertyValueSpecification","valueRequired":true,"valueName":"search_term_string"}}],"inLanguage":"sv-SE"},{"@type":"Person","@id":"https:\/\/blogg.svenskakyrkan.se\/akebonnier\/#\/schema\/person\/8db68bc0c94f6a5a62df2d4486ff1343","name":"\u00c5ke Bonnier","image":{"@type":"ImageObject","inLanguage":"sv-SE","@id":"https:\/\/blogg.svenskakyrkan.se\/akebonnier\/#\/schema\/person\/image\/","url":"https:\/\/secure.gravatar.com\/avatar\/b88264736bb0bc0d1ea92298aef02c9f98cfc13c7484130c42c663ae484f9462?s=96&d=mm&r=g","contentUrl":"https:\/\/secure.gravatar.com\/avatar\/b88264736bb0bc0d1ea92298aef02c9f98cfc13c7484130c42c663ae484f9462?s=96&d=mm&r=g","caption":"\u00c5ke Bonnier"},"description":"Jag \u00e4r gift och har tv\u00e5 vuxna d\u00f6ttrar. Pr\u00e4stvigdes 1984 och biskopsvigs 26 augusti 2012 . Jag har tidigare bland annat varit, komminister och kyrkoherde i Liding\u00f6 f\u00f6rsamling och domprost i Stockholms domkyrkof\u00f6rsamling. Jag \u00e4r intresserad av konst, litteratur, teater, film. Jag tr\u00e4nar regelbundet p\u00e5 gym. Mitt huvudsakliga musikintresse \u00e4r klassisk musik men ocks\u00e5 Beatles, Elvis Presley, Monika Zettelund, Povel Ramel och m\u00e5nga andra tycker jag om att lyssna p\u00e5. Jag l\u00e4ser f\u00f6r lite sk\u00f6nlitteratur beroende p\u00e5 annat som jag m\u00e5ste l\u00e4sa i mitt uppdrag som biskop. Men jag \u00e4lskar b\u00f6cker. Naturligtvis l\u00e4ser jag n\u00e4st intill dagligdags i \"B\u00f6ckernas Bok.\"","sameAs":["http:\/\/www.skarastift.se"],"url":"https:\/\/blogg.svenskakyrkan.se\/akebonnier\/author\/akebonnier\/"}]}},"author_meta":{"ID":"108","user_nicename":"akebonnier","user_url":"http:\/\/www.skarastift.se","user_registered":"2011-10-11 09:24:48","display_name":"\u00c5ke Bonnier","first_name":"\u00c5ke","last_name":"Bonnier","avatar":"https:\/\/secure.gravatar.com\/avatar\/b88264736bb0bc0d1ea92298aef02c9f98cfc13c7484130c42c663ae484f9462?s=96&d=mm&r=g"},"featured_image":false,"bloginfo":{"name":"\u00c5ke Bonnier","url":"https:\/\/blogg.svenskakyrkan.se\/akebonnier"},"_links":{"self":[{"href":"https:\/\/blogg.svenskakyrkan.se\/akebonnier\/wp-json\/wp\/v2\/posts\/388","targetHints":{"allow":["GET"]}}],"collection":[{"href":"https:\/\/blogg.svenskakyrkan.se\/akebonnier\/wp-json\/wp\/v2\/posts"}],"about":[{"href":"https:\/\/blogg.svenskakyrkan.se\/akebonnier\/wp-json\/wp\/v2\/types\/post"}],"author":[{"embeddable":true,"href":"https:\/\/blogg.svenskakyrkan.se\/akebonnier\/wp-json\/wp\/v2\/users\/108"}],"replies":[{"embeddable":true,"href":"https:\/\/blogg.svenskakyrkan.se\/akebonnier\/wp-json\/wp\/v2\/comments?post=388"}],"version-history":[{"count":0,"href":"https:\/\/blogg.svenskakyrkan.se\/akebonnier\/wp-json\/wp\/v2\/posts\/388\/revisions"}],"wp:attachment":[{"href":"https:\/\/blogg.svenskakyrkan.se\/akebonnier\/wp-json\/wp\/v2\/media?parent=388"}],"wp:term":[{"taxonomy":"category","embeddable":true,"href":"https:\/\/blogg.svenskakyrkan.se\/akebonnier\/wp-json\/wp\/v2\/categories?post=388"},{"taxonomy":"post_tag","embeddable":true,"href":"https:\/\/blogg.svenskakyrkan.se\/akebonnier\/wp-json\/wp\/v2\/tags?post=388"}],"curies":[{"name":"wp","href":"https:\/\/api.w.org\/{rel}","templated":true}]}}