{"id":389,"date":"2010-03-31T14:41:00","date_gmt":"2010-03-31T14:41:00","guid":{"rendered":"http:\/\/blogg.svenskakyrkan.se\/akebonnier\/2010\/03\/31\/jonas-gardell-och-forsoningen\/"},"modified":"2010-03-31T14:41:00","modified_gmt":"2010-03-31T14:41:00","slug":"jonas-gardell-och-forsoningen","status":"publish","type":"post","link":"https:\/\/blogg.svenskakyrkan.se\/akebonnier\/2010\/03\/31\/jonas-gardell-och-forsoningen\/","title":{"rendered":"Jonas Gardell och f\u00f6rsoningen."},"content":{"rendered":"<p>S\u00e5 var det dags igen att reagera p\u00e5 Jonas Gardells program, och det \u00e4r v\u00e4l egentligen det han vill. Kanske f\u00f6rs det alltf\u00f6r lite debatt om de kristna grundbultarna. Vi tar dem f\u00f6r givna, \u00e5tminstone vi som \u00e4r kristna och som vandrar (till och fr\u00e5n) p\u00e5 den &#8221;bredkyrkliga&#8221; v\u00e4gen. F\u00f6r andra kan de vara obegripliga och kanske t o m ointressanta just f\u00f6r att de \u00e4r obegripliga.<\/p>\n<p>Jag spelade sedvanligt in Gardells program och tittade sent i g\u00e5r kv\u00e4ll. Snabba kast hit och dit, en of\u00f6rsonad relation med den d\u00f6de fadern, tr\u00e4ngseln i Jerusalem, en liten stund i gravkyrkan. Och i detta viftas f\u00f6rsoningen \u00e5t sidan som n\u00e5got som handlar om en senare tolkning av det som h\u00e4nde. Som om f\u00f6rsoningen vore oviktig, som om det \u00e4r n\u00e5got som bara har att g\u00f6ra med visa personers senare tankar, senare desperata f\u00f6rs\u00f6k att f\u00f6rst\u00e5 n\u00e5got som bara k\u00e4ndes konstigt; en fattig, tandl\u00f6s, analfabets och irritationsmans d\u00f6d p\u00e5 ett romerskt avr\u00e4ttningsredskap. Jonas Gardell missar hela po\u00e4ngen.<\/p>\n<p>Man kan inte tala om Jesu d\u00f6d om man inte samtidigt talar om Guds k\u00e4rlek. Jesu d\u00f6d blir en tragisk historia, en meningsl\u00f6s h\u00e4ndelse om den inte ses i ljuset av Guds omsorg. S\u00e5 \u00e4lskar Gud m\u00e4nniskan att inget kan stoppa Guds k\u00e4rlek, inte hat, inte f\u00f6rf\u00f6ljelse, inte tortyr, inte d\u00f6d. Inget! D\u00e4rf\u00f6r d\u00f6r Jesus p\u00e5 korset. Han vandrar Guds v\u00e4g f\u00f6r att visa p\u00e5 Guds k\u00e4rlek.<\/p>\n<p>Men han b\u00e4r ocks\u00e5 v\u00e5ra egna tillkortakommanden p\u00e5 korset.  <em>Jesus sade: &#8221;Fader, f\u00f6rl\u00e5t dem, de vet inte vad de g\u00f6r.&#8221;<\/em>  (Luk 23:34  ) Det handlar om befrielse f\u00f6r oss, f\u00f6r Dig och mig. det \u00e4r n\u00e5got underbart. Vi beh\u00f6ver inte fastna i v\u00e5ra egna tillkortakommanden.<\/p>\n<p>P\u00e5 korset sker ocks\u00e5 den yttersta kampen mot ondskan. N\u00e4r vi h\u00f6r om dj\u00e4vulskapet i Moskva eller i Bagdad eller p\u00e5 Gazaremsan eller p\u00e5 andra h\u00e5ll, n\u00e4r unga m\u00e4nniskor d\u00f6das i Stockholm, n\u00e4r arbetskamrater mobbar arbetskamrater, n\u00e4r vi bara vill skrika ut v\u00e5rt &#8221;varf\u00f6r?&#8221;, p\u00e5minner oss korset om att vi inte beh\u00f6ver ge upp, att vi inte beh\u00f6ver tappa hoppet. Kristus har \u00f6vervunnit ondskan. Den har inte sista ordet. Vi f\u00e5r d\u00e4rf\u00f6r, i kraft av korsets Herre, f\u00f6rsoningens Herre, vara med och k\u00e4mpa f\u00f6r en b\u00e4ttre v\u00e4rld, en b\u00e4ttre tillvaro.<\/p>\n<p>T\u00e4nk om Jonas Gardell sagt n\u00e5got om detta ocks\u00e5! Han talar ju s\u00e5 snabbt att det hade kunnat rymmas. N\u00e5gra bilder f\u00e4rre fr\u00e5n de turisttr\u00e5nga gr\u00e4nderna i gamla Jerusalem och n\u00e5gra, n\u00e5gra sm\u00e5 ord om den livsviktiga och livsb\u00e4rande f\u00f6rsoningen.<\/p>\n<p>\u00c5<em>h, herregud s\u00e5 bra det ha varit!<\/em><\/p>\n<div class=\"blogger-post-footer\"><img width='1' height='1' src='https:\/\/blogger.googleusercontent.com\/tracker\/9055441369901436026-8266836648422526988?l=akebonnier.blogspot.com' alt='' \/><\/div>\n","protected":false},"excerpt":{"rendered":"<p>S\u00e5 var det dags igen att reagera p\u00e5 Jonas Gardells program, och det \u00e4r v\u00e4l egentligen det han vill. Kanske f\u00f6rs det alltf\u00f6r lite debatt om de kristna grundbultarna. Vi tar dem f\u00f6r givna, \u00e5tminstone vi som \u00e4r kristna och som vandrar (till och fr\u00e5n) p\u00e5 den &#8221;bredkyrkliga&#8221; v\u00e4gen. F\u00f6r andra kan de vara obegripliga [&hellip;]<\/p>\n","protected":false},"author":108,"featured_media":0,"comment_status":"open","ping_status":"open","sticky":false,"template":"","format":"standard","meta":{"_acf_changed":false,"footnotes":""},"categories":[16368],"tags":[],"class_list":["post-389","post","type-post","status-publish","format-standard","hentry","category-jonas-gardell-och-forsoningen"],"acf":[],"yoast_head":"<!-- This site is optimized with the Yoast SEO plugin v27.1.1 - https:\/\/yoast.com\/product\/yoast-seo-wordpress\/ -->\n<title>Jonas Gardell och f\u00f6rsoningen. - \u00c5ke Bonnier<\/title>\n<meta name=\"robots\" content=\"index, follow, max-snippet:-1, max-image-preview:large, max-video-preview:-1\" \/>\n<link rel=\"canonical\" href=\"https:\/\/blogg.svenskakyrkan.se\/akebonnier\/2010\/03\/31\/jonas-gardell-och-forsoningen\/\" \/>\n<meta property=\"og:locale\" content=\"sv_SE\" \/>\n<meta property=\"og:type\" content=\"article\" \/>\n<meta property=\"og:title\" content=\"Jonas Gardell och f\u00f6rsoningen. - \u00c5ke Bonnier\" \/>\n<meta property=\"og:description\" content=\"S\u00e5 var det dags igen att reagera p\u00e5 Jonas Gardells program, och det \u00e4r v\u00e4l egentligen det han vill. Kanske f\u00f6rs det alltf\u00f6r lite debatt om de kristna grundbultarna. Vi tar dem f\u00f6r givna, \u00e5tminstone vi som \u00e4r kristna och som vandrar (till och fr\u00e5n) p\u00e5 den &#8221;bredkyrkliga&#8221; v\u00e4gen. F\u00f6r andra kan de vara obegripliga [&hellip;]\" \/>\n<meta property=\"og:url\" content=\"https:\/\/blogg.svenskakyrkan.se\/akebonnier\/2010\/03\/31\/jonas-gardell-och-forsoningen\/\" \/>\n<meta property=\"og:site_name\" content=\"\u00c5ke Bonnier\" \/>\n<meta property=\"article:published_time\" content=\"2010-03-31T14:41:00+00:00\" \/>\n<meta property=\"og:image\" content=\"https:\/\/blogger.googleusercontent.com\/tracker\/9055441369901436026-8266836648422526988?l=akebonnier.blogspot.com\" \/>\n<meta name=\"author\" content=\"\u00c5ke Bonnier\" \/>\n<meta name=\"twitter:card\" content=\"summary_large_image\" \/>\n<meta name=\"twitter:label1\" content=\"Skriven av\" \/>\n\t<meta name=\"twitter:data1\" content=\"\u00c5ke Bonnier\" \/>\n\t<meta name=\"twitter:label2\" content=\"Ber\u00e4knad l\u00e4stid\" \/>\n\t<meta name=\"twitter:data2\" content=\"2 minuter\" \/>\n<script type=\"application\/ld+json\" class=\"yoast-schema-graph\">{\"@context\":\"https:\/\/schema.org\",\"@graph\":[{\"@type\":\"Article\",\"@id\":\"https:\/\/blogg.svenskakyrkan.se\/akebonnier\/2010\/03\/31\/jonas-gardell-och-forsoningen\/#article\",\"isPartOf\":{\"@id\":\"https:\/\/blogg.svenskakyrkan.se\/akebonnier\/2010\/03\/31\/jonas-gardell-och-forsoningen\/\"},\"author\":{\"name\":\"\u00c5ke Bonnier\",\"@id\":\"https:\/\/blogg.svenskakyrkan.se\/akebonnier\/#\/schema\/person\/8db68bc0c94f6a5a62df2d4486ff1343\"},\"headline\":\"Jonas Gardell och f\u00f6rsoningen.\",\"datePublished\":\"2010-03-31T14:41:00+00:00\",\"mainEntityOfPage\":{\"@id\":\"https:\/\/blogg.svenskakyrkan.se\/akebonnier\/2010\/03\/31\/jonas-gardell-och-forsoningen\/\"},\"wordCount\":504,\"commentCount\":8,\"image\":{\"@id\":\"https:\/\/blogg.svenskakyrkan.se\/akebonnier\/2010\/03\/31\/jonas-gardell-och-forsoningen\/#primaryimage\"},\"thumbnailUrl\":\"https:\/\/blogger.googleusercontent.com\/tracker\/9055441369901436026-8266836648422526988?l=akebonnier.blogspot.com\",\"articleSection\":[\"Jonas Gardell och f\u00f6rsoningen\"],\"inLanguage\":\"sv-SE\",\"potentialAction\":[{\"@type\":\"CommentAction\",\"name\":\"Comment\",\"target\":[\"https:\/\/blogg.svenskakyrkan.se\/akebonnier\/2010\/03\/31\/jonas-gardell-och-forsoningen\/#respond\"]}]},{\"@type\":\"WebPage\",\"@id\":\"https:\/\/blogg.svenskakyrkan.se\/akebonnier\/2010\/03\/31\/jonas-gardell-och-forsoningen\/\",\"url\":\"https:\/\/blogg.svenskakyrkan.se\/akebonnier\/2010\/03\/31\/jonas-gardell-och-forsoningen\/\",\"name\":\"Jonas Gardell och f\u00f6rsoningen. - \u00c5ke Bonnier\",\"isPartOf\":{\"@id\":\"https:\/\/blogg.svenskakyrkan.se\/akebonnier\/#website\"},\"primaryImageOfPage\":{\"@id\":\"https:\/\/blogg.svenskakyrkan.se\/akebonnier\/2010\/03\/31\/jonas-gardell-och-forsoningen\/#primaryimage\"},\"image\":{\"@id\":\"https:\/\/blogg.svenskakyrkan.se\/akebonnier\/2010\/03\/31\/jonas-gardell-och-forsoningen\/#primaryimage\"},\"thumbnailUrl\":\"https:\/\/blogger.googleusercontent.com\/tracker\/9055441369901436026-8266836648422526988?l=akebonnier.blogspot.com\",\"datePublished\":\"2010-03-31T14:41:00+00:00\",\"author\":{\"@id\":\"https:\/\/blogg.svenskakyrkan.se\/akebonnier\/#\/schema\/person\/8db68bc0c94f6a5a62df2d4486ff1343\"},\"breadcrumb\":{\"@id\":\"https:\/\/blogg.svenskakyrkan.se\/akebonnier\/2010\/03\/31\/jonas-gardell-och-forsoningen\/#breadcrumb\"},\"inLanguage\":\"sv-SE\",\"potentialAction\":[{\"@type\":\"ReadAction\",\"target\":[\"https:\/\/blogg.svenskakyrkan.se\/akebonnier\/2010\/03\/31\/jonas-gardell-och-forsoningen\/\"]}]},{\"@type\":\"ImageObject\",\"inLanguage\":\"sv-SE\",\"@id\":\"https:\/\/blogg.svenskakyrkan.se\/akebonnier\/2010\/03\/31\/jonas-gardell-och-forsoningen\/#primaryimage\",\"url\":\"https:\/\/blogger.googleusercontent.com\/tracker\/9055441369901436026-8266836648422526988?l=akebonnier.blogspot.com\",\"contentUrl\":\"https:\/\/blogger.googleusercontent.com\/tracker\/9055441369901436026-8266836648422526988?l=akebonnier.blogspot.com\"},{\"@type\":\"BreadcrumbList\",\"@id\":\"https:\/\/blogg.svenskakyrkan.se\/akebonnier\/2010\/03\/31\/jonas-gardell-och-forsoningen\/#breadcrumb\",\"itemListElement\":[{\"@type\":\"ListItem\",\"position\":1,\"name\":\"Hem\",\"item\":\"https:\/\/blogg.svenskakyrkan.se\/akebonnier\/\"},{\"@type\":\"ListItem\",\"position\":2,\"name\":\"Jonas Gardell och f\u00f6rsoningen.\"}]},{\"@type\":\"WebSite\",\"@id\":\"https:\/\/blogg.svenskakyrkan.se\/akebonnier\/#website\",\"url\":\"https:\/\/blogg.svenskakyrkan.se\/akebonnier\/\",\"name\":\"\u00c5ke Bonnier\",\"description\":\"Biskop i Svenska kyrkan - Skara stift\",\"potentialAction\":[{\"@type\":\"SearchAction\",\"target\":{\"@type\":\"EntryPoint\",\"urlTemplate\":\"https:\/\/blogg.svenskakyrkan.se\/akebonnier\/?s={search_term_string}\"},\"query-input\":{\"@type\":\"PropertyValueSpecification\",\"valueRequired\":true,\"valueName\":\"search_term_string\"}}],\"inLanguage\":\"sv-SE\"},{\"@type\":\"Person\",\"@id\":\"https:\/\/blogg.svenskakyrkan.se\/akebonnier\/#\/schema\/person\/8db68bc0c94f6a5a62df2d4486ff1343\",\"name\":\"\u00c5ke Bonnier\",\"image\":{\"@type\":\"ImageObject\",\"inLanguage\":\"sv-SE\",\"@id\":\"https:\/\/blogg.svenskakyrkan.se\/akebonnier\/#\/schema\/person\/image\/\",\"url\":\"https:\/\/secure.gravatar.com\/avatar\/b88264736bb0bc0d1ea92298aef02c9f98cfc13c7484130c42c663ae484f9462?s=96&d=mm&r=g\",\"contentUrl\":\"https:\/\/secure.gravatar.com\/avatar\/b88264736bb0bc0d1ea92298aef02c9f98cfc13c7484130c42c663ae484f9462?s=96&d=mm&r=g\",\"caption\":\"\u00c5ke Bonnier\"},\"description\":\"Jag \u00e4r gift och har tv\u00e5 vuxna d\u00f6ttrar. Pr\u00e4stvigdes 1984 och biskopsvigs 26 augusti 2012 . Jag har tidigare bland annat varit, komminister och kyrkoherde i Liding\u00f6 f\u00f6rsamling och domprost i Stockholms domkyrkof\u00f6rsamling. Jag \u00e4r intresserad av konst, litteratur, teater, film. Jag tr\u00e4nar regelbundet p\u00e5 gym. Mitt huvudsakliga musikintresse \u00e4r klassisk musik men ocks\u00e5 Beatles, Elvis Presley, Monika Zettelund, Povel Ramel och m\u00e5nga andra tycker jag om att lyssna p\u00e5. Jag l\u00e4ser f\u00f6r lite sk\u00f6nlitteratur beroende p\u00e5 annat som jag m\u00e5ste l\u00e4sa i mitt uppdrag som biskop. Men jag \u00e4lskar b\u00f6cker. Naturligtvis l\u00e4ser jag n\u00e4st intill dagligdags i \\\"B\u00f6ckernas Bok.\\\"\",\"sameAs\":[\"http:\/\/www.skarastift.se\"],\"url\":\"https:\/\/blogg.svenskakyrkan.se\/akebonnier\/author\/akebonnier\/\"}]}<\/script>\n<!-- \/ Yoast SEO plugin. -->","yoast_head_json":{"title":"Jonas Gardell och f\u00f6rsoningen. - \u00c5ke Bonnier","robots":{"index":"index","follow":"follow","max-snippet":"max-snippet:-1","max-image-preview":"max-image-preview:large","max-video-preview":"max-video-preview:-1"},"canonical":"https:\/\/blogg.svenskakyrkan.se\/akebonnier\/2010\/03\/31\/jonas-gardell-och-forsoningen\/","og_locale":"sv_SE","og_type":"article","og_title":"Jonas Gardell och f\u00f6rsoningen. - \u00c5ke Bonnier","og_description":"S\u00e5 var det dags igen att reagera p\u00e5 Jonas Gardells program, och det \u00e4r v\u00e4l egentligen det han vill. Kanske f\u00f6rs det alltf\u00f6r lite debatt om de kristna grundbultarna. Vi tar dem f\u00f6r givna, \u00e5tminstone vi som \u00e4r kristna och som vandrar (till och fr\u00e5n) p\u00e5 den &#8221;bredkyrkliga&#8221; v\u00e4gen. F\u00f6r andra kan de vara obegripliga [&hellip;]","og_url":"https:\/\/blogg.svenskakyrkan.se\/akebonnier\/2010\/03\/31\/jonas-gardell-och-forsoningen\/","og_site_name":"\u00c5ke Bonnier","article_published_time":"2010-03-31T14:41:00+00:00","og_image":[{"url":"https:\/\/blogger.googleusercontent.com\/tracker\/9055441369901436026-8266836648422526988?l=akebonnier.blogspot.com","type":"","width":"","height":""}],"author":"\u00c5ke Bonnier","twitter_card":"summary_large_image","twitter_misc":{"Skriven av":"\u00c5ke Bonnier","Ber\u00e4knad l\u00e4stid":"2 minuter"},"schema":{"@context":"https:\/\/schema.org","@graph":[{"@type":"Article","@id":"https:\/\/blogg.svenskakyrkan.se\/akebonnier\/2010\/03\/31\/jonas-gardell-och-forsoningen\/#article","isPartOf":{"@id":"https:\/\/blogg.svenskakyrkan.se\/akebonnier\/2010\/03\/31\/jonas-gardell-och-forsoningen\/"},"author":{"name":"\u00c5ke Bonnier","@id":"https:\/\/blogg.svenskakyrkan.se\/akebonnier\/#\/schema\/person\/8db68bc0c94f6a5a62df2d4486ff1343"},"headline":"Jonas Gardell och f\u00f6rsoningen.","datePublished":"2010-03-31T14:41:00+00:00","mainEntityOfPage":{"@id":"https:\/\/blogg.svenskakyrkan.se\/akebonnier\/2010\/03\/31\/jonas-gardell-och-forsoningen\/"},"wordCount":504,"commentCount":8,"image":{"@id":"https:\/\/blogg.svenskakyrkan.se\/akebonnier\/2010\/03\/31\/jonas-gardell-och-forsoningen\/#primaryimage"},"thumbnailUrl":"https:\/\/blogger.googleusercontent.com\/tracker\/9055441369901436026-8266836648422526988?l=akebonnier.blogspot.com","articleSection":["Jonas Gardell och f\u00f6rsoningen"],"inLanguage":"sv-SE","potentialAction":[{"@type":"CommentAction","name":"Comment","target":["https:\/\/blogg.svenskakyrkan.se\/akebonnier\/2010\/03\/31\/jonas-gardell-och-forsoningen\/#respond"]}]},{"@type":"WebPage","@id":"https:\/\/blogg.svenskakyrkan.se\/akebonnier\/2010\/03\/31\/jonas-gardell-och-forsoningen\/","url":"https:\/\/blogg.svenskakyrkan.se\/akebonnier\/2010\/03\/31\/jonas-gardell-och-forsoningen\/","name":"Jonas Gardell och f\u00f6rsoningen. - \u00c5ke Bonnier","isPartOf":{"@id":"https:\/\/blogg.svenskakyrkan.se\/akebonnier\/#website"},"primaryImageOfPage":{"@id":"https:\/\/blogg.svenskakyrkan.se\/akebonnier\/2010\/03\/31\/jonas-gardell-och-forsoningen\/#primaryimage"},"image":{"@id":"https:\/\/blogg.svenskakyrkan.se\/akebonnier\/2010\/03\/31\/jonas-gardell-och-forsoningen\/#primaryimage"},"thumbnailUrl":"https:\/\/blogger.googleusercontent.com\/tracker\/9055441369901436026-8266836648422526988?l=akebonnier.blogspot.com","datePublished":"2010-03-31T14:41:00+00:00","author":{"@id":"https:\/\/blogg.svenskakyrkan.se\/akebonnier\/#\/schema\/person\/8db68bc0c94f6a5a62df2d4486ff1343"},"breadcrumb":{"@id":"https:\/\/blogg.svenskakyrkan.se\/akebonnier\/2010\/03\/31\/jonas-gardell-och-forsoningen\/#breadcrumb"},"inLanguage":"sv-SE","potentialAction":[{"@type":"ReadAction","target":["https:\/\/blogg.svenskakyrkan.se\/akebonnier\/2010\/03\/31\/jonas-gardell-och-forsoningen\/"]}]},{"@type":"ImageObject","inLanguage":"sv-SE","@id":"https:\/\/blogg.svenskakyrkan.se\/akebonnier\/2010\/03\/31\/jonas-gardell-och-forsoningen\/#primaryimage","url":"https:\/\/blogger.googleusercontent.com\/tracker\/9055441369901436026-8266836648422526988?l=akebonnier.blogspot.com","contentUrl":"https:\/\/blogger.googleusercontent.com\/tracker\/9055441369901436026-8266836648422526988?l=akebonnier.blogspot.com"},{"@type":"BreadcrumbList","@id":"https:\/\/blogg.svenskakyrkan.se\/akebonnier\/2010\/03\/31\/jonas-gardell-och-forsoningen\/#breadcrumb","itemListElement":[{"@type":"ListItem","position":1,"name":"Hem","item":"https:\/\/blogg.svenskakyrkan.se\/akebonnier\/"},{"@type":"ListItem","position":2,"name":"Jonas Gardell och f\u00f6rsoningen."}]},{"@type":"WebSite","@id":"https:\/\/blogg.svenskakyrkan.se\/akebonnier\/#website","url":"https:\/\/blogg.svenskakyrkan.se\/akebonnier\/","name":"\u00c5ke Bonnier","description":"Biskop i Svenska kyrkan - Skara stift","potentialAction":[{"@type":"SearchAction","target":{"@type":"EntryPoint","urlTemplate":"https:\/\/blogg.svenskakyrkan.se\/akebonnier\/?s={search_term_string}"},"query-input":{"@type":"PropertyValueSpecification","valueRequired":true,"valueName":"search_term_string"}}],"inLanguage":"sv-SE"},{"@type":"Person","@id":"https:\/\/blogg.svenskakyrkan.se\/akebonnier\/#\/schema\/person\/8db68bc0c94f6a5a62df2d4486ff1343","name":"\u00c5ke Bonnier","image":{"@type":"ImageObject","inLanguage":"sv-SE","@id":"https:\/\/blogg.svenskakyrkan.se\/akebonnier\/#\/schema\/person\/image\/","url":"https:\/\/secure.gravatar.com\/avatar\/b88264736bb0bc0d1ea92298aef02c9f98cfc13c7484130c42c663ae484f9462?s=96&d=mm&r=g","contentUrl":"https:\/\/secure.gravatar.com\/avatar\/b88264736bb0bc0d1ea92298aef02c9f98cfc13c7484130c42c663ae484f9462?s=96&d=mm&r=g","caption":"\u00c5ke Bonnier"},"description":"Jag \u00e4r gift och har tv\u00e5 vuxna d\u00f6ttrar. Pr\u00e4stvigdes 1984 och biskopsvigs 26 augusti 2012 . Jag har tidigare bland annat varit, komminister och kyrkoherde i Liding\u00f6 f\u00f6rsamling och domprost i Stockholms domkyrkof\u00f6rsamling. Jag \u00e4r intresserad av konst, litteratur, teater, film. Jag tr\u00e4nar regelbundet p\u00e5 gym. Mitt huvudsakliga musikintresse \u00e4r klassisk musik men ocks\u00e5 Beatles, Elvis Presley, Monika Zettelund, Povel Ramel och m\u00e5nga andra tycker jag om att lyssna p\u00e5. Jag l\u00e4ser f\u00f6r lite sk\u00f6nlitteratur beroende p\u00e5 annat som jag m\u00e5ste l\u00e4sa i mitt uppdrag som biskop. Men jag \u00e4lskar b\u00f6cker. Naturligtvis l\u00e4ser jag n\u00e4st intill dagligdags i \"B\u00f6ckernas Bok.\"","sameAs":["http:\/\/www.skarastift.se"],"url":"https:\/\/blogg.svenskakyrkan.se\/akebonnier\/author\/akebonnier\/"}]}},"author_meta":{"ID":"108","user_nicename":"akebonnier","user_url":"http:\/\/www.skarastift.se","user_registered":"2011-10-11 09:24:48","display_name":"\u00c5ke Bonnier","first_name":"\u00c5ke","last_name":"Bonnier","avatar":"https:\/\/secure.gravatar.com\/avatar\/b88264736bb0bc0d1ea92298aef02c9f98cfc13c7484130c42c663ae484f9462?s=96&d=mm&r=g"},"featured_image":false,"bloginfo":{"name":"\u00c5ke Bonnier","url":"https:\/\/blogg.svenskakyrkan.se\/akebonnier"},"_links":{"self":[{"href":"https:\/\/blogg.svenskakyrkan.se\/akebonnier\/wp-json\/wp\/v2\/posts\/389","targetHints":{"allow":["GET"]}}],"collection":[{"href":"https:\/\/blogg.svenskakyrkan.se\/akebonnier\/wp-json\/wp\/v2\/posts"}],"about":[{"href":"https:\/\/blogg.svenskakyrkan.se\/akebonnier\/wp-json\/wp\/v2\/types\/post"}],"author":[{"embeddable":true,"href":"https:\/\/blogg.svenskakyrkan.se\/akebonnier\/wp-json\/wp\/v2\/users\/108"}],"replies":[{"embeddable":true,"href":"https:\/\/blogg.svenskakyrkan.se\/akebonnier\/wp-json\/wp\/v2\/comments?post=389"}],"version-history":[{"count":0,"href":"https:\/\/blogg.svenskakyrkan.se\/akebonnier\/wp-json\/wp\/v2\/posts\/389\/revisions"}],"wp:attachment":[{"href":"https:\/\/blogg.svenskakyrkan.se\/akebonnier\/wp-json\/wp\/v2\/media?parent=389"}],"wp:term":[{"taxonomy":"category","embeddable":true,"href":"https:\/\/blogg.svenskakyrkan.se\/akebonnier\/wp-json\/wp\/v2\/categories?post=389"},{"taxonomy":"post_tag","embeddable":true,"href":"https:\/\/blogg.svenskakyrkan.se\/akebonnier\/wp-json\/wp\/v2\/tags?post=389"}],"curies":[{"name":"wp","href":"https:\/\/api.w.org\/{rel}","templated":true}]}}