{"id":410,"date":"2010-05-22T18:37:00","date_gmt":"2010-05-22T18:37:00","guid":{"rendered":"http:\/\/blogg.svenskakyrkan.se\/akebonnier\/2010\/05\/22\/en-valsignad-dag\/"},"modified":"2010-05-22T18:37:00","modified_gmt":"2010-05-22T18:37:00","slug":"en-valsignad-dag","status":"publish","type":"post","link":"https:\/\/blogg.svenskakyrkan.se\/akebonnier\/2010\/05\/22\/en-valsignad-dag\/","title":{"rendered":"En v\u00e4lsignad dag!"},"content":{"rendered":"<p>Ocks\u00e5 i \u00e5r lyste solen \u00f6ver Jesusmanifestationen och i \u00e5r k\u00e4ndes det verkligen som om den var v\u00e4lsignad av Gud sj\u00e4lv. I Storkyrkan firade vi sedvanligt f\u00f6rb\u00f6nsm\u00e4ssa kl 11.00. Efter den gick jag tillsammans med en kollega till Stortorget och upplevde finska romers framtr\u00e4dande. Musiken var f\u00f6r stark \u00e4ven om jag sj\u00e4lv sj\u00f6ng med i n\u00e5gon av s\u00e5ngerna. Men ganska snart gick vi till Mynttorget d\u00e4r katolikerna hade sin samling. Det var fint med s\u00e5ng av katolska domkyrkans k\u00f6r, predikan av en afrikansk mission\u00e4rspr\u00e4st och n\u00e5gra andra inslag. Jag m\u00f6tte en Focolarin och min kollega, Focolarinen och jag gick och \u00e5t lunch och delade n\u00e5gra goda tankar.<\/p>\n<p>S\u00e5 var kl 15.00 och klockorna i S:t Jacobs kyrka d\u00e5nade ut \u00f6ver Kungstr\u00e4dg\u00e5rden d\u00e4r det stora manifestationsm\u00f6tet skulle b\u00f6rja. 25 000 personer var samlade och jag f\u00f6rr\u00e4ttade en vigsel i S:t Jacobs kyrka innan jag ansl\u00f6t till m\u00f6tet i Kungsan.<\/p>\n<p>Det var fantastiskt att vara d\u00e4r tillsammans med m\u00e4nniskor fr\u00e5n olika trostraditioner. Jag gl\u00e4ds verkligen \u00f6ver manifestationen och i \u00e5r (f\u00f6r f\u00f6rsta g\u00e5ngen?) var det en riktig f\u00f6r-manifestation och inte en mot-manifestation.<\/p>\n<p>Nu t\u00e4nker man sig att sprida den ut \u00f6ver landet till n\u00e4sta \u00e5r s\u00e5 att varje landskap ska ha sin egen Jesusmanifestation. jag undrar om det \u00e4r s\u00e5 klokt? Det \u00e4r viktigt att komma samman i en stor gemenskap, att k\u00e4nna att man \u00e4r m\u00e5nga som samlas med Jesus Kristus i centrum.<\/p>\n<p>Jag skulle dock verkligen \u00f6nska att Svenska kyrkan syntes \u00e4nnu mer, att biskopar och andra var n\u00e4rvarande och att det inte enbart var den karismatiska traditionen som var representerad i planeringssammanhang. Jo, jag vet att man menar att det inte handlar om trossamfundsrepresentation men det vore fantastiskt om manifestationen var \u00e4nnu mer &#8221;bredkyrklig&#8221;. Svenska kyrkan \u00e4r \u00e4nd\u00e5 Sveriges st\u00f6rsta trossamfund och \u00e4nnu s\u00e5 l\u00e4nge v\u00e4rldens st\u00f6rsta Lutherska kyrka. Vi borde vara med mer! N\u00e4sta \u00e5r borde Stockholms stifts biskop Eva finnas med p\u00e5 n\u00e5got s\u00e4tt. Hon om n\u00e5gon talar om att kyrkan ska tala tydligt om Jesus. Det \u00e4r ett viktigt budskap som kan f\u00e5 en av m\u00e5nga konkretioner och manifestationer i Jesusmanifestationen.<\/p>\n<p>Den kyrkliga delen av dagen avslutades i S:t Jacobs kyrka d\u00e4r jag predikade \u00f6ver temat &#8221;Jesus \u00e4r Herre&#8221; i en andakt dit en del s\u00f6kte sig.<\/p>\n<p>Det var en viktig dag, och, som sagt, jag fick en k\u00e4nsla av att den var v\u00e4lsignad.<\/p>\n<p>Tack!<\/p>\n<div class=\"blogger-post-footer\"><img width='1' height='1' src='https:\/\/blogger.googleusercontent.com\/tracker\/9055441369901436026-8388786071097210479?l=akebonnier.blogspot.com' alt='' \/><\/div>\n","protected":false},"excerpt":{"rendered":"<p>Ocks\u00e5 i \u00e5r lyste solen \u00f6ver Jesusmanifestationen och i \u00e5r k\u00e4ndes det verkligen som om den var v\u00e4lsignad av Gud sj\u00e4lv. I Storkyrkan firade vi sedvanligt f\u00f6rb\u00f6nsm\u00e4ssa kl 11.00. Efter den gick jag tillsammans med en kollega till Stortorget och upplevde finska romers framtr\u00e4dande. Musiken var f\u00f6r stark \u00e4ven om jag sj\u00e4lv sj\u00f6ng med i [&hellip;]<\/p>\n","protected":false},"author":108,"featured_media":0,"comment_status":"open","ping_status":"open","sticky":false,"template":"","format":"standard","meta":{"_acf_changed":false,"footnotes":""},"categories":[16386],"tags":[],"class_list":["post-410","post","type-post","status-publish","format-standard","hentry","category-en-valsignad-dag"],"acf":[],"yoast_head":"<!-- This site is optimized with the Yoast SEO plugin v27.1.1 - https:\/\/yoast.com\/product\/yoast-seo-wordpress\/ -->\n<title>En v\u00e4lsignad dag! - \u00c5ke Bonnier<\/title>\n<meta name=\"robots\" content=\"index, follow, max-snippet:-1, max-image-preview:large, max-video-preview:-1\" \/>\n<link rel=\"canonical\" href=\"https:\/\/blogg.svenskakyrkan.se\/akebonnier\/2010\/05\/22\/en-valsignad-dag\/\" \/>\n<meta property=\"og:locale\" content=\"sv_SE\" \/>\n<meta property=\"og:type\" content=\"article\" \/>\n<meta property=\"og:title\" content=\"En v\u00e4lsignad dag! - \u00c5ke Bonnier\" \/>\n<meta property=\"og:description\" content=\"Ocks\u00e5 i \u00e5r lyste solen \u00f6ver Jesusmanifestationen och i \u00e5r k\u00e4ndes det verkligen som om den var v\u00e4lsignad av Gud sj\u00e4lv. I Storkyrkan firade vi sedvanligt f\u00f6rb\u00f6nsm\u00e4ssa kl 11.00. Efter den gick jag tillsammans med en kollega till Stortorget och upplevde finska romers framtr\u00e4dande. Musiken var f\u00f6r stark \u00e4ven om jag sj\u00e4lv sj\u00f6ng med i [&hellip;]\" \/>\n<meta property=\"og:url\" content=\"https:\/\/blogg.svenskakyrkan.se\/akebonnier\/2010\/05\/22\/en-valsignad-dag\/\" \/>\n<meta property=\"og:site_name\" content=\"\u00c5ke Bonnier\" \/>\n<meta property=\"article:published_time\" content=\"2010-05-22T18:37:00+00:00\" \/>\n<meta property=\"og:image\" content=\"https:\/\/blogger.googleusercontent.com\/tracker\/9055441369901436026-8388786071097210479?l=akebonnier.blogspot.com\" \/>\n<meta name=\"author\" content=\"\u00c5ke Bonnier\" \/>\n<meta name=\"twitter:card\" content=\"summary_large_image\" \/>\n<meta name=\"twitter:label1\" content=\"Skriven av\" \/>\n\t<meta name=\"twitter:data1\" content=\"\u00c5ke Bonnier\" \/>\n\t<meta name=\"twitter:label2\" content=\"Ber\u00e4knad l\u00e4stid\" \/>\n\t<meta name=\"twitter:data2\" content=\"2 minuter\" \/>\n<script type=\"application\/ld+json\" class=\"yoast-schema-graph\">{\"@context\":\"https:\/\/schema.org\",\"@graph\":[{\"@type\":\"Article\",\"@id\":\"https:\/\/blogg.svenskakyrkan.se\/akebonnier\/2010\/05\/22\/en-valsignad-dag\/#article\",\"isPartOf\":{\"@id\":\"https:\/\/blogg.svenskakyrkan.se\/akebonnier\/2010\/05\/22\/en-valsignad-dag\/\"},\"author\":{\"name\":\"\u00c5ke Bonnier\",\"@id\":\"https:\/\/blogg.svenskakyrkan.se\/akebonnier\/#\/schema\/person\/8db68bc0c94f6a5a62df2d4486ff1343\"},\"headline\":\"En v\u00e4lsignad dag!\",\"datePublished\":\"2010-05-22T18:37:00+00:00\",\"mainEntityOfPage\":{\"@id\":\"https:\/\/blogg.svenskakyrkan.se\/akebonnier\/2010\/05\/22\/en-valsignad-dag\/\"},\"wordCount\":448,\"commentCount\":17,\"image\":{\"@id\":\"https:\/\/blogg.svenskakyrkan.se\/akebonnier\/2010\/05\/22\/en-valsignad-dag\/#primaryimage\"},\"thumbnailUrl\":\"https:\/\/blogger.googleusercontent.com\/tracker\/9055441369901436026-8388786071097210479?l=akebonnier.blogspot.com\",\"articleSection\":[\"En v\u00e4lsignad dag\"],\"inLanguage\":\"sv-SE\",\"potentialAction\":[{\"@type\":\"CommentAction\",\"name\":\"Comment\",\"target\":[\"https:\/\/blogg.svenskakyrkan.se\/akebonnier\/2010\/05\/22\/en-valsignad-dag\/#respond\"]}]},{\"@type\":\"WebPage\",\"@id\":\"https:\/\/blogg.svenskakyrkan.se\/akebonnier\/2010\/05\/22\/en-valsignad-dag\/\",\"url\":\"https:\/\/blogg.svenskakyrkan.se\/akebonnier\/2010\/05\/22\/en-valsignad-dag\/\",\"name\":\"En v\u00e4lsignad dag! - \u00c5ke Bonnier\",\"isPartOf\":{\"@id\":\"https:\/\/blogg.svenskakyrkan.se\/akebonnier\/#website\"},\"primaryImageOfPage\":{\"@id\":\"https:\/\/blogg.svenskakyrkan.se\/akebonnier\/2010\/05\/22\/en-valsignad-dag\/#primaryimage\"},\"image\":{\"@id\":\"https:\/\/blogg.svenskakyrkan.se\/akebonnier\/2010\/05\/22\/en-valsignad-dag\/#primaryimage\"},\"thumbnailUrl\":\"https:\/\/blogger.googleusercontent.com\/tracker\/9055441369901436026-8388786071097210479?l=akebonnier.blogspot.com\",\"datePublished\":\"2010-05-22T18:37:00+00:00\",\"author\":{\"@id\":\"https:\/\/blogg.svenskakyrkan.se\/akebonnier\/#\/schema\/person\/8db68bc0c94f6a5a62df2d4486ff1343\"},\"breadcrumb\":{\"@id\":\"https:\/\/blogg.svenskakyrkan.se\/akebonnier\/2010\/05\/22\/en-valsignad-dag\/#breadcrumb\"},\"inLanguage\":\"sv-SE\",\"potentialAction\":[{\"@type\":\"ReadAction\",\"target\":[\"https:\/\/blogg.svenskakyrkan.se\/akebonnier\/2010\/05\/22\/en-valsignad-dag\/\"]}]},{\"@type\":\"ImageObject\",\"inLanguage\":\"sv-SE\",\"@id\":\"https:\/\/blogg.svenskakyrkan.se\/akebonnier\/2010\/05\/22\/en-valsignad-dag\/#primaryimage\",\"url\":\"https:\/\/blogger.googleusercontent.com\/tracker\/9055441369901436026-8388786071097210479?l=akebonnier.blogspot.com\",\"contentUrl\":\"https:\/\/blogger.googleusercontent.com\/tracker\/9055441369901436026-8388786071097210479?l=akebonnier.blogspot.com\"},{\"@type\":\"BreadcrumbList\",\"@id\":\"https:\/\/blogg.svenskakyrkan.se\/akebonnier\/2010\/05\/22\/en-valsignad-dag\/#breadcrumb\",\"itemListElement\":[{\"@type\":\"ListItem\",\"position\":1,\"name\":\"Hem\",\"item\":\"https:\/\/blogg.svenskakyrkan.se\/akebonnier\/\"},{\"@type\":\"ListItem\",\"position\":2,\"name\":\"En v\u00e4lsignad dag!\"}]},{\"@type\":\"WebSite\",\"@id\":\"https:\/\/blogg.svenskakyrkan.se\/akebonnier\/#website\",\"url\":\"https:\/\/blogg.svenskakyrkan.se\/akebonnier\/\",\"name\":\"\u00c5ke Bonnier\",\"description\":\"Biskop i Svenska kyrkan - Skara stift\",\"potentialAction\":[{\"@type\":\"SearchAction\",\"target\":{\"@type\":\"EntryPoint\",\"urlTemplate\":\"https:\/\/blogg.svenskakyrkan.se\/akebonnier\/?s={search_term_string}\"},\"query-input\":{\"@type\":\"PropertyValueSpecification\",\"valueRequired\":true,\"valueName\":\"search_term_string\"}}],\"inLanguage\":\"sv-SE\"},{\"@type\":\"Person\",\"@id\":\"https:\/\/blogg.svenskakyrkan.se\/akebonnier\/#\/schema\/person\/8db68bc0c94f6a5a62df2d4486ff1343\",\"name\":\"\u00c5ke Bonnier\",\"image\":{\"@type\":\"ImageObject\",\"inLanguage\":\"sv-SE\",\"@id\":\"https:\/\/blogg.svenskakyrkan.se\/akebonnier\/#\/schema\/person\/image\/\",\"url\":\"https:\/\/secure.gravatar.com\/avatar\/b88264736bb0bc0d1ea92298aef02c9f98cfc13c7484130c42c663ae484f9462?s=96&d=mm&r=g\",\"contentUrl\":\"https:\/\/secure.gravatar.com\/avatar\/b88264736bb0bc0d1ea92298aef02c9f98cfc13c7484130c42c663ae484f9462?s=96&d=mm&r=g\",\"caption\":\"\u00c5ke Bonnier\"},\"description\":\"Jag \u00e4r gift och har tv\u00e5 vuxna d\u00f6ttrar. Pr\u00e4stvigdes 1984 och biskopsvigs 26 augusti 2012 . Jag har tidigare bland annat varit, komminister och kyrkoherde i Liding\u00f6 f\u00f6rsamling och domprost i Stockholms domkyrkof\u00f6rsamling. Jag \u00e4r intresserad av konst, litteratur, teater, film. Jag tr\u00e4nar regelbundet p\u00e5 gym. Mitt huvudsakliga musikintresse \u00e4r klassisk musik men ocks\u00e5 Beatles, Elvis Presley, Monika Zettelund, Povel Ramel och m\u00e5nga andra tycker jag om att lyssna p\u00e5. Jag l\u00e4ser f\u00f6r lite sk\u00f6nlitteratur beroende p\u00e5 annat som jag m\u00e5ste l\u00e4sa i mitt uppdrag som biskop. Men jag \u00e4lskar b\u00f6cker. Naturligtvis l\u00e4ser jag n\u00e4st intill dagligdags i \\\"B\u00f6ckernas Bok.\\\"\",\"sameAs\":[\"http:\/\/www.skarastift.se\"],\"url\":\"https:\/\/blogg.svenskakyrkan.se\/akebonnier\/author\/akebonnier\/\"}]}<\/script>\n<!-- \/ Yoast SEO plugin. -->","yoast_head_json":{"title":"En v\u00e4lsignad dag! - \u00c5ke Bonnier","robots":{"index":"index","follow":"follow","max-snippet":"max-snippet:-1","max-image-preview":"max-image-preview:large","max-video-preview":"max-video-preview:-1"},"canonical":"https:\/\/blogg.svenskakyrkan.se\/akebonnier\/2010\/05\/22\/en-valsignad-dag\/","og_locale":"sv_SE","og_type":"article","og_title":"En v\u00e4lsignad dag! - \u00c5ke Bonnier","og_description":"Ocks\u00e5 i \u00e5r lyste solen \u00f6ver Jesusmanifestationen och i \u00e5r k\u00e4ndes det verkligen som om den var v\u00e4lsignad av Gud sj\u00e4lv. I Storkyrkan firade vi sedvanligt f\u00f6rb\u00f6nsm\u00e4ssa kl 11.00. Efter den gick jag tillsammans med en kollega till Stortorget och upplevde finska romers framtr\u00e4dande. Musiken var f\u00f6r stark \u00e4ven om jag sj\u00e4lv sj\u00f6ng med i [&hellip;]","og_url":"https:\/\/blogg.svenskakyrkan.se\/akebonnier\/2010\/05\/22\/en-valsignad-dag\/","og_site_name":"\u00c5ke Bonnier","article_published_time":"2010-05-22T18:37:00+00:00","og_image":[{"url":"https:\/\/blogger.googleusercontent.com\/tracker\/9055441369901436026-8388786071097210479?l=akebonnier.blogspot.com","type":"","width":"","height":""}],"author":"\u00c5ke Bonnier","twitter_card":"summary_large_image","twitter_misc":{"Skriven av":"\u00c5ke Bonnier","Ber\u00e4knad l\u00e4stid":"2 minuter"},"schema":{"@context":"https:\/\/schema.org","@graph":[{"@type":"Article","@id":"https:\/\/blogg.svenskakyrkan.se\/akebonnier\/2010\/05\/22\/en-valsignad-dag\/#article","isPartOf":{"@id":"https:\/\/blogg.svenskakyrkan.se\/akebonnier\/2010\/05\/22\/en-valsignad-dag\/"},"author":{"name":"\u00c5ke Bonnier","@id":"https:\/\/blogg.svenskakyrkan.se\/akebonnier\/#\/schema\/person\/8db68bc0c94f6a5a62df2d4486ff1343"},"headline":"En v\u00e4lsignad dag!","datePublished":"2010-05-22T18:37:00+00:00","mainEntityOfPage":{"@id":"https:\/\/blogg.svenskakyrkan.se\/akebonnier\/2010\/05\/22\/en-valsignad-dag\/"},"wordCount":448,"commentCount":17,"image":{"@id":"https:\/\/blogg.svenskakyrkan.se\/akebonnier\/2010\/05\/22\/en-valsignad-dag\/#primaryimage"},"thumbnailUrl":"https:\/\/blogger.googleusercontent.com\/tracker\/9055441369901436026-8388786071097210479?l=akebonnier.blogspot.com","articleSection":["En v\u00e4lsignad dag"],"inLanguage":"sv-SE","potentialAction":[{"@type":"CommentAction","name":"Comment","target":["https:\/\/blogg.svenskakyrkan.se\/akebonnier\/2010\/05\/22\/en-valsignad-dag\/#respond"]}]},{"@type":"WebPage","@id":"https:\/\/blogg.svenskakyrkan.se\/akebonnier\/2010\/05\/22\/en-valsignad-dag\/","url":"https:\/\/blogg.svenskakyrkan.se\/akebonnier\/2010\/05\/22\/en-valsignad-dag\/","name":"En v\u00e4lsignad dag! - \u00c5ke Bonnier","isPartOf":{"@id":"https:\/\/blogg.svenskakyrkan.se\/akebonnier\/#website"},"primaryImageOfPage":{"@id":"https:\/\/blogg.svenskakyrkan.se\/akebonnier\/2010\/05\/22\/en-valsignad-dag\/#primaryimage"},"image":{"@id":"https:\/\/blogg.svenskakyrkan.se\/akebonnier\/2010\/05\/22\/en-valsignad-dag\/#primaryimage"},"thumbnailUrl":"https:\/\/blogger.googleusercontent.com\/tracker\/9055441369901436026-8388786071097210479?l=akebonnier.blogspot.com","datePublished":"2010-05-22T18:37:00+00:00","author":{"@id":"https:\/\/blogg.svenskakyrkan.se\/akebonnier\/#\/schema\/person\/8db68bc0c94f6a5a62df2d4486ff1343"},"breadcrumb":{"@id":"https:\/\/blogg.svenskakyrkan.se\/akebonnier\/2010\/05\/22\/en-valsignad-dag\/#breadcrumb"},"inLanguage":"sv-SE","potentialAction":[{"@type":"ReadAction","target":["https:\/\/blogg.svenskakyrkan.se\/akebonnier\/2010\/05\/22\/en-valsignad-dag\/"]}]},{"@type":"ImageObject","inLanguage":"sv-SE","@id":"https:\/\/blogg.svenskakyrkan.se\/akebonnier\/2010\/05\/22\/en-valsignad-dag\/#primaryimage","url":"https:\/\/blogger.googleusercontent.com\/tracker\/9055441369901436026-8388786071097210479?l=akebonnier.blogspot.com","contentUrl":"https:\/\/blogger.googleusercontent.com\/tracker\/9055441369901436026-8388786071097210479?l=akebonnier.blogspot.com"},{"@type":"BreadcrumbList","@id":"https:\/\/blogg.svenskakyrkan.se\/akebonnier\/2010\/05\/22\/en-valsignad-dag\/#breadcrumb","itemListElement":[{"@type":"ListItem","position":1,"name":"Hem","item":"https:\/\/blogg.svenskakyrkan.se\/akebonnier\/"},{"@type":"ListItem","position":2,"name":"En v\u00e4lsignad dag!"}]},{"@type":"WebSite","@id":"https:\/\/blogg.svenskakyrkan.se\/akebonnier\/#website","url":"https:\/\/blogg.svenskakyrkan.se\/akebonnier\/","name":"\u00c5ke Bonnier","description":"Biskop i Svenska kyrkan - Skara stift","potentialAction":[{"@type":"SearchAction","target":{"@type":"EntryPoint","urlTemplate":"https:\/\/blogg.svenskakyrkan.se\/akebonnier\/?s={search_term_string}"},"query-input":{"@type":"PropertyValueSpecification","valueRequired":true,"valueName":"search_term_string"}}],"inLanguage":"sv-SE"},{"@type":"Person","@id":"https:\/\/blogg.svenskakyrkan.se\/akebonnier\/#\/schema\/person\/8db68bc0c94f6a5a62df2d4486ff1343","name":"\u00c5ke Bonnier","image":{"@type":"ImageObject","inLanguage":"sv-SE","@id":"https:\/\/blogg.svenskakyrkan.se\/akebonnier\/#\/schema\/person\/image\/","url":"https:\/\/secure.gravatar.com\/avatar\/b88264736bb0bc0d1ea92298aef02c9f98cfc13c7484130c42c663ae484f9462?s=96&d=mm&r=g","contentUrl":"https:\/\/secure.gravatar.com\/avatar\/b88264736bb0bc0d1ea92298aef02c9f98cfc13c7484130c42c663ae484f9462?s=96&d=mm&r=g","caption":"\u00c5ke Bonnier"},"description":"Jag \u00e4r gift och har tv\u00e5 vuxna d\u00f6ttrar. Pr\u00e4stvigdes 1984 och biskopsvigs 26 augusti 2012 . Jag har tidigare bland annat varit, komminister och kyrkoherde i Liding\u00f6 f\u00f6rsamling och domprost i Stockholms domkyrkof\u00f6rsamling. Jag \u00e4r intresserad av konst, litteratur, teater, film. Jag tr\u00e4nar regelbundet p\u00e5 gym. Mitt huvudsakliga musikintresse \u00e4r klassisk musik men ocks\u00e5 Beatles, Elvis Presley, Monika Zettelund, Povel Ramel och m\u00e5nga andra tycker jag om att lyssna p\u00e5. Jag l\u00e4ser f\u00f6r lite sk\u00f6nlitteratur beroende p\u00e5 annat som jag m\u00e5ste l\u00e4sa i mitt uppdrag som biskop. Men jag \u00e4lskar b\u00f6cker. Naturligtvis l\u00e4ser jag n\u00e4st intill dagligdags i \"B\u00f6ckernas Bok.\"","sameAs":["http:\/\/www.skarastift.se"],"url":"https:\/\/blogg.svenskakyrkan.se\/akebonnier\/author\/akebonnier\/"}]}},"author_meta":{"ID":"108","user_nicename":"akebonnier","user_url":"http:\/\/www.skarastift.se","user_registered":"2011-10-11 09:24:48","display_name":"\u00c5ke Bonnier","first_name":"\u00c5ke","last_name":"Bonnier","avatar":"https:\/\/secure.gravatar.com\/avatar\/b88264736bb0bc0d1ea92298aef02c9f98cfc13c7484130c42c663ae484f9462?s=96&d=mm&r=g"},"featured_image":false,"bloginfo":{"name":"\u00c5ke Bonnier","url":"https:\/\/blogg.svenskakyrkan.se\/akebonnier"},"_links":{"self":[{"href":"https:\/\/blogg.svenskakyrkan.se\/akebonnier\/wp-json\/wp\/v2\/posts\/410","targetHints":{"allow":["GET"]}}],"collection":[{"href":"https:\/\/blogg.svenskakyrkan.se\/akebonnier\/wp-json\/wp\/v2\/posts"}],"about":[{"href":"https:\/\/blogg.svenskakyrkan.se\/akebonnier\/wp-json\/wp\/v2\/types\/post"}],"author":[{"embeddable":true,"href":"https:\/\/blogg.svenskakyrkan.se\/akebonnier\/wp-json\/wp\/v2\/users\/108"}],"replies":[{"embeddable":true,"href":"https:\/\/blogg.svenskakyrkan.se\/akebonnier\/wp-json\/wp\/v2\/comments?post=410"}],"version-history":[{"count":0,"href":"https:\/\/blogg.svenskakyrkan.se\/akebonnier\/wp-json\/wp\/v2\/posts\/410\/revisions"}],"wp:attachment":[{"href":"https:\/\/blogg.svenskakyrkan.se\/akebonnier\/wp-json\/wp\/v2\/media?parent=410"}],"wp:term":[{"taxonomy":"category","embeddable":true,"href":"https:\/\/blogg.svenskakyrkan.se\/akebonnier\/wp-json\/wp\/v2\/categories?post=410"},{"taxonomy":"post_tag","embeddable":true,"href":"https:\/\/blogg.svenskakyrkan.se\/akebonnier\/wp-json\/wp\/v2\/tags?post=410"}],"curies":[{"name":"wp","href":"https:\/\/api.w.org\/{rel}","templated":true}]}}