{"id":411,"date":"2010-05-27T06:02:00","date_gmt":"2010-05-27T06:02:00","guid":{"rendered":"http:\/\/blogg.svenskakyrkan.se\/akebonnier\/2010\/05\/27\/inga-andra-gudar\/"},"modified":"2010-05-27T06:02:00","modified_gmt":"2010-05-27T06:02:00","slug":"inga-andra-gudar","status":"publish","type":"post","link":"https:\/\/blogg.svenskakyrkan.se\/akebonnier\/2010\/05\/27\/inga-andra-gudar\/","title":{"rendered":"Inga andra gudar..?"},"content":{"rendered":"<p>Det finns saker som g\u00f6r mig oerh\u00f6rt irriterad. Jag t\u00e4nker inte p\u00e5 besv\u00e4rlig personal eller n\u00e4r jag inte f\u00e5r igenom saker i olika styrelser. Det \u00e4r &#8221;sm\u00e4llar man f\u00e5r ta&#8221; och det liksom ing\u00e5r i systemet \u00e4ven om det kan vara frustrerande p\u00e5 sitt s\u00e4tt. Nej, det som g\u00f6r mig frustrerad \u00e4r n\u00e4r inte tekniken fungerar. Jag \u00e4r ju man, och jag vill h\u00e4vda att vi m\u00e4n \u00e4r mycket mer &#8221;slavar under tekniken&#8221; \u00e4n ni kvinnor. Oftast \u00e4r det vi som skaffar teknikprylar av olika slag och man s\u00e4ger ju att skillnaden mellan barns och m\u00e4ns leksaker \u00e4r priset. Jo, jag har n\u00e5gra teknikprylar som jag vill ska fungera. En s\u00e5dan \u00e4r min dator. F\u00f6r n\u00e5gon vecka sedan skulle jag resa iv\u00e4g och skulle bara h\u00e4mta ut en sak fr\u00e5n n\u00e4tet. Tidigt p\u00e5 morgonen var jag uppe och gjorde mig i ordning glad i h\u00e5gen \u00f6ver det \u00e4ventyr som nu v\u00e4ntade mig tillsammans med hustrun och en god v\u00e4n. Jag skulle nu bara s\u00e4tta ig\u00e5ng datorn och snabbt h\u00e4mta det jag ans\u00e5g vara l\u00e4mpligt. D\u00e5 h\u00e4nde det. Just n\u00e4r jag egentligen b\u00f6rjade f\u00e5 lite brottom kr\u00e5nglade datorn. Lagen om alltings el\u00e4nde slog till och pl\u00f6tsligt ville inte musen fungera. Jag har en tr\u00e5dl\u00f6s mus till min b\u00e4rbara dator och den v\u00e4grade att kommunicera med datorn och eftersom jag har tummen mitt i handen n\u00e4r det g\u00e4ller datainst\u00e4llningar visste jag inte hur jag skulle aktivera musplattan p\u00e5 sj\u00e4lva datorn. Ist\u00e4llet talade datorn om f\u00f6r mig att en programvara som jag inte visste vad det var borde ominstalleras. Och jag som skulle ta Arlanda express p\u00e5 v\u00e4g mot annat \u00e4ventyr&#8230; Jag gav upp och t\u00e4nkte att n\u00e4r helgen var \u00f6ver s\u00e5 skulle jag ringa Bosse. Bosse \u00e4r datatekniker med egen firma och honom kan jag ringa n\u00e4rsomhelst. Men jag besl\u00f6t mig f\u00f6r att ringa under resan men efter alla r\u00f6da dagar.<\/p>\n<p>Frustrerad l\u00e4mnade jag datorn och skulle ta min ytterrock &#8211; den tunna mer sommaraktiga. Ingenstans fanns den. Jag sprang runt i v\u00e5ningen och ventilerade min frustration och slet \u00e5t mig min mer tjocka rock. Datorn gick inte att anv\u00e4nda och min sommarrock var kanske stulen. Hustrun, som \u00e4r t\u00e5lmodig och k\u00e4nner sin make b\u00e4ttre \u00e4n n\u00e5gon annan, och jag gick i rask takt med v\u00e5rt pick och pack till Centralen. N\u00e4r vi v\u00e4l landat i \u00d6sterrike dit vi skulle visade det sig att det sommarv\u00e4der vi b\u00e5da hade trott p\u00e5 var som bortbl\u00e5st och ersatt med kyla och regn. Tack gode Gud att jag inte hittade min tunna rock (den h\u00e4ngde i Storkyrkans garderob uppt\u00e4ckte jag h\u00e4romdagen.)! Nu var jag v\u00e4lkl\u00e4dd och kunde njuta b\u00e4ttre av resan (inte av v\u00e4dret). Datorn ordnades av Bosse och jag \u00e4r evinnerligt tacksam.<\/p>\n<p>Nu har jag just l\u00e4mnat bilen till verkstan hos Bilia Haga Norra. Det visade sig att motordatorn hade all v\u00e4rdens fel och bilen gick inte alltid att starta. \u00c5ter igen en frustration f\u00f6r den man som vill att allt ska fungera.<\/p>\n<p>Vad kan nu allt detta ha att l\u00e4ra mig? Tja, n\u00e4r jag nu sitter framf\u00f6r min fungerande dator, rocken \u00e4r upphittad och bilen \u00e4r hos den kunnige Nils-Erik som pysslar om den, kan jag t\u00e4nka att kanske Gud vill p\u00e5minna mig om att det inte \u00e4r tekniken som \u00e4r det viktigaste, att tekniken aldrig kan vara en gud utan att Gud \u00e4r Gud och att det \u00e4r Gud som jag f\u00e5r ha min tillit till. Trots att jag \u00e4r domprost beh\u00f6ver jag s\u00e5dana p\u00e5minnelser. Kanske beror det p\u00e5 att jag inte bara \u00e4r domprost. Jag \u00e4r man ocks\u00e5&#8230;<\/p>\n<p>Sett i livets backspegel ringer det 1:a av 10 Guds bud i mina \u00f6ron: Du ska inga andra gudar ha j\u00e4mte mig.<\/p>\n<p>I dag f\u00e5r jag b\u00f6rja om i tilliten till Gud! Gode Gud hj\u00e4lp mig!<\/p>\n<div class=\"blogger-post-footer\"><img width='1' height='1' src='https:\/\/blogger.googleusercontent.com\/tracker\/9055441369901436026-35014217057303904?l=akebonnier.blogspot.com' alt='' \/><\/div>\n","protected":false},"excerpt":{"rendered":"<p>Det finns saker som g\u00f6r mig oerh\u00f6rt irriterad. Jag t\u00e4nker inte p\u00e5 besv\u00e4rlig personal eller n\u00e4r jag inte f\u00e5r igenom saker i olika styrelser. Det \u00e4r &#8221;sm\u00e4llar man f\u00e5r ta&#8221; och det liksom ing\u00e5r i systemet \u00e4ven om det kan vara frustrerande p\u00e5 sitt s\u00e4tt. Nej, det som g\u00f6r mig frustrerad \u00e4r n\u00e4r inte tekniken [&hellip;]<\/p>\n","protected":false},"author":108,"featured_media":0,"comment_status":"open","ping_status":"open","sticky":false,"template":"","format":"standard","meta":{"_acf_changed":false,"footnotes":""},"categories":[16387],"tags":[],"class_list":["post-411","post","type-post","status-publish","format-standard","hentry","category-inga-andra-gudar"],"acf":[],"yoast_head":"<!-- This site is optimized with the Yoast SEO plugin v27.1.1 - https:\/\/yoast.com\/product\/yoast-seo-wordpress\/ -->\n<title>Inga andra gudar..? - \u00c5ke Bonnier<\/title>\n<meta name=\"robots\" content=\"index, follow, max-snippet:-1, max-image-preview:large, max-video-preview:-1\" \/>\n<link rel=\"canonical\" href=\"https:\/\/blogg.svenskakyrkan.se\/akebonnier\/2010\/05\/27\/inga-andra-gudar\/\" \/>\n<meta property=\"og:locale\" content=\"sv_SE\" \/>\n<meta property=\"og:type\" content=\"article\" \/>\n<meta property=\"og:title\" content=\"Inga andra gudar..? - \u00c5ke Bonnier\" \/>\n<meta property=\"og:description\" content=\"Det finns saker som g\u00f6r mig oerh\u00f6rt irriterad. Jag t\u00e4nker inte p\u00e5 besv\u00e4rlig personal eller n\u00e4r jag inte f\u00e5r igenom saker i olika styrelser. Det \u00e4r &#8221;sm\u00e4llar man f\u00e5r ta&#8221; och det liksom ing\u00e5r i systemet \u00e4ven om det kan vara frustrerande p\u00e5 sitt s\u00e4tt. Nej, det som g\u00f6r mig frustrerad \u00e4r n\u00e4r inte tekniken [&hellip;]\" \/>\n<meta property=\"og:url\" content=\"https:\/\/blogg.svenskakyrkan.se\/akebonnier\/2010\/05\/27\/inga-andra-gudar\/\" \/>\n<meta property=\"og:site_name\" content=\"\u00c5ke Bonnier\" \/>\n<meta property=\"article:published_time\" content=\"2010-05-27T06:02:00+00:00\" \/>\n<meta property=\"og:image\" content=\"https:\/\/blogger.googleusercontent.com\/tracker\/9055441369901436026-35014217057303904?l=akebonnier.blogspot.com\" \/>\n<meta name=\"author\" content=\"\u00c5ke Bonnier\" \/>\n<meta name=\"twitter:card\" content=\"summary_large_image\" \/>\n<meta name=\"twitter:label1\" content=\"Skriven av\" \/>\n\t<meta name=\"twitter:data1\" content=\"\u00c5ke Bonnier\" \/>\n\t<meta name=\"twitter:label2\" content=\"Ber\u00e4knad l\u00e4stid\" \/>\n\t<meta name=\"twitter:data2\" content=\"4 minuter\" \/>\n<script type=\"application\/ld+json\" class=\"yoast-schema-graph\">{\"@context\":\"https:\/\/schema.org\",\"@graph\":[{\"@type\":\"Article\",\"@id\":\"https:\/\/blogg.svenskakyrkan.se\/akebonnier\/2010\/05\/27\/inga-andra-gudar\/#article\",\"isPartOf\":{\"@id\":\"https:\/\/blogg.svenskakyrkan.se\/akebonnier\/2010\/05\/27\/inga-andra-gudar\/\"},\"author\":{\"name\":\"\u00c5ke Bonnier\",\"@id\":\"https:\/\/blogg.svenskakyrkan.se\/akebonnier\/#\/schema\/person\/8db68bc0c94f6a5a62df2d4486ff1343\"},\"headline\":\"Inga andra gudar..?\",\"datePublished\":\"2010-05-27T06:02:00+00:00\",\"mainEntityOfPage\":{\"@id\":\"https:\/\/blogg.svenskakyrkan.se\/akebonnier\/2010\/05\/27\/inga-andra-gudar\/\"},\"wordCount\":716,\"commentCount\":2,\"image\":{\"@id\":\"https:\/\/blogg.svenskakyrkan.se\/akebonnier\/2010\/05\/27\/inga-andra-gudar\/#primaryimage\"},\"thumbnailUrl\":\"https:\/\/blogger.googleusercontent.com\/tracker\/9055441369901436026-35014217057303904?l=akebonnier.blogspot.com\",\"articleSection\":[\"Inga andra gudar\"],\"inLanguage\":\"sv-SE\",\"potentialAction\":[{\"@type\":\"CommentAction\",\"name\":\"Comment\",\"target\":[\"https:\/\/blogg.svenskakyrkan.se\/akebonnier\/2010\/05\/27\/inga-andra-gudar\/#respond\"]}]},{\"@type\":\"WebPage\",\"@id\":\"https:\/\/blogg.svenskakyrkan.se\/akebonnier\/2010\/05\/27\/inga-andra-gudar\/\",\"url\":\"https:\/\/blogg.svenskakyrkan.se\/akebonnier\/2010\/05\/27\/inga-andra-gudar\/\",\"name\":\"Inga andra gudar..? - \u00c5ke Bonnier\",\"isPartOf\":{\"@id\":\"https:\/\/blogg.svenskakyrkan.se\/akebonnier\/#website\"},\"primaryImageOfPage\":{\"@id\":\"https:\/\/blogg.svenskakyrkan.se\/akebonnier\/2010\/05\/27\/inga-andra-gudar\/#primaryimage\"},\"image\":{\"@id\":\"https:\/\/blogg.svenskakyrkan.se\/akebonnier\/2010\/05\/27\/inga-andra-gudar\/#primaryimage\"},\"thumbnailUrl\":\"https:\/\/blogger.googleusercontent.com\/tracker\/9055441369901436026-35014217057303904?l=akebonnier.blogspot.com\",\"datePublished\":\"2010-05-27T06:02:00+00:00\",\"author\":{\"@id\":\"https:\/\/blogg.svenskakyrkan.se\/akebonnier\/#\/schema\/person\/8db68bc0c94f6a5a62df2d4486ff1343\"},\"breadcrumb\":{\"@id\":\"https:\/\/blogg.svenskakyrkan.se\/akebonnier\/2010\/05\/27\/inga-andra-gudar\/#breadcrumb\"},\"inLanguage\":\"sv-SE\",\"potentialAction\":[{\"@type\":\"ReadAction\",\"target\":[\"https:\/\/blogg.svenskakyrkan.se\/akebonnier\/2010\/05\/27\/inga-andra-gudar\/\"]}]},{\"@type\":\"ImageObject\",\"inLanguage\":\"sv-SE\",\"@id\":\"https:\/\/blogg.svenskakyrkan.se\/akebonnier\/2010\/05\/27\/inga-andra-gudar\/#primaryimage\",\"url\":\"https:\/\/blogger.googleusercontent.com\/tracker\/9055441369901436026-35014217057303904?l=akebonnier.blogspot.com\",\"contentUrl\":\"https:\/\/blogger.googleusercontent.com\/tracker\/9055441369901436026-35014217057303904?l=akebonnier.blogspot.com\"},{\"@type\":\"BreadcrumbList\",\"@id\":\"https:\/\/blogg.svenskakyrkan.se\/akebonnier\/2010\/05\/27\/inga-andra-gudar\/#breadcrumb\",\"itemListElement\":[{\"@type\":\"ListItem\",\"position\":1,\"name\":\"Hem\",\"item\":\"https:\/\/blogg.svenskakyrkan.se\/akebonnier\/\"},{\"@type\":\"ListItem\",\"position\":2,\"name\":\"Inga andra gudar..?\"}]},{\"@type\":\"WebSite\",\"@id\":\"https:\/\/blogg.svenskakyrkan.se\/akebonnier\/#website\",\"url\":\"https:\/\/blogg.svenskakyrkan.se\/akebonnier\/\",\"name\":\"\u00c5ke Bonnier\",\"description\":\"Biskop i Svenska kyrkan - Skara stift\",\"potentialAction\":[{\"@type\":\"SearchAction\",\"target\":{\"@type\":\"EntryPoint\",\"urlTemplate\":\"https:\/\/blogg.svenskakyrkan.se\/akebonnier\/?s={search_term_string}\"},\"query-input\":{\"@type\":\"PropertyValueSpecification\",\"valueRequired\":true,\"valueName\":\"search_term_string\"}}],\"inLanguage\":\"sv-SE\"},{\"@type\":\"Person\",\"@id\":\"https:\/\/blogg.svenskakyrkan.se\/akebonnier\/#\/schema\/person\/8db68bc0c94f6a5a62df2d4486ff1343\",\"name\":\"\u00c5ke Bonnier\",\"image\":{\"@type\":\"ImageObject\",\"inLanguage\":\"sv-SE\",\"@id\":\"https:\/\/blogg.svenskakyrkan.se\/akebonnier\/#\/schema\/person\/image\/\",\"url\":\"https:\/\/secure.gravatar.com\/avatar\/b88264736bb0bc0d1ea92298aef02c9f98cfc13c7484130c42c663ae484f9462?s=96&d=mm&r=g\",\"contentUrl\":\"https:\/\/secure.gravatar.com\/avatar\/b88264736bb0bc0d1ea92298aef02c9f98cfc13c7484130c42c663ae484f9462?s=96&d=mm&r=g\",\"caption\":\"\u00c5ke Bonnier\"},\"description\":\"Jag \u00e4r gift och har tv\u00e5 vuxna d\u00f6ttrar. Pr\u00e4stvigdes 1984 och biskopsvigs 26 augusti 2012 . Jag har tidigare bland annat varit, komminister och kyrkoherde i Liding\u00f6 f\u00f6rsamling och domprost i Stockholms domkyrkof\u00f6rsamling. Jag \u00e4r intresserad av konst, litteratur, teater, film. Jag tr\u00e4nar regelbundet p\u00e5 gym. Mitt huvudsakliga musikintresse \u00e4r klassisk musik men ocks\u00e5 Beatles, Elvis Presley, Monika Zettelund, Povel Ramel och m\u00e5nga andra tycker jag om att lyssna p\u00e5. Jag l\u00e4ser f\u00f6r lite sk\u00f6nlitteratur beroende p\u00e5 annat som jag m\u00e5ste l\u00e4sa i mitt uppdrag som biskop. Men jag \u00e4lskar b\u00f6cker. Naturligtvis l\u00e4ser jag n\u00e4st intill dagligdags i \\\"B\u00f6ckernas Bok.\\\"\",\"sameAs\":[\"http:\/\/www.skarastift.se\"],\"url\":\"https:\/\/blogg.svenskakyrkan.se\/akebonnier\/author\/akebonnier\/\"}]}<\/script>\n<!-- \/ Yoast SEO plugin. -->","yoast_head_json":{"title":"Inga andra gudar..? - \u00c5ke Bonnier","robots":{"index":"index","follow":"follow","max-snippet":"max-snippet:-1","max-image-preview":"max-image-preview:large","max-video-preview":"max-video-preview:-1"},"canonical":"https:\/\/blogg.svenskakyrkan.se\/akebonnier\/2010\/05\/27\/inga-andra-gudar\/","og_locale":"sv_SE","og_type":"article","og_title":"Inga andra gudar..? - \u00c5ke Bonnier","og_description":"Det finns saker som g\u00f6r mig oerh\u00f6rt irriterad. Jag t\u00e4nker inte p\u00e5 besv\u00e4rlig personal eller n\u00e4r jag inte f\u00e5r igenom saker i olika styrelser. Det \u00e4r &#8221;sm\u00e4llar man f\u00e5r ta&#8221; och det liksom ing\u00e5r i systemet \u00e4ven om det kan vara frustrerande p\u00e5 sitt s\u00e4tt. Nej, det som g\u00f6r mig frustrerad \u00e4r n\u00e4r inte tekniken [&hellip;]","og_url":"https:\/\/blogg.svenskakyrkan.se\/akebonnier\/2010\/05\/27\/inga-andra-gudar\/","og_site_name":"\u00c5ke Bonnier","article_published_time":"2010-05-27T06:02:00+00:00","og_image":[{"url":"https:\/\/blogger.googleusercontent.com\/tracker\/9055441369901436026-35014217057303904?l=akebonnier.blogspot.com","type":"","width":"","height":""}],"author":"\u00c5ke Bonnier","twitter_card":"summary_large_image","twitter_misc":{"Skriven av":"\u00c5ke Bonnier","Ber\u00e4knad l\u00e4stid":"4 minuter"},"schema":{"@context":"https:\/\/schema.org","@graph":[{"@type":"Article","@id":"https:\/\/blogg.svenskakyrkan.se\/akebonnier\/2010\/05\/27\/inga-andra-gudar\/#article","isPartOf":{"@id":"https:\/\/blogg.svenskakyrkan.se\/akebonnier\/2010\/05\/27\/inga-andra-gudar\/"},"author":{"name":"\u00c5ke Bonnier","@id":"https:\/\/blogg.svenskakyrkan.se\/akebonnier\/#\/schema\/person\/8db68bc0c94f6a5a62df2d4486ff1343"},"headline":"Inga andra gudar..?","datePublished":"2010-05-27T06:02:00+00:00","mainEntityOfPage":{"@id":"https:\/\/blogg.svenskakyrkan.se\/akebonnier\/2010\/05\/27\/inga-andra-gudar\/"},"wordCount":716,"commentCount":2,"image":{"@id":"https:\/\/blogg.svenskakyrkan.se\/akebonnier\/2010\/05\/27\/inga-andra-gudar\/#primaryimage"},"thumbnailUrl":"https:\/\/blogger.googleusercontent.com\/tracker\/9055441369901436026-35014217057303904?l=akebonnier.blogspot.com","articleSection":["Inga andra gudar"],"inLanguage":"sv-SE","potentialAction":[{"@type":"CommentAction","name":"Comment","target":["https:\/\/blogg.svenskakyrkan.se\/akebonnier\/2010\/05\/27\/inga-andra-gudar\/#respond"]}]},{"@type":"WebPage","@id":"https:\/\/blogg.svenskakyrkan.se\/akebonnier\/2010\/05\/27\/inga-andra-gudar\/","url":"https:\/\/blogg.svenskakyrkan.se\/akebonnier\/2010\/05\/27\/inga-andra-gudar\/","name":"Inga andra gudar..? - \u00c5ke Bonnier","isPartOf":{"@id":"https:\/\/blogg.svenskakyrkan.se\/akebonnier\/#website"},"primaryImageOfPage":{"@id":"https:\/\/blogg.svenskakyrkan.se\/akebonnier\/2010\/05\/27\/inga-andra-gudar\/#primaryimage"},"image":{"@id":"https:\/\/blogg.svenskakyrkan.se\/akebonnier\/2010\/05\/27\/inga-andra-gudar\/#primaryimage"},"thumbnailUrl":"https:\/\/blogger.googleusercontent.com\/tracker\/9055441369901436026-35014217057303904?l=akebonnier.blogspot.com","datePublished":"2010-05-27T06:02:00+00:00","author":{"@id":"https:\/\/blogg.svenskakyrkan.se\/akebonnier\/#\/schema\/person\/8db68bc0c94f6a5a62df2d4486ff1343"},"breadcrumb":{"@id":"https:\/\/blogg.svenskakyrkan.se\/akebonnier\/2010\/05\/27\/inga-andra-gudar\/#breadcrumb"},"inLanguage":"sv-SE","potentialAction":[{"@type":"ReadAction","target":["https:\/\/blogg.svenskakyrkan.se\/akebonnier\/2010\/05\/27\/inga-andra-gudar\/"]}]},{"@type":"ImageObject","inLanguage":"sv-SE","@id":"https:\/\/blogg.svenskakyrkan.se\/akebonnier\/2010\/05\/27\/inga-andra-gudar\/#primaryimage","url":"https:\/\/blogger.googleusercontent.com\/tracker\/9055441369901436026-35014217057303904?l=akebonnier.blogspot.com","contentUrl":"https:\/\/blogger.googleusercontent.com\/tracker\/9055441369901436026-35014217057303904?l=akebonnier.blogspot.com"},{"@type":"BreadcrumbList","@id":"https:\/\/blogg.svenskakyrkan.se\/akebonnier\/2010\/05\/27\/inga-andra-gudar\/#breadcrumb","itemListElement":[{"@type":"ListItem","position":1,"name":"Hem","item":"https:\/\/blogg.svenskakyrkan.se\/akebonnier\/"},{"@type":"ListItem","position":2,"name":"Inga andra gudar..?"}]},{"@type":"WebSite","@id":"https:\/\/blogg.svenskakyrkan.se\/akebonnier\/#website","url":"https:\/\/blogg.svenskakyrkan.se\/akebonnier\/","name":"\u00c5ke Bonnier","description":"Biskop i Svenska kyrkan - Skara stift","potentialAction":[{"@type":"SearchAction","target":{"@type":"EntryPoint","urlTemplate":"https:\/\/blogg.svenskakyrkan.se\/akebonnier\/?s={search_term_string}"},"query-input":{"@type":"PropertyValueSpecification","valueRequired":true,"valueName":"search_term_string"}}],"inLanguage":"sv-SE"},{"@type":"Person","@id":"https:\/\/blogg.svenskakyrkan.se\/akebonnier\/#\/schema\/person\/8db68bc0c94f6a5a62df2d4486ff1343","name":"\u00c5ke Bonnier","image":{"@type":"ImageObject","inLanguage":"sv-SE","@id":"https:\/\/blogg.svenskakyrkan.se\/akebonnier\/#\/schema\/person\/image\/","url":"https:\/\/secure.gravatar.com\/avatar\/b88264736bb0bc0d1ea92298aef02c9f98cfc13c7484130c42c663ae484f9462?s=96&d=mm&r=g","contentUrl":"https:\/\/secure.gravatar.com\/avatar\/b88264736bb0bc0d1ea92298aef02c9f98cfc13c7484130c42c663ae484f9462?s=96&d=mm&r=g","caption":"\u00c5ke Bonnier"},"description":"Jag \u00e4r gift och har tv\u00e5 vuxna d\u00f6ttrar. Pr\u00e4stvigdes 1984 och biskopsvigs 26 augusti 2012 . Jag har tidigare bland annat varit, komminister och kyrkoherde i Liding\u00f6 f\u00f6rsamling och domprost i Stockholms domkyrkof\u00f6rsamling. Jag \u00e4r intresserad av konst, litteratur, teater, film. Jag tr\u00e4nar regelbundet p\u00e5 gym. Mitt huvudsakliga musikintresse \u00e4r klassisk musik men ocks\u00e5 Beatles, Elvis Presley, Monika Zettelund, Povel Ramel och m\u00e5nga andra tycker jag om att lyssna p\u00e5. Jag l\u00e4ser f\u00f6r lite sk\u00f6nlitteratur beroende p\u00e5 annat som jag m\u00e5ste l\u00e4sa i mitt uppdrag som biskop. Men jag \u00e4lskar b\u00f6cker. Naturligtvis l\u00e4ser jag n\u00e4st intill dagligdags i \"B\u00f6ckernas Bok.\"","sameAs":["http:\/\/www.skarastift.se"],"url":"https:\/\/blogg.svenskakyrkan.se\/akebonnier\/author\/akebonnier\/"}]}},"author_meta":{"ID":"108","user_nicename":"akebonnier","user_url":"http:\/\/www.skarastift.se","user_registered":"2011-10-11 09:24:48","display_name":"\u00c5ke Bonnier","first_name":"\u00c5ke","last_name":"Bonnier","avatar":"https:\/\/secure.gravatar.com\/avatar\/b88264736bb0bc0d1ea92298aef02c9f98cfc13c7484130c42c663ae484f9462?s=96&d=mm&r=g"},"featured_image":false,"bloginfo":{"name":"\u00c5ke Bonnier","url":"https:\/\/blogg.svenskakyrkan.se\/akebonnier"},"_links":{"self":[{"href":"https:\/\/blogg.svenskakyrkan.se\/akebonnier\/wp-json\/wp\/v2\/posts\/411","targetHints":{"allow":["GET"]}}],"collection":[{"href":"https:\/\/blogg.svenskakyrkan.se\/akebonnier\/wp-json\/wp\/v2\/posts"}],"about":[{"href":"https:\/\/blogg.svenskakyrkan.se\/akebonnier\/wp-json\/wp\/v2\/types\/post"}],"author":[{"embeddable":true,"href":"https:\/\/blogg.svenskakyrkan.se\/akebonnier\/wp-json\/wp\/v2\/users\/108"}],"replies":[{"embeddable":true,"href":"https:\/\/blogg.svenskakyrkan.se\/akebonnier\/wp-json\/wp\/v2\/comments?post=411"}],"version-history":[{"count":0,"href":"https:\/\/blogg.svenskakyrkan.se\/akebonnier\/wp-json\/wp\/v2\/posts\/411\/revisions"}],"wp:attachment":[{"href":"https:\/\/blogg.svenskakyrkan.se\/akebonnier\/wp-json\/wp\/v2\/media?parent=411"}],"wp:term":[{"taxonomy":"category","embeddable":true,"href":"https:\/\/blogg.svenskakyrkan.se\/akebonnier\/wp-json\/wp\/v2\/categories?post=411"},{"taxonomy":"post_tag","embeddable":true,"href":"https:\/\/blogg.svenskakyrkan.se\/akebonnier\/wp-json\/wp\/v2\/tags?post=411"}],"curies":[{"name":"wp","href":"https:\/\/api.w.org\/{rel}","templated":true}]}}