{"id":413,"date":"2010-06-03T12:35:00","date_gmt":"2010-06-03T12:35:00","guid":{"rendered":"http:\/\/blogg.svenskakyrkan.se\/akebonnier\/2010\/06\/03\/ah-den-berusande-samtid-ar-svar\/"},"modified":"2010-06-03T12:35:00","modified_gmt":"2010-06-03T12:35:00","slug":"ah-den-berusande-samtid-ar-svar","status":"publish","type":"post","link":"https:\/\/blogg.svenskakyrkan.se\/akebonnier\/2010\/06\/03\/ah-den-berusande-samtid-ar-svar\/","title":{"rendered":"\u00c5h, den berusande samtid \u00e4r sv\u00e5r&#8230;"},"content":{"rendered":"<p><em>\u00c5h den ljusnande framtid \u00e4r v\u00e5r&#8230;<\/em> sjunger de nybakade studenterna. Nu b\u00f6rjar flakens tid med stark musik, vitkl\u00e4dda studentskor, och kavajer p\u00e5 de unga herrarna i den m\u00e5n det inte \u00e4r sommarhett som idag f\u00f6r d\u00e5 \u00e4r det mera l\u00e4ttkl\u00e4tt som g\u00e4ller. Jag kan gl\u00e4dja mig med dem, gl\u00e4dja mig \u00f6ver att de \u00e4r s\u00e5 glada. Sedan vet jag och alla andra v\u00e4ldigt lite om deras bakgrund, deras erfarenhet, deras nutid och framtid. Men en sak vet jag och m\u00e5nga andra &#8211; alkoholen fl\u00f6dar enormt, b\u00e5de p\u00e5 dem (de skakar champagne eller \u00f6l och sprutar p\u00e5 varandra och andra) och i dem. V\u00e4ldigt mycket dricks och den berusande samtiden blir och \u00e4r sv\u00e5r. S\u00e5 m\u00e5nga ungdomar m\u00e5r d\u00e5ligt och s\u00e5 m\u00e5nga ungdomar g\u00f6r och s\u00e4ger saker som de kanske inte annars skulle g\u00f6ra och s\u00e4ga.<\/p>\n<p>I dag g\u00e5r Sprit &amp; vinleverant\u00f6rsf\u00f6reningen ut och s\u00e4ger: <em>Den h\u00e4r veckan tar drygt 100 000 elever studenten, samtidigt som n\u00e4stan lika m\u00e5nga g\u00e5r ut grundskolan. F\u00f6r m\u00e5nga skolungdomar \u00e4r alkohol ett naturligt inslag i firandet. Trots att Systembolaget har en \u00e5ldersgr\u00e4ns p\u00e5 20 \u00e5r fl\u00f6dar alkoholen bland ungdomarna. Tre av fyra ungdomar dricker alkohol och 85 procent av dem tycker att alkoholen \u00e4r mycket eller ganska l\u00e4tt att f\u00e5 tag p\u00e5. Det visar en unders\u00f6kning gjord av Novus p\u00e5 uppdrag av SVL.<\/em> Man menar att skatten p\u00e5 vin och sprit borde s\u00e4nkas s\u00e5 att man inte dricker s\u00e5 mycket smuggelvaror.<\/p>\n<p>Det \u00e4r s\u00e5 l\u00e4tt att bli moralist och jag vill, om m\u00f6jligt, inte hamna i det facket &#8211; och samtidigt: S\u00e5 mycket alkohol dricks av ungdomar som enligt lag inte f\u00e5r dricka alkohol. S\u00e5 mycket alkohol inf\u00f6rskaffas utanf\u00f6r restaurangernas v\u00e4rld av s\u00e5dana som inte har \u00e5ldern inne att k\u00f6pa. Hur kan vi vuxna vara f\u00f6rebilder? Hur kan vi p\u00e5verka det uppv\u00e4xande sl\u00e4ktet? G\u00e5r det alls eller \u00e4r det bara att konstatera att de troligen mognar successivt och blir lika kloka (?) som vi? Men v\u00e4gen dit? Kommer de n\u00e5gonsin fram till klokheten om de, de facto, super s\u00e5 mycket? Mina systrar och br\u00f6der i S:ta Clara kyrka har mycket att s\u00e4ga om detta baserat p\u00e5 en stor erfarenhet.<\/p>\n<p>Jag tror inte att billigare alkohol \u00e4r v\u00e4gen fram\u00e5t, men jag tror att vi p\u00e5 olika s\u00e4tt kan st\u00f6tta ungdomar att dricka mindre, att inom lagens gr\u00e4nser hitta ett respektabelt s\u00e4tt att hantera alkohol. F\u00f6rbud leder ingen vart. Hur kan vi hitta fram till ett samh\u00e4lle d\u00e4r unga vuxna och alla vi andra som \u00e4r \u00e4ldre kan hantera vin p\u00e5 ett klokt och trevligt s\u00e4tt? Jag tror att vinet \u00e4r en gudomlig g\u00e5va till oss m\u00e4nniskor och det \u00e5terkommer i de bibliska sammanhangen som ett uttryck f\u00f6r gl\u00e4dje och k\u00e4rlek. Det gudomliga \u00e4r fantastiskt men det blir farligt n\u00e4r vi m\u00e4nniskor g\u00f6r det till n\u00e5got dj\u00e4vulskt. Det g\u00e4ller i alla sammanhang &#8211; ocks\u00e5 alkoholens.<\/p>\n<div class=\"blogger-post-footer\"><img width='1' height='1' src='https:\/\/blogger.googleusercontent.com\/tracker\/9055441369901436026-4887536331782027191?l=akebonnier.blogspot.com' alt='' \/><\/div>\n","protected":false},"excerpt":{"rendered":"<p>\u00c5h den ljusnande framtid \u00e4r v\u00e5r&#8230; sjunger de nybakade studenterna. Nu b\u00f6rjar flakens tid med stark musik, vitkl\u00e4dda studentskor, och kavajer p\u00e5 de unga herrarna i den m\u00e5n det inte \u00e4r sommarhett som idag f\u00f6r d\u00e5 \u00e4r det mera l\u00e4ttkl\u00e4tt som g\u00e4ller. Jag kan gl\u00e4dja mig med dem, gl\u00e4dja mig \u00f6ver att de \u00e4r s\u00e5 [&hellip;]<\/p>\n","protected":false},"author":108,"featured_media":0,"comment_status":"open","ping_status":"open","sticky":false,"template":"","format":"standard","meta":{"_acf_changed":false,"footnotes":""},"categories":[16360,16389],"tags":[],"class_list":["post-413","post","type-post","status-publish","format-standard","hentry","category-ah","category-den-berusande-samtid-ar-svar"],"acf":[],"yoast_head":"<!-- This site is optimized with the Yoast SEO plugin v27.1.1 - https:\/\/yoast.com\/product\/yoast-seo-wordpress\/ -->\n<title>\u00c5h, den berusande samtid \u00e4r sv\u00e5r... - \u00c5ke Bonnier<\/title>\n<meta name=\"robots\" content=\"index, follow, max-snippet:-1, max-image-preview:large, max-video-preview:-1\" \/>\n<link rel=\"canonical\" href=\"https:\/\/blogg.svenskakyrkan.se\/akebonnier\/2010\/06\/03\/ah-den-berusande-samtid-ar-svar\/\" \/>\n<meta property=\"og:locale\" content=\"sv_SE\" \/>\n<meta property=\"og:type\" content=\"article\" \/>\n<meta property=\"og:title\" content=\"\u00c5h, den berusande samtid \u00e4r sv\u00e5r... - \u00c5ke Bonnier\" \/>\n<meta property=\"og:description\" content=\"\u00c5h den ljusnande framtid \u00e4r v\u00e5r&#8230; sjunger de nybakade studenterna. Nu b\u00f6rjar flakens tid med stark musik, vitkl\u00e4dda studentskor, och kavajer p\u00e5 de unga herrarna i den m\u00e5n det inte \u00e4r sommarhett som idag f\u00f6r d\u00e5 \u00e4r det mera l\u00e4ttkl\u00e4tt som g\u00e4ller. Jag kan gl\u00e4dja mig med dem, gl\u00e4dja mig \u00f6ver att de \u00e4r s\u00e5 [&hellip;]\" \/>\n<meta property=\"og:url\" content=\"https:\/\/blogg.svenskakyrkan.se\/akebonnier\/2010\/06\/03\/ah-den-berusande-samtid-ar-svar\/\" \/>\n<meta property=\"og:site_name\" content=\"\u00c5ke Bonnier\" \/>\n<meta property=\"article:published_time\" content=\"2010-06-03T12:35:00+00:00\" \/>\n<meta property=\"og:image\" content=\"https:\/\/blogger.googleusercontent.com\/tracker\/9055441369901436026-4887536331782027191?l=akebonnier.blogspot.com\" \/>\n<meta name=\"author\" content=\"\u00c5ke Bonnier\" \/>\n<meta name=\"twitter:card\" content=\"summary_large_image\" \/>\n<meta name=\"twitter:label1\" content=\"Skriven av\" \/>\n\t<meta name=\"twitter:data1\" content=\"\u00c5ke Bonnier\" \/>\n\t<meta name=\"twitter:label2\" content=\"Ber\u00e4knad l\u00e4stid\" \/>\n\t<meta name=\"twitter:data2\" content=\"3 minuter\" \/>\n<script type=\"application\/ld+json\" class=\"yoast-schema-graph\">{\"@context\":\"https:\/\/schema.org\",\"@graph\":[{\"@type\":\"Article\",\"@id\":\"https:\/\/blogg.svenskakyrkan.se\/akebonnier\/2010\/06\/03\/ah-den-berusande-samtid-ar-svar\/#article\",\"isPartOf\":{\"@id\":\"https:\/\/blogg.svenskakyrkan.se\/akebonnier\/2010\/06\/03\/ah-den-berusande-samtid-ar-svar\/\"},\"author\":{\"name\":\"\u00c5ke Bonnier\",\"@id\":\"https:\/\/blogg.svenskakyrkan.se\/akebonnier\/#\/schema\/person\/8db68bc0c94f6a5a62df2d4486ff1343\"},\"headline\":\"\u00c5h, den berusande samtid \u00e4r sv\u00e5r&#8230;\",\"datePublished\":\"2010-06-03T12:35:00+00:00\",\"mainEntityOfPage\":{\"@id\":\"https:\/\/blogg.svenskakyrkan.se\/akebonnier\/2010\/06\/03\/ah-den-berusande-samtid-ar-svar\/\"},\"wordCount\":548,\"commentCount\":3,\"image\":{\"@id\":\"https:\/\/blogg.svenskakyrkan.se\/akebonnier\/2010\/06\/03\/ah-den-berusande-samtid-ar-svar\/#primaryimage\"},\"thumbnailUrl\":\"https:\/\/blogger.googleusercontent.com\/tracker\/9055441369901436026-4887536331782027191?l=akebonnier.blogspot.com\",\"articleSection\":[\"\u00c5h\",\"den berusande samtid \u00e4r sv\u00e5r\"],\"inLanguage\":\"sv-SE\",\"potentialAction\":[{\"@type\":\"CommentAction\",\"name\":\"Comment\",\"target\":[\"https:\/\/blogg.svenskakyrkan.se\/akebonnier\/2010\/06\/03\/ah-den-berusande-samtid-ar-svar\/#respond\"]}]},{\"@type\":\"WebPage\",\"@id\":\"https:\/\/blogg.svenskakyrkan.se\/akebonnier\/2010\/06\/03\/ah-den-berusande-samtid-ar-svar\/\",\"url\":\"https:\/\/blogg.svenskakyrkan.se\/akebonnier\/2010\/06\/03\/ah-den-berusande-samtid-ar-svar\/\",\"name\":\"\u00c5h, den berusande samtid \u00e4r sv\u00e5r... - \u00c5ke Bonnier\",\"isPartOf\":{\"@id\":\"https:\/\/blogg.svenskakyrkan.se\/akebonnier\/#website\"},\"primaryImageOfPage\":{\"@id\":\"https:\/\/blogg.svenskakyrkan.se\/akebonnier\/2010\/06\/03\/ah-den-berusande-samtid-ar-svar\/#primaryimage\"},\"image\":{\"@id\":\"https:\/\/blogg.svenskakyrkan.se\/akebonnier\/2010\/06\/03\/ah-den-berusande-samtid-ar-svar\/#primaryimage\"},\"thumbnailUrl\":\"https:\/\/blogger.googleusercontent.com\/tracker\/9055441369901436026-4887536331782027191?l=akebonnier.blogspot.com\",\"datePublished\":\"2010-06-03T12:35:00+00:00\",\"author\":{\"@id\":\"https:\/\/blogg.svenskakyrkan.se\/akebonnier\/#\/schema\/person\/8db68bc0c94f6a5a62df2d4486ff1343\"},\"breadcrumb\":{\"@id\":\"https:\/\/blogg.svenskakyrkan.se\/akebonnier\/2010\/06\/03\/ah-den-berusande-samtid-ar-svar\/#breadcrumb\"},\"inLanguage\":\"sv-SE\",\"potentialAction\":[{\"@type\":\"ReadAction\",\"target\":[\"https:\/\/blogg.svenskakyrkan.se\/akebonnier\/2010\/06\/03\/ah-den-berusande-samtid-ar-svar\/\"]}]},{\"@type\":\"ImageObject\",\"inLanguage\":\"sv-SE\",\"@id\":\"https:\/\/blogg.svenskakyrkan.se\/akebonnier\/2010\/06\/03\/ah-den-berusande-samtid-ar-svar\/#primaryimage\",\"url\":\"https:\/\/blogger.googleusercontent.com\/tracker\/9055441369901436026-4887536331782027191?l=akebonnier.blogspot.com\",\"contentUrl\":\"https:\/\/blogger.googleusercontent.com\/tracker\/9055441369901436026-4887536331782027191?l=akebonnier.blogspot.com\"},{\"@type\":\"BreadcrumbList\",\"@id\":\"https:\/\/blogg.svenskakyrkan.se\/akebonnier\/2010\/06\/03\/ah-den-berusande-samtid-ar-svar\/#breadcrumb\",\"itemListElement\":[{\"@type\":\"ListItem\",\"position\":1,\"name\":\"Hem\",\"item\":\"https:\/\/blogg.svenskakyrkan.se\/akebonnier\/\"},{\"@type\":\"ListItem\",\"position\":2,\"name\":\"\u00c5h, den berusande samtid \u00e4r sv\u00e5r&#8230;\"}]},{\"@type\":\"WebSite\",\"@id\":\"https:\/\/blogg.svenskakyrkan.se\/akebonnier\/#website\",\"url\":\"https:\/\/blogg.svenskakyrkan.se\/akebonnier\/\",\"name\":\"\u00c5ke Bonnier\",\"description\":\"Biskop i Svenska kyrkan - Skara stift\",\"potentialAction\":[{\"@type\":\"SearchAction\",\"target\":{\"@type\":\"EntryPoint\",\"urlTemplate\":\"https:\/\/blogg.svenskakyrkan.se\/akebonnier\/?s={search_term_string}\"},\"query-input\":{\"@type\":\"PropertyValueSpecification\",\"valueRequired\":true,\"valueName\":\"search_term_string\"}}],\"inLanguage\":\"sv-SE\"},{\"@type\":\"Person\",\"@id\":\"https:\/\/blogg.svenskakyrkan.se\/akebonnier\/#\/schema\/person\/8db68bc0c94f6a5a62df2d4486ff1343\",\"name\":\"\u00c5ke Bonnier\",\"image\":{\"@type\":\"ImageObject\",\"inLanguage\":\"sv-SE\",\"@id\":\"https:\/\/blogg.svenskakyrkan.se\/akebonnier\/#\/schema\/person\/image\/\",\"url\":\"https:\/\/secure.gravatar.com\/avatar\/b88264736bb0bc0d1ea92298aef02c9f98cfc13c7484130c42c663ae484f9462?s=96&d=mm&r=g\",\"contentUrl\":\"https:\/\/secure.gravatar.com\/avatar\/b88264736bb0bc0d1ea92298aef02c9f98cfc13c7484130c42c663ae484f9462?s=96&d=mm&r=g\",\"caption\":\"\u00c5ke Bonnier\"},\"description\":\"Jag \u00e4r gift och har tv\u00e5 vuxna d\u00f6ttrar. Pr\u00e4stvigdes 1984 och biskopsvigs 26 augusti 2012 . Jag har tidigare bland annat varit, komminister och kyrkoherde i Liding\u00f6 f\u00f6rsamling och domprost i Stockholms domkyrkof\u00f6rsamling. Jag \u00e4r intresserad av konst, litteratur, teater, film. Jag tr\u00e4nar regelbundet p\u00e5 gym. Mitt huvudsakliga musikintresse \u00e4r klassisk musik men ocks\u00e5 Beatles, Elvis Presley, Monika Zettelund, Povel Ramel och m\u00e5nga andra tycker jag om att lyssna p\u00e5. Jag l\u00e4ser f\u00f6r lite sk\u00f6nlitteratur beroende p\u00e5 annat som jag m\u00e5ste l\u00e4sa i mitt uppdrag som biskop. Men jag \u00e4lskar b\u00f6cker. Naturligtvis l\u00e4ser jag n\u00e4st intill dagligdags i \\\"B\u00f6ckernas Bok.\\\"\",\"sameAs\":[\"http:\/\/www.skarastift.se\"],\"url\":\"https:\/\/blogg.svenskakyrkan.se\/akebonnier\/author\/akebonnier\/\"}]}<\/script>\n<!-- \/ Yoast SEO plugin. -->","yoast_head_json":{"title":"\u00c5h, den berusande samtid \u00e4r sv\u00e5r... - \u00c5ke Bonnier","robots":{"index":"index","follow":"follow","max-snippet":"max-snippet:-1","max-image-preview":"max-image-preview:large","max-video-preview":"max-video-preview:-1"},"canonical":"https:\/\/blogg.svenskakyrkan.se\/akebonnier\/2010\/06\/03\/ah-den-berusande-samtid-ar-svar\/","og_locale":"sv_SE","og_type":"article","og_title":"\u00c5h, den berusande samtid \u00e4r sv\u00e5r... - \u00c5ke Bonnier","og_description":"\u00c5h den ljusnande framtid \u00e4r v\u00e5r&#8230; sjunger de nybakade studenterna. Nu b\u00f6rjar flakens tid med stark musik, vitkl\u00e4dda studentskor, och kavajer p\u00e5 de unga herrarna i den m\u00e5n det inte \u00e4r sommarhett som idag f\u00f6r d\u00e5 \u00e4r det mera l\u00e4ttkl\u00e4tt som g\u00e4ller. Jag kan gl\u00e4dja mig med dem, gl\u00e4dja mig \u00f6ver att de \u00e4r s\u00e5 [&hellip;]","og_url":"https:\/\/blogg.svenskakyrkan.se\/akebonnier\/2010\/06\/03\/ah-den-berusande-samtid-ar-svar\/","og_site_name":"\u00c5ke Bonnier","article_published_time":"2010-06-03T12:35:00+00:00","og_image":[{"url":"https:\/\/blogger.googleusercontent.com\/tracker\/9055441369901436026-4887536331782027191?l=akebonnier.blogspot.com","type":"","width":"","height":""}],"author":"\u00c5ke Bonnier","twitter_card":"summary_large_image","twitter_misc":{"Skriven av":"\u00c5ke Bonnier","Ber\u00e4knad l\u00e4stid":"3 minuter"},"schema":{"@context":"https:\/\/schema.org","@graph":[{"@type":"Article","@id":"https:\/\/blogg.svenskakyrkan.se\/akebonnier\/2010\/06\/03\/ah-den-berusande-samtid-ar-svar\/#article","isPartOf":{"@id":"https:\/\/blogg.svenskakyrkan.se\/akebonnier\/2010\/06\/03\/ah-den-berusande-samtid-ar-svar\/"},"author":{"name":"\u00c5ke Bonnier","@id":"https:\/\/blogg.svenskakyrkan.se\/akebonnier\/#\/schema\/person\/8db68bc0c94f6a5a62df2d4486ff1343"},"headline":"\u00c5h, den berusande samtid \u00e4r sv\u00e5r&#8230;","datePublished":"2010-06-03T12:35:00+00:00","mainEntityOfPage":{"@id":"https:\/\/blogg.svenskakyrkan.se\/akebonnier\/2010\/06\/03\/ah-den-berusande-samtid-ar-svar\/"},"wordCount":548,"commentCount":3,"image":{"@id":"https:\/\/blogg.svenskakyrkan.se\/akebonnier\/2010\/06\/03\/ah-den-berusande-samtid-ar-svar\/#primaryimage"},"thumbnailUrl":"https:\/\/blogger.googleusercontent.com\/tracker\/9055441369901436026-4887536331782027191?l=akebonnier.blogspot.com","articleSection":["\u00c5h","den berusande samtid \u00e4r sv\u00e5r"],"inLanguage":"sv-SE","potentialAction":[{"@type":"CommentAction","name":"Comment","target":["https:\/\/blogg.svenskakyrkan.se\/akebonnier\/2010\/06\/03\/ah-den-berusande-samtid-ar-svar\/#respond"]}]},{"@type":"WebPage","@id":"https:\/\/blogg.svenskakyrkan.se\/akebonnier\/2010\/06\/03\/ah-den-berusande-samtid-ar-svar\/","url":"https:\/\/blogg.svenskakyrkan.se\/akebonnier\/2010\/06\/03\/ah-den-berusande-samtid-ar-svar\/","name":"\u00c5h, den berusande samtid \u00e4r sv\u00e5r... - \u00c5ke Bonnier","isPartOf":{"@id":"https:\/\/blogg.svenskakyrkan.se\/akebonnier\/#website"},"primaryImageOfPage":{"@id":"https:\/\/blogg.svenskakyrkan.se\/akebonnier\/2010\/06\/03\/ah-den-berusande-samtid-ar-svar\/#primaryimage"},"image":{"@id":"https:\/\/blogg.svenskakyrkan.se\/akebonnier\/2010\/06\/03\/ah-den-berusande-samtid-ar-svar\/#primaryimage"},"thumbnailUrl":"https:\/\/blogger.googleusercontent.com\/tracker\/9055441369901436026-4887536331782027191?l=akebonnier.blogspot.com","datePublished":"2010-06-03T12:35:00+00:00","author":{"@id":"https:\/\/blogg.svenskakyrkan.se\/akebonnier\/#\/schema\/person\/8db68bc0c94f6a5a62df2d4486ff1343"},"breadcrumb":{"@id":"https:\/\/blogg.svenskakyrkan.se\/akebonnier\/2010\/06\/03\/ah-den-berusande-samtid-ar-svar\/#breadcrumb"},"inLanguage":"sv-SE","potentialAction":[{"@type":"ReadAction","target":["https:\/\/blogg.svenskakyrkan.se\/akebonnier\/2010\/06\/03\/ah-den-berusande-samtid-ar-svar\/"]}]},{"@type":"ImageObject","inLanguage":"sv-SE","@id":"https:\/\/blogg.svenskakyrkan.se\/akebonnier\/2010\/06\/03\/ah-den-berusande-samtid-ar-svar\/#primaryimage","url":"https:\/\/blogger.googleusercontent.com\/tracker\/9055441369901436026-4887536331782027191?l=akebonnier.blogspot.com","contentUrl":"https:\/\/blogger.googleusercontent.com\/tracker\/9055441369901436026-4887536331782027191?l=akebonnier.blogspot.com"},{"@type":"BreadcrumbList","@id":"https:\/\/blogg.svenskakyrkan.se\/akebonnier\/2010\/06\/03\/ah-den-berusande-samtid-ar-svar\/#breadcrumb","itemListElement":[{"@type":"ListItem","position":1,"name":"Hem","item":"https:\/\/blogg.svenskakyrkan.se\/akebonnier\/"},{"@type":"ListItem","position":2,"name":"\u00c5h, den berusande samtid \u00e4r sv\u00e5r&#8230;"}]},{"@type":"WebSite","@id":"https:\/\/blogg.svenskakyrkan.se\/akebonnier\/#website","url":"https:\/\/blogg.svenskakyrkan.se\/akebonnier\/","name":"\u00c5ke Bonnier","description":"Biskop i Svenska kyrkan - Skara stift","potentialAction":[{"@type":"SearchAction","target":{"@type":"EntryPoint","urlTemplate":"https:\/\/blogg.svenskakyrkan.se\/akebonnier\/?s={search_term_string}"},"query-input":{"@type":"PropertyValueSpecification","valueRequired":true,"valueName":"search_term_string"}}],"inLanguage":"sv-SE"},{"@type":"Person","@id":"https:\/\/blogg.svenskakyrkan.se\/akebonnier\/#\/schema\/person\/8db68bc0c94f6a5a62df2d4486ff1343","name":"\u00c5ke Bonnier","image":{"@type":"ImageObject","inLanguage":"sv-SE","@id":"https:\/\/blogg.svenskakyrkan.se\/akebonnier\/#\/schema\/person\/image\/","url":"https:\/\/secure.gravatar.com\/avatar\/b88264736bb0bc0d1ea92298aef02c9f98cfc13c7484130c42c663ae484f9462?s=96&d=mm&r=g","contentUrl":"https:\/\/secure.gravatar.com\/avatar\/b88264736bb0bc0d1ea92298aef02c9f98cfc13c7484130c42c663ae484f9462?s=96&d=mm&r=g","caption":"\u00c5ke Bonnier"},"description":"Jag \u00e4r gift och har tv\u00e5 vuxna d\u00f6ttrar. Pr\u00e4stvigdes 1984 och biskopsvigs 26 augusti 2012 . Jag har tidigare bland annat varit, komminister och kyrkoherde i Liding\u00f6 f\u00f6rsamling och domprost i Stockholms domkyrkof\u00f6rsamling. Jag \u00e4r intresserad av konst, litteratur, teater, film. Jag tr\u00e4nar regelbundet p\u00e5 gym. Mitt huvudsakliga musikintresse \u00e4r klassisk musik men ocks\u00e5 Beatles, Elvis Presley, Monika Zettelund, Povel Ramel och m\u00e5nga andra tycker jag om att lyssna p\u00e5. Jag l\u00e4ser f\u00f6r lite sk\u00f6nlitteratur beroende p\u00e5 annat som jag m\u00e5ste l\u00e4sa i mitt uppdrag som biskop. Men jag \u00e4lskar b\u00f6cker. Naturligtvis l\u00e4ser jag n\u00e4st intill dagligdags i \"B\u00f6ckernas Bok.\"","sameAs":["http:\/\/www.skarastift.se"],"url":"https:\/\/blogg.svenskakyrkan.se\/akebonnier\/author\/akebonnier\/"}]}},"author_meta":{"ID":"108","user_nicename":"akebonnier","user_url":"http:\/\/www.skarastift.se","user_registered":"2011-10-11 09:24:48","display_name":"\u00c5ke Bonnier","first_name":"\u00c5ke","last_name":"Bonnier","avatar":"https:\/\/secure.gravatar.com\/avatar\/b88264736bb0bc0d1ea92298aef02c9f98cfc13c7484130c42c663ae484f9462?s=96&d=mm&r=g"},"featured_image":false,"bloginfo":{"name":"\u00c5ke Bonnier","url":"https:\/\/blogg.svenskakyrkan.se\/akebonnier"},"_links":{"self":[{"href":"https:\/\/blogg.svenskakyrkan.se\/akebonnier\/wp-json\/wp\/v2\/posts\/413","targetHints":{"allow":["GET"]}}],"collection":[{"href":"https:\/\/blogg.svenskakyrkan.se\/akebonnier\/wp-json\/wp\/v2\/posts"}],"about":[{"href":"https:\/\/blogg.svenskakyrkan.se\/akebonnier\/wp-json\/wp\/v2\/types\/post"}],"author":[{"embeddable":true,"href":"https:\/\/blogg.svenskakyrkan.se\/akebonnier\/wp-json\/wp\/v2\/users\/108"}],"replies":[{"embeddable":true,"href":"https:\/\/blogg.svenskakyrkan.se\/akebonnier\/wp-json\/wp\/v2\/comments?post=413"}],"version-history":[{"count":0,"href":"https:\/\/blogg.svenskakyrkan.se\/akebonnier\/wp-json\/wp\/v2\/posts\/413\/revisions"}],"wp:attachment":[{"href":"https:\/\/blogg.svenskakyrkan.se\/akebonnier\/wp-json\/wp\/v2\/media?parent=413"}],"wp:term":[{"taxonomy":"category","embeddable":true,"href":"https:\/\/blogg.svenskakyrkan.se\/akebonnier\/wp-json\/wp\/v2\/categories?post=413"},{"taxonomy":"post_tag","embeddable":true,"href":"https:\/\/blogg.svenskakyrkan.se\/akebonnier\/wp-json\/wp\/v2\/tags?post=413"}],"curies":[{"name":"wp","href":"https:\/\/api.w.org\/{rel}","templated":true}]}}