{"id":414,"date":"2010-06-05T07:41:00","date_gmt":"2010-06-05T07:41:00","guid":{"rendered":"http:\/\/blogg.svenskakyrkan.se\/akebonnier\/2010\/06\/05\/ur-svenska-hjartans-djup-en-gang\/"},"modified":"2010-06-05T07:41:00","modified_gmt":"2010-06-05T07:41:00","slug":"ur-svenska-hjartans-djup-en-gang","status":"publish","type":"post","link":"https:\/\/blogg.svenskakyrkan.se\/akebonnier\/2010\/06\/05\/ur-svenska-hjartans-djup-en-gang\/","title":{"rendered":"Ur svenska hj\u00e4rtans djup en g\u00e5ng&#8230;"},"content":{"rendered":"<p>I morgon f\u00e5r jag sjunga kungss\u00e5ngen och nationals\u00e5ngen och jag kommer att k\u00e4nna mig v\u00e4ldigt glad \u00f6ver att jag \u00e4r svensk &#8211; stolt och glad! I morgon vajar svenska flaggan \u00f6ver stora delar av Sverige. Vi firar v\u00e5r nationaldag! &#8221; Ja, jag vill leva, jag vill d\u00f6 i Norden&#8221;, skanderar m\u00e5nga av oss.<br \/>Och samtidigt&#8230;<\/p>\n<p>Vad \u00e4r det jag \u00e4r stolt och glad \u00f6ver? \u00c4r det ett land med en huvudstad med 5000 uteliggare? \u00c4r det ett land och en huvudstad d\u00e4r s\u00e5 m\u00e5nga m\u00e4nniskor m\u00e5r d\u00e5ligt av narkotikamissbruk, alkoholmissbruk och desperat ensamhet? \u00c4r det ett land och en huvudstad d\u00e4r m\u00e5nga flyktingar g\u00f6mmer sig i desperation \u00f6ver migrationsverkets beslut om utvisning trots v\u00e4djanden fr\u00e5n l\u00e4kare, advokater och andra? Ja de vill leva, de vill d\u00f6 i Norden och framf\u00f6rallt i Sverige?<\/p>\n<p>T\u00e4nk den dagen n\u00e4r Sveriges fana med korset som symbol f\u00e5r uttrycka det som korset verkligen st\u00e5r f\u00f6r &#8211; k\u00e4rlek, syskonskap, gemenskap \u00f6ver gr\u00e4nserna, f\u00f6rsoning, uppr\u00e4ttelse. T\u00e4nk n\u00e4r det ur svenska hj\u00e4rtans djup en g\u00e5ng kommer en lovs\u00e5ng &#8211; inte bara till v\u00e5r konung (jo, jag \u00e4r rojalist) utan en lovs\u00e5ng till en syskonsyn d\u00e4r vi ser att vi h\u00f6r samman, d\u00e4r vi ser att vi f\u00e5r vara svenskar i varandras \u00f6gon oavsett varifr\u00e5n vi kommer. Sverige har r\u00e5d att vara ett regnb\u00e5gsland &#8211; ett multiland d\u00e4r ocks\u00e5 andra traditioner ryms, f\u00e5r plats och synligg\u00f6rs.<\/p>\n<p>Frihet, j\u00e4mlikhet, broderskap skanderades det under franska revolutionen. Frihet, j\u00e4mlikhet och syskonskap \u00e4r honn\u00f6rsord idag. Jag dr\u00f6mmer om det Sverige d\u00e4r den sociala omsorgen \u00e4r sj\u00e4lvklar, d\u00e4r vi bryr oss om varandra, d\u00e4r vi ser p\u00e5 varandra med godhetens och k\u00e4rlekens \u00f6gon, ist\u00e4llet f\u00f6r med avundens och misst\u00e4nksamhetens \u00f6gon. Det \u00e4r ingen naiv och bl\u00e5\u00f6gd dr\u00f6m. Det f\u00e5r inte vara det. Det borde vara en klok och bl\u00e5gul vision som vi alla, oavsett politisk och religi\u00f6s bakgrund f\u00e5r arbeta f\u00f6r. Tillsammans!<\/p>\n<p>Vad \u00e4r jag d\u00e5 stolt och glad \u00f6ver? Jo, trots allt \u00f6ver Sverige, d\u00e4r ordet \u00e4r fritt, d\u00e4r jag f\u00e5r s\u00e4ga, skriva och tala hur jag vill med n\u00e5gra f\u00e5 begr\u00e4nsningar. Jag \u00e4r stolt och glad \u00f6ver ett Sverige med sp\u00e4nnande historia &#8211; ett land d\u00e4r jag som inf\u00f6dd svensk i stort sett kan k\u00e4nna mig trygg. Vi har inga krig. Vi lever inte i hotande konflikt med andra l\u00e4nder.<\/p>\n<p>Stolt d\u00e5? Jo, jag \u00e4r stolt \u00f6ver att f\u00e5 vara svensk! Sverige \u00e4r mitt land, med alla dess fel, brister och f\u00f6rtj\u00e4nster, men det \u00e4r mitt. Ja, h\u00e4r vill jag leva, ja h\u00e4r vill jag d\u00f6!<\/p>\n<p>Men, n\u00e4r jag, som Svenska kyrkans representant i Rikskommitt\u00e9n Sveriges Nationaldag, st\u00e5r p\u00e5 Skansen den 6 juni, kommer jag att forts\u00e4tta att dr\u00f6mma om och be f\u00f6r att korset i v\u00e5r Svenska fana ska f\u00e5 tala h\u00f6gre \u00e4n ateisternas r\u00e4dsla f\u00f6r allt vad religion heter.<\/p>\n<p>Anders Frostenson skriver i Psalm 102 i v\u00e5r Psalmbok:<\/p>\n<p><em>\u00d6ster, v\u00e4ster, norr och s\u00f6der korsets armar \u00f6verskygga: alla \u00e4ro v\u00e5ra br\u00f6dersom p\u00e5 jorden bo och bygga. D\u00e5 vi br\u00f6ders b\u00f6rdor b\u00e4ra, med och f\u00f6r varandra lida, \u00e4r oss Kristus \u00e5ter n\u00e4ra, vandrar osedd vid v\u00e5r sida.<br \/><\/em><br \/>En vision att f\u00f6rverkliga, en verklighet att l\u00e5ta komma ur svenska hj\u00e4rtans djup en g\u00e5ng.<\/p>\n<div class=\"blogger-post-footer\"><img width='1' height='1' src='https:\/\/blogger.googleusercontent.com\/tracker\/9055441369901436026-783942334229678416?l=akebonnier.blogspot.com' alt='' \/><\/div>\n","protected":false},"excerpt":{"rendered":"<p>I morgon f\u00e5r jag sjunga kungss\u00e5ngen och nationals\u00e5ngen och jag kommer att k\u00e4nna mig v\u00e4ldigt glad \u00f6ver att jag \u00e4r svensk &#8211; stolt och glad! I morgon vajar svenska flaggan \u00f6ver stora delar av Sverige. Vi firar v\u00e5r nationaldag! &#8221; Ja, jag vill leva, jag vill d\u00f6 i Norden&#8221;, skanderar m\u00e5nga av oss.Och samtidigt&#8230; Vad [&hellip;]<\/p>\n","protected":false},"author":108,"featured_media":0,"comment_status":"open","ping_status":"open","sticky":false,"template":"","format":"standard","meta":{"_acf_changed":false,"footnotes":""},"categories":[16390],"tags":[],"class_list":["post-414","post","type-post","status-publish","format-standard","hentry","category-ur-svenska-hjartans-djup-en-gang"],"acf":[],"yoast_head":"<!-- This site is optimized with the Yoast SEO plugin v27.1.1 - https:\/\/yoast.com\/product\/yoast-seo-wordpress\/ -->\n<title>Ur svenska hj\u00e4rtans djup en g\u00e5ng... - \u00c5ke Bonnier<\/title>\n<meta name=\"robots\" content=\"index, follow, max-snippet:-1, max-image-preview:large, max-video-preview:-1\" \/>\n<link rel=\"canonical\" href=\"https:\/\/blogg.svenskakyrkan.se\/akebonnier\/2010\/06\/05\/ur-svenska-hjartans-djup-en-gang\/\" \/>\n<meta property=\"og:locale\" content=\"sv_SE\" \/>\n<meta property=\"og:type\" content=\"article\" \/>\n<meta property=\"og:title\" content=\"Ur svenska hj\u00e4rtans djup en g\u00e5ng... - \u00c5ke Bonnier\" \/>\n<meta property=\"og:description\" content=\"I morgon f\u00e5r jag sjunga kungss\u00e5ngen och nationals\u00e5ngen och jag kommer att k\u00e4nna mig v\u00e4ldigt glad \u00f6ver att jag \u00e4r svensk &#8211; stolt och glad! I morgon vajar svenska flaggan \u00f6ver stora delar av Sverige. Vi firar v\u00e5r nationaldag! &#8221; Ja, jag vill leva, jag vill d\u00f6 i Norden&#8221;, skanderar m\u00e5nga av oss.Och samtidigt&#8230; Vad [&hellip;]\" \/>\n<meta property=\"og:url\" content=\"https:\/\/blogg.svenskakyrkan.se\/akebonnier\/2010\/06\/05\/ur-svenska-hjartans-djup-en-gang\/\" \/>\n<meta property=\"og:site_name\" content=\"\u00c5ke Bonnier\" \/>\n<meta property=\"article:published_time\" content=\"2010-06-05T07:41:00+00:00\" \/>\n<meta property=\"og:image\" content=\"https:\/\/blogger.googleusercontent.com\/tracker\/9055441369901436026-783942334229678416?l=akebonnier.blogspot.com\" \/>\n<meta name=\"author\" content=\"\u00c5ke Bonnier\" \/>\n<meta name=\"twitter:card\" content=\"summary_large_image\" \/>\n<meta name=\"twitter:label1\" content=\"Skriven av\" \/>\n\t<meta name=\"twitter:data1\" content=\"\u00c5ke Bonnier\" \/>\n\t<meta name=\"twitter:label2\" content=\"Ber\u00e4knad l\u00e4stid\" \/>\n\t<meta name=\"twitter:data2\" content=\"3 minuter\" \/>\n<script type=\"application\/ld+json\" class=\"yoast-schema-graph\">{\"@context\":\"https:\/\/schema.org\",\"@graph\":[{\"@type\":\"Article\",\"@id\":\"https:\/\/blogg.svenskakyrkan.se\/akebonnier\/2010\/06\/05\/ur-svenska-hjartans-djup-en-gang\/#article\",\"isPartOf\":{\"@id\":\"https:\/\/blogg.svenskakyrkan.se\/akebonnier\/2010\/06\/05\/ur-svenska-hjartans-djup-en-gang\/\"},\"author\":{\"name\":\"\u00c5ke Bonnier\",\"@id\":\"https:\/\/blogg.svenskakyrkan.se\/akebonnier\/#\/schema\/person\/8db68bc0c94f6a5a62df2d4486ff1343\"},\"headline\":\"Ur svenska hj\u00e4rtans djup en g\u00e5ng&#8230;\",\"datePublished\":\"2010-06-05T07:41:00+00:00\",\"mainEntityOfPage\":{\"@id\":\"https:\/\/blogg.svenskakyrkan.se\/akebonnier\/2010\/06\/05\/ur-svenska-hjartans-djup-en-gang\/\"},\"wordCount\":628,\"commentCount\":16,\"image\":{\"@id\":\"https:\/\/blogg.svenskakyrkan.se\/akebonnier\/2010\/06\/05\/ur-svenska-hjartans-djup-en-gang\/#primaryimage\"},\"thumbnailUrl\":\"https:\/\/blogger.googleusercontent.com\/tracker\/9055441369901436026-783942334229678416?l=akebonnier.blogspot.com\",\"articleSection\":[\"Ur svenska hj\u00e4rtans djup en g\u00e5ng...\"],\"inLanguage\":\"sv-SE\",\"potentialAction\":[{\"@type\":\"CommentAction\",\"name\":\"Comment\",\"target\":[\"https:\/\/blogg.svenskakyrkan.se\/akebonnier\/2010\/06\/05\/ur-svenska-hjartans-djup-en-gang\/#respond\"]}]},{\"@type\":\"WebPage\",\"@id\":\"https:\/\/blogg.svenskakyrkan.se\/akebonnier\/2010\/06\/05\/ur-svenska-hjartans-djup-en-gang\/\",\"url\":\"https:\/\/blogg.svenskakyrkan.se\/akebonnier\/2010\/06\/05\/ur-svenska-hjartans-djup-en-gang\/\",\"name\":\"Ur svenska hj\u00e4rtans djup en g\u00e5ng... - \u00c5ke Bonnier\",\"isPartOf\":{\"@id\":\"https:\/\/blogg.svenskakyrkan.se\/akebonnier\/#website\"},\"primaryImageOfPage\":{\"@id\":\"https:\/\/blogg.svenskakyrkan.se\/akebonnier\/2010\/06\/05\/ur-svenska-hjartans-djup-en-gang\/#primaryimage\"},\"image\":{\"@id\":\"https:\/\/blogg.svenskakyrkan.se\/akebonnier\/2010\/06\/05\/ur-svenska-hjartans-djup-en-gang\/#primaryimage\"},\"thumbnailUrl\":\"https:\/\/blogger.googleusercontent.com\/tracker\/9055441369901436026-783942334229678416?l=akebonnier.blogspot.com\",\"datePublished\":\"2010-06-05T07:41:00+00:00\",\"author\":{\"@id\":\"https:\/\/blogg.svenskakyrkan.se\/akebonnier\/#\/schema\/person\/8db68bc0c94f6a5a62df2d4486ff1343\"},\"breadcrumb\":{\"@id\":\"https:\/\/blogg.svenskakyrkan.se\/akebonnier\/2010\/06\/05\/ur-svenska-hjartans-djup-en-gang\/#breadcrumb\"},\"inLanguage\":\"sv-SE\",\"potentialAction\":[{\"@type\":\"ReadAction\",\"target\":[\"https:\/\/blogg.svenskakyrkan.se\/akebonnier\/2010\/06\/05\/ur-svenska-hjartans-djup-en-gang\/\"]}]},{\"@type\":\"ImageObject\",\"inLanguage\":\"sv-SE\",\"@id\":\"https:\/\/blogg.svenskakyrkan.se\/akebonnier\/2010\/06\/05\/ur-svenska-hjartans-djup-en-gang\/#primaryimage\",\"url\":\"https:\/\/blogger.googleusercontent.com\/tracker\/9055441369901436026-783942334229678416?l=akebonnier.blogspot.com\",\"contentUrl\":\"https:\/\/blogger.googleusercontent.com\/tracker\/9055441369901436026-783942334229678416?l=akebonnier.blogspot.com\"},{\"@type\":\"BreadcrumbList\",\"@id\":\"https:\/\/blogg.svenskakyrkan.se\/akebonnier\/2010\/06\/05\/ur-svenska-hjartans-djup-en-gang\/#breadcrumb\",\"itemListElement\":[{\"@type\":\"ListItem\",\"position\":1,\"name\":\"Hem\",\"item\":\"https:\/\/blogg.svenskakyrkan.se\/akebonnier\/\"},{\"@type\":\"ListItem\",\"position\":2,\"name\":\"Ur svenska hj\u00e4rtans djup en g\u00e5ng&#8230;\"}]},{\"@type\":\"WebSite\",\"@id\":\"https:\/\/blogg.svenskakyrkan.se\/akebonnier\/#website\",\"url\":\"https:\/\/blogg.svenskakyrkan.se\/akebonnier\/\",\"name\":\"\u00c5ke Bonnier\",\"description\":\"Biskop i Svenska kyrkan - Skara stift\",\"potentialAction\":[{\"@type\":\"SearchAction\",\"target\":{\"@type\":\"EntryPoint\",\"urlTemplate\":\"https:\/\/blogg.svenskakyrkan.se\/akebonnier\/?s={search_term_string}\"},\"query-input\":{\"@type\":\"PropertyValueSpecification\",\"valueRequired\":true,\"valueName\":\"search_term_string\"}}],\"inLanguage\":\"sv-SE\"},{\"@type\":\"Person\",\"@id\":\"https:\/\/blogg.svenskakyrkan.se\/akebonnier\/#\/schema\/person\/8db68bc0c94f6a5a62df2d4486ff1343\",\"name\":\"\u00c5ke Bonnier\",\"image\":{\"@type\":\"ImageObject\",\"inLanguage\":\"sv-SE\",\"@id\":\"https:\/\/blogg.svenskakyrkan.se\/akebonnier\/#\/schema\/person\/image\/\",\"url\":\"https:\/\/secure.gravatar.com\/avatar\/b88264736bb0bc0d1ea92298aef02c9f98cfc13c7484130c42c663ae484f9462?s=96&d=mm&r=g\",\"contentUrl\":\"https:\/\/secure.gravatar.com\/avatar\/b88264736bb0bc0d1ea92298aef02c9f98cfc13c7484130c42c663ae484f9462?s=96&d=mm&r=g\",\"caption\":\"\u00c5ke Bonnier\"},\"description\":\"Jag \u00e4r gift och har tv\u00e5 vuxna d\u00f6ttrar. Pr\u00e4stvigdes 1984 och biskopsvigs 26 augusti 2012 . Jag har tidigare bland annat varit, komminister och kyrkoherde i Liding\u00f6 f\u00f6rsamling och domprost i Stockholms domkyrkof\u00f6rsamling. Jag \u00e4r intresserad av konst, litteratur, teater, film. Jag tr\u00e4nar regelbundet p\u00e5 gym. Mitt huvudsakliga musikintresse \u00e4r klassisk musik men ocks\u00e5 Beatles, Elvis Presley, Monika Zettelund, Povel Ramel och m\u00e5nga andra tycker jag om att lyssna p\u00e5. Jag l\u00e4ser f\u00f6r lite sk\u00f6nlitteratur beroende p\u00e5 annat som jag m\u00e5ste l\u00e4sa i mitt uppdrag som biskop. Men jag \u00e4lskar b\u00f6cker. Naturligtvis l\u00e4ser jag n\u00e4st intill dagligdags i \\\"B\u00f6ckernas Bok.\\\"\",\"sameAs\":[\"http:\/\/www.skarastift.se\"],\"url\":\"https:\/\/blogg.svenskakyrkan.se\/akebonnier\/author\/akebonnier\/\"}]}<\/script>\n<!-- \/ Yoast SEO plugin. -->","yoast_head_json":{"title":"Ur svenska hj\u00e4rtans djup en g\u00e5ng... - \u00c5ke Bonnier","robots":{"index":"index","follow":"follow","max-snippet":"max-snippet:-1","max-image-preview":"max-image-preview:large","max-video-preview":"max-video-preview:-1"},"canonical":"https:\/\/blogg.svenskakyrkan.se\/akebonnier\/2010\/06\/05\/ur-svenska-hjartans-djup-en-gang\/","og_locale":"sv_SE","og_type":"article","og_title":"Ur svenska hj\u00e4rtans djup en g\u00e5ng... - \u00c5ke Bonnier","og_description":"I morgon f\u00e5r jag sjunga kungss\u00e5ngen och nationals\u00e5ngen och jag kommer att k\u00e4nna mig v\u00e4ldigt glad \u00f6ver att jag \u00e4r svensk &#8211; stolt och glad! I morgon vajar svenska flaggan \u00f6ver stora delar av Sverige. Vi firar v\u00e5r nationaldag! &#8221; Ja, jag vill leva, jag vill d\u00f6 i Norden&#8221;, skanderar m\u00e5nga av oss.Och samtidigt&#8230; Vad [&hellip;]","og_url":"https:\/\/blogg.svenskakyrkan.se\/akebonnier\/2010\/06\/05\/ur-svenska-hjartans-djup-en-gang\/","og_site_name":"\u00c5ke Bonnier","article_published_time":"2010-06-05T07:41:00+00:00","og_image":[{"url":"https:\/\/blogger.googleusercontent.com\/tracker\/9055441369901436026-783942334229678416?l=akebonnier.blogspot.com","type":"","width":"","height":""}],"author":"\u00c5ke Bonnier","twitter_card":"summary_large_image","twitter_misc":{"Skriven av":"\u00c5ke Bonnier","Ber\u00e4knad l\u00e4stid":"3 minuter"},"schema":{"@context":"https:\/\/schema.org","@graph":[{"@type":"Article","@id":"https:\/\/blogg.svenskakyrkan.se\/akebonnier\/2010\/06\/05\/ur-svenska-hjartans-djup-en-gang\/#article","isPartOf":{"@id":"https:\/\/blogg.svenskakyrkan.se\/akebonnier\/2010\/06\/05\/ur-svenska-hjartans-djup-en-gang\/"},"author":{"name":"\u00c5ke Bonnier","@id":"https:\/\/blogg.svenskakyrkan.se\/akebonnier\/#\/schema\/person\/8db68bc0c94f6a5a62df2d4486ff1343"},"headline":"Ur svenska hj\u00e4rtans djup en g\u00e5ng&#8230;","datePublished":"2010-06-05T07:41:00+00:00","mainEntityOfPage":{"@id":"https:\/\/blogg.svenskakyrkan.se\/akebonnier\/2010\/06\/05\/ur-svenska-hjartans-djup-en-gang\/"},"wordCount":628,"commentCount":16,"image":{"@id":"https:\/\/blogg.svenskakyrkan.se\/akebonnier\/2010\/06\/05\/ur-svenska-hjartans-djup-en-gang\/#primaryimage"},"thumbnailUrl":"https:\/\/blogger.googleusercontent.com\/tracker\/9055441369901436026-783942334229678416?l=akebonnier.blogspot.com","articleSection":["Ur svenska hj\u00e4rtans djup en g\u00e5ng..."],"inLanguage":"sv-SE","potentialAction":[{"@type":"CommentAction","name":"Comment","target":["https:\/\/blogg.svenskakyrkan.se\/akebonnier\/2010\/06\/05\/ur-svenska-hjartans-djup-en-gang\/#respond"]}]},{"@type":"WebPage","@id":"https:\/\/blogg.svenskakyrkan.se\/akebonnier\/2010\/06\/05\/ur-svenska-hjartans-djup-en-gang\/","url":"https:\/\/blogg.svenskakyrkan.se\/akebonnier\/2010\/06\/05\/ur-svenska-hjartans-djup-en-gang\/","name":"Ur svenska hj\u00e4rtans djup en g\u00e5ng... - \u00c5ke Bonnier","isPartOf":{"@id":"https:\/\/blogg.svenskakyrkan.se\/akebonnier\/#website"},"primaryImageOfPage":{"@id":"https:\/\/blogg.svenskakyrkan.se\/akebonnier\/2010\/06\/05\/ur-svenska-hjartans-djup-en-gang\/#primaryimage"},"image":{"@id":"https:\/\/blogg.svenskakyrkan.se\/akebonnier\/2010\/06\/05\/ur-svenska-hjartans-djup-en-gang\/#primaryimage"},"thumbnailUrl":"https:\/\/blogger.googleusercontent.com\/tracker\/9055441369901436026-783942334229678416?l=akebonnier.blogspot.com","datePublished":"2010-06-05T07:41:00+00:00","author":{"@id":"https:\/\/blogg.svenskakyrkan.se\/akebonnier\/#\/schema\/person\/8db68bc0c94f6a5a62df2d4486ff1343"},"breadcrumb":{"@id":"https:\/\/blogg.svenskakyrkan.se\/akebonnier\/2010\/06\/05\/ur-svenska-hjartans-djup-en-gang\/#breadcrumb"},"inLanguage":"sv-SE","potentialAction":[{"@type":"ReadAction","target":["https:\/\/blogg.svenskakyrkan.se\/akebonnier\/2010\/06\/05\/ur-svenska-hjartans-djup-en-gang\/"]}]},{"@type":"ImageObject","inLanguage":"sv-SE","@id":"https:\/\/blogg.svenskakyrkan.se\/akebonnier\/2010\/06\/05\/ur-svenska-hjartans-djup-en-gang\/#primaryimage","url":"https:\/\/blogger.googleusercontent.com\/tracker\/9055441369901436026-783942334229678416?l=akebonnier.blogspot.com","contentUrl":"https:\/\/blogger.googleusercontent.com\/tracker\/9055441369901436026-783942334229678416?l=akebonnier.blogspot.com"},{"@type":"BreadcrumbList","@id":"https:\/\/blogg.svenskakyrkan.se\/akebonnier\/2010\/06\/05\/ur-svenska-hjartans-djup-en-gang\/#breadcrumb","itemListElement":[{"@type":"ListItem","position":1,"name":"Hem","item":"https:\/\/blogg.svenskakyrkan.se\/akebonnier\/"},{"@type":"ListItem","position":2,"name":"Ur svenska hj\u00e4rtans djup en g\u00e5ng&#8230;"}]},{"@type":"WebSite","@id":"https:\/\/blogg.svenskakyrkan.se\/akebonnier\/#website","url":"https:\/\/blogg.svenskakyrkan.se\/akebonnier\/","name":"\u00c5ke Bonnier","description":"Biskop i Svenska kyrkan - Skara stift","potentialAction":[{"@type":"SearchAction","target":{"@type":"EntryPoint","urlTemplate":"https:\/\/blogg.svenskakyrkan.se\/akebonnier\/?s={search_term_string}"},"query-input":{"@type":"PropertyValueSpecification","valueRequired":true,"valueName":"search_term_string"}}],"inLanguage":"sv-SE"},{"@type":"Person","@id":"https:\/\/blogg.svenskakyrkan.se\/akebonnier\/#\/schema\/person\/8db68bc0c94f6a5a62df2d4486ff1343","name":"\u00c5ke Bonnier","image":{"@type":"ImageObject","inLanguage":"sv-SE","@id":"https:\/\/blogg.svenskakyrkan.se\/akebonnier\/#\/schema\/person\/image\/","url":"https:\/\/secure.gravatar.com\/avatar\/b88264736bb0bc0d1ea92298aef02c9f98cfc13c7484130c42c663ae484f9462?s=96&d=mm&r=g","contentUrl":"https:\/\/secure.gravatar.com\/avatar\/b88264736bb0bc0d1ea92298aef02c9f98cfc13c7484130c42c663ae484f9462?s=96&d=mm&r=g","caption":"\u00c5ke Bonnier"},"description":"Jag \u00e4r gift och har tv\u00e5 vuxna d\u00f6ttrar. Pr\u00e4stvigdes 1984 och biskopsvigs 26 augusti 2012 . Jag har tidigare bland annat varit, komminister och kyrkoherde i Liding\u00f6 f\u00f6rsamling och domprost i Stockholms domkyrkof\u00f6rsamling. Jag \u00e4r intresserad av konst, litteratur, teater, film. Jag tr\u00e4nar regelbundet p\u00e5 gym. Mitt huvudsakliga musikintresse \u00e4r klassisk musik men ocks\u00e5 Beatles, Elvis Presley, Monika Zettelund, Povel Ramel och m\u00e5nga andra tycker jag om att lyssna p\u00e5. Jag l\u00e4ser f\u00f6r lite sk\u00f6nlitteratur beroende p\u00e5 annat som jag m\u00e5ste l\u00e4sa i mitt uppdrag som biskop. Men jag \u00e4lskar b\u00f6cker. Naturligtvis l\u00e4ser jag n\u00e4st intill dagligdags i \"B\u00f6ckernas Bok.\"","sameAs":["http:\/\/www.skarastift.se"],"url":"https:\/\/blogg.svenskakyrkan.se\/akebonnier\/author\/akebonnier\/"}]}},"author_meta":{"ID":"108","user_nicename":"akebonnier","user_url":"http:\/\/www.skarastift.se","user_registered":"2011-10-11 09:24:48","display_name":"\u00c5ke Bonnier","first_name":"\u00c5ke","last_name":"Bonnier","avatar":"https:\/\/secure.gravatar.com\/avatar\/b88264736bb0bc0d1ea92298aef02c9f98cfc13c7484130c42c663ae484f9462?s=96&d=mm&r=g"},"featured_image":false,"bloginfo":{"name":"\u00c5ke Bonnier","url":"https:\/\/blogg.svenskakyrkan.se\/akebonnier"},"_links":{"self":[{"href":"https:\/\/blogg.svenskakyrkan.se\/akebonnier\/wp-json\/wp\/v2\/posts\/414","targetHints":{"allow":["GET"]}}],"collection":[{"href":"https:\/\/blogg.svenskakyrkan.se\/akebonnier\/wp-json\/wp\/v2\/posts"}],"about":[{"href":"https:\/\/blogg.svenskakyrkan.se\/akebonnier\/wp-json\/wp\/v2\/types\/post"}],"author":[{"embeddable":true,"href":"https:\/\/blogg.svenskakyrkan.se\/akebonnier\/wp-json\/wp\/v2\/users\/108"}],"replies":[{"embeddable":true,"href":"https:\/\/blogg.svenskakyrkan.se\/akebonnier\/wp-json\/wp\/v2\/comments?post=414"}],"version-history":[{"count":0,"href":"https:\/\/blogg.svenskakyrkan.se\/akebonnier\/wp-json\/wp\/v2\/posts\/414\/revisions"}],"wp:attachment":[{"href":"https:\/\/blogg.svenskakyrkan.se\/akebonnier\/wp-json\/wp\/v2\/media?parent=414"}],"wp:term":[{"taxonomy":"category","embeddable":true,"href":"https:\/\/blogg.svenskakyrkan.se\/akebonnier\/wp-json\/wp\/v2\/categories?post=414"},{"taxonomy":"post_tag","embeddable":true,"href":"https:\/\/blogg.svenskakyrkan.se\/akebonnier\/wp-json\/wp\/v2\/tags?post=414"}],"curies":[{"name":"wp","href":"https:\/\/api.w.org\/{rel}","templated":true}]}}