{"id":418,"date":"2010-06-14T15:19:00","date_gmt":"2010-06-14T15:19:00","guid":{"rendered":"http:\/\/blogg.svenskakyrkan.se\/akebonnier\/2010\/06\/14\/genant-och-oekumeniskt-stefan-sward\/"},"modified":"2010-06-14T15:19:00","modified_gmt":"2010-06-14T15:19:00","slug":"genant-och-oekumeniskt-stefan-sward","status":"publish","type":"post","link":"https:\/\/blogg.svenskakyrkan.se\/akebonnier\/2010\/06\/14\/genant-och-oekumeniskt-stefan-sward\/","title":{"rendered":"Genant och oekumeniskt, Stefan Sw\u00e4rd!"},"content":{"rendered":"<p>Pastorn i Elimf\u00f6rsamlingen i Stockholm Stefan Sw\u00e4rd kallar vigselgudstj\u00e4nsten i Storkyrkan nu p\u00e5 l\u00f6rdag d\u00e4r kronprinsessan Victoria och Daniel Westling ska ing\u00e5 \u00e4ktenskap f\u00f6r &#8221;tillst\u00e4llning&#8221; i en debattartikel i SVD idag. (<a href=\"http:\/\/www.svd.se\/opinion\/brannpunkt\/forlegat-religionstvang-for-kronprinsessan_4861261.svd\">http:\/\/www.svd.se\/opinion\/brannpunkt\/forlegat-religionstvang-for-kronprinsessan_4861261.svd<\/a>) Anledningen till detta utfall som sker i en ohelig allians med Christer Sturmark som \u00e4r ordf\u00f6rande f\u00f6r Humanisterna, \u00e4r att man \u00e4r uppr\u00f6rd \u00f6ver att kungen och tronf\u00f6ljaren m\u00e5ste tillh\u00f6ra den evangelisk lutherska tron (allts\u00e5 inte n\u00f6dv\u00e4ndigtvis Svenska kyrkan). Svenska kyrkan ifr\u00e5gasatte detta krav i samband med att kyrkan separerade fr\u00e5n staten \u00e5r 2000. F\u00f6r kungafamiljen var dock tillh\u00f6righeten till den lutherska traditionen viktig. Personligen \u00e4r jag glad \u00f6ver att v\u00e5r kungafamilj tycks tycka att den kristna tron \u00e4r viktig! Drottningen har nyligen varit med och gett ut en b\u00f6nbok d\u00e4r kungen har medverkat med fotografier. Drottning Silvias b\u00f6nbok finns att k\u00f6pa i Storkyrkoboden. Vi har en kungafamilj som inte \u00e4r likgiltiga inf\u00f6r kristen tro, som tycks anse att gudstj\u00e4nstliv och b\u00f6neliv \u00e4r n\u00e5got som berikar. Jag kan t\u00e4nka mig att det ligger till grund f\u00f6r deras vilja att i konstitutionen och successionen tillh\u00f6ra den evanglisk lutherska l\u00e4ran. Som lutheran \u00e4r jag glad \u00f6ver detta!<\/p>\n<p>Men Stefan Sw\u00e4rd, att Du som kristen kallar en gudstj\u00e4nst i Storkyrkan f\u00f6r det neds\u00e4ttande ordet &#8221;tillst\u00e4llning&#8221; tycker jag \u00e4r genant och oekumeniskt!<\/p>\n<div class=\"blogger-post-footer\"><img width='1' height='1' src='https:\/\/blogger.googleusercontent.com\/tracker\/9055441369901436026-562904767412200619?l=akebonnier.blogspot.com' alt='' \/><\/div>\n","protected":false},"excerpt":{"rendered":"<p>Pastorn i Elimf\u00f6rsamlingen i Stockholm Stefan Sw\u00e4rd kallar vigselgudstj\u00e4nsten i Storkyrkan nu p\u00e5 l\u00f6rdag d\u00e4r kronprinsessan Victoria och Daniel Westling ska ing\u00e5 \u00e4ktenskap f\u00f6r &#8221;tillst\u00e4llning&#8221; i en debattartikel i SVD idag. (http:\/\/www.svd.se\/opinion\/brannpunkt\/forlegat-religionstvang-for-kronprinsessan_4861261.svd) Anledningen till detta utfall som sker i en ohelig allians med Christer Sturmark som \u00e4r ordf\u00f6rande f\u00f6r Humanisterna, \u00e4r att man \u00e4r uppr\u00f6rd [&hellip;]<\/p>\n","protected":false},"author":108,"featured_media":0,"comment_status":"open","ping_status":"open","sticky":false,"template":"","format":"standard","meta":{"_acf_changed":false,"footnotes":""},"categories":[9],"tags":[],"class_list":["post-418","post","type-post","status-publish","format-standard","hentry","category-okategoriserade"],"acf":[],"yoast_head":"<!-- This site is optimized with the Yoast SEO plugin v27.1.1 - https:\/\/yoast.com\/product\/yoast-seo-wordpress\/ -->\n<title>Genant och oekumeniskt, Stefan Sw\u00e4rd! - \u00c5ke Bonnier<\/title>\n<meta name=\"robots\" content=\"index, follow, max-snippet:-1, max-image-preview:large, max-video-preview:-1\" \/>\n<link rel=\"canonical\" href=\"https:\/\/blogg.svenskakyrkan.se\/akebonnier\/2010\/06\/14\/genant-och-oekumeniskt-stefan-sward\/\" \/>\n<meta property=\"og:locale\" content=\"sv_SE\" \/>\n<meta property=\"og:type\" content=\"article\" \/>\n<meta property=\"og:title\" content=\"Genant och oekumeniskt, Stefan Sw\u00e4rd! - \u00c5ke Bonnier\" \/>\n<meta property=\"og:description\" content=\"Pastorn i Elimf\u00f6rsamlingen i Stockholm Stefan Sw\u00e4rd kallar vigselgudstj\u00e4nsten i Storkyrkan nu p\u00e5 l\u00f6rdag d\u00e4r kronprinsessan Victoria och Daniel Westling ska ing\u00e5 \u00e4ktenskap f\u00f6r &#8221;tillst\u00e4llning&#8221; i en debattartikel i SVD idag. (http:\/\/www.svd.se\/opinion\/brannpunkt\/forlegat-religionstvang-for-kronprinsessan_4861261.svd) Anledningen till detta utfall som sker i en ohelig allians med Christer Sturmark som \u00e4r ordf\u00f6rande f\u00f6r Humanisterna, \u00e4r att man \u00e4r uppr\u00f6rd [&hellip;]\" \/>\n<meta property=\"og:url\" content=\"https:\/\/blogg.svenskakyrkan.se\/akebonnier\/2010\/06\/14\/genant-och-oekumeniskt-stefan-sward\/\" \/>\n<meta property=\"og:site_name\" content=\"\u00c5ke Bonnier\" \/>\n<meta property=\"article:published_time\" content=\"2010-06-14T15:19:00+00:00\" \/>\n<meta property=\"og:image\" content=\"https:\/\/blogger.googleusercontent.com\/tracker\/9055441369901436026-562904767412200619?l=akebonnier.blogspot.com\" \/>\n<meta name=\"author\" content=\"\u00c5ke Bonnier\" \/>\n<meta name=\"twitter:card\" content=\"summary_large_image\" \/>\n<meta name=\"twitter:label1\" content=\"Skriven av\" \/>\n\t<meta name=\"twitter:data1\" content=\"\u00c5ke Bonnier\" \/>\n\t<meta name=\"twitter:label2\" content=\"Ber\u00e4knad l\u00e4stid\" \/>\n\t<meta name=\"twitter:data2\" content=\"1 minut\" \/>\n<script type=\"application\/ld+json\" class=\"yoast-schema-graph\">{\"@context\":\"https:\/\/schema.org\",\"@graph\":[{\"@type\":\"Article\",\"@id\":\"https:\/\/blogg.svenskakyrkan.se\/akebonnier\/2010\/06\/14\/genant-och-oekumeniskt-stefan-sward\/#article\",\"isPartOf\":{\"@id\":\"https:\/\/blogg.svenskakyrkan.se\/akebonnier\/2010\/06\/14\/genant-och-oekumeniskt-stefan-sward\/\"},\"author\":{\"name\":\"\u00c5ke Bonnier\",\"@id\":\"https:\/\/blogg.svenskakyrkan.se\/akebonnier\/#\/schema\/person\/8db68bc0c94f6a5a62df2d4486ff1343\"},\"headline\":\"Genant och oekumeniskt, Stefan Sw\u00e4rd!\",\"datePublished\":\"2010-06-14T15:19:00+00:00\",\"mainEntityOfPage\":{\"@id\":\"https:\/\/blogg.svenskakyrkan.se\/akebonnier\/2010\/06\/14\/genant-och-oekumeniskt-stefan-sward\/\"},\"wordCount\":259,\"commentCount\":19,\"image\":{\"@id\":\"https:\/\/blogg.svenskakyrkan.se\/akebonnier\/2010\/06\/14\/genant-och-oekumeniskt-stefan-sward\/#primaryimage\"},\"thumbnailUrl\":\"https:\/\/blogger.googleusercontent.com\/tracker\/9055441369901436026-562904767412200619?l=akebonnier.blogspot.com\",\"inLanguage\":\"sv-SE\",\"potentialAction\":[{\"@type\":\"CommentAction\",\"name\":\"Comment\",\"target\":[\"https:\/\/blogg.svenskakyrkan.se\/akebonnier\/2010\/06\/14\/genant-och-oekumeniskt-stefan-sward\/#respond\"]}]},{\"@type\":\"WebPage\",\"@id\":\"https:\/\/blogg.svenskakyrkan.se\/akebonnier\/2010\/06\/14\/genant-och-oekumeniskt-stefan-sward\/\",\"url\":\"https:\/\/blogg.svenskakyrkan.se\/akebonnier\/2010\/06\/14\/genant-och-oekumeniskt-stefan-sward\/\",\"name\":\"Genant och oekumeniskt, Stefan Sw\u00e4rd! - \u00c5ke Bonnier\",\"isPartOf\":{\"@id\":\"https:\/\/blogg.svenskakyrkan.se\/akebonnier\/#website\"},\"primaryImageOfPage\":{\"@id\":\"https:\/\/blogg.svenskakyrkan.se\/akebonnier\/2010\/06\/14\/genant-och-oekumeniskt-stefan-sward\/#primaryimage\"},\"image\":{\"@id\":\"https:\/\/blogg.svenskakyrkan.se\/akebonnier\/2010\/06\/14\/genant-och-oekumeniskt-stefan-sward\/#primaryimage\"},\"thumbnailUrl\":\"https:\/\/blogger.googleusercontent.com\/tracker\/9055441369901436026-562904767412200619?l=akebonnier.blogspot.com\",\"datePublished\":\"2010-06-14T15:19:00+00:00\",\"author\":{\"@id\":\"https:\/\/blogg.svenskakyrkan.se\/akebonnier\/#\/schema\/person\/8db68bc0c94f6a5a62df2d4486ff1343\"},\"breadcrumb\":{\"@id\":\"https:\/\/blogg.svenskakyrkan.se\/akebonnier\/2010\/06\/14\/genant-och-oekumeniskt-stefan-sward\/#breadcrumb\"},\"inLanguage\":\"sv-SE\",\"potentialAction\":[{\"@type\":\"ReadAction\",\"target\":[\"https:\/\/blogg.svenskakyrkan.se\/akebonnier\/2010\/06\/14\/genant-och-oekumeniskt-stefan-sward\/\"]}]},{\"@type\":\"ImageObject\",\"inLanguage\":\"sv-SE\",\"@id\":\"https:\/\/blogg.svenskakyrkan.se\/akebonnier\/2010\/06\/14\/genant-och-oekumeniskt-stefan-sward\/#primaryimage\",\"url\":\"https:\/\/blogger.googleusercontent.com\/tracker\/9055441369901436026-562904767412200619?l=akebonnier.blogspot.com\",\"contentUrl\":\"https:\/\/blogger.googleusercontent.com\/tracker\/9055441369901436026-562904767412200619?l=akebonnier.blogspot.com\"},{\"@type\":\"BreadcrumbList\",\"@id\":\"https:\/\/blogg.svenskakyrkan.se\/akebonnier\/2010\/06\/14\/genant-och-oekumeniskt-stefan-sward\/#breadcrumb\",\"itemListElement\":[{\"@type\":\"ListItem\",\"position\":1,\"name\":\"Hem\",\"item\":\"https:\/\/blogg.svenskakyrkan.se\/akebonnier\/\"},{\"@type\":\"ListItem\",\"position\":2,\"name\":\"Genant och oekumeniskt, Stefan Sw\u00e4rd!\"}]},{\"@type\":\"WebSite\",\"@id\":\"https:\/\/blogg.svenskakyrkan.se\/akebonnier\/#website\",\"url\":\"https:\/\/blogg.svenskakyrkan.se\/akebonnier\/\",\"name\":\"\u00c5ke Bonnier\",\"description\":\"Biskop i Svenska kyrkan - Skara stift\",\"potentialAction\":[{\"@type\":\"SearchAction\",\"target\":{\"@type\":\"EntryPoint\",\"urlTemplate\":\"https:\/\/blogg.svenskakyrkan.se\/akebonnier\/?s={search_term_string}\"},\"query-input\":{\"@type\":\"PropertyValueSpecification\",\"valueRequired\":true,\"valueName\":\"search_term_string\"}}],\"inLanguage\":\"sv-SE\"},{\"@type\":\"Person\",\"@id\":\"https:\/\/blogg.svenskakyrkan.se\/akebonnier\/#\/schema\/person\/8db68bc0c94f6a5a62df2d4486ff1343\",\"name\":\"\u00c5ke Bonnier\",\"image\":{\"@type\":\"ImageObject\",\"inLanguage\":\"sv-SE\",\"@id\":\"https:\/\/blogg.svenskakyrkan.se\/akebonnier\/#\/schema\/person\/image\/\",\"url\":\"https:\/\/secure.gravatar.com\/avatar\/b88264736bb0bc0d1ea92298aef02c9f98cfc13c7484130c42c663ae484f9462?s=96&d=mm&r=g\",\"contentUrl\":\"https:\/\/secure.gravatar.com\/avatar\/b88264736bb0bc0d1ea92298aef02c9f98cfc13c7484130c42c663ae484f9462?s=96&d=mm&r=g\",\"caption\":\"\u00c5ke Bonnier\"},\"description\":\"Jag \u00e4r gift och har tv\u00e5 vuxna d\u00f6ttrar. Pr\u00e4stvigdes 1984 och biskopsvigs 26 augusti 2012 . Jag har tidigare bland annat varit, komminister och kyrkoherde i Liding\u00f6 f\u00f6rsamling och domprost i Stockholms domkyrkof\u00f6rsamling. Jag \u00e4r intresserad av konst, litteratur, teater, film. Jag tr\u00e4nar regelbundet p\u00e5 gym. Mitt huvudsakliga musikintresse \u00e4r klassisk musik men ocks\u00e5 Beatles, Elvis Presley, Monika Zettelund, Povel Ramel och m\u00e5nga andra tycker jag om att lyssna p\u00e5. Jag l\u00e4ser f\u00f6r lite sk\u00f6nlitteratur beroende p\u00e5 annat som jag m\u00e5ste l\u00e4sa i mitt uppdrag som biskop. Men jag \u00e4lskar b\u00f6cker. Naturligtvis l\u00e4ser jag n\u00e4st intill dagligdags i \\\"B\u00f6ckernas Bok.\\\"\",\"sameAs\":[\"http:\/\/www.skarastift.se\"],\"url\":\"https:\/\/blogg.svenskakyrkan.se\/akebonnier\/author\/akebonnier\/\"}]}<\/script>\n<!-- \/ Yoast SEO plugin. -->","yoast_head_json":{"title":"Genant och oekumeniskt, Stefan Sw\u00e4rd! - \u00c5ke Bonnier","robots":{"index":"index","follow":"follow","max-snippet":"max-snippet:-1","max-image-preview":"max-image-preview:large","max-video-preview":"max-video-preview:-1"},"canonical":"https:\/\/blogg.svenskakyrkan.se\/akebonnier\/2010\/06\/14\/genant-och-oekumeniskt-stefan-sward\/","og_locale":"sv_SE","og_type":"article","og_title":"Genant och oekumeniskt, Stefan Sw\u00e4rd! - \u00c5ke Bonnier","og_description":"Pastorn i Elimf\u00f6rsamlingen i Stockholm Stefan Sw\u00e4rd kallar vigselgudstj\u00e4nsten i Storkyrkan nu p\u00e5 l\u00f6rdag d\u00e4r kronprinsessan Victoria och Daniel Westling ska ing\u00e5 \u00e4ktenskap f\u00f6r &#8221;tillst\u00e4llning&#8221; i en debattartikel i SVD idag. (http:\/\/www.svd.se\/opinion\/brannpunkt\/forlegat-religionstvang-for-kronprinsessan_4861261.svd) Anledningen till detta utfall som sker i en ohelig allians med Christer Sturmark som \u00e4r ordf\u00f6rande f\u00f6r Humanisterna, \u00e4r att man \u00e4r uppr\u00f6rd [&hellip;]","og_url":"https:\/\/blogg.svenskakyrkan.se\/akebonnier\/2010\/06\/14\/genant-och-oekumeniskt-stefan-sward\/","og_site_name":"\u00c5ke Bonnier","article_published_time":"2010-06-14T15:19:00+00:00","og_image":[{"url":"https:\/\/blogger.googleusercontent.com\/tracker\/9055441369901436026-562904767412200619?l=akebonnier.blogspot.com","type":"","width":"","height":""}],"author":"\u00c5ke Bonnier","twitter_card":"summary_large_image","twitter_misc":{"Skriven av":"\u00c5ke Bonnier","Ber\u00e4knad l\u00e4stid":"1 minut"},"schema":{"@context":"https:\/\/schema.org","@graph":[{"@type":"Article","@id":"https:\/\/blogg.svenskakyrkan.se\/akebonnier\/2010\/06\/14\/genant-och-oekumeniskt-stefan-sward\/#article","isPartOf":{"@id":"https:\/\/blogg.svenskakyrkan.se\/akebonnier\/2010\/06\/14\/genant-och-oekumeniskt-stefan-sward\/"},"author":{"name":"\u00c5ke Bonnier","@id":"https:\/\/blogg.svenskakyrkan.se\/akebonnier\/#\/schema\/person\/8db68bc0c94f6a5a62df2d4486ff1343"},"headline":"Genant och oekumeniskt, Stefan Sw\u00e4rd!","datePublished":"2010-06-14T15:19:00+00:00","mainEntityOfPage":{"@id":"https:\/\/blogg.svenskakyrkan.se\/akebonnier\/2010\/06\/14\/genant-och-oekumeniskt-stefan-sward\/"},"wordCount":259,"commentCount":19,"image":{"@id":"https:\/\/blogg.svenskakyrkan.se\/akebonnier\/2010\/06\/14\/genant-och-oekumeniskt-stefan-sward\/#primaryimage"},"thumbnailUrl":"https:\/\/blogger.googleusercontent.com\/tracker\/9055441369901436026-562904767412200619?l=akebonnier.blogspot.com","inLanguage":"sv-SE","potentialAction":[{"@type":"CommentAction","name":"Comment","target":["https:\/\/blogg.svenskakyrkan.se\/akebonnier\/2010\/06\/14\/genant-och-oekumeniskt-stefan-sward\/#respond"]}]},{"@type":"WebPage","@id":"https:\/\/blogg.svenskakyrkan.se\/akebonnier\/2010\/06\/14\/genant-och-oekumeniskt-stefan-sward\/","url":"https:\/\/blogg.svenskakyrkan.se\/akebonnier\/2010\/06\/14\/genant-och-oekumeniskt-stefan-sward\/","name":"Genant och oekumeniskt, Stefan Sw\u00e4rd! - \u00c5ke Bonnier","isPartOf":{"@id":"https:\/\/blogg.svenskakyrkan.se\/akebonnier\/#website"},"primaryImageOfPage":{"@id":"https:\/\/blogg.svenskakyrkan.se\/akebonnier\/2010\/06\/14\/genant-och-oekumeniskt-stefan-sward\/#primaryimage"},"image":{"@id":"https:\/\/blogg.svenskakyrkan.se\/akebonnier\/2010\/06\/14\/genant-och-oekumeniskt-stefan-sward\/#primaryimage"},"thumbnailUrl":"https:\/\/blogger.googleusercontent.com\/tracker\/9055441369901436026-562904767412200619?l=akebonnier.blogspot.com","datePublished":"2010-06-14T15:19:00+00:00","author":{"@id":"https:\/\/blogg.svenskakyrkan.se\/akebonnier\/#\/schema\/person\/8db68bc0c94f6a5a62df2d4486ff1343"},"breadcrumb":{"@id":"https:\/\/blogg.svenskakyrkan.se\/akebonnier\/2010\/06\/14\/genant-och-oekumeniskt-stefan-sward\/#breadcrumb"},"inLanguage":"sv-SE","potentialAction":[{"@type":"ReadAction","target":["https:\/\/blogg.svenskakyrkan.se\/akebonnier\/2010\/06\/14\/genant-och-oekumeniskt-stefan-sward\/"]}]},{"@type":"ImageObject","inLanguage":"sv-SE","@id":"https:\/\/blogg.svenskakyrkan.se\/akebonnier\/2010\/06\/14\/genant-och-oekumeniskt-stefan-sward\/#primaryimage","url":"https:\/\/blogger.googleusercontent.com\/tracker\/9055441369901436026-562904767412200619?l=akebonnier.blogspot.com","contentUrl":"https:\/\/blogger.googleusercontent.com\/tracker\/9055441369901436026-562904767412200619?l=akebonnier.blogspot.com"},{"@type":"BreadcrumbList","@id":"https:\/\/blogg.svenskakyrkan.se\/akebonnier\/2010\/06\/14\/genant-och-oekumeniskt-stefan-sward\/#breadcrumb","itemListElement":[{"@type":"ListItem","position":1,"name":"Hem","item":"https:\/\/blogg.svenskakyrkan.se\/akebonnier\/"},{"@type":"ListItem","position":2,"name":"Genant och oekumeniskt, Stefan Sw\u00e4rd!"}]},{"@type":"WebSite","@id":"https:\/\/blogg.svenskakyrkan.se\/akebonnier\/#website","url":"https:\/\/blogg.svenskakyrkan.se\/akebonnier\/","name":"\u00c5ke Bonnier","description":"Biskop i Svenska kyrkan - Skara stift","potentialAction":[{"@type":"SearchAction","target":{"@type":"EntryPoint","urlTemplate":"https:\/\/blogg.svenskakyrkan.se\/akebonnier\/?s={search_term_string}"},"query-input":{"@type":"PropertyValueSpecification","valueRequired":true,"valueName":"search_term_string"}}],"inLanguage":"sv-SE"},{"@type":"Person","@id":"https:\/\/blogg.svenskakyrkan.se\/akebonnier\/#\/schema\/person\/8db68bc0c94f6a5a62df2d4486ff1343","name":"\u00c5ke Bonnier","image":{"@type":"ImageObject","inLanguage":"sv-SE","@id":"https:\/\/blogg.svenskakyrkan.se\/akebonnier\/#\/schema\/person\/image\/","url":"https:\/\/secure.gravatar.com\/avatar\/b88264736bb0bc0d1ea92298aef02c9f98cfc13c7484130c42c663ae484f9462?s=96&d=mm&r=g","contentUrl":"https:\/\/secure.gravatar.com\/avatar\/b88264736bb0bc0d1ea92298aef02c9f98cfc13c7484130c42c663ae484f9462?s=96&d=mm&r=g","caption":"\u00c5ke Bonnier"},"description":"Jag \u00e4r gift och har tv\u00e5 vuxna d\u00f6ttrar. Pr\u00e4stvigdes 1984 och biskopsvigs 26 augusti 2012 . Jag har tidigare bland annat varit, komminister och kyrkoherde i Liding\u00f6 f\u00f6rsamling och domprost i Stockholms domkyrkof\u00f6rsamling. Jag \u00e4r intresserad av konst, litteratur, teater, film. Jag tr\u00e4nar regelbundet p\u00e5 gym. Mitt huvudsakliga musikintresse \u00e4r klassisk musik men ocks\u00e5 Beatles, Elvis Presley, Monika Zettelund, Povel Ramel och m\u00e5nga andra tycker jag om att lyssna p\u00e5. Jag l\u00e4ser f\u00f6r lite sk\u00f6nlitteratur beroende p\u00e5 annat som jag m\u00e5ste l\u00e4sa i mitt uppdrag som biskop. Men jag \u00e4lskar b\u00f6cker. Naturligtvis l\u00e4ser jag n\u00e4st intill dagligdags i \"B\u00f6ckernas Bok.\"","sameAs":["http:\/\/www.skarastift.se"],"url":"https:\/\/blogg.svenskakyrkan.se\/akebonnier\/author\/akebonnier\/"}]}},"author_meta":{"ID":"108","user_nicename":"akebonnier","user_url":"http:\/\/www.skarastift.se","user_registered":"2011-10-11 09:24:48","display_name":"\u00c5ke Bonnier","first_name":"\u00c5ke","last_name":"Bonnier","avatar":"https:\/\/secure.gravatar.com\/avatar\/b88264736bb0bc0d1ea92298aef02c9f98cfc13c7484130c42c663ae484f9462?s=96&d=mm&r=g"},"featured_image":false,"bloginfo":{"name":"\u00c5ke Bonnier","url":"https:\/\/blogg.svenskakyrkan.se\/akebonnier"},"_links":{"self":[{"href":"https:\/\/blogg.svenskakyrkan.se\/akebonnier\/wp-json\/wp\/v2\/posts\/418","targetHints":{"allow":["GET"]}}],"collection":[{"href":"https:\/\/blogg.svenskakyrkan.se\/akebonnier\/wp-json\/wp\/v2\/posts"}],"about":[{"href":"https:\/\/blogg.svenskakyrkan.se\/akebonnier\/wp-json\/wp\/v2\/types\/post"}],"author":[{"embeddable":true,"href":"https:\/\/blogg.svenskakyrkan.se\/akebonnier\/wp-json\/wp\/v2\/users\/108"}],"replies":[{"embeddable":true,"href":"https:\/\/blogg.svenskakyrkan.se\/akebonnier\/wp-json\/wp\/v2\/comments?post=418"}],"version-history":[{"count":0,"href":"https:\/\/blogg.svenskakyrkan.se\/akebonnier\/wp-json\/wp\/v2\/posts\/418\/revisions"}],"wp:attachment":[{"href":"https:\/\/blogg.svenskakyrkan.se\/akebonnier\/wp-json\/wp\/v2\/media?parent=418"}],"wp:term":[{"taxonomy":"category","embeddable":true,"href":"https:\/\/blogg.svenskakyrkan.se\/akebonnier\/wp-json\/wp\/v2\/categories?post=418"},{"taxonomy":"post_tag","embeddable":true,"href":"https:\/\/blogg.svenskakyrkan.se\/akebonnier\/wp-json\/wp\/v2\/tags?post=418"}],"curies":[{"name":"wp","href":"https:\/\/api.w.org\/{rel}","templated":true}]}}