{"id":419,"date":"2010-06-16T21:05:00","date_gmt":"2010-06-16T21:05:00","guid":{"rendered":"http:\/\/blogg.svenskakyrkan.se\/akebonnier\/2010\/06\/16\/karleken-segrar\/"},"modified":"2010-06-16T21:05:00","modified_gmt":"2010-06-16T21:05:00","slug":"karleken-segrar","status":"publish","type":"post","link":"https:\/\/blogg.svenskakyrkan.se\/akebonnier\/2010\/06\/16\/karleken-segrar\/","title":{"rendered":"K\u00e4rleken segrar!"},"content":{"rendered":"<p>Det blir temat f\u00f6r min predikan i Storkyrkan nu p\u00e5 s\u00f6ndag n\u00e4r vi \u00f6ppnar kyrkan f\u00f6r allm\u00e4nheten igen. Gudstj\u00e4nsten b\u00f6rjar kl 11.00 men redan kl. 10.00 sl\u00e5s d\u00f6rrarna upp f\u00f6r gudstj\u00e4nstfirare.<\/p>\n<p>K\u00e4rleken segrar kan nog vara ett tema ocks\u00e5 f\u00f6r l\u00f6rdagens omtalade vigselgudstj\u00e4nst. F\u00f6r det \u00e4r just detta som brudparet i Storkyrkan uttrycker n\u00e4r de st\u00e5r inf\u00f6r h\u00f6galtaret och svarar ja p\u00e5 de givna fr\u00e5gorna. Mot alla odds, mot allt ont f\u00f6rtal f\u00f6r l\u00e4nge sedan, mot allt vad olika kraxande r\u00f6ster sagt s\u00e5 st\u00e5r de d\u00e4r nu &#8211; Sveriges tronf\u00f6ljare och mannen av folket och s\u00e4ger h\u00f6gt och ljudligt att de \u00e4lskar varandra. Ingenting kan stoppa deras k\u00e4rlek. Men sen d\u00e5?<\/p>\n<p>N\u00e4r ett brudpar har sagt ja tillvarandra, n\u00e4r br\u00f6llopsmiddag och br\u00f6llopsvals \u00e4r ett minne blott &#8211; hur blir det d\u00e5?<\/p>\n<p>Det viktiga \u00e4r att ett brudpars \u00f6msesidiga ja f\u00e5r upprepas varje dag. man beh\u00f6ver v\u00e4lja varandra varje dag &#8211; inte bara d\u00e5 man friar eller d\u00e5 man s\u00e4ger ja inf\u00f6r Gud och i denna f\u00f6rsamlings n\u00e4rvaro. \u00c4ktenskapet \u00e4r inte en trygg hamn utan kanske snarare en sp\u00e4nnande seglats, ett \u00e4ventyr som \u00e4r nytt varje dag och d\u00e4r man f\u00e5r uppt\u00e4cka mer av varandra, dag f\u00f6r dag, stund f\u00f6r stund.<\/p>\n<p>Detta \u00f6nskar jag varje brudpar &#8211; att man ska f\u00e5 forts\u00e4tta tillsammans, forts\u00e4tta att s\u00e4ga ja till varandra, forts\u00e4tta att odla varandra, forts\u00e4ttra att skratta tillsammans, gr\u00e5ta ihop. finnas f\u00f6r varandra, v\u00e4xa tillsammans. Man beh\u00f6ver tid f\u00f6r varandra n\u00e4r mycket annat tar ens tid i anspr\u00e5k. man beh\u00f6ver v\u00e4lja varandra ocks\u00e5 i almanackan, prioritera varandra. Det \u00e4r viktigt.<\/p>\n<p>Jag \u00e4r en ivrig motarbetare av skilsm\u00e4ssor men statistiskt sett ligger jag i underl\u00e4ge. Men skam den som ger sig! Jag kallar n\u00e4stan varje brudpar till ett servicesamtal ett \u00e5r efter vigseln f\u00f6r att samtala om \u00e5ret som g\u00e5tt och \u00e5ren som kommer. Allt i akt och syfte att st\u00f6tta p\u00e5 v\u00e4gen. Fler samtal skulle egentligen beh\u00f6vas i ett sorts \u00e4ktenskapets friskv\u00e5rd.<\/p>\n<p>Min dr\u00f6m \u00e4r att varje brudpar ska avsluta sitt mycket l\u00e5nga gemensamma \u00e4ktenskap n\u00e4r d\u00f6den skiljer dem \u00e5t och de, var och en, med det l\u00e5nga gemensamma livet ska kunna bekr\u00e4fta denna bloggs rubrik:<\/p>\n<p>K\u00e4rleken segrar!<\/p>\n<div class=\"blogger-post-footer\"><img width='1' height='1' src='https:\/\/blogger.googleusercontent.com\/tracker\/9055441369901436026-4596639458019153858?l=akebonnier.blogspot.com' alt='' \/><\/div>\n","protected":false},"excerpt":{"rendered":"<p>Det blir temat f\u00f6r min predikan i Storkyrkan nu p\u00e5 s\u00f6ndag n\u00e4r vi \u00f6ppnar kyrkan f\u00f6r allm\u00e4nheten igen. Gudstj\u00e4nsten b\u00f6rjar kl 11.00 men redan kl. 10.00 sl\u00e5s d\u00f6rrarna upp f\u00f6r gudstj\u00e4nstfirare. K\u00e4rleken segrar kan nog vara ett tema ocks\u00e5 f\u00f6r l\u00f6rdagens omtalade vigselgudstj\u00e4nst. F\u00f6r det \u00e4r just detta som brudparet i Storkyrkan uttrycker n\u00e4r de [&hellip;]<\/p>\n","protected":false},"author":108,"featured_media":0,"comment_status":"open","ping_status":"open","sticky":false,"template":"","format":"standard","meta":{"_acf_changed":false,"footnotes":""},"categories":[16394],"tags":[],"class_list":["post-419","post","type-post","status-publish","format-standard","hentry","category-karleken-segrar"],"acf":[],"yoast_head":"<!-- This site is optimized with the Yoast SEO plugin v27.1.1 - https:\/\/yoast.com\/product\/yoast-seo-wordpress\/ -->\n<title>K\u00e4rleken segrar! - \u00c5ke Bonnier<\/title>\n<meta name=\"robots\" content=\"index, follow, max-snippet:-1, max-image-preview:large, max-video-preview:-1\" \/>\n<link rel=\"canonical\" href=\"https:\/\/blogg.svenskakyrkan.se\/akebonnier\/2010\/06\/16\/karleken-segrar\/\" \/>\n<meta property=\"og:locale\" content=\"sv_SE\" \/>\n<meta property=\"og:type\" content=\"article\" \/>\n<meta property=\"og:title\" content=\"K\u00e4rleken segrar! - \u00c5ke Bonnier\" \/>\n<meta property=\"og:description\" content=\"Det blir temat f\u00f6r min predikan i Storkyrkan nu p\u00e5 s\u00f6ndag n\u00e4r vi \u00f6ppnar kyrkan f\u00f6r allm\u00e4nheten igen. Gudstj\u00e4nsten b\u00f6rjar kl 11.00 men redan kl. 10.00 sl\u00e5s d\u00f6rrarna upp f\u00f6r gudstj\u00e4nstfirare. K\u00e4rleken segrar kan nog vara ett tema ocks\u00e5 f\u00f6r l\u00f6rdagens omtalade vigselgudstj\u00e4nst. F\u00f6r det \u00e4r just detta som brudparet i Storkyrkan uttrycker n\u00e4r de [&hellip;]\" \/>\n<meta property=\"og:url\" content=\"https:\/\/blogg.svenskakyrkan.se\/akebonnier\/2010\/06\/16\/karleken-segrar\/\" \/>\n<meta property=\"og:site_name\" content=\"\u00c5ke Bonnier\" \/>\n<meta property=\"article:published_time\" content=\"2010-06-16T21:05:00+00:00\" \/>\n<meta property=\"og:image\" content=\"https:\/\/blogger.googleusercontent.com\/tracker\/9055441369901436026-4596639458019153858?l=akebonnier.blogspot.com\" \/>\n<meta name=\"author\" content=\"\u00c5ke Bonnier\" \/>\n<meta name=\"twitter:card\" content=\"summary_large_image\" \/>\n<meta name=\"twitter:label1\" content=\"Skriven av\" \/>\n\t<meta name=\"twitter:data1\" content=\"\u00c5ke Bonnier\" \/>\n\t<meta name=\"twitter:label2\" content=\"Ber\u00e4knad l\u00e4stid\" \/>\n\t<meta name=\"twitter:data2\" content=\"2 minuter\" \/>\n<script type=\"application\/ld+json\" class=\"yoast-schema-graph\">{\"@context\":\"https:\/\/schema.org\",\"@graph\":[{\"@type\":\"Article\",\"@id\":\"https:\/\/blogg.svenskakyrkan.se\/akebonnier\/2010\/06\/16\/karleken-segrar\/#article\",\"isPartOf\":{\"@id\":\"https:\/\/blogg.svenskakyrkan.se\/akebonnier\/2010\/06\/16\/karleken-segrar\/\"},\"author\":{\"name\":\"\u00c5ke Bonnier\",\"@id\":\"https:\/\/blogg.svenskakyrkan.se\/akebonnier\/#\/schema\/person\/8db68bc0c94f6a5a62df2d4486ff1343\"},\"headline\":\"K\u00e4rleken segrar!\",\"datePublished\":\"2010-06-16T21:05:00+00:00\",\"mainEntityOfPage\":{\"@id\":\"https:\/\/blogg.svenskakyrkan.se\/akebonnier\/2010\/06\/16\/karleken-segrar\/\"},\"wordCount\":435,\"commentCount\":5,\"image\":{\"@id\":\"https:\/\/blogg.svenskakyrkan.se\/akebonnier\/2010\/06\/16\/karleken-segrar\/#primaryimage\"},\"thumbnailUrl\":\"https:\/\/blogger.googleusercontent.com\/tracker\/9055441369901436026-4596639458019153858?l=akebonnier.blogspot.com\",\"articleSection\":[\"K\u00e4rleken segrar\"],\"inLanguage\":\"sv-SE\",\"potentialAction\":[{\"@type\":\"CommentAction\",\"name\":\"Comment\",\"target\":[\"https:\/\/blogg.svenskakyrkan.se\/akebonnier\/2010\/06\/16\/karleken-segrar\/#respond\"]}]},{\"@type\":\"WebPage\",\"@id\":\"https:\/\/blogg.svenskakyrkan.se\/akebonnier\/2010\/06\/16\/karleken-segrar\/\",\"url\":\"https:\/\/blogg.svenskakyrkan.se\/akebonnier\/2010\/06\/16\/karleken-segrar\/\",\"name\":\"K\u00e4rleken segrar! - \u00c5ke Bonnier\",\"isPartOf\":{\"@id\":\"https:\/\/blogg.svenskakyrkan.se\/akebonnier\/#website\"},\"primaryImageOfPage\":{\"@id\":\"https:\/\/blogg.svenskakyrkan.se\/akebonnier\/2010\/06\/16\/karleken-segrar\/#primaryimage\"},\"image\":{\"@id\":\"https:\/\/blogg.svenskakyrkan.se\/akebonnier\/2010\/06\/16\/karleken-segrar\/#primaryimage\"},\"thumbnailUrl\":\"https:\/\/blogger.googleusercontent.com\/tracker\/9055441369901436026-4596639458019153858?l=akebonnier.blogspot.com\",\"datePublished\":\"2010-06-16T21:05:00+00:00\",\"author\":{\"@id\":\"https:\/\/blogg.svenskakyrkan.se\/akebonnier\/#\/schema\/person\/8db68bc0c94f6a5a62df2d4486ff1343\"},\"breadcrumb\":{\"@id\":\"https:\/\/blogg.svenskakyrkan.se\/akebonnier\/2010\/06\/16\/karleken-segrar\/#breadcrumb\"},\"inLanguage\":\"sv-SE\",\"potentialAction\":[{\"@type\":\"ReadAction\",\"target\":[\"https:\/\/blogg.svenskakyrkan.se\/akebonnier\/2010\/06\/16\/karleken-segrar\/\"]}]},{\"@type\":\"ImageObject\",\"inLanguage\":\"sv-SE\",\"@id\":\"https:\/\/blogg.svenskakyrkan.se\/akebonnier\/2010\/06\/16\/karleken-segrar\/#primaryimage\",\"url\":\"https:\/\/blogger.googleusercontent.com\/tracker\/9055441369901436026-4596639458019153858?l=akebonnier.blogspot.com\",\"contentUrl\":\"https:\/\/blogger.googleusercontent.com\/tracker\/9055441369901436026-4596639458019153858?l=akebonnier.blogspot.com\"},{\"@type\":\"BreadcrumbList\",\"@id\":\"https:\/\/blogg.svenskakyrkan.se\/akebonnier\/2010\/06\/16\/karleken-segrar\/#breadcrumb\",\"itemListElement\":[{\"@type\":\"ListItem\",\"position\":1,\"name\":\"Hem\",\"item\":\"https:\/\/blogg.svenskakyrkan.se\/akebonnier\/\"},{\"@type\":\"ListItem\",\"position\":2,\"name\":\"K\u00e4rleken segrar!\"}]},{\"@type\":\"WebSite\",\"@id\":\"https:\/\/blogg.svenskakyrkan.se\/akebonnier\/#website\",\"url\":\"https:\/\/blogg.svenskakyrkan.se\/akebonnier\/\",\"name\":\"\u00c5ke Bonnier\",\"description\":\"Biskop i Svenska kyrkan - Skara stift\",\"potentialAction\":[{\"@type\":\"SearchAction\",\"target\":{\"@type\":\"EntryPoint\",\"urlTemplate\":\"https:\/\/blogg.svenskakyrkan.se\/akebonnier\/?s={search_term_string}\"},\"query-input\":{\"@type\":\"PropertyValueSpecification\",\"valueRequired\":true,\"valueName\":\"search_term_string\"}}],\"inLanguage\":\"sv-SE\"},{\"@type\":\"Person\",\"@id\":\"https:\/\/blogg.svenskakyrkan.se\/akebonnier\/#\/schema\/person\/8db68bc0c94f6a5a62df2d4486ff1343\",\"name\":\"\u00c5ke Bonnier\",\"image\":{\"@type\":\"ImageObject\",\"inLanguage\":\"sv-SE\",\"@id\":\"https:\/\/blogg.svenskakyrkan.se\/akebonnier\/#\/schema\/person\/image\/\",\"url\":\"https:\/\/secure.gravatar.com\/avatar\/b88264736bb0bc0d1ea92298aef02c9f98cfc13c7484130c42c663ae484f9462?s=96&d=mm&r=g\",\"contentUrl\":\"https:\/\/secure.gravatar.com\/avatar\/b88264736bb0bc0d1ea92298aef02c9f98cfc13c7484130c42c663ae484f9462?s=96&d=mm&r=g\",\"caption\":\"\u00c5ke Bonnier\"},\"description\":\"Jag \u00e4r gift och har tv\u00e5 vuxna d\u00f6ttrar. Pr\u00e4stvigdes 1984 och biskopsvigs 26 augusti 2012 . Jag har tidigare bland annat varit, komminister och kyrkoherde i Liding\u00f6 f\u00f6rsamling och domprost i Stockholms domkyrkof\u00f6rsamling. Jag \u00e4r intresserad av konst, litteratur, teater, film. Jag tr\u00e4nar regelbundet p\u00e5 gym. Mitt huvudsakliga musikintresse \u00e4r klassisk musik men ocks\u00e5 Beatles, Elvis Presley, Monika Zettelund, Povel Ramel och m\u00e5nga andra tycker jag om att lyssna p\u00e5. Jag l\u00e4ser f\u00f6r lite sk\u00f6nlitteratur beroende p\u00e5 annat som jag m\u00e5ste l\u00e4sa i mitt uppdrag som biskop. Men jag \u00e4lskar b\u00f6cker. Naturligtvis l\u00e4ser jag n\u00e4st intill dagligdags i \\\"B\u00f6ckernas Bok.\\\"\",\"sameAs\":[\"http:\/\/www.skarastift.se\"],\"url\":\"https:\/\/blogg.svenskakyrkan.se\/akebonnier\/author\/akebonnier\/\"}]}<\/script>\n<!-- \/ Yoast SEO plugin. -->","yoast_head_json":{"title":"K\u00e4rleken segrar! - \u00c5ke Bonnier","robots":{"index":"index","follow":"follow","max-snippet":"max-snippet:-1","max-image-preview":"max-image-preview:large","max-video-preview":"max-video-preview:-1"},"canonical":"https:\/\/blogg.svenskakyrkan.se\/akebonnier\/2010\/06\/16\/karleken-segrar\/","og_locale":"sv_SE","og_type":"article","og_title":"K\u00e4rleken segrar! - \u00c5ke Bonnier","og_description":"Det blir temat f\u00f6r min predikan i Storkyrkan nu p\u00e5 s\u00f6ndag n\u00e4r vi \u00f6ppnar kyrkan f\u00f6r allm\u00e4nheten igen. Gudstj\u00e4nsten b\u00f6rjar kl 11.00 men redan kl. 10.00 sl\u00e5s d\u00f6rrarna upp f\u00f6r gudstj\u00e4nstfirare. K\u00e4rleken segrar kan nog vara ett tema ocks\u00e5 f\u00f6r l\u00f6rdagens omtalade vigselgudstj\u00e4nst. F\u00f6r det \u00e4r just detta som brudparet i Storkyrkan uttrycker n\u00e4r de [&hellip;]","og_url":"https:\/\/blogg.svenskakyrkan.se\/akebonnier\/2010\/06\/16\/karleken-segrar\/","og_site_name":"\u00c5ke Bonnier","article_published_time":"2010-06-16T21:05:00+00:00","og_image":[{"url":"https:\/\/blogger.googleusercontent.com\/tracker\/9055441369901436026-4596639458019153858?l=akebonnier.blogspot.com","type":"","width":"","height":""}],"author":"\u00c5ke Bonnier","twitter_card":"summary_large_image","twitter_misc":{"Skriven av":"\u00c5ke Bonnier","Ber\u00e4knad l\u00e4stid":"2 minuter"},"schema":{"@context":"https:\/\/schema.org","@graph":[{"@type":"Article","@id":"https:\/\/blogg.svenskakyrkan.se\/akebonnier\/2010\/06\/16\/karleken-segrar\/#article","isPartOf":{"@id":"https:\/\/blogg.svenskakyrkan.se\/akebonnier\/2010\/06\/16\/karleken-segrar\/"},"author":{"name":"\u00c5ke Bonnier","@id":"https:\/\/blogg.svenskakyrkan.se\/akebonnier\/#\/schema\/person\/8db68bc0c94f6a5a62df2d4486ff1343"},"headline":"K\u00e4rleken segrar!","datePublished":"2010-06-16T21:05:00+00:00","mainEntityOfPage":{"@id":"https:\/\/blogg.svenskakyrkan.se\/akebonnier\/2010\/06\/16\/karleken-segrar\/"},"wordCount":435,"commentCount":5,"image":{"@id":"https:\/\/blogg.svenskakyrkan.se\/akebonnier\/2010\/06\/16\/karleken-segrar\/#primaryimage"},"thumbnailUrl":"https:\/\/blogger.googleusercontent.com\/tracker\/9055441369901436026-4596639458019153858?l=akebonnier.blogspot.com","articleSection":["K\u00e4rleken segrar"],"inLanguage":"sv-SE","potentialAction":[{"@type":"CommentAction","name":"Comment","target":["https:\/\/blogg.svenskakyrkan.se\/akebonnier\/2010\/06\/16\/karleken-segrar\/#respond"]}]},{"@type":"WebPage","@id":"https:\/\/blogg.svenskakyrkan.se\/akebonnier\/2010\/06\/16\/karleken-segrar\/","url":"https:\/\/blogg.svenskakyrkan.se\/akebonnier\/2010\/06\/16\/karleken-segrar\/","name":"K\u00e4rleken segrar! - \u00c5ke Bonnier","isPartOf":{"@id":"https:\/\/blogg.svenskakyrkan.se\/akebonnier\/#website"},"primaryImageOfPage":{"@id":"https:\/\/blogg.svenskakyrkan.se\/akebonnier\/2010\/06\/16\/karleken-segrar\/#primaryimage"},"image":{"@id":"https:\/\/blogg.svenskakyrkan.se\/akebonnier\/2010\/06\/16\/karleken-segrar\/#primaryimage"},"thumbnailUrl":"https:\/\/blogger.googleusercontent.com\/tracker\/9055441369901436026-4596639458019153858?l=akebonnier.blogspot.com","datePublished":"2010-06-16T21:05:00+00:00","author":{"@id":"https:\/\/blogg.svenskakyrkan.se\/akebonnier\/#\/schema\/person\/8db68bc0c94f6a5a62df2d4486ff1343"},"breadcrumb":{"@id":"https:\/\/blogg.svenskakyrkan.se\/akebonnier\/2010\/06\/16\/karleken-segrar\/#breadcrumb"},"inLanguage":"sv-SE","potentialAction":[{"@type":"ReadAction","target":["https:\/\/blogg.svenskakyrkan.se\/akebonnier\/2010\/06\/16\/karleken-segrar\/"]}]},{"@type":"ImageObject","inLanguage":"sv-SE","@id":"https:\/\/blogg.svenskakyrkan.se\/akebonnier\/2010\/06\/16\/karleken-segrar\/#primaryimage","url":"https:\/\/blogger.googleusercontent.com\/tracker\/9055441369901436026-4596639458019153858?l=akebonnier.blogspot.com","contentUrl":"https:\/\/blogger.googleusercontent.com\/tracker\/9055441369901436026-4596639458019153858?l=akebonnier.blogspot.com"},{"@type":"BreadcrumbList","@id":"https:\/\/blogg.svenskakyrkan.se\/akebonnier\/2010\/06\/16\/karleken-segrar\/#breadcrumb","itemListElement":[{"@type":"ListItem","position":1,"name":"Hem","item":"https:\/\/blogg.svenskakyrkan.se\/akebonnier\/"},{"@type":"ListItem","position":2,"name":"K\u00e4rleken segrar!"}]},{"@type":"WebSite","@id":"https:\/\/blogg.svenskakyrkan.se\/akebonnier\/#website","url":"https:\/\/blogg.svenskakyrkan.se\/akebonnier\/","name":"\u00c5ke Bonnier","description":"Biskop i Svenska kyrkan - Skara stift","potentialAction":[{"@type":"SearchAction","target":{"@type":"EntryPoint","urlTemplate":"https:\/\/blogg.svenskakyrkan.se\/akebonnier\/?s={search_term_string}"},"query-input":{"@type":"PropertyValueSpecification","valueRequired":true,"valueName":"search_term_string"}}],"inLanguage":"sv-SE"},{"@type":"Person","@id":"https:\/\/blogg.svenskakyrkan.se\/akebonnier\/#\/schema\/person\/8db68bc0c94f6a5a62df2d4486ff1343","name":"\u00c5ke Bonnier","image":{"@type":"ImageObject","inLanguage":"sv-SE","@id":"https:\/\/blogg.svenskakyrkan.se\/akebonnier\/#\/schema\/person\/image\/","url":"https:\/\/secure.gravatar.com\/avatar\/b88264736bb0bc0d1ea92298aef02c9f98cfc13c7484130c42c663ae484f9462?s=96&d=mm&r=g","contentUrl":"https:\/\/secure.gravatar.com\/avatar\/b88264736bb0bc0d1ea92298aef02c9f98cfc13c7484130c42c663ae484f9462?s=96&d=mm&r=g","caption":"\u00c5ke Bonnier"},"description":"Jag \u00e4r gift och har tv\u00e5 vuxna d\u00f6ttrar. Pr\u00e4stvigdes 1984 och biskopsvigs 26 augusti 2012 . Jag har tidigare bland annat varit, komminister och kyrkoherde i Liding\u00f6 f\u00f6rsamling och domprost i Stockholms domkyrkof\u00f6rsamling. Jag \u00e4r intresserad av konst, litteratur, teater, film. Jag tr\u00e4nar regelbundet p\u00e5 gym. Mitt huvudsakliga musikintresse \u00e4r klassisk musik men ocks\u00e5 Beatles, Elvis Presley, Monika Zettelund, Povel Ramel och m\u00e5nga andra tycker jag om att lyssna p\u00e5. Jag l\u00e4ser f\u00f6r lite sk\u00f6nlitteratur beroende p\u00e5 annat som jag m\u00e5ste l\u00e4sa i mitt uppdrag som biskop. Men jag \u00e4lskar b\u00f6cker. Naturligtvis l\u00e4ser jag n\u00e4st intill dagligdags i \"B\u00f6ckernas Bok.\"","sameAs":["http:\/\/www.skarastift.se"],"url":"https:\/\/blogg.svenskakyrkan.se\/akebonnier\/author\/akebonnier\/"}]}},"author_meta":{"ID":"108","user_nicename":"akebonnier","user_url":"http:\/\/www.skarastift.se","user_registered":"2011-10-11 09:24:48","display_name":"\u00c5ke Bonnier","first_name":"\u00c5ke","last_name":"Bonnier","avatar":"https:\/\/secure.gravatar.com\/avatar\/b88264736bb0bc0d1ea92298aef02c9f98cfc13c7484130c42c663ae484f9462?s=96&d=mm&r=g"},"featured_image":false,"bloginfo":{"name":"\u00c5ke Bonnier","url":"https:\/\/blogg.svenskakyrkan.se\/akebonnier"},"_links":{"self":[{"href":"https:\/\/blogg.svenskakyrkan.se\/akebonnier\/wp-json\/wp\/v2\/posts\/419","targetHints":{"allow":["GET"]}}],"collection":[{"href":"https:\/\/blogg.svenskakyrkan.se\/akebonnier\/wp-json\/wp\/v2\/posts"}],"about":[{"href":"https:\/\/blogg.svenskakyrkan.se\/akebonnier\/wp-json\/wp\/v2\/types\/post"}],"author":[{"embeddable":true,"href":"https:\/\/blogg.svenskakyrkan.se\/akebonnier\/wp-json\/wp\/v2\/users\/108"}],"replies":[{"embeddable":true,"href":"https:\/\/blogg.svenskakyrkan.se\/akebonnier\/wp-json\/wp\/v2\/comments?post=419"}],"version-history":[{"count":0,"href":"https:\/\/blogg.svenskakyrkan.se\/akebonnier\/wp-json\/wp\/v2\/posts\/419\/revisions"}],"wp:attachment":[{"href":"https:\/\/blogg.svenskakyrkan.se\/akebonnier\/wp-json\/wp\/v2\/media?parent=419"}],"wp:term":[{"taxonomy":"category","embeddable":true,"href":"https:\/\/blogg.svenskakyrkan.se\/akebonnier\/wp-json\/wp\/v2\/categories?post=419"},{"taxonomy":"post_tag","embeddable":true,"href":"https:\/\/blogg.svenskakyrkan.se\/akebonnier\/wp-json\/wp\/v2\/tags?post=419"}],"curies":[{"name":"wp","href":"https:\/\/api.w.org\/{rel}","templated":true}]}}