{"id":421,"date":"2010-06-20T16:38:00","date_gmt":"2010-06-20T16:38:00","guid":{"rendered":"http:\/\/blogg.svenskakyrkan.se\/akebonnier\/2010\/06\/20\/dagen-efter-den-kungliga-vigseln-tankar\/"},"modified":"2010-06-20T16:38:00","modified_gmt":"2010-06-20T16:38:00","slug":"dagen-efter-den-kungliga-vigseln-tankar","status":"publish","type":"post","link":"https:\/\/blogg.svenskakyrkan.se\/akebonnier\/2010\/06\/20\/dagen-efter-den-kungliga-vigseln-tankar\/","title":{"rendered":"Dagen efter den kungliga vigseln &#8211; tankar"},"content":{"rendered":"<p>Vilken dag det var, den 19 juni! Kyrkan var makal\u00f6st smyckad (blommorna finns kvar tills kl. 12 imorgon m\u00e5ndag). Det l\u00e5g en stor f\u00f6rv\u00e4ntan i luften och ett &#8221;\u00e4ntligen&#8221; genomsyrade hela kyrkan. \u00c4ntligen skulle vigseln \u00e4ga rum, \u00e4ntligen skulle de f\u00e5 varandra, \u00e4ntligen skulle de f\u00e5 bekr\u00e4fta sin \u00f6msesidiga k\u00e4rlek till varandra. F\u00f6r mig personligen var den starkaste stunden d\u00e5 de upprepade sina l\u00f6ften till varandra. Det var oerh\u00f6rt starkt&#8230;<\/p>\n<p>Efter vigselgudstj\u00e4nsten och en liten presskonferens begav vi oss alla \u00e5tta (de fyra vigself\u00f6rr\u00e4ttarna med respektive) till slottet f\u00f6r mottagning och fest. Hustrun och jag hamnade ute p\u00e5 Log\u00e5rden d\u00e4r vi var med och tog emot brudparet. Det gick inte att ta miste p\u00e5 deras \u00f6msesidiga k\u00e4rlek. Det var som ett rosa k\u00e4rlekens moln omgav dem, inte bara i kyrkan utan ocks\u00e5 hela kv\u00e4llen. Efter s\u00e5ngarhyllning och tal av kronprinsessan p\u00e5 Lejonbacken, var det dags f\u00f6r en fyra r\u00e4tters middag med f\u00f6rr\u00e4tt, fisk, k\u00f6tt och efterr\u00e4tt. M\u00e4tta l\u00e4mnade vi Rikssalen p\u00e5 slottet f\u00f6r att sedan f\u00e5 m\u00f6jlighet att \u00e4ta br\u00f6llopst\u00e5rta. Romeo- och Juliak\u00f6ren underh\u00f6ll och goda samtal f\u00f6rdes. S\u00e5 var det dags f\u00f6r br\u00f6llopsvalsen. De dansade v\u00e4ldigt bra. Jag anar att brudgummen hade tr\u00e4nat en del&#8230; S\u00e5 var det dags f\u00f6r oss andra att f\u00e5 dansa, f\u00e5 lyssna till bl. a Carola och Roxette. Vid tv\u00e5tiden p\u00e5 natten vacklade hustrun och jag hem, tr\u00f6tta av allt det myckna. Aftonbladet verkade bevaka alla utg\u00e5ngar p\u00e5 slottet och jag blev intervjuad och fotograferad. Ibland \u00e4r det b\u00e4ttre att l\u00e5ta media f\u00e5 sitt \u00e4n att obstruera alltf\u00f6r mycket.<\/p>\n<p>Idag firade vi h\u00f6gm\u00e4ssa med 1000 personer n\u00e4rvarande i kyrkan. Fantastiskt! Gudstj\u00e4nsten radios\u00e4ndes i P1 kl. 11.00. D\u00e4refter har ca 7000 m\u00e4nniskor bes\u00f6kt Storkyrkan f\u00f6r att se allt det vackra. Det var k\u00f6er i timmar f\u00f6r att komma in.<\/p>\n<p>I morgon \u00e4r sista chansen att se blomsterprakten i kyrkan. Men den \u00e4r ocks\u00e5 v\u00e4rd att bes\u00f6ka f\u00f6r andra sakers skull\u2026<\/p>\n<p>S\u00e5 v\u00e4lkomna!<\/p>\n<div class=\"blogger-post-footer\"><img width='1' height='1' src='https:\/\/blogger.googleusercontent.com\/tracker\/9055441369901436026-7882529865347652018?l=akebonnier.blogspot.com' alt='' \/><\/div>\n","protected":false},"excerpt":{"rendered":"<p>Vilken dag det var, den 19 juni! Kyrkan var makal\u00f6st smyckad (blommorna finns kvar tills kl. 12 imorgon m\u00e5ndag). Det l\u00e5g en stor f\u00f6rv\u00e4ntan i luften och ett &#8221;\u00e4ntligen&#8221; genomsyrade hela kyrkan. \u00c4ntligen skulle vigseln \u00e4ga rum, \u00e4ntligen skulle de f\u00e5 varandra, \u00e4ntligen skulle de f\u00e5 bekr\u00e4fta sin \u00f6msesidiga k\u00e4rlek till varandra. F\u00f6r mig personligen [&hellip;]<\/p>\n","protected":false},"author":108,"featured_media":0,"comment_status":"open","ping_status":"open","sticky":false,"template":"","format":"standard","meta":{"_acf_changed":false,"footnotes":""},"categories":[16396],"tags":[],"class_list":["post-421","post","type-post","status-publish","format-standard","hentry","category-dagen-efter-den-kungliga-vigseln-tankar"],"acf":[],"yoast_head":"<!-- This site is optimized with the Yoast SEO plugin v27.1.1 - https:\/\/yoast.com\/product\/yoast-seo-wordpress\/ -->\n<title>Dagen efter den kungliga vigseln - tankar - \u00c5ke Bonnier<\/title>\n<meta name=\"robots\" content=\"index, follow, max-snippet:-1, max-image-preview:large, max-video-preview:-1\" \/>\n<link rel=\"canonical\" href=\"https:\/\/blogg.svenskakyrkan.se\/akebonnier\/2010\/06\/20\/dagen-efter-den-kungliga-vigseln-tankar\/\" \/>\n<meta property=\"og:locale\" content=\"sv_SE\" \/>\n<meta property=\"og:type\" content=\"article\" \/>\n<meta property=\"og:title\" content=\"Dagen efter den kungliga vigseln - tankar - \u00c5ke Bonnier\" \/>\n<meta property=\"og:description\" content=\"Vilken dag det var, den 19 juni! Kyrkan var makal\u00f6st smyckad (blommorna finns kvar tills kl. 12 imorgon m\u00e5ndag). Det l\u00e5g en stor f\u00f6rv\u00e4ntan i luften och ett &#8221;\u00e4ntligen&#8221; genomsyrade hela kyrkan. \u00c4ntligen skulle vigseln \u00e4ga rum, \u00e4ntligen skulle de f\u00e5 varandra, \u00e4ntligen skulle de f\u00e5 bekr\u00e4fta sin \u00f6msesidiga k\u00e4rlek till varandra. F\u00f6r mig personligen [&hellip;]\" \/>\n<meta property=\"og:url\" content=\"https:\/\/blogg.svenskakyrkan.se\/akebonnier\/2010\/06\/20\/dagen-efter-den-kungliga-vigseln-tankar\/\" \/>\n<meta property=\"og:site_name\" content=\"\u00c5ke Bonnier\" \/>\n<meta property=\"article:published_time\" content=\"2010-06-20T16:38:00+00:00\" \/>\n<meta property=\"og:image\" content=\"https:\/\/blogger.googleusercontent.com\/tracker\/9055441369901436026-7882529865347652018?l=akebonnier.blogspot.com\" \/>\n<meta name=\"author\" content=\"\u00c5ke Bonnier\" \/>\n<meta name=\"twitter:card\" content=\"summary_large_image\" \/>\n<meta name=\"twitter:label1\" content=\"Skriven av\" \/>\n\t<meta name=\"twitter:data1\" content=\"\u00c5ke Bonnier\" \/>\n\t<meta name=\"twitter:label2\" content=\"Ber\u00e4knad l\u00e4stid\" \/>\n\t<meta name=\"twitter:data2\" content=\"2 minuter\" \/>\n<script type=\"application\/ld+json\" class=\"yoast-schema-graph\">{\"@context\":\"https:\/\/schema.org\",\"@graph\":[{\"@type\":\"Article\",\"@id\":\"https:\/\/blogg.svenskakyrkan.se\/akebonnier\/2010\/06\/20\/dagen-efter-den-kungliga-vigseln-tankar\/#article\",\"isPartOf\":{\"@id\":\"https:\/\/blogg.svenskakyrkan.se\/akebonnier\/2010\/06\/20\/dagen-efter-den-kungliga-vigseln-tankar\/\"},\"author\":{\"name\":\"\u00c5ke Bonnier\",\"@id\":\"https:\/\/blogg.svenskakyrkan.se\/akebonnier\/#\/schema\/person\/8db68bc0c94f6a5a62df2d4486ff1343\"},\"headline\":\"Dagen efter den kungliga vigseln &#8211; tankar\",\"datePublished\":\"2010-06-20T16:38:00+00:00\",\"mainEntityOfPage\":{\"@id\":\"https:\/\/blogg.svenskakyrkan.se\/akebonnier\/2010\/06\/20\/dagen-efter-den-kungliga-vigseln-tankar\/\"},\"wordCount\":380,\"commentCount\":10,\"image\":{\"@id\":\"https:\/\/blogg.svenskakyrkan.se\/akebonnier\/2010\/06\/20\/dagen-efter-den-kungliga-vigseln-tankar\/#primaryimage\"},\"thumbnailUrl\":\"https:\/\/blogger.googleusercontent.com\/tracker\/9055441369901436026-7882529865347652018?l=akebonnier.blogspot.com\",\"articleSection\":[\"Dagen efter den kungliga vigseln - tankar\"],\"inLanguage\":\"sv-SE\",\"potentialAction\":[{\"@type\":\"CommentAction\",\"name\":\"Comment\",\"target\":[\"https:\/\/blogg.svenskakyrkan.se\/akebonnier\/2010\/06\/20\/dagen-efter-den-kungliga-vigseln-tankar\/#respond\"]}]},{\"@type\":\"WebPage\",\"@id\":\"https:\/\/blogg.svenskakyrkan.se\/akebonnier\/2010\/06\/20\/dagen-efter-den-kungliga-vigseln-tankar\/\",\"url\":\"https:\/\/blogg.svenskakyrkan.se\/akebonnier\/2010\/06\/20\/dagen-efter-den-kungliga-vigseln-tankar\/\",\"name\":\"Dagen efter den kungliga vigseln - tankar - \u00c5ke Bonnier\",\"isPartOf\":{\"@id\":\"https:\/\/blogg.svenskakyrkan.se\/akebonnier\/#website\"},\"primaryImageOfPage\":{\"@id\":\"https:\/\/blogg.svenskakyrkan.se\/akebonnier\/2010\/06\/20\/dagen-efter-den-kungliga-vigseln-tankar\/#primaryimage\"},\"image\":{\"@id\":\"https:\/\/blogg.svenskakyrkan.se\/akebonnier\/2010\/06\/20\/dagen-efter-den-kungliga-vigseln-tankar\/#primaryimage\"},\"thumbnailUrl\":\"https:\/\/blogger.googleusercontent.com\/tracker\/9055441369901436026-7882529865347652018?l=akebonnier.blogspot.com\",\"datePublished\":\"2010-06-20T16:38:00+00:00\",\"author\":{\"@id\":\"https:\/\/blogg.svenskakyrkan.se\/akebonnier\/#\/schema\/person\/8db68bc0c94f6a5a62df2d4486ff1343\"},\"breadcrumb\":{\"@id\":\"https:\/\/blogg.svenskakyrkan.se\/akebonnier\/2010\/06\/20\/dagen-efter-den-kungliga-vigseln-tankar\/#breadcrumb\"},\"inLanguage\":\"sv-SE\",\"potentialAction\":[{\"@type\":\"ReadAction\",\"target\":[\"https:\/\/blogg.svenskakyrkan.se\/akebonnier\/2010\/06\/20\/dagen-efter-den-kungliga-vigseln-tankar\/\"]}]},{\"@type\":\"ImageObject\",\"inLanguage\":\"sv-SE\",\"@id\":\"https:\/\/blogg.svenskakyrkan.se\/akebonnier\/2010\/06\/20\/dagen-efter-den-kungliga-vigseln-tankar\/#primaryimage\",\"url\":\"https:\/\/blogger.googleusercontent.com\/tracker\/9055441369901436026-7882529865347652018?l=akebonnier.blogspot.com\",\"contentUrl\":\"https:\/\/blogger.googleusercontent.com\/tracker\/9055441369901436026-7882529865347652018?l=akebonnier.blogspot.com\"},{\"@type\":\"BreadcrumbList\",\"@id\":\"https:\/\/blogg.svenskakyrkan.se\/akebonnier\/2010\/06\/20\/dagen-efter-den-kungliga-vigseln-tankar\/#breadcrumb\",\"itemListElement\":[{\"@type\":\"ListItem\",\"position\":1,\"name\":\"Hem\",\"item\":\"https:\/\/blogg.svenskakyrkan.se\/akebonnier\/\"},{\"@type\":\"ListItem\",\"position\":2,\"name\":\"Dagen efter den kungliga vigseln &#8211; tankar\"}]},{\"@type\":\"WebSite\",\"@id\":\"https:\/\/blogg.svenskakyrkan.se\/akebonnier\/#website\",\"url\":\"https:\/\/blogg.svenskakyrkan.se\/akebonnier\/\",\"name\":\"\u00c5ke Bonnier\",\"description\":\"Biskop i Svenska kyrkan - Skara stift\",\"potentialAction\":[{\"@type\":\"SearchAction\",\"target\":{\"@type\":\"EntryPoint\",\"urlTemplate\":\"https:\/\/blogg.svenskakyrkan.se\/akebonnier\/?s={search_term_string}\"},\"query-input\":{\"@type\":\"PropertyValueSpecification\",\"valueRequired\":true,\"valueName\":\"search_term_string\"}}],\"inLanguage\":\"sv-SE\"},{\"@type\":\"Person\",\"@id\":\"https:\/\/blogg.svenskakyrkan.se\/akebonnier\/#\/schema\/person\/8db68bc0c94f6a5a62df2d4486ff1343\",\"name\":\"\u00c5ke Bonnier\",\"image\":{\"@type\":\"ImageObject\",\"inLanguage\":\"sv-SE\",\"@id\":\"https:\/\/blogg.svenskakyrkan.se\/akebonnier\/#\/schema\/person\/image\/\",\"url\":\"https:\/\/secure.gravatar.com\/avatar\/b88264736bb0bc0d1ea92298aef02c9f98cfc13c7484130c42c663ae484f9462?s=96&d=mm&r=g\",\"contentUrl\":\"https:\/\/secure.gravatar.com\/avatar\/b88264736bb0bc0d1ea92298aef02c9f98cfc13c7484130c42c663ae484f9462?s=96&d=mm&r=g\",\"caption\":\"\u00c5ke Bonnier\"},\"description\":\"Jag \u00e4r gift och har tv\u00e5 vuxna d\u00f6ttrar. Pr\u00e4stvigdes 1984 och biskopsvigs 26 augusti 2012 . Jag har tidigare bland annat varit, komminister och kyrkoherde i Liding\u00f6 f\u00f6rsamling och domprost i Stockholms domkyrkof\u00f6rsamling. Jag \u00e4r intresserad av konst, litteratur, teater, film. Jag tr\u00e4nar regelbundet p\u00e5 gym. Mitt huvudsakliga musikintresse \u00e4r klassisk musik men ocks\u00e5 Beatles, Elvis Presley, Monika Zettelund, Povel Ramel och m\u00e5nga andra tycker jag om att lyssna p\u00e5. Jag l\u00e4ser f\u00f6r lite sk\u00f6nlitteratur beroende p\u00e5 annat som jag m\u00e5ste l\u00e4sa i mitt uppdrag som biskop. Men jag \u00e4lskar b\u00f6cker. Naturligtvis l\u00e4ser jag n\u00e4st intill dagligdags i \\\"B\u00f6ckernas Bok.\\\"\",\"sameAs\":[\"http:\/\/www.skarastift.se\"],\"url\":\"https:\/\/blogg.svenskakyrkan.se\/akebonnier\/author\/akebonnier\/\"}]}<\/script>\n<!-- \/ Yoast SEO plugin. -->","yoast_head_json":{"title":"Dagen efter den kungliga vigseln - tankar - \u00c5ke Bonnier","robots":{"index":"index","follow":"follow","max-snippet":"max-snippet:-1","max-image-preview":"max-image-preview:large","max-video-preview":"max-video-preview:-1"},"canonical":"https:\/\/blogg.svenskakyrkan.se\/akebonnier\/2010\/06\/20\/dagen-efter-den-kungliga-vigseln-tankar\/","og_locale":"sv_SE","og_type":"article","og_title":"Dagen efter den kungliga vigseln - tankar - \u00c5ke Bonnier","og_description":"Vilken dag det var, den 19 juni! Kyrkan var makal\u00f6st smyckad (blommorna finns kvar tills kl. 12 imorgon m\u00e5ndag). Det l\u00e5g en stor f\u00f6rv\u00e4ntan i luften och ett &#8221;\u00e4ntligen&#8221; genomsyrade hela kyrkan. \u00c4ntligen skulle vigseln \u00e4ga rum, \u00e4ntligen skulle de f\u00e5 varandra, \u00e4ntligen skulle de f\u00e5 bekr\u00e4fta sin \u00f6msesidiga k\u00e4rlek till varandra. F\u00f6r mig personligen [&hellip;]","og_url":"https:\/\/blogg.svenskakyrkan.se\/akebonnier\/2010\/06\/20\/dagen-efter-den-kungliga-vigseln-tankar\/","og_site_name":"\u00c5ke Bonnier","article_published_time":"2010-06-20T16:38:00+00:00","og_image":[{"url":"https:\/\/blogger.googleusercontent.com\/tracker\/9055441369901436026-7882529865347652018?l=akebonnier.blogspot.com","type":"","width":"","height":""}],"author":"\u00c5ke Bonnier","twitter_card":"summary_large_image","twitter_misc":{"Skriven av":"\u00c5ke Bonnier","Ber\u00e4knad l\u00e4stid":"2 minuter"},"schema":{"@context":"https:\/\/schema.org","@graph":[{"@type":"Article","@id":"https:\/\/blogg.svenskakyrkan.se\/akebonnier\/2010\/06\/20\/dagen-efter-den-kungliga-vigseln-tankar\/#article","isPartOf":{"@id":"https:\/\/blogg.svenskakyrkan.se\/akebonnier\/2010\/06\/20\/dagen-efter-den-kungliga-vigseln-tankar\/"},"author":{"name":"\u00c5ke Bonnier","@id":"https:\/\/blogg.svenskakyrkan.se\/akebonnier\/#\/schema\/person\/8db68bc0c94f6a5a62df2d4486ff1343"},"headline":"Dagen efter den kungliga vigseln &#8211; tankar","datePublished":"2010-06-20T16:38:00+00:00","mainEntityOfPage":{"@id":"https:\/\/blogg.svenskakyrkan.se\/akebonnier\/2010\/06\/20\/dagen-efter-den-kungliga-vigseln-tankar\/"},"wordCount":380,"commentCount":10,"image":{"@id":"https:\/\/blogg.svenskakyrkan.se\/akebonnier\/2010\/06\/20\/dagen-efter-den-kungliga-vigseln-tankar\/#primaryimage"},"thumbnailUrl":"https:\/\/blogger.googleusercontent.com\/tracker\/9055441369901436026-7882529865347652018?l=akebonnier.blogspot.com","articleSection":["Dagen efter den kungliga vigseln - tankar"],"inLanguage":"sv-SE","potentialAction":[{"@type":"CommentAction","name":"Comment","target":["https:\/\/blogg.svenskakyrkan.se\/akebonnier\/2010\/06\/20\/dagen-efter-den-kungliga-vigseln-tankar\/#respond"]}]},{"@type":"WebPage","@id":"https:\/\/blogg.svenskakyrkan.se\/akebonnier\/2010\/06\/20\/dagen-efter-den-kungliga-vigseln-tankar\/","url":"https:\/\/blogg.svenskakyrkan.se\/akebonnier\/2010\/06\/20\/dagen-efter-den-kungliga-vigseln-tankar\/","name":"Dagen efter den kungliga vigseln - tankar - \u00c5ke Bonnier","isPartOf":{"@id":"https:\/\/blogg.svenskakyrkan.se\/akebonnier\/#website"},"primaryImageOfPage":{"@id":"https:\/\/blogg.svenskakyrkan.se\/akebonnier\/2010\/06\/20\/dagen-efter-den-kungliga-vigseln-tankar\/#primaryimage"},"image":{"@id":"https:\/\/blogg.svenskakyrkan.se\/akebonnier\/2010\/06\/20\/dagen-efter-den-kungliga-vigseln-tankar\/#primaryimage"},"thumbnailUrl":"https:\/\/blogger.googleusercontent.com\/tracker\/9055441369901436026-7882529865347652018?l=akebonnier.blogspot.com","datePublished":"2010-06-20T16:38:00+00:00","author":{"@id":"https:\/\/blogg.svenskakyrkan.se\/akebonnier\/#\/schema\/person\/8db68bc0c94f6a5a62df2d4486ff1343"},"breadcrumb":{"@id":"https:\/\/blogg.svenskakyrkan.se\/akebonnier\/2010\/06\/20\/dagen-efter-den-kungliga-vigseln-tankar\/#breadcrumb"},"inLanguage":"sv-SE","potentialAction":[{"@type":"ReadAction","target":["https:\/\/blogg.svenskakyrkan.se\/akebonnier\/2010\/06\/20\/dagen-efter-den-kungliga-vigseln-tankar\/"]}]},{"@type":"ImageObject","inLanguage":"sv-SE","@id":"https:\/\/blogg.svenskakyrkan.se\/akebonnier\/2010\/06\/20\/dagen-efter-den-kungliga-vigseln-tankar\/#primaryimage","url":"https:\/\/blogger.googleusercontent.com\/tracker\/9055441369901436026-7882529865347652018?l=akebonnier.blogspot.com","contentUrl":"https:\/\/blogger.googleusercontent.com\/tracker\/9055441369901436026-7882529865347652018?l=akebonnier.blogspot.com"},{"@type":"BreadcrumbList","@id":"https:\/\/blogg.svenskakyrkan.se\/akebonnier\/2010\/06\/20\/dagen-efter-den-kungliga-vigseln-tankar\/#breadcrumb","itemListElement":[{"@type":"ListItem","position":1,"name":"Hem","item":"https:\/\/blogg.svenskakyrkan.se\/akebonnier\/"},{"@type":"ListItem","position":2,"name":"Dagen efter den kungliga vigseln &#8211; tankar"}]},{"@type":"WebSite","@id":"https:\/\/blogg.svenskakyrkan.se\/akebonnier\/#website","url":"https:\/\/blogg.svenskakyrkan.se\/akebonnier\/","name":"\u00c5ke Bonnier","description":"Biskop i Svenska kyrkan - Skara stift","potentialAction":[{"@type":"SearchAction","target":{"@type":"EntryPoint","urlTemplate":"https:\/\/blogg.svenskakyrkan.se\/akebonnier\/?s={search_term_string}"},"query-input":{"@type":"PropertyValueSpecification","valueRequired":true,"valueName":"search_term_string"}}],"inLanguage":"sv-SE"},{"@type":"Person","@id":"https:\/\/blogg.svenskakyrkan.se\/akebonnier\/#\/schema\/person\/8db68bc0c94f6a5a62df2d4486ff1343","name":"\u00c5ke Bonnier","image":{"@type":"ImageObject","inLanguage":"sv-SE","@id":"https:\/\/blogg.svenskakyrkan.se\/akebonnier\/#\/schema\/person\/image\/","url":"https:\/\/secure.gravatar.com\/avatar\/b88264736bb0bc0d1ea92298aef02c9f98cfc13c7484130c42c663ae484f9462?s=96&d=mm&r=g","contentUrl":"https:\/\/secure.gravatar.com\/avatar\/b88264736bb0bc0d1ea92298aef02c9f98cfc13c7484130c42c663ae484f9462?s=96&d=mm&r=g","caption":"\u00c5ke Bonnier"},"description":"Jag \u00e4r gift och har tv\u00e5 vuxna d\u00f6ttrar. Pr\u00e4stvigdes 1984 och biskopsvigs 26 augusti 2012 . Jag har tidigare bland annat varit, komminister och kyrkoherde i Liding\u00f6 f\u00f6rsamling och domprost i Stockholms domkyrkof\u00f6rsamling. Jag \u00e4r intresserad av konst, litteratur, teater, film. Jag tr\u00e4nar regelbundet p\u00e5 gym. Mitt huvudsakliga musikintresse \u00e4r klassisk musik men ocks\u00e5 Beatles, Elvis Presley, Monika Zettelund, Povel Ramel och m\u00e5nga andra tycker jag om att lyssna p\u00e5. Jag l\u00e4ser f\u00f6r lite sk\u00f6nlitteratur beroende p\u00e5 annat som jag m\u00e5ste l\u00e4sa i mitt uppdrag som biskop. Men jag \u00e4lskar b\u00f6cker. Naturligtvis l\u00e4ser jag n\u00e4st intill dagligdags i \"B\u00f6ckernas Bok.\"","sameAs":["http:\/\/www.skarastift.se"],"url":"https:\/\/blogg.svenskakyrkan.se\/akebonnier\/author\/akebonnier\/"}]}},"author_meta":{"ID":"108","user_nicename":"akebonnier","user_url":"http:\/\/www.skarastift.se","user_registered":"2011-10-11 09:24:48","display_name":"\u00c5ke Bonnier","first_name":"\u00c5ke","last_name":"Bonnier","avatar":"https:\/\/secure.gravatar.com\/avatar\/b88264736bb0bc0d1ea92298aef02c9f98cfc13c7484130c42c663ae484f9462?s=96&d=mm&r=g"},"featured_image":false,"bloginfo":{"name":"\u00c5ke Bonnier","url":"https:\/\/blogg.svenskakyrkan.se\/akebonnier"},"_links":{"self":[{"href":"https:\/\/blogg.svenskakyrkan.se\/akebonnier\/wp-json\/wp\/v2\/posts\/421","targetHints":{"allow":["GET"]}}],"collection":[{"href":"https:\/\/blogg.svenskakyrkan.se\/akebonnier\/wp-json\/wp\/v2\/posts"}],"about":[{"href":"https:\/\/blogg.svenskakyrkan.se\/akebonnier\/wp-json\/wp\/v2\/types\/post"}],"author":[{"embeddable":true,"href":"https:\/\/blogg.svenskakyrkan.se\/akebonnier\/wp-json\/wp\/v2\/users\/108"}],"replies":[{"embeddable":true,"href":"https:\/\/blogg.svenskakyrkan.se\/akebonnier\/wp-json\/wp\/v2\/comments?post=421"}],"version-history":[{"count":0,"href":"https:\/\/blogg.svenskakyrkan.se\/akebonnier\/wp-json\/wp\/v2\/posts\/421\/revisions"}],"wp:attachment":[{"href":"https:\/\/blogg.svenskakyrkan.se\/akebonnier\/wp-json\/wp\/v2\/media?parent=421"}],"wp:term":[{"taxonomy":"category","embeddable":true,"href":"https:\/\/blogg.svenskakyrkan.se\/akebonnier\/wp-json\/wp\/v2\/categories?post=421"},{"taxonomy":"post_tag","embeddable":true,"href":"https:\/\/blogg.svenskakyrkan.se\/akebonnier\/wp-json\/wp\/v2\/tags?post=421"}],"curies":[{"name":"wp","href":"https:\/\/api.w.org\/{rel}","templated":true}]}}