{"id":425,"date":"2010-07-03T18:57:00","date_gmt":"2010-07-03T18:57:00","guid":{"rendered":"http:\/\/blogg.svenskakyrkan.se\/akebonnier\/2010\/07\/03\/att-vara-eller-inte-vara-det-kanske-inte-ar-fragan\/"},"modified":"2010-07-03T18:57:00","modified_gmt":"2010-07-03T18:57:00","slug":"att-vara-eller-inte-vara-det-kanske-inte-ar-fragan","status":"publish","type":"post","link":"https:\/\/blogg.svenskakyrkan.se\/akebonnier\/2010\/07\/03\/att-vara-eller-inte-vara-det-kanske-inte-ar-fragan\/","title":{"rendered":"Att vara eller inte vara &#8211; det kanske inte \u00e4r fr\u00e5gan?!?"},"content":{"rendered":"<p>Jag vill b\u00f6rja detta blogginl\u00e4gg med att tacka Visbys biskop emeritus Bj\u00f6rn Fj\u00e4rstedt f\u00f6r en bra debattartikel i tidningen Dagens senaste nr (2 juli) (<a href=\"http:\/\/www.dagen.se\/\">http:\/\/www.dagen.se\/<\/a>). Han talar om nyliberala kontra de allm\u00e4nkyrkliga &#8211; ekumeniska. Det finns onekligen sp\u00e4nningar mellan dessa linjer\/traditioner\/tolkningsh\u00e5llningar, olika teologiska tolkningar, olika st\u00e5ndpunkter. Men, n\u00e4r \u00e4r man vad? \u00c4r jag liberal, kanske t o m nyliberal &#8211; med en s\u00e5dan teologi som har f\u00e4ste n\u00e4ra samfundsledningarna (formuleringen h\u00e4r h\u00e4mtad fr\u00e5n Fj\u00e4rstedts artikel)? Jo, jag har ju offentligt deklarerat att jag \u00e4r positiv till samk\u00f6nade \u00e4ktenskap, jo jag kommer att tala under prideveckan i Pridehouse i tv\u00e5 seminarier varav det ena handlar om polyamorositet och det andra om Sighsten Herrg\u00e5rd, v\u00e5rt behov av ikoner (inte de kristna utan gayikoner)etc. \u00c4r jag liberal? F\u00f6r mig \u00e4r det viktigt med ekumenik, med inkarnationens betydelse, med Jesu liv, d\u00f6d och uppst\u00e5ndelse, med den Heliga Andens verkan idag, med Jesus som min Fr\u00e4lsare. \u00c4r jag liberal? Bibeln \u00e4r Guds Ord som m\u00e5ste tolkas in i v\u00e5r egen tillvaro. Den kan inte l\u00e4sas rakt av i n\u00e5gon sorts bokstavlig tolkning. \u00c4r jag liberal? Kanske \u00e4r jag snarare allm\u00e4nkyrklig utom i \u00e4ktenskapsfr\u00e5gan. I sakramentssynen med Kristi reella n\u00e4rvaro i br\u00f6dets och vinets gestalt \u00e4r kanske snarare en h\u00f6gkyrklig h\u00e5llning. Dopet \u00e4r ett dop in i Kristi kyrka. Vi \u00e4r i behov av syndernas f\u00f6rl\u00e5telse, av f\u00f6rsoningen p\u00e5 korset. Vad \u00e4r jag? Allm\u00e4nkyrklig? Liberal? Jag \u00e4lskar processioner med evangelieboken h\u00f6gt buren. S\u00e5 g\u00f6r jag i Storkyrkan d\u00e4r vi ocks\u00e5 sjunger halleluja efter evangeliel\u00e4sningen. Tomma ritualer? Nej, sannerligen inte. Viktiga ordningar som vill uttrycka en Kristusn\u00e4rvaro som utmanar och p\u00e5verkar. \u00c4r jag m\u00e5h\u00e4nda h\u00f6gkyrklig? F\u00f6r mig \u00e4r det viktigt att den kristna tron handlar om hela livet, f\u00e5r p\u00e5verka hela livet (ocks\u00e5 mitt eget fast jag, liksom m\u00e5nga andra, syndar och \u00e4r i behov av f\u00f6rl\u00e5telsen och n\u00e5den). \u00c4r jag liberal?<\/p>\n<p>Vad jag \u00e4r ute efter \u00e4r att dessa titlar kanske inte \u00e4r s\u00e5 viktiga. L\u00e5t oss inte f\u00f6rs\u00f6ka att f\u00e5nga in varandra i dem (det s\u00e4ger jag lika mycket till mig sj\u00e4lv som ibland kan ge igen med samma mynt &#8211; tyv\u00e4rr!). Men l\u00e5t oss samtala med varandra. Vi tolkar olika, vi f\u00f6rst\u00e5r olika. Men l\u00e5t oss samtala med varandra, fira m\u00e4ssor tillsammans, m\u00f6tas i den Uppst\u00e5ndne Kristus som vi ju har gemensamt. Det \u00e4r, med biskop Fj\u00e4rstedts ord &#8221;rimligen l\u00e4ge f\u00f6r \u00e4rliga samtal om saken, om vad som \u00e4r den kristna trons b\u00e4rande insikt och \u00e4rende.&#8221; Det \u00e4r gr\u00e4nsl\u00f6st viktigt!<\/p>\n<p>S\u00e5, att vara eller inte vara &#8211; det kanske inte \u00e4r fr\u00e5gan?!?<\/p>\n<div class=\"blogger-post-footer\"><img width='1' height='1' src='https:\/\/blogger.googleusercontent.com\/tracker\/9055441369901436026-173615946402926881?l=akebonnier.blogspot.com' alt='' \/><\/div>\n","protected":false},"excerpt":{"rendered":"<p>Jag vill b\u00f6rja detta blogginl\u00e4gg med att tacka Visbys biskop emeritus Bj\u00f6rn Fj\u00e4rstedt f\u00f6r en bra debattartikel i tidningen Dagens senaste nr (2 juli) (http:\/\/www.dagen.se\/). Han talar om nyliberala kontra de allm\u00e4nkyrkliga &#8211; ekumeniska. Det finns onekligen sp\u00e4nningar mellan dessa linjer\/traditioner\/tolkningsh\u00e5llningar, olika teologiska tolkningar, olika st\u00e5ndpunkter. Men, n\u00e4r \u00e4r man vad? \u00c4r jag liberal, kanske [&hellip;]<\/p>\n","protected":false},"author":108,"featured_media":0,"comment_status":"open","ping_status":"open","sticky":false,"template":"","format":"standard","meta":{"_acf_changed":false,"footnotes":""},"categories":[16400],"tags":[],"class_list":["post-425","post","type-post","status-publish","format-standard","hentry","category-att-vara-eller-inte-vara-det-kanske-inte-ar-fragan"],"acf":[],"yoast_head":"<!-- This site is optimized with the Yoast SEO plugin v27.1.1 - https:\/\/yoast.com\/product\/yoast-seo-wordpress\/ -->\n<title>Att vara eller inte vara - det kanske inte \u00e4r fr\u00e5gan?!? - \u00c5ke Bonnier<\/title>\n<meta name=\"robots\" content=\"index, follow, max-snippet:-1, max-image-preview:large, max-video-preview:-1\" \/>\n<link rel=\"canonical\" href=\"https:\/\/blogg.svenskakyrkan.se\/akebonnier\/2010\/07\/03\/att-vara-eller-inte-vara-det-kanske-inte-ar-fragan\/\" \/>\n<meta property=\"og:locale\" content=\"sv_SE\" \/>\n<meta property=\"og:type\" content=\"article\" \/>\n<meta property=\"og:title\" content=\"Att vara eller inte vara - det kanske inte \u00e4r fr\u00e5gan?!? - \u00c5ke Bonnier\" \/>\n<meta property=\"og:description\" content=\"Jag vill b\u00f6rja detta blogginl\u00e4gg med att tacka Visbys biskop emeritus Bj\u00f6rn Fj\u00e4rstedt f\u00f6r en bra debattartikel i tidningen Dagens senaste nr (2 juli) (http:\/\/www.dagen.se\/). Han talar om nyliberala kontra de allm\u00e4nkyrkliga &#8211; ekumeniska. Det finns onekligen sp\u00e4nningar mellan dessa linjer\/traditioner\/tolkningsh\u00e5llningar, olika teologiska tolkningar, olika st\u00e5ndpunkter. Men, n\u00e4r \u00e4r man vad? \u00c4r jag liberal, kanske [&hellip;]\" \/>\n<meta property=\"og:url\" content=\"https:\/\/blogg.svenskakyrkan.se\/akebonnier\/2010\/07\/03\/att-vara-eller-inte-vara-det-kanske-inte-ar-fragan\/\" \/>\n<meta property=\"og:site_name\" content=\"\u00c5ke Bonnier\" \/>\n<meta property=\"article:published_time\" content=\"2010-07-03T18:57:00+00:00\" \/>\n<meta property=\"og:image\" content=\"https:\/\/blogger.googleusercontent.com\/tracker\/9055441369901436026-173615946402926881?l=akebonnier.blogspot.com\" \/>\n<meta name=\"author\" content=\"\u00c5ke Bonnier\" \/>\n<meta name=\"twitter:card\" content=\"summary_large_image\" \/>\n<meta name=\"twitter:label1\" content=\"Skriven av\" \/>\n\t<meta name=\"twitter:data1\" content=\"\u00c5ke Bonnier\" \/>\n\t<meta name=\"twitter:label2\" content=\"Ber\u00e4knad l\u00e4stid\" \/>\n\t<meta name=\"twitter:data2\" content=\"2 minuter\" \/>\n<script type=\"application\/ld+json\" class=\"yoast-schema-graph\">{\"@context\":\"https:\/\/schema.org\",\"@graph\":[{\"@type\":\"Article\",\"@id\":\"https:\/\/blogg.svenskakyrkan.se\/akebonnier\/2010\/07\/03\/att-vara-eller-inte-vara-det-kanske-inte-ar-fragan\/#article\",\"isPartOf\":{\"@id\":\"https:\/\/blogg.svenskakyrkan.se\/akebonnier\/2010\/07\/03\/att-vara-eller-inte-vara-det-kanske-inte-ar-fragan\/\"},\"author\":{\"name\":\"\u00c5ke Bonnier\",\"@id\":\"https:\/\/blogg.svenskakyrkan.se\/akebonnier\/#\/schema\/person\/8db68bc0c94f6a5a62df2d4486ff1343\"},\"headline\":\"Att vara eller inte vara &#8211; det kanske inte \u00e4r fr\u00e5gan?!?\",\"datePublished\":\"2010-07-03T18:57:00+00:00\",\"mainEntityOfPage\":{\"@id\":\"https:\/\/blogg.svenskakyrkan.se\/akebonnier\/2010\/07\/03\/att-vara-eller-inte-vara-det-kanske-inte-ar-fragan\/\"},\"wordCount\":510,\"commentCount\":16,\"image\":{\"@id\":\"https:\/\/blogg.svenskakyrkan.se\/akebonnier\/2010\/07\/03\/att-vara-eller-inte-vara-det-kanske-inte-ar-fragan\/#primaryimage\"},\"thumbnailUrl\":\"https:\/\/blogger.googleusercontent.com\/tracker\/9055441369901436026-173615946402926881?l=akebonnier.blogspot.com\",\"articleSection\":[\"Att vara eller inte vara - det kanske inte \u00e4r fr\u00e5gan\"],\"inLanguage\":\"sv-SE\",\"potentialAction\":[{\"@type\":\"CommentAction\",\"name\":\"Comment\",\"target\":[\"https:\/\/blogg.svenskakyrkan.se\/akebonnier\/2010\/07\/03\/att-vara-eller-inte-vara-det-kanske-inte-ar-fragan\/#respond\"]}]},{\"@type\":\"WebPage\",\"@id\":\"https:\/\/blogg.svenskakyrkan.se\/akebonnier\/2010\/07\/03\/att-vara-eller-inte-vara-det-kanske-inte-ar-fragan\/\",\"url\":\"https:\/\/blogg.svenskakyrkan.se\/akebonnier\/2010\/07\/03\/att-vara-eller-inte-vara-det-kanske-inte-ar-fragan\/\",\"name\":\"Att vara eller inte vara - det kanske inte \u00e4r fr\u00e5gan?!? - \u00c5ke Bonnier\",\"isPartOf\":{\"@id\":\"https:\/\/blogg.svenskakyrkan.se\/akebonnier\/#website\"},\"primaryImageOfPage\":{\"@id\":\"https:\/\/blogg.svenskakyrkan.se\/akebonnier\/2010\/07\/03\/att-vara-eller-inte-vara-det-kanske-inte-ar-fragan\/#primaryimage\"},\"image\":{\"@id\":\"https:\/\/blogg.svenskakyrkan.se\/akebonnier\/2010\/07\/03\/att-vara-eller-inte-vara-det-kanske-inte-ar-fragan\/#primaryimage\"},\"thumbnailUrl\":\"https:\/\/blogger.googleusercontent.com\/tracker\/9055441369901436026-173615946402926881?l=akebonnier.blogspot.com\",\"datePublished\":\"2010-07-03T18:57:00+00:00\",\"author\":{\"@id\":\"https:\/\/blogg.svenskakyrkan.se\/akebonnier\/#\/schema\/person\/8db68bc0c94f6a5a62df2d4486ff1343\"},\"breadcrumb\":{\"@id\":\"https:\/\/blogg.svenskakyrkan.se\/akebonnier\/2010\/07\/03\/att-vara-eller-inte-vara-det-kanske-inte-ar-fragan\/#breadcrumb\"},\"inLanguage\":\"sv-SE\",\"potentialAction\":[{\"@type\":\"ReadAction\",\"target\":[\"https:\/\/blogg.svenskakyrkan.se\/akebonnier\/2010\/07\/03\/att-vara-eller-inte-vara-det-kanske-inte-ar-fragan\/\"]}]},{\"@type\":\"ImageObject\",\"inLanguage\":\"sv-SE\",\"@id\":\"https:\/\/blogg.svenskakyrkan.se\/akebonnier\/2010\/07\/03\/att-vara-eller-inte-vara-det-kanske-inte-ar-fragan\/#primaryimage\",\"url\":\"https:\/\/blogger.googleusercontent.com\/tracker\/9055441369901436026-173615946402926881?l=akebonnier.blogspot.com\",\"contentUrl\":\"https:\/\/blogger.googleusercontent.com\/tracker\/9055441369901436026-173615946402926881?l=akebonnier.blogspot.com\"},{\"@type\":\"BreadcrumbList\",\"@id\":\"https:\/\/blogg.svenskakyrkan.se\/akebonnier\/2010\/07\/03\/att-vara-eller-inte-vara-det-kanske-inte-ar-fragan\/#breadcrumb\",\"itemListElement\":[{\"@type\":\"ListItem\",\"position\":1,\"name\":\"Hem\",\"item\":\"https:\/\/blogg.svenskakyrkan.se\/akebonnier\/\"},{\"@type\":\"ListItem\",\"position\":2,\"name\":\"Att vara eller inte vara &#8211; det kanske inte \u00e4r fr\u00e5gan?!?\"}]},{\"@type\":\"WebSite\",\"@id\":\"https:\/\/blogg.svenskakyrkan.se\/akebonnier\/#website\",\"url\":\"https:\/\/blogg.svenskakyrkan.se\/akebonnier\/\",\"name\":\"\u00c5ke Bonnier\",\"description\":\"Biskop i Svenska kyrkan - Skara stift\",\"potentialAction\":[{\"@type\":\"SearchAction\",\"target\":{\"@type\":\"EntryPoint\",\"urlTemplate\":\"https:\/\/blogg.svenskakyrkan.se\/akebonnier\/?s={search_term_string}\"},\"query-input\":{\"@type\":\"PropertyValueSpecification\",\"valueRequired\":true,\"valueName\":\"search_term_string\"}}],\"inLanguage\":\"sv-SE\"},{\"@type\":\"Person\",\"@id\":\"https:\/\/blogg.svenskakyrkan.se\/akebonnier\/#\/schema\/person\/8db68bc0c94f6a5a62df2d4486ff1343\",\"name\":\"\u00c5ke Bonnier\",\"image\":{\"@type\":\"ImageObject\",\"inLanguage\":\"sv-SE\",\"@id\":\"https:\/\/blogg.svenskakyrkan.se\/akebonnier\/#\/schema\/person\/image\/\",\"url\":\"https:\/\/secure.gravatar.com\/avatar\/b88264736bb0bc0d1ea92298aef02c9f98cfc13c7484130c42c663ae484f9462?s=96&d=mm&r=g\",\"contentUrl\":\"https:\/\/secure.gravatar.com\/avatar\/b88264736bb0bc0d1ea92298aef02c9f98cfc13c7484130c42c663ae484f9462?s=96&d=mm&r=g\",\"caption\":\"\u00c5ke Bonnier\"},\"description\":\"Jag \u00e4r gift och har tv\u00e5 vuxna d\u00f6ttrar. Pr\u00e4stvigdes 1984 och biskopsvigs 26 augusti 2012 . Jag har tidigare bland annat varit, komminister och kyrkoherde i Liding\u00f6 f\u00f6rsamling och domprost i Stockholms domkyrkof\u00f6rsamling. Jag \u00e4r intresserad av konst, litteratur, teater, film. Jag tr\u00e4nar regelbundet p\u00e5 gym. Mitt huvudsakliga musikintresse \u00e4r klassisk musik men ocks\u00e5 Beatles, Elvis Presley, Monika Zettelund, Povel Ramel och m\u00e5nga andra tycker jag om att lyssna p\u00e5. Jag l\u00e4ser f\u00f6r lite sk\u00f6nlitteratur beroende p\u00e5 annat som jag m\u00e5ste l\u00e4sa i mitt uppdrag som biskop. Men jag \u00e4lskar b\u00f6cker. Naturligtvis l\u00e4ser jag n\u00e4st intill dagligdags i \\\"B\u00f6ckernas Bok.\\\"\",\"sameAs\":[\"http:\/\/www.skarastift.se\"],\"url\":\"https:\/\/blogg.svenskakyrkan.se\/akebonnier\/author\/akebonnier\/\"}]}<\/script>\n<!-- \/ Yoast SEO plugin. -->","yoast_head_json":{"title":"Att vara eller inte vara - det kanske inte \u00e4r fr\u00e5gan?!? - \u00c5ke Bonnier","robots":{"index":"index","follow":"follow","max-snippet":"max-snippet:-1","max-image-preview":"max-image-preview:large","max-video-preview":"max-video-preview:-1"},"canonical":"https:\/\/blogg.svenskakyrkan.se\/akebonnier\/2010\/07\/03\/att-vara-eller-inte-vara-det-kanske-inte-ar-fragan\/","og_locale":"sv_SE","og_type":"article","og_title":"Att vara eller inte vara - det kanske inte \u00e4r fr\u00e5gan?!? - \u00c5ke Bonnier","og_description":"Jag vill b\u00f6rja detta blogginl\u00e4gg med att tacka Visbys biskop emeritus Bj\u00f6rn Fj\u00e4rstedt f\u00f6r en bra debattartikel i tidningen Dagens senaste nr (2 juli) (http:\/\/www.dagen.se\/). Han talar om nyliberala kontra de allm\u00e4nkyrkliga &#8211; ekumeniska. Det finns onekligen sp\u00e4nningar mellan dessa linjer\/traditioner\/tolkningsh\u00e5llningar, olika teologiska tolkningar, olika st\u00e5ndpunkter. Men, n\u00e4r \u00e4r man vad? \u00c4r jag liberal, kanske [&hellip;]","og_url":"https:\/\/blogg.svenskakyrkan.se\/akebonnier\/2010\/07\/03\/att-vara-eller-inte-vara-det-kanske-inte-ar-fragan\/","og_site_name":"\u00c5ke Bonnier","article_published_time":"2010-07-03T18:57:00+00:00","og_image":[{"url":"https:\/\/blogger.googleusercontent.com\/tracker\/9055441369901436026-173615946402926881?l=akebonnier.blogspot.com","type":"","width":"","height":""}],"author":"\u00c5ke Bonnier","twitter_card":"summary_large_image","twitter_misc":{"Skriven av":"\u00c5ke Bonnier","Ber\u00e4knad l\u00e4stid":"2 minuter"},"schema":{"@context":"https:\/\/schema.org","@graph":[{"@type":"Article","@id":"https:\/\/blogg.svenskakyrkan.se\/akebonnier\/2010\/07\/03\/att-vara-eller-inte-vara-det-kanske-inte-ar-fragan\/#article","isPartOf":{"@id":"https:\/\/blogg.svenskakyrkan.se\/akebonnier\/2010\/07\/03\/att-vara-eller-inte-vara-det-kanske-inte-ar-fragan\/"},"author":{"name":"\u00c5ke Bonnier","@id":"https:\/\/blogg.svenskakyrkan.se\/akebonnier\/#\/schema\/person\/8db68bc0c94f6a5a62df2d4486ff1343"},"headline":"Att vara eller inte vara &#8211; det kanske inte \u00e4r fr\u00e5gan?!?","datePublished":"2010-07-03T18:57:00+00:00","mainEntityOfPage":{"@id":"https:\/\/blogg.svenskakyrkan.se\/akebonnier\/2010\/07\/03\/att-vara-eller-inte-vara-det-kanske-inte-ar-fragan\/"},"wordCount":510,"commentCount":16,"image":{"@id":"https:\/\/blogg.svenskakyrkan.se\/akebonnier\/2010\/07\/03\/att-vara-eller-inte-vara-det-kanske-inte-ar-fragan\/#primaryimage"},"thumbnailUrl":"https:\/\/blogger.googleusercontent.com\/tracker\/9055441369901436026-173615946402926881?l=akebonnier.blogspot.com","articleSection":["Att vara eller inte vara - det kanske inte \u00e4r fr\u00e5gan"],"inLanguage":"sv-SE","potentialAction":[{"@type":"CommentAction","name":"Comment","target":["https:\/\/blogg.svenskakyrkan.se\/akebonnier\/2010\/07\/03\/att-vara-eller-inte-vara-det-kanske-inte-ar-fragan\/#respond"]}]},{"@type":"WebPage","@id":"https:\/\/blogg.svenskakyrkan.se\/akebonnier\/2010\/07\/03\/att-vara-eller-inte-vara-det-kanske-inte-ar-fragan\/","url":"https:\/\/blogg.svenskakyrkan.se\/akebonnier\/2010\/07\/03\/att-vara-eller-inte-vara-det-kanske-inte-ar-fragan\/","name":"Att vara eller inte vara - det kanske inte \u00e4r fr\u00e5gan?!? - \u00c5ke Bonnier","isPartOf":{"@id":"https:\/\/blogg.svenskakyrkan.se\/akebonnier\/#website"},"primaryImageOfPage":{"@id":"https:\/\/blogg.svenskakyrkan.se\/akebonnier\/2010\/07\/03\/att-vara-eller-inte-vara-det-kanske-inte-ar-fragan\/#primaryimage"},"image":{"@id":"https:\/\/blogg.svenskakyrkan.se\/akebonnier\/2010\/07\/03\/att-vara-eller-inte-vara-det-kanske-inte-ar-fragan\/#primaryimage"},"thumbnailUrl":"https:\/\/blogger.googleusercontent.com\/tracker\/9055441369901436026-173615946402926881?l=akebonnier.blogspot.com","datePublished":"2010-07-03T18:57:00+00:00","author":{"@id":"https:\/\/blogg.svenskakyrkan.se\/akebonnier\/#\/schema\/person\/8db68bc0c94f6a5a62df2d4486ff1343"},"breadcrumb":{"@id":"https:\/\/blogg.svenskakyrkan.se\/akebonnier\/2010\/07\/03\/att-vara-eller-inte-vara-det-kanske-inte-ar-fragan\/#breadcrumb"},"inLanguage":"sv-SE","potentialAction":[{"@type":"ReadAction","target":["https:\/\/blogg.svenskakyrkan.se\/akebonnier\/2010\/07\/03\/att-vara-eller-inte-vara-det-kanske-inte-ar-fragan\/"]}]},{"@type":"ImageObject","inLanguage":"sv-SE","@id":"https:\/\/blogg.svenskakyrkan.se\/akebonnier\/2010\/07\/03\/att-vara-eller-inte-vara-det-kanske-inte-ar-fragan\/#primaryimage","url":"https:\/\/blogger.googleusercontent.com\/tracker\/9055441369901436026-173615946402926881?l=akebonnier.blogspot.com","contentUrl":"https:\/\/blogger.googleusercontent.com\/tracker\/9055441369901436026-173615946402926881?l=akebonnier.blogspot.com"},{"@type":"BreadcrumbList","@id":"https:\/\/blogg.svenskakyrkan.se\/akebonnier\/2010\/07\/03\/att-vara-eller-inte-vara-det-kanske-inte-ar-fragan\/#breadcrumb","itemListElement":[{"@type":"ListItem","position":1,"name":"Hem","item":"https:\/\/blogg.svenskakyrkan.se\/akebonnier\/"},{"@type":"ListItem","position":2,"name":"Att vara eller inte vara &#8211; det kanske inte \u00e4r fr\u00e5gan?!?"}]},{"@type":"WebSite","@id":"https:\/\/blogg.svenskakyrkan.se\/akebonnier\/#website","url":"https:\/\/blogg.svenskakyrkan.se\/akebonnier\/","name":"\u00c5ke Bonnier","description":"Biskop i Svenska kyrkan - Skara stift","potentialAction":[{"@type":"SearchAction","target":{"@type":"EntryPoint","urlTemplate":"https:\/\/blogg.svenskakyrkan.se\/akebonnier\/?s={search_term_string}"},"query-input":{"@type":"PropertyValueSpecification","valueRequired":true,"valueName":"search_term_string"}}],"inLanguage":"sv-SE"},{"@type":"Person","@id":"https:\/\/blogg.svenskakyrkan.se\/akebonnier\/#\/schema\/person\/8db68bc0c94f6a5a62df2d4486ff1343","name":"\u00c5ke Bonnier","image":{"@type":"ImageObject","inLanguage":"sv-SE","@id":"https:\/\/blogg.svenskakyrkan.se\/akebonnier\/#\/schema\/person\/image\/","url":"https:\/\/secure.gravatar.com\/avatar\/b88264736bb0bc0d1ea92298aef02c9f98cfc13c7484130c42c663ae484f9462?s=96&d=mm&r=g","contentUrl":"https:\/\/secure.gravatar.com\/avatar\/b88264736bb0bc0d1ea92298aef02c9f98cfc13c7484130c42c663ae484f9462?s=96&d=mm&r=g","caption":"\u00c5ke Bonnier"},"description":"Jag \u00e4r gift och har tv\u00e5 vuxna d\u00f6ttrar. Pr\u00e4stvigdes 1984 och biskopsvigs 26 augusti 2012 . Jag har tidigare bland annat varit, komminister och kyrkoherde i Liding\u00f6 f\u00f6rsamling och domprost i Stockholms domkyrkof\u00f6rsamling. Jag \u00e4r intresserad av konst, litteratur, teater, film. Jag tr\u00e4nar regelbundet p\u00e5 gym. Mitt huvudsakliga musikintresse \u00e4r klassisk musik men ocks\u00e5 Beatles, Elvis Presley, Monika Zettelund, Povel Ramel och m\u00e5nga andra tycker jag om att lyssna p\u00e5. Jag l\u00e4ser f\u00f6r lite sk\u00f6nlitteratur beroende p\u00e5 annat som jag m\u00e5ste l\u00e4sa i mitt uppdrag som biskop. Men jag \u00e4lskar b\u00f6cker. Naturligtvis l\u00e4ser jag n\u00e4st intill dagligdags i \"B\u00f6ckernas Bok.\"","sameAs":["http:\/\/www.skarastift.se"],"url":"https:\/\/blogg.svenskakyrkan.se\/akebonnier\/author\/akebonnier\/"}]}},"author_meta":{"ID":"108","user_nicename":"akebonnier","user_url":"http:\/\/www.skarastift.se","user_registered":"2011-10-11 09:24:48","display_name":"\u00c5ke Bonnier","first_name":"\u00c5ke","last_name":"Bonnier","avatar":"https:\/\/secure.gravatar.com\/avatar\/b88264736bb0bc0d1ea92298aef02c9f98cfc13c7484130c42c663ae484f9462?s=96&d=mm&r=g"},"featured_image":false,"bloginfo":{"name":"\u00c5ke Bonnier","url":"https:\/\/blogg.svenskakyrkan.se\/akebonnier"},"_links":{"self":[{"href":"https:\/\/blogg.svenskakyrkan.se\/akebonnier\/wp-json\/wp\/v2\/posts\/425","targetHints":{"allow":["GET"]}}],"collection":[{"href":"https:\/\/blogg.svenskakyrkan.se\/akebonnier\/wp-json\/wp\/v2\/posts"}],"about":[{"href":"https:\/\/blogg.svenskakyrkan.se\/akebonnier\/wp-json\/wp\/v2\/types\/post"}],"author":[{"embeddable":true,"href":"https:\/\/blogg.svenskakyrkan.se\/akebonnier\/wp-json\/wp\/v2\/users\/108"}],"replies":[{"embeddable":true,"href":"https:\/\/blogg.svenskakyrkan.se\/akebonnier\/wp-json\/wp\/v2\/comments?post=425"}],"version-history":[{"count":0,"href":"https:\/\/blogg.svenskakyrkan.se\/akebonnier\/wp-json\/wp\/v2\/posts\/425\/revisions"}],"wp:attachment":[{"href":"https:\/\/blogg.svenskakyrkan.se\/akebonnier\/wp-json\/wp\/v2\/media?parent=425"}],"wp:term":[{"taxonomy":"category","embeddable":true,"href":"https:\/\/blogg.svenskakyrkan.se\/akebonnier\/wp-json\/wp\/v2\/categories?post=425"},{"taxonomy":"post_tag","embeddable":true,"href":"https:\/\/blogg.svenskakyrkan.se\/akebonnier\/wp-json\/wp\/v2\/tags?post=425"}],"curies":[{"name":"wp","href":"https:\/\/api.w.org\/{rel}","templated":true}]}}