{"id":431,"date":"2010-07-26T20:11:00","date_gmt":"2010-07-26T20:11:00","guid":{"rendered":"http:\/\/blogg.svenskakyrkan.se\/akebonnier\/2010\/07\/26\/polyamoros-och-trogen\/"},"modified":"2010-07-26T20:11:00","modified_gmt":"2010-07-26T20:11:00","slug":"polyamoros-och-trogen","status":"publish","type":"post","link":"https:\/\/blogg.svenskakyrkan.se\/akebonnier\/2010\/07\/26\/polyamoros-och-trogen\/","title":{"rendered":"Polyamor\u00f6s och trogen"},"content":{"rendered":"<p>S\u00e5 var det pridefestival och jag gl\u00e4ds med hbtq-folket! Jag tillh\u00f6r inte n\u00e5gon av dessa grupper (homo-, bi-sexuella, transpersoner och queer) men jag gl\u00e4ds med dem att de f\u00e5r uttrycka r\u00e4tten att vara den man djupast sett \u00e4r. Jag hoppas att ingen ska beh\u00f6va komma ut ifr\u00e5n n\u00e5got inst\u00e4ngt utan att alla ska k\u00e4nna att man \u00e4r ute n\u00e4r man \u00e4r inne d v s att b\u00e5de kyrkan och samh\u00e4llet ska vara \u00f6ppna och omfamnande utan att kv\u00e4va med den s\u00e5 kallade &#8221;k\u00e4rleken&#8221; som s\u00e4ger att: &#8221;vi \u00e4lskar Dig och vill ditt v\u00e4l och vill att Du ska bli som en av oss&#8221;. Den heteronormativa k\u00e4rleken tycks, till skillnad fr\u00e5n Guds k\u00e4rlek, s\u00f6ka sitt. Men min dr\u00f6m om kyrkan \u00e4r att man ska kunna k\u00e4nna sig sedd, bekr\u00e4ftad som den man \u00e4r, uppr\u00e4ttad och \u00e4lskad oavsett om man \u00e4r h, b, t, q eller hetero. Kyrkan (och jag talar naturligtvis om Svenska kyrkan i detta fall) m\u00e5ste vara en famn d\u00e4r man k\u00e4nner sig omfamnad men inte kv\u00e4vd. Kristus \u00e4r st\u00f6rre \u00e4n alla v\u00e5ra tolkningar och f\u00f6rst\u00e5elser och Kristus sj\u00e4lv, Jesus sj\u00e4lv, \u00e4r k\u00e4rleken.<\/p>\n<p>Och samtidigt: Jag var och samtalade idag i ett seminarium om polyamor\u00f6s och trogen. Vad \u00e4r polyamori? (Jo, det heter s\u00e5, vilket jag inte visste). jag \u00e4r inte s\u00e4ker p\u00e5 att jag har grepp om det \u00e4ven om Emma Wieslander som \u00e4r polyamor\u00f6s f\u00f6rklarade f\u00f6r mig och alla de m\u00e5nga som kommit f\u00f6r att lyssna till samtalet och st\u00e4lla n\u00e5gra fr\u00e5gor. men polyamori handlar om en k\u00e4rleksrelation till fler \u00e4n en, en k\u00e4rleksrelation som inte \u00e4r vanlig broderlig och systerlig k\u00e4rlek utan djupare. Kan kyrkan acceptera den typen av f\u00f6rh\u00e5llanden? N\u00e4r jag s\u00e4ger acceptera menar jag likst\u00e4lla det med ett parf\u00f6rh\u00e5llande. I dagsl\u00e4get g\u00f6r vi inte det. kyrkans h\u00e5llning \u00e4r att st\u00f6dja och v\u00e4lsigna livsl\u00e5nga, trofasta parrelationer. Man-man, kvinna-kvinna, man-kvinna &#8211; dessa k\u00e4rleksrelationer kan v\u00e4lsignas av kyrkan &#8211; men inga andra &#8211; idag.<\/p>\n<p>Det viktigaste \u00e4r kanske att leva k\u00e4rleken gent emot v\u00e5r n\u00e4sta, att i alla typer av relationer leva omsorgen, \u00e4rligheten, trofastheten, lyh\u00f6rdheten. Om vi som lever i heteronormativt \u00e4ktenskap kunde f\u00f6reg\u00e5 med gott exempel (idag leder 50-70% av alla ing\u00e5ngna \u00e4ktenskap till skilsm\u00e4ssa), skulle v\u00e5rt samh\u00e4lle se annorlunda ut.<\/p>\n<p>S\u00e5 l\u00e5t oss b\u00f6rja med att sopa framf\u00f6r egen d\u00f6rr innan vi sopar framf\u00f6r andras. I lyh\u00f6rdhet och respekt med Jesus Kristus som f\u00f6red\u00f6me.<\/p>\n<div class=\"blogger-post-footer\"><img width='1' height='1' src='https:\/\/blogger.googleusercontent.com\/tracker\/9055441369901436026-7337080955816014967?l=akebonnier.blogspot.com' alt='' \/><\/div>\n","protected":false},"excerpt":{"rendered":"<p>S\u00e5 var det pridefestival och jag gl\u00e4ds med hbtq-folket! Jag tillh\u00f6r inte n\u00e5gon av dessa grupper (homo-, bi-sexuella, transpersoner och queer) men jag gl\u00e4ds med dem att de f\u00e5r uttrycka r\u00e4tten att vara den man djupast sett \u00e4r. Jag hoppas att ingen ska beh\u00f6va komma ut ifr\u00e5n n\u00e5got inst\u00e4ngt utan att alla ska k\u00e4nna att [&hellip;]<\/p>\n","protected":false},"author":108,"featured_media":0,"comment_status":"open","ping_status":"open","sticky":false,"template":"","format":"standard","meta":{"_acf_changed":false,"footnotes":""},"categories":[16406],"tags":[],"class_list":["post-431","post","type-post","status-publish","format-standard","hentry","category-polyamoros-och-trogen"],"acf":[],"yoast_head":"<!-- This site is optimized with the Yoast SEO plugin v27.1.1 - https:\/\/yoast.com\/product\/yoast-seo-wordpress\/ -->\n<title>Polyamor\u00f6s och trogen - \u00c5ke Bonnier<\/title>\n<meta name=\"robots\" content=\"index, follow, max-snippet:-1, max-image-preview:large, max-video-preview:-1\" \/>\n<link rel=\"canonical\" href=\"https:\/\/blogg.svenskakyrkan.se\/akebonnier\/2010\/07\/26\/polyamoros-och-trogen\/\" \/>\n<meta property=\"og:locale\" content=\"sv_SE\" \/>\n<meta property=\"og:type\" content=\"article\" \/>\n<meta property=\"og:title\" content=\"Polyamor\u00f6s och trogen - \u00c5ke Bonnier\" \/>\n<meta property=\"og:description\" content=\"S\u00e5 var det pridefestival och jag gl\u00e4ds med hbtq-folket! Jag tillh\u00f6r inte n\u00e5gon av dessa grupper (homo-, bi-sexuella, transpersoner och queer) men jag gl\u00e4ds med dem att de f\u00e5r uttrycka r\u00e4tten att vara den man djupast sett \u00e4r. Jag hoppas att ingen ska beh\u00f6va komma ut ifr\u00e5n n\u00e5got inst\u00e4ngt utan att alla ska k\u00e4nna att [&hellip;]\" \/>\n<meta property=\"og:url\" content=\"https:\/\/blogg.svenskakyrkan.se\/akebonnier\/2010\/07\/26\/polyamoros-och-trogen\/\" \/>\n<meta property=\"og:site_name\" content=\"\u00c5ke Bonnier\" \/>\n<meta property=\"article:published_time\" content=\"2010-07-26T20:11:00+00:00\" \/>\n<meta property=\"og:image\" content=\"https:\/\/blogger.googleusercontent.com\/tracker\/9055441369901436026-7337080955816014967?l=akebonnier.blogspot.com\" \/>\n<meta name=\"author\" content=\"\u00c5ke Bonnier\" \/>\n<meta name=\"twitter:card\" content=\"summary_large_image\" \/>\n<meta name=\"twitter:label1\" content=\"Skriven av\" \/>\n\t<meta name=\"twitter:data1\" content=\"\u00c5ke Bonnier\" \/>\n\t<meta name=\"twitter:label2\" content=\"Ber\u00e4knad l\u00e4stid\" \/>\n\t<meta name=\"twitter:data2\" content=\"2 minuter\" \/>\n<script type=\"application\/ld+json\" class=\"yoast-schema-graph\">{\"@context\":\"https:\/\/schema.org\",\"@graph\":[{\"@type\":\"Article\",\"@id\":\"https:\/\/blogg.svenskakyrkan.se\/akebonnier\/2010\/07\/26\/polyamoros-och-trogen\/#article\",\"isPartOf\":{\"@id\":\"https:\/\/blogg.svenskakyrkan.se\/akebonnier\/2010\/07\/26\/polyamoros-och-trogen\/\"},\"author\":{\"name\":\"\u00c5ke Bonnier\",\"@id\":\"https:\/\/blogg.svenskakyrkan.se\/akebonnier\/#\/schema\/person\/8db68bc0c94f6a5a62df2d4486ff1343\"},\"headline\":\"Polyamor\u00f6s och trogen\",\"datePublished\":\"2010-07-26T20:11:00+00:00\",\"mainEntityOfPage\":{\"@id\":\"https:\/\/blogg.svenskakyrkan.se\/akebonnier\/2010\/07\/26\/polyamoros-och-trogen\/\"},\"wordCount\":476,\"commentCount\":112,\"image\":{\"@id\":\"https:\/\/blogg.svenskakyrkan.se\/akebonnier\/2010\/07\/26\/polyamoros-och-trogen\/#primaryimage\"},\"thumbnailUrl\":\"https:\/\/blogger.googleusercontent.com\/tracker\/9055441369901436026-7337080955816014967?l=akebonnier.blogspot.com\",\"articleSection\":[\"Polyamor\u00f6s och trogen\"],\"inLanguage\":\"sv-SE\",\"potentialAction\":[{\"@type\":\"CommentAction\",\"name\":\"Comment\",\"target\":[\"https:\/\/blogg.svenskakyrkan.se\/akebonnier\/2010\/07\/26\/polyamoros-och-trogen\/#respond\"]}]},{\"@type\":\"WebPage\",\"@id\":\"https:\/\/blogg.svenskakyrkan.se\/akebonnier\/2010\/07\/26\/polyamoros-och-trogen\/\",\"url\":\"https:\/\/blogg.svenskakyrkan.se\/akebonnier\/2010\/07\/26\/polyamoros-och-trogen\/\",\"name\":\"Polyamor\u00f6s och trogen - \u00c5ke Bonnier\",\"isPartOf\":{\"@id\":\"https:\/\/blogg.svenskakyrkan.se\/akebonnier\/#website\"},\"primaryImageOfPage\":{\"@id\":\"https:\/\/blogg.svenskakyrkan.se\/akebonnier\/2010\/07\/26\/polyamoros-och-trogen\/#primaryimage\"},\"image\":{\"@id\":\"https:\/\/blogg.svenskakyrkan.se\/akebonnier\/2010\/07\/26\/polyamoros-och-trogen\/#primaryimage\"},\"thumbnailUrl\":\"https:\/\/blogger.googleusercontent.com\/tracker\/9055441369901436026-7337080955816014967?l=akebonnier.blogspot.com\",\"datePublished\":\"2010-07-26T20:11:00+00:00\",\"author\":{\"@id\":\"https:\/\/blogg.svenskakyrkan.se\/akebonnier\/#\/schema\/person\/8db68bc0c94f6a5a62df2d4486ff1343\"},\"breadcrumb\":{\"@id\":\"https:\/\/blogg.svenskakyrkan.se\/akebonnier\/2010\/07\/26\/polyamoros-och-trogen\/#breadcrumb\"},\"inLanguage\":\"sv-SE\",\"potentialAction\":[{\"@type\":\"ReadAction\",\"target\":[\"https:\/\/blogg.svenskakyrkan.se\/akebonnier\/2010\/07\/26\/polyamoros-och-trogen\/\"]}]},{\"@type\":\"ImageObject\",\"inLanguage\":\"sv-SE\",\"@id\":\"https:\/\/blogg.svenskakyrkan.se\/akebonnier\/2010\/07\/26\/polyamoros-och-trogen\/#primaryimage\",\"url\":\"https:\/\/blogger.googleusercontent.com\/tracker\/9055441369901436026-7337080955816014967?l=akebonnier.blogspot.com\",\"contentUrl\":\"https:\/\/blogger.googleusercontent.com\/tracker\/9055441369901436026-7337080955816014967?l=akebonnier.blogspot.com\"},{\"@type\":\"BreadcrumbList\",\"@id\":\"https:\/\/blogg.svenskakyrkan.se\/akebonnier\/2010\/07\/26\/polyamoros-och-trogen\/#breadcrumb\",\"itemListElement\":[{\"@type\":\"ListItem\",\"position\":1,\"name\":\"Hem\",\"item\":\"https:\/\/blogg.svenskakyrkan.se\/akebonnier\/\"},{\"@type\":\"ListItem\",\"position\":2,\"name\":\"Polyamor\u00f6s och trogen\"}]},{\"@type\":\"WebSite\",\"@id\":\"https:\/\/blogg.svenskakyrkan.se\/akebonnier\/#website\",\"url\":\"https:\/\/blogg.svenskakyrkan.se\/akebonnier\/\",\"name\":\"\u00c5ke Bonnier\",\"description\":\"Biskop i Svenska kyrkan - Skara stift\",\"potentialAction\":[{\"@type\":\"SearchAction\",\"target\":{\"@type\":\"EntryPoint\",\"urlTemplate\":\"https:\/\/blogg.svenskakyrkan.se\/akebonnier\/?s={search_term_string}\"},\"query-input\":{\"@type\":\"PropertyValueSpecification\",\"valueRequired\":true,\"valueName\":\"search_term_string\"}}],\"inLanguage\":\"sv-SE\"},{\"@type\":\"Person\",\"@id\":\"https:\/\/blogg.svenskakyrkan.se\/akebonnier\/#\/schema\/person\/8db68bc0c94f6a5a62df2d4486ff1343\",\"name\":\"\u00c5ke Bonnier\",\"image\":{\"@type\":\"ImageObject\",\"inLanguage\":\"sv-SE\",\"@id\":\"https:\/\/blogg.svenskakyrkan.se\/akebonnier\/#\/schema\/person\/image\/\",\"url\":\"https:\/\/secure.gravatar.com\/avatar\/b88264736bb0bc0d1ea92298aef02c9f98cfc13c7484130c42c663ae484f9462?s=96&d=mm&r=g\",\"contentUrl\":\"https:\/\/secure.gravatar.com\/avatar\/b88264736bb0bc0d1ea92298aef02c9f98cfc13c7484130c42c663ae484f9462?s=96&d=mm&r=g\",\"caption\":\"\u00c5ke Bonnier\"},\"description\":\"Jag \u00e4r gift och har tv\u00e5 vuxna d\u00f6ttrar. Pr\u00e4stvigdes 1984 och biskopsvigs 26 augusti 2012 . Jag har tidigare bland annat varit, komminister och kyrkoherde i Liding\u00f6 f\u00f6rsamling och domprost i Stockholms domkyrkof\u00f6rsamling. Jag \u00e4r intresserad av konst, litteratur, teater, film. Jag tr\u00e4nar regelbundet p\u00e5 gym. Mitt huvudsakliga musikintresse \u00e4r klassisk musik men ocks\u00e5 Beatles, Elvis Presley, Monika Zettelund, Povel Ramel och m\u00e5nga andra tycker jag om att lyssna p\u00e5. Jag l\u00e4ser f\u00f6r lite sk\u00f6nlitteratur beroende p\u00e5 annat som jag m\u00e5ste l\u00e4sa i mitt uppdrag som biskop. Men jag \u00e4lskar b\u00f6cker. Naturligtvis l\u00e4ser jag n\u00e4st intill dagligdags i \\\"B\u00f6ckernas Bok.\\\"\",\"sameAs\":[\"http:\/\/www.skarastift.se\"],\"url\":\"https:\/\/blogg.svenskakyrkan.se\/akebonnier\/author\/akebonnier\/\"}]}<\/script>\n<!-- \/ Yoast SEO plugin. -->","yoast_head_json":{"title":"Polyamor\u00f6s och trogen - \u00c5ke Bonnier","robots":{"index":"index","follow":"follow","max-snippet":"max-snippet:-1","max-image-preview":"max-image-preview:large","max-video-preview":"max-video-preview:-1"},"canonical":"https:\/\/blogg.svenskakyrkan.se\/akebonnier\/2010\/07\/26\/polyamoros-och-trogen\/","og_locale":"sv_SE","og_type":"article","og_title":"Polyamor\u00f6s och trogen - \u00c5ke Bonnier","og_description":"S\u00e5 var det pridefestival och jag gl\u00e4ds med hbtq-folket! Jag tillh\u00f6r inte n\u00e5gon av dessa grupper (homo-, bi-sexuella, transpersoner och queer) men jag gl\u00e4ds med dem att de f\u00e5r uttrycka r\u00e4tten att vara den man djupast sett \u00e4r. Jag hoppas att ingen ska beh\u00f6va komma ut ifr\u00e5n n\u00e5got inst\u00e4ngt utan att alla ska k\u00e4nna att [&hellip;]","og_url":"https:\/\/blogg.svenskakyrkan.se\/akebonnier\/2010\/07\/26\/polyamoros-och-trogen\/","og_site_name":"\u00c5ke Bonnier","article_published_time":"2010-07-26T20:11:00+00:00","og_image":[{"url":"https:\/\/blogger.googleusercontent.com\/tracker\/9055441369901436026-7337080955816014967?l=akebonnier.blogspot.com","type":"","width":"","height":""}],"author":"\u00c5ke Bonnier","twitter_card":"summary_large_image","twitter_misc":{"Skriven av":"\u00c5ke Bonnier","Ber\u00e4knad l\u00e4stid":"2 minuter"},"schema":{"@context":"https:\/\/schema.org","@graph":[{"@type":"Article","@id":"https:\/\/blogg.svenskakyrkan.se\/akebonnier\/2010\/07\/26\/polyamoros-och-trogen\/#article","isPartOf":{"@id":"https:\/\/blogg.svenskakyrkan.se\/akebonnier\/2010\/07\/26\/polyamoros-och-trogen\/"},"author":{"name":"\u00c5ke Bonnier","@id":"https:\/\/blogg.svenskakyrkan.se\/akebonnier\/#\/schema\/person\/8db68bc0c94f6a5a62df2d4486ff1343"},"headline":"Polyamor\u00f6s och trogen","datePublished":"2010-07-26T20:11:00+00:00","mainEntityOfPage":{"@id":"https:\/\/blogg.svenskakyrkan.se\/akebonnier\/2010\/07\/26\/polyamoros-och-trogen\/"},"wordCount":476,"commentCount":112,"image":{"@id":"https:\/\/blogg.svenskakyrkan.se\/akebonnier\/2010\/07\/26\/polyamoros-och-trogen\/#primaryimage"},"thumbnailUrl":"https:\/\/blogger.googleusercontent.com\/tracker\/9055441369901436026-7337080955816014967?l=akebonnier.blogspot.com","articleSection":["Polyamor\u00f6s och trogen"],"inLanguage":"sv-SE","potentialAction":[{"@type":"CommentAction","name":"Comment","target":["https:\/\/blogg.svenskakyrkan.se\/akebonnier\/2010\/07\/26\/polyamoros-och-trogen\/#respond"]}]},{"@type":"WebPage","@id":"https:\/\/blogg.svenskakyrkan.se\/akebonnier\/2010\/07\/26\/polyamoros-och-trogen\/","url":"https:\/\/blogg.svenskakyrkan.se\/akebonnier\/2010\/07\/26\/polyamoros-och-trogen\/","name":"Polyamor\u00f6s och trogen - \u00c5ke Bonnier","isPartOf":{"@id":"https:\/\/blogg.svenskakyrkan.se\/akebonnier\/#website"},"primaryImageOfPage":{"@id":"https:\/\/blogg.svenskakyrkan.se\/akebonnier\/2010\/07\/26\/polyamoros-och-trogen\/#primaryimage"},"image":{"@id":"https:\/\/blogg.svenskakyrkan.se\/akebonnier\/2010\/07\/26\/polyamoros-och-trogen\/#primaryimage"},"thumbnailUrl":"https:\/\/blogger.googleusercontent.com\/tracker\/9055441369901436026-7337080955816014967?l=akebonnier.blogspot.com","datePublished":"2010-07-26T20:11:00+00:00","author":{"@id":"https:\/\/blogg.svenskakyrkan.se\/akebonnier\/#\/schema\/person\/8db68bc0c94f6a5a62df2d4486ff1343"},"breadcrumb":{"@id":"https:\/\/blogg.svenskakyrkan.se\/akebonnier\/2010\/07\/26\/polyamoros-och-trogen\/#breadcrumb"},"inLanguage":"sv-SE","potentialAction":[{"@type":"ReadAction","target":["https:\/\/blogg.svenskakyrkan.se\/akebonnier\/2010\/07\/26\/polyamoros-och-trogen\/"]}]},{"@type":"ImageObject","inLanguage":"sv-SE","@id":"https:\/\/blogg.svenskakyrkan.se\/akebonnier\/2010\/07\/26\/polyamoros-och-trogen\/#primaryimage","url":"https:\/\/blogger.googleusercontent.com\/tracker\/9055441369901436026-7337080955816014967?l=akebonnier.blogspot.com","contentUrl":"https:\/\/blogger.googleusercontent.com\/tracker\/9055441369901436026-7337080955816014967?l=akebonnier.blogspot.com"},{"@type":"BreadcrumbList","@id":"https:\/\/blogg.svenskakyrkan.se\/akebonnier\/2010\/07\/26\/polyamoros-och-trogen\/#breadcrumb","itemListElement":[{"@type":"ListItem","position":1,"name":"Hem","item":"https:\/\/blogg.svenskakyrkan.se\/akebonnier\/"},{"@type":"ListItem","position":2,"name":"Polyamor\u00f6s och trogen"}]},{"@type":"WebSite","@id":"https:\/\/blogg.svenskakyrkan.se\/akebonnier\/#website","url":"https:\/\/blogg.svenskakyrkan.se\/akebonnier\/","name":"\u00c5ke Bonnier","description":"Biskop i Svenska kyrkan - Skara stift","potentialAction":[{"@type":"SearchAction","target":{"@type":"EntryPoint","urlTemplate":"https:\/\/blogg.svenskakyrkan.se\/akebonnier\/?s={search_term_string}"},"query-input":{"@type":"PropertyValueSpecification","valueRequired":true,"valueName":"search_term_string"}}],"inLanguage":"sv-SE"},{"@type":"Person","@id":"https:\/\/blogg.svenskakyrkan.se\/akebonnier\/#\/schema\/person\/8db68bc0c94f6a5a62df2d4486ff1343","name":"\u00c5ke Bonnier","image":{"@type":"ImageObject","inLanguage":"sv-SE","@id":"https:\/\/blogg.svenskakyrkan.se\/akebonnier\/#\/schema\/person\/image\/","url":"https:\/\/secure.gravatar.com\/avatar\/b88264736bb0bc0d1ea92298aef02c9f98cfc13c7484130c42c663ae484f9462?s=96&d=mm&r=g","contentUrl":"https:\/\/secure.gravatar.com\/avatar\/b88264736bb0bc0d1ea92298aef02c9f98cfc13c7484130c42c663ae484f9462?s=96&d=mm&r=g","caption":"\u00c5ke Bonnier"},"description":"Jag \u00e4r gift och har tv\u00e5 vuxna d\u00f6ttrar. Pr\u00e4stvigdes 1984 och biskopsvigs 26 augusti 2012 . Jag har tidigare bland annat varit, komminister och kyrkoherde i Liding\u00f6 f\u00f6rsamling och domprost i Stockholms domkyrkof\u00f6rsamling. Jag \u00e4r intresserad av konst, litteratur, teater, film. Jag tr\u00e4nar regelbundet p\u00e5 gym. Mitt huvudsakliga musikintresse \u00e4r klassisk musik men ocks\u00e5 Beatles, Elvis Presley, Monika Zettelund, Povel Ramel och m\u00e5nga andra tycker jag om att lyssna p\u00e5. Jag l\u00e4ser f\u00f6r lite sk\u00f6nlitteratur beroende p\u00e5 annat som jag m\u00e5ste l\u00e4sa i mitt uppdrag som biskop. Men jag \u00e4lskar b\u00f6cker. Naturligtvis l\u00e4ser jag n\u00e4st intill dagligdags i \"B\u00f6ckernas Bok.\"","sameAs":["http:\/\/www.skarastift.se"],"url":"https:\/\/blogg.svenskakyrkan.se\/akebonnier\/author\/akebonnier\/"}]}},"author_meta":{"ID":"108","user_nicename":"akebonnier","user_url":"http:\/\/www.skarastift.se","user_registered":"2011-10-11 09:24:48","display_name":"\u00c5ke Bonnier","first_name":"\u00c5ke","last_name":"Bonnier","avatar":"https:\/\/secure.gravatar.com\/avatar\/b88264736bb0bc0d1ea92298aef02c9f98cfc13c7484130c42c663ae484f9462?s=96&d=mm&r=g"},"featured_image":false,"bloginfo":{"name":"\u00c5ke Bonnier","url":"https:\/\/blogg.svenskakyrkan.se\/akebonnier"},"_links":{"self":[{"href":"https:\/\/blogg.svenskakyrkan.se\/akebonnier\/wp-json\/wp\/v2\/posts\/431","targetHints":{"allow":["GET"]}}],"collection":[{"href":"https:\/\/blogg.svenskakyrkan.se\/akebonnier\/wp-json\/wp\/v2\/posts"}],"about":[{"href":"https:\/\/blogg.svenskakyrkan.se\/akebonnier\/wp-json\/wp\/v2\/types\/post"}],"author":[{"embeddable":true,"href":"https:\/\/blogg.svenskakyrkan.se\/akebonnier\/wp-json\/wp\/v2\/users\/108"}],"replies":[{"embeddable":true,"href":"https:\/\/blogg.svenskakyrkan.se\/akebonnier\/wp-json\/wp\/v2\/comments?post=431"}],"version-history":[{"count":0,"href":"https:\/\/blogg.svenskakyrkan.se\/akebonnier\/wp-json\/wp\/v2\/posts\/431\/revisions"}],"wp:attachment":[{"href":"https:\/\/blogg.svenskakyrkan.se\/akebonnier\/wp-json\/wp\/v2\/media?parent=431"}],"wp:term":[{"taxonomy":"category","embeddable":true,"href":"https:\/\/blogg.svenskakyrkan.se\/akebonnier\/wp-json\/wp\/v2\/categories?post=431"},{"taxonomy":"post_tag","embeddable":true,"href":"https:\/\/blogg.svenskakyrkan.se\/akebonnier\/wp-json\/wp\/v2\/tags?post=431"}],"curies":[{"name":"wp","href":"https:\/\/api.w.org\/{rel}","templated":true}]}}