{"id":436,"date":"2010-08-11T13:49:00","date_gmt":"2010-08-11T13:49:00","guid":{"rendered":"http:\/\/blogg.svenskakyrkan.se\/akebonnier\/2010\/08\/11\/doden-tankte-jag-mig-sa\/"},"modified":"2010-08-11T13:49:00","modified_gmt":"2010-08-11T13:49:00","slug":"doden-tankte-jag-mig-sa","status":"publish","type":"post","link":"https:\/\/blogg.svenskakyrkan.se\/akebonnier\/2010\/08\/11\/doden-tankte-jag-mig-sa\/","title":{"rendered":"&quot;D\u00f6den t\u00e4nkte jag mig s\u00e5&#8230;&quot;"},"content":{"rendered":"<p>Bo Setterlinds dikt k\u00e4nns s\u00e4kert igen av m\u00e5nga. D\u00f6den \u00e4r st\u00e4ndigt aktuell \u00e4ven om vi tycks gl\u00f6mma bort att vi \u00e4r d\u00f6dliga. Egentligen, f\u00f6r att forts\u00e4tta att citera lyriker, \u00e4r vi bara en liten &#8221;bl\u00e5sa i Guds Andes glas&#8221; (<em>Aniara<\/em> av Harry Martinsson). Samtidigt \u00e4r vi insatta i ett stort, ja ett evigt sammanhang som har med Gud att g\u00f6ra. V\u00e5r kropp \u00e4r ett Guds Andes tempel (1 Kor 6:19) och d\u00e4rmed n\u00e5got heligt. Men vad g\u00f6r vi med kroppen den dagen den inte l\u00e4ngre har n\u00e5gon funktion? Hur ordnar vi det f\u00f6r oss efter livets slut? M\u00e5nga fyller i s.k. &#8221;vita arkiv&#8221; d\u00e4r man skriver ned sina \u00f6nskem\u00e5l om begravningsform, psalmer, begravningsf\u00f6rr\u00e4ttare etc. Det \u00e4r oerh\u00f6rt bra och underl\u00e4ttar f\u00f6r de anh\u00f6riga. Andra \u00f6verl\u00e4mnar begravningsplaneringen till de anh\u00f6riga. <em>Ni f\u00e5r g\u00f6ra hur ni vill. Jag bryr mig inte s\u00e5 l\u00e4nge det blir bra f\u00f6r er<\/em>. Och s\u00e5 kommer d\u00f6dsdagen och d\u00f6dsdagar kommer alltid ol\u00e4mpligt. D\u00f6den g\u00e5r alltid f\u00f6re och st\u00f6r all planering. Men i dagens Sverige finns det en alltmer p\u00e5taglig risk att d\u00f6den inte f\u00e5r st\u00f6ra, att d\u00f6den inte f\u00e5r g\u00e5 f\u00f6re utan att det hela ska klaras av s\u00e5 snabbt och &#8221;sm\u00e4rtfritt&#8221; som m\u00f6jligt. En m\u00f6jlighet \u00e4r nu att kremera den anh\u00f6riga utan n\u00e5gra ritualer eller ceremonier alls. Den \u00e4lskade k\u00f6rs till krematoriet direkt fr\u00e5n sjukhuset och sedan kan gravs\u00e4ttningen komma raskt ocks\u00e5; kanske minneslund d\u00e4r man vare sig beh\u00f6ver eller f\u00e5r vara n\u00e4rvarande vid asknedgr\u00e4vningen eller den s k &#8221;spridningen f\u00f6r vinden&#8221;. Man kan ocks\u00e5 kremera och sprida ute p\u00e5 havet (med L\u00e4nsstyrelsens tillst\u00e5nd) eller l\u00e4gga i askgrav, vilokulle etc.<\/p>\n<p>Det vi i kyrkan v\u00e4nder oss mot \u00e4r de s.k. direktarna. Vi menar att vi m\u00e4nniskor beh\u00f6ver gudstj\u00e4nsten, beh\u00f6ver f\u00e5 vara kring den \u00e4lskade, beh\u00f6ver f\u00e5 be, sjunga och \u00f6verl\u00e4mna den avlidne i Guds omsorg. Vi beh\u00f6ver begravningsgudstj\u00e4nsten med kistan som p\u00e5minner oss om att den d\u00f6de med hela sin kropp, ligger d\u00e4r och sedan beh\u00f6ver vi p\u00e5minna oss om att det inte \u00e4r riktigt hela sanningen i alla fall d\u00e4rf\u00f6r att den d\u00f6de har f\u00e5tt m\u00f6ta Gud ansikte mot ansikte. Det \u00e4r pr\u00e4stens uppgift att p\u00e5minna om detta i begravningsgudstj\u00e4nsten. Vi beh\u00f6ver begravningsgudstj\u00e4nsten. V\u00e5r hantering av den d\u00f6de f\u00e5r aldrig styras av hetsig tid eller ekonomiska intressen. En begravningsgudstj\u00e4nst \u00e4r alltid kostnadsfri f\u00f6r d\u00f6dsboet om den d\u00f6de tillh\u00f6rde Svenska kyrkan. Hade den d\u00f6de d\u00e4remot l\u00e4mnat Svenska kyrkan, oavsett orsak, \u00e4r det kyrkoherden i f\u00f6rsamlingen d\u00e4r begravningen ska \u00e4ga rum som har att fatta beslut om den d\u00f6de \u00e4nd\u00e5 ska ha en begravningsgudstj\u00e4nst. Det \u00e4r ett pastoralt \u00f6verv\u00e4gande d\u00e4r m\u00e5nga i slut\u00e4nden s\u00e4ger ja och d\u00e5 tillkommer en kostnad eftersom den d\u00f6de inte betalat detta genom sin kyrkoavgift.<\/p>\n<p>Men vi, som \u00e4r medlemmar i Svenska kyrkan, borde v\u00e4rna om begravningsgudstj\u00e4nsten som i sig \u00e4r ett framh\u00e5llande av den enskilde individens v\u00e4rde. L\u00e5t Er inte luras in i &#8221;direktart\u00e4nket&#8221;. Nej, f\u00f6r livets skull, f\u00f6r den s\u00f6rjandes skull, \u00e4r det viktig med gudstj\u00e4nsten. F\u00f6r den d\u00f6des skull d\u00e5? Den d\u00f6de klarar sig lika bra \u00e4nd\u00e5. Vi kan inget g\u00f6ra f\u00f6r den d\u00f6de. Det kan bara Gud, men vi kan visa v\u00f6rdnad f\u00f6r kroppen, f\u00f6r individen och vi f\u00e5r \u00f6verl\u00e4mna den d\u00f6de i Guds gr\u00e4nsl\u00f6sa omsorg.<\/p>\n<div class=\"blogger-post-footer\"><img width='1' height='1' src='https:\/\/blogger.googleusercontent.com\/tracker\/9055441369901436026-378300316763521516?l=akebonnier.blogspot.com' alt='' \/><\/div>\n","protected":false},"excerpt":{"rendered":"<p>Bo Setterlinds dikt k\u00e4nns s\u00e4kert igen av m\u00e5nga. D\u00f6den \u00e4r st\u00e4ndigt aktuell \u00e4ven om vi tycks gl\u00f6mma bort att vi \u00e4r d\u00f6dliga. Egentligen, f\u00f6r att forts\u00e4tta att citera lyriker, \u00e4r vi bara en liten &#8221;bl\u00e5sa i Guds Andes glas&#8221; (Aniara av Harry Martinsson). Samtidigt \u00e4r vi insatta i ett stort, ja ett evigt sammanhang som [&hellip;]<\/p>\n","protected":false},"author":108,"featured_media":0,"comment_status":"open","ping_status":"open","sticky":false,"template":"","format":"standard","meta":{"_acf_changed":false,"footnotes":""},"categories":[16411],"tags":[],"class_list":["post-436","post","type-post","status-publish","format-standard","hentry","category-doden-tankte-jag-mig-sa"],"acf":[],"yoast_head":"<!-- This site is optimized with the Yoast SEO plugin v27.1.1 - https:\/\/yoast.com\/product\/yoast-seo-wordpress\/ -->\n<title>&quot;D\u00f6den t\u00e4nkte jag mig s\u00e5...&quot; - \u00c5ke Bonnier<\/title>\n<meta name=\"robots\" content=\"index, follow, max-snippet:-1, max-image-preview:large, max-video-preview:-1\" \/>\n<link rel=\"canonical\" href=\"https:\/\/blogg.svenskakyrkan.se\/akebonnier\/2010\/08\/11\/doden-tankte-jag-mig-sa\/\" \/>\n<meta property=\"og:locale\" content=\"sv_SE\" \/>\n<meta property=\"og:type\" content=\"article\" \/>\n<meta property=\"og:title\" content=\"&quot;D\u00f6den t\u00e4nkte jag mig s\u00e5...&quot; - \u00c5ke Bonnier\" \/>\n<meta property=\"og:description\" content=\"Bo Setterlinds dikt k\u00e4nns s\u00e4kert igen av m\u00e5nga. D\u00f6den \u00e4r st\u00e4ndigt aktuell \u00e4ven om vi tycks gl\u00f6mma bort att vi \u00e4r d\u00f6dliga. Egentligen, f\u00f6r att forts\u00e4tta att citera lyriker, \u00e4r vi bara en liten &#8221;bl\u00e5sa i Guds Andes glas&#8221; (Aniara av Harry Martinsson). Samtidigt \u00e4r vi insatta i ett stort, ja ett evigt sammanhang som [&hellip;]\" \/>\n<meta property=\"og:url\" content=\"https:\/\/blogg.svenskakyrkan.se\/akebonnier\/2010\/08\/11\/doden-tankte-jag-mig-sa\/\" \/>\n<meta property=\"og:site_name\" content=\"\u00c5ke Bonnier\" \/>\n<meta property=\"article:published_time\" content=\"2010-08-11T13:49:00+00:00\" \/>\n<meta property=\"og:image\" content=\"https:\/\/blogger.googleusercontent.com\/tracker\/9055441369901436026-378300316763521516?l=akebonnier.blogspot.com\" \/>\n<meta name=\"author\" content=\"\u00c5ke Bonnier\" \/>\n<meta name=\"twitter:card\" content=\"summary_large_image\" \/>\n<meta name=\"twitter:label1\" content=\"Skriven av\" \/>\n\t<meta name=\"twitter:data1\" content=\"\u00c5ke Bonnier\" \/>\n\t<meta name=\"twitter:label2\" content=\"Ber\u00e4knad l\u00e4stid\" \/>\n\t<meta name=\"twitter:data2\" content=\"3 minuter\" \/>\n<script type=\"application\/ld+json\" class=\"yoast-schema-graph\">{\"@context\":\"https:\/\/schema.org\",\"@graph\":[{\"@type\":\"Article\",\"@id\":\"https:\/\/blogg.svenskakyrkan.se\/akebonnier\/2010\/08\/11\/doden-tankte-jag-mig-sa\/#article\",\"isPartOf\":{\"@id\":\"https:\/\/blogg.svenskakyrkan.se\/akebonnier\/2010\/08\/11\/doden-tankte-jag-mig-sa\/\"},\"author\":{\"name\":\"\u00c5ke Bonnier\",\"@id\":\"https:\/\/blogg.svenskakyrkan.se\/akebonnier\/#\/schema\/person\/8db68bc0c94f6a5a62df2d4486ff1343\"},\"headline\":\"&quot;D\u00f6den t\u00e4nkte jag mig s\u00e5&#8230;&quot;\",\"datePublished\":\"2010-08-11T13:49:00+00:00\",\"mainEntityOfPage\":{\"@id\":\"https:\/\/blogg.svenskakyrkan.se\/akebonnier\/2010\/08\/11\/doden-tankte-jag-mig-sa\/\"},\"wordCount\":669,\"commentCount\":24,\"image\":{\"@id\":\"https:\/\/blogg.svenskakyrkan.se\/akebonnier\/2010\/08\/11\/doden-tankte-jag-mig-sa\/#primaryimage\"},\"thumbnailUrl\":\"https:\/\/blogger.googleusercontent.com\/tracker\/9055441369901436026-378300316763521516?l=akebonnier.blogspot.com\",\"articleSection\":[\"D\u00f6den t\u00e4nkte jag mig s\u00e5...\"],\"inLanguage\":\"sv-SE\",\"potentialAction\":[{\"@type\":\"CommentAction\",\"name\":\"Comment\",\"target\":[\"https:\/\/blogg.svenskakyrkan.se\/akebonnier\/2010\/08\/11\/doden-tankte-jag-mig-sa\/#respond\"]}]},{\"@type\":\"WebPage\",\"@id\":\"https:\/\/blogg.svenskakyrkan.se\/akebonnier\/2010\/08\/11\/doden-tankte-jag-mig-sa\/\",\"url\":\"https:\/\/blogg.svenskakyrkan.se\/akebonnier\/2010\/08\/11\/doden-tankte-jag-mig-sa\/\",\"name\":\"&quot;D\u00f6den t\u00e4nkte jag mig s\u00e5...&quot; - \u00c5ke Bonnier\",\"isPartOf\":{\"@id\":\"https:\/\/blogg.svenskakyrkan.se\/akebonnier\/#website\"},\"primaryImageOfPage\":{\"@id\":\"https:\/\/blogg.svenskakyrkan.se\/akebonnier\/2010\/08\/11\/doden-tankte-jag-mig-sa\/#primaryimage\"},\"image\":{\"@id\":\"https:\/\/blogg.svenskakyrkan.se\/akebonnier\/2010\/08\/11\/doden-tankte-jag-mig-sa\/#primaryimage\"},\"thumbnailUrl\":\"https:\/\/blogger.googleusercontent.com\/tracker\/9055441369901436026-378300316763521516?l=akebonnier.blogspot.com\",\"datePublished\":\"2010-08-11T13:49:00+00:00\",\"author\":{\"@id\":\"https:\/\/blogg.svenskakyrkan.se\/akebonnier\/#\/schema\/person\/8db68bc0c94f6a5a62df2d4486ff1343\"},\"breadcrumb\":{\"@id\":\"https:\/\/blogg.svenskakyrkan.se\/akebonnier\/2010\/08\/11\/doden-tankte-jag-mig-sa\/#breadcrumb\"},\"inLanguage\":\"sv-SE\",\"potentialAction\":[{\"@type\":\"ReadAction\",\"target\":[\"https:\/\/blogg.svenskakyrkan.se\/akebonnier\/2010\/08\/11\/doden-tankte-jag-mig-sa\/\"]}]},{\"@type\":\"ImageObject\",\"inLanguage\":\"sv-SE\",\"@id\":\"https:\/\/blogg.svenskakyrkan.se\/akebonnier\/2010\/08\/11\/doden-tankte-jag-mig-sa\/#primaryimage\",\"url\":\"https:\/\/blogger.googleusercontent.com\/tracker\/9055441369901436026-378300316763521516?l=akebonnier.blogspot.com\",\"contentUrl\":\"https:\/\/blogger.googleusercontent.com\/tracker\/9055441369901436026-378300316763521516?l=akebonnier.blogspot.com\"},{\"@type\":\"BreadcrumbList\",\"@id\":\"https:\/\/blogg.svenskakyrkan.se\/akebonnier\/2010\/08\/11\/doden-tankte-jag-mig-sa\/#breadcrumb\",\"itemListElement\":[{\"@type\":\"ListItem\",\"position\":1,\"name\":\"Hem\",\"item\":\"https:\/\/blogg.svenskakyrkan.se\/akebonnier\/\"},{\"@type\":\"ListItem\",\"position\":2,\"name\":\"&quot;D\u00f6den t\u00e4nkte jag mig s\u00e5&#8230;&quot;\"}]},{\"@type\":\"WebSite\",\"@id\":\"https:\/\/blogg.svenskakyrkan.se\/akebonnier\/#website\",\"url\":\"https:\/\/blogg.svenskakyrkan.se\/akebonnier\/\",\"name\":\"\u00c5ke Bonnier\",\"description\":\"Biskop i Svenska kyrkan - Skara stift\",\"potentialAction\":[{\"@type\":\"SearchAction\",\"target\":{\"@type\":\"EntryPoint\",\"urlTemplate\":\"https:\/\/blogg.svenskakyrkan.se\/akebonnier\/?s={search_term_string}\"},\"query-input\":{\"@type\":\"PropertyValueSpecification\",\"valueRequired\":true,\"valueName\":\"search_term_string\"}}],\"inLanguage\":\"sv-SE\"},{\"@type\":\"Person\",\"@id\":\"https:\/\/blogg.svenskakyrkan.se\/akebonnier\/#\/schema\/person\/8db68bc0c94f6a5a62df2d4486ff1343\",\"name\":\"\u00c5ke Bonnier\",\"image\":{\"@type\":\"ImageObject\",\"inLanguage\":\"sv-SE\",\"@id\":\"https:\/\/blogg.svenskakyrkan.se\/akebonnier\/#\/schema\/person\/image\/\",\"url\":\"https:\/\/secure.gravatar.com\/avatar\/b88264736bb0bc0d1ea92298aef02c9f98cfc13c7484130c42c663ae484f9462?s=96&d=mm&r=g\",\"contentUrl\":\"https:\/\/secure.gravatar.com\/avatar\/b88264736bb0bc0d1ea92298aef02c9f98cfc13c7484130c42c663ae484f9462?s=96&d=mm&r=g\",\"caption\":\"\u00c5ke Bonnier\"},\"description\":\"Jag \u00e4r gift och har tv\u00e5 vuxna d\u00f6ttrar. Pr\u00e4stvigdes 1984 och biskopsvigs 26 augusti 2012 . Jag har tidigare bland annat varit, komminister och kyrkoherde i Liding\u00f6 f\u00f6rsamling och domprost i Stockholms domkyrkof\u00f6rsamling. Jag \u00e4r intresserad av konst, litteratur, teater, film. Jag tr\u00e4nar regelbundet p\u00e5 gym. Mitt huvudsakliga musikintresse \u00e4r klassisk musik men ocks\u00e5 Beatles, Elvis Presley, Monika Zettelund, Povel Ramel och m\u00e5nga andra tycker jag om att lyssna p\u00e5. Jag l\u00e4ser f\u00f6r lite sk\u00f6nlitteratur beroende p\u00e5 annat som jag m\u00e5ste l\u00e4sa i mitt uppdrag som biskop. Men jag \u00e4lskar b\u00f6cker. Naturligtvis l\u00e4ser jag n\u00e4st intill dagligdags i \\\"B\u00f6ckernas Bok.\\\"\",\"sameAs\":[\"http:\/\/www.skarastift.se\"],\"url\":\"https:\/\/blogg.svenskakyrkan.se\/akebonnier\/author\/akebonnier\/\"}]}<\/script>\n<!-- \/ Yoast SEO plugin. -->","yoast_head_json":{"title":"&quot;D\u00f6den t\u00e4nkte jag mig s\u00e5...&quot; - \u00c5ke Bonnier","robots":{"index":"index","follow":"follow","max-snippet":"max-snippet:-1","max-image-preview":"max-image-preview:large","max-video-preview":"max-video-preview:-1"},"canonical":"https:\/\/blogg.svenskakyrkan.se\/akebonnier\/2010\/08\/11\/doden-tankte-jag-mig-sa\/","og_locale":"sv_SE","og_type":"article","og_title":"&quot;D\u00f6den t\u00e4nkte jag mig s\u00e5...&quot; - \u00c5ke Bonnier","og_description":"Bo Setterlinds dikt k\u00e4nns s\u00e4kert igen av m\u00e5nga. D\u00f6den \u00e4r st\u00e4ndigt aktuell \u00e4ven om vi tycks gl\u00f6mma bort att vi \u00e4r d\u00f6dliga. Egentligen, f\u00f6r att forts\u00e4tta att citera lyriker, \u00e4r vi bara en liten &#8221;bl\u00e5sa i Guds Andes glas&#8221; (Aniara av Harry Martinsson). Samtidigt \u00e4r vi insatta i ett stort, ja ett evigt sammanhang som [&hellip;]","og_url":"https:\/\/blogg.svenskakyrkan.se\/akebonnier\/2010\/08\/11\/doden-tankte-jag-mig-sa\/","og_site_name":"\u00c5ke Bonnier","article_published_time":"2010-08-11T13:49:00+00:00","og_image":[{"url":"https:\/\/blogger.googleusercontent.com\/tracker\/9055441369901436026-378300316763521516?l=akebonnier.blogspot.com","type":"","width":"","height":""}],"author":"\u00c5ke Bonnier","twitter_card":"summary_large_image","twitter_misc":{"Skriven av":"\u00c5ke Bonnier","Ber\u00e4knad l\u00e4stid":"3 minuter"},"schema":{"@context":"https:\/\/schema.org","@graph":[{"@type":"Article","@id":"https:\/\/blogg.svenskakyrkan.se\/akebonnier\/2010\/08\/11\/doden-tankte-jag-mig-sa\/#article","isPartOf":{"@id":"https:\/\/blogg.svenskakyrkan.se\/akebonnier\/2010\/08\/11\/doden-tankte-jag-mig-sa\/"},"author":{"name":"\u00c5ke Bonnier","@id":"https:\/\/blogg.svenskakyrkan.se\/akebonnier\/#\/schema\/person\/8db68bc0c94f6a5a62df2d4486ff1343"},"headline":"&quot;D\u00f6den t\u00e4nkte jag mig s\u00e5&#8230;&quot;","datePublished":"2010-08-11T13:49:00+00:00","mainEntityOfPage":{"@id":"https:\/\/blogg.svenskakyrkan.se\/akebonnier\/2010\/08\/11\/doden-tankte-jag-mig-sa\/"},"wordCount":669,"commentCount":24,"image":{"@id":"https:\/\/blogg.svenskakyrkan.se\/akebonnier\/2010\/08\/11\/doden-tankte-jag-mig-sa\/#primaryimage"},"thumbnailUrl":"https:\/\/blogger.googleusercontent.com\/tracker\/9055441369901436026-378300316763521516?l=akebonnier.blogspot.com","articleSection":["D\u00f6den t\u00e4nkte jag mig s\u00e5..."],"inLanguage":"sv-SE","potentialAction":[{"@type":"CommentAction","name":"Comment","target":["https:\/\/blogg.svenskakyrkan.se\/akebonnier\/2010\/08\/11\/doden-tankte-jag-mig-sa\/#respond"]}]},{"@type":"WebPage","@id":"https:\/\/blogg.svenskakyrkan.se\/akebonnier\/2010\/08\/11\/doden-tankte-jag-mig-sa\/","url":"https:\/\/blogg.svenskakyrkan.se\/akebonnier\/2010\/08\/11\/doden-tankte-jag-mig-sa\/","name":"&quot;D\u00f6den t\u00e4nkte jag mig s\u00e5...&quot; - \u00c5ke Bonnier","isPartOf":{"@id":"https:\/\/blogg.svenskakyrkan.se\/akebonnier\/#website"},"primaryImageOfPage":{"@id":"https:\/\/blogg.svenskakyrkan.se\/akebonnier\/2010\/08\/11\/doden-tankte-jag-mig-sa\/#primaryimage"},"image":{"@id":"https:\/\/blogg.svenskakyrkan.se\/akebonnier\/2010\/08\/11\/doden-tankte-jag-mig-sa\/#primaryimage"},"thumbnailUrl":"https:\/\/blogger.googleusercontent.com\/tracker\/9055441369901436026-378300316763521516?l=akebonnier.blogspot.com","datePublished":"2010-08-11T13:49:00+00:00","author":{"@id":"https:\/\/blogg.svenskakyrkan.se\/akebonnier\/#\/schema\/person\/8db68bc0c94f6a5a62df2d4486ff1343"},"breadcrumb":{"@id":"https:\/\/blogg.svenskakyrkan.se\/akebonnier\/2010\/08\/11\/doden-tankte-jag-mig-sa\/#breadcrumb"},"inLanguage":"sv-SE","potentialAction":[{"@type":"ReadAction","target":["https:\/\/blogg.svenskakyrkan.se\/akebonnier\/2010\/08\/11\/doden-tankte-jag-mig-sa\/"]}]},{"@type":"ImageObject","inLanguage":"sv-SE","@id":"https:\/\/blogg.svenskakyrkan.se\/akebonnier\/2010\/08\/11\/doden-tankte-jag-mig-sa\/#primaryimage","url":"https:\/\/blogger.googleusercontent.com\/tracker\/9055441369901436026-378300316763521516?l=akebonnier.blogspot.com","contentUrl":"https:\/\/blogger.googleusercontent.com\/tracker\/9055441369901436026-378300316763521516?l=akebonnier.blogspot.com"},{"@type":"BreadcrumbList","@id":"https:\/\/blogg.svenskakyrkan.se\/akebonnier\/2010\/08\/11\/doden-tankte-jag-mig-sa\/#breadcrumb","itemListElement":[{"@type":"ListItem","position":1,"name":"Hem","item":"https:\/\/blogg.svenskakyrkan.se\/akebonnier\/"},{"@type":"ListItem","position":2,"name":"&quot;D\u00f6den t\u00e4nkte jag mig s\u00e5&#8230;&quot;"}]},{"@type":"WebSite","@id":"https:\/\/blogg.svenskakyrkan.se\/akebonnier\/#website","url":"https:\/\/blogg.svenskakyrkan.se\/akebonnier\/","name":"\u00c5ke Bonnier","description":"Biskop i Svenska kyrkan - Skara stift","potentialAction":[{"@type":"SearchAction","target":{"@type":"EntryPoint","urlTemplate":"https:\/\/blogg.svenskakyrkan.se\/akebonnier\/?s={search_term_string}"},"query-input":{"@type":"PropertyValueSpecification","valueRequired":true,"valueName":"search_term_string"}}],"inLanguage":"sv-SE"},{"@type":"Person","@id":"https:\/\/blogg.svenskakyrkan.se\/akebonnier\/#\/schema\/person\/8db68bc0c94f6a5a62df2d4486ff1343","name":"\u00c5ke Bonnier","image":{"@type":"ImageObject","inLanguage":"sv-SE","@id":"https:\/\/blogg.svenskakyrkan.se\/akebonnier\/#\/schema\/person\/image\/","url":"https:\/\/secure.gravatar.com\/avatar\/b88264736bb0bc0d1ea92298aef02c9f98cfc13c7484130c42c663ae484f9462?s=96&d=mm&r=g","contentUrl":"https:\/\/secure.gravatar.com\/avatar\/b88264736bb0bc0d1ea92298aef02c9f98cfc13c7484130c42c663ae484f9462?s=96&d=mm&r=g","caption":"\u00c5ke Bonnier"},"description":"Jag \u00e4r gift och har tv\u00e5 vuxna d\u00f6ttrar. Pr\u00e4stvigdes 1984 och biskopsvigs 26 augusti 2012 . Jag har tidigare bland annat varit, komminister och kyrkoherde i Liding\u00f6 f\u00f6rsamling och domprost i Stockholms domkyrkof\u00f6rsamling. Jag \u00e4r intresserad av konst, litteratur, teater, film. Jag tr\u00e4nar regelbundet p\u00e5 gym. Mitt huvudsakliga musikintresse \u00e4r klassisk musik men ocks\u00e5 Beatles, Elvis Presley, Monika Zettelund, Povel Ramel och m\u00e5nga andra tycker jag om att lyssna p\u00e5. Jag l\u00e4ser f\u00f6r lite sk\u00f6nlitteratur beroende p\u00e5 annat som jag m\u00e5ste l\u00e4sa i mitt uppdrag som biskop. Men jag \u00e4lskar b\u00f6cker. Naturligtvis l\u00e4ser jag n\u00e4st intill dagligdags i \"B\u00f6ckernas Bok.\"","sameAs":["http:\/\/www.skarastift.se"],"url":"https:\/\/blogg.svenskakyrkan.se\/akebonnier\/author\/akebonnier\/"}]}},"author_meta":{"ID":"108","user_nicename":"akebonnier","user_url":"http:\/\/www.skarastift.se","user_registered":"2011-10-11 09:24:48","display_name":"\u00c5ke Bonnier","first_name":"\u00c5ke","last_name":"Bonnier","avatar":"https:\/\/secure.gravatar.com\/avatar\/b88264736bb0bc0d1ea92298aef02c9f98cfc13c7484130c42c663ae484f9462?s=96&d=mm&r=g"},"featured_image":false,"bloginfo":{"name":"\u00c5ke Bonnier","url":"https:\/\/blogg.svenskakyrkan.se\/akebonnier"},"_links":{"self":[{"href":"https:\/\/blogg.svenskakyrkan.se\/akebonnier\/wp-json\/wp\/v2\/posts\/436","targetHints":{"allow":["GET"]}}],"collection":[{"href":"https:\/\/blogg.svenskakyrkan.se\/akebonnier\/wp-json\/wp\/v2\/posts"}],"about":[{"href":"https:\/\/blogg.svenskakyrkan.se\/akebonnier\/wp-json\/wp\/v2\/types\/post"}],"author":[{"embeddable":true,"href":"https:\/\/blogg.svenskakyrkan.se\/akebonnier\/wp-json\/wp\/v2\/users\/108"}],"replies":[{"embeddable":true,"href":"https:\/\/blogg.svenskakyrkan.se\/akebonnier\/wp-json\/wp\/v2\/comments?post=436"}],"version-history":[{"count":0,"href":"https:\/\/blogg.svenskakyrkan.se\/akebonnier\/wp-json\/wp\/v2\/posts\/436\/revisions"}],"wp:attachment":[{"href":"https:\/\/blogg.svenskakyrkan.se\/akebonnier\/wp-json\/wp\/v2\/media?parent=436"}],"wp:term":[{"taxonomy":"category","embeddable":true,"href":"https:\/\/blogg.svenskakyrkan.se\/akebonnier\/wp-json\/wp\/v2\/categories?post=436"},{"taxonomy":"post_tag","embeddable":true,"href":"https:\/\/blogg.svenskakyrkan.se\/akebonnier\/wp-json\/wp\/v2\/tags?post=436"}],"curies":[{"name":"wp","href":"https:\/\/api.w.org\/{rel}","templated":true}]}}