{"id":439,"date":"2010-08-19T06:15:00","date_gmt":"2010-08-19T06:15:00","guid":{"rendered":"http:\/\/blogg.svenskakyrkan.se\/akebonnier\/2010\/08\/19\/varna-vigselgudstansten\/"},"modified":"2010-08-19T06:15:00","modified_gmt":"2010-08-19T06:15:00","slug":"varna-vigselgudstansten","status":"publish","type":"post","link":"https:\/\/blogg.svenskakyrkan.se\/akebonnier\/2010\/08\/19\/varna-vigselgudstansten\/","title":{"rendered":"V\u00e4rna vigselgudst\u00e4nsten!"},"content":{"rendered":"<p>Jag gl\u00e4ds \u00f6ver den vigselgudstj\u00e4nst som vi har i Svenska kyrkan! Det handlar om bibell\u00e4sning, b\u00f6n och lovs\u00e5ng, men ocks\u00e5 om ord om sj\u00e4lva \u00e4ktenskapet och naturligtvis med m\u00f6jlighet (som alltid ska utnyttjas) att h\u00e5lla ett vigseltal. Till kyrkan eller andra platser kommer b\u00e5de brudpar och g\u00e4ster med f\u00f6rv\u00e4ntningar &#8211; oftast h\u00f6gt st\u00e4llda. Det man r\u00e4knar med \u00e4r att f\u00e5 vara med om en h\u00f6gtid, att f\u00e5 ana att livet \u00e4r st\u00f6rre \u00e4n det vardagsrumsliga &#8211; att kyrkan ska ha n\u00e5got att s\u00e4ga som b\u00e4r ocks\u00e5 utanf\u00f6r kyrkans v\u00e4ggar. Jo, m\u00e5nga s\u00f6ker sig till kyrkan f\u00f6r att f\u00e5 vigas i ett rum som \u00e4r en fin ceremonilokal. Men, man ska inte underskatta vad de b\u00e4r med sig i sina hj\u00e4rtan efter gudstj\u00e4nsten och man ska inte underskatta vad de upplever i sj\u00e4lva gudstj\u00e4nsten.<\/p>\n<p>Vi pr\u00e4ster f\u00e5r inte slarva i f\u00f6rberedelse och genomf\u00f6randet av vigselgudstj\u00e4nsten. Vi ska heller inte, menar jag, st\u00e4lla upp p\u00e5 vilka vigselgudstj\u00e4nster som helst. Oftas kan man utforma en gudstj\u00e4nst s\u00e5 att alla involverade \u00e4r oerh\u00f6rt n\u00f6jda. man kan alltid l\u00e4gga till musik och textl\u00e4sningar, men det \u00e4r betydligt sv\u00e5rare att dra ifr\u00e5n.<\/p>\n<p>P\u00e5 senare tid har s\u00e5 kallade &#8221;drop ingudstj\u00e4nster&#8221; aktualiserats d\u00e4r vigseln har g\u00e5tt snabbt och kryddats med lite kyrkliga inslag inkluderande de juridiska n\u00f6dv\u00e4ndiga inslagen. \u00c4ven i alls\u00e5ngsprogrammet p\u00e5 Skansen har en kraftigt f\u00f6rkortad vigsel \u00e4gt rum, d\u00e4r olika saker skurits ned, talet tagits bort &#8211; allt f\u00f6r att rymmas inom de givna 30 minuterarna inkluderande solos\u00e5nger och psalmsjungande ( programmet\/gudstj\u00e4nsten s\u00e4ndes p\u00e5 webben direkt efter ordinarie tv-s\u00e4ndning den 6 augusti). Jag menar att vi pr\u00e4ster inte ska st\u00e4lla upp p\u00e5 den typen av &#8221;snabbvigslar&#8221;. Vi ska v\u00e4rna vigselgudstj\u00e4nsten, vi ska visa dess attraktion inom ramen f\u00f6r kyrkohandbokens m\u00f6jligheter. Det finns en risk att vi &#8221;s\u00e4ljer v\u00e5r sj\u00e4l&#8221; n\u00e4r vi drar ned p\u00e5 det som ing\u00e5r i v\u00e5r vigselgudstj\u00e4nst f\u00f6r att vara andra (media etc) till lags.<\/p>\n<p>Nej, l\u00e5t oss st\u00e5 upp f\u00f6r det vi har tills vi har en ny handbok. Vi som enskilda pr\u00e4ster \u00e4ger inte vigselgudstj\u00e4nsten (eller n\u00e5gon annan handboksf\u00f6reskriven gudstj\u00e4nst). Den \u00e4r v\u00e5r kyrkas gudstj\u00e4nst!<\/p>\n<p>L\u00e5t oss v\u00e4rna den och fira den!<\/p>\n<div class=\"blogger-post-footer\"><img width='1' height='1' src='https:\/\/blogger.googleusercontent.com\/tracker\/9055441369901436026-5958441071172197753?l=akebonnier.blogspot.com' alt='' \/><\/div>\n","protected":false},"excerpt":{"rendered":"<p>Jag gl\u00e4ds \u00f6ver den vigselgudstj\u00e4nst som vi har i Svenska kyrkan! Det handlar om bibell\u00e4sning, b\u00f6n och lovs\u00e5ng, men ocks\u00e5 om ord om sj\u00e4lva \u00e4ktenskapet och naturligtvis med m\u00f6jlighet (som alltid ska utnyttjas) att h\u00e5lla ett vigseltal. Till kyrkan eller andra platser kommer b\u00e5de brudpar och g\u00e4ster med f\u00f6rv\u00e4ntningar &#8211; oftast h\u00f6gt st\u00e4llda. Det man [&hellip;]<\/p>\n","protected":false},"author":108,"featured_media":0,"comment_status":"open","ping_status":"open","sticky":false,"template":"","format":"standard","meta":{"_acf_changed":false,"footnotes":""},"categories":[16414],"tags":[],"class_list":["post-439","post","type-post","status-publish","format-standard","hentry","category-varna-vigselgudstansten"],"acf":[],"yoast_head":"<!-- This site is optimized with the Yoast SEO plugin v27.1.1 - https:\/\/yoast.com\/product\/yoast-seo-wordpress\/ -->\n<title>V\u00e4rna vigselgudst\u00e4nsten! - \u00c5ke Bonnier<\/title>\n<meta name=\"robots\" content=\"index, follow, max-snippet:-1, max-image-preview:large, max-video-preview:-1\" \/>\n<link rel=\"canonical\" href=\"https:\/\/blogg.svenskakyrkan.se\/akebonnier\/2010\/08\/19\/varna-vigselgudstansten\/\" \/>\n<meta property=\"og:locale\" content=\"sv_SE\" \/>\n<meta property=\"og:type\" content=\"article\" \/>\n<meta property=\"og:title\" content=\"V\u00e4rna vigselgudst\u00e4nsten! - \u00c5ke Bonnier\" \/>\n<meta property=\"og:description\" content=\"Jag gl\u00e4ds \u00f6ver den vigselgudstj\u00e4nst som vi har i Svenska kyrkan! Det handlar om bibell\u00e4sning, b\u00f6n och lovs\u00e5ng, men ocks\u00e5 om ord om sj\u00e4lva \u00e4ktenskapet och naturligtvis med m\u00f6jlighet (som alltid ska utnyttjas) att h\u00e5lla ett vigseltal. Till kyrkan eller andra platser kommer b\u00e5de brudpar och g\u00e4ster med f\u00f6rv\u00e4ntningar &#8211; oftast h\u00f6gt st\u00e4llda. Det man [&hellip;]\" \/>\n<meta property=\"og:url\" content=\"https:\/\/blogg.svenskakyrkan.se\/akebonnier\/2010\/08\/19\/varna-vigselgudstansten\/\" \/>\n<meta property=\"og:site_name\" content=\"\u00c5ke Bonnier\" \/>\n<meta property=\"article:published_time\" content=\"2010-08-19T06:15:00+00:00\" \/>\n<meta property=\"og:image\" content=\"https:\/\/blogger.googleusercontent.com\/tracker\/9055441369901436026-5958441071172197753?l=akebonnier.blogspot.com\" \/>\n<meta name=\"author\" content=\"\u00c5ke Bonnier\" \/>\n<meta name=\"twitter:card\" content=\"summary_large_image\" \/>\n<meta name=\"twitter:label1\" content=\"Skriven av\" \/>\n\t<meta name=\"twitter:data1\" content=\"\u00c5ke Bonnier\" \/>\n\t<meta name=\"twitter:label2\" content=\"Ber\u00e4knad l\u00e4stid\" \/>\n\t<meta name=\"twitter:data2\" content=\"2 minuter\" \/>\n<script type=\"application\/ld+json\" class=\"yoast-schema-graph\">{\"@context\":\"https:\/\/schema.org\",\"@graph\":[{\"@type\":\"Article\",\"@id\":\"https:\/\/blogg.svenskakyrkan.se\/akebonnier\/2010\/08\/19\/varna-vigselgudstansten\/#article\",\"isPartOf\":{\"@id\":\"https:\/\/blogg.svenskakyrkan.se\/akebonnier\/2010\/08\/19\/varna-vigselgudstansten\/\"},\"author\":{\"name\":\"\u00c5ke Bonnier\",\"@id\":\"https:\/\/blogg.svenskakyrkan.se\/akebonnier\/#\/schema\/person\/8db68bc0c94f6a5a62df2d4486ff1343\"},\"headline\":\"V\u00e4rna vigselgudst\u00e4nsten!\",\"datePublished\":\"2010-08-19T06:15:00+00:00\",\"mainEntityOfPage\":{\"@id\":\"https:\/\/blogg.svenskakyrkan.se\/akebonnier\/2010\/08\/19\/varna-vigselgudstansten\/\"},\"wordCount\":436,\"commentCount\":10,\"image\":{\"@id\":\"https:\/\/blogg.svenskakyrkan.se\/akebonnier\/2010\/08\/19\/varna-vigselgudstansten\/#primaryimage\"},\"thumbnailUrl\":\"https:\/\/blogger.googleusercontent.com\/tracker\/9055441369901436026-5958441071172197753?l=akebonnier.blogspot.com\",\"articleSection\":[\"V\u00e4rna vigselgudst\u00e4nsten\"],\"inLanguage\":\"sv-SE\",\"potentialAction\":[{\"@type\":\"CommentAction\",\"name\":\"Comment\",\"target\":[\"https:\/\/blogg.svenskakyrkan.se\/akebonnier\/2010\/08\/19\/varna-vigselgudstansten\/#respond\"]}]},{\"@type\":\"WebPage\",\"@id\":\"https:\/\/blogg.svenskakyrkan.se\/akebonnier\/2010\/08\/19\/varna-vigselgudstansten\/\",\"url\":\"https:\/\/blogg.svenskakyrkan.se\/akebonnier\/2010\/08\/19\/varna-vigselgudstansten\/\",\"name\":\"V\u00e4rna vigselgudst\u00e4nsten! - \u00c5ke Bonnier\",\"isPartOf\":{\"@id\":\"https:\/\/blogg.svenskakyrkan.se\/akebonnier\/#website\"},\"primaryImageOfPage\":{\"@id\":\"https:\/\/blogg.svenskakyrkan.se\/akebonnier\/2010\/08\/19\/varna-vigselgudstansten\/#primaryimage\"},\"image\":{\"@id\":\"https:\/\/blogg.svenskakyrkan.se\/akebonnier\/2010\/08\/19\/varna-vigselgudstansten\/#primaryimage\"},\"thumbnailUrl\":\"https:\/\/blogger.googleusercontent.com\/tracker\/9055441369901436026-5958441071172197753?l=akebonnier.blogspot.com\",\"datePublished\":\"2010-08-19T06:15:00+00:00\",\"author\":{\"@id\":\"https:\/\/blogg.svenskakyrkan.se\/akebonnier\/#\/schema\/person\/8db68bc0c94f6a5a62df2d4486ff1343\"},\"breadcrumb\":{\"@id\":\"https:\/\/blogg.svenskakyrkan.se\/akebonnier\/2010\/08\/19\/varna-vigselgudstansten\/#breadcrumb\"},\"inLanguage\":\"sv-SE\",\"potentialAction\":[{\"@type\":\"ReadAction\",\"target\":[\"https:\/\/blogg.svenskakyrkan.se\/akebonnier\/2010\/08\/19\/varna-vigselgudstansten\/\"]}]},{\"@type\":\"ImageObject\",\"inLanguage\":\"sv-SE\",\"@id\":\"https:\/\/blogg.svenskakyrkan.se\/akebonnier\/2010\/08\/19\/varna-vigselgudstansten\/#primaryimage\",\"url\":\"https:\/\/blogger.googleusercontent.com\/tracker\/9055441369901436026-5958441071172197753?l=akebonnier.blogspot.com\",\"contentUrl\":\"https:\/\/blogger.googleusercontent.com\/tracker\/9055441369901436026-5958441071172197753?l=akebonnier.blogspot.com\"},{\"@type\":\"BreadcrumbList\",\"@id\":\"https:\/\/blogg.svenskakyrkan.se\/akebonnier\/2010\/08\/19\/varna-vigselgudstansten\/#breadcrumb\",\"itemListElement\":[{\"@type\":\"ListItem\",\"position\":1,\"name\":\"Hem\",\"item\":\"https:\/\/blogg.svenskakyrkan.se\/akebonnier\/\"},{\"@type\":\"ListItem\",\"position\":2,\"name\":\"V\u00e4rna vigselgudst\u00e4nsten!\"}]},{\"@type\":\"WebSite\",\"@id\":\"https:\/\/blogg.svenskakyrkan.se\/akebonnier\/#website\",\"url\":\"https:\/\/blogg.svenskakyrkan.se\/akebonnier\/\",\"name\":\"\u00c5ke Bonnier\",\"description\":\"Biskop i Svenska kyrkan - Skara stift\",\"potentialAction\":[{\"@type\":\"SearchAction\",\"target\":{\"@type\":\"EntryPoint\",\"urlTemplate\":\"https:\/\/blogg.svenskakyrkan.se\/akebonnier\/?s={search_term_string}\"},\"query-input\":{\"@type\":\"PropertyValueSpecification\",\"valueRequired\":true,\"valueName\":\"search_term_string\"}}],\"inLanguage\":\"sv-SE\"},{\"@type\":\"Person\",\"@id\":\"https:\/\/blogg.svenskakyrkan.se\/akebonnier\/#\/schema\/person\/8db68bc0c94f6a5a62df2d4486ff1343\",\"name\":\"\u00c5ke Bonnier\",\"image\":{\"@type\":\"ImageObject\",\"inLanguage\":\"sv-SE\",\"@id\":\"https:\/\/blogg.svenskakyrkan.se\/akebonnier\/#\/schema\/person\/image\/\",\"url\":\"https:\/\/secure.gravatar.com\/avatar\/b88264736bb0bc0d1ea92298aef02c9f98cfc13c7484130c42c663ae484f9462?s=96&d=mm&r=g\",\"contentUrl\":\"https:\/\/secure.gravatar.com\/avatar\/b88264736bb0bc0d1ea92298aef02c9f98cfc13c7484130c42c663ae484f9462?s=96&d=mm&r=g\",\"caption\":\"\u00c5ke Bonnier\"},\"description\":\"Jag \u00e4r gift och har tv\u00e5 vuxna d\u00f6ttrar. Pr\u00e4stvigdes 1984 och biskopsvigs 26 augusti 2012 . Jag har tidigare bland annat varit, komminister och kyrkoherde i Liding\u00f6 f\u00f6rsamling och domprost i Stockholms domkyrkof\u00f6rsamling. Jag \u00e4r intresserad av konst, litteratur, teater, film. Jag tr\u00e4nar regelbundet p\u00e5 gym. Mitt huvudsakliga musikintresse \u00e4r klassisk musik men ocks\u00e5 Beatles, Elvis Presley, Monika Zettelund, Povel Ramel och m\u00e5nga andra tycker jag om att lyssna p\u00e5. Jag l\u00e4ser f\u00f6r lite sk\u00f6nlitteratur beroende p\u00e5 annat som jag m\u00e5ste l\u00e4sa i mitt uppdrag som biskop. Men jag \u00e4lskar b\u00f6cker. Naturligtvis l\u00e4ser jag n\u00e4st intill dagligdags i \\\"B\u00f6ckernas Bok.\\\"\",\"sameAs\":[\"http:\/\/www.skarastift.se\"],\"url\":\"https:\/\/blogg.svenskakyrkan.se\/akebonnier\/author\/akebonnier\/\"}]}<\/script>\n<!-- \/ Yoast SEO plugin. -->","yoast_head_json":{"title":"V\u00e4rna vigselgudst\u00e4nsten! - \u00c5ke Bonnier","robots":{"index":"index","follow":"follow","max-snippet":"max-snippet:-1","max-image-preview":"max-image-preview:large","max-video-preview":"max-video-preview:-1"},"canonical":"https:\/\/blogg.svenskakyrkan.se\/akebonnier\/2010\/08\/19\/varna-vigselgudstansten\/","og_locale":"sv_SE","og_type":"article","og_title":"V\u00e4rna vigselgudst\u00e4nsten! - \u00c5ke Bonnier","og_description":"Jag gl\u00e4ds \u00f6ver den vigselgudstj\u00e4nst som vi har i Svenska kyrkan! Det handlar om bibell\u00e4sning, b\u00f6n och lovs\u00e5ng, men ocks\u00e5 om ord om sj\u00e4lva \u00e4ktenskapet och naturligtvis med m\u00f6jlighet (som alltid ska utnyttjas) att h\u00e5lla ett vigseltal. Till kyrkan eller andra platser kommer b\u00e5de brudpar och g\u00e4ster med f\u00f6rv\u00e4ntningar &#8211; oftast h\u00f6gt st\u00e4llda. Det man [&hellip;]","og_url":"https:\/\/blogg.svenskakyrkan.se\/akebonnier\/2010\/08\/19\/varna-vigselgudstansten\/","og_site_name":"\u00c5ke Bonnier","article_published_time":"2010-08-19T06:15:00+00:00","og_image":[{"url":"https:\/\/blogger.googleusercontent.com\/tracker\/9055441369901436026-5958441071172197753?l=akebonnier.blogspot.com","type":"","width":"","height":""}],"author":"\u00c5ke Bonnier","twitter_card":"summary_large_image","twitter_misc":{"Skriven av":"\u00c5ke Bonnier","Ber\u00e4knad l\u00e4stid":"2 minuter"},"schema":{"@context":"https:\/\/schema.org","@graph":[{"@type":"Article","@id":"https:\/\/blogg.svenskakyrkan.se\/akebonnier\/2010\/08\/19\/varna-vigselgudstansten\/#article","isPartOf":{"@id":"https:\/\/blogg.svenskakyrkan.se\/akebonnier\/2010\/08\/19\/varna-vigselgudstansten\/"},"author":{"name":"\u00c5ke Bonnier","@id":"https:\/\/blogg.svenskakyrkan.se\/akebonnier\/#\/schema\/person\/8db68bc0c94f6a5a62df2d4486ff1343"},"headline":"V\u00e4rna vigselgudst\u00e4nsten!","datePublished":"2010-08-19T06:15:00+00:00","mainEntityOfPage":{"@id":"https:\/\/blogg.svenskakyrkan.se\/akebonnier\/2010\/08\/19\/varna-vigselgudstansten\/"},"wordCount":436,"commentCount":10,"image":{"@id":"https:\/\/blogg.svenskakyrkan.se\/akebonnier\/2010\/08\/19\/varna-vigselgudstansten\/#primaryimage"},"thumbnailUrl":"https:\/\/blogger.googleusercontent.com\/tracker\/9055441369901436026-5958441071172197753?l=akebonnier.blogspot.com","articleSection":["V\u00e4rna vigselgudst\u00e4nsten"],"inLanguage":"sv-SE","potentialAction":[{"@type":"CommentAction","name":"Comment","target":["https:\/\/blogg.svenskakyrkan.se\/akebonnier\/2010\/08\/19\/varna-vigselgudstansten\/#respond"]}]},{"@type":"WebPage","@id":"https:\/\/blogg.svenskakyrkan.se\/akebonnier\/2010\/08\/19\/varna-vigselgudstansten\/","url":"https:\/\/blogg.svenskakyrkan.se\/akebonnier\/2010\/08\/19\/varna-vigselgudstansten\/","name":"V\u00e4rna vigselgudst\u00e4nsten! - \u00c5ke Bonnier","isPartOf":{"@id":"https:\/\/blogg.svenskakyrkan.se\/akebonnier\/#website"},"primaryImageOfPage":{"@id":"https:\/\/blogg.svenskakyrkan.se\/akebonnier\/2010\/08\/19\/varna-vigselgudstansten\/#primaryimage"},"image":{"@id":"https:\/\/blogg.svenskakyrkan.se\/akebonnier\/2010\/08\/19\/varna-vigselgudstansten\/#primaryimage"},"thumbnailUrl":"https:\/\/blogger.googleusercontent.com\/tracker\/9055441369901436026-5958441071172197753?l=akebonnier.blogspot.com","datePublished":"2010-08-19T06:15:00+00:00","author":{"@id":"https:\/\/blogg.svenskakyrkan.se\/akebonnier\/#\/schema\/person\/8db68bc0c94f6a5a62df2d4486ff1343"},"breadcrumb":{"@id":"https:\/\/blogg.svenskakyrkan.se\/akebonnier\/2010\/08\/19\/varna-vigselgudstansten\/#breadcrumb"},"inLanguage":"sv-SE","potentialAction":[{"@type":"ReadAction","target":["https:\/\/blogg.svenskakyrkan.se\/akebonnier\/2010\/08\/19\/varna-vigselgudstansten\/"]}]},{"@type":"ImageObject","inLanguage":"sv-SE","@id":"https:\/\/blogg.svenskakyrkan.se\/akebonnier\/2010\/08\/19\/varna-vigselgudstansten\/#primaryimage","url":"https:\/\/blogger.googleusercontent.com\/tracker\/9055441369901436026-5958441071172197753?l=akebonnier.blogspot.com","contentUrl":"https:\/\/blogger.googleusercontent.com\/tracker\/9055441369901436026-5958441071172197753?l=akebonnier.blogspot.com"},{"@type":"BreadcrumbList","@id":"https:\/\/blogg.svenskakyrkan.se\/akebonnier\/2010\/08\/19\/varna-vigselgudstansten\/#breadcrumb","itemListElement":[{"@type":"ListItem","position":1,"name":"Hem","item":"https:\/\/blogg.svenskakyrkan.se\/akebonnier\/"},{"@type":"ListItem","position":2,"name":"V\u00e4rna vigselgudst\u00e4nsten!"}]},{"@type":"WebSite","@id":"https:\/\/blogg.svenskakyrkan.se\/akebonnier\/#website","url":"https:\/\/blogg.svenskakyrkan.se\/akebonnier\/","name":"\u00c5ke Bonnier","description":"Biskop i Svenska kyrkan - Skara stift","potentialAction":[{"@type":"SearchAction","target":{"@type":"EntryPoint","urlTemplate":"https:\/\/blogg.svenskakyrkan.se\/akebonnier\/?s={search_term_string}"},"query-input":{"@type":"PropertyValueSpecification","valueRequired":true,"valueName":"search_term_string"}}],"inLanguage":"sv-SE"},{"@type":"Person","@id":"https:\/\/blogg.svenskakyrkan.se\/akebonnier\/#\/schema\/person\/8db68bc0c94f6a5a62df2d4486ff1343","name":"\u00c5ke Bonnier","image":{"@type":"ImageObject","inLanguage":"sv-SE","@id":"https:\/\/blogg.svenskakyrkan.se\/akebonnier\/#\/schema\/person\/image\/","url":"https:\/\/secure.gravatar.com\/avatar\/b88264736bb0bc0d1ea92298aef02c9f98cfc13c7484130c42c663ae484f9462?s=96&d=mm&r=g","contentUrl":"https:\/\/secure.gravatar.com\/avatar\/b88264736bb0bc0d1ea92298aef02c9f98cfc13c7484130c42c663ae484f9462?s=96&d=mm&r=g","caption":"\u00c5ke Bonnier"},"description":"Jag \u00e4r gift och har tv\u00e5 vuxna d\u00f6ttrar. Pr\u00e4stvigdes 1984 och biskopsvigs 26 augusti 2012 . Jag har tidigare bland annat varit, komminister och kyrkoherde i Liding\u00f6 f\u00f6rsamling och domprost i Stockholms domkyrkof\u00f6rsamling. Jag \u00e4r intresserad av konst, litteratur, teater, film. Jag tr\u00e4nar regelbundet p\u00e5 gym. Mitt huvudsakliga musikintresse \u00e4r klassisk musik men ocks\u00e5 Beatles, Elvis Presley, Monika Zettelund, Povel Ramel och m\u00e5nga andra tycker jag om att lyssna p\u00e5. Jag l\u00e4ser f\u00f6r lite sk\u00f6nlitteratur beroende p\u00e5 annat som jag m\u00e5ste l\u00e4sa i mitt uppdrag som biskop. Men jag \u00e4lskar b\u00f6cker. Naturligtvis l\u00e4ser jag n\u00e4st intill dagligdags i \"B\u00f6ckernas Bok.\"","sameAs":["http:\/\/www.skarastift.se"],"url":"https:\/\/blogg.svenskakyrkan.se\/akebonnier\/author\/akebonnier\/"}]}},"author_meta":{"ID":"108","user_nicename":"akebonnier","user_url":"http:\/\/www.skarastift.se","user_registered":"2011-10-11 09:24:48","display_name":"\u00c5ke Bonnier","first_name":"\u00c5ke","last_name":"Bonnier","avatar":"https:\/\/secure.gravatar.com\/avatar\/b88264736bb0bc0d1ea92298aef02c9f98cfc13c7484130c42c663ae484f9462?s=96&d=mm&r=g"},"featured_image":false,"bloginfo":{"name":"\u00c5ke Bonnier","url":"https:\/\/blogg.svenskakyrkan.se\/akebonnier"},"_links":{"self":[{"href":"https:\/\/blogg.svenskakyrkan.se\/akebonnier\/wp-json\/wp\/v2\/posts\/439","targetHints":{"allow":["GET"]}}],"collection":[{"href":"https:\/\/blogg.svenskakyrkan.se\/akebonnier\/wp-json\/wp\/v2\/posts"}],"about":[{"href":"https:\/\/blogg.svenskakyrkan.se\/akebonnier\/wp-json\/wp\/v2\/types\/post"}],"author":[{"embeddable":true,"href":"https:\/\/blogg.svenskakyrkan.se\/akebonnier\/wp-json\/wp\/v2\/users\/108"}],"replies":[{"embeddable":true,"href":"https:\/\/blogg.svenskakyrkan.se\/akebonnier\/wp-json\/wp\/v2\/comments?post=439"}],"version-history":[{"count":0,"href":"https:\/\/blogg.svenskakyrkan.se\/akebonnier\/wp-json\/wp\/v2\/posts\/439\/revisions"}],"wp:attachment":[{"href":"https:\/\/blogg.svenskakyrkan.se\/akebonnier\/wp-json\/wp\/v2\/media?parent=439"}],"wp:term":[{"taxonomy":"category","embeddable":true,"href":"https:\/\/blogg.svenskakyrkan.se\/akebonnier\/wp-json\/wp\/v2\/categories?post=439"},{"taxonomy":"post_tag","embeddable":true,"href":"https:\/\/blogg.svenskakyrkan.se\/akebonnier\/wp-json\/wp\/v2\/tags?post=439"}],"curies":[{"name":"wp","href":"https:\/\/api.w.org\/{rel}","templated":true}]}}