{"id":440,"date":"2010-08-22T15:49:00","date_gmt":"2010-08-22T15:49:00","guid":{"rendered":"http:\/\/blogg.svenskakyrkan.se\/akebonnier\/2010\/08\/22\/och-ordet-vart-relevans\/"},"modified":"2010-08-22T15:49:00","modified_gmt":"2010-08-22T15:49:00","slug":"och-ordet-vart-relevans","status":"publish","type":"post","link":"https:\/\/blogg.svenskakyrkan.se\/akebonnier\/2010\/08\/22\/och-ordet-vart-relevans\/","title":{"rendered":"Och Ordet vart relevans!"},"content":{"rendered":"<p>Idag firade jag h\u00f6gm\u00e4ssogudstj\u00e4nst (gudstj\u00e4nst utan nattvard) f\u00f6r f\u00f6rsta g\u00e5ngen i Slottskyrkan i Stockholms slott. Jag har blivit utn\u00e4mnd till extra ordinarie hovpredikant och har d\u00e5 att tv\u00e5 g\u00e5nger per \u00e5r predika i Tessins kyrka som ligger mitt emot Rikssalen.<\/p>\n<p>N\u00e4r man firar h\u00f6gm\u00e4ssogudstj\u00e4nst blir Ordet \u00e4nnu viktigare. Som evangelisk luthersk pr\u00e4st \u00e4r det viktigt att inte slarva med predikan (det \u00e4r viktigt f\u00f6r alla andra pr\u00e4ster och pastorer ocks\u00e5). Det f\u00f6rkunnade Ordet m\u00e5ste vara ett befriande och b\u00e4rande ord. Som pr\u00e4st \u00e4r jag <em>Verbi Divini Minister &#8211; Guds Ords tj\u00e4nare<\/em>. D\u00e4rf\u00f6r m\u00e5ste predikan alltid vara v\u00e4l f\u00f6rberedd och dessutom kristocentrisk. Samtidigt, och det \u00e4r den stora utmaningen, m\u00e5ste predikan vara relevant, ber\u00f6ra de m\u00e4nniskor som sitter i kyrkorummet och som oftast inte \u00e4r s\u00e5 f\u00f6rtrogna med kyrkans och trons spr\u00e5k. Predikan m\u00e5ste ber\u00f6ra den som kommer till kyrkan, som kanske kommer dit f\u00f6r f\u00f6rsta g\u00e5ngen med l\u00e5gt st\u00e4llda f\u00f6rv\u00e4ntningar. Dessa l\u00e5gt st\u00e4llda f\u00f6rv\u00e4ntningar ska inte bekr\u00e4ftas. Tv\u00e4rtom ska den som kommer till kyrkan kunna g\u00e5 d\u00e4rifr\u00e5n med en k\u00e4nsla av att hit vill vederb\u00f6rande komma tillbaka &#8211; helst redan n\u00e4sta s\u00f6ndag. Som predikant \u00e4r det en utmaning.<\/p>\n<p>Men Ordet ska befria, uppr\u00e4tta, och samtidigt inte bara stryka medh\u00e5rs. Den som kommer ska f\u00e5 n\u00e5got att leva av under den kommande veckan. Jag kan d\u00e4rf\u00f6r bli sorgsen (minst sagt) n\u00e4r kollegor, i sin iver att g\u00f6ra Ordet relevant, blir banala och platta. Lika f\u00f6rtvivlad blir jag (\u00e4ven om jag h\u00f6r det mer s\u00e4llan) n\u00e4r en predikant bara staplar fromma meningar ovanp\u00e5 varandra och d\u00e5 det fromma spr\u00e5ket blir murar oss emellan (Psalm 289 i den Svenska psalmboken).<\/p>\n<p>N\u00e4r nu detta \u00e4r sagt vill jag ocks\u00e5 s\u00e4ga att det \u00e4r sv\u00e5rt att n\u00e5 alla och vad som \u00e4r oerh\u00f6rt bra f\u00f6r en \u00e4r inte lika bra f\u00f6r den andre och vi vet v\u00e4ldigt lite hur Ordet verkar i en m\u00e4nniska. Det vet bara Gud och det \u00e4r, tack och lov, Guds sak \u00e4ven om vi predikanter har uppgiften att predika s\u00e5 v\u00e4l f\u00f6rberett och s\u00e5 bra som m\u00f6jligt.<\/p>\n<p>Svenska kyrkan (och jag sj\u00e4lv f\u00e5 mig ocks\u00e5 en sl\u00e4ng av sleven) beskylls ibland f\u00f6r att vara politiskt korrekt, som om vi skulle styras av de politiska str\u00f6mmarna, som om evangeliet \u00e4r en vindfl\u00f6jel beroende p\u00e5 om vindarna \u00e4r bl\u00e5a eller r\u00f6d-gr\u00f6na. Naturligtvis \u00e4r det belackarna som rallarsvingar kring detta &#8211; svingar som aldrig n\u00e5r fram annat \u00e4n som ett kvalmigt luftdrag som inte ber\u00f6r. N\u00e4r kyrkans pr\u00e4ster och biskopar predikar \u00e4r det, ocks\u00e5 hos oss, evangeliet som f\u00e5r styra &#8211; det kristocentriska som f\u00e5r b\u00e4ra. Sen g\u00f6r vi det mer eller mindre bra (se ovan). Men det handlar inte om politisk korrekthet utan om det som \u00e4r v\u00e5rt uppdrag &#8211; att f\u00f6rkunna Guds Ord rent och klart p\u00e5 ett relevant s\u00e4tt.<\/p>\n<p>Jag hoppas att jag klarade av detta idag i Slottskyrkan!<\/p>\n<div class=\"blogger-post-footer\"><img width='1' height='1' src='https:\/\/blogger.googleusercontent.com\/tracker\/9055441369901436026-2876744754423095693?l=akebonnier.blogspot.com' alt='' \/><\/div>\n","protected":false},"excerpt":{"rendered":"<p>Idag firade jag h\u00f6gm\u00e4ssogudstj\u00e4nst (gudstj\u00e4nst utan nattvard) f\u00f6r f\u00f6rsta g\u00e5ngen i Slottskyrkan i Stockholms slott. Jag har blivit utn\u00e4mnd till extra ordinarie hovpredikant och har d\u00e5 att tv\u00e5 g\u00e5nger per \u00e5r predika i Tessins kyrka som ligger mitt emot Rikssalen. N\u00e4r man firar h\u00f6gm\u00e4ssogudstj\u00e4nst blir Ordet \u00e4nnu viktigare. Som evangelisk luthersk pr\u00e4st \u00e4r det viktigt [&hellip;]<\/p>\n","protected":false},"author":108,"featured_media":0,"comment_status":"open","ping_status":"open","sticky":false,"template":"","format":"standard","meta":{"_acf_changed":false,"footnotes":""},"categories":[16415],"tags":[],"class_list":["post-440","post","type-post","status-publish","format-standard","hentry","category-och-ordet-vart-relevans"],"acf":[],"yoast_head":"<!-- This site is optimized with the Yoast SEO plugin v27.1.1 - https:\/\/yoast.com\/product\/yoast-seo-wordpress\/ -->\n<title>Och Ordet vart relevans! - \u00c5ke Bonnier<\/title>\n<meta name=\"robots\" content=\"index, follow, max-snippet:-1, max-image-preview:large, max-video-preview:-1\" \/>\n<link rel=\"canonical\" href=\"https:\/\/blogg.svenskakyrkan.se\/akebonnier\/2010\/08\/22\/och-ordet-vart-relevans\/\" \/>\n<meta property=\"og:locale\" content=\"sv_SE\" \/>\n<meta property=\"og:type\" content=\"article\" \/>\n<meta property=\"og:title\" content=\"Och Ordet vart relevans! - \u00c5ke Bonnier\" \/>\n<meta property=\"og:description\" content=\"Idag firade jag h\u00f6gm\u00e4ssogudstj\u00e4nst (gudstj\u00e4nst utan nattvard) f\u00f6r f\u00f6rsta g\u00e5ngen i Slottskyrkan i Stockholms slott. Jag har blivit utn\u00e4mnd till extra ordinarie hovpredikant och har d\u00e5 att tv\u00e5 g\u00e5nger per \u00e5r predika i Tessins kyrka som ligger mitt emot Rikssalen. N\u00e4r man firar h\u00f6gm\u00e4ssogudstj\u00e4nst blir Ordet \u00e4nnu viktigare. Som evangelisk luthersk pr\u00e4st \u00e4r det viktigt [&hellip;]\" \/>\n<meta property=\"og:url\" content=\"https:\/\/blogg.svenskakyrkan.se\/akebonnier\/2010\/08\/22\/och-ordet-vart-relevans\/\" \/>\n<meta property=\"og:site_name\" content=\"\u00c5ke Bonnier\" \/>\n<meta property=\"article:published_time\" content=\"2010-08-22T15:49:00+00:00\" \/>\n<meta property=\"og:image\" content=\"https:\/\/blogger.googleusercontent.com\/tracker\/9055441369901436026-2876744754423095693?l=akebonnier.blogspot.com\" \/>\n<meta name=\"author\" content=\"\u00c5ke Bonnier\" \/>\n<meta name=\"twitter:card\" content=\"summary_large_image\" \/>\n<meta name=\"twitter:label1\" content=\"Skriven av\" \/>\n\t<meta name=\"twitter:data1\" content=\"\u00c5ke Bonnier\" \/>\n\t<meta name=\"twitter:label2\" content=\"Ber\u00e4knad l\u00e4stid\" \/>\n\t<meta name=\"twitter:data2\" content=\"3 minuter\" \/>\n<script type=\"application\/ld+json\" class=\"yoast-schema-graph\">{\"@context\":\"https:\/\/schema.org\",\"@graph\":[{\"@type\":\"Article\",\"@id\":\"https:\/\/blogg.svenskakyrkan.se\/akebonnier\/2010\/08\/22\/och-ordet-vart-relevans\/#article\",\"isPartOf\":{\"@id\":\"https:\/\/blogg.svenskakyrkan.se\/akebonnier\/2010\/08\/22\/och-ordet-vart-relevans\/\"},\"author\":{\"name\":\"\u00c5ke Bonnier\",\"@id\":\"https:\/\/blogg.svenskakyrkan.se\/akebonnier\/#\/schema\/person\/8db68bc0c94f6a5a62df2d4486ff1343\"},\"headline\":\"Och Ordet vart relevans!\",\"datePublished\":\"2010-08-22T15:49:00+00:00\",\"mainEntityOfPage\":{\"@id\":\"https:\/\/blogg.svenskakyrkan.se\/akebonnier\/2010\/08\/22\/och-ordet-vart-relevans\/\"},\"wordCount\":566,\"commentCount\":9,\"image\":{\"@id\":\"https:\/\/blogg.svenskakyrkan.se\/akebonnier\/2010\/08\/22\/och-ordet-vart-relevans\/#primaryimage\"},\"thumbnailUrl\":\"https:\/\/blogger.googleusercontent.com\/tracker\/9055441369901436026-2876744754423095693?l=akebonnier.blogspot.com\",\"articleSection\":[\"Och Ordet vart relevans\"],\"inLanguage\":\"sv-SE\",\"potentialAction\":[{\"@type\":\"CommentAction\",\"name\":\"Comment\",\"target\":[\"https:\/\/blogg.svenskakyrkan.se\/akebonnier\/2010\/08\/22\/och-ordet-vart-relevans\/#respond\"]}]},{\"@type\":\"WebPage\",\"@id\":\"https:\/\/blogg.svenskakyrkan.se\/akebonnier\/2010\/08\/22\/och-ordet-vart-relevans\/\",\"url\":\"https:\/\/blogg.svenskakyrkan.se\/akebonnier\/2010\/08\/22\/och-ordet-vart-relevans\/\",\"name\":\"Och Ordet vart relevans! - \u00c5ke Bonnier\",\"isPartOf\":{\"@id\":\"https:\/\/blogg.svenskakyrkan.se\/akebonnier\/#website\"},\"primaryImageOfPage\":{\"@id\":\"https:\/\/blogg.svenskakyrkan.se\/akebonnier\/2010\/08\/22\/och-ordet-vart-relevans\/#primaryimage\"},\"image\":{\"@id\":\"https:\/\/blogg.svenskakyrkan.se\/akebonnier\/2010\/08\/22\/och-ordet-vart-relevans\/#primaryimage\"},\"thumbnailUrl\":\"https:\/\/blogger.googleusercontent.com\/tracker\/9055441369901436026-2876744754423095693?l=akebonnier.blogspot.com\",\"datePublished\":\"2010-08-22T15:49:00+00:00\",\"author\":{\"@id\":\"https:\/\/blogg.svenskakyrkan.se\/akebonnier\/#\/schema\/person\/8db68bc0c94f6a5a62df2d4486ff1343\"},\"breadcrumb\":{\"@id\":\"https:\/\/blogg.svenskakyrkan.se\/akebonnier\/2010\/08\/22\/och-ordet-vart-relevans\/#breadcrumb\"},\"inLanguage\":\"sv-SE\",\"potentialAction\":[{\"@type\":\"ReadAction\",\"target\":[\"https:\/\/blogg.svenskakyrkan.se\/akebonnier\/2010\/08\/22\/och-ordet-vart-relevans\/\"]}]},{\"@type\":\"ImageObject\",\"inLanguage\":\"sv-SE\",\"@id\":\"https:\/\/blogg.svenskakyrkan.se\/akebonnier\/2010\/08\/22\/och-ordet-vart-relevans\/#primaryimage\",\"url\":\"https:\/\/blogger.googleusercontent.com\/tracker\/9055441369901436026-2876744754423095693?l=akebonnier.blogspot.com\",\"contentUrl\":\"https:\/\/blogger.googleusercontent.com\/tracker\/9055441369901436026-2876744754423095693?l=akebonnier.blogspot.com\"},{\"@type\":\"BreadcrumbList\",\"@id\":\"https:\/\/blogg.svenskakyrkan.se\/akebonnier\/2010\/08\/22\/och-ordet-vart-relevans\/#breadcrumb\",\"itemListElement\":[{\"@type\":\"ListItem\",\"position\":1,\"name\":\"Hem\",\"item\":\"https:\/\/blogg.svenskakyrkan.se\/akebonnier\/\"},{\"@type\":\"ListItem\",\"position\":2,\"name\":\"Och Ordet vart relevans!\"}]},{\"@type\":\"WebSite\",\"@id\":\"https:\/\/blogg.svenskakyrkan.se\/akebonnier\/#website\",\"url\":\"https:\/\/blogg.svenskakyrkan.se\/akebonnier\/\",\"name\":\"\u00c5ke Bonnier\",\"description\":\"Biskop i Svenska kyrkan - Skara stift\",\"potentialAction\":[{\"@type\":\"SearchAction\",\"target\":{\"@type\":\"EntryPoint\",\"urlTemplate\":\"https:\/\/blogg.svenskakyrkan.se\/akebonnier\/?s={search_term_string}\"},\"query-input\":{\"@type\":\"PropertyValueSpecification\",\"valueRequired\":true,\"valueName\":\"search_term_string\"}}],\"inLanguage\":\"sv-SE\"},{\"@type\":\"Person\",\"@id\":\"https:\/\/blogg.svenskakyrkan.se\/akebonnier\/#\/schema\/person\/8db68bc0c94f6a5a62df2d4486ff1343\",\"name\":\"\u00c5ke Bonnier\",\"image\":{\"@type\":\"ImageObject\",\"inLanguage\":\"sv-SE\",\"@id\":\"https:\/\/blogg.svenskakyrkan.se\/akebonnier\/#\/schema\/person\/image\/\",\"url\":\"https:\/\/secure.gravatar.com\/avatar\/b88264736bb0bc0d1ea92298aef02c9f98cfc13c7484130c42c663ae484f9462?s=96&d=mm&r=g\",\"contentUrl\":\"https:\/\/secure.gravatar.com\/avatar\/b88264736bb0bc0d1ea92298aef02c9f98cfc13c7484130c42c663ae484f9462?s=96&d=mm&r=g\",\"caption\":\"\u00c5ke Bonnier\"},\"description\":\"Jag \u00e4r gift och har tv\u00e5 vuxna d\u00f6ttrar. Pr\u00e4stvigdes 1984 och biskopsvigs 26 augusti 2012 . Jag har tidigare bland annat varit, komminister och kyrkoherde i Liding\u00f6 f\u00f6rsamling och domprost i Stockholms domkyrkof\u00f6rsamling. Jag \u00e4r intresserad av konst, litteratur, teater, film. Jag tr\u00e4nar regelbundet p\u00e5 gym. Mitt huvudsakliga musikintresse \u00e4r klassisk musik men ocks\u00e5 Beatles, Elvis Presley, Monika Zettelund, Povel Ramel och m\u00e5nga andra tycker jag om att lyssna p\u00e5. Jag l\u00e4ser f\u00f6r lite sk\u00f6nlitteratur beroende p\u00e5 annat som jag m\u00e5ste l\u00e4sa i mitt uppdrag som biskop. Men jag \u00e4lskar b\u00f6cker. Naturligtvis l\u00e4ser jag n\u00e4st intill dagligdags i \\\"B\u00f6ckernas Bok.\\\"\",\"sameAs\":[\"http:\/\/www.skarastift.se\"],\"url\":\"https:\/\/blogg.svenskakyrkan.se\/akebonnier\/author\/akebonnier\/\"}]}<\/script>\n<!-- \/ Yoast SEO plugin. -->","yoast_head_json":{"title":"Och Ordet vart relevans! - \u00c5ke Bonnier","robots":{"index":"index","follow":"follow","max-snippet":"max-snippet:-1","max-image-preview":"max-image-preview:large","max-video-preview":"max-video-preview:-1"},"canonical":"https:\/\/blogg.svenskakyrkan.se\/akebonnier\/2010\/08\/22\/och-ordet-vart-relevans\/","og_locale":"sv_SE","og_type":"article","og_title":"Och Ordet vart relevans! - \u00c5ke Bonnier","og_description":"Idag firade jag h\u00f6gm\u00e4ssogudstj\u00e4nst (gudstj\u00e4nst utan nattvard) f\u00f6r f\u00f6rsta g\u00e5ngen i Slottskyrkan i Stockholms slott. Jag har blivit utn\u00e4mnd till extra ordinarie hovpredikant och har d\u00e5 att tv\u00e5 g\u00e5nger per \u00e5r predika i Tessins kyrka som ligger mitt emot Rikssalen. N\u00e4r man firar h\u00f6gm\u00e4ssogudstj\u00e4nst blir Ordet \u00e4nnu viktigare. Som evangelisk luthersk pr\u00e4st \u00e4r det viktigt [&hellip;]","og_url":"https:\/\/blogg.svenskakyrkan.se\/akebonnier\/2010\/08\/22\/och-ordet-vart-relevans\/","og_site_name":"\u00c5ke Bonnier","article_published_time":"2010-08-22T15:49:00+00:00","og_image":[{"url":"https:\/\/blogger.googleusercontent.com\/tracker\/9055441369901436026-2876744754423095693?l=akebonnier.blogspot.com","type":"","width":"","height":""}],"author":"\u00c5ke Bonnier","twitter_card":"summary_large_image","twitter_misc":{"Skriven av":"\u00c5ke Bonnier","Ber\u00e4knad l\u00e4stid":"3 minuter"},"schema":{"@context":"https:\/\/schema.org","@graph":[{"@type":"Article","@id":"https:\/\/blogg.svenskakyrkan.se\/akebonnier\/2010\/08\/22\/och-ordet-vart-relevans\/#article","isPartOf":{"@id":"https:\/\/blogg.svenskakyrkan.se\/akebonnier\/2010\/08\/22\/och-ordet-vart-relevans\/"},"author":{"name":"\u00c5ke Bonnier","@id":"https:\/\/blogg.svenskakyrkan.se\/akebonnier\/#\/schema\/person\/8db68bc0c94f6a5a62df2d4486ff1343"},"headline":"Och Ordet vart relevans!","datePublished":"2010-08-22T15:49:00+00:00","mainEntityOfPage":{"@id":"https:\/\/blogg.svenskakyrkan.se\/akebonnier\/2010\/08\/22\/och-ordet-vart-relevans\/"},"wordCount":566,"commentCount":9,"image":{"@id":"https:\/\/blogg.svenskakyrkan.se\/akebonnier\/2010\/08\/22\/och-ordet-vart-relevans\/#primaryimage"},"thumbnailUrl":"https:\/\/blogger.googleusercontent.com\/tracker\/9055441369901436026-2876744754423095693?l=akebonnier.blogspot.com","articleSection":["Och Ordet vart relevans"],"inLanguage":"sv-SE","potentialAction":[{"@type":"CommentAction","name":"Comment","target":["https:\/\/blogg.svenskakyrkan.se\/akebonnier\/2010\/08\/22\/och-ordet-vart-relevans\/#respond"]}]},{"@type":"WebPage","@id":"https:\/\/blogg.svenskakyrkan.se\/akebonnier\/2010\/08\/22\/och-ordet-vart-relevans\/","url":"https:\/\/blogg.svenskakyrkan.se\/akebonnier\/2010\/08\/22\/och-ordet-vart-relevans\/","name":"Och Ordet vart relevans! - \u00c5ke Bonnier","isPartOf":{"@id":"https:\/\/blogg.svenskakyrkan.se\/akebonnier\/#website"},"primaryImageOfPage":{"@id":"https:\/\/blogg.svenskakyrkan.se\/akebonnier\/2010\/08\/22\/och-ordet-vart-relevans\/#primaryimage"},"image":{"@id":"https:\/\/blogg.svenskakyrkan.se\/akebonnier\/2010\/08\/22\/och-ordet-vart-relevans\/#primaryimage"},"thumbnailUrl":"https:\/\/blogger.googleusercontent.com\/tracker\/9055441369901436026-2876744754423095693?l=akebonnier.blogspot.com","datePublished":"2010-08-22T15:49:00+00:00","author":{"@id":"https:\/\/blogg.svenskakyrkan.se\/akebonnier\/#\/schema\/person\/8db68bc0c94f6a5a62df2d4486ff1343"},"breadcrumb":{"@id":"https:\/\/blogg.svenskakyrkan.se\/akebonnier\/2010\/08\/22\/och-ordet-vart-relevans\/#breadcrumb"},"inLanguage":"sv-SE","potentialAction":[{"@type":"ReadAction","target":["https:\/\/blogg.svenskakyrkan.se\/akebonnier\/2010\/08\/22\/och-ordet-vart-relevans\/"]}]},{"@type":"ImageObject","inLanguage":"sv-SE","@id":"https:\/\/blogg.svenskakyrkan.se\/akebonnier\/2010\/08\/22\/och-ordet-vart-relevans\/#primaryimage","url":"https:\/\/blogger.googleusercontent.com\/tracker\/9055441369901436026-2876744754423095693?l=akebonnier.blogspot.com","contentUrl":"https:\/\/blogger.googleusercontent.com\/tracker\/9055441369901436026-2876744754423095693?l=akebonnier.blogspot.com"},{"@type":"BreadcrumbList","@id":"https:\/\/blogg.svenskakyrkan.se\/akebonnier\/2010\/08\/22\/och-ordet-vart-relevans\/#breadcrumb","itemListElement":[{"@type":"ListItem","position":1,"name":"Hem","item":"https:\/\/blogg.svenskakyrkan.se\/akebonnier\/"},{"@type":"ListItem","position":2,"name":"Och Ordet vart relevans!"}]},{"@type":"WebSite","@id":"https:\/\/blogg.svenskakyrkan.se\/akebonnier\/#website","url":"https:\/\/blogg.svenskakyrkan.se\/akebonnier\/","name":"\u00c5ke Bonnier","description":"Biskop i Svenska kyrkan - Skara stift","potentialAction":[{"@type":"SearchAction","target":{"@type":"EntryPoint","urlTemplate":"https:\/\/blogg.svenskakyrkan.se\/akebonnier\/?s={search_term_string}"},"query-input":{"@type":"PropertyValueSpecification","valueRequired":true,"valueName":"search_term_string"}}],"inLanguage":"sv-SE"},{"@type":"Person","@id":"https:\/\/blogg.svenskakyrkan.se\/akebonnier\/#\/schema\/person\/8db68bc0c94f6a5a62df2d4486ff1343","name":"\u00c5ke Bonnier","image":{"@type":"ImageObject","inLanguage":"sv-SE","@id":"https:\/\/blogg.svenskakyrkan.se\/akebonnier\/#\/schema\/person\/image\/","url":"https:\/\/secure.gravatar.com\/avatar\/b88264736bb0bc0d1ea92298aef02c9f98cfc13c7484130c42c663ae484f9462?s=96&d=mm&r=g","contentUrl":"https:\/\/secure.gravatar.com\/avatar\/b88264736bb0bc0d1ea92298aef02c9f98cfc13c7484130c42c663ae484f9462?s=96&d=mm&r=g","caption":"\u00c5ke Bonnier"},"description":"Jag \u00e4r gift och har tv\u00e5 vuxna d\u00f6ttrar. Pr\u00e4stvigdes 1984 och biskopsvigs 26 augusti 2012 . Jag har tidigare bland annat varit, komminister och kyrkoherde i Liding\u00f6 f\u00f6rsamling och domprost i Stockholms domkyrkof\u00f6rsamling. Jag \u00e4r intresserad av konst, litteratur, teater, film. Jag tr\u00e4nar regelbundet p\u00e5 gym. Mitt huvudsakliga musikintresse \u00e4r klassisk musik men ocks\u00e5 Beatles, Elvis Presley, Monika Zettelund, Povel Ramel och m\u00e5nga andra tycker jag om att lyssna p\u00e5. Jag l\u00e4ser f\u00f6r lite sk\u00f6nlitteratur beroende p\u00e5 annat som jag m\u00e5ste l\u00e4sa i mitt uppdrag som biskop. Men jag \u00e4lskar b\u00f6cker. Naturligtvis l\u00e4ser jag n\u00e4st intill dagligdags i \"B\u00f6ckernas Bok.\"","sameAs":["http:\/\/www.skarastift.se"],"url":"https:\/\/blogg.svenskakyrkan.se\/akebonnier\/author\/akebonnier\/"}]}},"author_meta":{"ID":"108","user_nicename":"akebonnier","user_url":"http:\/\/www.skarastift.se","user_registered":"2011-10-11 09:24:48","display_name":"\u00c5ke Bonnier","first_name":"\u00c5ke","last_name":"Bonnier","avatar":"https:\/\/secure.gravatar.com\/avatar\/b88264736bb0bc0d1ea92298aef02c9f98cfc13c7484130c42c663ae484f9462?s=96&d=mm&r=g"},"featured_image":false,"bloginfo":{"name":"\u00c5ke Bonnier","url":"https:\/\/blogg.svenskakyrkan.se\/akebonnier"},"_links":{"self":[{"href":"https:\/\/blogg.svenskakyrkan.se\/akebonnier\/wp-json\/wp\/v2\/posts\/440","targetHints":{"allow":["GET"]}}],"collection":[{"href":"https:\/\/blogg.svenskakyrkan.se\/akebonnier\/wp-json\/wp\/v2\/posts"}],"about":[{"href":"https:\/\/blogg.svenskakyrkan.se\/akebonnier\/wp-json\/wp\/v2\/types\/post"}],"author":[{"embeddable":true,"href":"https:\/\/blogg.svenskakyrkan.se\/akebonnier\/wp-json\/wp\/v2\/users\/108"}],"replies":[{"embeddable":true,"href":"https:\/\/blogg.svenskakyrkan.se\/akebonnier\/wp-json\/wp\/v2\/comments?post=440"}],"version-history":[{"count":0,"href":"https:\/\/blogg.svenskakyrkan.se\/akebonnier\/wp-json\/wp\/v2\/posts\/440\/revisions"}],"wp:attachment":[{"href":"https:\/\/blogg.svenskakyrkan.se\/akebonnier\/wp-json\/wp\/v2\/media?parent=440"}],"wp:term":[{"taxonomy":"category","embeddable":true,"href":"https:\/\/blogg.svenskakyrkan.se\/akebonnier\/wp-json\/wp\/v2\/categories?post=440"},{"taxonomy":"post_tag","embeddable":true,"href":"https:\/\/blogg.svenskakyrkan.se\/akebonnier\/wp-json\/wp\/v2\/tags?post=440"}],"curies":[{"name":"wp","href":"https:\/\/api.w.org\/{rel}","templated":true}]}}