{"id":442,"date":"2010-08-30T06:18:00","date_gmt":"2010-08-30T06:18:00","guid":{"rendered":"http:\/\/blogg.svenskakyrkan.se\/akebonnier\/2010\/08\/30\/man-marker-inte-att-du-ar-tandlakare\/"},"modified":"2010-08-30T06:18:00","modified_gmt":"2010-08-30T06:18:00","slug":"man-marker-inte-att-du-ar-tandlakare","status":"publish","type":"post","link":"https:\/\/blogg.svenskakyrkan.se\/akebonnier\/2010\/08\/30\/man-marker-inte-att-du-ar-tandlakare\/","title":{"rendered":"Man m\u00e4rker inte att Du \u00e4r tandl\u00e4kare!"},"content":{"rendered":"<p>En s\u00e5dan kommentar ger man bara en riktigt d\u00e5lig tandl\u00e4kare, en som inte kan sitt arbete, som misslyckas och st\u00e4ller till det i munnen. F\u00f6rr tycktes denna typ av kommentar ha varit positiv i f\u00f6rh\u00e5llande till pr\u00e4ster. Han eller hon \u00e4r s\u00e5 bra och s\u00e5 m\u00e4nsklig. Det m\u00e4rks n\u00e4stan inte att han eller hon \u00e4r pr\u00e4st. Det var en fin kommentar som ville s\u00e4ga n\u00e5got positivt och samtidigt \u00e4r det ju en f\u00f6rskr\u00e4cklig kommentar. Visst ska det m\u00e4rkas att en pr\u00e4st \u00e4r pr\u00e4st. En pr\u00e4st har vigt hela sitt liv, varje andetag, varje sekund, \u00e5t Gud. En pr\u00e4st har inte fritid i f\u00f6rh\u00e5llande till sin vigningstj\u00e4nst. En pr\u00e4st tj\u00e4nstg\u00f6r inte alltid. Vi har faktiskt 40 timmars arbetsvecka sett p\u00e5 en l\u00e4ngre period. Samtidigt finns vi naturligtvis tillg\u00e4ngliga n\u00e4r s\u00e5 verkligen beh\u00f6vs ocks\u00e5 p\u00e5 andra tider. Men vi \u00e4r pr\u00e4ster ocks\u00e5 n\u00e4r inte pr\u00e4stskjortan \u00e4r p\u00e5. Vi har en f\u00f6rpliktelse mot Gud och mot Svenska kyrkan ocks\u00e5 n\u00e4r vi \u00e4r &#8221;lediga&#8221;. D\u00e4rf\u00f6r kan man ocks\u00e5 st\u00e4lla h\u00f6ga moraliska krav p\u00e5 pr\u00e4ster. En pr\u00e4st kan inte bete sig hur som helst och s\u00e4ga att vederb\u00f6rande ju gjorde detta p\u00e5 sin lediga dag eller p\u00e5 semestern.<\/p>\n<p>Min f\u00f6retr\u00e4dare p\u00e5 tj\u00e4nsten Pastor Primarius Ludvig J\u00f6nsson, sa i ett middagstal vid min pr\u00e4stvigning: &#8221;\u00c4r man s\u00e5 \u00e4r man&#8221;. \u00c4r man vigd s\u00e5 \u00e4r man och d\u00e5 \u00e4r man det f\u00f6r hela sitt liv. Sedan kan domkapitlet fr\u00e5nta en pr\u00e4st r\u00e4tten att ut\u00f6va vigningstj\u00e4nsten och det sker om pr\u00e4stens liv och leverne \u00e4r s\u00e5dant att han eller hon har <em>brutit de l\u00f6ften som han eller hon har givit vid vigningen, har brutit sin tystnadsplikt i fr\u00e5ga om s\u00e5dant som han eller hon har f\u00e5tt veta under bikt eller enskild sj\u00e4lav\u00e5rd, p\u00e5 grund av sjukdom eller av annan liknande anledning har f\u00f6rlorat f\u00f6rm\u00e5gan att r\u00e4tt ut\u00f6va vigningstj\u00e4nsten, eller genom brottslig g\u00e4rning, p\u00e5 grund av sitt levnadss\u00e4tt eller p\u00e5 annat s\u00e4tt i avsev\u00e4rd m\u00e5n har skadat det anseende en pr\u00e4st b\u00f6r ha. <\/em>S\u00e5 st\u00e5r det i Kyrkoordningens kapitel 31 paragraf 12.<\/p>\n<p>Men po\u00e4ngen \u00e4r inte att en pr\u00e4st ska leva sitt liv i enlighet med sina vigningsl\u00f6ften i st\u00e4ndig r\u00e4dsla att bli av med r\u00e4tten att ut\u00f6va vigningstj\u00e4nsten. Nej, po\u00e4ngen \u00e4r att en pr\u00e4st ska leva sitt liv, fylld och driven av den Heliga Anden, och i enlighet med de l\u00f6ften han eller hon avgett inf\u00f6r Gud och den samlade menigheten vid vigningsgudstj\u00e4nsten. Att vigas till pr\u00e4st \u00e4r n\u00e5got stort och livsomv\u00e4lvande. Och det f\u00e5r m\u00e4rkas ut\u00e5t i v\u00e5ra liv. Kanske s\u00e4ger d\u00e5 n\u00e5gon: <em>Man m\u00e4rker att Du \u00e4r pr\u00e4st!<\/em> Och d\u00e5 m\u00e4rker man det f\u00f6r att pr\u00e4sten visar p\u00e5 Gud och inte p\u00e5 sig sj\u00e4lv.<\/p>\n<div class=\"blogger-post-footer\"><img width='1' height='1' src='https:\/\/blogger.googleusercontent.com\/tracker\/9055441369901436026-977245087423530926?l=akebonnier.blogspot.com' alt='' \/><\/div>\n","protected":false},"excerpt":{"rendered":"<p>En s\u00e5dan kommentar ger man bara en riktigt d\u00e5lig tandl\u00e4kare, en som inte kan sitt arbete, som misslyckas och st\u00e4ller till det i munnen. F\u00f6rr tycktes denna typ av kommentar ha varit positiv i f\u00f6rh\u00e5llande till pr\u00e4ster. Han eller hon \u00e4r s\u00e5 bra och s\u00e5 m\u00e4nsklig. Det m\u00e4rks n\u00e4stan inte att han eller hon \u00e4r [&hellip;]<\/p>\n","protected":false},"author":108,"featured_media":0,"comment_status":"open","ping_status":"open","sticky":false,"template":"","format":"standard","meta":{"_acf_changed":false,"footnotes":""},"categories":[16417],"tags":[],"class_list":["post-442","post","type-post","status-publish","format-standard","hentry","category-man-marker-inte-att-du-ar-tandlakare"],"acf":[],"yoast_head":"<!-- This site is optimized with the Yoast SEO plugin v27.1.1 - https:\/\/yoast.com\/product\/yoast-seo-wordpress\/ -->\n<title>Man m\u00e4rker inte att Du \u00e4r tandl\u00e4kare! - \u00c5ke Bonnier<\/title>\n<meta name=\"robots\" content=\"index, follow, max-snippet:-1, max-image-preview:large, max-video-preview:-1\" \/>\n<link rel=\"canonical\" href=\"https:\/\/blogg.svenskakyrkan.se\/akebonnier\/2010\/08\/30\/man-marker-inte-att-du-ar-tandlakare\/\" \/>\n<meta property=\"og:locale\" content=\"sv_SE\" \/>\n<meta property=\"og:type\" content=\"article\" \/>\n<meta property=\"og:title\" content=\"Man m\u00e4rker inte att Du \u00e4r tandl\u00e4kare! - \u00c5ke Bonnier\" \/>\n<meta property=\"og:description\" content=\"En s\u00e5dan kommentar ger man bara en riktigt d\u00e5lig tandl\u00e4kare, en som inte kan sitt arbete, som misslyckas och st\u00e4ller till det i munnen. F\u00f6rr tycktes denna typ av kommentar ha varit positiv i f\u00f6rh\u00e5llande till pr\u00e4ster. Han eller hon \u00e4r s\u00e5 bra och s\u00e5 m\u00e4nsklig. Det m\u00e4rks n\u00e4stan inte att han eller hon \u00e4r [&hellip;]\" \/>\n<meta property=\"og:url\" content=\"https:\/\/blogg.svenskakyrkan.se\/akebonnier\/2010\/08\/30\/man-marker-inte-att-du-ar-tandlakare\/\" \/>\n<meta property=\"og:site_name\" content=\"\u00c5ke Bonnier\" \/>\n<meta property=\"article:published_time\" content=\"2010-08-30T06:18:00+00:00\" \/>\n<meta property=\"og:image\" content=\"https:\/\/blogger.googleusercontent.com\/tracker\/9055441369901436026-977245087423530926?l=akebonnier.blogspot.com\" \/>\n<meta name=\"author\" content=\"\u00c5ke Bonnier\" \/>\n<meta name=\"twitter:card\" content=\"summary_large_image\" \/>\n<meta name=\"twitter:label1\" content=\"Skriven av\" \/>\n\t<meta name=\"twitter:data1\" content=\"\u00c5ke Bonnier\" \/>\n\t<meta name=\"twitter:label2\" content=\"Ber\u00e4knad l\u00e4stid\" \/>\n\t<meta name=\"twitter:data2\" content=\"3 minuter\" \/>\n<script type=\"application\/ld+json\" class=\"yoast-schema-graph\">{\"@context\":\"https:\/\/schema.org\",\"@graph\":[{\"@type\":\"Article\",\"@id\":\"https:\/\/blogg.svenskakyrkan.se\/akebonnier\/2010\/08\/30\/man-marker-inte-att-du-ar-tandlakare\/#article\",\"isPartOf\":{\"@id\":\"https:\/\/blogg.svenskakyrkan.se\/akebonnier\/2010\/08\/30\/man-marker-inte-att-du-ar-tandlakare\/\"},\"author\":{\"name\":\"\u00c5ke Bonnier\",\"@id\":\"https:\/\/blogg.svenskakyrkan.se\/akebonnier\/#\/schema\/person\/8db68bc0c94f6a5a62df2d4486ff1343\"},\"headline\":\"Man m\u00e4rker inte att Du \u00e4r tandl\u00e4kare!\",\"datePublished\":\"2010-08-30T06:18:00+00:00\",\"mainEntityOfPage\":{\"@id\":\"https:\/\/blogg.svenskakyrkan.se\/akebonnier\/2010\/08\/30\/man-marker-inte-att-du-ar-tandlakare\/\"},\"wordCount\":549,\"commentCount\":15,\"image\":{\"@id\":\"https:\/\/blogg.svenskakyrkan.se\/akebonnier\/2010\/08\/30\/man-marker-inte-att-du-ar-tandlakare\/#primaryimage\"},\"thumbnailUrl\":\"https:\/\/blogger.googleusercontent.com\/tracker\/9055441369901436026-977245087423530926?l=akebonnier.blogspot.com\",\"articleSection\":[\"Man m\u00e4rker inte att Du \u00e4r tandl\u00e4kare\"],\"inLanguage\":\"sv-SE\",\"potentialAction\":[{\"@type\":\"CommentAction\",\"name\":\"Comment\",\"target\":[\"https:\/\/blogg.svenskakyrkan.se\/akebonnier\/2010\/08\/30\/man-marker-inte-att-du-ar-tandlakare\/#respond\"]}]},{\"@type\":\"WebPage\",\"@id\":\"https:\/\/blogg.svenskakyrkan.se\/akebonnier\/2010\/08\/30\/man-marker-inte-att-du-ar-tandlakare\/\",\"url\":\"https:\/\/blogg.svenskakyrkan.se\/akebonnier\/2010\/08\/30\/man-marker-inte-att-du-ar-tandlakare\/\",\"name\":\"Man m\u00e4rker inte att Du \u00e4r tandl\u00e4kare! - \u00c5ke Bonnier\",\"isPartOf\":{\"@id\":\"https:\/\/blogg.svenskakyrkan.se\/akebonnier\/#website\"},\"primaryImageOfPage\":{\"@id\":\"https:\/\/blogg.svenskakyrkan.se\/akebonnier\/2010\/08\/30\/man-marker-inte-att-du-ar-tandlakare\/#primaryimage\"},\"image\":{\"@id\":\"https:\/\/blogg.svenskakyrkan.se\/akebonnier\/2010\/08\/30\/man-marker-inte-att-du-ar-tandlakare\/#primaryimage\"},\"thumbnailUrl\":\"https:\/\/blogger.googleusercontent.com\/tracker\/9055441369901436026-977245087423530926?l=akebonnier.blogspot.com\",\"datePublished\":\"2010-08-30T06:18:00+00:00\",\"author\":{\"@id\":\"https:\/\/blogg.svenskakyrkan.se\/akebonnier\/#\/schema\/person\/8db68bc0c94f6a5a62df2d4486ff1343\"},\"breadcrumb\":{\"@id\":\"https:\/\/blogg.svenskakyrkan.se\/akebonnier\/2010\/08\/30\/man-marker-inte-att-du-ar-tandlakare\/#breadcrumb\"},\"inLanguage\":\"sv-SE\",\"potentialAction\":[{\"@type\":\"ReadAction\",\"target\":[\"https:\/\/blogg.svenskakyrkan.se\/akebonnier\/2010\/08\/30\/man-marker-inte-att-du-ar-tandlakare\/\"]}]},{\"@type\":\"ImageObject\",\"inLanguage\":\"sv-SE\",\"@id\":\"https:\/\/blogg.svenskakyrkan.se\/akebonnier\/2010\/08\/30\/man-marker-inte-att-du-ar-tandlakare\/#primaryimage\",\"url\":\"https:\/\/blogger.googleusercontent.com\/tracker\/9055441369901436026-977245087423530926?l=akebonnier.blogspot.com\",\"contentUrl\":\"https:\/\/blogger.googleusercontent.com\/tracker\/9055441369901436026-977245087423530926?l=akebonnier.blogspot.com\"},{\"@type\":\"BreadcrumbList\",\"@id\":\"https:\/\/blogg.svenskakyrkan.se\/akebonnier\/2010\/08\/30\/man-marker-inte-att-du-ar-tandlakare\/#breadcrumb\",\"itemListElement\":[{\"@type\":\"ListItem\",\"position\":1,\"name\":\"Hem\",\"item\":\"https:\/\/blogg.svenskakyrkan.se\/akebonnier\/\"},{\"@type\":\"ListItem\",\"position\":2,\"name\":\"Man m\u00e4rker inte att Du \u00e4r tandl\u00e4kare!\"}]},{\"@type\":\"WebSite\",\"@id\":\"https:\/\/blogg.svenskakyrkan.se\/akebonnier\/#website\",\"url\":\"https:\/\/blogg.svenskakyrkan.se\/akebonnier\/\",\"name\":\"\u00c5ke Bonnier\",\"description\":\"Biskop i Svenska kyrkan - Skara stift\",\"potentialAction\":[{\"@type\":\"SearchAction\",\"target\":{\"@type\":\"EntryPoint\",\"urlTemplate\":\"https:\/\/blogg.svenskakyrkan.se\/akebonnier\/?s={search_term_string}\"},\"query-input\":{\"@type\":\"PropertyValueSpecification\",\"valueRequired\":true,\"valueName\":\"search_term_string\"}}],\"inLanguage\":\"sv-SE\"},{\"@type\":\"Person\",\"@id\":\"https:\/\/blogg.svenskakyrkan.se\/akebonnier\/#\/schema\/person\/8db68bc0c94f6a5a62df2d4486ff1343\",\"name\":\"\u00c5ke Bonnier\",\"image\":{\"@type\":\"ImageObject\",\"inLanguage\":\"sv-SE\",\"@id\":\"https:\/\/blogg.svenskakyrkan.se\/akebonnier\/#\/schema\/person\/image\/\",\"url\":\"https:\/\/secure.gravatar.com\/avatar\/b88264736bb0bc0d1ea92298aef02c9f98cfc13c7484130c42c663ae484f9462?s=96&d=mm&r=g\",\"contentUrl\":\"https:\/\/secure.gravatar.com\/avatar\/b88264736bb0bc0d1ea92298aef02c9f98cfc13c7484130c42c663ae484f9462?s=96&d=mm&r=g\",\"caption\":\"\u00c5ke Bonnier\"},\"description\":\"Jag \u00e4r gift och har tv\u00e5 vuxna d\u00f6ttrar. Pr\u00e4stvigdes 1984 och biskopsvigs 26 augusti 2012 . Jag har tidigare bland annat varit, komminister och kyrkoherde i Liding\u00f6 f\u00f6rsamling och domprost i Stockholms domkyrkof\u00f6rsamling. Jag \u00e4r intresserad av konst, litteratur, teater, film. Jag tr\u00e4nar regelbundet p\u00e5 gym. Mitt huvudsakliga musikintresse \u00e4r klassisk musik men ocks\u00e5 Beatles, Elvis Presley, Monika Zettelund, Povel Ramel och m\u00e5nga andra tycker jag om att lyssna p\u00e5. Jag l\u00e4ser f\u00f6r lite sk\u00f6nlitteratur beroende p\u00e5 annat som jag m\u00e5ste l\u00e4sa i mitt uppdrag som biskop. Men jag \u00e4lskar b\u00f6cker. Naturligtvis l\u00e4ser jag n\u00e4st intill dagligdags i \\\"B\u00f6ckernas Bok.\\\"\",\"sameAs\":[\"http:\/\/www.skarastift.se\"],\"url\":\"https:\/\/blogg.svenskakyrkan.se\/akebonnier\/author\/akebonnier\/\"}]}<\/script>\n<!-- \/ Yoast SEO plugin. -->","yoast_head_json":{"title":"Man m\u00e4rker inte att Du \u00e4r tandl\u00e4kare! - \u00c5ke Bonnier","robots":{"index":"index","follow":"follow","max-snippet":"max-snippet:-1","max-image-preview":"max-image-preview:large","max-video-preview":"max-video-preview:-1"},"canonical":"https:\/\/blogg.svenskakyrkan.se\/akebonnier\/2010\/08\/30\/man-marker-inte-att-du-ar-tandlakare\/","og_locale":"sv_SE","og_type":"article","og_title":"Man m\u00e4rker inte att Du \u00e4r tandl\u00e4kare! - \u00c5ke Bonnier","og_description":"En s\u00e5dan kommentar ger man bara en riktigt d\u00e5lig tandl\u00e4kare, en som inte kan sitt arbete, som misslyckas och st\u00e4ller till det i munnen. F\u00f6rr tycktes denna typ av kommentar ha varit positiv i f\u00f6rh\u00e5llande till pr\u00e4ster. Han eller hon \u00e4r s\u00e5 bra och s\u00e5 m\u00e4nsklig. Det m\u00e4rks n\u00e4stan inte att han eller hon \u00e4r [&hellip;]","og_url":"https:\/\/blogg.svenskakyrkan.se\/akebonnier\/2010\/08\/30\/man-marker-inte-att-du-ar-tandlakare\/","og_site_name":"\u00c5ke Bonnier","article_published_time":"2010-08-30T06:18:00+00:00","og_image":[{"url":"https:\/\/blogger.googleusercontent.com\/tracker\/9055441369901436026-977245087423530926?l=akebonnier.blogspot.com","type":"","width":"","height":""}],"author":"\u00c5ke Bonnier","twitter_card":"summary_large_image","twitter_misc":{"Skriven av":"\u00c5ke Bonnier","Ber\u00e4knad l\u00e4stid":"3 minuter"},"schema":{"@context":"https:\/\/schema.org","@graph":[{"@type":"Article","@id":"https:\/\/blogg.svenskakyrkan.se\/akebonnier\/2010\/08\/30\/man-marker-inte-att-du-ar-tandlakare\/#article","isPartOf":{"@id":"https:\/\/blogg.svenskakyrkan.se\/akebonnier\/2010\/08\/30\/man-marker-inte-att-du-ar-tandlakare\/"},"author":{"name":"\u00c5ke Bonnier","@id":"https:\/\/blogg.svenskakyrkan.se\/akebonnier\/#\/schema\/person\/8db68bc0c94f6a5a62df2d4486ff1343"},"headline":"Man m\u00e4rker inte att Du \u00e4r tandl\u00e4kare!","datePublished":"2010-08-30T06:18:00+00:00","mainEntityOfPage":{"@id":"https:\/\/blogg.svenskakyrkan.se\/akebonnier\/2010\/08\/30\/man-marker-inte-att-du-ar-tandlakare\/"},"wordCount":549,"commentCount":15,"image":{"@id":"https:\/\/blogg.svenskakyrkan.se\/akebonnier\/2010\/08\/30\/man-marker-inte-att-du-ar-tandlakare\/#primaryimage"},"thumbnailUrl":"https:\/\/blogger.googleusercontent.com\/tracker\/9055441369901436026-977245087423530926?l=akebonnier.blogspot.com","articleSection":["Man m\u00e4rker inte att Du \u00e4r tandl\u00e4kare"],"inLanguage":"sv-SE","potentialAction":[{"@type":"CommentAction","name":"Comment","target":["https:\/\/blogg.svenskakyrkan.se\/akebonnier\/2010\/08\/30\/man-marker-inte-att-du-ar-tandlakare\/#respond"]}]},{"@type":"WebPage","@id":"https:\/\/blogg.svenskakyrkan.se\/akebonnier\/2010\/08\/30\/man-marker-inte-att-du-ar-tandlakare\/","url":"https:\/\/blogg.svenskakyrkan.se\/akebonnier\/2010\/08\/30\/man-marker-inte-att-du-ar-tandlakare\/","name":"Man m\u00e4rker inte att Du \u00e4r tandl\u00e4kare! - \u00c5ke Bonnier","isPartOf":{"@id":"https:\/\/blogg.svenskakyrkan.se\/akebonnier\/#website"},"primaryImageOfPage":{"@id":"https:\/\/blogg.svenskakyrkan.se\/akebonnier\/2010\/08\/30\/man-marker-inte-att-du-ar-tandlakare\/#primaryimage"},"image":{"@id":"https:\/\/blogg.svenskakyrkan.se\/akebonnier\/2010\/08\/30\/man-marker-inte-att-du-ar-tandlakare\/#primaryimage"},"thumbnailUrl":"https:\/\/blogger.googleusercontent.com\/tracker\/9055441369901436026-977245087423530926?l=akebonnier.blogspot.com","datePublished":"2010-08-30T06:18:00+00:00","author":{"@id":"https:\/\/blogg.svenskakyrkan.se\/akebonnier\/#\/schema\/person\/8db68bc0c94f6a5a62df2d4486ff1343"},"breadcrumb":{"@id":"https:\/\/blogg.svenskakyrkan.se\/akebonnier\/2010\/08\/30\/man-marker-inte-att-du-ar-tandlakare\/#breadcrumb"},"inLanguage":"sv-SE","potentialAction":[{"@type":"ReadAction","target":["https:\/\/blogg.svenskakyrkan.se\/akebonnier\/2010\/08\/30\/man-marker-inte-att-du-ar-tandlakare\/"]}]},{"@type":"ImageObject","inLanguage":"sv-SE","@id":"https:\/\/blogg.svenskakyrkan.se\/akebonnier\/2010\/08\/30\/man-marker-inte-att-du-ar-tandlakare\/#primaryimage","url":"https:\/\/blogger.googleusercontent.com\/tracker\/9055441369901436026-977245087423530926?l=akebonnier.blogspot.com","contentUrl":"https:\/\/blogger.googleusercontent.com\/tracker\/9055441369901436026-977245087423530926?l=akebonnier.blogspot.com"},{"@type":"BreadcrumbList","@id":"https:\/\/blogg.svenskakyrkan.se\/akebonnier\/2010\/08\/30\/man-marker-inte-att-du-ar-tandlakare\/#breadcrumb","itemListElement":[{"@type":"ListItem","position":1,"name":"Hem","item":"https:\/\/blogg.svenskakyrkan.se\/akebonnier\/"},{"@type":"ListItem","position":2,"name":"Man m\u00e4rker inte att Du \u00e4r tandl\u00e4kare!"}]},{"@type":"WebSite","@id":"https:\/\/blogg.svenskakyrkan.se\/akebonnier\/#website","url":"https:\/\/blogg.svenskakyrkan.se\/akebonnier\/","name":"\u00c5ke Bonnier","description":"Biskop i Svenska kyrkan - Skara stift","potentialAction":[{"@type":"SearchAction","target":{"@type":"EntryPoint","urlTemplate":"https:\/\/blogg.svenskakyrkan.se\/akebonnier\/?s={search_term_string}"},"query-input":{"@type":"PropertyValueSpecification","valueRequired":true,"valueName":"search_term_string"}}],"inLanguage":"sv-SE"},{"@type":"Person","@id":"https:\/\/blogg.svenskakyrkan.se\/akebonnier\/#\/schema\/person\/8db68bc0c94f6a5a62df2d4486ff1343","name":"\u00c5ke Bonnier","image":{"@type":"ImageObject","inLanguage":"sv-SE","@id":"https:\/\/blogg.svenskakyrkan.se\/akebonnier\/#\/schema\/person\/image\/","url":"https:\/\/secure.gravatar.com\/avatar\/b88264736bb0bc0d1ea92298aef02c9f98cfc13c7484130c42c663ae484f9462?s=96&d=mm&r=g","contentUrl":"https:\/\/secure.gravatar.com\/avatar\/b88264736bb0bc0d1ea92298aef02c9f98cfc13c7484130c42c663ae484f9462?s=96&d=mm&r=g","caption":"\u00c5ke Bonnier"},"description":"Jag \u00e4r gift och har tv\u00e5 vuxna d\u00f6ttrar. Pr\u00e4stvigdes 1984 och biskopsvigs 26 augusti 2012 . Jag har tidigare bland annat varit, komminister och kyrkoherde i Liding\u00f6 f\u00f6rsamling och domprost i Stockholms domkyrkof\u00f6rsamling. Jag \u00e4r intresserad av konst, litteratur, teater, film. Jag tr\u00e4nar regelbundet p\u00e5 gym. Mitt huvudsakliga musikintresse \u00e4r klassisk musik men ocks\u00e5 Beatles, Elvis Presley, Monika Zettelund, Povel Ramel och m\u00e5nga andra tycker jag om att lyssna p\u00e5. Jag l\u00e4ser f\u00f6r lite sk\u00f6nlitteratur beroende p\u00e5 annat som jag m\u00e5ste l\u00e4sa i mitt uppdrag som biskop. Men jag \u00e4lskar b\u00f6cker. Naturligtvis l\u00e4ser jag n\u00e4st intill dagligdags i \"B\u00f6ckernas Bok.\"","sameAs":["http:\/\/www.skarastift.se"],"url":"https:\/\/blogg.svenskakyrkan.se\/akebonnier\/author\/akebonnier\/"}]}},"author_meta":{"ID":"108","user_nicename":"akebonnier","user_url":"http:\/\/www.skarastift.se","user_registered":"2011-10-11 09:24:48","display_name":"\u00c5ke Bonnier","first_name":"\u00c5ke","last_name":"Bonnier","avatar":"https:\/\/secure.gravatar.com\/avatar\/b88264736bb0bc0d1ea92298aef02c9f98cfc13c7484130c42c663ae484f9462?s=96&d=mm&r=g"},"featured_image":false,"bloginfo":{"name":"\u00c5ke Bonnier","url":"https:\/\/blogg.svenskakyrkan.se\/akebonnier"},"_links":{"self":[{"href":"https:\/\/blogg.svenskakyrkan.se\/akebonnier\/wp-json\/wp\/v2\/posts\/442","targetHints":{"allow":["GET"]}}],"collection":[{"href":"https:\/\/blogg.svenskakyrkan.se\/akebonnier\/wp-json\/wp\/v2\/posts"}],"about":[{"href":"https:\/\/blogg.svenskakyrkan.se\/akebonnier\/wp-json\/wp\/v2\/types\/post"}],"author":[{"embeddable":true,"href":"https:\/\/blogg.svenskakyrkan.se\/akebonnier\/wp-json\/wp\/v2\/users\/108"}],"replies":[{"embeddable":true,"href":"https:\/\/blogg.svenskakyrkan.se\/akebonnier\/wp-json\/wp\/v2\/comments?post=442"}],"version-history":[{"count":0,"href":"https:\/\/blogg.svenskakyrkan.se\/akebonnier\/wp-json\/wp\/v2\/posts\/442\/revisions"}],"wp:attachment":[{"href":"https:\/\/blogg.svenskakyrkan.se\/akebonnier\/wp-json\/wp\/v2\/media?parent=442"}],"wp:term":[{"taxonomy":"category","embeddable":true,"href":"https:\/\/blogg.svenskakyrkan.se\/akebonnier\/wp-json\/wp\/v2\/categories?post=442"},{"taxonomy":"post_tag","embeddable":true,"href":"https:\/\/blogg.svenskakyrkan.se\/akebonnier\/wp-json\/wp\/v2\/tags?post=442"}],"curies":[{"name":"wp","href":"https:\/\/api.w.org\/{rel}","templated":true}]}}