{"id":444,"date":"2010-09-06T20:06:00","date_gmt":"2010-09-06T20:06:00","guid":{"rendered":"http:\/\/blogg.svenskakyrkan.se\/akebonnier\/2010\/09\/06\/samtal-med-djavulen\/"},"modified":"2010-09-06T20:06:00","modified_gmt":"2010-09-06T20:06:00","slug":"samtal-med-djavulen","status":"publish","type":"post","link":"https:\/\/blogg.svenskakyrkan.se\/akebonnier\/2010\/09\/06\/samtal-med-djavulen\/","title":{"rendered":"Samtal med dj\u00e4vulen."},"content":{"rendered":"<p>Den titeln har en nyutkommen bok av Inger Edelfeldt (Nordstedts f\u00f6rlag) &#8211; en bok v\u00e4l v\u00e4rd att l\u00e4sas. Den handlar om ett samtal mellan en diakon i Svenska kyrkan och en medlem i en frikyrkof\u00f6rsamling. Boken handlar om biblisk fundamentalism kontra mer liberal teologi p\u00e5 gr\u00e4nsen till ( i mitt tycke) f\u00f6r liberal teologi. Men djupast s\u00e4tt handlar boken om n\u00e5den. Finns det n\u00e5d f\u00f6r allt? Finns det saker som aldrig kan f\u00f6rl\u00e5tas, som det inte finns n\u00e5d f\u00f6r? Vad g\u00f6r man n\u00e4r allt i livet till slut bara r\u00e4mnar?<\/p>\n<p>Just nu h\u00e5ller jag p\u00e5 med boken om godhet skriven av den sydafrikanske \u00e4rkebiskopen Desmond Tutu och hans dotter Mpho Tutu. Deras grundprincip som de utg\u00e5r ifr\u00e5n och som formar deras m\u00e4nniskosyn \u00e4r att alla m\u00e4nniskor \u00e4r \u00e4lskade av Gud oavsett allt. Guds k\u00e4rlek kan vi inte f\u00f6rtj\u00e4na lika lite som Gud kan sluta att \u00e4lska oss. vad vi \u00e4n g\u00f6r \u00e4r vi \u00e4lskade av Gud. Det \u00e4r ett starkt p\u00e5st\u00e5ende. Adolf Hitler var \u00e4lskad av Gud. N\u00e4r jag skriver detta vill jag resa mig upp framf\u00f6r datorn och protestera. S\u00e5 mycket dj\u00e4vulskt lidande som den mannen \u00e5stadkom (och \u00e5stadkommer postumt genom m\u00e4nniskors fasansfulla minnen och tragiska f\u00f6rluster) har jag sv\u00e5rt att skriva att han var \u00e4lskad av Gud. Men trots att hela min kropp bara skriker ut sitt nej m\u00e5ste jag nog \u00e4nd\u00e5 tillst\u00e5 att Adolf Hitler var \u00e4lskad av Gud men, och detta \u00e4r viktigt, han sj\u00e4lv levde aldrig i linje med den k\u00e4rleken. Han sj\u00e4lv svek den k\u00e4rleken \u00e5 det gr\u00f6vsta.<\/p>\n<p>Du och jag \u00e4r ocks\u00e5 \u00e4lskade av Gud och det spelar ingen roll vad vi g\u00f6r f\u00f6r vi kan inte f\u00f6rtj\u00e4na den k\u00e4rleken, vi bara \u00e4r \u00e4lskade f\u00f6r att vi \u00e4r vi. Men v\u00e5rt uppdrag, ditt och mitt uppdrag i livet \u00e4r att leva v\u00e5ra liv i linje med den gudomliga k\u00e4rleken, i enlighet med den k\u00e4rlek med vilken vi \u00e4r \u00e4lskade. Och h\u00e4r sviker ocks\u00e5 vi (i alla fall jag).<\/p>\n<p>Men det finns n\u00e5d f\u00f6r oss, n\u00e5den som heter att f\u00e5 b\u00f6rja om just f\u00f6r att vi aldrig kan falla ur k\u00e4rleken, aldrig komma bort fr\u00e5n k\u00e4rlekens f\u00e4lt. Vi f\u00e5r resa oss och bli resta av Gud sj\u00e4lv n\u00e4r v\u00e5ra handlingar best\u00e5r av tillkortakommanden. Vi f\u00e5r resa oss och l\u00e5ta oss bli resta av Honom som restes upp p\u00e5 tredje dagen, av Honom som dog f\u00f6r att visa att vi aldrig n\u00e5gonsin kan hamna utanf\u00f6r den gudomliga k\u00e4rleken &#8211; inte ens om vi heter Adolf Hitler &#8211; hur ofattbart det \u00e4n kan tyckas, ocks\u00e5 f\u00f6r mig.<\/p>\n<div class=\"blogger-post-footer\"><img width='1' height='1' src='https:\/\/blogger.googleusercontent.com\/tracker\/9055441369901436026-4767055515493506900?l=akebonnier.blogspot.com' alt='' \/><\/div>\n","protected":false},"excerpt":{"rendered":"<p>Den titeln har en nyutkommen bok av Inger Edelfeldt (Nordstedts f\u00f6rlag) &#8211; en bok v\u00e4l v\u00e4rd att l\u00e4sas. Den handlar om ett samtal mellan en diakon i Svenska kyrkan och en medlem i en frikyrkof\u00f6rsamling. Boken handlar om biblisk fundamentalism kontra mer liberal teologi p\u00e5 gr\u00e4nsen till ( i mitt tycke) f\u00f6r liberal teologi. Men [&hellip;]<\/p>\n","protected":false},"author":108,"featured_media":0,"comment_status":"open","ping_status":"open","sticky":false,"template":"","format":"standard","meta":{"_acf_changed":false,"footnotes":""},"categories":[16419],"tags":[],"class_list":["post-444","post","type-post","status-publish","format-standard","hentry","category-samtal-med-djavulen"],"acf":[],"yoast_head":"<!-- This site is optimized with the Yoast SEO plugin v27.1.1 - https:\/\/yoast.com\/product\/yoast-seo-wordpress\/ -->\n<title>Samtal med dj\u00e4vulen. - \u00c5ke Bonnier<\/title>\n<meta name=\"robots\" content=\"index, follow, max-snippet:-1, max-image-preview:large, max-video-preview:-1\" \/>\n<link rel=\"canonical\" href=\"https:\/\/blogg.svenskakyrkan.se\/akebonnier\/2010\/09\/06\/samtal-med-djavulen\/\" \/>\n<meta property=\"og:locale\" content=\"sv_SE\" \/>\n<meta property=\"og:type\" content=\"article\" \/>\n<meta property=\"og:title\" content=\"Samtal med dj\u00e4vulen. - \u00c5ke Bonnier\" \/>\n<meta property=\"og:description\" content=\"Den titeln har en nyutkommen bok av Inger Edelfeldt (Nordstedts f\u00f6rlag) &#8211; en bok v\u00e4l v\u00e4rd att l\u00e4sas. Den handlar om ett samtal mellan en diakon i Svenska kyrkan och en medlem i en frikyrkof\u00f6rsamling. Boken handlar om biblisk fundamentalism kontra mer liberal teologi p\u00e5 gr\u00e4nsen till ( i mitt tycke) f\u00f6r liberal teologi. Men [&hellip;]\" \/>\n<meta property=\"og:url\" content=\"https:\/\/blogg.svenskakyrkan.se\/akebonnier\/2010\/09\/06\/samtal-med-djavulen\/\" \/>\n<meta property=\"og:site_name\" content=\"\u00c5ke Bonnier\" \/>\n<meta property=\"article:published_time\" content=\"2010-09-06T20:06:00+00:00\" \/>\n<meta property=\"og:image\" content=\"https:\/\/blogger.googleusercontent.com\/tracker\/9055441369901436026-4767055515493506900?l=akebonnier.blogspot.com\" \/>\n<meta name=\"author\" content=\"\u00c5ke Bonnier\" \/>\n<meta name=\"twitter:card\" content=\"summary_large_image\" \/>\n<meta name=\"twitter:label1\" content=\"Skriven av\" \/>\n\t<meta name=\"twitter:data1\" content=\"\u00c5ke Bonnier\" \/>\n\t<meta name=\"twitter:label2\" content=\"Ber\u00e4knad l\u00e4stid\" \/>\n\t<meta name=\"twitter:data2\" content=\"2 minuter\" \/>\n<script type=\"application\/ld+json\" class=\"yoast-schema-graph\">{\"@context\":\"https:\/\/schema.org\",\"@graph\":[{\"@type\":\"Article\",\"@id\":\"https:\/\/blogg.svenskakyrkan.se\/akebonnier\/2010\/09\/06\/samtal-med-djavulen\/#article\",\"isPartOf\":{\"@id\":\"https:\/\/blogg.svenskakyrkan.se\/akebonnier\/2010\/09\/06\/samtal-med-djavulen\/\"},\"author\":{\"name\":\"\u00c5ke Bonnier\",\"@id\":\"https:\/\/blogg.svenskakyrkan.se\/akebonnier\/#\/schema\/person\/8db68bc0c94f6a5a62df2d4486ff1343\"},\"headline\":\"Samtal med dj\u00e4vulen.\",\"datePublished\":\"2010-09-06T20:06:00+00:00\",\"mainEntityOfPage\":{\"@id\":\"https:\/\/blogg.svenskakyrkan.se\/akebonnier\/2010\/09\/06\/samtal-med-djavulen\/\"},\"wordCount\":496,\"commentCount\":33,\"image\":{\"@id\":\"https:\/\/blogg.svenskakyrkan.se\/akebonnier\/2010\/09\/06\/samtal-med-djavulen\/#primaryimage\"},\"thumbnailUrl\":\"https:\/\/blogger.googleusercontent.com\/tracker\/9055441369901436026-4767055515493506900?l=akebonnier.blogspot.com\",\"articleSection\":[\"Samtal med dj\u00e4vulen\"],\"inLanguage\":\"sv-SE\",\"potentialAction\":[{\"@type\":\"CommentAction\",\"name\":\"Comment\",\"target\":[\"https:\/\/blogg.svenskakyrkan.se\/akebonnier\/2010\/09\/06\/samtal-med-djavulen\/#respond\"]}]},{\"@type\":\"WebPage\",\"@id\":\"https:\/\/blogg.svenskakyrkan.se\/akebonnier\/2010\/09\/06\/samtal-med-djavulen\/\",\"url\":\"https:\/\/blogg.svenskakyrkan.se\/akebonnier\/2010\/09\/06\/samtal-med-djavulen\/\",\"name\":\"Samtal med dj\u00e4vulen. - \u00c5ke Bonnier\",\"isPartOf\":{\"@id\":\"https:\/\/blogg.svenskakyrkan.se\/akebonnier\/#website\"},\"primaryImageOfPage\":{\"@id\":\"https:\/\/blogg.svenskakyrkan.se\/akebonnier\/2010\/09\/06\/samtal-med-djavulen\/#primaryimage\"},\"image\":{\"@id\":\"https:\/\/blogg.svenskakyrkan.se\/akebonnier\/2010\/09\/06\/samtal-med-djavulen\/#primaryimage\"},\"thumbnailUrl\":\"https:\/\/blogger.googleusercontent.com\/tracker\/9055441369901436026-4767055515493506900?l=akebonnier.blogspot.com\",\"datePublished\":\"2010-09-06T20:06:00+00:00\",\"author\":{\"@id\":\"https:\/\/blogg.svenskakyrkan.se\/akebonnier\/#\/schema\/person\/8db68bc0c94f6a5a62df2d4486ff1343\"},\"breadcrumb\":{\"@id\":\"https:\/\/blogg.svenskakyrkan.se\/akebonnier\/2010\/09\/06\/samtal-med-djavulen\/#breadcrumb\"},\"inLanguage\":\"sv-SE\",\"potentialAction\":[{\"@type\":\"ReadAction\",\"target\":[\"https:\/\/blogg.svenskakyrkan.se\/akebonnier\/2010\/09\/06\/samtal-med-djavulen\/\"]}]},{\"@type\":\"ImageObject\",\"inLanguage\":\"sv-SE\",\"@id\":\"https:\/\/blogg.svenskakyrkan.se\/akebonnier\/2010\/09\/06\/samtal-med-djavulen\/#primaryimage\",\"url\":\"https:\/\/blogger.googleusercontent.com\/tracker\/9055441369901436026-4767055515493506900?l=akebonnier.blogspot.com\",\"contentUrl\":\"https:\/\/blogger.googleusercontent.com\/tracker\/9055441369901436026-4767055515493506900?l=akebonnier.blogspot.com\"},{\"@type\":\"BreadcrumbList\",\"@id\":\"https:\/\/blogg.svenskakyrkan.se\/akebonnier\/2010\/09\/06\/samtal-med-djavulen\/#breadcrumb\",\"itemListElement\":[{\"@type\":\"ListItem\",\"position\":1,\"name\":\"Hem\",\"item\":\"https:\/\/blogg.svenskakyrkan.se\/akebonnier\/\"},{\"@type\":\"ListItem\",\"position\":2,\"name\":\"Samtal med dj\u00e4vulen.\"}]},{\"@type\":\"WebSite\",\"@id\":\"https:\/\/blogg.svenskakyrkan.se\/akebonnier\/#website\",\"url\":\"https:\/\/blogg.svenskakyrkan.se\/akebonnier\/\",\"name\":\"\u00c5ke Bonnier\",\"description\":\"Biskop i Svenska kyrkan - Skara stift\",\"potentialAction\":[{\"@type\":\"SearchAction\",\"target\":{\"@type\":\"EntryPoint\",\"urlTemplate\":\"https:\/\/blogg.svenskakyrkan.se\/akebonnier\/?s={search_term_string}\"},\"query-input\":{\"@type\":\"PropertyValueSpecification\",\"valueRequired\":true,\"valueName\":\"search_term_string\"}}],\"inLanguage\":\"sv-SE\"},{\"@type\":\"Person\",\"@id\":\"https:\/\/blogg.svenskakyrkan.se\/akebonnier\/#\/schema\/person\/8db68bc0c94f6a5a62df2d4486ff1343\",\"name\":\"\u00c5ke Bonnier\",\"image\":{\"@type\":\"ImageObject\",\"inLanguage\":\"sv-SE\",\"@id\":\"https:\/\/blogg.svenskakyrkan.se\/akebonnier\/#\/schema\/person\/image\/\",\"url\":\"https:\/\/secure.gravatar.com\/avatar\/b88264736bb0bc0d1ea92298aef02c9f98cfc13c7484130c42c663ae484f9462?s=96&d=mm&r=g\",\"contentUrl\":\"https:\/\/secure.gravatar.com\/avatar\/b88264736bb0bc0d1ea92298aef02c9f98cfc13c7484130c42c663ae484f9462?s=96&d=mm&r=g\",\"caption\":\"\u00c5ke Bonnier\"},\"description\":\"Jag \u00e4r gift och har tv\u00e5 vuxna d\u00f6ttrar. Pr\u00e4stvigdes 1984 och biskopsvigs 26 augusti 2012 . Jag har tidigare bland annat varit, komminister och kyrkoherde i Liding\u00f6 f\u00f6rsamling och domprost i Stockholms domkyrkof\u00f6rsamling. Jag \u00e4r intresserad av konst, litteratur, teater, film. Jag tr\u00e4nar regelbundet p\u00e5 gym. Mitt huvudsakliga musikintresse \u00e4r klassisk musik men ocks\u00e5 Beatles, Elvis Presley, Monika Zettelund, Povel Ramel och m\u00e5nga andra tycker jag om att lyssna p\u00e5. Jag l\u00e4ser f\u00f6r lite sk\u00f6nlitteratur beroende p\u00e5 annat som jag m\u00e5ste l\u00e4sa i mitt uppdrag som biskop. Men jag \u00e4lskar b\u00f6cker. Naturligtvis l\u00e4ser jag n\u00e4st intill dagligdags i \\\"B\u00f6ckernas Bok.\\\"\",\"sameAs\":[\"http:\/\/www.skarastift.se\"],\"url\":\"https:\/\/blogg.svenskakyrkan.se\/akebonnier\/author\/akebonnier\/\"}]}<\/script>\n<!-- \/ Yoast SEO plugin. -->","yoast_head_json":{"title":"Samtal med dj\u00e4vulen. - \u00c5ke Bonnier","robots":{"index":"index","follow":"follow","max-snippet":"max-snippet:-1","max-image-preview":"max-image-preview:large","max-video-preview":"max-video-preview:-1"},"canonical":"https:\/\/blogg.svenskakyrkan.se\/akebonnier\/2010\/09\/06\/samtal-med-djavulen\/","og_locale":"sv_SE","og_type":"article","og_title":"Samtal med dj\u00e4vulen. - \u00c5ke Bonnier","og_description":"Den titeln har en nyutkommen bok av Inger Edelfeldt (Nordstedts f\u00f6rlag) &#8211; en bok v\u00e4l v\u00e4rd att l\u00e4sas. Den handlar om ett samtal mellan en diakon i Svenska kyrkan och en medlem i en frikyrkof\u00f6rsamling. Boken handlar om biblisk fundamentalism kontra mer liberal teologi p\u00e5 gr\u00e4nsen till ( i mitt tycke) f\u00f6r liberal teologi. Men [&hellip;]","og_url":"https:\/\/blogg.svenskakyrkan.se\/akebonnier\/2010\/09\/06\/samtal-med-djavulen\/","og_site_name":"\u00c5ke Bonnier","article_published_time":"2010-09-06T20:06:00+00:00","og_image":[{"url":"https:\/\/blogger.googleusercontent.com\/tracker\/9055441369901436026-4767055515493506900?l=akebonnier.blogspot.com","type":"","width":"","height":""}],"author":"\u00c5ke Bonnier","twitter_card":"summary_large_image","twitter_misc":{"Skriven av":"\u00c5ke Bonnier","Ber\u00e4knad l\u00e4stid":"2 minuter"},"schema":{"@context":"https:\/\/schema.org","@graph":[{"@type":"Article","@id":"https:\/\/blogg.svenskakyrkan.se\/akebonnier\/2010\/09\/06\/samtal-med-djavulen\/#article","isPartOf":{"@id":"https:\/\/blogg.svenskakyrkan.se\/akebonnier\/2010\/09\/06\/samtal-med-djavulen\/"},"author":{"name":"\u00c5ke Bonnier","@id":"https:\/\/blogg.svenskakyrkan.se\/akebonnier\/#\/schema\/person\/8db68bc0c94f6a5a62df2d4486ff1343"},"headline":"Samtal med dj\u00e4vulen.","datePublished":"2010-09-06T20:06:00+00:00","mainEntityOfPage":{"@id":"https:\/\/blogg.svenskakyrkan.se\/akebonnier\/2010\/09\/06\/samtal-med-djavulen\/"},"wordCount":496,"commentCount":33,"image":{"@id":"https:\/\/blogg.svenskakyrkan.se\/akebonnier\/2010\/09\/06\/samtal-med-djavulen\/#primaryimage"},"thumbnailUrl":"https:\/\/blogger.googleusercontent.com\/tracker\/9055441369901436026-4767055515493506900?l=akebonnier.blogspot.com","articleSection":["Samtal med dj\u00e4vulen"],"inLanguage":"sv-SE","potentialAction":[{"@type":"CommentAction","name":"Comment","target":["https:\/\/blogg.svenskakyrkan.se\/akebonnier\/2010\/09\/06\/samtal-med-djavulen\/#respond"]}]},{"@type":"WebPage","@id":"https:\/\/blogg.svenskakyrkan.se\/akebonnier\/2010\/09\/06\/samtal-med-djavulen\/","url":"https:\/\/blogg.svenskakyrkan.se\/akebonnier\/2010\/09\/06\/samtal-med-djavulen\/","name":"Samtal med dj\u00e4vulen. - \u00c5ke Bonnier","isPartOf":{"@id":"https:\/\/blogg.svenskakyrkan.se\/akebonnier\/#website"},"primaryImageOfPage":{"@id":"https:\/\/blogg.svenskakyrkan.se\/akebonnier\/2010\/09\/06\/samtal-med-djavulen\/#primaryimage"},"image":{"@id":"https:\/\/blogg.svenskakyrkan.se\/akebonnier\/2010\/09\/06\/samtal-med-djavulen\/#primaryimage"},"thumbnailUrl":"https:\/\/blogger.googleusercontent.com\/tracker\/9055441369901436026-4767055515493506900?l=akebonnier.blogspot.com","datePublished":"2010-09-06T20:06:00+00:00","author":{"@id":"https:\/\/blogg.svenskakyrkan.se\/akebonnier\/#\/schema\/person\/8db68bc0c94f6a5a62df2d4486ff1343"},"breadcrumb":{"@id":"https:\/\/blogg.svenskakyrkan.se\/akebonnier\/2010\/09\/06\/samtal-med-djavulen\/#breadcrumb"},"inLanguage":"sv-SE","potentialAction":[{"@type":"ReadAction","target":["https:\/\/blogg.svenskakyrkan.se\/akebonnier\/2010\/09\/06\/samtal-med-djavulen\/"]}]},{"@type":"ImageObject","inLanguage":"sv-SE","@id":"https:\/\/blogg.svenskakyrkan.se\/akebonnier\/2010\/09\/06\/samtal-med-djavulen\/#primaryimage","url":"https:\/\/blogger.googleusercontent.com\/tracker\/9055441369901436026-4767055515493506900?l=akebonnier.blogspot.com","contentUrl":"https:\/\/blogger.googleusercontent.com\/tracker\/9055441369901436026-4767055515493506900?l=akebonnier.blogspot.com"},{"@type":"BreadcrumbList","@id":"https:\/\/blogg.svenskakyrkan.se\/akebonnier\/2010\/09\/06\/samtal-med-djavulen\/#breadcrumb","itemListElement":[{"@type":"ListItem","position":1,"name":"Hem","item":"https:\/\/blogg.svenskakyrkan.se\/akebonnier\/"},{"@type":"ListItem","position":2,"name":"Samtal med dj\u00e4vulen."}]},{"@type":"WebSite","@id":"https:\/\/blogg.svenskakyrkan.se\/akebonnier\/#website","url":"https:\/\/blogg.svenskakyrkan.se\/akebonnier\/","name":"\u00c5ke Bonnier","description":"Biskop i Svenska kyrkan - Skara stift","potentialAction":[{"@type":"SearchAction","target":{"@type":"EntryPoint","urlTemplate":"https:\/\/blogg.svenskakyrkan.se\/akebonnier\/?s={search_term_string}"},"query-input":{"@type":"PropertyValueSpecification","valueRequired":true,"valueName":"search_term_string"}}],"inLanguage":"sv-SE"},{"@type":"Person","@id":"https:\/\/blogg.svenskakyrkan.se\/akebonnier\/#\/schema\/person\/8db68bc0c94f6a5a62df2d4486ff1343","name":"\u00c5ke Bonnier","image":{"@type":"ImageObject","inLanguage":"sv-SE","@id":"https:\/\/blogg.svenskakyrkan.se\/akebonnier\/#\/schema\/person\/image\/","url":"https:\/\/secure.gravatar.com\/avatar\/b88264736bb0bc0d1ea92298aef02c9f98cfc13c7484130c42c663ae484f9462?s=96&d=mm&r=g","contentUrl":"https:\/\/secure.gravatar.com\/avatar\/b88264736bb0bc0d1ea92298aef02c9f98cfc13c7484130c42c663ae484f9462?s=96&d=mm&r=g","caption":"\u00c5ke Bonnier"},"description":"Jag \u00e4r gift och har tv\u00e5 vuxna d\u00f6ttrar. Pr\u00e4stvigdes 1984 och biskopsvigs 26 augusti 2012 . Jag har tidigare bland annat varit, komminister och kyrkoherde i Liding\u00f6 f\u00f6rsamling och domprost i Stockholms domkyrkof\u00f6rsamling. Jag \u00e4r intresserad av konst, litteratur, teater, film. Jag tr\u00e4nar regelbundet p\u00e5 gym. Mitt huvudsakliga musikintresse \u00e4r klassisk musik men ocks\u00e5 Beatles, Elvis Presley, Monika Zettelund, Povel Ramel och m\u00e5nga andra tycker jag om att lyssna p\u00e5. Jag l\u00e4ser f\u00f6r lite sk\u00f6nlitteratur beroende p\u00e5 annat som jag m\u00e5ste l\u00e4sa i mitt uppdrag som biskop. Men jag \u00e4lskar b\u00f6cker. Naturligtvis l\u00e4ser jag n\u00e4st intill dagligdags i \"B\u00f6ckernas Bok.\"","sameAs":["http:\/\/www.skarastift.se"],"url":"https:\/\/blogg.svenskakyrkan.se\/akebonnier\/author\/akebonnier\/"}]}},"author_meta":{"ID":"108","user_nicename":"akebonnier","user_url":"http:\/\/www.skarastift.se","user_registered":"2011-10-11 09:24:48","display_name":"\u00c5ke Bonnier","first_name":"\u00c5ke","last_name":"Bonnier","avatar":"https:\/\/secure.gravatar.com\/avatar\/b88264736bb0bc0d1ea92298aef02c9f98cfc13c7484130c42c663ae484f9462?s=96&d=mm&r=g"},"featured_image":false,"bloginfo":{"name":"\u00c5ke Bonnier","url":"https:\/\/blogg.svenskakyrkan.se\/akebonnier"},"_links":{"self":[{"href":"https:\/\/blogg.svenskakyrkan.se\/akebonnier\/wp-json\/wp\/v2\/posts\/444","targetHints":{"allow":["GET"]}}],"collection":[{"href":"https:\/\/blogg.svenskakyrkan.se\/akebonnier\/wp-json\/wp\/v2\/posts"}],"about":[{"href":"https:\/\/blogg.svenskakyrkan.se\/akebonnier\/wp-json\/wp\/v2\/types\/post"}],"author":[{"embeddable":true,"href":"https:\/\/blogg.svenskakyrkan.se\/akebonnier\/wp-json\/wp\/v2\/users\/108"}],"replies":[{"embeddable":true,"href":"https:\/\/blogg.svenskakyrkan.se\/akebonnier\/wp-json\/wp\/v2\/comments?post=444"}],"version-history":[{"count":0,"href":"https:\/\/blogg.svenskakyrkan.se\/akebonnier\/wp-json\/wp\/v2\/posts\/444\/revisions"}],"wp:attachment":[{"href":"https:\/\/blogg.svenskakyrkan.se\/akebonnier\/wp-json\/wp\/v2\/media?parent=444"}],"wp:term":[{"taxonomy":"category","embeddable":true,"href":"https:\/\/blogg.svenskakyrkan.se\/akebonnier\/wp-json\/wp\/v2\/categories?post=444"},{"taxonomy":"post_tag","embeddable":true,"href":"https:\/\/blogg.svenskakyrkan.se\/akebonnier\/wp-json\/wp\/v2\/tags?post=444"}],"curies":[{"name":"wp","href":"https:\/\/api.w.org\/{rel}","templated":true}]}}