{"id":447,"date":"2010-09-16T16:02:00","date_gmt":"2010-09-16T16:02:00","guid":{"rendered":"http:\/\/blogg.svenskakyrkan.se\/akebonnier\/2010\/09\/16\/glom-inte-att-rosta-pa-sondag\/"},"modified":"2010-09-16T16:02:00","modified_gmt":"2010-09-16T16:02:00","slug":"glom-inte-att-rosta-pa-sondag","status":"publish","type":"post","link":"https:\/\/blogg.svenskakyrkan.se\/akebonnier\/2010\/09\/16\/glom-inte-att-rosta-pa-sondag\/","title":{"rendered":"Gl\u00f6m inte att r\u00f6sta p\u00e5 s\u00f6ndag!"},"content":{"rendered":"<p>Jo, det \u00e4r viktigt att alla vi som har r\u00f6str\u00e4tt g\u00e5r iv\u00e4g (i den m\u00e5n det inte redan \u00e4r gjort) och r\u00f6star p\u00e5 s\u00f6ndag! Och r\u00f6sta d\u00e5 p\u00e5 n\u00e5got av de partier som redan sitter i riksdagen &#8211; inte p\u00e5 n\u00e5got annat. Ni f\u00f6rst\u00e5r s\u00e4kert vad jag menar. Det \u00e4r viktigt med en regering som v\u00e4rnar om ett multikulturellt och faktiskt ocks\u00e5 multireligi\u00f6st Sverige d\u00e4r jag som kristen fullt ut f\u00e5r leva min kristna tro och mina judiska och muslimska systrar och br\u00f6der f\u00e5r leva sin tro. L\u00e5t oss v\u00e4rna och arbeta f\u00f6r \u00e4n en mer \u00f6ppen och gener\u00f6s flyktingpolitik. Jag har skrivit det f\u00f6rut och jag skriver  det igen: Vi har r\u00e5d! Sverige har r\u00e5d att vara gener\u00f6s. Vi har r\u00e5d att b\u00e5de dansa kring midsommarst\u00e5ng och fira Ramadan, att fira jul och fira Chanukka. Jag \u00e4r stolt \u00f6ver att vara en bek\u00e4nnande kristen i en stad och ett land d\u00e4r andra religi\u00f6sa ut\u00f6vare och ateister kan f\u00e5 leva sin \u00f6vertygelse helt och fullt i respekt f\u00f6r olikt\u00e4nkande. L\u00e5t oss v\u00e4rna om detta och r\u00f6sta r\u00e4tt p\u00e5 s\u00f6ndag!<\/p>\n<p>I \u00f6vrigt vill jag tacka Elisabeth Sandlund f\u00f6r din utm\u00e4rkta utveckling av tidningen Dagen. Jag s\u00f6rjer \u00f6ver att Du p gr av omorganisation och \u00e4garfr\u00e5gor byter roll och blir skribent och opinionsbildare ist\u00e4llet! Men jag gl\u00e4ds \u00f6ver att Du \u00e4r kvar \u00e4ven om vi inte alltid har samma \u00e5sikter. Men vem har man det med! Tack Elisabeth! Det blir sp\u00e4nnande att f\u00f6lja Dagen och se vad som h\u00e4nder.<\/p>\n<div class=\"blogger-post-footer\"><img width='1' height='1' src='https:\/\/blogger.googleusercontent.com\/tracker\/9055441369901436026-4905743069110373969?l=akebonnier.blogspot.com' alt='' \/><\/div>\n","protected":false},"excerpt":{"rendered":"<p>Jo, det \u00e4r viktigt att alla vi som har r\u00f6str\u00e4tt g\u00e5r iv\u00e4g (i den m\u00e5n det inte redan \u00e4r gjort) och r\u00f6star p\u00e5 s\u00f6ndag! Och r\u00f6sta d\u00e5 p\u00e5 n\u00e5got av de partier som redan sitter i riksdagen &#8211; inte p\u00e5 n\u00e5got annat. Ni f\u00f6rst\u00e5r s\u00e4kert vad jag menar. Det \u00e4r viktigt med en regering som [&hellip;]<\/p>\n","protected":false},"author":108,"featured_media":0,"comment_status":"open","ping_status":"open","sticky":false,"template":"","format":"standard","meta":{"_acf_changed":false,"footnotes":""},"categories":[16422],"tags":[],"class_list":["post-447","post","type-post","status-publish","format-standard","hentry","category-glom-inte-att-rosta-pa-sondag"],"acf":[],"yoast_head":"<!-- This site is optimized with the Yoast SEO plugin v27.1.1 - https:\/\/yoast.com\/product\/yoast-seo-wordpress\/ -->\n<title>Gl\u00f6m inte att r\u00f6sta p\u00e5 s\u00f6ndag! - \u00c5ke Bonnier<\/title>\n<meta name=\"robots\" content=\"index, follow, max-snippet:-1, max-image-preview:large, max-video-preview:-1\" \/>\n<link rel=\"canonical\" href=\"https:\/\/blogg.svenskakyrkan.se\/akebonnier\/2010\/09\/16\/glom-inte-att-rosta-pa-sondag\/\" \/>\n<meta property=\"og:locale\" content=\"sv_SE\" \/>\n<meta property=\"og:type\" content=\"article\" \/>\n<meta property=\"og:title\" content=\"Gl\u00f6m inte att r\u00f6sta p\u00e5 s\u00f6ndag! - \u00c5ke Bonnier\" \/>\n<meta property=\"og:description\" content=\"Jo, det \u00e4r viktigt att alla vi som har r\u00f6str\u00e4tt g\u00e5r iv\u00e4g (i den m\u00e5n det inte redan \u00e4r gjort) och r\u00f6star p\u00e5 s\u00f6ndag! Och r\u00f6sta d\u00e5 p\u00e5 n\u00e5got av de partier som redan sitter i riksdagen &#8211; inte p\u00e5 n\u00e5got annat. Ni f\u00f6rst\u00e5r s\u00e4kert vad jag menar. Det \u00e4r viktigt med en regering som [&hellip;]\" \/>\n<meta property=\"og:url\" content=\"https:\/\/blogg.svenskakyrkan.se\/akebonnier\/2010\/09\/16\/glom-inte-att-rosta-pa-sondag\/\" \/>\n<meta property=\"og:site_name\" content=\"\u00c5ke Bonnier\" \/>\n<meta property=\"article:published_time\" content=\"2010-09-16T16:02:00+00:00\" \/>\n<meta property=\"og:image\" content=\"https:\/\/blogger.googleusercontent.com\/tracker\/9055441369901436026-4905743069110373969?l=akebonnier.blogspot.com\" \/>\n<meta name=\"author\" content=\"\u00c5ke Bonnier\" \/>\n<meta name=\"twitter:card\" content=\"summary_large_image\" \/>\n<meta name=\"twitter:label1\" content=\"Skriven av\" \/>\n\t<meta name=\"twitter:data1\" content=\"\u00c5ke Bonnier\" \/>\n\t<meta name=\"twitter:label2\" content=\"Ber\u00e4knad l\u00e4stid\" \/>\n\t<meta name=\"twitter:data2\" content=\"1 minut\" \/>\n<script type=\"application\/ld+json\" class=\"yoast-schema-graph\">{\"@context\":\"https:\/\/schema.org\",\"@graph\":[{\"@type\":\"Article\",\"@id\":\"https:\/\/blogg.svenskakyrkan.se\/akebonnier\/2010\/09\/16\/glom-inte-att-rosta-pa-sondag\/#article\",\"isPartOf\":{\"@id\":\"https:\/\/blogg.svenskakyrkan.se\/akebonnier\/2010\/09\/16\/glom-inte-att-rosta-pa-sondag\/\"},\"author\":{\"name\":\"\u00c5ke Bonnier\",\"@id\":\"https:\/\/blogg.svenskakyrkan.se\/akebonnier\/#\/schema\/person\/8db68bc0c94f6a5a62df2d4486ff1343\"},\"headline\":\"Gl\u00f6m inte att r\u00f6sta p\u00e5 s\u00f6ndag!\",\"datePublished\":\"2010-09-16T16:02:00+00:00\",\"mainEntityOfPage\":{\"@id\":\"https:\/\/blogg.svenskakyrkan.se\/akebonnier\/2010\/09\/16\/glom-inte-att-rosta-pa-sondag\/\"},\"wordCount\":306,\"commentCount\":2,\"image\":{\"@id\":\"https:\/\/blogg.svenskakyrkan.se\/akebonnier\/2010\/09\/16\/glom-inte-att-rosta-pa-sondag\/#primaryimage\"},\"thumbnailUrl\":\"https:\/\/blogger.googleusercontent.com\/tracker\/9055441369901436026-4905743069110373969?l=akebonnier.blogspot.com\",\"articleSection\":[\"Gl\u00f6m inte att r\u00f6sta p\u00e5 s\u00f6ndag\"],\"inLanguage\":\"sv-SE\",\"potentialAction\":[{\"@type\":\"CommentAction\",\"name\":\"Comment\",\"target\":[\"https:\/\/blogg.svenskakyrkan.se\/akebonnier\/2010\/09\/16\/glom-inte-att-rosta-pa-sondag\/#respond\"]}]},{\"@type\":\"WebPage\",\"@id\":\"https:\/\/blogg.svenskakyrkan.se\/akebonnier\/2010\/09\/16\/glom-inte-att-rosta-pa-sondag\/\",\"url\":\"https:\/\/blogg.svenskakyrkan.se\/akebonnier\/2010\/09\/16\/glom-inte-att-rosta-pa-sondag\/\",\"name\":\"Gl\u00f6m inte att r\u00f6sta p\u00e5 s\u00f6ndag! - \u00c5ke Bonnier\",\"isPartOf\":{\"@id\":\"https:\/\/blogg.svenskakyrkan.se\/akebonnier\/#website\"},\"primaryImageOfPage\":{\"@id\":\"https:\/\/blogg.svenskakyrkan.se\/akebonnier\/2010\/09\/16\/glom-inte-att-rosta-pa-sondag\/#primaryimage\"},\"image\":{\"@id\":\"https:\/\/blogg.svenskakyrkan.se\/akebonnier\/2010\/09\/16\/glom-inte-att-rosta-pa-sondag\/#primaryimage\"},\"thumbnailUrl\":\"https:\/\/blogger.googleusercontent.com\/tracker\/9055441369901436026-4905743069110373969?l=akebonnier.blogspot.com\",\"datePublished\":\"2010-09-16T16:02:00+00:00\",\"author\":{\"@id\":\"https:\/\/blogg.svenskakyrkan.se\/akebonnier\/#\/schema\/person\/8db68bc0c94f6a5a62df2d4486ff1343\"},\"breadcrumb\":{\"@id\":\"https:\/\/blogg.svenskakyrkan.se\/akebonnier\/2010\/09\/16\/glom-inte-att-rosta-pa-sondag\/#breadcrumb\"},\"inLanguage\":\"sv-SE\",\"potentialAction\":[{\"@type\":\"ReadAction\",\"target\":[\"https:\/\/blogg.svenskakyrkan.se\/akebonnier\/2010\/09\/16\/glom-inte-att-rosta-pa-sondag\/\"]}]},{\"@type\":\"ImageObject\",\"inLanguage\":\"sv-SE\",\"@id\":\"https:\/\/blogg.svenskakyrkan.se\/akebonnier\/2010\/09\/16\/glom-inte-att-rosta-pa-sondag\/#primaryimage\",\"url\":\"https:\/\/blogger.googleusercontent.com\/tracker\/9055441369901436026-4905743069110373969?l=akebonnier.blogspot.com\",\"contentUrl\":\"https:\/\/blogger.googleusercontent.com\/tracker\/9055441369901436026-4905743069110373969?l=akebonnier.blogspot.com\"},{\"@type\":\"BreadcrumbList\",\"@id\":\"https:\/\/blogg.svenskakyrkan.se\/akebonnier\/2010\/09\/16\/glom-inte-att-rosta-pa-sondag\/#breadcrumb\",\"itemListElement\":[{\"@type\":\"ListItem\",\"position\":1,\"name\":\"Hem\",\"item\":\"https:\/\/blogg.svenskakyrkan.se\/akebonnier\/\"},{\"@type\":\"ListItem\",\"position\":2,\"name\":\"Gl\u00f6m inte att r\u00f6sta p\u00e5 s\u00f6ndag!\"}]},{\"@type\":\"WebSite\",\"@id\":\"https:\/\/blogg.svenskakyrkan.se\/akebonnier\/#website\",\"url\":\"https:\/\/blogg.svenskakyrkan.se\/akebonnier\/\",\"name\":\"\u00c5ke Bonnier\",\"description\":\"Biskop i Svenska kyrkan - Skara stift\",\"potentialAction\":[{\"@type\":\"SearchAction\",\"target\":{\"@type\":\"EntryPoint\",\"urlTemplate\":\"https:\/\/blogg.svenskakyrkan.se\/akebonnier\/?s={search_term_string}\"},\"query-input\":{\"@type\":\"PropertyValueSpecification\",\"valueRequired\":true,\"valueName\":\"search_term_string\"}}],\"inLanguage\":\"sv-SE\"},{\"@type\":\"Person\",\"@id\":\"https:\/\/blogg.svenskakyrkan.se\/akebonnier\/#\/schema\/person\/8db68bc0c94f6a5a62df2d4486ff1343\",\"name\":\"\u00c5ke Bonnier\",\"image\":{\"@type\":\"ImageObject\",\"inLanguage\":\"sv-SE\",\"@id\":\"https:\/\/blogg.svenskakyrkan.se\/akebonnier\/#\/schema\/person\/image\/\",\"url\":\"https:\/\/secure.gravatar.com\/avatar\/b88264736bb0bc0d1ea92298aef02c9f98cfc13c7484130c42c663ae484f9462?s=96&d=mm&r=g\",\"contentUrl\":\"https:\/\/secure.gravatar.com\/avatar\/b88264736bb0bc0d1ea92298aef02c9f98cfc13c7484130c42c663ae484f9462?s=96&d=mm&r=g\",\"caption\":\"\u00c5ke Bonnier\"},\"description\":\"Jag \u00e4r gift och har tv\u00e5 vuxna d\u00f6ttrar. Pr\u00e4stvigdes 1984 och biskopsvigs 26 augusti 2012 . Jag har tidigare bland annat varit, komminister och kyrkoherde i Liding\u00f6 f\u00f6rsamling och domprost i Stockholms domkyrkof\u00f6rsamling. Jag \u00e4r intresserad av konst, litteratur, teater, film. Jag tr\u00e4nar regelbundet p\u00e5 gym. Mitt huvudsakliga musikintresse \u00e4r klassisk musik men ocks\u00e5 Beatles, Elvis Presley, Monika Zettelund, Povel Ramel och m\u00e5nga andra tycker jag om att lyssna p\u00e5. Jag l\u00e4ser f\u00f6r lite sk\u00f6nlitteratur beroende p\u00e5 annat som jag m\u00e5ste l\u00e4sa i mitt uppdrag som biskop. Men jag \u00e4lskar b\u00f6cker. Naturligtvis l\u00e4ser jag n\u00e4st intill dagligdags i \\\"B\u00f6ckernas Bok.\\\"\",\"sameAs\":[\"http:\/\/www.skarastift.se\"],\"url\":\"https:\/\/blogg.svenskakyrkan.se\/akebonnier\/author\/akebonnier\/\"}]}<\/script>\n<!-- \/ Yoast SEO plugin. -->","yoast_head_json":{"title":"Gl\u00f6m inte att r\u00f6sta p\u00e5 s\u00f6ndag! - \u00c5ke Bonnier","robots":{"index":"index","follow":"follow","max-snippet":"max-snippet:-1","max-image-preview":"max-image-preview:large","max-video-preview":"max-video-preview:-1"},"canonical":"https:\/\/blogg.svenskakyrkan.se\/akebonnier\/2010\/09\/16\/glom-inte-att-rosta-pa-sondag\/","og_locale":"sv_SE","og_type":"article","og_title":"Gl\u00f6m inte att r\u00f6sta p\u00e5 s\u00f6ndag! - \u00c5ke Bonnier","og_description":"Jo, det \u00e4r viktigt att alla vi som har r\u00f6str\u00e4tt g\u00e5r iv\u00e4g (i den m\u00e5n det inte redan \u00e4r gjort) och r\u00f6star p\u00e5 s\u00f6ndag! Och r\u00f6sta d\u00e5 p\u00e5 n\u00e5got av de partier som redan sitter i riksdagen &#8211; inte p\u00e5 n\u00e5got annat. Ni f\u00f6rst\u00e5r s\u00e4kert vad jag menar. Det \u00e4r viktigt med en regering som [&hellip;]","og_url":"https:\/\/blogg.svenskakyrkan.se\/akebonnier\/2010\/09\/16\/glom-inte-att-rosta-pa-sondag\/","og_site_name":"\u00c5ke Bonnier","article_published_time":"2010-09-16T16:02:00+00:00","og_image":[{"url":"https:\/\/blogger.googleusercontent.com\/tracker\/9055441369901436026-4905743069110373969?l=akebonnier.blogspot.com","type":"","width":"","height":""}],"author":"\u00c5ke Bonnier","twitter_card":"summary_large_image","twitter_misc":{"Skriven av":"\u00c5ke Bonnier","Ber\u00e4knad l\u00e4stid":"1 minut"},"schema":{"@context":"https:\/\/schema.org","@graph":[{"@type":"Article","@id":"https:\/\/blogg.svenskakyrkan.se\/akebonnier\/2010\/09\/16\/glom-inte-att-rosta-pa-sondag\/#article","isPartOf":{"@id":"https:\/\/blogg.svenskakyrkan.se\/akebonnier\/2010\/09\/16\/glom-inte-att-rosta-pa-sondag\/"},"author":{"name":"\u00c5ke Bonnier","@id":"https:\/\/blogg.svenskakyrkan.se\/akebonnier\/#\/schema\/person\/8db68bc0c94f6a5a62df2d4486ff1343"},"headline":"Gl\u00f6m inte att r\u00f6sta p\u00e5 s\u00f6ndag!","datePublished":"2010-09-16T16:02:00+00:00","mainEntityOfPage":{"@id":"https:\/\/blogg.svenskakyrkan.se\/akebonnier\/2010\/09\/16\/glom-inte-att-rosta-pa-sondag\/"},"wordCount":306,"commentCount":2,"image":{"@id":"https:\/\/blogg.svenskakyrkan.se\/akebonnier\/2010\/09\/16\/glom-inte-att-rosta-pa-sondag\/#primaryimage"},"thumbnailUrl":"https:\/\/blogger.googleusercontent.com\/tracker\/9055441369901436026-4905743069110373969?l=akebonnier.blogspot.com","articleSection":["Gl\u00f6m inte att r\u00f6sta p\u00e5 s\u00f6ndag"],"inLanguage":"sv-SE","potentialAction":[{"@type":"CommentAction","name":"Comment","target":["https:\/\/blogg.svenskakyrkan.se\/akebonnier\/2010\/09\/16\/glom-inte-att-rosta-pa-sondag\/#respond"]}]},{"@type":"WebPage","@id":"https:\/\/blogg.svenskakyrkan.se\/akebonnier\/2010\/09\/16\/glom-inte-att-rosta-pa-sondag\/","url":"https:\/\/blogg.svenskakyrkan.se\/akebonnier\/2010\/09\/16\/glom-inte-att-rosta-pa-sondag\/","name":"Gl\u00f6m inte att r\u00f6sta p\u00e5 s\u00f6ndag! - \u00c5ke Bonnier","isPartOf":{"@id":"https:\/\/blogg.svenskakyrkan.se\/akebonnier\/#website"},"primaryImageOfPage":{"@id":"https:\/\/blogg.svenskakyrkan.se\/akebonnier\/2010\/09\/16\/glom-inte-att-rosta-pa-sondag\/#primaryimage"},"image":{"@id":"https:\/\/blogg.svenskakyrkan.se\/akebonnier\/2010\/09\/16\/glom-inte-att-rosta-pa-sondag\/#primaryimage"},"thumbnailUrl":"https:\/\/blogger.googleusercontent.com\/tracker\/9055441369901436026-4905743069110373969?l=akebonnier.blogspot.com","datePublished":"2010-09-16T16:02:00+00:00","author":{"@id":"https:\/\/blogg.svenskakyrkan.se\/akebonnier\/#\/schema\/person\/8db68bc0c94f6a5a62df2d4486ff1343"},"breadcrumb":{"@id":"https:\/\/blogg.svenskakyrkan.se\/akebonnier\/2010\/09\/16\/glom-inte-att-rosta-pa-sondag\/#breadcrumb"},"inLanguage":"sv-SE","potentialAction":[{"@type":"ReadAction","target":["https:\/\/blogg.svenskakyrkan.se\/akebonnier\/2010\/09\/16\/glom-inte-att-rosta-pa-sondag\/"]}]},{"@type":"ImageObject","inLanguage":"sv-SE","@id":"https:\/\/blogg.svenskakyrkan.se\/akebonnier\/2010\/09\/16\/glom-inte-att-rosta-pa-sondag\/#primaryimage","url":"https:\/\/blogger.googleusercontent.com\/tracker\/9055441369901436026-4905743069110373969?l=akebonnier.blogspot.com","contentUrl":"https:\/\/blogger.googleusercontent.com\/tracker\/9055441369901436026-4905743069110373969?l=akebonnier.blogspot.com"},{"@type":"BreadcrumbList","@id":"https:\/\/blogg.svenskakyrkan.se\/akebonnier\/2010\/09\/16\/glom-inte-att-rosta-pa-sondag\/#breadcrumb","itemListElement":[{"@type":"ListItem","position":1,"name":"Hem","item":"https:\/\/blogg.svenskakyrkan.se\/akebonnier\/"},{"@type":"ListItem","position":2,"name":"Gl\u00f6m inte att r\u00f6sta p\u00e5 s\u00f6ndag!"}]},{"@type":"WebSite","@id":"https:\/\/blogg.svenskakyrkan.se\/akebonnier\/#website","url":"https:\/\/blogg.svenskakyrkan.se\/akebonnier\/","name":"\u00c5ke Bonnier","description":"Biskop i Svenska kyrkan - Skara stift","potentialAction":[{"@type":"SearchAction","target":{"@type":"EntryPoint","urlTemplate":"https:\/\/blogg.svenskakyrkan.se\/akebonnier\/?s={search_term_string}"},"query-input":{"@type":"PropertyValueSpecification","valueRequired":true,"valueName":"search_term_string"}}],"inLanguage":"sv-SE"},{"@type":"Person","@id":"https:\/\/blogg.svenskakyrkan.se\/akebonnier\/#\/schema\/person\/8db68bc0c94f6a5a62df2d4486ff1343","name":"\u00c5ke Bonnier","image":{"@type":"ImageObject","inLanguage":"sv-SE","@id":"https:\/\/blogg.svenskakyrkan.se\/akebonnier\/#\/schema\/person\/image\/","url":"https:\/\/secure.gravatar.com\/avatar\/b88264736bb0bc0d1ea92298aef02c9f98cfc13c7484130c42c663ae484f9462?s=96&d=mm&r=g","contentUrl":"https:\/\/secure.gravatar.com\/avatar\/b88264736bb0bc0d1ea92298aef02c9f98cfc13c7484130c42c663ae484f9462?s=96&d=mm&r=g","caption":"\u00c5ke Bonnier"},"description":"Jag \u00e4r gift och har tv\u00e5 vuxna d\u00f6ttrar. Pr\u00e4stvigdes 1984 och biskopsvigs 26 augusti 2012 . Jag har tidigare bland annat varit, komminister och kyrkoherde i Liding\u00f6 f\u00f6rsamling och domprost i Stockholms domkyrkof\u00f6rsamling. Jag \u00e4r intresserad av konst, litteratur, teater, film. Jag tr\u00e4nar regelbundet p\u00e5 gym. Mitt huvudsakliga musikintresse \u00e4r klassisk musik men ocks\u00e5 Beatles, Elvis Presley, Monika Zettelund, Povel Ramel och m\u00e5nga andra tycker jag om att lyssna p\u00e5. Jag l\u00e4ser f\u00f6r lite sk\u00f6nlitteratur beroende p\u00e5 annat som jag m\u00e5ste l\u00e4sa i mitt uppdrag som biskop. Men jag \u00e4lskar b\u00f6cker. Naturligtvis l\u00e4ser jag n\u00e4st intill dagligdags i \"B\u00f6ckernas Bok.\"","sameAs":["http:\/\/www.skarastift.se"],"url":"https:\/\/blogg.svenskakyrkan.se\/akebonnier\/author\/akebonnier\/"}]}},"author_meta":{"ID":"108","user_nicename":"akebonnier","user_url":"http:\/\/www.skarastift.se","user_registered":"2011-10-11 09:24:48","display_name":"\u00c5ke Bonnier","first_name":"\u00c5ke","last_name":"Bonnier","avatar":"https:\/\/secure.gravatar.com\/avatar\/b88264736bb0bc0d1ea92298aef02c9f98cfc13c7484130c42c663ae484f9462?s=96&d=mm&r=g"},"featured_image":false,"bloginfo":{"name":"\u00c5ke Bonnier","url":"https:\/\/blogg.svenskakyrkan.se\/akebonnier"},"_links":{"self":[{"href":"https:\/\/blogg.svenskakyrkan.se\/akebonnier\/wp-json\/wp\/v2\/posts\/447","targetHints":{"allow":["GET"]}}],"collection":[{"href":"https:\/\/blogg.svenskakyrkan.se\/akebonnier\/wp-json\/wp\/v2\/posts"}],"about":[{"href":"https:\/\/blogg.svenskakyrkan.se\/akebonnier\/wp-json\/wp\/v2\/types\/post"}],"author":[{"embeddable":true,"href":"https:\/\/blogg.svenskakyrkan.se\/akebonnier\/wp-json\/wp\/v2\/users\/108"}],"replies":[{"embeddable":true,"href":"https:\/\/blogg.svenskakyrkan.se\/akebonnier\/wp-json\/wp\/v2\/comments?post=447"}],"version-history":[{"count":0,"href":"https:\/\/blogg.svenskakyrkan.se\/akebonnier\/wp-json\/wp\/v2\/posts\/447\/revisions"}],"wp:attachment":[{"href":"https:\/\/blogg.svenskakyrkan.se\/akebonnier\/wp-json\/wp\/v2\/media?parent=447"}],"wp:term":[{"taxonomy":"category","embeddable":true,"href":"https:\/\/blogg.svenskakyrkan.se\/akebonnier\/wp-json\/wp\/v2\/categories?post=447"},{"taxonomy":"post_tag","embeddable":true,"href":"https:\/\/blogg.svenskakyrkan.se\/akebonnier\/wp-json\/wp\/v2\/tags?post=447"}],"curies":[{"name":"wp","href":"https:\/\/api.w.org\/{rel}","templated":true}]}}