{"id":449,"date":"2010-09-19T10:54:00","date_gmt":"2010-09-19T10:54:00","guid":{"rendered":"http:\/\/blogg.svenskakyrkan.se\/akebonnier\/2010\/09\/19\/en-gudomlig-kraftkalla\/"},"modified":"2010-09-19T10:54:00","modified_gmt":"2010-09-19T10:54:00","slug":"en-gudomlig-kraftkalla","status":"publish","type":"post","link":"https:\/\/blogg.svenskakyrkan.se\/akebonnier\/2010\/09\/19\/en-gudomlig-kraftkalla\/","title":{"rendered":"En gudomlig kraftk\u00e4lla."},"content":{"rendered":"<p>Jag \u00e4r just hemkommen fr\u00e5n en av kyrkorna i mitt V\u00e4rmlandspastorat &#8211; Visnums Kils kyrka. Vi var n\u00e5gra f\u00e5 som var samlade till h\u00f6gm\u00e4ssa &#8211; ca 7 personer f\u00f6rutom vaktm\u00e4starn, kyrkomusikern och pr\u00e4sten. Men vi var d\u00e4r och vi sj\u00f6ng, bad, lyssna ill Bibeltexter och f\u00f6rkunnelse och tog emot Kristus sj\u00e4lv i br\u00f6dets och vinets gestalt och stunden och platsen var helig. Det \u00e4r klart att det alltid \u00e4r roligt att vara m\u00e5nga i gudstj\u00e4nstsammanhanget. I Storkyrkan har vi denna sommar varit fler som firat gudstj\u00e4nst \u00e4n vanligt. Drygt 130 personer har det ofta varit en vanlig sommars\u00f6ndag. Det \u00e4r fantastiskt! Men samtidigt \u00e4r inte himlen mer n\u00e4rvarande, Jesus mer n\u00e4rvarande, \u00e4n d\u00e5 det \u00e4r 7 personer + de som har betalt f\u00f6r att vara d\u00e4r. Och kanske \u00e4r det viktigaste av allt att f\u00e5 vara med om n\u00e5got d\u00e4r vi f\u00e5r ana det Heligas n\u00e4rvaro, vara p\u00e5 en plats, i ett sammanhang, uppleva och h\u00f6ra n\u00e5got som f\u00e5r en att k\u00e4nna och t\u00e4nka: <em>Hit vill jag komma tillbaka!<\/em> I dagens gudstj\u00e4nst fanns en innerlighet som betydde mycket f\u00f6r mig.<\/p>\n<p>N\u00e5gon har format f\u00f6ljande p\u00e5st\u00e5ende: &#8221;Stoppa pl\u00e5gsamma gudstj\u00e4nstf\u00f6rs\u00f6k!&#8221; Det uplevde jag inte idag. Tack till pastorsadjunkten, musikern, s\u00e5ngsolisten och vaktm\u00e4staren som bidrog till allt det n\u00e4mnda!<\/p>\n<p>Gudstj\u00e4nsten blev en kraftk\u00e4lla som b\u00e4r mig vidare i dag p\u00e5 valdagen och den kommande veckan. Vi beh\u00f6ver denna typ av kraftk\u00e4llor &#8211; gudomliga kraftk\u00e4llor och d\u00e4r \u00e4r gudstj\u00e4nsten verkligen livsviktig och f\u00e5r aldrig bli n\u00e5got pl\u00e5gsamt f\u00f6rs\u00f6k.<\/p>\n<div class=\"blogger-post-footer\"><img width='1' height='1' src='https:\/\/blogger.googleusercontent.com\/tracker\/9055441369901436026-416005094472512993?l=akebonnier.blogspot.com' alt='' \/><\/div>\n","protected":false},"excerpt":{"rendered":"<p>Jag \u00e4r just hemkommen fr\u00e5n en av kyrkorna i mitt V\u00e4rmlandspastorat &#8211; Visnums Kils kyrka. Vi var n\u00e5gra f\u00e5 som var samlade till h\u00f6gm\u00e4ssa &#8211; ca 7 personer f\u00f6rutom vaktm\u00e4starn, kyrkomusikern och pr\u00e4sten. Men vi var d\u00e4r och vi sj\u00f6ng, bad, lyssna ill Bibeltexter och f\u00f6rkunnelse och tog emot Kristus sj\u00e4lv i br\u00f6dets och vinets [&hellip;]<\/p>\n","protected":false},"author":108,"featured_media":0,"comment_status":"open","ping_status":"open","sticky":false,"template":"","format":"standard","meta":{"_acf_changed":false,"footnotes":""},"categories":[16424],"tags":[],"class_list":["post-449","post","type-post","status-publish","format-standard","hentry","category-en-gudomlig-kraftkalla"],"acf":[],"yoast_head":"<!-- This site is optimized with the Yoast SEO plugin v27.1.1 - https:\/\/yoast.com\/product\/yoast-seo-wordpress\/ -->\n<title>En gudomlig kraftk\u00e4lla. - \u00c5ke Bonnier<\/title>\n<meta name=\"robots\" content=\"index, follow, max-snippet:-1, max-image-preview:large, max-video-preview:-1\" \/>\n<link rel=\"canonical\" href=\"https:\/\/blogg.svenskakyrkan.se\/akebonnier\/2010\/09\/19\/en-gudomlig-kraftkalla\/\" \/>\n<meta property=\"og:locale\" content=\"sv_SE\" \/>\n<meta property=\"og:type\" content=\"article\" \/>\n<meta property=\"og:title\" content=\"En gudomlig kraftk\u00e4lla. - \u00c5ke Bonnier\" \/>\n<meta property=\"og:description\" content=\"Jag \u00e4r just hemkommen fr\u00e5n en av kyrkorna i mitt V\u00e4rmlandspastorat &#8211; Visnums Kils kyrka. Vi var n\u00e5gra f\u00e5 som var samlade till h\u00f6gm\u00e4ssa &#8211; ca 7 personer f\u00f6rutom vaktm\u00e4starn, kyrkomusikern och pr\u00e4sten. Men vi var d\u00e4r och vi sj\u00f6ng, bad, lyssna ill Bibeltexter och f\u00f6rkunnelse och tog emot Kristus sj\u00e4lv i br\u00f6dets och vinets [&hellip;]\" \/>\n<meta property=\"og:url\" content=\"https:\/\/blogg.svenskakyrkan.se\/akebonnier\/2010\/09\/19\/en-gudomlig-kraftkalla\/\" \/>\n<meta property=\"og:site_name\" content=\"\u00c5ke Bonnier\" \/>\n<meta property=\"article:published_time\" content=\"2010-09-19T10:54:00+00:00\" \/>\n<meta property=\"og:image\" content=\"https:\/\/blogger.googleusercontent.com\/tracker\/9055441369901436026-416005094472512993?l=akebonnier.blogspot.com\" \/>\n<meta name=\"author\" content=\"\u00c5ke Bonnier\" \/>\n<meta name=\"twitter:card\" content=\"summary_large_image\" \/>\n<meta name=\"twitter:label1\" content=\"Skriven av\" \/>\n\t<meta name=\"twitter:data1\" content=\"\u00c5ke Bonnier\" \/>\n\t<meta name=\"twitter:label2\" content=\"Ber\u00e4knad l\u00e4stid\" \/>\n\t<meta name=\"twitter:data2\" content=\"1 minut\" \/>\n<script type=\"application\/ld+json\" class=\"yoast-schema-graph\">{\"@context\":\"https:\/\/schema.org\",\"@graph\":[{\"@type\":\"Article\",\"@id\":\"https:\/\/blogg.svenskakyrkan.se\/akebonnier\/2010\/09\/19\/en-gudomlig-kraftkalla\/#article\",\"isPartOf\":{\"@id\":\"https:\/\/blogg.svenskakyrkan.se\/akebonnier\/2010\/09\/19\/en-gudomlig-kraftkalla\/\"},\"author\":{\"name\":\"\u00c5ke Bonnier\",\"@id\":\"https:\/\/blogg.svenskakyrkan.se\/akebonnier\/#\/schema\/person\/8db68bc0c94f6a5a62df2d4486ff1343\"},\"headline\":\"En gudomlig kraftk\u00e4lla.\",\"datePublished\":\"2010-09-19T10:54:00+00:00\",\"mainEntityOfPage\":{\"@id\":\"https:\/\/blogg.svenskakyrkan.se\/akebonnier\/2010\/09\/19\/en-gudomlig-kraftkalla\/\"},\"wordCount\":300,\"commentCount\":2,\"image\":{\"@id\":\"https:\/\/blogg.svenskakyrkan.se\/akebonnier\/2010\/09\/19\/en-gudomlig-kraftkalla\/#primaryimage\"},\"thumbnailUrl\":\"https:\/\/blogger.googleusercontent.com\/tracker\/9055441369901436026-416005094472512993?l=akebonnier.blogspot.com\",\"articleSection\":[\"En gudomlig kraftk\u00e4lla\"],\"inLanguage\":\"sv-SE\",\"potentialAction\":[{\"@type\":\"CommentAction\",\"name\":\"Comment\",\"target\":[\"https:\/\/blogg.svenskakyrkan.se\/akebonnier\/2010\/09\/19\/en-gudomlig-kraftkalla\/#respond\"]}]},{\"@type\":\"WebPage\",\"@id\":\"https:\/\/blogg.svenskakyrkan.se\/akebonnier\/2010\/09\/19\/en-gudomlig-kraftkalla\/\",\"url\":\"https:\/\/blogg.svenskakyrkan.se\/akebonnier\/2010\/09\/19\/en-gudomlig-kraftkalla\/\",\"name\":\"En gudomlig kraftk\u00e4lla. - \u00c5ke Bonnier\",\"isPartOf\":{\"@id\":\"https:\/\/blogg.svenskakyrkan.se\/akebonnier\/#website\"},\"primaryImageOfPage\":{\"@id\":\"https:\/\/blogg.svenskakyrkan.se\/akebonnier\/2010\/09\/19\/en-gudomlig-kraftkalla\/#primaryimage\"},\"image\":{\"@id\":\"https:\/\/blogg.svenskakyrkan.se\/akebonnier\/2010\/09\/19\/en-gudomlig-kraftkalla\/#primaryimage\"},\"thumbnailUrl\":\"https:\/\/blogger.googleusercontent.com\/tracker\/9055441369901436026-416005094472512993?l=akebonnier.blogspot.com\",\"datePublished\":\"2010-09-19T10:54:00+00:00\",\"author\":{\"@id\":\"https:\/\/blogg.svenskakyrkan.se\/akebonnier\/#\/schema\/person\/8db68bc0c94f6a5a62df2d4486ff1343\"},\"breadcrumb\":{\"@id\":\"https:\/\/blogg.svenskakyrkan.se\/akebonnier\/2010\/09\/19\/en-gudomlig-kraftkalla\/#breadcrumb\"},\"inLanguage\":\"sv-SE\",\"potentialAction\":[{\"@type\":\"ReadAction\",\"target\":[\"https:\/\/blogg.svenskakyrkan.se\/akebonnier\/2010\/09\/19\/en-gudomlig-kraftkalla\/\"]}]},{\"@type\":\"ImageObject\",\"inLanguage\":\"sv-SE\",\"@id\":\"https:\/\/blogg.svenskakyrkan.se\/akebonnier\/2010\/09\/19\/en-gudomlig-kraftkalla\/#primaryimage\",\"url\":\"https:\/\/blogger.googleusercontent.com\/tracker\/9055441369901436026-416005094472512993?l=akebonnier.blogspot.com\",\"contentUrl\":\"https:\/\/blogger.googleusercontent.com\/tracker\/9055441369901436026-416005094472512993?l=akebonnier.blogspot.com\"},{\"@type\":\"BreadcrumbList\",\"@id\":\"https:\/\/blogg.svenskakyrkan.se\/akebonnier\/2010\/09\/19\/en-gudomlig-kraftkalla\/#breadcrumb\",\"itemListElement\":[{\"@type\":\"ListItem\",\"position\":1,\"name\":\"Hem\",\"item\":\"https:\/\/blogg.svenskakyrkan.se\/akebonnier\/\"},{\"@type\":\"ListItem\",\"position\":2,\"name\":\"En gudomlig kraftk\u00e4lla.\"}]},{\"@type\":\"WebSite\",\"@id\":\"https:\/\/blogg.svenskakyrkan.se\/akebonnier\/#website\",\"url\":\"https:\/\/blogg.svenskakyrkan.se\/akebonnier\/\",\"name\":\"\u00c5ke Bonnier\",\"description\":\"Biskop i Svenska kyrkan - Skara stift\",\"potentialAction\":[{\"@type\":\"SearchAction\",\"target\":{\"@type\":\"EntryPoint\",\"urlTemplate\":\"https:\/\/blogg.svenskakyrkan.se\/akebonnier\/?s={search_term_string}\"},\"query-input\":{\"@type\":\"PropertyValueSpecification\",\"valueRequired\":true,\"valueName\":\"search_term_string\"}}],\"inLanguage\":\"sv-SE\"},{\"@type\":\"Person\",\"@id\":\"https:\/\/blogg.svenskakyrkan.se\/akebonnier\/#\/schema\/person\/8db68bc0c94f6a5a62df2d4486ff1343\",\"name\":\"\u00c5ke Bonnier\",\"image\":{\"@type\":\"ImageObject\",\"inLanguage\":\"sv-SE\",\"@id\":\"https:\/\/blogg.svenskakyrkan.se\/akebonnier\/#\/schema\/person\/image\/\",\"url\":\"https:\/\/secure.gravatar.com\/avatar\/b88264736bb0bc0d1ea92298aef02c9f98cfc13c7484130c42c663ae484f9462?s=96&d=mm&r=g\",\"contentUrl\":\"https:\/\/secure.gravatar.com\/avatar\/b88264736bb0bc0d1ea92298aef02c9f98cfc13c7484130c42c663ae484f9462?s=96&d=mm&r=g\",\"caption\":\"\u00c5ke Bonnier\"},\"description\":\"Jag \u00e4r gift och har tv\u00e5 vuxna d\u00f6ttrar. Pr\u00e4stvigdes 1984 och biskopsvigs 26 augusti 2012 . Jag har tidigare bland annat varit, komminister och kyrkoherde i Liding\u00f6 f\u00f6rsamling och domprost i Stockholms domkyrkof\u00f6rsamling. Jag \u00e4r intresserad av konst, litteratur, teater, film. Jag tr\u00e4nar regelbundet p\u00e5 gym. Mitt huvudsakliga musikintresse \u00e4r klassisk musik men ocks\u00e5 Beatles, Elvis Presley, Monika Zettelund, Povel Ramel och m\u00e5nga andra tycker jag om att lyssna p\u00e5. Jag l\u00e4ser f\u00f6r lite sk\u00f6nlitteratur beroende p\u00e5 annat som jag m\u00e5ste l\u00e4sa i mitt uppdrag som biskop. Men jag \u00e4lskar b\u00f6cker. Naturligtvis l\u00e4ser jag n\u00e4st intill dagligdags i \\\"B\u00f6ckernas Bok.\\\"\",\"sameAs\":[\"http:\/\/www.skarastift.se\"],\"url\":\"https:\/\/blogg.svenskakyrkan.se\/akebonnier\/author\/akebonnier\/\"}]}<\/script>\n<!-- \/ Yoast SEO plugin. -->","yoast_head_json":{"title":"En gudomlig kraftk\u00e4lla. - \u00c5ke Bonnier","robots":{"index":"index","follow":"follow","max-snippet":"max-snippet:-1","max-image-preview":"max-image-preview:large","max-video-preview":"max-video-preview:-1"},"canonical":"https:\/\/blogg.svenskakyrkan.se\/akebonnier\/2010\/09\/19\/en-gudomlig-kraftkalla\/","og_locale":"sv_SE","og_type":"article","og_title":"En gudomlig kraftk\u00e4lla. - \u00c5ke Bonnier","og_description":"Jag \u00e4r just hemkommen fr\u00e5n en av kyrkorna i mitt V\u00e4rmlandspastorat &#8211; Visnums Kils kyrka. Vi var n\u00e5gra f\u00e5 som var samlade till h\u00f6gm\u00e4ssa &#8211; ca 7 personer f\u00f6rutom vaktm\u00e4starn, kyrkomusikern och pr\u00e4sten. Men vi var d\u00e4r och vi sj\u00f6ng, bad, lyssna ill Bibeltexter och f\u00f6rkunnelse och tog emot Kristus sj\u00e4lv i br\u00f6dets och vinets [&hellip;]","og_url":"https:\/\/blogg.svenskakyrkan.se\/akebonnier\/2010\/09\/19\/en-gudomlig-kraftkalla\/","og_site_name":"\u00c5ke Bonnier","article_published_time":"2010-09-19T10:54:00+00:00","og_image":[{"url":"https:\/\/blogger.googleusercontent.com\/tracker\/9055441369901436026-416005094472512993?l=akebonnier.blogspot.com","type":"","width":"","height":""}],"author":"\u00c5ke Bonnier","twitter_card":"summary_large_image","twitter_misc":{"Skriven av":"\u00c5ke Bonnier","Ber\u00e4knad l\u00e4stid":"1 minut"},"schema":{"@context":"https:\/\/schema.org","@graph":[{"@type":"Article","@id":"https:\/\/blogg.svenskakyrkan.se\/akebonnier\/2010\/09\/19\/en-gudomlig-kraftkalla\/#article","isPartOf":{"@id":"https:\/\/blogg.svenskakyrkan.se\/akebonnier\/2010\/09\/19\/en-gudomlig-kraftkalla\/"},"author":{"name":"\u00c5ke Bonnier","@id":"https:\/\/blogg.svenskakyrkan.se\/akebonnier\/#\/schema\/person\/8db68bc0c94f6a5a62df2d4486ff1343"},"headline":"En gudomlig kraftk\u00e4lla.","datePublished":"2010-09-19T10:54:00+00:00","mainEntityOfPage":{"@id":"https:\/\/blogg.svenskakyrkan.se\/akebonnier\/2010\/09\/19\/en-gudomlig-kraftkalla\/"},"wordCount":300,"commentCount":2,"image":{"@id":"https:\/\/blogg.svenskakyrkan.se\/akebonnier\/2010\/09\/19\/en-gudomlig-kraftkalla\/#primaryimage"},"thumbnailUrl":"https:\/\/blogger.googleusercontent.com\/tracker\/9055441369901436026-416005094472512993?l=akebonnier.blogspot.com","articleSection":["En gudomlig kraftk\u00e4lla"],"inLanguage":"sv-SE","potentialAction":[{"@type":"CommentAction","name":"Comment","target":["https:\/\/blogg.svenskakyrkan.se\/akebonnier\/2010\/09\/19\/en-gudomlig-kraftkalla\/#respond"]}]},{"@type":"WebPage","@id":"https:\/\/blogg.svenskakyrkan.se\/akebonnier\/2010\/09\/19\/en-gudomlig-kraftkalla\/","url":"https:\/\/blogg.svenskakyrkan.se\/akebonnier\/2010\/09\/19\/en-gudomlig-kraftkalla\/","name":"En gudomlig kraftk\u00e4lla. - \u00c5ke Bonnier","isPartOf":{"@id":"https:\/\/blogg.svenskakyrkan.se\/akebonnier\/#website"},"primaryImageOfPage":{"@id":"https:\/\/blogg.svenskakyrkan.se\/akebonnier\/2010\/09\/19\/en-gudomlig-kraftkalla\/#primaryimage"},"image":{"@id":"https:\/\/blogg.svenskakyrkan.se\/akebonnier\/2010\/09\/19\/en-gudomlig-kraftkalla\/#primaryimage"},"thumbnailUrl":"https:\/\/blogger.googleusercontent.com\/tracker\/9055441369901436026-416005094472512993?l=akebonnier.blogspot.com","datePublished":"2010-09-19T10:54:00+00:00","author":{"@id":"https:\/\/blogg.svenskakyrkan.se\/akebonnier\/#\/schema\/person\/8db68bc0c94f6a5a62df2d4486ff1343"},"breadcrumb":{"@id":"https:\/\/blogg.svenskakyrkan.se\/akebonnier\/2010\/09\/19\/en-gudomlig-kraftkalla\/#breadcrumb"},"inLanguage":"sv-SE","potentialAction":[{"@type":"ReadAction","target":["https:\/\/blogg.svenskakyrkan.se\/akebonnier\/2010\/09\/19\/en-gudomlig-kraftkalla\/"]}]},{"@type":"ImageObject","inLanguage":"sv-SE","@id":"https:\/\/blogg.svenskakyrkan.se\/akebonnier\/2010\/09\/19\/en-gudomlig-kraftkalla\/#primaryimage","url":"https:\/\/blogger.googleusercontent.com\/tracker\/9055441369901436026-416005094472512993?l=akebonnier.blogspot.com","contentUrl":"https:\/\/blogger.googleusercontent.com\/tracker\/9055441369901436026-416005094472512993?l=akebonnier.blogspot.com"},{"@type":"BreadcrumbList","@id":"https:\/\/blogg.svenskakyrkan.se\/akebonnier\/2010\/09\/19\/en-gudomlig-kraftkalla\/#breadcrumb","itemListElement":[{"@type":"ListItem","position":1,"name":"Hem","item":"https:\/\/blogg.svenskakyrkan.se\/akebonnier\/"},{"@type":"ListItem","position":2,"name":"En gudomlig kraftk\u00e4lla."}]},{"@type":"WebSite","@id":"https:\/\/blogg.svenskakyrkan.se\/akebonnier\/#website","url":"https:\/\/blogg.svenskakyrkan.se\/akebonnier\/","name":"\u00c5ke Bonnier","description":"Biskop i Svenska kyrkan - Skara stift","potentialAction":[{"@type":"SearchAction","target":{"@type":"EntryPoint","urlTemplate":"https:\/\/blogg.svenskakyrkan.se\/akebonnier\/?s={search_term_string}"},"query-input":{"@type":"PropertyValueSpecification","valueRequired":true,"valueName":"search_term_string"}}],"inLanguage":"sv-SE"},{"@type":"Person","@id":"https:\/\/blogg.svenskakyrkan.se\/akebonnier\/#\/schema\/person\/8db68bc0c94f6a5a62df2d4486ff1343","name":"\u00c5ke Bonnier","image":{"@type":"ImageObject","inLanguage":"sv-SE","@id":"https:\/\/blogg.svenskakyrkan.se\/akebonnier\/#\/schema\/person\/image\/","url":"https:\/\/secure.gravatar.com\/avatar\/b88264736bb0bc0d1ea92298aef02c9f98cfc13c7484130c42c663ae484f9462?s=96&d=mm&r=g","contentUrl":"https:\/\/secure.gravatar.com\/avatar\/b88264736bb0bc0d1ea92298aef02c9f98cfc13c7484130c42c663ae484f9462?s=96&d=mm&r=g","caption":"\u00c5ke Bonnier"},"description":"Jag \u00e4r gift och har tv\u00e5 vuxna d\u00f6ttrar. Pr\u00e4stvigdes 1984 och biskopsvigs 26 augusti 2012 . Jag har tidigare bland annat varit, komminister och kyrkoherde i Liding\u00f6 f\u00f6rsamling och domprost i Stockholms domkyrkof\u00f6rsamling. Jag \u00e4r intresserad av konst, litteratur, teater, film. Jag tr\u00e4nar regelbundet p\u00e5 gym. Mitt huvudsakliga musikintresse \u00e4r klassisk musik men ocks\u00e5 Beatles, Elvis Presley, Monika Zettelund, Povel Ramel och m\u00e5nga andra tycker jag om att lyssna p\u00e5. Jag l\u00e4ser f\u00f6r lite sk\u00f6nlitteratur beroende p\u00e5 annat som jag m\u00e5ste l\u00e4sa i mitt uppdrag som biskop. Men jag \u00e4lskar b\u00f6cker. Naturligtvis l\u00e4ser jag n\u00e4st intill dagligdags i \"B\u00f6ckernas Bok.\"","sameAs":["http:\/\/www.skarastift.se"],"url":"https:\/\/blogg.svenskakyrkan.se\/akebonnier\/author\/akebonnier\/"}]}},"author_meta":{"ID":"108","user_nicename":"akebonnier","user_url":"http:\/\/www.skarastift.se","user_registered":"2011-10-11 09:24:48","display_name":"\u00c5ke Bonnier","first_name":"\u00c5ke","last_name":"Bonnier","avatar":"https:\/\/secure.gravatar.com\/avatar\/b88264736bb0bc0d1ea92298aef02c9f98cfc13c7484130c42c663ae484f9462?s=96&d=mm&r=g"},"featured_image":false,"bloginfo":{"name":"\u00c5ke Bonnier","url":"https:\/\/blogg.svenskakyrkan.se\/akebonnier"},"_links":{"self":[{"href":"https:\/\/blogg.svenskakyrkan.se\/akebonnier\/wp-json\/wp\/v2\/posts\/449","targetHints":{"allow":["GET"]}}],"collection":[{"href":"https:\/\/blogg.svenskakyrkan.se\/akebonnier\/wp-json\/wp\/v2\/posts"}],"about":[{"href":"https:\/\/blogg.svenskakyrkan.se\/akebonnier\/wp-json\/wp\/v2\/types\/post"}],"author":[{"embeddable":true,"href":"https:\/\/blogg.svenskakyrkan.se\/akebonnier\/wp-json\/wp\/v2\/users\/108"}],"replies":[{"embeddable":true,"href":"https:\/\/blogg.svenskakyrkan.se\/akebonnier\/wp-json\/wp\/v2\/comments?post=449"}],"version-history":[{"count":0,"href":"https:\/\/blogg.svenskakyrkan.se\/akebonnier\/wp-json\/wp\/v2\/posts\/449\/revisions"}],"wp:attachment":[{"href":"https:\/\/blogg.svenskakyrkan.se\/akebonnier\/wp-json\/wp\/v2\/media?parent=449"}],"wp:term":[{"taxonomy":"category","embeddable":true,"href":"https:\/\/blogg.svenskakyrkan.se\/akebonnier\/wp-json\/wp\/v2\/categories?post=449"},{"taxonomy":"post_tag","embeddable":true,"href":"https:\/\/blogg.svenskakyrkan.se\/akebonnier\/wp-json\/wp\/v2\/tags?post=449"}],"curies":[{"name":"wp","href":"https:\/\/api.w.org\/{rel}","templated":true}]}}