{"id":457,"date":"2010-10-04T20:13:00","date_gmt":"2010-10-04T20:13:00","guid":{"rendered":"http:\/\/blogg.svenskakyrkan.se\/akebonnier\/2010\/10\/04\/riksmotesgudstjansten\/"},"modified":"2010-10-04T20:13:00","modified_gmt":"2010-10-04T20:13:00","slug":"riksmotesgudstjansten","status":"publish","type":"post","link":"https:\/\/blogg.svenskakyrkan.se\/akebonnier\/2010\/10\/04\/riksmotesgudstjansten\/","title":{"rendered":"Riksm\u00f6tesgudstj\u00e4nsten."},"content":{"rendered":"<p>S\u00e5 var det d\u00e5 dags! Under stark s\u00e4kerhetsbevakning kommer sedvanligt Riksm\u00f6tesgudstj\u00e4nsten att firas imorgon kl 12.30 tillsammans med m\u00e5nga riksdagsledam\u00f6ter, folk fr\u00e5n hovstaterna, kungafamiljen och naturligtvis den omvalde talmannen.<\/p>\n<p>Jag gl\u00e4der mig \u00f6ver att min biskop Eva Brunne ska predika, att pater Matthias Grahm och f\u00f6rsamlingsf\u00f6rest\u00e5ndaren i Filadelfiakyrkan Niklas Piensoho ska l\u00e4sa texter, att Storkyrkans k\u00f6r sjunger under ledning av v\u00e5r domkyrkoorganist Gustaf Sj\u00f6kvist och att den bitr\u00e4dande domkyrkoorganisten Mattias Wager sitter vid orgeln. D\u00e4rtill kommer en milit\u00e4rmusikk\u00e5r att spela. Ja, det \u00e4r en viktig gudstj\u00e4nst och trots att kyrkan har separerat fr\u00e5n staten sedan tio \u00e5r tillbaka gl\u00e4der jag mig \u00f6ver att riksdagen och de \u00f6vriga h\u00f6rsammar v\u00e5r inbjudan och kommer till Storkyrkan f\u00f6r att be, ta in b\u00e5de de l\u00e4sta bibelorden, lyssna p\u00e5 predikan, sjunga psalmerna (90 och 288) och lyssna p\u00e5 k\u00f6rs\u00e5ng. Denna g\u00e5ng har vi ekumeniska inslag i gudstj\u00e4nsten och inte interreligi\u00f6sa inslag. Det beror inte p\u00e5 n\u00e5got annat \u00e4n att vi har interreligi\u00f6sa inslag vartannat \u00e5r.<\/p>\n<p>Det \u00e4r en knepig parlamentarisk situation och jag ber verkligen om Guds ledning f\u00f6r b\u00e5de v\u00e5r regering och riksdag.<\/p>\n<p>Jag hoppas att alla partier kommer att vara representerade i kyrkan. Evangeliet kommer b\u00e5de i inledningsorden och med st\u00f6rsta sannolikhet ocks\u00e5 i predikan att vara glasklart. S\u00e5 ska det var. Kyrkans uppgift \u00e4r att vara ett salt. Den uppgiften lever vi och ska vi leva \u00e4n mer.<\/p>\n<div class=\"blogger-post-footer\"><img width='1' height='1' src='https:\/\/blogger.googleusercontent.com\/tracker\/9055441369901436026-6282629838656609220?l=akebonnier.blogspot.com' alt='' \/><\/div>\n","protected":false},"excerpt":{"rendered":"<p>S\u00e5 var det d\u00e5 dags! Under stark s\u00e4kerhetsbevakning kommer sedvanligt Riksm\u00f6tesgudstj\u00e4nsten att firas imorgon kl 12.30 tillsammans med m\u00e5nga riksdagsledam\u00f6ter, folk fr\u00e5n hovstaterna, kungafamiljen och naturligtvis den omvalde talmannen. Jag gl\u00e4der mig \u00f6ver att min biskop Eva Brunne ska predika, att pater Matthias Grahm och f\u00f6rsamlingsf\u00f6rest\u00e5ndaren i Filadelfiakyrkan Niklas Piensoho ska l\u00e4sa texter, att Storkyrkans [&hellip;]<\/p>\n","protected":false},"author":108,"featured_media":0,"comment_status":"open","ping_status":"open","sticky":false,"template":"","format":"standard","meta":{"_acf_changed":false,"footnotes":""},"categories":[16432],"tags":[],"class_list":["post-457","post","type-post","status-publish","format-standard","hentry","category-riksmotesgudstjansten"],"acf":[],"yoast_head":"<!-- This site is optimized with the Yoast SEO plugin v27.1.1 - https:\/\/yoast.com\/product\/yoast-seo-wordpress\/ -->\n<title>Riksm\u00f6tesgudstj\u00e4nsten. - \u00c5ke Bonnier<\/title>\n<meta name=\"robots\" content=\"index, follow, max-snippet:-1, max-image-preview:large, max-video-preview:-1\" \/>\n<link rel=\"canonical\" href=\"https:\/\/blogg.svenskakyrkan.se\/akebonnier\/2010\/10\/04\/riksmotesgudstjansten\/\" \/>\n<meta property=\"og:locale\" content=\"sv_SE\" \/>\n<meta property=\"og:type\" content=\"article\" \/>\n<meta property=\"og:title\" content=\"Riksm\u00f6tesgudstj\u00e4nsten. - \u00c5ke Bonnier\" \/>\n<meta property=\"og:description\" content=\"S\u00e5 var det d\u00e5 dags! Under stark s\u00e4kerhetsbevakning kommer sedvanligt Riksm\u00f6tesgudstj\u00e4nsten att firas imorgon kl 12.30 tillsammans med m\u00e5nga riksdagsledam\u00f6ter, folk fr\u00e5n hovstaterna, kungafamiljen och naturligtvis den omvalde talmannen. Jag gl\u00e4der mig \u00f6ver att min biskop Eva Brunne ska predika, att pater Matthias Grahm och f\u00f6rsamlingsf\u00f6rest\u00e5ndaren i Filadelfiakyrkan Niklas Piensoho ska l\u00e4sa texter, att Storkyrkans [&hellip;]\" \/>\n<meta property=\"og:url\" content=\"https:\/\/blogg.svenskakyrkan.se\/akebonnier\/2010\/10\/04\/riksmotesgudstjansten\/\" \/>\n<meta property=\"og:site_name\" content=\"\u00c5ke Bonnier\" \/>\n<meta property=\"article:published_time\" content=\"2010-10-04T20:13:00+00:00\" \/>\n<meta property=\"og:image\" content=\"https:\/\/blogger.googleusercontent.com\/tracker\/9055441369901436026-6282629838656609220?l=akebonnier.blogspot.com\" \/>\n<meta name=\"author\" content=\"\u00c5ke Bonnier\" \/>\n<meta name=\"twitter:card\" content=\"summary_large_image\" \/>\n<meta name=\"twitter:label1\" content=\"Skriven av\" \/>\n\t<meta name=\"twitter:data1\" content=\"\u00c5ke Bonnier\" \/>\n\t<meta name=\"twitter:label2\" content=\"Ber\u00e4knad l\u00e4stid\" \/>\n\t<meta name=\"twitter:data2\" content=\"1 minut\" \/>\n<script type=\"application\/ld+json\" class=\"yoast-schema-graph\">{\"@context\":\"https:\/\/schema.org\",\"@graph\":[{\"@type\":\"Article\",\"@id\":\"https:\/\/blogg.svenskakyrkan.se\/akebonnier\/2010\/10\/04\/riksmotesgudstjansten\/#article\",\"isPartOf\":{\"@id\":\"https:\/\/blogg.svenskakyrkan.se\/akebonnier\/2010\/10\/04\/riksmotesgudstjansten\/\"},\"author\":{\"name\":\"\u00c5ke Bonnier\",\"@id\":\"https:\/\/blogg.svenskakyrkan.se\/akebonnier\/#\/schema\/person\/8db68bc0c94f6a5a62df2d4486ff1343\"},\"headline\":\"Riksm\u00f6tesgudstj\u00e4nsten.\",\"datePublished\":\"2010-10-04T20:13:00+00:00\",\"mainEntityOfPage\":{\"@id\":\"https:\/\/blogg.svenskakyrkan.se\/akebonnier\/2010\/10\/04\/riksmotesgudstjansten\/\"},\"wordCount\":265,\"commentCount\":3,\"image\":{\"@id\":\"https:\/\/blogg.svenskakyrkan.se\/akebonnier\/2010\/10\/04\/riksmotesgudstjansten\/#primaryimage\"},\"thumbnailUrl\":\"https:\/\/blogger.googleusercontent.com\/tracker\/9055441369901436026-6282629838656609220?l=akebonnier.blogspot.com\",\"articleSection\":[\"Riksm\u00f6tesgudstj\u00e4nsten\"],\"inLanguage\":\"sv-SE\",\"potentialAction\":[{\"@type\":\"CommentAction\",\"name\":\"Comment\",\"target\":[\"https:\/\/blogg.svenskakyrkan.se\/akebonnier\/2010\/10\/04\/riksmotesgudstjansten\/#respond\"]}]},{\"@type\":\"WebPage\",\"@id\":\"https:\/\/blogg.svenskakyrkan.se\/akebonnier\/2010\/10\/04\/riksmotesgudstjansten\/\",\"url\":\"https:\/\/blogg.svenskakyrkan.se\/akebonnier\/2010\/10\/04\/riksmotesgudstjansten\/\",\"name\":\"Riksm\u00f6tesgudstj\u00e4nsten. - \u00c5ke Bonnier\",\"isPartOf\":{\"@id\":\"https:\/\/blogg.svenskakyrkan.se\/akebonnier\/#website\"},\"primaryImageOfPage\":{\"@id\":\"https:\/\/blogg.svenskakyrkan.se\/akebonnier\/2010\/10\/04\/riksmotesgudstjansten\/#primaryimage\"},\"image\":{\"@id\":\"https:\/\/blogg.svenskakyrkan.se\/akebonnier\/2010\/10\/04\/riksmotesgudstjansten\/#primaryimage\"},\"thumbnailUrl\":\"https:\/\/blogger.googleusercontent.com\/tracker\/9055441369901436026-6282629838656609220?l=akebonnier.blogspot.com\",\"datePublished\":\"2010-10-04T20:13:00+00:00\",\"author\":{\"@id\":\"https:\/\/blogg.svenskakyrkan.se\/akebonnier\/#\/schema\/person\/8db68bc0c94f6a5a62df2d4486ff1343\"},\"breadcrumb\":{\"@id\":\"https:\/\/blogg.svenskakyrkan.se\/akebonnier\/2010\/10\/04\/riksmotesgudstjansten\/#breadcrumb\"},\"inLanguage\":\"sv-SE\",\"potentialAction\":[{\"@type\":\"ReadAction\",\"target\":[\"https:\/\/blogg.svenskakyrkan.se\/akebonnier\/2010\/10\/04\/riksmotesgudstjansten\/\"]}]},{\"@type\":\"ImageObject\",\"inLanguage\":\"sv-SE\",\"@id\":\"https:\/\/blogg.svenskakyrkan.se\/akebonnier\/2010\/10\/04\/riksmotesgudstjansten\/#primaryimage\",\"url\":\"https:\/\/blogger.googleusercontent.com\/tracker\/9055441369901436026-6282629838656609220?l=akebonnier.blogspot.com\",\"contentUrl\":\"https:\/\/blogger.googleusercontent.com\/tracker\/9055441369901436026-6282629838656609220?l=akebonnier.blogspot.com\"},{\"@type\":\"BreadcrumbList\",\"@id\":\"https:\/\/blogg.svenskakyrkan.se\/akebonnier\/2010\/10\/04\/riksmotesgudstjansten\/#breadcrumb\",\"itemListElement\":[{\"@type\":\"ListItem\",\"position\":1,\"name\":\"Hem\",\"item\":\"https:\/\/blogg.svenskakyrkan.se\/akebonnier\/\"},{\"@type\":\"ListItem\",\"position\":2,\"name\":\"Riksm\u00f6tesgudstj\u00e4nsten.\"}]},{\"@type\":\"WebSite\",\"@id\":\"https:\/\/blogg.svenskakyrkan.se\/akebonnier\/#website\",\"url\":\"https:\/\/blogg.svenskakyrkan.se\/akebonnier\/\",\"name\":\"\u00c5ke Bonnier\",\"description\":\"Biskop i Svenska kyrkan - Skara stift\",\"potentialAction\":[{\"@type\":\"SearchAction\",\"target\":{\"@type\":\"EntryPoint\",\"urlTemplate\":\"https:\/\/blogg.svenskakyrkan.se\/akebonnier\/?s={search_term_string}\"},\"query-input\":{\"@type\":\"PropertyValueSpecification\",\"valueRequired\":true,\"valueName\":\"search_term_string\"}}],\"inLanguage\":\"sv-SE\"},{\"@type\":\"Person\",\"@id\":\"https:\/\/blogg.svenskakyrkan.se\/akebonnier\/#\/schema\/person\/8db68bc0c94f6a5a62df2d4486ff1343\",\"name\":\"\u00c5ke Bonnier\",\"image\":{\"@type\":\"ImageObject\",\"inLanguage\":\"sv-SE\",\"@id\":\"https:\/\/blogg.svenskakyrkan.se\/akebonnier\/#\/schema\/person\/image\/\",\"url\":\"https:\/\/secure.gravatar.com\/avatar\/b88264736bb0bc0d1ea92298aef02c9f98cfc13c7484130c42c663ae484f9462?s=96&d=mm&r=g\",\"contentUrl\":\"https:\/\/secure.gravatar.com\/avatar\/b88264736bb0bc0d1ea92298aef02c9f98cfc13c7484130c42c663ae484f9462?s=96&d=mm&r=g\",\"caption\":\"\u00c5ke Bonnier\"},\"description\":\"Jag \u00e4r gift och har tv\u00e5 vuxna d\u00f6ttrar. Pr\u00e4stvigdes 1984 och biskopsvigs 26 augusti 2012 . Jag har tidigare bland annat varit, komminister och kyrkoherde i Liding\u00f6 f\u00f6rsamling och domprost i Stockholms domkyrkof\u00f6rsamling. Jag \u00e4r intresserad av konst, litteratur, teater, film. Jag tr\u00e4nar regelbundet p\u00e5 gym. Mitt huvudsakliga musikintresse \u00e4r klassisk musik men ocks\u00e5 Beatles, Elvis Presley, Monika Zettelund, Povel Ramel och m\u00e5nga andra tycker jag om att lyssna p\u00e5. Jag l\u00e4ser f\u00f6r lite sk\u00f6nlitteratur beroende p\u00e5 annat som jag m\u00e5ste l\u00e4sa i mitt uppdrag som biskop. Men jag \u00e4lskar b\u00f6cker. Naturligtvis l\u00e4ser jag n\u00e4st intill dagligdags i \\\"B\u00f6ckernas Bok.\\\"\",\"sameAs\":[\"http:\/\/www.skarastift.se\"],\"url\":\"https:\/\/blogg.svenskakyrkan.se\/akebonnier\/author\/akebonnier\/\"}]}<\/script>\n<!-- \/ Yoast SEO plugin. -->","yoast_head_json":{"title":"Riksm\u00f6tesgudstj\u00e4nsten. - \u00c5ke Bonnier","robots":{"index":"index","follow":"follow","max-snippet":"max-snippet:-1","max-image-preview":"max-image-preview:large","max-video-preview":"max-video-preview:-1"},"canonical":"https:\/\/blogg.svenskakyrkan.se\/akebonnier\/2010\/10\/04\/riksmotesgudstjansten\/","og_locale":"sv_SE","og_type":"article","og_title":"Riksm\u00f6tesgudstj\u00e4nsten. - \u00c5ke Bonnier","og_description":"S\u00e5 var det d\u00e5 dags! Under stark s\u00e4kerhetsbevakning kommer sedvanligt Riksm\u00f6tesgudstj\u00e4nsten att firas imorgon kl 12.30 tillsammans med m\u00e5nga riksdagsledam\u00f6ter, folk fr\u00e5n hovstaterna, kungafamiljen och naturligtvis den omvalde talmannen. Jag gl\u00e4der mig \u00f6ver att min biskop Eva Brunne ska predika, att pater Matthias Grahm och f\u00f6rsamlingsf\u00f6rest\u00e5ndaren i Filadelfiakyrkan Niklas Piensoho ska l\u00e4sa texter, att Storkyrkans [&hellip;]","og_url":"https:\/\/blogg.svenskakyrkan.se\/akebonnier\/2010\/10\/04\/riksmotesgudstjansten\/","og_site_name":"\u00c5ke Bonnier","article_published_time":"2010-10-04T20:13:00+00:00","og_image":[{"url":"https:\/\/blogger.googleusercontent.com\/tracker\/9055441369901436026-6282629838656609220?l=akebonnier.blogspot.com","type":"","width":"","height":""}],"author":"\u00c5ke Bonnier","twitter_card":"summary_large_image","twitter_misc":{"Skriven av":"\u00c5ke Bonnier","Ber\u00e4knad l\u00e4stid":"1 minut"},"schema":{"@context":"https:\/\/schema.org","@graph":[{"@type":"Article","@id":"https:\/\/blogg.svenskakyrkan.se\/akebonnier\/2010\/10\/04\/riksmotesgudstjansten\/#article","isPartOf":{"@id":"https:\/\/blogg.svenskakyrkan.se\/akebonnier\/2010\/10\/04\/riksmotesgudstjansten\/"},"author":{"name":"\u00c5ke Bonnier","@id":"https:\/\/blogg.svenskakyrkan.se\/akebonnier\/#\/schema\/person\/8db68bc0c94f6a5a62df2d4486ff1343"},"headline":"Riksm\u00f6tesgudstj\u00e4nsten.","datePublished":"2010-10-04T20:13:00+00:00","mainEntityOfPage":{"@id":"https:\/\/blogg.svenskakyrkan.se\/akebonnier\/2010\/10\/04\/riksmotesgudstjansten\/"},"wordCount":265,"commentCount":3,"image":{"@id":"https:\/\/blogg.svenskakyrkan.se\/akebonnier\/2010\/10\/04\/riksmotesgudstjansten\/#primaryimage"},"thumbnailUrl":"https:\/\/blogger.googleusercontent.com\/tracker\/9055441369901436026-6282629838656609220?l=akebonnier.blogspot.com","articleSection":["Riksm\u00f6tesgudstj\u00e4nsten"],"inLanguage":"sv-SE","potentialAction":[{"@type":"CommentAction","name":"Comment","target":["https:\/\/blogg.svenskakyrkan.se\/akebonnier\/2010\/10\/04\/riksmotesgudstjansten\/#respond"]}]},{"@type":"WebPage","@id":"https:\/\/blogg.svenskakyrkan.se\/akebonnier\/2010\/10\/04\/riksmotesgudstjansten\/","url":"https:\/\/blogg.svenskakyrkan.se\/akebonnier\/2010\/10\/04\/riksmotesgudstjansten\/","name":"Riksm\u00f6tesgudstj\u00e4nsten. - \u00c5ke Bonnier","isPartOf":{"@id":"https:\/\/blogg.svenskakyrkan.se\/akebonnier\/#website"},"primaryImageOfPage":{"@id":"https:\/\/blogg.svenskakyrkan.se\/akebonnier\/2010\/10\/04\/riksmotesgudstjansten\/#primaryimage"},"image":{"@id":"https:\/\/blogg.svenskakyrkan.se\/akebonnier\/2010\/10\/04\/riksmotesgudstjansten\/#primaryimage"},"thumbnailUrl":"https:\/\/blogger.googleusercontent.com\/tracker\/9055441369901436026-6282629838656609220?l=akebonnier.blogspot.com","datePublished":"2010-10-04T20:13:00+00:00","author":{"@id":"https:\/\/blogg.svenskakyrkan.se\/akebonnier\/#\/schema\/person\/8db68bc0c94f6a5a62df2d4486ff1343"},"breadcrumb":{"@id":"https:\/\/blogg.svenskakyrkan.se\/akebonnier\/2010\/10\/04\/riksmotesgudstjansten\/#breadcrumb"},"inLanguage":"sv-SE","potentialAction":[{"@type":"ReadAction","target":["https:\/\/blogg.svenskakyrkan.se\/akebonnier\/2010\/10\/04\/riksmotesgudstjansten\/"]}]},{"@type":"ImageObject","inLanguage":"sv-SE","@id":"https:\/\/blogg.svenskakyrkan.se\/akebonnier\/2010\/10\/04\/riksmotesgudstjansten\/#primaryimage","url":"https:\/\/blogger.googleusercontent.com\/tracker\/9055441369901436026-6282629838656609220?l=akebonnier.blogspot.com","contentUrl":"https:\/\/blogger.googleusercontent.com\/tracker\/9055441369901436026-6282629838656609220?l=akebonnier.blogspot.com"},{"@type":"BreadcrumbList","@id":"https:\/\/blogg.svenskakyrkan.se\/akebonnier\/2010\/10\/04\/riksmotesgudstjansten\/#breadcrumb","itemListElement":[{"@type":"ListItem","position":1,"name":"Hem","item":"https:\/\/blogg.svenskakyrkan.se\/akebonnier\/"},{"@type":"ListItem","position":2,"name":"Riksm\u00f6tesgudstj\u00e4nsten."}]},{"@type":"WebSite","@id":"https:\/\/blogg.svenskakyrkan.se\/akebonnier\/#website","url":"https:\/\/blogg.svenskakyrkan.se\/akebonnier\/","name":"\u00c5ke Bonnier","description":"Biskop i Svenska kyrkan - Skara stift","potentialAction":[{"@type":"SearchAction","target":{"@type":"EntryPoint","urlTemplate":"https:\/\/blogg.svenskakyrkan.se\/akebonnier\/?s={search_term_string}"},"query-input":{"@type":"PropertyValueSpecification","valueRequired":true,"valueName":"search_term_string"}}],"inLanguage":"sv-SE"},{"@type":"Person","@id":"https:\/\/blogg.svenskakyrkan.se\/akebonnier\/#\/schema\/person\/8db68bc0c94f6a5a62df2d4486ff1343","name":"\u00c5ke Bonnier","image":{"@type":"ImageObject","inLanguage":"sv-SE","@id":"https:\/\/blogg.svenskakyrkan.se\/akebonnier\/#\/schema\/person\/image\/","url":"https:\/\/secure.gravatar.com\/avatar\/b88264736bb0bc0d1ea92298aef02c9f98cfc13c7484130c42c663ae484f9462?s=96&d=mm&r=g","contentUrl":"https:\/\/secure.gravatar.com\/avatar\/b88264736bb0bc0d1ea92298aef02c9f98cfc13c7484130c42c663ae484f9462?s=96&d=mm&r=g","caption":"\u00c5ke Bonnier"},"description":"Jag \u00e4r gift och har tv\u00e5 vuxna d\u00f6ttrar. Pr\u00e4stvigdes 1984 och biskopsvigs 26 augusti 2012 . Jag har tidigare bland annat varit, komminister och kyrkoherde i Liding\u00f6 f\u00f6rsamling och domprost i Stockholms domkyrkof\u00f6rsamling. Jag \u00e4r intresserad av konst, litteratur, teater, film. Jag tr\u00e4nar regelbundet p\u00e5 gym. Mitt huvudsakliga musikintresse \u00e4r klassisk musik men ocks\u00e5 Beatles, Elvis Presley, Monika Zettelund, Povel Ramel och m\u00e5nga andra tycker jag om att lyssna p\u00e5. Jag l\u00e4ser f\u00f6r lite sk\u00f6nlitteratur beroende p\u00e5 annat som jag m\u00e5ste l\u00e4sa i mitt uppdrag som biskop. Men jag \u00e4lskar b\u00f6cker. Naturligtvis l\u00e4ser jag n\u00e4st intill dagligdags i \"B\u00f6ckernas Bok.\"","sameAs":["http:\/\/www.skarastift.se"],"url":"https:\/\/blogg.svenskakyrkan.se\/akebonnier\/author\/akebonnier\/"}]}},"author_meta":{"ID":"108","user_nicename":"akebonnier","user_url":"http:\/\/www.skarastift.se","user_registered":"2011-10-11 09:24:48","display_name":"\u00c5ke Bonnier","first_name":"\u00c5ke","last_name":"Bonnier","avatar":"https:\/\/secure.gravatar.com\/avatar\/b88264736bb0bc0d1ea92298aef02c9f98cfc13c7484130c42c663ae484f9462?s=96&d=mm&r=g"},"featured_image":false,"bloginfo":{"name":"\u00c5ke Bonnier","url":"https:\/\/blogg.svenskakyrkan.se\/akebonnier"},"_links":{"self":[{"href":"https:\/\/blogg.svenskakyrkan.se\/akebonnier\/wp-json\/wp\/v2\/posts\/457","targetHints":{"allow":["GET"]}}],"collection":[{"href":"https:\/\/blogg.svenskakyrkan.se\/akebonnier\/wp-json\/wp\/v2\/posts"}],"about":[{"href":"https:\/\/blogg.svenskakyrkan.se\/akebonnier\/wp-json\/wp\/v2\/types\/post"}],"author":[{"embeddable":true,"href":"https:\/\/blogg.svenskakyrkan.se\/akebonnier\/wp-json\/wp\/v2\/users\/108"}],"replies":[{"embeddable":true,"href":"https:\/\/blogg.svenskakyrkan.se\/akebonnier\/wp-json\/wp\/v2\/comments?post=457"}],"version-history":[{"count":0,"href":"https:\/\/blogg.svenskakyrkan.se\/akebonnier\/wp-json\/wp\/v2\/posts\/457\/revisions"}],"wp:attachment":[{"href":"https:\/\/blogg.svenskakyrkan.se\/akebonnier\/wp-json\/wp\/v2\/media?parent=457"}],"wp:term":[{"taxonomy":"category","embeddable":true,"href":"https:\/\/blogg.svenskakyrkan.se\/akebonnier\/wp-json\/wp\/v2\/categories?post=457"},{"taxonomy":"post_tag","embeddable":true,"href":"https:\/\/blogg.svenskakyrkan.se\/akebonnier\/wp-json\/wp\/v2\/tags?post=457"}],"curies":[{"name":"wp","href":"https:\/\/api.w.org\/{rel}","templated":true}]}}