{"id":459,"date":"2010-10-05T15:09:00","date_gmt":"2010-10-05T15:09:00","guid":{"rendered":"http:\/\/blogg.svenskakyrkan.se\/akebonnier\/2010\/10\/05\/sverigedemokraterna-och-evangeliet\/"},"modified":"2010-10-05T15:09:00","modified_gmt":"2010-10-05T15:09:00","slug":"sverigedemokraterna-och-evangeliet","status":"publish","type":"post","link":"https:\/\/blogg.svenskakyrkan.se\/akebonnier\/2010\/10\/05\/sverigedemokraterna-och-evangeliet\/","title":{"rendered":"Sverigedemokraterna och evangeliet"},"content":{"rendered":"<p>I dag predikade biskop Eva Brunne i Riksm\u00f6tesgudstj\u00e4nsten i Storkyrkan. Medverkade gjorde ocks\u00e5 Pater Matthias Grahm fr\u00e5n katolska Marie beb\u00e5delsekyrkan i Stockholm  och f\u00f6rsamlingsf\u00f6rest\u00e5ndare Niklas Piensoho fr\u00e5n Filadelfiakyrkan, domkyrkokaplan Kristina Ljunggren och jag sj\u00e4lv. D v s vi medverkade med texter, b\u00f6ner och predikan. Domkyrkoorganisten Gustaf Sj\u00f6kvist ledde Storkyrkans k\u00f6r och bitr\u00e4dande domkyrkoorganisten Mattias Wager spelade orgel. S\u00e5 l\u00e5ngt var allt frid och fr\u00f6jd.<\/p>\n<p>Biskopen h\u00f6ll en str\u00e5lande predikan som var v\u00e4l grundad i Bibelordet med ett tydligt bibliskt budskap om m\u00e4nniskors lika v\u00e4rde, om r\u00e4tten att bli behandlad som alla andra, kort sagt om m\u00e4nskliga r\u00e4ttigheter i Sverige. Hon var oerh\u00f6rt tydlig och uppmanade riksdagens ledam\u00f6ter att inte falla offer f\u00f6r motsatta \u00e5sikter i just dessa allm\u00e4nm\u00e4nskliga sammanhang. Hennes predikan \u00e5terfinns p\u00e5 <a title=\"http:\/\/www.svenskakyrkan.se\/default.aspx?di=\" href=\"http:\/\/www.svenskakyrkan.se\/default.aspx?di=698910\">http:\/\/www.svenskakyrkan.se\/default.aspx?di=698910<\/a>.<\/p>\n<p>Sverigedemokraterna reste sig successivt upp fr\u00e5n sina platser i kyrkan under biskopens predikan. Det gick inte att ta miste p\u00e5 att de b\u00e5de ville synas och h\u00f6ras. De marscherade ut ur kyrkan under p\u00e5g\u00e5ende gudstj\u00e4nst utan att deras partinamn var n\u00e4mnt.<\/p>\n<p>Det s\u00e4ger allt om vad de st\u00e5r f\u00f6r. Det s\u00e4ger allt om deras f\u00f6rh\u00e5llande till evangeliets budskap om alla m\u00e4nniskors lika v\u00e4rde. Det kom en doft av brunt  som tack och lov bem\u00f6ttes med en stor och varm appl\u00e5d n\u00e4r biskopen hade avslutat sin predikan.<\/p>\n<p>Kyrkan kommer alltid att h\u00e4vda m\u00e4nniskov\u00e4rdets helgd, alltid h\u00e4vda att vi borde ha en \u00f6ppen och gener\u00f6s flyktingpolitik, alltid h\u00e4vda att vi inte ska spela ut olika grupper i samh\u00e4llet mot varandra. Vi har r\u00e5d att ta hand om barn, ungdomar, arbetsl\u00f6sa, pension\u00e4rer och andra och flyktingar i en \u00e4nnu st\u00f6rre flyktingkvot. \u00c5ter igen! Vi har r\u00e5d!<\/p>\n<p>Sverigedemokraterna talar tydligt med sitt trampande ut ur kyrkan. Det \u00e4r s\u00e4kert bra. Det bekr\u00e4ftar det som alla talar om.<\/p>\n<div class=\"blogger-post-footer\"><img width='1' height='1' src='https:\/\/blogger.googleusercontent.com\/tracker\/9055441369901436026-6274377148622153478?l=akebonnier.blogspot.com' alt='' \/><\/div>\n","protected":false},"excerpt":{"rendered":"<p>I dag predikade biskop Eva Brunne i Riksm\u00f6tesgudstj\u00e4nsten i Storkyrkan. Medverkade gjorde ocks\u00e5 Pater Matthias Grahm fr\u00e5n katolska Marie beb\u00e5delsekyrkan i Stockholm och f\u00f6rsamlingsf\u00f6rest\u00e5ndare Niklas Piensoho fr\u00e5n Filadelfiakyrkan, domkyrkokaplan Kristina Ljunggren och jag sj\u00e4lv. D v s vi medverkade med texter, b\u00f6ner och predikan. Domkyrkoorganisten Gustaf Sj\u00f6kvist ledde Storkyrkans k\u00f6r och bitr\u00e4dande domkyrkoorganisten Mattias Wager [&hellip;]<\/p>\n","protected":false},"author":108,"featured_media":0,"comment_status":"open","ping_status":"open","sticky":false,"template":"","format":"standard","meta":{"_acf_changed":false,"footnotes":""},"categories":[16434],"tags":[],"class_list":["post-459","post","type-post","status-publish","format-standard","hentry","category-sverigedemokraterna-och-evangeliet"],"acf":[],"yoast_head":"<!-- This site is optimized with the Yoast SEO plugin v27.1.1 - https:\/\/yoast.com\/product\/yoast-seo-wordpress\/ -->\n<title>Sverigedemokraterna och evangeliet - \u00c5ke Bonnier<\/title>\n<meta name=\"robots\" content=\"index, follow, max-snippet:-1, max-image-preview:large, max-video-preview:-1\" \/>\n<link rel=\"canonical\" href=\"https:\/\/blogg.svenskakyrkan.se\/akebonnier\/2010\/10\/05\/sverigedemokraterna-och-evangeliet\/\" \/>\n<meta property=\"og:locale\" content=\"sv_SE\" \/>\n<meta property=\"og:type\" content=\"article\" \/>\n<meta property=\"og:title\" content=\"Sverigedemokraterna och evangeliet - \u00c5ke Bonnier\" \/>\n<meta property=\"og:description\" content=\"I dag predikade biskop Eva Brunne i Riksm\u00f6tesgudstj\u00e4nsten i Storkyrkan. Medverkade gjorde ocks\u00e5 Pater Matthias Grahm fr\u00e5n katolska Marie beb\u00e5delsekyrkan i Stockholm och f\u00f6rsamlingsf\u00f6rest\u00e5ndare Niklas Piensoho fr\u00e5n Filadelfiakyrkan, domkyrkokaplan Kristina Ljunggren och jag sj\u00e4lv. D v s vi medverkade med texter, b\u00f6ner och predikan. Domkyrkoorganisten Gustaf Sj\u00f6kvist ledde Storkyrkans k\u00f6r och bitr\u00e4dande domkyrkoorganisten Mattias Wager [&hellip;]\" \/>\n<meta property=\"og:url\" content=\"https:\/\/blogg.svenskakyrkan.se\/akebonnier\/2010\/10\/05\/sverigedemokraterna-och-evangeliet\/\" \/>\n<meta property=\"og:site_name\" content=\"\u00c5ke Bonnier\" \/>\n<meta property=\"article:published_time\" content=\"2010-10-05T15:09:00+00:00\" \/>\n<meta property=\"og:image\" content=\"https:\/\/blogger.googleusercontent.com\/tracker\/9055441369901436026-6274377148622153478?l=akebonnier.blogspot.com\" \/>\n<meta name=\"author\" content=\"\u00c5ke Bonnier\" \/>\n<meta name=\"twitter:card\" content=\"summary_large_image\" \/>\n<meta name=\"twitter:label1\" content=\"Skriven av\" \/>\n\t<meta name=\"twitter:data1\" content=\"\u00c5ke Bonnier\" \/>\n\t<meta name=\"twitter:label2\" content=\"Ber\u00e4knad l\u00e4stid\" \/>\n\t<meta name=\"twitter:data2\" content=\"2 minuter\" \/>\n<script type=\"application\/ld+json\" class=\"yoast-schema-graph\">{\"@context\":\"https:\/\/schema.org\",\"@graph\":[{\"@type\":\"Article\",\"@id\":\"https:\/\/blogg.svenskakyrkan.se\/akebonnier\/2010\/10\/05\/sverigedemokraterna-och-evangeliet\/#article\",\"isPartOf\":{\"@id\":\"https:\/\/blogg.svenskakyrkan.se\/akebonnier\/2010\/10\/05\/sverigedemokraterna-och-evangeliet\/\"},\"author\":{\"name\":\"\u00c5ke Bonnier\",\"@id\":\"https:\/\/blogg.svenskakyrkan.se\/akebonnier\/#\/schema\/person\/8db68bc0c94f6a5a62df2d4486ff1343\"},\"headline\":\"Sverigedemokraterna och evangeliet\",\"datePublished\":\"2010-10-05T15:09:00+00:00\",\"mainEntityOfPage\":{\"@id\":\"https:\/\/blogg.svenskakyrkan.se\/akebonnier\/2010\/10\/05\/sverigedemokraterna-och-evangeliet\/\"},\"wordCount\":356,\"commentCount\":42,\"image\":{\"@id\":\"https:\/\/blogg.svenskakyrkan.se\/akebonnier\/2010\/10\/05\/sverigedemokraterna-och-evangeliet\/#primaryimage\"},\"thumbnailUrl\":\"https:\/\/blogger.googleusercontent.com\/tracker\/9055441369901436026-6274377148622153478?l=akebonnier.blogspot.com\",\"articleSection\":[\"Sverigedemokraterna och evangeliet\"],\"inLanguage\":\"sv-SE\",\"potentialAction\":[{\"@type\":\"CommentAction\",\"name\":\"Comment\",\"target\":[\"https:\/\/blogg.svenskakyrkan.se\/akebonnier\/2010\/10\/05\/sverigedemokraterna-och-evangeliet\/#respond\"]}]},{\"@type\":\"WebPage\",\"@id\":\"https:\/\/blogg.svenskakyrkan.se\/akebonnier\/2010\/10\/05\/sverigedemokraterna-och-evangeliet\/\",\"url\":\"https:\/\/blogg.svenskakyrkan.se\/akebonnier\/2010\/10\/05\/sverigedemokraterna-och-evangeliet\/\",\"name\":\"Sverigedemokraterna och evangeliet - \u00c5ke Bonnier\",\"isPartOf\":{\"@id\":\"https:\/\/blogg.svenskakyrkan.se\/akebonnier\/#website\"},\"primaryImageOfPage\":{\"@id\":\"https:\/\/blogg.svenskakyrkan.se\/akebonnier\/2010\/10\/05\/sverigedemokraterna-och-evangeliet\/#primaryimage\"},\"image\":{\"@id\":\"https:\/\/blogg.svenskakyrkan.se\/akebonnier\/2010\/10\/05\/sverigedemokraterna-och-evangeliet\/#primaryimage\"},\"thumbnailUrl\":\"https:\/\/blogger.googleusercontent.com\/tracker\/9055441369901436026-6274377148622153478?l=akebonnier.blogspot.com\",\"datePublished\":\"2010-10-05T15:09:00+00:00\",\"author\":{\"@id\":\"https:\/\/blogg.svenskakyrkan.se\/akebonnier\/#\/schema\/person\/8db68bc0c94f6a5a62df2d4486ff1343\"},\"breadcrumb\":{\"@id\":\"https:\/\/blogg.svenskakyrkan.se\/akebonnier\/2010\/10\/05\/sverigedemokraterna-och-evangeliet\/#breadcrumb\"},\"inLanguage\":\"sv-SE\",\"potentialAction\":[{\"@type\":\"ReadAction\",\"target\":[\"https:\/\/blogg.svenskakyrkan.se\/akebonnier\/2010\/10\/05\/sverigedemokraterna-och-evangeliet\/\"]}]},{\"@type\":\"ImageObject\",\"inLanguage\":\"sv-SE\",\"@id\":\"https:\/\/blogg.svenskakyrkan.se\/akebonnier\/2010\/10\/05\/sverigedemokraterna-och-evangeliet\/#primaryimage\",\"url\":\"https:\/\/blogger.googleusercontent.com\/tracker\/9055441369901436026-6274377148622153478?l=akebonnier.blogspot.com\",\"contentUrl\":\"https:\/\/blogger.googleusercontent.com\/tracker\/9055441369901436026-6274377148622153478?l=akebonnier.blogspot.com\"},{\"@type\":\"BreadcrumbList\",\"@id\":\"https:\/\/blogg.svenskakyrkan.se\/akebonnier\/2010\/10\/05\/sverigedemokraterna-och-evangeliet\/#breadcrumb\",\"itemListElement\":[{\"@type\":\"ListItem\",\"position\":1,\"name\":\"Hem\",\"item\":\"https:\/\/blogg.svenskakyrkan.se\/akebonnier\/\"},{\"@type\":\"ListItem\",\"position\":2,\"name\":\"Sverigedemokraterna och evangeliet\"}]},{\"@type\":\"WebSite\",\"@id\":\"https:\/\/blogg.svenskakyrkan.se\/akebonnier\/#website\",\"url\":\"https:\/\/blogg.svenskakyrkan.se\/akebonnier\/\",\"name\":\"\u00c5ke Bonnier\",\"description\":\"Biskop i Svenska kyrkan - Skara stift\",\"potentialAction\":[{\"@type\":\"SearchAction\",\"target\":{\"@type\":\"EntryPoint\",\"urlTemplate\":\"https:\/\/blogg.svenskakyrkan.se\/akebonnier\/?s={search_term_string}\"},\"query-input\":{\"@type\":\"PropertyValueSpecification\",\"valueRequired\":true,\"valueName\":\"search_term_string\"}}],\"inLanguage\":\"sv-SE\"},{\"@type\":\"Person\",\"@id\":\"https:\/\/blogg.svenskakyrkan.se\/akebonnier\/#\/schema\/person\/8db68bc0c94f6a5a62df2d4486ff1343\",\"name\":\"\u00c5ke Bonnier\",\"image\":{\"@type\":\"ImageObject\",\"inLanguage\":\"sv-SE\",\"@id\":\"https:\/\/blogg.svenskakyrkan.se\/akebonnier\/#\/schema\/person\/image\/\",\"url\":\"https:\/\/secure.gravatar.com\/avatar\/b88264736bb0bc0d1ea92298aef02c9f98cfc13c7484130c42c663ae484f9462?s=96&d=mm&r=g\",\"contentUrl\":\"https:\/\/secure.gravatar.com\/avatar\/b88264736bb0bc0d1ea92298aef02c9f98cfc13c7484130c42c663ae484f9462?s=96&d=mm&r=g\",\"caption\":\"\u00c5ke Bonnier\"},\"description\":\"Jag \u00e4r gift och har tv\u00e5 vuxna d\u00f6ttrar. Pr\u00e4stvigdes 1984 och biskopsvigs 26 augusti 2012 . Jag har tidigare bland annat varit, komminister och kyrkoherde i Liding\u00f6 f\u00f6rsamling och domprost i Stockholms domkyrkof\u00f6rsamling. Jag \u00e4r intresserad av konst, litteratur, teater, film. Jag tr\u00e4nar regelbundet p\u00e5 gym. Mitt huvudsakliga musikintresse \u00e4r klassisk musik men ocks\u00e5 Beatles, Elvis Presley, Monika Zettelund, Povel Ramel och m\u00e5nga andra tycker jag om att lyssna p\u00e5. Jag l\u00e4ser f\u00f6r lite sk\u00f6nlitteratur beroende p\u00e5 annat som jag m\u00e5ste l\u00e4sa i mitt uppdrag som biskop. Men jag \u00e4lskar b\u00f6cker. Naturligtvis l\u00e4ser jag n\u00e4st intill dagligdags i \\\"B\u00f6ckernas Bok.\\\"\",\"sameAs\":[\"http:\/\/www.skarastift.se\"],\"url\":\"https:\/\/blogg.svenskakyrkan.se\/akebonnier\/author\/akebonnier\/\"}]}<\/script>\n<!-- \/ Yoast SEO plugin. -->","yoast_head_json":{"title":"Sverigedemokraterna och evangeliet - \u00c5ke Bonnier","robots":{"index":"index","follow":"follow","max-snippet":"max-snippet:-1","max-image-preview":"max-image-preview:large","max-video-preview":"max-video-preview:-1"},"canonical":"https:\/\/blogg.svenskakyrkan.se\/akebonnier\/2010\/10\/05\/sverigedemokraterna-och-evangeliet\/","og_locale":"sv_SE","og_type":"article","og_title":"Sverigedemokraterna och evangeliet - \u00c5ke Bonnier","og_description":"I dag predikade biskop Eva Brunne i Riksm\u00f6tesgudstj\u00e4nsten i Storkyrkan. Medverkade gjorde ocks\u00e5 Pater Matthias Grahm fr\u00e5n katolska Marie beb\u00e5delsekyrkan i Stockholm och f\u00f6rsamlingsf\u00f6rest\u00e5ndare Niklas Piensoho fr\u00e5n Filadelfiakyrkan, domkyrkokaplan Kristina Ljunggren och jag sj\u00e4lv. D v s vi medverkade med texter, b\u00f6ner och predikan. Domkyrkoorganisten Gustaf Sj\u00f6kvist ledde Storkyrkans k\u00f6r och bitr\u00e4dande domkyrkoorganisten Mattias Wager [&hellip;]","og_url":"https:\/\/blogg.svenskakyrkan.se\/akebonnier\/2010\/10\/05\/sverigedemokraterna-och-evangeliet\/","og_site_name":"\u00c5ke Bonnier","article_published_time":"2010-10-05T15:09:00+00:00","og_image":[{"url":"https:\/\/blogger.googleusercontent.com\/tracker\/9055441369901436026-6274377148622153478?l=akebonnier.blogspot.com","type":"","width":"","height":""}],"author":"\u00c5ke Bonnier","twitter_card":"summary_large_image","twitter_misc":{"Skriven av":"\u00c5ke Bonnier","Ber\u00e4knad l\u00e4stid":"2 minuter"},"schema":{"@context":"https:\/\/schema.org","@graph":[{"@type":"Article","@id":"https:\/\/blogg.svenskakyrkan.se\/akebonnier\/2010\/10\/05\/sverigedemokraterna-och-evangeliet\/#article","isPartOf":{"@id":"https:\/\/blogg.svenskakyrkan.se\/akebonnier\/2010\/10\/05\/sverigedemokraterna-och-evangeliet\/"},"author":{"name":"\u00c5ke Bonnier","@id":"https:\/\/blogg.svenskakyrkan.se\/akebonnier\/#\/schema\/person\/8db68bc0c94f6a5a62df2d4486ff1343"},"headline":"Sverigedemokraterna och evangeliet","datePublished":"2010-10-05T15:09:00+00:00","mainEntityOfPage":{"@id":"https:\/\/blogg.svenskakyrkan.se\/akebonnier\/2010\/10\/05\/sverigedemokraterna-och-evangeliet\/"},"wordCount":356,"commentCount":42,"image":{"@id":"https:\/\/blogg.svenskakyrkan.se\/akebonnier\/2010\/10\/05\/sverigedemokraterna-och-evangeliet\/#primaryimage"},"thumbnailUrl":"https:\/\/blogger.googleusercontent.com\/tracker\/9055441369901436026-6274377148622153478?l=akebonnier.blogspot.com","articleSection":["Sverigedemokraterna och evangeliet"],"inLanguage":"sv-SE","potentialAction":[{"@type":"CommentAction","name":"Comment","target":["https:\/\/blogg.svenskakyrkan.se\/akebonnier\/2010\/10\/05\/sverigedemokraterna-och-evangeliet\/#respond"]}]},{"@type":"WebPage","@id":"https:\/\/blogg.svenskakyrkan.se\/akebonnier\/2010\/10\/05\/sverigedemokraterna-och-evangeliet\/","url":"https:\/\/blogg.svenskakyrkan.se\/akebonnier\/2010\/10\/05\/sverigedemokraterna-och-evangeliet\/","name":"Sverigedemokraterna och evangeliet - \u00c5ke Bonnier","isPartOf":{"@id":"https:\/\/blogg.svenskakyrkan.se\/akebonnier\/#website"},"primaryImageOfPage":{"@id":"https:\/\/blogg.svenskakyrkan.se\/akebonnier\/2010\/10\/05\/sverigedemokraterna-och-evangeliet\/#primaryimage"},"image":{"@id":"https:\/\/blogg.svenskakyrkan.se\/akebonnier\/2010\/10\/05\/sverigedemokraterna-och-evangeliet\/#primaryimage"},"thumbnailUrl":"https:\/\/blogger.googleusercontent.com\/tracker\/9055441369901436026-6274377148622153478?l=akebonnier.blogspot.com","datePublished":"2010-10-05T15:09:00+00:00","author":{"@id":"https:\/\/blogg.svenskakyrkan.se\/akebonnier\/#\/schema\/person\/8db68bc0c94f6a5a62df2d4486ff1343"},"breadcrumb":{"@id":"https:\/\/blogg.svenskakyrkan.se\/akebonnier\/2010\/10\/05\/sverigedemokraterna-och-evangeliet\/#breadcrumb"},"inLanguage":"sv-SE","potentialAction":[{"@type":"ReadAction","target":["https:\/\/blogg.svenskakyrkan.se\/akebonnier\/2010\/10\/05\/sverigedemokraterna-och-evangeliet\/"]}]},{"@type":"ImageObject","inLanguage":"sv-SE","@id":"https:\/\/blogg.svenskakyrkan.se\/akebonnier\/2010\/10\/05\/sverigedemokraterna-och-evangeliet\/#primaryimage","url":"https:\/\/blogger.googleusercontent.com\/tracker\/9055441369901436026-6274377148622153478?l=akebonnier.blogspot.com","contentUrl":"https:\/\/blogger.googleusercontent.com\/tracker\/9055441369901436026-6274377148622153478?l=akebonnier.blogspot.com"},{"@type":"BreadcrumbList","@id":"https:\/\/blogg.svenskakyrkan.se\/akebonnier\/2010\/10\/05\/sverigedemokraterna-och-evangeliet\/#breadcrumb","itemListElement":[{"@type":"ListItem","position":1,"name":"Hem","item":"https:\/\/blogg.svenskakyrkan.se\/akebonnier\/"},{"@type":"ListItem","position":2,"name":"Sverigedemokraterna och evangeliet"}]},{"@type":"WebSite","@id":"https:\/\/blogg.svenskakyrkan.se\/akebonnier\/#website","url":"https:\/\/blogg.svenskakyrkan.se\/akebonnier\/","name":"\u00c5ke Bonnier","description":"Biskop i Svenska kyrkan - Skara stift","potentialAction":[{"@type":"SearchAction","target":{"@type":"EntryPoint","urlTemplate":"https:\/\/blogg.svenskakyrkan.se\/akebonnier\/?s={search_term_string}"},"query-input":{"@type":"PropertyValueSpecification","valueRequired":true,"valueName":"search_term_string"}}],"inLanguage":"sv-SE"},{"@type":"Person","@id":"https:\/\/blogg.svenskakyrkan.se\/akebonnier\/#\/schema\/person\/8db68bc0c94f6a5a62df2d4486ff1343","name":"\u00c5ke Bonnier","image":{"@type":"ImageObject","inLanguage":"sv-SE","@id":"https:\/\/blogg.svenskakyrkan.se\/akebonnier\/#\/schema\/person\/image\/","url":"https:\/\/secure.gravatar.com\/avatar\/b88264736bb0bc0d1ea92298aef02c9f98cfc13c7484130c42c663ae484f9462?s=96&d=mm&r=g","contentUrl":"https:\/\/secure.gravatar.com\/avatar\/b88264736bb0bc0d1ea92298aef02c9f98cfc13c7484130c42c663ae484f9462?s=96&d=mm&r=g","caption":"\u00c5ke Bonnier"},"description":"Jag \u00e4r gift och har tv\u00e5 vuxna d\u00f6ttrar. Pr\u00e4stvigdes 1984 och biskopsvigs 26 augusti 2012 . Jag har tidigare bland annat varit, komminister och kyrkoherde i Liding\u00f6 f\u00f6rsamling och domprost i Stockholms domkyrkof\u00f6rsamling. Jag \u00e4r intresserad av konst, litteratur, teater, film. Jag tr\u00e4nar regelbundet p\u00e5 gym. Mitt huvudsakliga musikintresse \u00e4r klassisk musik men ocks\u00e5 Beatles, Elvis Presley, Monika Zettelund, Povel Ramel och m\u00e5nga andra tycker jag om att lyssna p\u00e5. Jag l\u00e4ser f\u00f6r lite sk\u00f6nlitteratur beroende p\u00e5 annat som jag m\u00e5ste l\u00e4sa i mitt uppdrag som biskop. Men jag \u00e4lskar b\u00f6cker. Naturligtvis l\u00e4ser jag n\u00e4st intill dagligdags i \"B\u00f6ckernas Bok.\"","sameAs":["http:\/\/www.skarastift.se"],"url":"https:\/\/blogg.svenskakyrkan.se\/akebonnier\/author\/akebonnier\/"}]}},"author_meta":{"ID":"108","user_nicename":"akebonnier","user_url":"http:\/\/www.skarastift.se","user_registered":"2011-10-11 09:24:48","display_name":"\u00c5ke Bonnier","first_name":"\u00c5ke","last_name":"Bonnier","avatar":"https:\/\/secure.gravatar.com\/avatar\/b88264736bb0bc0d1ea92298aef02c9f98cfc13c7484130c42c663ae484f9462?s=96&d=mm&r=g"},"featured_image":false,"bloginfo":{"name":"\u00c5ke Bonnier","url":"https:\/\/blogg.svenskakyrkan.se\/akebonnier"},"_links":{"self":[{"href":"https:\/\/blogg.svenskakyrkan.se\/akebonnier\/wp-json\/wp\/v2\/posts\/459","targetHints":{"allow":["GET"]}}],"collection":[{"href":"https:\/\/blogg.svenskakyrkan.se\/akebonnier\/wp-json\/wp\/v2\/posts"}],"about":[{"href":"https:\/\/blogg.svenskakyrkan.se\/akebonnier\/wp-json\/wp\/v2\/types\/post"}],"author":[{"embeddable":true,"href":"https:\/\/blogg.svenskakyrkan.se\/akebonnier\/wp-json\/wp\/v2\/users\/108"}],"replies":[{"embeddable":true,"href":"https:\/\/blogg.svenskakyrkan.se\/akebonnier\/wp-json\/wp\/v2\/comments?post=459"}],"version-history":[{"count":0,"href":"https:\/\/blogg.svenskakyrkan.se\/akebonnier\/wp-json\/wp\/v2\/posts\/459\/revisions"}],"wp:attachment":[{"href":"https:\/\/blogg.svenskakyrkan.se\/akebonnier\/wp-json\/wp\/v2\/media?parent=459"}],"wp:term":[{"taxonomy":"category","embeddable":true,"href":"https:\/\/blogg.svenskakyrkan.se\/akebonnier\/wp-json\/wp\/v2\/categories?post=459"},{"taxonomy":"post_tag","embeddable":true,"href":"https:\/\/blogg.svenskakyrkan.se\/akebonnier\/wp-json\/wp\/v2\/tags?post=459"}],"curies":[{"name":"wp","href":"https:\/\/api.w.org\/{rel}","templated":true}]}}