{"id":461,"date":"2010-10-13T06:02:00","date_gmt":"2010-10-13T06:02:00","guid":{"rendered":"http:\/\/blogg.svenskakyrkan.se\/akebonnier\/2010\/10\/13\/inget-ont-som-inte-har-nagot-gott-med-sig\/"},"modified":"2010-10-13T06:02:00","modified_gmt":"2010-10-13T06:02:00","slug":"inget-ont-som-inte-har-nagot-gott-med-sig","status":"publish","type":"post","link":"https:\/\/blogg.svenskakyrkan.se\/akebonnier\/2010\/10\/13\/inget-ont-som-inte-har-nagot-gott-med-sig\/","title":{"rendered":"Inget ont som inte har n\u00e5got gott med sig."},"content":{"rendered":"<p>Det \u00e4r naturligtvis inte Sverigedemokraternas fel att de valts in i riksdagen. Det \u00e4r de hundratusentals v\u00e4ljarna, de dryga 5 procenten, som orsakat detta. Vi \u00e4r m\u00e5nga som var oerh\u00f6rt besvikna p\u00e5 valnatten och vi \u00e4r m\u00e5nga som med f\u00f6rtvivlan och frustration i en osalig blandning reagerade n\u00e4r de t\u00e5gade ut ur Storkyrkan under biskop Eva Brunnes predikan om m\u00e4nskliga r\u00e4ttigheter.<\/p>\n<p>Men, inget ont som inte har n\u00e5got gott med sig. Kanske kan Sverigedemokraterna ofrivilligt bidra till att tonen mellan de b\u00e4gge blocken blir mer nyanserad, att de h\u00e5rda orden minskar i antal, att samf\u00f6rst\u00e5nd snarare \u00e4n motst\u00e5nd kan bli en linje. G\u00e5rdagens budgetdebatt signalerade, enligt Dagens Nyheter, n\u00e5got i den stilen \u00e4ven om V\u00e4nsterpartiets Ulla Andersson tydligen dundrade p\u00e5. Men kanske, kanske kan man f\u00f6renas i en god v\u00e4g fram\u00e5t f\u00f6r Sverige i \u00f6ppenhet med samf\u00f6rst\u00e5nd kring m\u00e5nga olika fr\u00e5gor. Kanske, kanske kan flyktingpolitiken ocks\u00e5 bli b\u00e4ttre. Allt annat vore att spela p\u00e5 samma planhalva som Sverigedemokraterna. Och vem vill vara p\u00e5 den planhalvan?<\/p>\n<div class=\"blogger-post-footer\"><img width='1' height='1' src='https:\/\/blogger.googleusercontent.com\/tracker\/9055441369901436026-1985412386614286364?l=akebonnier.blogspot.com' alt='' \/><\/div>\n","protected":false},"excerpt":{"rendered":"<p>Det \u00e4r naturligtvis inte Sverigedemokraternas fel att de valts in i riksdagen. Det \u00e4r de hundratusentals v\u00e4ljarna, de dryga 5 procenten, som orsakat detta. Vi \u00e4r m\u00e5nga som var oerh\u00f6rt besvikna p\u00e5 valnatten och vi \u00e4r m\u00e5nga som med f\u00f6rtvivlan och frustration i en osalig blandning reagerade n\u00e4r de t\u00e5gade ut ur Storkyrkan under biskop [&hellip;]<\/p>\n","protected":false},"author":108,"featured_media":0,"comment_status":"open","ping_status":"open","sticky":false,"template":"","format":"standard","meta":{"_acf_changed":false,"footnotes":""},"categories":[16435],"tags":[],"class_list":["post-461","post","type-post","status-publish","format-standard","hentry","category-inget-ont-som-inte-har-nagot-gott-med-sig"],"acf":[],"yoast_head":"<!-- This site is optimized with the Yoast SEO plugin v27.1.1 - https:\/\/yoast.com\/product\/yoast-seo-wordpress\/ -->\n<title>Inget ont som inte har n\u00e5got gott med sig. - \u00c5ke Bonnier<\/title>\n<meta name=\"robots\" content=\"index, follow, max-snippet:-1, max-image-preview:large, max-video-preview:-1\" \/>\n<link rel=\"canonical\" href=\"https:\/\/blogg.svenskakyrkan.se\/akebonnier\/2010\/10\/13\/inget-ont-som-inte-har-nagot-gott-med-sig\/\" \/>\n<meta property=\"og:locale\" content=\"sv_SE\" \/>\n<meta property=\"og:type\" content=\"article\" \/>\n<meta property=\"og:title\" content=\"Inget ont som inte har n\u00e5got gott med sig. - \u00c5ke Bonnier\" \/>\n<meta property=\"og:description\" content=\"Det \u00e4r naturligtvis inte Sverigedemokraternas fel att de valts in i riksdagen. Det \u00e4r de hundratusentals v\u00e4ljarna, de dryga 5 procenten, som orsakat detta. Vi \u00e4r m\u00e5nga som var oerh\u00f6rt besvikna p\u00e5 valnatten och vi \u00e4r m\u00e5nga som med f\u00f6rtvivlan och frustration i en osalig blandning reagerade n\u00e4r de t\u00e5gade ut ur Storkyrkan under biskop [&hellip;]\" \/>\n<meta property=\"og:url\" content=\"https:\/\/blogg.svenskakyrkan.se\/akebonnier\/2010\/10\/13\/inget-ont-som-inte-har-nagot-gott-med-sig\/\" \/>\n<meta property=\"og:site_name\" content=\"\u00c5ke Bonnier\" \/>\n<meta property=\"article:published_time\" content=\"2010-10-13T06:02:00+00:00\" \/>\n<meta property=\"og:image\" content=\"https:\/\/blogger.googleusercontent.com\/tracker\/9055441369901436026-1985412386614286364?l=akebonnier.blogspot.com\" \/>\n<meta name=\"author\" content=\"\u00c5ke Bonnier\" \/>\n<meta name=\"twitter:card\" content=\"summary_large_image\" \/>\n<meta name=\"twitter:label1\" content=\"Skriven av\" \/>\n\t<meta name=\"twitter:data1\" content=\"\u00c5ke Bonnier\" \/>\n\t<meta name=\"twitter:label2\" content=\"Ber\u00e4knad l\u00e4stid\" \/>\n\t<meta name=\"twitter:data2\" content=\"1 minut\" \/>\n<script type=\"application\/ld+json\" class=\"yoast-schema-graph\">{\"@context\":\"https:\/\/schema.org\",\"@graph\":[{\"@type\":\"Article\",\"@id\":\"https:\/\/blogg.svenskakyrkan.se\/akebonnier\/2010\/10\/13\/inget-ont-som-inte-har-nagot-gott-med-sig\/#article\",\"isPartOf\":{\"@id\":\"https:\/\/blogg.svenskakyrkan.se\/akebonnier\/2010\/10\/13\/inget-ont-som-inte-har-nagot-gott-med-sig\/\"},\"author\":{\"name\":\"\u00c5ke Bonnier\",\"@id\":\"https:\/\/blogg.svenskakyrkan.se\/akebonnier\/#\/schema\/person\/8db68bc0c94f6a5a62df2d4486ff1343\"},\"headline\":\"Inget ont som inte har n\u00e5got gott med sig.\",\"datePublished\":\"2010-10-13T06:02:00+00:00\",\"mainEntityOfPage\":{\"@id\":\"https:\/\/blogg.svenskakyrkan.se\/akebonnier\/2010\/10\/13\/inget-ont-som-inte-har-nagot-gott-med-sig\/\"},\"wordCount\":201,\"commentCount\":41,\"image\":{\"@id\":\"https:\/\/blogg.svenskakyrkan.se\/akebonnier\/2010\/10\/13\/inget-ont-som-inte-har-nagot-gott-med-sig\/#primaryimage\"},\"thumbnailUrl\":\"https:\/\/blogger.googleusercontent.com\/tracker\/9055441369901436026-1985412386614286364?l=akebonnier.blogspot.com\",\"articleSection\":[\"Inget ont som inte har n\u00e5got gott med sig\"],\"inLanguage\":\"sv-SE\",\"potentialAction\":[{\"@type\":\"CommentAction\",\"name\":\"Comment\",\"target\":[\"https:\/\/blogg.svenskakyrkan.se\/akebonnier\/2010\/10\/13\/inget-ont-som-inte-har-nagot-gott-med-sig\/#respond\"]}]},{\"@type\":\"WebPage\",\"@id\":\"https:\/\/blogg.svenskakyrkan.se\/akebonnier\/2010\/10\/13\/inget-ont-som-inte-har-nagot-gott-med-sig\/\",\"url\":\"https:\/\/blogg.svenskakyrkan.se\/akebonnier\/2010\/10\/13\/inget-ont-som-inte-har-nagot-gott-med-sig\/\",\"name\":\"Inget ont som inte har n\u00e5got gott med sig. - \u00c5ke Bonnier\",\"isPartOf\":{\"@id\":\"https:\/\/blogg.svenskakyrkan.se\/akebonnier\/#website\"},\"primaryImageOfPage\":{\"@id\":\"https:\/\/blogg.svenskakyrkan.se\/akebonnier\/2010\/10\/13\/inget-ont-som-inte-har-nagot-gott-med-sig\/#primaryimage\"},\"image\":{\"@id\":\"https:\/\/blogg.svenskakyrkan.se\/akebonnier\/2010\/10\/13\/inget-ont-som-inte-har-nagot-gott-med-sig\/#primaryimage\"},\"thumbnailUrl\":\"https:\/\/blogger.googleusercontent.com\/tracker\/9055441369901436026-1985412386614286364?l=akebonnier.blogspot.com\",\"datePublished\":\"2010-10-13T06:02:00+00:00\",\"author\":{\"@id\":\"https:\/\/blogg.svenskakyrkan.se\/akebonnier\/#\/schema\/person\/8db68bc0c94f6a5a62df2d4486ff1343\"},\"breadcrumb\":{\"@id\":\"https:\/\/blogg.svenskakyrkan.se\/akebonnier\/2010\/10\/13\/inget-ont-som-inte-har-nagot-gott-med-sig\/#breadcrumb\"},\"inLanguage\":\"sv-SE\",\"potentialAction\":[{\"@type\":\"ReadAction\",\"target\":[\"https:\/\/blogg.svenskakyrkan.se\/akebonnier\/2010\/10\/13\/inget-ont-som-inte-har-nagot-gott-med-sig\/\"]}]},{\"@type\":\"ImageObject\",\"inLanguage\":\"sv-SE\",\"@id\":\"https:\/\/blogg.svenskakyrkan.se\/akebonnier\/2010\/10\/13\/inget-ont-som-inte-har-nagot-gott-med-sig\/#primaryimage\",\"url\":\"https:\/\/blogger.googleusercontent.com\/tracker\/9055441369901436026-1985412386614286364?l=akebonnier.blogspot.com\",\"contentUrl\":\"https:\/\/blogger.googleusercontent.com\/tracker\/9055441369901436026-1985412386614286364?l=akebonnier.blogspot.com\"},{\"@type\":\"BreadcrumbList\",\"@id\":\"https:\/\/blogg.svenskakyrkan.se\/akebonnier\/2010\/10\/13\/inget-ont-som-inte-har-nagot-gott-med-sig\/#breadcrumb\",\"itemListElement\":[{\"@type\":\"ListItem\",\"position\":1,\"name\":\"Hem\",\"item\":\"https:\/\/blogg.svenskakyrkan.se\/akebonnier\/\"},{\"@type\":\"ListItem\",\"position\":2,\"name\":\"Inget ont som inte har n\u00e5got gott med sig.\"}]},{\"@type\":\"WebSite\",\"@id\":\"https:\/\/blogg.svenskakyrkan.se\/akebonnier\/#website\",\"url\":\"https:\/\/blogg.svenskakyrkan.se\/akebonnier\/\",\"name\":\"\u00c5ke Bonnier\",\"description\":\"Biskop i Svenska kyrkan - Skara stift\",\"potentialAction\":[{\"@type\":\"SearchAction\",\"target\":{\"@type\":\"EntryPoint\",\"urlTemplate\":\"https:\/\/blogg.svenskakyrkan.se\/akebonnier\/?s={search_term_string}\"},\"query-input\":{\"@type\":\"PropertyValueSpecification\",\"valueRequired\":true,\"valueName\":\"search_term_string\"}}],\"inLanguage\":\"sv-SE\"},{\"@type\":\"Person\",\"@id\":\"https:\/\/blogg.svenskakyrkan.se\/akebonnier\/#\/schema\/person\/8db68bc0c94f6a5a62df2d4486ff1343\",\"name\":\"\u00c5ke Bonnier\",\"image\":{\"@type\":\"ImageObject\",\"inLanguage\":\"sv-SE\",\"@id\":\"https:\/\/blogg.svenskakyrkan.se\/akebonnier\/#\/schema\/person\/image\/\",\"url\":\"https:\/\/secure.gravatar.com\/avatar\/b88264736bb0bc0d1ea92298aef02c9f98cfc13c7484130c42c663ae484f9462?s=96&d=mm&r=g\",\"contentUrl\":\"https:\/\/secure.gravatar.com\/avatar\/b88264736bb0bc0d1ea92298aef02c9f98cfc13c7484130c42c663ae484f9462?s=96&d=mm&r=g\",\"caption\":\"\u00c5ke Bonnier\"},\"description\":\"Jag \u00e4r gift och har tv\u00e5 vuxna d\u00f6ttrar. Pr\u00e4stvigdes 1984 och biskopsvigs 26 augusti 2012 . Jag har tidigare bland annat varit, komminister och kyrkoherde i Liding\u00f6 f\u00f6rsamling och domprost i Stockholms domkyrkof\u00f6rsamling. Jag \u00e4r intresserad av konst, litteratur, teater, film. Jag tr\u00e4nar regelbundet p\u00e5 gym. Mitt huvudsakliga musikintresse \u00e4r klassisk musik men ocks\u00e5 Beatles, Elvis Presley, Monika Zettelund, Povel Ramel och m\u00e5nga andra tycker jag om att lyssna p\u00e5. Jag l\u00e4ser f\u00f6r lite sk\u00f6nlitteratur beroende p\u00e5 annat som jag m\u00e5ste l\u00e4sa i mitt uppdrag som biskop. Men jag \u00e4lskar b\u00f6cker. Naturligtvis l\u00e4ser jag n\u00e4st intill dagligdags i \\\"B\u00f6ckernas Bok.\\\"\",\"sameAs\":[\"http:\/\/www.skarastift.se\"],\"url\":\"https:\/\/blogg.svenskakyrkan.se\/akebonnier\/author\/akebonnier\/\"}]}<\/script>\n<!-- \/ Yoast SEO plugin. -->","yoast_head_json":{"title":"Inget ont som inte har n\u00e5got gott med sig. - \u00c5ke Bonnier","robots":{"index":"index","follow":"follow","max-snippet":"max-snippet:-1","max-image-preview":"max-image-preview:large","max-video-preview":"max-video-preview:-1"},"canonical":"https:\/\/blogg.svenskakyrkan.se\/akebonnier\/2010\/10\/13\/inget-ont-som-inte-har-nagot-gott-med-sig\/","og_locale":"sv_SE","og_type":"article","og_title":"Inget ont som inte har n\u00e5got gott med sig. - \u00c5ke Bonnier","og_description":"Det \u00e4r naturligtvis inte Sverigedemokraternas fel att de valts in i riksdagen. Det \u00e4r de hundratusentals v\u00e4ljarna, de dryga 5 procenten, som orsakat detta. Vi \u00e4r m\u00e5nga som var oerh\u00f6rt besvikna p\u00e5 valnatten och vi \u00e4r m\u00e5nga som med f\u00f6rtvivlan och frustration i en osalig blandning reagerade n\u00e4r de t\u00e5gade ut ur Storkyrkan under biskop [&hellip;]","og_url":"https:\/\/blogg.svenskakyrkan.se\/akebonnier\/2010\/10\/13\/inget-ont-som-inte-har-nagot-gott-med-sig\/","og_site_name":"\u00c5ke Bonnier","article_published_time":"2010-10-13T06:02:00+00:00","og_image":[{"url":"https:\/\/blogger.googleusercontent.com\/tracker\/9055441369901436026-1985412386614286364?l=akebonnier.blogspot.com","type":"","width":"","height":""}],"author":"\u00c5ke Bonnier","twitter_card":"summary_large_image","twitter_misc":{"Skriven av":"\u00c5ke Bonnier","Ber\u00e4knad l\u00e4stid":"1 minut"},"schema":{"@context":"https:\/\/schema.org","@graph":[{"@type":"Article","@id":"https:\/\/blogg.svenskakyrkan.se\/akebonnier\/2010\/10\/13\/inget-ont-som-inte-har-nagot-gott-med-sig\/#article","isPartOf":{"@id":"https:\/\/blogg.svenskakyrkan.se\/akebonnier\/2010\/10\/13\/inget-ont-som-inte-har-nagot-gott-med-sig\/"},"author":{"name":"\u00c5ke Bonnier","@id":"https:\/\/blogg.svenskakyrkan.se\/akebonnier\/#\/schema\/person\/8db68bc0c94f6a5a62df2d4486ff1343"},"headline":"Inget ont som inte har n\u00e5got gott med sig.","datePublished":"2010-10-13T06:02:00+00:00","mainEntityOfPage":{"@id":"https:\/\/blogg.svenskakyrkan.se\/akebonnier\/2010\/10\/13\/inget-ont-som-inte-har-nagot-gott-med-sig\/"},"wordCount":201,"commentCount":41,"image":{"@id":"https:\/\/blogg.svenskakyrkan.se\/akebonnier\/2010\/10\/13\/inget-ont-som-inte-har-nagot-gott-med-sig\/#primaryimage"},"thumbnailUrl":"https:\/\/blogger.googleusercontent.com\/tracker\/9055441369901436026-1985412386614286364?l=akebonnier.blogspot.com","articleSection":["Inget ont som inte har n\u00e5got gott med sig"],"inLanguage":"sv-SE","potentialAction":[{"@type":"CommentAction","name":"Comment","target":["https:\/\/blogg.svenskakyrkan.se\/akebonnier\/2010\/10\/13\/inget-ont-som-inte-har-nagot-gott-med-sig\/#respond"]}]},{"@type":"WebPage","@id":"https:\/\/blogg.svenskakyrkan.se\/akebonnier\/2010\/10\/13\/inget-ont-som-inte-har-nagot-gott-med-sig\/","url":"https:\/\/blogg.svenskakyrkan.se\/akebonnier\/2010\/10\/13\/inget-ont-som-inte-har-nagot-gott-med-sig\/","name":"Inget ont som inte har n\u00e5got gott med sig. - \u00c5ke Bonnier","isPartOf":{"@id":"https:\/\/blogg.svenskakyrkan.se\/akebonnier\/#website"},"primaryImageOfPage":{"@id":"https:\/\/blogg.svenskakyrkan.se\/akebonnier\/2010\/10\/13\/inget-ont-som-inte-har-nagot-gott-med-sig\/#primaryimage"},"image":{"@id":"https:\/\/blogg.svenskakyrkan.se\/akebonnier\/2010\/10\/13\/inget-ont-som-inte-har-nagot-gott-med-sig\/#primaryimage"},"thumbnailUrl":"https:\/\/blogger.googleusercontent.com\/tracker\/9055441369901436026-1985412386614286364?l=akebonnier.blogspot.com","datePublished":"2010-10-13T06:02:00+00:00","author":{"@id":"https:\/\/blogg.svenskakyrkan.se\/akebonnier\/#\/schema\/person\/8db68bc0c94f6a5a62df2d4486ff1343"},"breadcrumb":{"@id":"https:\/\/blogg.svenskakyrkan.se\/akebonnier\/2010\/10\/13\/inget-ont-som-inte-har-nagot-gott-med-sig\/#breadcrumb"},"inLanguage":"sv-SE","potentialAction":[{"@type":"ReadAction","target":["https:\/\/blogg.svenskakyrkan.se\/akebonnier\/2010\/10\/13\/inget-ont-som-inte-har-nagot-gott-med-sig\/"]}]},{"@type":"ImageObject","inLanguage":"sv-SE","@id":"https:\/\/blogg.svenskakyrkan.se\/akebonnier\/2010\/10\/13\/inget-ont-som-inte-har-nagot-gott-med-sig\/#primaryimage","url":"https:\/\/blogger.googleusercontent.com\/tracker\/9055441369901436026-1985412386614286364?l=akebonnier.blogspot.com","contentUrl":"https:\/\/blogger.googleusercontent.com\/tracker\/9055441369901436026-1985412386614286364?l=akebonnier.blogspot.com"},{"@type":"BreadcrumbList","@id":"https:\/\/blogg.svenskakyrkan.se\/akebonnier\/2010\/10\/13\/inget-ont-som-inte-har-nagot-gott-med-sig\/#breadcrumb","itemListElement":[{"@type":"ListItem","position":1,"name":"Hem","item":"https:\/\/blogg.svenskakyrkan.se\/akebonnier\/"},{"@type":"ListItem","position":2,"name":"Inget ont som inte har n\u00e5got gott med sig."}]},{"@type":"WebSite","@id":"https:\/\/blogg.svenskakyrkan.se\/akebonnier\/#website","url":"https:\/\/blogg.svenskakyrkan.se\/akebonnier\/","name":"\u00c5ke Bonnier","description":"Biskop i Svenska kyrkan - Skara stift","potentialAction":[{"@type":"SearchAction","target":{"@type":"EntryPoint","urlTemplate":"https:\/\/blogg.svenskakyrkan.se\/akebonnier\/?s={search_term_string}"},"query-input":{"@type":"PropertyValueSpecification","valueRequired":true,"valueName":"search_term_string"}}],"inLanguage":"sv-SE"},{"@type":"Person","@id":"https:\/\/blogg.svenskakyrkan.se\/akebonnier\/#\/schema\/person\/8db68bc0c94f6a5a62df2d4486ff1343","name":"\u00c5ke Bonnier","image":{"@type":"ImageObject","inLanguage":"sv-SE","@id":"https:\/\/blogg.svenskakyrkan.se\/akebonnier\/#\/schema\/person\/image\/","url":"https:\/\/secure.gravatar.com\/avatar\/b88264736bb0bc0d1ea92298aef02c9f98cfc13c7484130c42c663ae484f9462?s=96&d=mm&r=g","contentUrl":"https:\/\/secure.gravatar.com\/avatar\/b88264736bb0bc0d1ea92298aef02c9f98cfc13c7484130c42c663ae484f9462?s=96&d=mm&r=g","caption":"\u00c5ke Bonnier"},"description":"Jag \u00e4r gift och har tv\u00e5 vuxna d\u00f6ttrar. Pr\u00e4stvigdes 1984 och biskopsvigs 26 augusti 2012 . Jag har tidigare bland annat varit, komminister och kyrkoherde i Liding\u00f6 f\u00f6rsamling och domprost i Stockholms domkyrkof\u00f6rsamling. Jag \u00e4r intresserad av konst, litteratur, teater, film. Jag tr\u00e4nar regelbundet p\u00e5 gym. Mitt huvudsakliga musikintresse \u00e4r klassisk musik men ocks\u00e5 Beatles, Elvis Presley, Monika Zettelund, Povel Ramel och m\u00e5nga andra tycker jag om att lyssna p\u00e5. Jag l\u00e4ser f\u00f6r lite sk\u00f6nlitteratur beroende p\u00e5 annat som jag m\u00e5ste l\u00e4sa i mitt uppdrag som biskop. Men jag \u00e4lskar b\u00f6cker. Naturligtvis l\u00e4ser jag n\u00e4st intill dagligdags i \"B\u00f6ckernas Bok.\"","sameAs":["http:\/\/www.skarastift.se"],"url":"https:\/\/blogg.svenskakyrkan.se\/akebonnier\/author\/akebonnier\/"}]}},"author_meta":{"ID":"108","user_nicename":"akebonnier","user_url":"http:\/\/www.skarastift.se","user_registered":"2011-10-11 09:24:48","display_name":"\u00c5ke Bonnier","first_name":"\u00c5ke","last_name":"Bonnier","avatar":"https:\/\/secure.gravatar.com\/avatar\/b88264736bb0bc0d1ea92298aef02c9f98cfc13c7484130c42c663ae484f9462?s=96&d=mm&r=g"},"featured_image":false,"bloginfo":{"name":"\u00c5ke Bonnier","url":"https:\/\/blogg.svenskakyrkan.se\/akebonnier"},"_links":{"self":[{"href":"https:\/\/blogg.svenskakyrkan.se\/akebonnier\/wp-json\/wp\/v2\/posts\/461","targetHints":{"allow":["GET"]}}],"collection":[{"href":"https:\/\/blogg.svenskakyrkan.se\/akebonnier\/wp-json\/wp\/v2\/posts"}],"about":[{"href":"https:\/\/blogg.svenskakyrkan.se\/akebonnier\/wp-json\/wp\/v2\/types\/post"}],"author":[{"embeddable":true,"href":"https:\/\/blogg.svenskakyrkan.se\/akebonnier\/wp-json\/wp\/v2\/users\/108"}],"replies":[{"embeddable":true,"href":"https:\/\/blogg.svenskakyrkan.se\/akebonnier\/wp-json\/wp\/v2\/comments?post=461"}],"version-history":[{"count":0,"href":"https:\/\/blogg.svenskakyrkan.se\/akebonnier\/wp-json\/wp\/v2\/posts\/461\/revisions"}],"wp:attachment":[{"href":"https:\/\/blogg.svenskakyrkan.se\/akebonnier\/wp-json\/wp\/v2\/media?parent=461"}],"wp:term":[{"taxonomy":"category","embeddable":true,"href":"https:\/\/blogg.svenskakyrkan.se\/akebonnier\/wp-json\/wp\/v2\/categories?post=461"},{"taxonomy":"post_tag","embeddable":true,"href":"https:\/\/blogg.svenskakyrkan.se\/akebonnier\/wp-json\/wp\/v2\/tags?post=461"}],"curies":[{"name":"wp","href":"https:\/\/api.w.org\/{rel}","templated":true}]}}