{"id":463,"date":"2010-10-19T21:33:00","date_gmt":"2010-10-19T21:33:00","guid":{"rendered":"http:\/\/blogg.svenskakyrkan.se\/akebonnier\/2010\/10\/19\/inskrankt-eller-generos\/"},"modified":"2010-10-19T21:33:00","modified_gmt":"2010-10-19T21:33:00","slug":"inskrankt-eller-generos","status":"publish","type":"post","link":"https:\/\/blogg.svenskakyrkan.se\/akebonnier\/2010\/10\/19\/inskrankt-eller-generos\/","title":{"rendered":"Inskr\u00e4nkt eller gener\u00f6s?"},"content":{"rendered":"<p>\u00c4r Svenska kyrkan inskr\u00e4nkt eller \u00f6ppen? Den debatten har f\u00f6rts p\u00e5 kommentarerna till ett av mina blogginl\u00e4gg. Det \u00e4r s\u00e5 l\u00e4tt att s\u00e4ga att en kyrka \u00e4r inskr\u00e4nkt s\u00e5 fort den har en uppfattning, en profil, en \u00f6vertygelse som inte st\u00e4mmer \u00f6verens med den andres uppfattning. Jag kan tycka att andra trossamfund kan ha en inskr\u00e4nkt syn i vissa fr\u00e5gor d\u00e4rf\u00f6r att jag och min kyrka har en annan syn. Men \u00e4rligt talat, hur l\u00e5ngt kommer man med det resonemanget. Vi m\u00e5 framf\u00f6ra olika p\u00e5st\u00e5enden om hur den andre \u00e4r, vi m\u00e5 m\u00e5la upp den andres kyrka, den andres tro i svart-vita f\u00e4rger, men vi m\u00e5ste komma ih\u00e5g att vi m\u00e5lar utifr\u00e5n, bed\u00f6mer utifr\u00e5n och ser inte alltid nyanserna, ser inte inifr\u00e5n. L\u00e5t oss se p\u00e5 varandra med respekt, l\u00e5t oss samtala med varandra i nyfikenhet \u00f6ver den andres \u00e5sikter, den andres trosuppfattning i gl\u00e4dje \u00f6ver v\u00e5r egen.<\/p>\n<p>Sj\u00e4lv \u00e4r jag glad \u00f6ver en kyrka som s\u00e5 tydligt tar st\u00e4llning f\u00f6r samk\u00f6nade \u00e4ktenskap, som s\u00e5 tydligt tar st\u00e4llning f\u00f6r de marginaliserade i samh\u00e4llet, som s\u00e5 tydligt tar st\u00e4llning f\u00f6r m\u00e4nniskov\u00e4rdesprincipen som talar om alla m\u00e4nniskors lika v\u00e4rde och som g\u00f6r allt detta p\u00e5 en god biblisk grund. I fler och fler kyrkor av reformatorisk tradition v\u00e4cks dessa fr\u00e5gor och fler och fler r\u00f6ster h\u00f6js runt om i v\u00e4rlden f\u00f6r att man ska g\u00e5 samma v\u00e4g som Svenska kyrkan. H\u00e4r har vi varit en f\u00f6rebild.<\/p>\n<p>Men, och det \u00e4r viktigt, som kyrkotillh\u00f6rig beh\u00f6ver man inte dela kyrkans syn p\u00e5 n\u00e5got. Varje kyrkotillh\u00f6rig har r\u00e4tt att tro som vederb\u00f6rande vill. Det \u00e4r en gener\u00f6s h\u00e5llning som vi delar med m\u00e5nga (kanske de flesta trossamfunden). D\u00e4remot m\u00e5ste en pr\u00e4stkandidat eller dioakonkandidat h\u00e5lla sig till Svenska kyrkans l\u00e4ra och liv s\u00e5som den \u00e5terges i bek\u00e4nnelseskrifterna och tolkas av kyrkoordningen. Svenska kyrkans pr\u00e4ster och diakoner kan kort sagt och draget till sin spets, riskera att f\u00f6rlora uppdraget att vara pr\u00e4st eller diakon om vederb\u00f6rande bryter mot det som stadgas i kyrkoordningen. Det finns allts\u00e5 begr\u00e4nsningar f\u00f6r vigningstj\u00e4nsterna inom Svenska kyrkan. Det g\u00e4ller ocks\u00e5 biskops\u00e4mbetet. Men detta \u00e4r inte konstigt, det \u00e5terfinns ocks\u00e5 i andra episkopala kyrkor inklusive den katolska. N\u00e5gon ordning m\u00e5ste det ju vara&#8230;<\/p>\n<p>Liksom i den Romersk katolska kyrkan ryms det m\u00e5nga olika linjer i v\u00e5r kyrka men liksom i den Romersk katolska kyrkan finns det saker som m\u00e5ste uppfyllas f\u00f6r att man ska diakon- och\/eller pr\u00e4stvigas.<\/p>\n<p>I Svenska kyrkan, som jag k\u00e4nner inifr\u00e5n \u00e4r det h\u00f6gt i tak &#8211; men det finns ett tak.<br \/>Men det viktiga kanske inte \u00e4r sj\u00e4lva taket utan den m\u00e5ngfald, den gl\u00e4dje, den m\u00f6jlighet, den utmaning, den gemenskap, de sv\u00e5righeter, de sorger, det hopp, som ryms under taket.<\/p>\n<p>Tack gode Gud f\u00f6r Svenska kyrkan!<\/p>\n<div class=\"blogger-post-footer\"><img width='1' height='1' src='https:\/\/blogger.googleusercontent.com\/tracker\/9055441369901436026-4813414815676039338?l=akebonnier.blogspot.com' alt='' \/><\/div>\n","protected":false},"excerpt":{"rendered":"<p>\u00c4r Svenska kyrkan inskr\u00e4nkt eller \u00f6ppen? Den debatten har f\u00f6rts p\u00e5 kommentarerna till ett av mina blogginl\u00e4gg. Det \u00e4r s\u00e5 l\u00e4tt att s\u00e4ga att en kyrka \u00e4r inskr\u00e4nkt s\u00e5 fort den har en uppfattning, en profil, en \u00f6vertygelse som inte st\u00e4mmer \u00f6verens med den andres uppfattning. Jag kan tycka att andra trossamfund kan ha en [&hellip;]<\/p>\n","protected":false},"author":108,"featured_media":0,"comment_status":"open","ping_status":"open","sticky":false,"template":"","format":"standard","meta":{"_acf_changed":false,"footnotes":""},"categories":[16437],"tags":[],"class_list":["post-463","post","type-post","status-publish","format-standard","hentry","category-inskrankt-eller-generos"],"acf":[],"yoast_head":"<!-- This site is optimized with the Yoast SEO plugin v27.1.1 - https:\/\/yoast.com\/product\/yoast-seo-wordpress\/ -->\n<title>Inskr\u00e4nkt eller gener\u00f6s? - \u00c5ke Bonnier<\/title>\n<meta name=\"robots\" content=\"index, follow, max-snippet:-1, max-image-preview:large, max-video-preview:-1\" \/>\n<link rel=\"canonical\" href=\"https:\/\/blogg.svenskakyrkan.se\/akebonnier\/2010\/10\/19\/inskrankt-eller-generos\/\" \/>\n<meta property=\"og:locale\" content=\"sv_SE\" \/>\n<meta property=\"og:type\" content=\"article\" \/>\n<meta property=\"og:title\" content=\"Inskr\u00e4nkt eller gener\u00f6s? - \u00c5ke Bonnier\" \/>\n<meta property=\"og:description\" content=\"\u00c4r Svenska kyrkan inskr\u00e4nkt eller \u00f6ppen? Den debatten har f\u00f6rts p\u00e5 kommentarerna till ett av mina blogginl\u00e4gg. Det \u00e4r s\u00e5 l\u00e4tt att s\u00e4ga att en kyrka \u00e4r inskr\u00e4nkt s\u00e5 fort den har en uppfattning, en profil, en \u00f6vertygelse som inte st\u00e4mmer \u00f6verens med den andres uppfattning. Jag kan tycka att andra trossamfund kan ha en [&hellip;]\" \/>\n<meta property=\"og:url\" content=\"https:\/\/blogg.svenskakyrkan.se\/akebonnier\/2010\/10\/19\/inskrankt-eller-generos\/\" \/>\n<meta property=\"og:site_name\" content=\"\u00c5ke Bonnier\" \/>\n<meta property=\"article:published_time\" content=\"2010-10-19T21:33:00+00:00\" \/>\n<meta property=\"og:image\" content=\"https:\/\/blogger.googleusercontent.com\/tracker\/9055441369901436026-4813414815676039338?l=akebonnier.blogspot.com\" \/>\n<meta name=\"author\" content=\"\u00c5ke Bonnier\" \/>\n<meta name=\"twitter:card\" content=\"summary_large_image\" \/>\n<meta name=\"twitter:label1\" content=\"Skriven av\" \/>\n\t<meta name=\"twitter:data1\" content=\"\u00c5ke Bonnier\" \/>\n\t<meta name=\"twitter:label2\" content=\"Ber\u00e4knad l\u00e4stid\" \/>\n\t<meta name=\"twitter:data2\" content=\"3 minuter\" \/>\n<script type=\"application\/ld+json\" class=\"yoast-schema-graph\">{\"@context\":\"https:\/\/schema.org\",\"@graph\":[{\"@type\":\"Article\",\"@id\":\"https:\/\/blogg.svenskakyrkan.se\/akebonnier\/2010\/10\/19\/inskrankt-eller-generos\/#article\",\"isPartOf\":{\"@id\":\"https:\/\/blogg.svenskakyrkan.se\/akebonnier\/2010\/10\/19\/inskrankt-eller-generos\/\"},\"author\":{\"name\":\"\u00c5ke Bonnier\",\"@id\":\"https:\/\/blogg.svenskakyrkan.se\/akebonnier\/#\/schema\/person\/8db68bc0c94f6a5a62df2d4486ff1343\"},\"headline\":\"Inskr\u00e4nkt eller gener\u00f6s?\",\"datePublished\":\"2010-10-19T21:33:00+00:00\",\"mainEntityOfPage\":{\"@id\":\"https:\/\/blogg.svenskakyrkan.se\/akebonnier\/2010\/10\/19\/inskrankt-eller-generos\/\"},\"wordCount\":545,\"commentCount\":22,\"image\":{\"@id\":\"https:\/\/blogg.svenskakyrkan.se\/akebonnier\/2010\/10\/19\/inskrankt-eller-generos\/#primaryimage\"},\"thumbnailUrl\":\"https:\/\/blogger.googleusercontent.com\/tracker\/9055441369901436026-4813414815676039338?l=akebonnier.blogspot.com\",\"articleSection\":[\"Inskr\u00e4nkt eller gener\u00f6s\"],\"inLanguage\":\"sv-SE\",\"potentialAction\":[{\"@type\":\"CommentAction\",\"name\":\"Comment\",\"target\":[\"https:\/\/blogg.svenskakyrkan.se\/akebonnier\/2010\/10\/19\/inskrankt-eller-generos\/#respond\"]}]},{\"@type\":\"WebPage\",\"@id\":\"https:\/\/blogg.svenskakyrkan.se\/akebonnier\/2010\/10\/19\/inskrankt-eller-generos\/\",\"url\":\"https:\/\/blogg.svenskakyrkan.se\/akebonnier\/2010\/10\/19\/inskrankt-eller-generos\/\",\"name\":\"Inskr\u00e4nkt eller gener\u00f6s? - \u00c5ke Bonnier\",\"isPartOf\":{\"@id\":\"https:\/\/blogg.svenskakyrkan.se\/akebonnier\/#website\"},\"primaryImageOfPage\":{\"@id\":\"https:\/\/blogg.svenskakyrkan.se\/akebonnier\/2010\/10\/19\/inskrankt-eller-generos\/#primaryimage\"},\"image\":{\"@id\":\"https:\/\/blogg.svenskakyrkan.se\/akebonnier\/2010\/10\/19\/inskrankt-eller-generos\/#primaryimage\"},\"thumbnailUrl\":\"https:\/\/blogger.googleusercontent.com\/tracker\/9055441369901436026-4813414815676039338?l=akebonnier.blogspot.com\",\"datePublished\":\"2010-10-19T21:33:00+00:00\",\"author\":{\"@id\":\"https:\/\/blogg.svenskakyrkan.se\/akebonnier\/#\/schema\/person\/8db68bc0c94f6a5a62df2d4486ff1343\"},\"breadcrumb\":{\"@id\":\"https:\/\/blogg.svenskakyrkan.se\/akebonnier\/2010\/10\/19\/inskrankt-eller-generos\/#breadcrumb\"},\"inLanguage\":\"sv-SE\",\"potentialAction\":[{\"@type\":\"ReadAction\",\"target\":[\"https:\/\/blogg.svenskakyrkan.se\/akebonnier\/2010\/10\/19\/inskrankt-eller-generos\/\"]}]},{\"@type\":\"ImageObject\",\"inLanguage\":\"sv-SE\",\"@id\":\"https:\/\/blogg.svenskakyrkan.se\/akebonnier\/2010\/10\/19\/inskrankt-eller-generos\/#primaryimage\",\"url\":\"https:\/\/blogger.googleusercontent.com\/tracker\/9055441369901436026-4813414815676039338?l=akebonnier.blogspot.com\",\"contentUrl\":\"https:\/\/blogger.googleusercontent.com\/tracker\/9055441369901436026-4813414815676039338?l=akebonnier.blogspot.com\"},{\"@type\":\"BreadcrumbList\",\"@id\":\"https:\/\/blogg.svenskakyrkan.se\/akebonnier\/2010\/10\/19\/inskrankt-eller-generos\/#breadcrumb\",\"itemListElement\":[{\"@type\":\"ListItem\",\"position\":1,\"name\":\"Hem\",\"item\":\"https:\/\/blogg.svenskakyrkan.se\/akebonnier\/\"},{\"@type\":\"ListItem\",\"position\":2,\"name\":\"Inskr\u00e4nkt eller gener\u00f6s?\"}]},{\"@type\":\"WebSite\",\"@id\":\"https:\/\/blogg.svenskakyrkan.se\/akebonnier\/#website\",\"url\":\"https:\/\/blogg.svenskakyrkan.se\/akebonnier\/\",\"name\":\"\u00c5ke Bonnier\",\"description\":\"Biskop i Svenska kyrkan - Skara stift\",\"potentialAction\":[{\"@type\":\"SearchAction\",\"target\":{\"@type\":\"EntryPoint\",\"urlTemplate\":\"https:\/\/blogg.svenskakyrkan.se\/akebonnier\/?s={search_term_string}\"},\"query-input\":{\"@type\":\"PropertyValueSpecification\",\"valueRequired\":true,\"valueName\":\"search_term_string\"}}],\"inLanguage\":\"sv-SE\"},{\"@type\":\"Person\",\"@id\":\"https:\/\/blogg.svenskakyrkan.se\/akebonnier\/#\/schema\/person\/8db68bc0c94f6a5a62df2d4486ff1343\",\"name\":\"\u00c5ke Bonnier\",\"image\":{\"@type\":\"ImageObject\",\"inLanguage\":\"sv-SE\",\"@id\":\"https:\/\/blogg.svenskakyrkan.se\/akebonnier\/#\/schema\/person\/image\/\",\"url\":\"https:\/\/secure.gravatar.com\/avatar\/b88264736bb0bc0d1ea92298aef02c9f98cfc13c7484130c42c663ae484f9462?s=96&d=mm&r=g\",\"contentUrl\":\"https:\/\/secure.gravatar.com\/avatar\/b88264736bb0bc0d1ea92298aef02c9f98cfc13c7484130c42c663ae484f9462?s=96&d=mm&r=g\",\"caption\":\"\u00c5ke Bonnier\"},\"description\":\"Jag \u00e4r gift och har tv\u00e5 vuxna d\u00f6ttrar. Pr\u00e4stvigdes 1984 och biskopsvigs 26 augusti 2012 . Jag har tidigare bland annat varit, komminister och kyrkoherde i Liding\u00f6 f\u00f6rsamling och domprost i Stockholms domkyrkof\u00f6rsamling. Jag \u00e4r intresserad av konst, litteratur, teater, film. Jag tr\u00e4nar regelbundet p\u00e5 gym. Mitt huvudsakliga musikintresse \u00e4r klassisk musik men ocks\u00e5 Beatles, Elvis Presley, Monika Zettelund, Povel Ramel och m\u00e5nga andra tycker jag om att lyssna p\u00e5. Jag l\u00e4ser f\u00f6r lite sk\u00f6nlitteratur beroende p\u00e5 annat som jag m\u00e5ste l\u00e4sa i mitt uppdrag som biskop. Men jag \u00e4lskar b\u00f6cker. Naturligtvis l\u00e4ser jag n\u00e4st intill dagligdags i \\\"B\u00f6ckernas Bok.\\\"\",\"sameAs\":[\"http:\/\/www.skarastift.se\"],\"url\":\"https:\/\/blogg.svenskakyrkan.se\/akebonnier\/author\/akebonnier\/\"}]}<\/script>\n<!-- \/ Yoast SEO plugin. -->","yoast_head_json":{"title":"Inskr\u00e4nkt eller gener\u00f6s? - \u00c5ke Bonnier","robots":{"index":"index","follow":"follow","max-snippet":"max-snippet:-1","max-image-preview":"max-image-preview:large","max-video-preview":"max-video-preview:-1"},"canonical":"https:\/\/blogg.svenskakyrkan.se\/akebonnier\/2010\/10\/19\/inskrankt-eller-generos\/","og_locale":"sv_SE","og_type":"article","og_title":"Inskr\u00e4nkt eller gener\u00f6s? - \u00c5ke Bonnier","og_description":"\u00c4r Svenska kyrkan inskr\u00e4nkt eller \u00f6ppen? Den debatten har f\u00f6rts p\u00e5 kommentarerna till ett av mina blogginl\u00e4gg. Det \u00e4r s\u00e5 l\u00e4tt att s\u00e4ga att en kyrka \u00e4r inskr\u00e4nkt s\u00e5 fort den har en uppfattning, en profil, en \u00f6vertygelse som inte st\u00e4mmer \u00f6verens med den andres uppfattning. Jag kan tycka att andra trossamfund kan ha en [&hellip;]","og_url":"https:\/\/blogg.svenskakyrkan.se\/akebonnier\/2010\/10\/19\/inskrankt-eller-generos\/","og_site_name":"\u00c5ke Bonnier","article_published_time":"2010-10-19T21:33:00+00:00","og_image":[{"url":"https:\/\/blogger.googleusercontent.com\/tracker\/9055441369901436026-4813414815676039338?l=akebonnier.blogspot.com","type":"","width":"","height":""}],"author":"\u00c5ke Bonnier","twitter_card":"summary_large_image","twitter_misc":{"Skriven av":"\u00c5ke Bonnier","Ber\u00e4knad l\u00e4stid":"3 minuter"},"schema":{"@context":"https:\/\/schema.org","@graph":[{"@type":"Article","@id":"https:\/\/blogg.svenskakyrkan.se\/akebonnier\/2010\/10\/19\/inskrankt-eller-generos\/#article","isPartOf":{"@id":"https:\/\/blogg.svenskakyrkan.se\/akebonnier\/2010\/10\/19\/inskrankt-eller-generos\/"},"author":{"name":"\u00c5ke Bonnier","@id":"https:\/\/blogg.svenskakyrkan.se\/akebonnier\/#\/schema\/person\/8db68bc0c94f6a5a62df2d4486ff1343"},"headline":"Inskr\u00e4nkt eller gener\u00f6s?","datePublished":"2010-10-19T21:33:00+00:00","mainEntityOfPage":{"@id":"https:\/\/blogg.svenskakyrkan.se\/akebonnier\/2010\/10\/19\/inskrankt-eller-generos\/"},"wordCount":545,"commentCount":22,"image":{"@id":"https:\/\/blogg.svenskakyrkan.se\/akebonnier\/2010\/10\/19\/inskrankt-eller-generos\/#primaryimage"},"thumbnailUrl":"https:\/\/blogger.googleusercontent.com\/tracker\/9055441369901436026-4813414815676039338?l=akebonnier.blogspot.com","articleSection":["Inskr\u00e4nkt eller gener\u00f6s"],"inLanguage":"sv-SE","potentialAction":[{"@type":"CommentAction","name":"Comment","target":["https:\/\/blogg.svenskakyrkan.se\/akebonnier\/2010\/10\/19\/inskrankt-eller-generos\/#respond"]}]},{"@type":"WebPage","@id":"https:\/\/blogg.svenskakyrkan.se\/akebonnier\/2010\/10\/19\/inskrankt-eller-generos\/","url":"https:\/\/blogg.svenskakyrkan.se\/akebonnier\/2010\/10\/19\/inskrankt-eller-generos\/","name":"Inskr\u00e4nkt eller gener\u00f6s? - \u00c5ke Bonnier","isPartOf":{"@id":"https:\/\/blogg.svenskakyrkan.se\/akebonnier\/#website"},"primaryImageOfPage":{"@id":"https:\/\/blogg.svenskakyrkan.se\/akebonnier\/2010\/10\/19\/inskrankt-eller-generos\/#primaryimage"},"image":{"@id":"https:\/\/blogg.svenskakyrkan.se\/akebonnier\/2010\/10\/19\/inskrankt-eller-generos\/#primaryimage"},"thumbnailUrl":"https:\/\/blogger.googleusercontent.com\/tracker\/9055441369901436026-4813414815676039338?l=akebonnier.blogspot.com","datePublished":"2010-10-19T21:33:00+00:00","author":{"@id":"https:\/\/blogg.svenskakyrkan.se\/akebonnier\/#\/schema\/person\/8db68bc0c94f6a5a62df2d4486ff1343"},"breadcrumb":{"@id":"https:\/\/blogg.svenskakyrkan.se\/akebonnier\/2010\/10\/19\/inskrankt-eller-generos\/#breadcrumb"},"inLanguage":"sv-SE","potentialAction":[{"@type":"ReadAction","target":["https:\/\/blogg.svenskakyrkan.se\/akebonnier\/2010\/10\/19\/inskrankt-eller-generos\/"]}]},{"@type":"ImageObject","inLanguage":"sv-SE","@id":"https:\/\/blogg.svenskakyrkan.se\/akebonnier\/2010\/10\/19\/inskrankt-eller-generos\/#primaryimage","url":"https:\/\/blogger.googleusercontent.com\/tracker\/9055441369901436026-4813414815676039338?l=akebonnier.blogspot.com","contentUrl":"https:\/\/blogger.googleusercontent.com\/tracker\/9055441369901436026-4813414815676039338?l=akebonnier.blogspot.com"},{"@type":"BreadcrumbList","@id":"https:\/\/blogg.svenskakyrkan.se\/akebonnier\/2010\/10\/19\/inskrankt-eller-generos\/#breadcrumb","itemListElement":[{"@type":"ListItem","position":1,"name":"Hem","item":"https:\/\/blogg.svenskakyrkan.se\/akebonnier\/"},{"@type":"ListItem","position":2,"name":"Inskr\u00e4nkt eller gener\u00f6s?"}]},{"@type":"WebSite","@id":"https:\/\/blogg.svenskakyrkan.se\/akebonnier\/#website","url":"https:\/\/blogg.svenskakyrkan.se\/akebonnier\/","name":"\u00c5ke Bonnier","description":"Biskop i Svenska kyrkan - Skara stift","potentialAction":[{"@type":"SearchAction","target":{"@type":"EntryPoint","urlTemplate":"https:\/\/blogg.svenskakyrkan.se\/akebonnier\/?s={search_term_string}"},"query-input":{"@type":"PropertyValueSpecification","valueRequired":true,"valueName":"search_term_string"}}],"inLanguage":"sv-SE"},{"@type":"Person","@id":"https:\/\/blogg.svenskakyrkan.se\/akebonnier\/#\/schema\/person\/8db68bc0c94f6a5a62df2d4486ff1343","name":"\u00c5ke Bonnier","image":{"@type":"ImageObject","inLanguage":"sv-SE","@id":"https:\/\/blogg.svenskakyrkan.se\/akebonnier\/#\/schema\/person\/image\/","url":"https:\/\/secure.gravatar.com\/avatar\/b88264736bb0bc0d1ea92298aef02c9f98cfc13c7484130c42c663ae484f9462?s=96&d=mm&r=g","contentUrl":"https:\/\/secure.gravatar.com\/avatar\/b88264736bb0bc0d1ea92298aef02c9f98cfc13c7484130c42c663ae484f9462?s=96&d=mm&r=g","caption":"\u00c5ke Bonnier"},"description":"Jag \u00e4r gift och har tv\u00e5 vuxna d\u00f6ttrar. Pr\u00e4stvigdes 1984 och biskopsvigs 26 augusti 2012 . Jag har tidigare bland annat varit, komminister och kyrkoherde i Liding\u00f6 f\u00f6rsamling och domprost i Stockholms domkyrkof\u00f6rsamling. Jag \u00e4r intresserad av konst, litteratur, teater, film. Jag tr\u00e4nar regelbundet p\u00e5 gym. Mitt huvudsakliga musikintresse \u00e4r klassisk musik men ocks\u00e5 Beatles, Elvis Presley, Monika Zettelund, Povel Ramel och m\u00e5nga andra tycker jag om att lyssna p\u00e5. Jag l\u00e4ser f\u00f6r lite sk\u00f6nlitteratur beroende p\u00e5 annat som jag m\u00e5ste l\u00e4sa i mitt uppdrag som biskop. Men jag \u00e4lskar b\u00f6cker. Naturligtvis l\u00e4ser jag n\u00e4st intill dagligdags i \"B\u00f6ckernas Bok.\"","sameAs":["http:\/\/www.skarastift.se"],"url":"https:\/\/blogg.svenskakyrkan.se\/akebonnier\/author\/akebonnier\/"}]}},"author_meta":{"ID":"108","user_nicename":"akebonnier","user_url":"http:\/\/www.skarastift.se","user_registered":"2011-10-11 09:24:48","display_name":"\u00c5ke Bonnier","first_name":"\u00c5ke","last_name":"Bonnier","avatar":"https:\/\/secure.gravatar.com\/avatar\/b88264736bb0bc0d1ea92298aef02c9f98cfc13c7484130c42c663ae484f9462?s=96&d=mm&r=g"},"featured_image":false,"bloginfo":{"name":"\u00c5ke Bonnier","url":"https:\/\/blogg.svenskakyrkan.se\/akebonnier"},"_links":{"self":[{"href":"https:\/\/blogg.svenskakyrkan.se\/akebonnier\/wp-json\/wp\/v2\/posts\/463","targetHints":{"allow":["GET"]}}],"collection":[{"href":"https:\/\/blogg.svenskakyrkan.se\/akebonnier\/wp-json\/wp\/v2\/posts"}],"about":[{"href":"https:\/\/blogg.svenskakyrkan.se\/akebonnier\/wp-json\/wp\/v2\/types\/post"}],"author":[{"embeddable":true,"href":"https:\/\/blogg.svenskakyrkan.se\/akebonnier\/wp-json\/wp\/v2\/users\/108"}],"replies":[{"embeddable":true,"href":"https:\/\/blogg.svenskakyrkan.se\/akebonnier\/wp-json\/wp\/v2\/comments?post=463"}],"version-history":[{"count":0,"href":"https:\/\/blogg.svenskakyrkan.se\/akebonnier\/wp-json\/wp\/v2\/posts\/463\/revisions"}],"wp:attachment":[{"href":"https:\/\/blogg.svenskakyrkan.se\/akebonnier\/wp-json\/wp\/v2\/media?parent=463"}],"wp:term":[{"taxonomy":"category","embeddable":true,"href":"https:\/\/blogg.svenskakyrkan.se\/akebonnier\/wp-json\/wp\/v2\/categories?post=463"},{"taxonomy":"post_tag","embeddable":true,"href":"https:\/\/blogg.svenskakyrkan.se\/akebonnier\/wp-json\/wp\/v2\/tags?post=463"}],"curies":[{"name":"wp","href":"https:\/\/api.w.org\/{rel}","templated":true}]}}