{"id":464,"date":"2010-10-21T07:02:00","date_gmt":"2010-10-21T07:02:00","guid":{"rendered":"http:\/\/blogg.svenskakyrkan.se\/akebonnier\/2010\/10\/21\/det-ar-battre-att-en-man-dor-for-folket\/"},"modified":"2010-10-21T07:02:00","modified_gmt":"2010-10-21T07:02:00","slug":"det-ar-battre-att-en-man-dor-for-folket","status":"publish","type":"post","link":"https:\/\/blogg.svenskakyrkan.se\/akebonnier\/2010\/10\/21\/det-ar-battre-att-en-man-dor-for-folket\/","title":{"rendered":"Det \u00e4r b\u00e4ttre att en man d\u00f6r f\u00f6r folket&#8230;?"},"content":{"rendered":"<p>&#8221;Ni fattar inte att det \u00e4r b\u00e4ttre f\u00f6r er att en enda m\u00e4nniska d\u00f6r f\u00f6r folket \u00e4n att hela folket g\u00e5r under.&#8221; Detta sa \u00f6verstepr\u00e4sten Kajafas och syftade p\u00e5 Jesus. (Joh 11:50). Men kan man applicera detta ocks\u00e5 p\u00e5 situationen i Afghanistan? Idag tr\u00e4ffas utrikesminister Carl Bildt och oppositionsledaren Mona Sahlin f\u00f6r att resonera om v\u00e5rt milit\u00e4ra deltagande i Afghanistan. Under den g\u00e5ngna helgen d\u00f6dades en svensk soldat och i b\u00f6rjan av veckan skottskadades tv\u00e5 svenska soldater. \u00c4r det verkligen v\u00e5r uppgift att s\u00e4nda unga m\u00e4n och kvinnor in i ett livsfarligt omr\u00e5de f\u00f6r att vara med och skapa stabilitet? Ja, s\u00e4ger m\u00e5nga, inklusive v\u00e5r regering. Det \u00e4r viktigt att vi \u00e4r d\u00e4r och den som leken ger f\u00e5r leken t\u00e5la. De inblandade i insatsstyrkorna m\u00e5ste finnas kvar s\u00e5 att inte Talibanerna och andra tar \u00f6ver och skapar kaos och milit\u00e4r och religi\u00f6s diktatur. Vi m\u00e5ste v\u00e4rna demokratin, stabiliteten, friheten, m\u00f6jlighet till utveckling. Och det finns s\u00e5 m\u00e5nga goda argument.<\/p>\n<p>Och samtidigt: riskerar inte insatserna att implodera, som Kyrkans tidnings ledare skriver idag <a href=\"http:\/\/www.kyrkanstidning.se\/ledare_och_debatt\/ledare\/insatsen_i_afghanistan_hotar_att_implodera_0_15207.news.aspx\">(http:\/\/www.kyrkanstidning.se\/ledare_och_debatt\/ledare\/insatsen_i_afghanistan_hotar_att_implodera_0_15207.news.aspx<\/a>?) Den stora insatsen blir att f\u00f6rsvara de egna soldaterna. Vi far utomlands f\u00f6r att f\u00f6rsvara oss sj\u00e4lva. Mot vilka? Vilka milit\u00e4ra krafter i Afghanistan hotar oss? De goda argumenten f\u00f6r att vara kvar krackelerar om det mest blir ett f\u00f6rsvar f\u00f6r de egna. \u00c5 andra sidan? Om vi l\u00e4mnar, om fler l\u00e4mnar &#8211; vad h\u00e4nder d\u00e5 med civilbefolkningen i landet? Vart tar demokratin v\u00e4gen? L\u00e4mnar vi landet till fundamentalistisk diktatur? Klarar den Afghanska regeringen och presidenten att h\u00e5lla st\u00e5nd sj\u00e4lva?<\/p>\n<p>Hur m\u00e5nga svenska soldater \u00e4r freden v\u00e4rld? Hur m\u00e5nga kistor ska skickas hem och d\u00f6da soldater f\u00e5 postum hedersbetygelse innan Sverige drar sig tillbaka? Hur m\u00e5nga svenskar ska d\u00f6 f\u00f6r folket i Afghanistan?<\/p>\n<p>Fr\u00e5gorna \u00e4r fruktansv\u00e4rt sv\u00e5ra. Jag har inte hela bilden, inte all fakta, inte s\u00e5 stor kunskap i detta. Men, personligen undrar jag och anar mitt eget svar n\u00e4r jag ser kistan p\u00e5 flygplanets transportband.<\/p>\n<div class=\"blogger-post-footer\"><img width='1' height='1' src='https:\/\/blogger.googleusercontent.com\/tracker\/9055441369901436026-3331986938854355897?l=akebonnier.blogspot.com' alt='' \/><\/div>\n","protected":false},"excerpt":{"rendered":"<p>&#8221;Ni fattar inte att det \u00e4r b\u00e4ttre f\u00f6r er att en enda m\u00e4nniska d\u00f6r f\u00f6r folket \u00e4n att hela folket g\u00e5r under.&#8221; Detta sa \u00f6verstepr\u00e4sten Kajafas och syftade p\u00e5 Jesus. (Joh 11:50). Men kan man applicera detta ocks\u00e5 p\u00e5 situationen i Afghanistan? Idag tr\u00e4ffas utrikesminister Carl Bildt och oppositionsledaren Mona Sahlin f\u00f6r att resonera om [&hellip;]<\/p>\n","protected":false},"author":108,"featured_media":0,"comment_status":"open","ping_status":"open","sticky":false,"template":"","format":"standard","meta":{"_acf_changed":false,"footnotes":""},"categories":[9],"tags":[],"class_list":["post-464","post","type-post","status-publish","format-standard","hentry","category-okategoriserade"],"acf":[],"yoast_head":"<!-- This site is optimized with the Yoast SEO plugin v27.1.1 - https:\/\/yoast.com\/product\/yoast-seo-wordpress\/ -->\n<title>Det \u00e4r b\u00e4ttre att en man d\u00f6r f\u00f6r folket...? - \u00c5ke Bonnier<\/title>\n<meta name=\"robots\" content=\"index, follow, max-snippet:-1, max-image-preview:large, max-video-preview:-1\" \/>\n<link rel=\"canonical\" href=\"https:\/\/blogg.svenskakyrkan.se\/akebonnier\/2010\/10\/21\/det-ar-battre-att-en-man-dor-for-folket\/\" \/>\n<meta property=\"og:locale\" content=\"sv_SE\" \/>\n<meta property=\"og:type\" content=\"article\" \/>\n<meta property=\"og:title\" content=\"Det \u00e4r b\u00e4ttre att en man d\u00f6r f\u00f6r folket...? - \u00c5ke Bonnier\" \/>\n<meta property=\"og:description\" content=\"&#8221;Ni fattar inte att det \u00e4r b\u00e4ttre f\u00f6r er att en enda m\u00e4nniska d\u00f6r f\u00f6r folket \u00e4n att hela folket g\u00e5r under.&#8221; Detta sa \u00f6verstepr\u00e4sten Kajafas och syftade p\u00e5 Jesus. (Joh 11:50). Men kan man applicera detta ocks\u00e5 p\u00e5 situationen i Afghanistan? Idag tr\u00e4ffas utrikesminister Carl Bildt och oppositionsledaren Mona Sahlin f\u00f6r att resonera om [&hellip;]\" \/>\n<meta property=\"og:url\" content=\"https:\/\/blogg.svenskakyrkan.se\/akebonnier\/2010\/10\/21\/det-ar-battre-att-en-man-dor-for-folket\/\" \/>\n<meta property=\"og:site_name\" content=\"\u00c5ke Bonnier\" \/>\n<meta property=\"article:published_time\" content=\"2010-10-21T07:02:00+00:00\" \/>\n<meta property=\"og:image\" content=\"https:\/\/blogger.googleusercontent.com\/tracker\/9055441369901436026-3331986938854355897?l=akebonnier.blogspot.com\" \/>\n<meta name=\"author\" content=\"\u00c5ke Bonnier\" \/>\n<meta name=\"twitter:card\" content=\"summary_large_image\" \/>\n<meta name=\"twitter:label1\" content=\"Skriven av\" \/>\n\t<meta name=\"twitter:data1\" content=\"\u00c5ke Bonnier\" \/>\n\t<meta name=\"twitter:label2\" content=\"Ber\u00e4knad l\u00e4stid\" \/>\n\t<meta name=\"twitter:data2\" content=\"2 minuter\" \/>\n<script type=\"application\/ld+json\" class=\"yoast-schema-graph\">{\"@context\":\"https:\/\/schema.org\",\"@graph\":[{\"@type\":\"Article\",\"@id\":\"https:\/\/blogg.svenskakyrkan.se\/akebonnier\/2010\/10\/21\/det-ar-battre-att-en-man-dor-for-folket\/#article\",\"isPartOf\":{\"@id\":\"https:\/\/blogg.svenskakyrkan.se\/akebonnier\/2010\/10\/21\/det-ar-battre-att-en-man-dor-for-folket\/\"},\"author\":{\"name\":\"\u00c5ke Bonnier\",\"@id\":\"https:\/\/blogg.svenskakyrkan.se\/akebonnier\/#\/schema\/person\/8db68bc0c94f6a5a62df2d4486ff1343\"},\"headline\":\"Det \u00e4r b\u00e4ttre att en man d\u00f6r f\u00f6r folket&#8230;?\",\"datePublished\":\"2010-10-21T07:02:00+00:00\",\"mainEntityOfPage\":{\"@id\":\"https:\/\/blogg.svenskakyrkan.se\/akebonnier\/2010\/10\/21\/det-ar-battre-att-en-man-dor-for-folket\/\"},\"wordCount\":404,\"commentCount\":19,\"image\":{\"@id\":\"https:\/\/blogg.svenskakyrkan.se\/akebonnier\/2010\/10\/21\/det-ar-battre-att-en-man-dor-for-folket\/#primaryimage\"},\"thumbnailUrl\":\"https:\/\/blogger.googleusercontent.com\/tracker\/9055441369901436026-3331986938854355897?l=akebonnier.blogspot.com\",\"inLanguage\":\"sv-SE\",\"potentialAction\":[{\"@type\":\"CommentAction\",\"name\":\"Comment\",\"target\":[\"https:\/\/blogg.svenskakyrkan.se\/akebonnier\/2010\/10\/21\/det-ar-battre-att-en-man-dor-for-folket\/#respond\"]}]},{\"@type\":\"WebPage\",\"@id\":\"https:\/\/blogg.svenskakyrkan.se\/akebonnier\/2010\/10\/21\/det-ar-battre-att-en-man-dor-for-folket\/\",\"url\":\"https:\/\/blogg.svenskakyrkan.se\/akebonnier\/2010\/10\/21\/det-ar-battre-att-en-man-dor-for-folket\/\",\"name\":\"Det \u00e4r b\u00e4ttre att en man d\u00f6r f\u00f6r folket...? - \u00c5ke Bonnier\",\"isPartOf\":{\"@id\":\"https:\/\/blogg.svenskakyrkan.se\/akebonnier\/#website\"},\"primaryImageOfPage\":{\"@id\":\"https:\/\/blogg.svenskakyrkan.se\/akebonnier\/2010\/10\/21\/det-ar-battre-att-en-man-dor-for-folket\/#primaryimage\"},\"image\":{\"@id\":\"https:\/\/blogg.svenskakyrkan.se\/akebonnier\/2010\/10\/21\/det-ar-battre-att-en-man-dor-for-folket\/#primaryimage\"},\"thumbnailUrl\":\"https:\/\/blogger.googleusercontent.com\/tracker\/9055441369901436026-3331986938854355897?l=akebonnier.blogspot.com\",\"datePublished\":\"2010-10-21T07:02:00+00:00\",\"author\":{\"@id\":\"https:\/\/blogg.svenskakyrkan.se\/akebonnier\/#\/schema\/person\/8db68bc0c94f6a5a62df2d4486ff1343\"},\"breadcrumb\":{\"@id\":\"https:\/\/blogg.svenskakyrkan.se\/akebonnier\/2010\/10\/21\/det-ar-battre-att-en-man-dor-for-folket\/#breadcrumb\"},\"inLanguage\":\"sv-SE\",\"potentialAction\":[{\"@type\":\"ReadAction\",\"target\":[\"https:\/\/blogg.svenskakyrkan.se\/akebonnier\/2010\/10\/21\/det-ar-battre-att-en-man-dor-for-folket\/\"]}]},{\"@type\":\"ImageObject\",\"inLanguage\":\"sv-SE\",\"@id\":\"https:\/\/blogg.svenskakyrkan.se\/akebonnier\/2010\/10\/21\/det-ar-battre-att-en-man-dor-for-folket\/#primaryimage\",\"url\":\"https:\/\/blogger.googleusercontent.com\/tracker\/9055441369901436026-3331986938854355897?l=akebonnier.blogspot.com\",\"contentUrl\":\"https:\/\/blogger.googleusercontent.com\/tracker\/9055441369901436026-3331986938854355897?l=akebonnier.blogspot.com\"},{\"@type\":\"BreadcrumbList\",\"@id\":\"https:\/\/blogg.svenskakyrkan.se\/akebonnier\/2010\/10\/21\/det-ar-battre-att-en-man-dor-for-folket\/#breadcrumb\",\"itemListElement\":[{\"@type\":\"ListItem\",\"position\":1,\"name\":\"Hem\",\"item\":\"https:\/\/blogg.svenskakyrkan.se\/akebonnier\/\"},{\"@type\":\"ListItem\",\"position\":2,\"name\":\"Det \u00e4r b\u00e4ttre att en man d\u00f6r f\u00f6r folket&#8230;?\"}]},{\"@type\":\"WebSite\",\"@id\":\"https:\/\/blogg.svenskakyrkan.se\/akebonnier\/#website\",\"url\":\"https:\/\/blogg.svenskakyrkan.se\/akebonnier\/\",\"name\":\"\u00c5ke Bonnier\",\"description\":\"Biskop i Svenska kyrkan - Skara stift\",\"potentialAction\":[{\"@type\":\"SearchAction\",\"target\":{\"@type\":\"EntryPoint\",\"urlTemplate\":\"https:\/\/blogg.svenskakyrkan.se\/akebonnier\/?s={search_term_string}\"},\"query-input\":{\"@type\":\"PropertyValueSpecification\",\"valueRequired\":true,\"valueName\":\"search_term_string\"}}],\"inLanguage\":\"sv-SE\"},{\"@type\":\"Person\",\"@id\":\"https:\/\/blogg.svenskakyrkan.se\/akebonnier\/#\/schema\/person\/8db68bc0c94f6a5a62df2d4486ff1343\",\"name\":\"\u00c5ke Bonnier\",\"image\":{\"@type\":\"ImageObject\",\"inLanguage\":\"sv-SE\",\"@id\":\"https:\/\/blogg.svenskakyrkan.se\/akebonnier\/#\/schema\/person\/image\/\",\"url\":\"https:\/\/secure.gravatar.com\/avatar\/b88264736bb0bc0d1ea92298aef02c9f98cfc13c7484130c42c663ae484f9462?s=96&d=mm&r=g\",\"contentUrl\":\"https:\/\/secure.gravatar.com\/avatar\/b88264736bb0bc0d1ea92298aef02c9f98cfc13c7484130c42c663ae484f9462?s=96&d=mm&r=g\",\"caption\":\"\u00c5ke Bonnier\"},\"description\":\"Jag \u00e4r gift och har tv\u00e5 vuxna d\u00f6ttrar. Pr\u00e4stvigdes 1984 och biskopsvigs 26 augusti 2012 . Jag har tidigare bland annat varit, komminister och kyrkoherde i Liding\u00f6 f\u00f6rsamling och domprost i Stockholms domkyrkof\u00f6rsamling. Jag \u00e4r intresserad av konst, litteratur, teater, film. Jag tr\u00e4nar regelbundet p\u00e5 gym. Mitt huvudsakliga musikintresse \u00e4r klassisk musik men ocks\u00e5 Beatles, Elvis Presley, Monika Zettelund, Povel Ramel och m\u00e5nga andra tycker jag om att lyssna p\u00e5. Jag l\u00e4ser f\u00f6r lite sk\u00f6nlitteratur beroende p\u00e5 annat som jag m\u00e5ste l\u00e4sa i mitt uppdrag som biskop. Men jag \u00e4lskar b\u00f6cker. Naturligtvis l\u00e4ser jag n\u00e4st intill dagligdags i \\\"B\u00f6ckernas Bok.\\\"\",\"sameAs\":[\"http:\/\/www.skarastift.se\"],\"url\":\"https:\/\/blogg.svenskakyrkan.se\/akebonnier\/author\/akebonnier\/\"}]}<\/script>\n<!-- \/ Yoast SEO plugin. -->","yoast_head_json":{"title":"Det \u00e4r b\u00e4ttre att en man d\u00f6r f\u00f6r folket...? - \u00c5ke Bonnier","robots":{"index":"index","follow":"follow","max-snippet":"max-snippet:-1","max-image-preview":"max-image-preview:large","max-video-preview":"max-video-preview:-1"},"canonical":"https:\/\/blogg.svenskakyrkan.se\/akebonnier\/2010\/10\/21\/det-ar-battre-att-en-man-dor-for-folket\/","og_locale":"sv_SE","og_type":"article","og_title":"Det \u00e4r b\u00e4ttre att en man d\u00f6r f\u00f6r folket...? - \u00c5ke Bonnier","og_description":"&#8221;Ni fattar inte att det \u00e4r b\u00e4ttre f\u00f6r er att en enda m\u00e4nniska d\u00f6r f\u00f6r folket \u00e4n att hela folket g\u00e5r under.&#8221; Detta sa \u00f6verstepr\u00e4sten Kajafas och syftade p\u00e5 Jesus. (Joh 11:50). Men kan man applicera detta ocks\u00e5 p\u00e5 situationen i Afghanistan? Idag tr\u00e4ffas utrikesminister Carl Bildt och oppositionsledaren Mona Sahlin f\u00f6r att resonera om [&hellip;]","og_url":"https:\/\/blogg.svenskakyrkan.se\/akebonnier\/2010\/10\/21\/det-ar-battre-att-en-man-dor-for-folket\/","og_site_name":"\u00c5ke Bonnier","article_published_time":"2010-10-21T07:02:00+00:00","og_image":[{"url":"https:\/\/blogger.googleusercontent.com\/tracker\/9055441369901436026-3331986938854355897?l=akebonnier.blogspot.com","type":"","width":"","height":""}],"author":"\u00c5ke Bonnier","twitter_card":"summary_large_image","twitter_misc":{"Skriven av":"\u00c5ke Bonnier","Ber\u00e4knad l\u00e4stid":"2 minuter"},"schema":{"@context":"https:\/\/schema.org","@graph":[{"@type":"Article","@id":"https:\/\/blogg.svenskakyrkan.se\/akebonnier\/2010\/10\/21\/det-ar-battre-att-en-man-dor-for-folket\/#article","isPartOf":{"@id":"https:\/\/blogg.svenskakyrkan.se\/akebonnier\/2010\/10\/21\/det-ar-battre-att-en-man-dor-for-folket\/"},"author":{"name":"\u00c5ke Bonnier","@id":"https:\/\/blogg.svenskakyrkan.se\/akebonnier\/#\/schema\/person\/8db68bc0c94f6a5a62df2d4486ff1343"},"headline":"Det \u00e4r b\u00e4ttre att en man d\u00f6r f\u00f6r folket&#8230;?","datePublished":"2010-10-21T07:02:00+00:00","mainEntityOfPage":{"@id":"https:\/\/blogg.svenskakyrkan.se\/akebonnier\/2010\/10\/21\/det-ar-battre-att-en-man-dor-for-folket\/"},"wordCount":404,"commentCount":19,"image":{"@id":"https:\/\/blogg.svenskakyrkan.se\/akebonnier\/2010\/10\/21\/det-ar-battre-att-en-man-dor-for-folket\/#primaryimage"},"thumbnailUrl":"https:\/\/blogger.googleusercontent.com\/tracker\/9055441369901436026-3331986938854355897?l=akebonnier.blogspot.com","inLanguage":"sv-SE","potentialAction":[{"@type":"CommentAction","name":"Comment","target":["https:\/\/blogg.svenskakyrkan.se\/akebonnier\/2010\/10\/21\/det-ar-battre-att-en-man-dor-for-folket\/#respond"]}]},{"@type":"WebPage","@id":"https:\/\/blogg.svenskakyrkan.se\/akebonnier\/2010\/10\/21\/det-ar-battre-att-en-man-dor-for-folket\/","url":"https:\/\/blogg.svenskakyrkan.se\/akebonnier\/2010\/10\/21\/det-ar-battre-att-en-man-dor-for-folket\/","name":"Det \u00e4r b\u00e4ttre att en man d\u00f6r f\u00f6r folket...? - \u00c5ke Bonnier","isPartOf":{"@id":"https:\/\/blogg.svenskakyrkan.se\/akebonnier\/#website"},"primaryImageOfPage":{"@id":"https:\/\/blogg.svenskakyrkan.se\/akebonnier\/2010\/10\/21\/det-ar-battre-att-en-man-dor-for-folket\/#primaryimage"},"image":{"@id":"https:\/\/blogg.svenskakyrkan.se\/akebonnier\/2010\/10\/21\/det-ar-battre-att-en-man-dor-for-folket\/#primaryimage"},"thumbnailUrl":"https:\/\/blogger.googleusercontent.com\/tracker\/9055441369901436026-3331986938854355897?l=akebonnier.blogspot.com","datePublished":"2010-10-21T07:02:00+00:00","author":{"@id":"https:\/\/blogg.svenskakyrkan.se\/akebonnier\/#\/schema\/person\/8db68bc0c94f6a5a62df2d4486ff1343"},"breadcrumb":{"@id":"https:\/\/blogg.svenskakyrkan.se\/akebonnier\/2010\/10\/21\/det-ar-battre-att-en-man-dor-for-folket\/#breadcrumb"},"inLanguage":"sv-SE","potentialAction":[{"@type":"ReadAction","target":["https:\/\/blogg.svenskakyrkan.se\/akebonnier\/2010\/10\/21\/det-ar-battre-att-en-man-dor-for-folket\/"]}]},{"@type":"ImageObject","inLanguage":"sv-SE","@id":"https:\/\/blogg.svenskakyrkan.se\/akebonnier\/2010\/10\/21\/det-ar-battre-att-en-man-dor-for-folket\/#primaryimage","url":"https:\/\/blogger.googleusercontent.com\/tracker\/9055441369901436026-3331986938854355897?l=akebonnier.blogspot.com","contentUrl":"https:\/\/blogger.googleusercontent.com\/tracker\/9055441369901436026-3331986938854355897?l=akebonnier.blogspot.com"},{"@type":"BreadcrumbList","@id":"https:\/\/blogg.svenskakyrkan.se\/akebonnier\/2010\/10\/21\/det-ar-battre-att-en-man-dor-for-folket\/#breadcrumb","itemListElement":[{"@type":"ListItem","position":1,"name":"Hem","item":"https:\/\/blogg.svenskakyrkan.se\/akebonnier\/"},{"@type":"ListItem","position":2,"name":"Det \u00e4r b\u00e4ttre att en man d\u00f6r f\u00f6r folket&#8230;?"}]},{"@type":"WebSite","@id":"https:\/\/blogg.svenskakyrkan.se\/akebonnier\/#website","url":"https:\/\/blogg.svenskakyrkan.se\/akebonnier\/","name":"\u00c5ke Bonnier","description":"Biskop i Svenska kyrkan - Skara stift","potentialAction":[{"@type":"SearchAction","target":{"@type":"EntryPoint","urlTemplate":"https:\/\/blogg.svenskakyrkan.se\/akebonnier\/?s={search_term_string}"},"query-input":{"@type":"PropertyValueSpecification","valueRequired":true,"valueName":"search_term_string"}}],"inLanguage":"sv-SE"},{"@type":"Person","@id":"https:\/\/blogg.svenskakyrkan.se\/akebonnier\/#\/schema\/person\/8db68bc0c94f6a5a62df2d4486ff1343","name":"\u00c5ke Bonnier","image":{"@type":"ImageObject","inLanguage":"sv-SE","@id":"https:\/\/blogg.svenskakyrkan.se\/akebonnier\/#\/schema\/person\/image\/","url":"https:\/\/secure.gravatar.com\/avatar\/b88264736bb0bc0d1ea92298aef02c9f98cfc13c7484130c42c663ae484f9462?s=96&d=mm&r=g","contentUrl":"https:\/\/secure.gravatar.com\/avatar\/b88264736bb0bc0d1ea92298aef02c9f98cfc13c7484130c42c663ae484f9462?s=96&d=mm&r=g","caption":"\u00c5ke Bonnier"},"description":"Jag \u00e4r gift och har tv\u00e5 vuxna d\u00f6ttrar. Pr\u00e4stvigdes 1984 och biskopsvigs 26 augusti 2012 . Jag har tidigare bland annat varit, komminister och kyrkoherde i Liding\u00f6 f\u00f6rsamling och domprost i Stockholms domkyrkof\u00f6rsamling. Jag \u00e4r intresserad av konst, litteratur, teater, film. Jag tr\u00e4nar regelbundet p\u00e5 gym. Mitt huvudsakliga musikintresse \u00e4r klassisk musik men ocks\u00e5 Beatles, Elvis Presley, Monika Zettelund, Povel Ramel och m\u00e5nga andra tycker jag om att lyssna p\u00e5. Jag l\u00e4ser f\u00f6r lite sk\u00f6nlitteratur beroende p\u00e5 annat som jag m\u00e5ste l\u00e4sa i mitt uppdrag som biskop. Men jag \u00e4lskar b\u00f6cker. Naturligtvis l\u00e4ser jag n\u00e4st intill dagligdags i \"B\u00f6ckernas Bok.\"","sameAs":["http:\/\/www.skarastift.se"],"url":"https:\/\/blogg.svenskakyrkan.se\/akebonnier\/author\/akebonnier\/"}]}},"author_meta":{"ID":"108","user_nicename":"akebonnier","user_url":"http:\/\/www.skarastift.se","user_registered":"2011-10-11 09:24:48","display_name":"\u00c5ke Bonnier","first_name":"\u00c5ke","last_name":"Bonnier","avatar":"https:\/\/secure.gravatar.com\/avatar\/b88264736bb0bc0d1ea92298aef02c9f98cfc13c7484130c42c663ae484f9462?s=96&d=mm&r=g"},"featured_image":false,"bloginfo":{"name":"\u00c5ke Bonnier","url":"https:\/\/blogg.svenskakyrkan.se\/akebonnier"},"_links":{"self":[{"href":"https:\/\/blogg.svenskakyrkan.se\/akebonnier\/wp-json\/wp\/v2\/posts\/464","targetHints":{"allow":["GET"]}}],"collection":[{"href":"https:\/\/blogg.svenskakyrkan.se\/akebonnier\/wp-json\/wp\/v2\/posts"}],"about":[{"href":"https:\/\/blogg.svenskakyrkan.se\/akebonnier\/wp-json\/wp\/v2\/types\/post"}],"author":[{"embeddable":true,"href":"https:\/\/blogg.svenskakyrkan.se\/akebonnier\/wp-json\/wp\/v2\/users\/108"}],"replies":[{"embeddable":true,"href":"https:\/\/blogg.svenskakyrkan.se\/akebonnier\/wp-json\/wp\/v2\/comments?post=464"}],"version-history":[{"count":0,"href":"https:\/\/blogg.svenskakyrkan.se\/akebonnier\/wp-json\/wp\/v2\/posts\/464\/revisions"}],"wp:attachment":[{"href":"https:\/\/blogg.svenskakyrkan.se\/akebonnier\/wp-json\/wp\/v2\/media?parent=464"}],"wp:term":[{"taxonomy":"category","embeddable":true,"href":"https:\/\/blogg.svenskakyrkan.se\/akebonnier\/wp-json\/wp\/v2\/categories?post=464"},{"taxonomy":"post_tag","embeddable":true,"href":"https:\/\/blogg.svenskakyrkan.se\/akebonnier\/wp-json\/wp\/v2\/tags?post=464"}],"curies":[{"name":"wp","href":"https:\/\/api.w.org\/{rel}","templated":true}]}}