{"id":469,"date":"2010-11-08T15:27:00","date_gmt":"2010-11-08T15:27:00","guid":{"rendered":"http:\/\/blogg.svenskakyrkan.se\/akebonnier\/2010\/11\/08\/biskop-gene-robinsson-i-usa-avgar-i-fortid\/"},"modified":"2010-11-08T15:27:00","modified_gmt":"2010-11-08T15:27:00","slug":"biskop-gene-robinsson-i-usa-avgar-i-fortid","status":"publish","type":"post","link":"https:\/\/blogg.svenskakyrkan.se\/akebonnier\/2010\/11\/08\/biskop-gene-robinsson-i-usa-avgar-i-fortid\/","title":{"rendered":"Biskop Gene Robinsson i USA avg\u00e5r i f\u00f6rtid"},"content":{"rendered":"<p>Jag l\u00e4ste just p\u00e5 Kyrkans tidnings hemsida att den episkopale och \u00f6ppet homosexuelle biskopen Gene Robinsson avg\u00e5r i f\u00f6rtid. D\u00f6dshot och sp\u00e4nningar inom en anglikanska kyrkofamiljen blev f\u00f6r mycket f\u00f6r honom och hans make.<\/p>\n<p>Detta \u00e4r den kristna k\u00e4rleken: d\u00f6dshot och sp\u00e4nningar med utfrysning beroende p\u00e5 sexuell identitet. Jag hoppas och ber att min egen biskop inte ska uts\u00e4ttas f\u00f6r liknande. Det \u00e4r ett avskyv\u00e4rt beteende som borde f\u00f6rd\u00f6mas av alla. Kyrkans uppgift borde vara att predika och leva evangeliet och bygga upp Guds rike, drivna av den Heliga Anden, k\u00e4rlekens Ande &#8211; inte hatets och v\u00e5ldets ande.<\/p>\n<p>Jag kan bara djupt beklaga hans avg\u00e5ng!<\/p>\n<div class=\"blogger-post-footer\"><img width='1' height='1' src='https:\/\/blogger.googleusercontent.com\/tracker\/9055441369901436026-4512986406057878134?l=akebonnier.blogspot.com' alt='' \/><\/div>\n","protected":false},"excerpt":{"rendered":"<p>Jag l\u00e4ste just p\u00e5 Kyrkans tidnings hemsida att den episkopale och \u00f6ppet homosexuelle biskopen Gene Robinsson avg\u00e5r i f\u00f6rtid. D\u00f6dshot och sp\u00e4nningar inom en anglikanska kyrkofamiljen blev f\u00f6r mycket f\u00f6r honom och hans make. Detta \u00e4r den kristna k\u00e4rleken: d\u00f6dshot och sp\u00e4nningar med utfrysning beroende p\u00e5 sexuell identitet. Jag hoppas och ber att min egen [&hellip;]<\/p>\n","protected":false},"author":108,"featured_media":0,"comment_status":"open","ping_status":"open","sticky":false,"template":"","format":"standard","meta":{"_acf_changed":false,"footnotes":""},"categories":[16442],"tags":[],"class_list":["post-469","post","type-post","status-publish","format-standard","hentry","category-biskop-gene-robinsson-i-usa-avgar-i-fortid"],"acf":[],"yoast_head":"<!-- This site is optimized with the Yoast SEO plugin v27.1.1 - https:\/\/yoast.com\/product\/yoast-seo-wordpress\/ -->\n<title>Biskop Gene Robinsson i USA avg\u00e5r i f\u00f6rtid - \u00c5ke Bonnier<\/title>\n<meta name=\"robots\" content=\"index, follow, max-snippet:-1, max-image-preview:large, max-video-preview:-1\" \/>\n<link rel=\"canonical\" href=\"https:\/\/blogg.svenskakyrkan.se\/akebonnier\/2010\/11\/08\/biskop-gene-robinsson-i-usa-avgar-i-fortid\/\" \/>\n<meta property=\"og:locale\" content=\"sv_SE\" \/>\n<meta property=\"og:type\" content=\"article\" \/>\n<meta property=\"og:title\" content=\"Biskop Gene Robinsson i USA avg\u00e5r i f\u00f6rtid - \u00c5ke Bonnier\" \/>\n<meta property=\"og:description\" content=\"Jag l\u00e4ste just p\u00e5 Kyrkans tidnings hemsida att den episkopale och \u00f6ppet homosexuelle biskopen Gene Robinsson avg\u00e5r i f\u00f6rtid. D\u00f6dshot och sp\u00e4nningar inom en anglikanska kyrkofamiljen blev f\u00f6r mycket f\u00f6r honom och hans make. Detta \u00e4r den kristna k\u00e4rleken: d\u00f6dshot och sp\u00e4nningar med utfrysning beroende p\u00e5 sexuell identitet. Jag hoppas och ber att min egen [&hellip;]\" \/>\n<meta property=\"og:url\" content=\"https:\/\/blogg.svenskakyrkan.se\/akebonnier\/2010\/11\/08\/biskop-gene-robinsson-i-usa-avgar-i-fortid\/\" \/>\n<meta property=\"og:site_name\" content=\"\u00c5ke Bonnier\" \/>\n<meta property=\"article:published_time\" content=\"2010-11-08T15:27:00+00:00\" \/>\n<meta property=\"og:image\" content=\"https:\/\/blogger.googleusercontent.com\/tracker\/9055441369901436026-4512986406057878134?l=akebonnier.blogspot.com\" \/>\n<meta name=\"author\" content=\"\u00c5ke Bonnier\" \/>\n<meta name=\"twitter:card\" content=\"summary_large_image\" \/>\n<meta name=\"twitter:label1\" content=\"Skriven av\" \/>\n\t<meta name=\"twitter:data1\" content=\"\u00c5ke Bonnier\" \/>\n\t<meta name=\"twitter:label2\" content=\"Ber\u00e4knad l\u00e4stid\" \/>\n\t<meta name=\"twitter:data2\" content=\"1 minut\" \/>\n<script type=\"application\/ld+json\" class=\"yoast-schema-graph\">{\"@context\":\"https:\/\/schema.org\",\"@graph\":[{\"@type\":\"Article\",\"@id\":\"https:\/\/blogg.svenskakyrkan.se\/akebonnier\/2010\/11\/08\/biskop-gene-robinsson-i-usa-avgar-i-fortid\/#article\",\"isPartOf\":{\"@id\":\"https:\/\/blogg.svenskakyrkan.se\/akebonnier\/2010\/11\/08\/biskop-gene-robinsson-i-usa-avgar-i-fortid\/\"},\"author\":{\"name\":\"\u00c5ke Bonnier\",\"@id\":\"https:\/\/blogg.svenskakyrkan.se\/akebonnier\/#\/schema\/person\/8db68bc0c94f6a5a62df2d4486ff1343\"},\"headline\":\"Biskop Gene Robinsson i USA avg\u00e5r i f\u00f6rtid\",\"datePublished\":\"2010-11-08T15:27:00+00:00\",\"mainEntityOfPage\":{\"@id\":\"https:\/\/blogg.svenskakyrkan.se\/akebonnier\/2010\/11\/08\/biskop-gene-robinsson-i-usa-avgar-i-fortid\/\"},\"wordCount\":133,\"commentCount\":40,\"image\":{\"@id\":\"https:\/\/blogg.svenskakyrkan.se\/akebonnier\/2010\/11\/08\/biskop-gene-robinsson-i-usa-avgar-i-fortid\/#primaryimage\"},\"thumbnailUrl\":\"https:\/\/blogger.googleusercontent.com\/tracker\/9055441369901436026-4512986406057878134?l=akebonnier.blogspot.com\",\"articleSection\":[\"Biskop Gene Robinsson i USA avg\u00e5r i f\u00f6rtid\"],\"inLanguage\":\"sv-SE\",\"potentialAction\":[{\"@type\":\"CommentAction\",\"name\":\"Comment\",\"target\":[\"https:\/\/blogg.svenskakyrkan.se\/akebonnier\/2010\/11\/08\/biskop-gene-robinsson-i-usa-avgar-i-fortid\/#respond\"]}]},{\"@type\":\"WebPage\",\"@id\":\"https:\/\/blogg.svenskakyrkan.se\/akebonnier\/2010\/11\/08\/biskop-gene-robinsson-i-usa-avgar-i-fortid\/\",\"url\":\"https:\/\/blogg.svenskakyrkan.se\/akebonnier\/2010\/11\/08\/biskop-gene-robinsson-i-usa-avgar-i-fortid\/\",\"name\":\"Biskop Gene Robinsson i USA avg\u00e5r i f\u00f6rtid - \u00c5ke Bonnier\",\"isPartOf\":{\"@id\":\"https:\/\/blogg.svenskakyrkan.se\/akebonnier\/#website\"},\"primaryImageOfPage\":{\"@id\":\"https:\/\/blogg.svenskakyrkan.se\/akebonnier\/2010\/11\/08\/biskop-gene-robinsson-i-usa-avgar-i-fortid\/#primaryimage\"},\"image\":{\"@id\":\"https:\/\/blogg.svenskakyrkan.se\/akebonnier\/2010\/11\/08\/biskop-gene-robinsson-i-usa-avgar-i-fortid\/#primaryimage\"},\"thumbnailUrl\":\"https:\/\/blogger.googleusercontent.com\/tracker\/9055441369901436026-4512986406057878134?l=akebonnier.blogspot.com\",\"datePublished\":\"2010-11-08T15:27:00+00:00\",\"author\":{\"@id\":\"https:\/\/blogg.svenskakyrkan.se\/akebonnier\/#\/schema\/person\/8db68bc0c94f6a5a62df2d4486ff1343\"},\"breadcrumb\":{\"@id\":\"https:\/\/blogg.svenskakyrkan.se\/akebonnier\/2010\/11\/08\/biskop-gene-robinsson-i-usa-avgar-i-fortid\/#breadcrumb\"},\"inLanguage\":\"sv-SE\",\"potentialAction\":[{\"@type\":\"ReadAction\",\"target\":[\"https:\/\/blogg.svenskakyrkan.se\/akebonnier\/2010\/11\/08\/biskop-gene-robinsson-i-usa-avgar-i-fortid\/\"]}]},{\"@type\":\"ImageObject\",\"inLanguage\":\"sv-SE\",\"@id\":\"https:\/\/blogg.svenskakyrkan.se\/akebonnier\/2010\/11\/08\/biskop-gene-robinsson-i-usa-avgar-i-fortid\/#primaryimage\",\"url\":\"https:\/\/blogger.googleusercontent.com\/tracker\/9055441369901436026-4512986406057878134?l=akebonnier.blogspot.com\",\"contentUrl\":\"https:\/\/blogger.googleusercontent.com\/tracker\/9055441369901436026-4512986406057878134?l=akebonnier.blogspot.com\"},{\"@type\":\"BreadcrumbList\",\"@id\":\"https:\/\/blogg.svenskakyrkan.se\/akebonnier\/2010\/11\/08\/biskop-gene-robinsson-i-usa-avgar-i-fortid\/#breadcrumb\",\"itemListElement\":[{\"@type\":\"ListItem\",\"position\":1,\"name\":\"Hem\",\"item\":\"https:\/\/blogg.svenskakyrkan.se\/akebonnier\/\"},{\"@type\":\"ListItem\",\"position\":2,\"name\":\"Biskop Gene Robinsson i USA avg\u00e5r i f\u00f6rtid\"}]},{\"@type\":\"WebSite\",\"@id\":\"https:\/\/blogg.svenskakyrkan.se\/akebonnier\/#website\",\"url\":\"https:\/\/blogg.svenskakyrkan.se\/akebonnier\/\",\"name\":\"\u00c5ke Bonnier\",\"description\":\"Biskop i Svenska kyrkan - Skara stift\",\"potentialAction\":[{\"@type\":\"SearchAction\",\"target\":{\"@type\":\"EntryPoint\",\"urlTemplate\":\"https:\/\/blogg.svenskakyrkan.se\/akebonnier\/?s={search_term_string}\"},\"query-input\":{\"@type\":\"PropertyValueSpecification\",\"valueRequired\":true,\"valueName\":\"search_term_string\"}}],\"inLanguage\":\"sv-SE\"},{\"@type\":\"Person\",\"@id\":\"https:\/\/blogg.svenskakyrkan.se\/akebonnier\/#\/schema\/person\/8db68bc0c94f6a5a62df2d4486ff1343\",\"name\":\"\u00c5ke Bonnier\",\"image\":{\"@type\":\"ImageObject\",\"inLanguage\":\"sv-SE\",\"@id\":\"https:\/\/blogg.svenskakyrkan.se\/akebonnier\/#\/schema\/person\/image\/\",\"url\":\"https:\/\/secure.gravatar.com\/avatar\/b88264736bb0bc0d1ea92298aef02c9f98cfc13c7484130c42c663ae484f9462?s=96&d=mm&r=g\",\"contentUrl\":\"https:\/\/secure.gravatar.com\/avatar\/b88264736bb0bc0d1ea92298aef02c9f98cfc13c7484130c42c663ae484f9462?s=96&d=mm&r=g\",\"caption\":\"\u00c5ke Bonnier\"},\"description\":\"Jag \u00e4r gift och har tv\u00e5 vuxna d\u00f6ttrar. Pr\u00e4stvigdes 1984 och biskopsvigs 26 augusti 2012 . Jag har tidigare bland annat varit, komminister och kyrkoherde i Liding\u00f6 f\u00f6rsamling och domprost i Stockholms domkyrkof\u00f6rsamling. Jag \u00e4r intresserad av konst, litteratur, teater, film. Jag tr\u00e4nar regelbundet p\u00e5 gym. Mitt huvudsakliga musikintresse \u00e4r klassisk musik men ocks\u00e5 Beatles, Elvis Presley, Monika Zettelund, Povel Ramel och m\u00e5nga andra tycker jag om att lyssna p\u00e5. Jag l\u00e4ser f\u00f6r lite sk\u00f6nlitteratur beroende p\u00e5 annat som jag m\u00e5ste l\u00e4sa i mitt uppdrag som biskop. Men jag \u00e4lskar b\u00f6cker. Naturligtvis l\u00e4ser jag n\u00e4st intill dagligdags i \\\"B\u00f6ckernas Bok.\\\"\",\"sameAs\":[\"http:\/\/www.skarastift.se\"],\"url\":\"https:\/\/blogg.svenskakyrkan.se\/akebonnier\/author\/akebonnier\/\"}]}<\/script>\n<!-- \/ Yoast SEO plugin. -->","yoast_head_json":{"title":"Biskop Gene Robinsson i USA avg\u00e5r i f\u00f6rtid - \u00c5ke Bonnier","robots":{"index":"index","follow":"follow","max-snippet":"max-snippet:-1","max-image-preview":"max-image-preview:large","max-video-preview":"max-video-preview:-1"},"canonical":"https:\/\/blogg.svenskakyrkan.se\/akebonnier\/2010\/11\/08\/biskop-gene-robinsson-i-usa-avgar-i-fortid\/","og_locale":"sv_SE","og_type":"article","og_title":"Biskop Gene Robinsson i USA avg\u00e5r i f\u00f6rtid - \u00c5ke Bonnier","og_description":"Jag l\u00e4ste just p\u00e5 Kyrkans tidnings hemsida att den episkopale och \u00f6ppet homosexuelle biskopen Gene Robinsson avg\u00e5r i f\u00f6rtid. D\u00f6dshot och sp\u00e4nningar inom en anglikanska kyrkofamiljen blev f\u00f6r mycket f\u00f6r honom och hans make. Detta \u00e4r den kristna k\u00e4rleken: d\u00f6dshot och sp\u00e4nningar med utfrysning beroende p\u00e5 sexuell identitet. Jag hoppas och ber att min egen [&hellip;]","og_url":"https:\/\/blogg.svenskakyrkan.se\/akebonnier\/2010\/11\/08\/biskop-gene-robinsson-i-usa-avgar-i-fortid\/","og_site_name":"\u00c5ke Bonnier","article_published_time":"2010-11-08T15:27:00+00:00","og_image":[{"url":"https:\/\/blogger.googleusercontent.com\/tracker\/9055441369901436026-4512986406057878134?l=akebonnier.blogspot.com","type":"","width":"","height":""}],"author":"\u00c5ke Bonnier","twitter_card":"summary_large_image","twitter_misc":{"Skriven av":"\u00c5ke Bonnier","Ber\u00e4knad l\u00e4stid":"1 minut"},"schema":{"@context":"https:\/\/schema.org","@graph":[{"@type":"Article","@id":"https:\/\/blogg.svenskakyrkan.se\/akebonnier\/2010\/11\/08\/biskop-gene-robinsson-i-usa-avgar-i-fortid\/#article","isPartOf":{"@id":"https:\/\/blogg.svenskakyrkan.se\/akebonnier\/2010\/11\/08\/biskop-gene-robinsson-i-usa-avgar-i-fortid\/"},"author":{"name":"\u00c5ke Bonnier","@id":"https:\/\/blogg.svenskakyrkan.se\/akebonnier\/#\/schema\/person\/8db68bc0c94f6a5a62df2d4486ff1343"},"headline":"Biskop Gene Robinsson i USA avg\u00e5r i f\u00f6rtid","datePublished":"2010-11-08T15:27:00+00:00","mainEntityOfPage":{"@id":"https:\/\/blogg.svenskakyrkan.se\/akebonnier\/2010\/11\/08\/biskop-gene-robinsson-i-usa-avgar-i-fortid\/"},"wordCount":133,"commentCount":40,"image":{"@id":"https:\/\/blogg.svenskakyrkan.se\/akebonnier\/2010\/11\/08\/biskop-gene-robinsson-i-usa-avgar-i-fortid\/#primaryimage"},"thumbnailUrl":"https:\/\/blogger.googleusercontent.com\/tracker\/9055441369901436026-4512986406057878134?l=akebonnier.blogspot.com","articleSection":["Biskop Gene Robinsson i USA avg\u00e5r i f\u00f6rtid"],"inLanguage":"sv-SE","potentialAction":[{"@type":"CommentAction","name":"Comment","target":["https:\/\/blogg.svenskakyrkan.se\/akebonnier\/2010\/11\/08\/biskop-gene-robinsson-i-usa-avgar-i-fortid\/#respond"]}]},{"@type":"WebPage","@id":"https:\/\/blogg.svenskakyrkan.se\/akebonnier\/2010\/11\/08\/biskop-gene-robinsson-i-usa-avgar-i-fortid\/","url":"https:\/\/blogg.svenskakyrkan.se\/akebonnier\/2010\/11\/08\/biskop-gene-robinsson-i-usa-avgar-i-fortid\/","name":"Biskop Gene Robinsson i USA avg\u00e5r i f\u00f6rtid - \u00c5ke Bonnier","isPartOf":{"@id":"https:\/\/blogg.svenskakyrkan.se\/akebonnier\/#website"},"primaryImageOfPage":{"@id":"https:\/\/blogg.svenskakyrkan.se\/akebonnier\/2010\/11\/08\/biskop-gene-robinsson-i-usa-avgar-i-fortid\/#primaryimage"},"image":{"@id":"https:\/\/blogg.svenskakyrkan.se\/akebonnier\/2010\/11\/08\/biskop-gene-robinsson-i-usa-avgar-i-fortid\/#primaryimage"},"thumbnailUrl":"https:\/\/blogger.googleusercontent.com\/tracker\/9055441369901436026-4512986406057878134?l=akebonnier.blogspot.com","datePublished":"2010-11-08T15:27:00+00:00","author":{"@id":"https:\/\/blogg.svenskakyrkan.se\/akebonnier\/#\/schema\/person\/8db68bc0c94f6a5a62df2d4486ff1343"},"breadcrumb":{"@id":"https:\/\/blogg.svenskakyrkan.se\/akebonnier\/2010\/11\/08\/biskop-gene-robinsson-i-usa-avgar-i-fortid\/#breadcrumb"},"inLanguage":"sv-SE","potentialAction":[{"@type":"ReadAction","target":["https:\/\/blogg.svenskakyrkan.se\/akebonnier\/2010\/11\/08\/biskop-gene-robinsson-i-usa-avgar-i-fortid\/"]}]},{"@type":"ImageObject","inLanguage":"sv-SE","@id":"https:\/\/blogg.svenskakyrkan.se\/akebonnier\/2010\/11\/08\/biskop-gene-robinsson-i-usa-avgar-i-fortid\/#primaryimage","url":"https:\/\/blogger.googleusercontent.com\/tracker\/9055441369901436026-4512986406057878134?l=akebonnier.blogspot.com","contentUrl":"https:\/\/blogger.googleusercontent.com\/tracker\/9055441369901436026-4512986406057878134?l=akebonnier.blogspot.com"},{"@type":"BreadcrumbList","@id":"https:\/\/blogg.svenskakyrkan.se\/akebonnier\/2010\/11\/08\/biskop-gene-robinsson-i-usa-avgar-i-fortid\/#breadcrumb","itemListElement":[{"@type":"ListItem","position":1,"name":"Hem","item":"https:\/\/blogg.svenskakyrkan.se\/akebonnier\/"},{"@type":"ListItem","position":2,"name":"Biskop Gene Robinsson i USA avg\u00e5r i f\u00f6rtid"}]},{"@type":"WebSite","@id":"https:\/\/blogg.svenskakyrkan.se\/akebonnier\/#website","url":"https:\/\/blogg.svenskakyrkan.se\/akebonnier\/","name":"\u00c5ke Bonnier","description":"Biskop i Svenska kyrkan - Skara stift","potentialAction":[{"@type":"SearchAction","target":{"@type":"EntryPoint","urlTemplate":"https:\/\/blogg.svenskakyrkan.se\/akebonnier\/?s={search_term_string}"},"query-input":{"@type":"PropertyValueSpecification","valueRequired":true,"valueName":"search_term_string"}}],"inLanguage":"sv-SE"},{"@type":"Person","@id":"https:\/\/blogg.svenskakyrkan.se\/akebonnier\/#\/schema\/person\/8db68bc0c94f6a5a62df2d4486ff1343","name":"\u00c5ke Bonnier","image":{"@type":"ImageObject","inLanguage":"sv-SE","@id":"https:\/\/blogg.svenskakyrkan.se\/akebonnier\/#\/schema\/person\/image\/","url":"https:\/\/secure.gravatar.com\/avatar\/b88264736bb0bc0d1ea92298aef02c9f98cfc13c7484130c42c663ae484f9462?s=96&d=mm&r=g","contentUrl":"https:\/\/secure.gravatar.com\/avatar\/b88264736bb0bc0d1ea92298aef02c9f98cfc13c7484130c42c663ae484f9462?s=96&d=mm&r=g","caption":"\u00c5ke Bonnier"},"description":"Jag \u00e4r gift och har tv\u00e5 vuxna d\u00f6ttrar. Pr\u00e4stvigdes 1984 och biskopsvigs 26 augusti 2012 . Jag har tidigare bland annat varit, komminister och kyrkoherde i Liding\u00f6 f\u00f6rsamling och domprost i Stockholms domkyrkof\u00f6rsamling. Jag \u00e4r intresserad av konst, litteratur, teater, film. Jag tr\u00e4nar regelbundet p\u00e5 gym. Mitt huvudsakliga musikintresse \u00e4r klassisk musik men ocks\u00e5 Beatles, Elvis Presley, Monika Zettelund, Povel Ramel och m\u00e5nga andra tycker jag om att lyssna p\u00e5. Jag l\u00e4ser f\u00f6r lite sk\u00f6nlitteratur beroende p\u00e5 annat som jag m\u00e5ste l\u00e4sa i mitt uppdrag som biskop. Men jag \u00e4lskar b\u00f6cker. Naturligtvis l\u00e4ser jag n\u00e4st intill dagligdags i \"B\u00f6ckernas Bok.\"","sameAs":["http:\/\/www.skarastift.se"],"url":"https:\/\/blogg.svenskakyrkan.se\/akebonnier\/author\/akebonnier\/"}]}},"author_meta":{"ID":"108","user_nicename":"akebonnier","user_url":"http:\/\/www.skarastift.se","user_registered":"2011-10-11 09:24:48","display_name":"\u00c5ke Bonnier","first_name":"\u00c5ke","last_name":"Bonnier","avatar":"https:\/\/secure.gravatar.com\/avatar\/b88264736bb0bc0d1ea92298aef02c9f98cfc13c7484130c42c663ae484f9462?s=96&d=mm&r=g"},"featured_image":false,"bloginfo":{"name":"\u00c5ke Bonnier","url":"https:\/\/blogg.svenskakyrkan.se\/akebonnier"},"_links":{"self":[{"href":"https:\/\/blogg.svenskakyrkan.se\/akebonnier\/wp-json\/wp\/v2\/posts\/469","targetHints":{"allow":["GET"]}}],"collection":[{"href":"https:\/\/blogg.svenskakyrkan.se\/akebonnier\/wp-json\/wp\/v2\/posts"}],"about":[{"href":"https:\/\/blogg.svenskakyrkan.se\/akebonnier\/wp-json\/wp\/v2\/types\/post"}],"author":[{"embeddable":true,"href":"https:\/\/blogg.svenskakyrkan.se\/akebonnier\/wp-json\/wp\/v2\/users\/108"}],"replies":[{"embeddable":true,"href":"https:\/\/blogg.svenskakyrkan.se\/akebonnier\/wp-json\/wp\/v2\/comments?post=469"}],"version-history":[{"count":0,"href":"https:\/\/blogg.svenskakyrkan.se\/akebonnier\/wp-json\/wp\/v2\/posts\/469\/revisions"}],"wp:attachment":[{"href":"https:\/\/blogg.svenskakyrkan.se\/akebonnier\/wp-json\/wp\/v2\/media?parent=469"}],"wp:term":[{"taxonomy":"category","embeddable":true,"href":"https:\/\/blogg.svenskakyrkan.se\/akebonnier\/wp-json\/wp\/v2\/categories?post=469"},{"taxonomy":"post_tag","embeddable":true,"href":"https:\/\/blogg.svenskakyrkan.se\/akebonnier\/wp-json\/wp\/v2\/tags?post=469"}],"curies":[{"name":"wp","href":"https:\/\/api.w.org\/{rel}","templated":true}]}}