{"id":472,"date":"2010-11-10T22:13:00","date_gmt":"2010-11-10T22:13:00","guid":{"rendered":"http:\/\/blogg.svenskakyrkan.se\/akebonnier\/2010\/11\/10\/kristallnatten-och-dagens-antisemitism\/"},"modified":"2010-11-10T22:13:00","modified_gmt":"2010-11-10T22:13:00","slug":"kristallnatten-och-dagens-antisemitism","status":"publish","type":"post","link":"https:\/\/blogg.svenskakyrkan.se\/akebonnier\/2010\/11\/10\/kristallnatten-och-dagens-antisemitism\/","title":{"rendered":"Kristallnatten &#8211; och dagens antisemitism."},"content":{"rendered":"<p>1938 &#8211; den 9 november krossades judiska skyltf\u00f6nster, synagogor br\u00e4ndes, judar f\u00f6rf\u00f6ljdes och d\u00f6dades, en natt som var ett sorts litet &#8221;gen.rep.&#8221; inf\u00f6r f\u00f6rintelsen. Fasansfullt! Obeskrivligt dj\u00e4vulskt!<\/p>\n<p>I g\u00e5r genomf\u00f6rdes en \u00e5minnelseh\u00f6gtid i tre delar. Den f\u00f6rsta var i S:t Jacobskyrka d\u00e4r texter och s\u00e5ng framf\u00f6rdes. Den andra var i S:ta Eugeniakyrkan (katolsk) d\u00e4r nuntien h\u00f6ll tal och en saxofonist spelade. Den tredje delen var i Stockholms stora synagoga d\u00e4r olika tal och musik blandades. Det blev en v\u00e4rdig manifestation mot v\u00e5ld, mot antisemitism, mot det som vill bryta ned. Judar och kristna var tillsammans \u00f6ver alla gr\u00e4nser som systrar och br\u00f6der.<\/p>\n<p>F\u00f6r mig \u00e4r det viktigt att vara med i ett s\u00e5dant sammanhang. Om Hitler hade kommit till Sverige hade inte jag funnits och inte mina f\u00f6r\u00e4ldrar heller. Pappa var jude. Mamma \u00e4r inte judinna men var gift med en jude. Det r\u00e4ckte naturligtvis f\u00f6r att tillh\u00f6ra den grupp som skulle f\u00f6rintas. Mamma utbildade sig till sekreterare f\u00f6r att kunna f\u00f6rs\u00f6rja pappa, ifall Hitler hade kommit och ppapa hade varit tvungen att g\u00f6mma sig.<\/p>\n<p>Antisemitismen finns ocks\u00e5 idag. Den \u00e4r inte historia. Den \u00e4r fortfarande nutid. Vi m\u00e5ste g\u00f6ra allt vi kan f\u00f6r att bek\u00e4mpa antisemitismen och rasismen i alla dess former. L\u00e5t oss, oavsett kyrkotillh\u00f6righet, oavsett religionstillh\u00f6righet, oavsett partitillh\u00f6righet, oavsett andra typer av \u00f6vertygelser, tillsammans st\u00e5 upp f\u00f6r ett samh\u00e4lle som \u00e4r m\u00e5ngkulturellt, m\u00e5ngreligi\u00f6st och d\u00e4r kors, kipa och schal och andra religi\u00f6sa symboler fr\u00e5n de stora v\u00e4rldsreligionerna kan b\u00e4ras med stolthet.<\/p>\n<p>L\u00e5t oss tillsammans k\u00e4mpa f\u00f6r ett gr\u00e4ns\u00f6verskridande syskonskap! Jesus p\u00e5minde om just detta n\u00e4r han uttryckte den Gyllne regeln med en positiv formulering: <em><strong><span style=\"color:#ff0000\">Allt vad ni vill att m\u00e4nniskorna skall g\u00f6ra f\u00f6r er, det skall ni ocks\u00e5 g\u00f6ra f\u00f6r dem. Det \u00e4r vad lagen och profeterna s\u00e4ger.<\/span><\/strong><\/em> (Matt 7:12 ). S\u00e5:<\/p>\n<p>Stoppa antisemitismen och rasismen i dagens Sverige!<\/p>\n<div class=\"blogger-post-footer\"><img width='1' height='1' src='https:\/\/blogger.googleusercontent.com\/tracker\/9055441369901436026-8494422485149414064?l=akebonnier.blogspot.com' alt='' \/><\/div>\n","protected":false},"excerpt":{"rendered":"<p>1938 &#8211; den 9 november krossades judiska skyltf\u00f6nster, synagogor br\u00e4ndes, judar f\u00f6rf\u00f6ljdes och d\u00f6dades, en natt som var ett sorts litet &#8221;gen.rep.&#8221; inf\u00f6r f\u00f6rintelsen. Fasansfullt! Obeskrivligt dj\u00e4vulskt! I g\u00e5r genomf\u00f6rdes en \u00e5minnelseh\u00f6gtid i tre delar. Den f\u00f6rsta var i S:t Jacobskyrka d\u00e4r texter och s\u00e5ng framf\u00f6rdes. Den andra var i S:ta Eugeniakyrkan (katolsk) d\u00e4r nuntien [&hellip;]<\/p>\n","protected":false},"author":108,"featured_media":0,"comment_status":"open","ping_status":"open","sticky":false,"template":"","format":"standard","meta":{"_acf_changed":false,"footnotes":""},"categories":[16445],"tags":[],"class_list":["post-472","post","type-post","status-publish","format-standard","hentry","category-kristallnatten-och-dagens-antisemitism"],"acf":[],"yoast_head":"<!-- This site is optimized with the Yoast SEO plugin v27.1.1 - https:\/\/yoast.com\/product\/yoast-seo-wordpress\/ -->\n<title>Kristallnatten - och dagens antisemitism. - \u00c5ke Bonnier<\/title>\n<meta name=\"robots\" content=\"index, follow, max-snippet:-1, max-image-preview:large, max-video-preview:-1\" \/>\n<link rel=\"canonical\" href=\"https:\/\/blogg.svenskakyrkan.se\/akebonnier\/2010\/11\/10\/kristallnatten-och-dagens-antisemitism\/\" \/>\n<meta property=\"og:locale\" content=\"sv_SE\" \/>\n<meta property=\"og:type\" content=\"article\" \/>\n<meta property=\"og:title\" content=\"Kristallnatten - och dagens antisemitism. - \u00c5ke Bonnier\" \/>\n<meta property=\"og:description\" content=\"1938 &#8211; den 9 november krossades judiska skyltf\u00f6nster, synagogor br\u00e4ndes, judar f\u00f6rf\u00f6ljdes och d\u00f6dades, en natt som var ett sorts litet &#8221;gen.rep.&#8221; inf\u00f6r f\u00f6rintelsen. Fasansfullt! Obeskrivligt dj\u00e4vulskt! I g\u00e5r genomf\u00f6rdes en \u00e5minnelseh\u00f6gtid i tre delar. Den f\u00f6rsta var i S:t Jacobskyrka d\u00e4r texter och s\u00e5ng framf\u00f6rdes. Den andra var i S:ta Eugeniakyrkan (katolsk) d\u00e4r nuntien [&hellip;]\" \/>\n<meta property=\"og:url\" content=\"https:\/\/blogg.svenskakyrkan.se\/akebonnier\/2010\/11\/10\/kristallnatten-och-dagens-antisemitism\/\" \/>\n<meta property=\"og:site_name\" content=\"\u00c5ke Bonnier\" \/>\n<meta property=\"article:published_time\" content=\"2010-11-10T22:13:00+00:00\" \/>\n<meta property=\"og:image\" content=\"https:\/\/blogger.googleusercontent.com\/tracker\/9055441369901436026-8494422485149414064?l=akebonnier.blogspot.com\" \/>\n<meta name=\"author\" content=\"\u00c5ke Bonnier\" \/>\n<meta name=\"twitter:card\" content=\"summary_large_image\" \/>\n<meta name=\"twitter:label1\" content=\"Skriven av\" \/>\n\t<meta name=\"twitter:data1\" content=\"\u00c5ke Bonnier\" \/>\n\t<meta name=\"twitter:label2\" content=\"Ber\u00e4knad l\u00e4stid\" \/>\n\t<meta name=\"twitter:data2\" content=\"2 minuter\" \/>\n<script type=\"application\/ld+json\" class=\"yoast-schema-graph\">{\"@context\":\"https:\/\/schema.org\",\"@graph\":[{\"@type\":\"Article\",\"@id\":\"https:\/\/blogg.svenskakyrkan.se\/akebonnier\/2010\/11\/10\/kristallnatten-och-dagens-antisemitism\/#article\",\"isPartOf\":{\"@id\":\"https:\/\/blogg.svenskakyrkan.se\/akebonnier\/2010\/11\/10\/kristallnatten-och-dagens-antisemitism\/\"},\"author\":{\"name\":\"\u00c5ke Bonnier\",\"@id\":\"https:\/\/blogg.svenskakyrkan.se\/akebonnier\/#\/schema\/person\/8db68bc0c94f6a5a62df2d4486ff1343\"},\"headline\":\"Kristallnatten &#8211; och dagens antisemitism.\",\"datePublished\":\"2010-11-10T22:13:00+00:00\",\"mainEntityOfPage\":{\"@id\":\"https:\/\/blogg.svenskakyrkan.se\/akebonnier\/2010\/11\/10\/kristallnatten-och-dagens-antisemitism\/\"},\"wordCount\":371,\"commentCount\":1,\"image\":{\"@id\":\"https:\/\/blogg.svenskakyrkan.se\/akebonnier\/2010\/11\/10\/kristallnatten-och-dagens-antisemitism\/#primaryimage\"},\"thumbnailUrl\":\"https:\/\/blogger.googleusercontent.com\/tracker\/9055441369901436026-8494422485149414064?l=akebonnier.blogspot.com\",\"articleSection\":[\"Kristallnatten - och dagens antisemitism\"],\"inLanguage\":\"sv-SE\",\"potentialAction\":[{\"@type\":\"CommentAction\",\"name\":\"Comment\",\"target\":[\"https:\/\/blogg.svenskakyrkan.se\/akebonnier\/2010\/11\/10\/kristallnatten-och-dagens-antisemitism\/#respond\"]}]},{\"@type\":\"WebPage\",\"@id\":\"https:\/\/blogg.svenskakyrkan.se\/akebonnier\/2010\/11\/10\/kristallnatten-och-dagens-antisemitism\/\",\"url\":\"https:\/\/blogg.svenskakyrkan.se\/akebonnier\/2010\/11\/10\/kristallnatten-och-dagens-antisemitism\/\",\"name\":\"Kristallnatten - och dagens antisemitism. - \u00c5ke Bonnier\",\"isPartOf\":{\"@id\":\"https:\/\/blogg.svenskakyrkan.se\/akebonnier\/#website\"},\"primaryImageOfPage\":{\"@id\":\"https:\/\/blogg.svenskakyrkan.se\/akebonnier\/2010\/11\/10\/kristallnatten-och-dagens-antisemitism\/#primaryimage\"},\"image\":{\"@id\":\"https:\/\/blogg.svenskakyrkan.se\/akebonnier\/2010\/11\/10\/kristallnatten-och-dagens-antisemitism\/#primaryimage\"},\"thumbnailUrl\":\"https:\/\/blogger.googleusercontent.com\/tracker\/9055441369901436026-8494422485149414064?l=akebonnier.blogspot.com\",\"datePublished\":\"2010-11-10T22:13:00+00:00\",\"author\":{\"@id\":\"https:\/\/blogg.svenskakyrkan.se\/akebonnier\/#\/schema\/person\/8db68bc0c94f6a5a62df2d4486ff1343\"},\"breadcrumb\":{\"@id\":\"https:\/\/blogg.svenskakyrkan.se\/akebonnier\/2010\/11\/10\/kristallnatten-och-dagens-antisemitism\/#breadcrumb\"},\"inLanguage\":\"sv-SE\",\"potentialAction\":[{\"@type\":\"ReadAction\",\"target\":[\"https:\/\/blogg.svenskakyrkan.se\/akebonnier\/2010\/11\/10\/kristallnatten-och-dagens-antisemitism\/\"]}]},{\"@type\":\"ImageObject\",\"inLanguage\":\"sv-SE\",\"@id\":\"https:\/\/blogg.svenskakyrkan.se\/akebonnier\/2010\/11\/10\/kristallnatten-och-dagens-antisemitism\/#primaryimage\",\"url\":\"https:\/\/blogger.googleusercontent.com\/tracker\/9055441369901436026-8494422485149414064?l=akebonnier.blogspot.com\",\"contentUrl\":\"https:\/\/blogger.googleusercontent.com\/tracker\/9055441369901436026-8494422485149414064?l=akebonnier.blogspot.com\"},{\"@type\":\"BreadcrumbList\",\"@id\":\"https:\/\/blogg.svenskakyrkan.se\/akebonnier\/2010\/11\/10\/kristallnatten-och-dagens-antisemitism\/#breadcrumb\",\"itemListElement\":[{\"@type\":\"ListItem\",\"position\":1,\"name\":\"Hem\",\"item\":\"https:\/\/blogg.svenskakyrkan.se\/akebonnier\/\"},{\"@type\":\"ListItem\",\"position\":2,\"name\":\"Kristallnatten &#8211; och dagens antisemitism.\"}]},{\"@type\":\"WebSite\",\"@id\":\"https:\/\/blogg.svenskakyrkan.se\/akebonnier\/#website\",\"url\":\"https:\/\/blogg.svenskakyrkan.se\/akebonnier\/\",\"name\":\"\u00c5ke Bonnier\",\"description\":\"Biskop i Svenska kyrkan - Skara stift\",\"potentialAction\":[{\"@type\":\"SearchAction\",\"target\":{\"@type\":\"EntryPoint\",\"urlTemplate\":\"https:\/\/blogg.svenskakyrkan.se\/akebonnier\/?s={search_term_string}\"},\"query-input\":{\"@type\":\"PropertyValueSpecification\",\"valueRequired\":true,\"valueName\":\"search_term_string\"}}],\"inLanguage\":\"sv-SE\"},{\"@type\":\"Person\",\"@id\":\"https:\/\/blogg.svenskakyrkan.se\/akebonnier\/#\/schema\/person\/8db68bc0c94f6a5a62df2d4486ff1343\",\"name\":\"\u00c5ke Bonnier\",\"image\":{\"@type\":\"ImageObject\",\"inLanguage\":\"sv-SE\",\"@id\":\"https:\/\/blogg.svenskakyrkan.se\/akebonnier\/#\/schema\/person\/image\/\",\"url\":\"https:\/\/secure.gravatar.com\/avatar\/b88264736bb0bc0d1ea92298aef02c9f98cfc13c7484130c42c663ae484f9462?s=96&d=mm&r=g\",\"contentUrl\":\"https:\/\/secure.gravatar.com\/avatar\/b88264736bb0bc0d1ea92298aef02c9f98cfc13c7484130c42c663ae484f9462?s=96&d=mm&r=g\",\"caption\":\"\u00c5ke Bonnier\"},\"description\":\"Jag \u00e4r gift och har tv\u00e5 vuxna d\u00f6ttrar. Pr\u00e4stvigdes 1984 och biskopsvigs 26 augusti 2012 . Jag har tidigare bland annat varit, komminister och kyrkoherde i Liding\u00f6 f\u00f6rsamling och domprost i Stockholms domkyrkof\u00f6rsamling. Jag \u00e4r intresserad av konst, litteratur, teater, film. Jag tr\u00e4nar regelbundet p\u00e5 gym. Mitt huvudsakliga musikintresse \u00e4r klassisk musik men ocks\u00e5 Beatles, Elvis Presley, Monika Zettelund, Povel Ramel och m\u00e5nga andra tycker jag om att lyssna p\u00e5. Jag l\u00e4ser f\u00f6r lite sk\u00f6nlitteratur beroende p\u00e5 annat som jag m\u00e5ste l\u00e4sa i mitt uppdrag som biskop. Men jag \u00e4lskar b\u00f6cker. Naturligtvis l\u00e4ser jag n\u00e4st intill dagligdags i \\\"B\u00f6ckernas Bok.\\\"\",\"sameAs\":[\"http:\/\/www.skarastift.se\"],\"url\":\"https:\/\/blogg.svenskakyrkan.se\/akebonnier\/author\/akebonnier\/\"}]}<\/script>\n<!-- \/ Yoast SEO plugin. -->","yoast_head_json":{"title":"Kristallnatten - och dagens antisemitism. - \u00c5ke Bonnier","robots":{"index":"index","follow":"follow","max-snippet":"max-snippet:-1","max-image-preview":"max-image-preview:large","max-video-preview":"max-video-preview:-1"},"canonical":"https:\/\/blogg.svenskakyrkan.se\/akebonnier\/2010\/11\/10\/kristallnatten-och-dagens-antisemitism\/","og_locale":"sv_SE","og_type":"article","og_title":"Kristallnatten - och dagens antisemitism. - \u00c5ke Bonnier","og_description":"1938 &#8211; den 9 november krossades judiska skyltf\u00f6nster, synagogor br\u00e4ndes, judar f\u00f6rf\u00f6ljdes och d\u00f6dades, en natt som var ett sorts litet &#8221;gen.rep.&#8221; inf\u00f6r f\u00f6rintelsen. Fasansfullt! Obeskrivligt dj\u00e4vulskt! I g\u00e5r genomf\u00f6rdes en \u00e5minnelseh\u00f6gtid i tre delar. Den f\u00f6rsta var i S:t Jacobskyrka d\u00e4r texter och s\u00e5ng framf\u00f6rdes. Den andra var i S:ta Eugeniakyrkan (katolsk) d\u00e4r nuntien [&hellip;]","og_url":"https:\/\/blogg.svenskakyrkan.se\/akebonnier\/2010\/11\/10\/kristallnatten-och-dagens-antisemitism\/","og_site_name":"\u00c5ke Bonnier","article_published_time":"2010-11-10T22:13:00+00:00","og_image":[{"url":"https:\/\/blogger.googleusercontent.com\/tracker\/9055441369901436026-8494422485149414064?l=akebonnier.blogspot.com","type":"","width":"","height":""}],"author":"\u00c5ke Bonnier","twitter_card":"summary_large_image","twitter_misc":{"Skriven av":"\u00c5ke Bonnier","Ber\u00e4knad l\u00e4stid":"2 minuter"},"schema":{"@context":"https:\/\/schema.org","@graph":[{"@type":"Article","@id":"https:\/\/blogg.svenskakyrkan.se\/akebonnier\/2010\/11\/10\/kristallnatten-och-dagens-antisemitism\/#article","isPartOf":{"@id":"https:\/\/blogg.svenskakyrkan.se\/akebonnier\/2010\/11\/10\/kristallnatten-och-dagens-antisemitism\/"},"author":{"name":"\u00c5ke Bonnier","@id":"https:\/\/blogg.svenskakyrkan.se\/akebonnier\/#\/schema\/person\/8db68bc0c94f6a5a62df2d4486ff1343"},"headline":"Kristallnatten &#8211; och dagens antisemitism.","datePublished":"2010-11-10T22:13:00+00:00","mainEntityOfPage":{"@id":"https:\/\/blogg.svenskakyrkan.se\/akebonnier\/2010\/11\/10\/kristallnatten-och-dagens-antisemitism\/"},"wordCount":371,"commentCount":1,"image":{"@id":"https:\/\/blogg.svenskakyrkan.se\/akebonnier\/2010\/11\/10\/kristallnatten-och-dagens-antisemitism\/#primaryimage"},"thumbnailUrl":"https:\/\/blogger.googleusercontent.com\/tracker\/9055441369901436026-8494422485149414064?l=akebonnier.blogspot.com","articleSection":["Kristallnatten - och dagens antisemitism"],"inLanguage":"sv-SE","potentialAction":[{"@type":"CommentAction","name":"Comment","target":["https:\/\/blogg.svenskakyrkan.se\/akebonnier\/2010\/11\/10\/kristallnatten-och-dagens-antisemitism\/#respond"]}]},{"@type":"WebPage","@id":"https:\/\/blogg.svenskakyrkan.se\/akebonnier\/2010\/11\/10\/kristallnatten-och-dagens-antisemitism\/","url":"https:\/\/blogg.svenskakyrkan.se\/akebonnier\/2010\/11\/10\/kristallnatten-och-dagens-antisemitism\/","name":"Kristallnatten - och dagens antisemitism. - \u00c5ke Bonnier","isPartOf":{"@id":"https:\/\/blogg.svenskakyrkan.se\/akebonnier\/#website"},"primaryImageOfPage":{"@id":"https:\/\/blogg.svenskakyrkan.se\/akebonnier\/2010\/11\/10\/kristallnatten-och-dagens-antisemitism\/#primaryimage"},"image":{"@id":"https:\/\/blogg.svenskakyrkan.se\/akebonnier\/2010\/11\/10\/kristallnatten-och-dagens-antisemitism\/#primaryimage"},"thumbnailUrl":"https:\/\/blogger.googleusercontent.com\/tracker\/9055441369901436026-8494422485149414064?l=akebonnier.blogspot.com","datePublished":"2010-11-10T22:13:00+00:00","author":{"@id":"https:\/\/blogg.svenskakyrkan.se\/akebonnier\/#\/schema\/person\/8db68bc0c94f6a5a62df2d4486ff1343"},"breadcrumb":{"@id":"https:\/\/blogg.svenskakyrkan.se\/akebonnier\/2010\/11\/10\/kristallnatten-och-dagens-antisemitism\/#breadcrumb"},"inLanguage":"sv-SE","potentialAction":[{"@type":"ReadAction","target":["https:\/\/blogg.svenskakyrkan.se\/akebonnier\/2010\/11\/10\/kristallnatten-och-dagens-antisemitism\/"]}]},{"@type":"ImageObject","inLanguage":"sv-SE","@id":"https:\/\/blogg.svenskakyrkan.se\/akebonnier\/2010\/11\/10\/kristallnatten-och-dagens-antisemitism\/#primaryimage","url":"https:\/\/blogger.googleusercontent.com\/tracker\/9055441369901436026-8494422485149414064?l=akebonnier.blogspot.com","contentUrl":"https:\/\/blogger.googleusercontent.com\/tracker\/9055441369901436026-8494422485149414064?l=akebonnier.blogspot.com"},{"@type":"BreadcrumbList","@id":"https:\/\/blogg.svenskakyrkan.se\/akebonnier\/2010\/11\/10\/kristallnatten-och-dagens-antisemitism\/#breadcrumb","itemListElement":[{"@type":"ListItem","position":1,"name":"Hem","item":"https:\/\/blogg.svenskakyrkan.se\/akebonnier\/"},{"@type":"ListItem","position":2,"name":"Kristallnatten &#8211; och dagens antisemitism."}]},{"@type":"WebSite","@id":"https:\/\/blogg.svenskakyrkan.se\/akebonnier\/#website","url":"https:\/\/blogg.svenskakyrkan.se\/akebonnier\/","name":"\u00c5ke Bonnier","description":"Biskop i Svenska kyrkan - Skara stift","potentialAction":[{"@type":"SearchAction","target":{"@type":"EntryPoint","urlTemplate":"https:\/\/blogg.svenskakyrkan.se\/akebonnier\/?s={search_term_string}"},"query-input":{"@type":"PropertyValueSpecification","valueRequired":true,"valueName":"search_term_string"}}],"inLanguage":"sv-SE"},{"@type":"Person","@id":"https:\/\/blogg.svenskakyrkan.se\/akebonnier\/#\/schema\/person\/8db68bc0c94f6a5a62df2d4486ff1343","name":"\u00c5ke Bonnier","image":{"@type":"ImageObject","inLanguage":"sv-SE","@id":"https:\/\/blogg.svenskakyrkan.se\/akebonnier\/#\/schema\/person\/image\/","url":"https:\/\/secure.gravatar.com\/avatar\/b88264736bb0bc0d1ea92298aef02c9f98cfc13c7484130c42c663ae484f9462?s=96&d=mm&r=g","contentUrl":"https:\/\/secure.gravatar.com\/avatar\/b88264736bb0bc0d1ea92298aef02c9f98cfc13c7484130c42c663ae484f9462?s=96&d=mm&r=g","caption":"\u00c5ke Bonnier"},"description":"Jag \u00e4r gift och har tv\u00e5 vuxna d\u00f6ttrar. Pr\u00e4stvigdes 1984 och biskopsvigs 26 augusti 2012 . Jag har tidigare bland annat varit, komminister och kyrkoherde i Liding\u00f6 f\u00f6rsamling och domprost i Stockholms domkyrkof\u00f6rsamling. Jag \u00e4r intresserad av konst, litteratur, teater, film. Jag tr\u00e4nar regelbundet p\u00e5 gym. Mitt huvudsakliga musikintresse \u00e4r klassisk musik men ocks\u00e5 Beatles, Elvis Presley, Monika Zettelund, Povel Ramel och m\u00e5nga andra tycker jag om att lyssna p\u00e5. Jag l\u00e4ser f\u00f6r lite sk\u00f6nlitteratur beroende p\u00e5 annat som jag m\u00e5ste l\u00e4sa i mitt uppdrag som biskop. Men jag \u00e4lskar b\u00f6cker. Naturligtvis l\u00e4ser jag n\u00e4st intill dagligdags i \"B\u00f6ckernas Bok.\"","sameAs":["http:\/\/www.skarastift.se"],"url":"https:\/\/blogg.svenskakyrkan.se\/akebonnier\/author\/akebonnier\/"}]}},"author_meta":{"ID":"108","user_nicename":"akebonnier","user_url":"http:\/\/www.skarastift.se","user_registered":"2011-10-11 09:24:48","display_name":"\u00c5ke Bonnier","first_name":"\u00c5ke","last_name":"Bonnier","avatar":"https:\/\/secure.gravatar.com\/avatar\/b88264736bb0bc0d1ea92298aef02c9f98cfc13c7484130c42c663ae484f9462?s=96&d=mm&r=g"},"featured_image":false,"bloginfo":{"name":"\u00c5ke Bonnier","url":"https:\/\/blogg.svenskakyrkan.se\/akebonnier"},"_links":{"self":[{"href":"https:\/\/blogg.svenskakyrkan.se\/akebonnier\/wp-json\/wp\/v2\/posts\/472","targetHints":{"allow":["GET"]}}],"collection":[{"href":"https:\/\/blogg.svenskakyrkan.se\/akebonnier\/wp-json\/wp\/v2\/posts"}],"about":[{"href":"https:\/\/blogg.svenskakyrkan.se\/akebonnier\/wp-json\/wp\/v2\/types\/post"}],"author":[{"embeddable":true,"href":"https:\/\/blogg.svenskakyrkan.se\/akebonnier\/wp-json\/wp\/v2\/users\/108"}],"replies":[{"embeddable":true,"href":"https:\/\/blogg.svenskakyrkan.se\/akebonnier\/wp-json\/wp\/v2\/comments?post=472"}],"version-history":[{"count":0,"href":"https:\/\/blogg.svenskakyrkan.se\/akebonnier\/wp-json\/wp\/v2\/posts\/472\/revisions"}],"wp:attachment":[{"href":"https:\/\/blogg.svenskakyrkan.se\/akebonnier\/wp-json\/wp\/v2\/media?parent=472"}],"wp:term":[{"taxonomy":"category","embeddable":true,"href":"https:\/\/blogg.svenskakyrkan.se\/akebonnier\/wp-json\/wp\/v2\/categories?post=472"},{"taxonomy":"post_tag","embeddable":true,"href":"https:\/\/blogg.svenskakyrkan.se\/akebonnier\/wp-json\/wp\/v2\/tags?post=472"}],"curies":[{"name":"wp","href":"https:\/\/api.w.org\/{rel}","templated":true}]}}