{"id":473,"date":"2010-11-14T21:40:00","date_gmt":"2010-11-14T21:40:00","guid":{"rendered":"http:\/\/blogg.svenskakyrkan.se\/akebonnier\/2010\/11\/14\/gud-ar-inte-kristen\/"},"modified":"2010-11-14T21:40:00","modified_gmt":"2010-11-14T21:40:00","slug":"gud-ar-inte-kristen","status":"publish","type":"post","link":"https:\/\/blogg.svenskakyrkan.se\/akebonnier\/2010\/11\/14\/gud-ar-inte-kristen\/","title":{"rendered":"Gud \u00e4r inte kristen!"},"content":{"rendered":"<p>Jo, jag menar verkligen detta och bek\u00e4nner det. Gud \u00e4r inte kristen! Hurdan \u00e4r d\u00e5 Gud, den Gud som jag n\u00e4stan varje s\u00f6ndag (och m\u00e5nga andra dagar ocks\u00e5) h\u00f6gt bek\u00e4nner min tro till? Ordet Gud \u00e4r egentligen bara en bokstavskombination f\u00f6r den obeskrivbare. I den judiska, mer konservativa (kanske ortodoxa) traditionen skriver man inte ut ordet Gud utan skriver G-d f\u00f6r att inte missbruka Namnet. Likas\u00e5 uttalar man aldrig de fyra konsonanterna JHVH n\u00e4r de st\u00e5r i den nyss skrivna kombinationen. Man vill inte missbruka Namnet. Ist\u00e4llet l\u00e4ser man och uttalar ordet <em>adonai<\/em> som betyder <em>Herre<\/em> eller <em>min He<\/em>rre. Allt detta vill ocks\u00e5 ge uttryck \u00e5t att den Gud jag bek\u00e4nner mig till aldrig g\u00e5r att f\u00e5nga in, aldrig g\u00e5r att beskriva, aldrig g\u00e5r att definiera. Gud \u00e4r, med v\u00e5ra muslimska systrars och br\u00f6ders bek\u00e4nnelse, st\u00f6rre. Alla f\u00f6rs\u00f6k att tala om hurdan Gud \u00e4r f\u00f6rminskar Gud. Nya Testamentet ger egentligen bara tre direkta beskrivningar av Gud: <em>Gud \u00e4r ljus<\/em> ( 1Joh 1:5), <em>Gud \u00e4r Ande<\/em> (Joh 4:24) och <em>Gud \u00e4r k\u00e4rlek<\/em> (1 Joh 4:8, 1 Joh 4:16). Men dessa beskrivningar \u00e4r i sig s\u00e5 stora att det inte g\u00e5r att f\u00e5nga in dem.<\/p>\n<p>M\u00e5nga kristna har h\u00e4vdat att den sanna bilden av Gud ges genom kristendomen. P\u00e5 s\u00e4tt och vis kan jag f\u00f6rst\u00e5 det, sett med kristna glas\u00f6gon, och sett i ljuset av inkarnationen. Gud m\u00f6ter oss p\u00e5 ett unikt s\u00e4tt i en historisk person, en person som genom sitt liv, sin d\u00f6d och sin uppst\u00e5ndelse vill visa oss hurdan Gud \u00e4r. Och samtidigt: Gud \u00e4r st\u00f6rre. Gud \u00e4r st\u00f6rre \u00e4n summan av alla religioner. Gud \u00e4r st\u00f6rre \u00e4n summan av alla f\u00f6rs\u00f6k att tala om hurdan Gud \u00e4r. Gud \u00e4r alltid st\u00f6rre.<\/p>\n<p>D\u00e4rf\u00f6r kan vi inte s\u00e4ga att Gud skulle vara kristen, eller tala om den kristna guden till skillnad fr\u00e5n den muslimska eller judiska guden. Det finns bara en Gud. Till och med m\u00e5nga hinduer s\u00e4ger att det bara finns en enda Gud. Gud \u00e4r bortom alla v\u00e5ra definitioner, bortom alla v\u00e5ra m\u00e4nskliga f\u00f6rs\u00f6k att nalkas Gud.<\/p>\n<p>N\u00e4r vi s\u00e4ger att vi tror p\u00e5 Gud, handlar det om en l\u00e4ngtan efter den ogripbare, en l\u00e4ngtan efter den som \u00e4r, som \u00e4r i varje nyf\u00f6tt \u00f6gonblick, som var innan tiden blev till och som \u00e4r n\u00e4r tid och rum har upph\u00f6rt.<\/p>\n<p>I denne ende\/enda Gud kan vi alla f\u00f6renas, likt solens str\u00e5lar, i en barnteckning, som kommer n\u00e4rmre och n\u00e4rmre varandra ju n\u00e4rmre solen de kommer f\u00f6r att sedan sm\u00e4lta samman i solen.<\/p>\n<p>Gud \u00e4r inte kristen, men jag \u00e4r kristen och mer om det vill jag skriva senare.<\/p>\n<div class=\"blogger-post-footer\"><img width='1' height='1' src='https:\/\/blogger.googleusercontent.com\/tracker\/9055441369901436026-5244162778370676358?l=akebonnier.blogspot.com' alt='' \/><\/div>\n","protected":false},"excerpt":{"rendered":"<p>Jo, jag menar verkligen detta och bek\u00e4nner det. Gud \u00e4r inte kristen! Hurdan \u00e4r d\u00e5 Gud, den Gud som jag n\u00e4stan varje s\u00f6ndag (och m\u00e5nga andra dagar ocks\u00e5) h\u00f6gt bek\u00e4nner min tro till? Ordet Gud \u00e4r egentligen bara en bokstavskombination f\u00f6r den obeskrivbare. I den judiska, mer konservativa (kanske ortodoxa) traditionen skriver man inte ut [&hellip;]<\/p>\n","protected":false},"author":108,"featured_media":0,"comment_status":"open","ping_status":"open","sticky":false,"template":"","format":"standard","meta":{"_acf_changed":false,"footnotes":""},"categories":[16446],"tags":[],"class_list":["post-473","post","type-post","status-publish","format-standard","hentry","category-gud-ar-inte-kristen"],"acf":[],"yoast_head":"<!-- This site is optimized with the Yoast SEO plugin v27.1.1 - https:\/\/yoast.com\/product\/yoast-seo-wordpress\/ -->\n<title>Gud \u00e4r inte kristen! - \u00c5ke Bonnier<\/title>\n<meta name=\"robots\" content=\"index, follow, max-snippet:-1, max-image-preview:large, max-video-preview:-1\" \/>\n<link rel=\"canonical\" href=\"https:\/\/blogg.svenskakyrkan.se\/akebonnier\/2010\/11\/14\/gud-ar-inte-kristen\/\" \/>\n<meta property=\"og:locale\" content=\"sv_SE\" \/>\n<meta property=\"og:type\" content=\"article\" \/>\n<meta property=\"og:title\" content=\"Gud \u00e4r inte kristen! - \u00c5ke Bonnier\" \/>\n<meta property=\"og:description\" content=\"Jo, jag menar verkligen detta och bek\u00e4nner det. Gud \u00e4r inte kristen! Hurdan \u00e4r d\u00e5 Gud, den Gud som jag n\u00e4stan varje s\u00f6ndag (och m\u00e5nga andra dagar ocks\u00e5) h\u00f6gt bek\u00e4nner min tro till? Ordet Gud \u00e4r egentligen bara en bokstavskombination f\u00f6r den obeskrivbare. I den judiska, mer konservativa (kanske ortodoxa) traditionen skriver man inte ut [&hellip;]\" \/>\n<meta property=\"og:url\" content=\"https:\/\/blogg.svenskakyrkan.se\/akebonnier\/2010\/11\/14\/gud-ar-inte-kristen\/\" \/>\n<meta property=\"og:site_name\" content=\"\u00c5ke Bonnier\" \/>\n<meta property=\"article:published_time\" content=\"2010-11-14T21:40:00+00:00\" \/>\n<meta property=\"og:image\" content=\"https:\/\/blogger.googleusercontent.com\/tracker\/9055441369901436026-5244162778370676358?l=akebonnier.blogspot.com\" \/>\n<meta name=\"author\" content=\"\u00c5ke Bonnier\" \/>\n<meta name=\"twitter:card\" content=\"summary_large_image\" \/>\n<meta name=\"twitter:label1\" content=\"Skriven av\" \/>\n\t<meta name=\"twitter:data1\" content=\"\u00c5ke Bonnier\" \/>\n\t<meta name=\"twitter:label2\" content=\"Ber\u00e4knad l\u00e4stid\" \/>\n\t<meta name=\"twitter:data2\" content=\"2 minuter\" \/>\n<script type=\"application\/ld+json\" class=\"yoast-schema-graph\">{\"@context\":\"https:\/\/schema.org\",\"@graph\":[{\"@type\":\"Article\",\"@id\":\"https:\/\/blogg.svenskakyrkan.se\/akebonnier\/2010\/11\/14\/gud-ar-inte-kristen\/#article\",\"isPartOf\":{\"@id\":\"https:\/\/blogg.svenskakyrkan.se\/akebonnier\/2010\/11\/14\/gud-ar-inte-kristen\/\"},\"author\":{\"name\":\"\u00c5ke Bonnier\",\"@id\":\"https:\/\/blogg.svenskakyrkan.se\/akebonnier\/#\/schema\/person\/8db68bc0c94f6a5a62df2d4486ff1343\"},\"headline\":\"Gud \u00e4r inte kristen!\",\"datePublished\":\"2010-11-14T21:40:00+00:00\",\"mainEntityOfPage\":{\"@id\":\"https:\/\/blogg.svenskakyrkan.se\/akebonnier\/2010\/11\/14\/gud-ar-inte-kristen\/\"},\"wordCount\":495,\"commentCount\":15,\"image\":{\"@id\":\"https:\/\/blogg.svenskakyrkan.se\/akebonnier\/2010\/11\/14\/gud-ar-inte-kristen\/#primaryimage\"},\"thumbnailUrl\":\"https:\/\/blogger.googleusercontent.com\/tracker\/9055441369901436026-5244162778370676358?l=akebonnier.blogspot.com\",\"articleSection\":[\"Gud \u00e4r inte kristen\"],\"inLanguage\":\"sv-SE\",\"potentialAction\":[{\"@type\":\"CommentAction\",\"name\":\"Comment\",\"target\":[\"https:\/\/blogg.svenskakyrkan.se\/akebonnier\/2010\/11\/14\/gud-ar-inte-kristen\/#respond\"]}]},{\"@type\":\"WebPage\",\"@id\":\"https:\/\/blogg.svenskakyrkan.se\/akebonnier\/2010\/11\/14\/gud-ar-inte-kristen\/\",\"url\":\"https:\/\/blogg.svenskakyrkan.se\/akebonnier\/2010\/11\/14\/gud-ar-inte-kristen\/\",\"name\":\"Gud \u00e4r inte kristen! - \u00c5ke Bonnier\",\"isPartOf\":{\"@id\":\"https:\/\/blogg.svenskakyrkan.se\/akebonnier\/#website\"},\"primaryImageOfPage\":{\"@id\":\"https:\/\/blogg.svenskakyrkan.se\/akebonnier\/2010\/11\/14\/gud-ar-inte-kristen\/#primaryimage\"},\"image\":{\"@id\":\"https:\/\/blogg.svenskakyrkan.se\/akebonnier\/2010\/11\/14\/gud-ar-inte-kristen\/#primaryimage\"},\"thumbnailUrl\":\"https:\/\/blogger.googleusercontent.com\/tracker\/9055441369901436026-5244162778370676358?l=akebonnier.blogspot.com\",\"datePublished\":\"2010-11-14T21:40:00+00:00\",\"author\":{\"@id\":\"https:\/\/blogg.svenskakyrkan.se\/akebonnier\/#\/schema\/person\/8db68bc0c94f6a5a62df2d4486ff1343\"},\"breadcrumb\":{\"@id\":\"https:\/\/blogg.svenskakyrkan.se\/akebonnier\/2010\/11\/14\/gud-ar-inte-kristen\/#breadcrumb\"},\"inLanguage\":\"sv-SE\",\"potentialAction\":[{\"@type\":\"ReadAction\",\"target\":[\"https:\/\/blogg.svenskakyrkan.se\/akebonnier\/2010\/11\/14\/gud-ar-inte-kristen\/\"]}]},{\"@type\":\"ImageObject\",\"inLanguage\":\"sv-SE\",\"@id\":\"https:\/\/blogg.svenskakyrkan.se\/akebonnier\/2010\/11\/14\/gud-ar-inte-kristen\/#primaryimage\",\"url\":\"https:\/\/blogger.googleusercontent.com\/tracker\/9055441369901436026-5244162778370676358?l=akebonnier.blogspot.com\",\"contentUrl\":\"https:\/\/blogger.googleusercontent.com\/tracker\/9055441369901436026-5244162778370676358?l=akebonnier.blogspot.com\"},{\"@type\":\"BreadcrumbList\",\"@id\":\"https:\/\/blogg.svenskakyrkan.se\/akebonnier\/2010\/11\/14\/gud-ar-inte-kristen\/#breadcrumb\",\"itemListElement\":[{\"@type\":\"ListItem\",\"position\":1,\"name\":\"Hem\",\"item\":\"https:\/\/blogg.svenskakyrkan.se\/akebonnier\/\"},{\"@type\":\"ListItem\",\"position\":2,\"name\":\"Gud \u00e4r inte kristen!\"}]},{\"@type\":\"WebSite\",\"@id\":\"https:\/\/blogg.svenskakyrkan.se\/akebonnier\/#website\",\"url\":\"https:\/\/blogg.svenskakyrkan.se\/akebonnier\/\",\"name\":\"\u00c5ke Bonnier\",\"description\":\"Biskop i Svenska kyrkan - Skara stift\",\"potentialAction\":[{\"@type\":\"SearchAction\",\"target\":{\"@type\":\"EntryPoint\",\"urlTemplate\":\"https:\/\/blogg.svenskakyrkan.se\/akebonnier\/?s={search_term_string}\"},\"query-input\":{\"@type\":\"PropertyValueSpecification\",\"valueRequired\":true,\"valueName\":\"search_term_string\"}}],\"inLanguage\":\"sv-SE\"},{\"@type\":\"Person\",\"@id\":\"https:\/\/blogg.svenskakyrkan.se\/akebonnier\/#\/schema\/person\/8db68bc0c94f6a5a62df2d4486ff1343\",\"name\":\"\u00c5ke Bonnier\",\"image\":{\"@type\":\"ImageObject\",\"inLanguage\":\"sv-SE\",\"@id\":\"https:\/\/blogg.svenskakyrkan.se\/akebonnier\/#\/schema\/person\/image\/\",\"url\":\"https:\/\/secure.gravatar.com\/avatar\/b88264736bb0bc0d1ea92298aef02c9f98cfc13c7484130c42c663ae484f9462?s=96&d=mm&r=g\",\"contentUrl\":\"https:\/\/secure.gravatar.com\/avatar\/b88264736bb0bc0d1ea92298aef02c9f98cfc13c7484130c42c663ae484f9462?s=96&d=mm&r=g\",\"caption\":\"\u00c5ke Bonnier\"},\"description\":\"Jag \u00e4r gift och har tv\u00e5 vuxna d\u00f6ttrar. Pr\u00e4stvigdes 1984 och biskopsvigs 26 augusti 2012 . Jag har tidigare bland annat varit, komminister och kyrkoherde i Liding\u00f6 f\u00f6rsamling och domprost i Stockholms domkyrkof\u00f6rsamling. Jag \u00e4r intresserad av konst, litteratur, teater, film. Jag tr\u00e4nar regelbundet p\u00e5 gym. Mitt huvudsakliga musikintresse \u00e4r klassisk musik men ocks\u00e5 Beatles, Elvis Presley, Monika Zettelund, Povel Ramel och m\u00e5nga andra tycker jag om att lyssna p\u00e5. Jag l\u00e4ser f\u00f6r lite sk\u00f6nlitteratur beroende p\u00e5 annat som jag m\u00e5ste l\u00e4sa i mitt uppdrag som biskop. Men jag \u00e4lskar b\u00f6cker. Naturligtvis l\u00e4ser jag n\u00e4st intill dagligdags i \\\"B\u00f6ckernas Bok.\\\"\",\"sameAs\":[\"http:\/\/www.skarastift.se\"],\"url\":\"https:\/\/blogg.svenskakyrkan.se\/akebonnier\/author\/akebonnier\/\"}]}<\/script>\n<!-- \/ Yoast SEO plugin. -->","yoast_head_json":{"title":"Gud \u00e4r inte kristen! - \u00c5ke Bonnier","robots":{"index":"index","follow":"follow","max-snippet":"max-snippet:-1","max-image-preview":"max-image-preview:large","max-video-preview":"max-video-preview:-1"},"canonical":"https:\/\/blogg.svenskakyrkan.se\/akebonnier\/2010\/11\/14\/gud-ar-inte-kristen\/","og_locale":"sv_SE","og_type":"article","og_title":"Gud \u00e4r inte kristen! - \u00c5ke Bonnier","og_description":"Jo, jag menar verkligen detta och bek\u00e4nner det. Gud \u00e4r inte kristen! Hurdan \u00e4r d\u00e5 Gud, den Gud som jag n\u00e4stan varje s\u00f6ndag (och m\u00e5nga andra dagar ocks\u00e5) h\u00f6gt bek\u00e4nner min tro till? Ordet Gud \u00e4r egentligen bara en bokstavskombination f\u00f6r den obeskrivbare. I den judiska, mer konservativa (kanske ortodoxa) traditionen skriver man inte ut [&hellip;]","og_url":"https:\/\/blogg.svenskakyrkan.se\/akebonnier\/2010\/11\/14\/gud-ar-inte-kristen\/","og_site_name":"\u00c5ke Bonnier","article_published_time":"2010-11-14T21:40:00+00:00","og_image":[{"url":"https:\/\/blogger.googleusercontent.com\/tracker\/9055441369901436026-5244162778370676358?l=akebonnier.blogspot.com","type":"","width":"","height":""}],"author":"\u00c5ke Bonnier","twitter_card":"summary_large_image","twitter_misc":{"Skriven av":"\u00c5ke Bonnier","Ber\u00e4knad l\u00e4stid":"2 minuter"},"schema":{"@context":"https:\/\/schema.org","@graph":[{"@type":"Article","@id":"https:\/\/blogg.svenskakyrkan.se\/akebonnier\/2010\/11\/14\/gud-ar-inte-kristen\/#article","isPartOf":{"@id":"https:\/\/blogg.svenskakyrkan.se\/akebonnier\/2010\/11\/14\/gud-ar-inte-kristen\/"},"author":{"name":"\u00c5ke Bonnier","@id":"https:\/\/blogg.svenskakyrkan.se\/akebonnier\/#\/schema\/person\/8db68bc0c94f6a5a62df2d4486ff1343"},"headline":"Gud \u00e4r inte kristen!","datePublished":"2010-11-14T21:40:00+00:00","mainEntityOfPage":{"@id":"https:\/\/blogg.svenskakyrkan.se\/akebonnier\/2010\/11\/14\/gud-ar-inte-kristen\/"},"wordCount":495,"commentCount":15,"image":{"@id":"https:\/\/blogg.svenskakyrkan.se\/akebonnier\/2010\/11\/14\/gud-ar-inte-kristen\/#primaryimage"},"thumbnailUrl":"https:\/\/blogger.googleusercontent.com\/tracker\/9055441369901436026-5244162778370676358?l=akebonnier.blogspot.com","articleSection":["Gud \u00e4r inte kristen"],"inLanguage":"sv-SE","potentialAction":[{"@type":"CommentAction","name":"Comment","target":["https:\/\/blogg.svenskakyrkan.se\/akebonnier\/2010\/11\/14\/gud-ar-inte-kristen\/#respond"]}]},{"@type":"WebPage","@id":"https:\/\/blogg.svenskakyrkan.se\/akebonnier\/2010\/11\/14\/gud-ar-inte-kristen\/","url":"https:\/\/blogg.svenskakyrkan.se\/akebonnier\/2010\/11\/14\/gud-ar-inte-kristen\/","name":"Gud \u00e4r inte kristen! - \u00c5ke Bonnier","isPartOf":{"@id":"https:\/\/blogg.svenskakyrkan.se\/akebonnier\/#website"},"primaryImageOfPage":{"@id":"https:\/\/blogg.svenskakyrkan.se\/akebonnier\/2010\/11\/14\/gud-ar-inte-kristen\/#primaryimage"},"image":{"@id":"https:\/\/blogg.svenskakyrkan.se\/akebonnier\/2010\/11\/14\/gud-ar-inte-kristen\/#primaryimage"},"thumbnailUrl":"https:\/\/blogger.googleusercontent.com\/tracker\/9055441369901436026-5244162778370676358?l=akebonnier.blogspot.com","datePublished":"2010-11-14T21:40:00+00:00","author":{"@id":"https:\/\/blogg.svenskakyrkan.se\/akebonnier\/#\/schema\/person\/8db68bc0c94f6a5a62df2d4486ff1343"},"breadcrumb":{"@id":"https:\/\/blogg.svenskakyrkan.se\/akebonnier\/2010\/11\/14\/gud-ar-inte-kristen\/#breadcrumb"},"inLanguage":"sv-SE","potentialAction":[{"@type":"ReadAction","target":["https:\/\/blogg.svenskakyrkan.se\/akebonnier\/2010\/11\/14\/gud-ar-inte-kristen\/"]}]},{"@type":"ImageObject","inLanguage":"sv-SE","@id":"https:\/\/blogg.svenskakyrkan.se\/akebonnier\/2010\/11\/14\/gud-ar-inte-kristen\/#primaryimage","url":"https:\/\/blogger.googleusercontent.com\/tracker\/9055441369901436026-5244162778370676358?l=akebonnier.blogspot.com","contentUrl":"https:\/\/blogger.googleusercontent.com\/tracker\/9055441369901436026-5244162778370676358?l=akebonnier.blogspot.com"},{"@type":"BreadcrumbList","@id":"https:\/\/blogg.svenskakyrkan.se\/akebonnier\/2010\/11\/14\/gud-ar-inte-kristen\/#breadcrumb","itemListElement":[{"@type":"ListItem","position":1,"name":"Hem","item":"https:\/\/blogg.svenskakyrkan.se\/akebonnier\/"},{"@type":"ListItem","position":2,"name":"Gud \u00e4r inte kristen!"}]},{"@type":"WebSite","@id":"https:\/\/blogg.svenskakyrkan.se\/akebonnier\/#website","url":"https:\/\/blogg.svenskakyrkan.se\/akebonnier\/","name":"\u00c5ke Bonnier","description":"Biskop i Svenska kyrkan - Skara stift","potentialAction":[{"@type":"SearchAction","target":{"@type":"EntryPoint","urlTemplate":"https:\/\/blogg.svenskakyrkan.se\/akebonnier\/?s={search_term_string}"},"query-input":{"@type":"PropertyValueSpecification","valueRequired":true,"valueName":"search_term_string"}}],"inLanguage":"sv-SE"},{"@type":"Person","@id":"https:\/\/blogg.svenskakyrkan.se\/akebonnier\/#\/schema\/person\/8db68bc0c94f6a5a62df2d4486ff1343","name":"\u00c5ke Bonnier","image":{"@type":"ImageObject","inLanguage":"sv-SE","@id":"https:\/\/blogg.svenskakyrkan.se\/akebonnier\/#\/schema\/person\/image\/","url":"https:\/\/secure.gravatar.com\/avatar\/b88264736bb0bc0d1ea92298aef02c9f98cfc13c7484130c42c663ae484f9462?s=96&d=mm&r=g","contentUrl":"https:\/\/secure.gravatar.com\/avatar\/b88264736bb0bc0d1ea92298aef02c9f98cfc13c7484130c42c663ae484f9462?s=96&d=mm&r=g","caption":"\u00c5ke Bonnier"},"description":"Jag \u00e4r gift och har tv\u00e5 vuxna d\u00f6ttrar. Pr\u00e4stvigdes 1984 och biskopsvigs 26 augusti 2012 . Jag har tidigare bland annat varit, komminister och kyrkoherde i Liding\u00f6 f\u00f6rsamling och domprost i Stockholms domkyrkof\u00f6rsamling. Jag \u00e4r intresserad av konst, litteratur, teater, film. Jag tr\u00e4nar regelbundet p\u00e5 gym. Mitt huvudsakliga musikintresse \u00e4r klassisk musik men ocks\u00e5 Beatles, Elvis Presley, Monika Zettelund, Povel Ramel och m\u00e5nga andra tycker jag om att lyssna p\u00e5. Jag l\u00e4ser f\u00f6r lite sk\u00f6nlitteratur beroende p\u00e5 annat som jag m\u00e5ste l\u00e4sa i mitt uppdrag som biskop. Men jag \u00e4lskar b\u00f6cker. Naturligtvis l\u00e4ser jag n\u00e4st intill dagligdags i \"B\u00f6ckernas Bok.\"","sameAs":["http:\/\/www.skarastift.se"],"url":"https:\/\/blogg.svenskakyrkan.se\/akebonnier\/author\/akebonnier\/"}]}},"author_meta":{"ID":"108","user_nicename":"akebonnier","user_url":"http:\/\/www.skarastift.se","user_registered":"2011-10-11 09:24:48","display_name":"\u00c5ke Bonnier","first_name":"\u00c5ke","last_name":"Bonnier","avatar":"https:\/\/secure.gravatar.com\/avatar\/b88264736bb0bc0d1ea92298aef02c9f98cfc13c7484130c42c663ae484f9462?s=96&d=mm&r=g"},"featured_image":false,"bloginfo":{"name":"\u00c5ke Bonnier","url":"https:\/\/blogg.svenskakyrkan.se\/akebonnier"},"_links":{"self":[{"href":"https:\/\/blogg.svenskakyrkan.se\/akebonnier\/wp-json\/wp\/v2\/posts\/473","targetHints":{"allow":["GET"]}}],"collection":[{"href":"https:\/\/blogg.svenskakyrkan.se\/akebonnier\/wp-json\/wp\/v2\/posts"}],"about":[{"href":"https:\/\/blogg.svenskakyrkan.se\/akebonnier\/wp-json\/wp\/v2\/types\/post"}],"author":[{"embeddable":true,"href":"https:\/\/blogg.svenskakyrkan.se\/akebonnier\/wp-json\/wp\/v2\/users\/108"}],"replies":[{"embeddable":true,"href":"https:\/\/blogg.svenskakyrkan.se\/akebonnier\/wp-json\/wp\/v2\/comments?post=473"}],"version-history":[{"count":0,"href":"https:\/\/blogg.svenskakyrkan.se\/akebonnier\/wp-json\/wp\/v2\/posts\/473\/revisions"}],"wp:attachment":[{"href":"https:\/\/blogg.svenskakyrkan.se\/akebonnier\/wp-json\/wp\/v2\/media?parent=473"}],"wp:term":[{"taxonomy":"category","embeddable":true,"href":"https:\/\/blogg.svenskakyrkan.se\/akebonnier\/wp-json\/wp\/v2\/categories?post=473"},{"taxonomy":"post_tag","embeddable":true,"href":"https:\/\/blogg.svenskakyrkan.se\/akebonnier\/wp-json\/wp\/v2\/tags?post=473"}],"curies":[{"name":"wp","href":"https:\/\/api.w.org\/{rel}","templated":true}]}}