{"id":476,"date":"2010-11-23T19:57:00","date_gmt":"2010-11-23T19:57:00","guid":{"rendered":"http:\/\/blogg.svenskakyrkan.se\/akebonnier\/2010\/11\/23\/nya-slottet-bjarka-saby\/"},"modified":"2010-11-23T19:57:00","modified_gmt":"2010-11-23T19:57:00","slug":"nya-slottet-bjarka-saby","status":"publish","type":"post","link":"https:\/\/blogg.svenskakyrkan.se\/akebonnier\/2010\/11\/23\/nya-slottet-bjarka-saby\/","title":{"rendered":"Nya slottet Bj\u00e4rka S\u00e4by"},"content":{"rendered":"<p>Jag har varit p\u00e5 domprost- och domkyrkokaplanskonferens. Det \u00e4r alltid roligt att tr\u00e4ffa kollegor, dela erfarenheter, diskutera gemensamma \u00e4mnen, fira gudstj\u00e4nster, lyssna till f\u00f6rel\u00e4sning och se n\u00e5got sp\u00e4nnande. Denna g\u00e5ng var vi i Link\u00f6ping och d\u00e5 passade vi p\u00e5 (mycket planerat) att bes\u00f6ka &#8221;Nya Slottet Bj\u00e4rka S\u00e4by&#8221; d\u00e4r Peter Halldorf leder en andlig gemskap. Det var fantastiskt att vara d\u00e4r, att f\u00e5 be Vesper i deras kyrka, att f\u00e5 andas in den Heliga Andens n\u00e4rvaro och k\u00e4nna att det som \u00e4ger rum p\u00e5 detta st\u00e4lle \u00e4r en andlig k\u00e4lla som \u00e4r bortomkonfessionell. Jo, det finns regler och ordningar ocks\u00e5 d\u00e4r, men Anden har spr\u00e4ngt fikyrkligt, kyrkligt, katolskt och ortodoxt som beteckningar och allt blandas i en gudomlig mix.<\/p>\n<p>Normalt sett skulle jag vara mycket tveksam till n\u00e5got s\u00e5dant och jag tycker att sann ekumenik \u00e4r n\u00e4r en svenskkyrklig f\u00e5r vara svenskkyrklig, en katolik f\u00e5r vara katolik, en pingstv\u00e4n f\u00e5r vara pingstv\u00e4n och s\u00e5 m\u00f6ts man i gudstj\u00e4nstliv d\u00e4r alla kan delta, man m\u00f6ts i ett delande i full respekt f\u00f6r olikhet och i gl\u00e4dje \u00f6ver det man har gemensamt.<\/p>\n<p>Men just p\u00e5 Bj\u00e4rka S\u00e4by i det nya slottet d\u00e4r sker ett gudomligt \u00f6vertramp. Det \u00e4r som om Gud inte l\u00e4ngre brydde sig om de olika kyrkorna just d\u00e4r. Andens vind bl\u00e5ser friskt och den andliga gemenskapen som vi kunde k\u00e4nna en doft av (inte bara en doft av god mat) k\u00e4nns sund.<\/p>\n<p>Jag tackar Gud f\u00f6r denna andliga k\u00e4lla! (<a href=\"http:\/\/www.nyaslottet.se\/\">http:\/\/www.nyaslottet.se\/<\/a>)<\/p>\n<p>Ps: Nu kommer jag inte att skriva f\u00f6rr\u00e4n efter 1:a advent s\u00e5 d\u00e4rf\u00f6r \u00f6nskar jag alla mina l\u00e4sare ett riktigt V\u00e4lsignat Nytt Kyrko\u00e5r!<\/p>\n<div class=\"blogger-post-footer\"><img width='1' height='1' src='https:\/\/blogger.googleusercontent.com\/tracker\/9055441369901436026-3741113315788008591?l=akebonnier.blogspot.com' alt='' \/><\/div>\n","protected":false},"excerpt":{"rendered":"<p>Jag har varit p\u00e5 domprost- och domkyrkokaplanskonferens. Det \u00e4r alltid roligt att tr\u00e4ffa kollegor, dela erfarenheter, diskutera gemensamma \u00e4mnen, fira gudstj\u00e4nster, lyssna till f\u00f6rel\u00e4sning och se n\u00e5got sp\u00e4nnande. Denna g\u00e5ng var vi i Link\u00f6ping och d\u00e5 passade vi p\u00e5 (mycket planerat) att bes\u00f6ka &#8221;Nya Slottet Bj\u00e4rka S\u00e4by&#8221; d\u00e4r Peter Halldorf leder en andlig gemskap. Det [&hellip;]<\/p>\n","protected":false},"author":108,"featured_media":0,"comment_status":"open","ping_status":"open","sticky":false,"template":"","format":"standard","meta":{"_acf_changed":false,"footnotes":""},"categories":[16449],"tags":[],"class_list":["post-476","post","type-post","status-publish","format-standard","hentry","category-nya-slottet-bjarka-saby"],"acf":[],"yoast_head":"<!-- This site is optimized with the Yoast SEO plugin v27.1.1 - https:\/\/yoast.com\/product\/yoast-seo-wordpress\/ -->\n<title>Nya slottet Bj\u00e4rka S\u00e4by - \u00c5ke Bonnier<\/title>\n<meta name=\"robots\" content=\"index, follow, max-snippet:-1, max-image-preview:large, max-video-preview:-1\" \/>\n<link rel=\"canonical\" href=\"https:\/\/blogg.svenskakyrkan.se\/akebonnier\/2010\/11\/23\/nya-slottet-bjarka-saby\/\" \/>\n<meta property=\"og:locale\" content=\"sv_SE\" \/>\n<meta property=\"og:type\" content=\"article\" \/>\n<meta property=\"og:title\" content=\"Nya slottet Bj\u00e4rka S\u00e4by - \u00c5ke Bonnier\" \/>\n<meta property=\"og:description\" content=\"Jag har varit p\u00e5 domprost- och domkyrkokaplanskonferens. Det \u00e4r alltid roligt att tr\u00e4ffa kollegor, dela erfarenheter, diskutera gemensamma \u00e4mnen, fira gudstj\u00e4nster, lyssna till f\u00f6rel\u00e4sning och se n\u00e5got sp\u00e4nnande. Denna g\u00e5ng var vi i Link\u00f6ping och d\u00e5 passade vi p\u00e5 (mycket planerat) att bes\u00f6ka &#8221;Nya Slottet Bj\u00e4rka S\u00e4by&#8221; d\u00e4r Peter Halldorf leder en andlig gemskap. Det [&hellip;]\" \/>\n<meta property=\"og:url\" content=\"https:\/\/blogg.svenskakyrkan.se\/akebonnier\/2010\/11\/23\/nya-slottet-bjarka-saby\/\" \/>\n<meta property=\"og:site_name\" content=\"\u00c5ke Bonnier\" \/>\n<meta property=\"article:published_time\" content=\"2010-11-23T19:57:00+00:00\" \/>\n<meta property=\"og:image\" content=\"https:\/\/blogger.googleusercontent.com\/tracker\/9055441369901436026-3741113315788008591?l=akebonnier.blogspot.com\" \/>\n<meta name=\"author\" content=\"\u00c5ke Bonnier\" \/>\n<meta name=\"twitter:card\" content=\"summary_large_image\" \/>\n<meta name=\"twitter:label1\" content=\"Skriven av\" \/>\n\t<meta name=\"twitter:data1\" content=\"\u00c5ke Bonnier\" \/>\n\t<meta name=\"twitter:label2\" content=\"Ber\u00e4knad l\u00e4stid\" \/>\n\t<meta name=\"twitter:data2\" content=\"2 minuter\" \/>\n<script type=\"application\/ld+json\" class=\"yoast-schema-graph\">{\"@context\":\"https:\/\/schema.org\",\"@graph\":[{\"@type\":\"Article\",\"@id\":\"https:\/\/blogg.svenskakyrkan.se\/akebonnier\/2010\/11\/23\/nya-slottet-bjarka-saby\/#article\",\"isPartOf\":{\"@id\":\"https:\/\/blogg.svenskakyrkan.se\/akebonnier\/2010\/11\/23\/nya-slottet-bjarka-saby\/\"},\"author\":{\"name\":\"\u00c5ke Bonnier\",\"@id\":\"https:\/\/blogg.svenskakyrkan.se\/akebonnier\/#\/schema\/person\/8db68bc0c94f6a5a62df2d4486ff1343\"},\"headline\":\"Nya slottet Bj\u00e4rka S\u00e4by\",\"datePublished\":\"2010-11-23T19:57:00+00:00\",\"mainEntityOfPage\":{\"@id\":\"https:\/\/blogg.svenskakyrkan.se\/akebonnier\/2010\/11\/23\/nya-slottet-bjarka-saby\/\"},\"wordCount\":322,\"commentCount\":0,\"image\":{\"@id\":\"https:\/\/blogg.svenskakyrkan.se\/akebonnier\/2010\/11\/23\/nya-slottet-bjarka-saby\/#primaryimage\"},\"thumbnailUrl\":\"https:\/\/blogger.googleusercontent.com\/tracker\/9055441369901436026-3741113315788008591?l=akebonnier.blogspot.com\",\"articleSection\":[\"Nya slottet Bj\u00e4rka S\u00e4by\"],\"inLanguage\":\"sv-SE\",\"potentialAction\":[{\"@type\":\"CommentAction\",\"name\":\"Comment\",\"target\":[\"https:\/\/blogg.svenskakyrkan.se\/akebonnier\/2010\/11\/23\/nya-slottet-bjarka-saby\/#respond\"]}]},{\"@type\":\"WebPage\",\"@id\":\"https:\/\/blogg.svenskakyrkan.se\/akebonnier\/2010\/11\/23\/nya-slottet-bjarka-saby\/\",\"url\":\"https:\/\/blogg.svenskakyrkan.se\/akebonnier\/2010\/11\/23\/nya-slottet-bjarka-saby\/\",\"name\":\"Nya slottet Bj\u00e4rka S\u00e4by - \u00c5ke Bonnier\",\"isPartOf\":{\"@id\":\"https:\/\/blogg.svenskakyrkan.se\/akebonnier\/#website\"},\"primaryImageOfPage\":{\"@id\":\"https:\/\/blogg.svenskakyrkan.se\/akebonnier\/2010\/11\/23\/nya-slottet-bjarka-saby\/#primaryimage\"},\"image\":{\"@id\":\"https:\/\/blogg.svenskakyrkan.se\/akebonnier\/2010\/11\/23\/nya-slottet-bjarka-saby\/#primaryimage\"},\"thumbnailUrl\":\"https:\/\/blogger.googleusercontent.com\/tracker\/9055441369901436026-3741113315788008591?l=akebonnier.blogspot.com\",\"datePublished\":\"2010-11-23T19:57:00+00:00\",\"author\":{\"@id\":\"https:\/\/blogg.svenskakyrkan.se\/akebonnier\/#\/schema\/person\/8db68bc0c94f6a5a62df2d4486ff1343\"},\"breadcrumb\":{\"@id\":\"https:\/\/blogg.svenskakyrkan.se\/akebonnier\/2010\/11\/23\/nya-slottet-bjarka-saby\/#breadcrumb\"},\"inLanguage\":\"sv-SE\",\"potentialAction\":[{\"@type\":\"ReadAction\",\"target\":[\"https:\/\/blogg.svenskakyrkan.se\/akebonnier\/2010\/11\/23\/nya-slottet-bjarka-saby\/\"]}]},{\"@type\":\"ImageObject\",\"inLanguage\":\"sv-SE\",\"@id\":\"https:\/\/blogg.svenskakyrkan.se\/akebonnier\/2010\/11\/23\/nya-slottet-bjarka-saby\/#primaryimage\",\"url\":\"https:\/\/blogger.googleusercontent.com\/tracker\/9055441369901436026-3741113315788008591?l=akebonnier.blogspot.com\",\"contentUrl\":\"https:\/\/blogger.googleusercontent.com\/tracker\/9055441369901436026-3741113315788008591?l=akebonnier.blogspot.com\"},{\"@type\":\"BreadcrumbList\",\"@id\":\"https:\/\/blogg.svenskakyrkan.se\/akebonnier\/2010\/11\/23\/nya-slottet-bjarka-saby\/#breadcrumb\",\"itemListElement\":[{\"@type\":\"ListItem\",\"position\":1,\"name\":\"Hem\",\"item\":\"https:\/\/blogg.svenskakyrkan.se\/akebonnier\/\"},{\"@type\":\"ListItem\",\"position\":2,\"name\":\"Nya slottet Bj\u00e4rka S\u00e4by\"}]},{\"@type\":\"WebSite\",\"@id\":\"https:\/\/blogg.svenskakyrkan.se\/akebonnier\/#website\",\"url\":\"https:\/\/blogg.svenskakyrkan.se\/akebonnier\/\",\"name\":\"\u00c5ke Bonnier\",\"description\":\"Biskop i Svenska kyrkan - Skara stift\",\"potentialAction\":[{\"@type\":\"SearchAction\",\"target\":{\"@type\":\"EntryPoint\",\"urlTemplate\":\"https:\/\/blogg.svenskakyrkan.se\/akebonnier\/?s={search_term_string}\"},\"query-input\":{\"@type\":\"PropertyValueSpecification\",\"valueRequired\":true,\"valueName\":\"search_term_string\"}}],\"inLanguage\":\"sv-SE\"},{\"@type\":\"Person\",\"@id\":\"https:\/\/blogg.svenskakyrkan.se\/akebonnier\/#\/schema\/person\/8db68bc0c94f6a5a62df2d4486ff1343\",\"name\":\"\u00c5ke Bonnier\",\"image\":{\"@type\":\"ImageObject\",\"inLanguage\":\"sv-SE\",\"@id\":\"https:\/\/blogg.svenskakyrkan.se\/akebonnier\/#\/schema\/person\/image\/\",\"url\":\"https:\/\/secure.gravatar.com\/avatar\/b88264736bb0bc0d1ea92298aef02c9f98cfc13c7484130c42c663ae484f9462?s=96&d=mm&r=g\",\"contentUrl\":\"https:\/\/secure.gravatar.com\/avatar\/b88264736bb0bc0d1ea92298aef02c9f98cfc13c7484130c42c663ae484f9462?s=96&d=mm&r=g\",\"caption\":\"\u00c5ke Bonnier\"},\"description\":\"Jag \u00e4r gift och har tv\u00e5 vuxna d\u00f6ttrar. Pr\u00e4stvigdes 1984 och biskopsvigs 26 augusti 2012 . Jag har tidigare bland annat varit, komminister och kyrkoherde i Liding\u00f6 f\u00f6rsamling och domprost i Stockholms domkyrkof\u00f6rsamling. Jag \u00e4r intresserad av konst, litteratur, teater, film. Jag tr\u00e4nar regelbundet p\u00e5 gym. Mitt huvudsakliga musikintresse \u00e4r klassisk musik men ocks\u00e5 Beatles, Elvis Presley, Monika Zettelund, Povel Ramel och m\u00e5nga andra tycker jag om att lyssna p\u00e5. Jag l\u00e4ser f\u00f6r lite sk\u00f6nlitteratur beroende p\u00e5 annat som jag m\u00e5ste l\u00e4sa i mitt uppdrag som biskop. Men jag \u00e4lskar b\u00f6cker. Naturligtvis l\u00e4ser jag n\u00e4st intill dagligdags i \\\"B\u00f6ckernas Bok.\\\"\",\"sameAs\":[\"http:\/\/www.skarastift.se\"],\"url\":\"https:\/\/blogg.svenskakyrkan.se\/akebonnier\/author\/akebonnier\/\"}]}<\/script>\n<!-- \/ Yoast SEO plugin. -->","yoast_head_json":{"title":"Nya slottet Bj\u00e4rka S\u00e4by - \u00c5ke Bonnier","robots":{"index":"index","follow":"follow","max-snippet":"max-snippet:-1","max-image-preview":"max-image-preview:large","max-video-preview":"max-video-preview:-1"},"canonical":"https:\/\/blogg.svenskakyrkan.se\/akebonnier\/2010\/11\/23\/nya-slottet-bjarka-saby\/","og_locale":"sv_SE","og_type":"article","og_title":"Nya slottet Bj\u00e4rka S\u00e4by - \u00c5ke Bonnier","og_description":"Jag har varit p\u00e5 domprost- och domkyrkokaplanskonferens. Det \u00e4r alltid roligt att tr\u00e4ffa kollegor, dela erfarenheter, diskutera gemensamma \u00e4mnen, fira gudstj\u00e4nster, lyssna till f\u00f6rel\u00e4sning och se n\u00e5got sp\u00e4nnande. Denna g\u00e5ng var vi i Link\u00f6ping och d\u00e5 passade vi p\u00e5 (mycket planerat) att bes\u00f6ka &#8221;Nya Slottet Bj\u00e4rka S\u00e4by&#8221; d\u00e4r Peter Halldorf leder en andlig gemskap. Det [&hellip;]","og_url":"https:\/\/blogg.svenskakyrkan.se\/akebonnier\/2010\/11\/23\/nya-slottet-bjarka-saby\/","og_site_name":"\u00c5ke Bonnier","article_published_time":"2010-11-23T19:57:00+00:00","og_image":[{"url":"https:\/\/blogger.googleusercontent.com\/tracker\/9055441369901436026-3741113315788008591?l=akebonnier.blogspot.com","type":"","width":"","height":""}],"author":"\u00c5ke Bonnier","twitter_card":"summary_large_image","twitter_misc":{"Skriven av":"\u00c5ke Bonnier","Ber\u00e4knad l\u00e4stid":"2 minuter"},"schema":{"@context":"https:\/\/schema.org","@graph":[{"@type":"Article","@id":"https:\/\/blogg.svenskakyrkan.se\/akebonnier\/2010\/11\/23\/nya-slottet-bjarka-saby\/#article","isPartOf":{"@id":"https:\/\/blogg.svenskakyrkan.se\/akebonnier\/2010\/11\/23\/nya-slottet-bjarka-saby\/"},"author":{"name":"\u00c5ke Bonnier","@id":"https:\/\/blogg.svenskakyrkan.se\/akebonnier\/#\/schema\/person\/8db68bc0c94f6a5a62df2d4486ff1343"},"headline":"Nya slottet Bj\u00e4rka S\u00e4by","datePublished":"2010-11-23T19:57:00+00:00","mainEntityOfPage":{"@id":"https:\/\/blogg.svenskakyrkan.se\/akebonnier\/2010\/11\/23\/nya-slottet-bjarka-saby\/"},"wordCount":322,"commentCount":0,"image":{"@id":"https:\/\/blogg.svenskakyrkan.se\/akebonnier\/2010\/11\/23\/nya-slottet-bjarka-saby\/#primaryimage"},"thumbnailUrl":"https:\/\/blogger.googleusercontent.com\/tracker\/9055441369901436026-3741113315788008591?l=akebonnier.blogspot.com","articleSection":["Nya slottet Bj\u00e4rka S\u00e4by"],"inLanguage":"sv-SE","potentialAction":[{"@type":"CommentAction","name":"Comment","target":["https:\/\/blogg.svenskakyrkan.se\/akebonnier\/2010\/11\/23\/nya-slottet-bjarka-saby\/#respond"]}]},{"@type":"WebPage","@id":"https:\/\/blogg.svenskakyrkan.se\/akebonnier\/2010\/11\/23\/nya-slottet-bjarka-saby\/","url":"https:\/\/blogg.svenskakyrkan.se\/akebonnier\/2010\/11\/23\/nya-slottet-bjarka-saby\/","name":"Nya slottet Bj\u00e4rka S\u00e4by - \u00c5ke Bonnier","isPartOf":{"@id":"https:\/\/blogg.svenskakyrkan.se\/akebonnier\/#website"},"primaryImageOfPage":{"@id":"https:\/\/blogg.svenskakyrkan.se\/akebonnier\/2010\/11\/23\/nya-slottet-bjarka-saby\/#primaryimage"},"image":{"@id":"https:\/\/blogg.svenskakyrkan.se\/akebonnier\/2010\/11\/23\/nya-slottet-bjarka-saby\/#primaryimage"},"thumbnailUrl":"https:\/\/blogger.googleusercontent.com\/tracker\/9055441369901436026-3741113315788008591?l=akebonnier.blogspot.com","datePublished":"2010-11-23T19:57:00+00:00","author":{"@id":"https:\/\/blogg.svenskakyrkan.se\/akebonnier\/#\/schema\/person\/8db68bc0c94f6a5a62df2d4486ff1343"},"breadcrumb":{"@id":"https:\/\/blogg.svenskakyrkan.se\/akebonnier\/2010\/11\/23\/nya-slottet-bjarka-saby\/#breadcrumb"},"inLanguage":"sv-SE","potentialAction":[{"@type":"ReadAction","target":["https:\/\/blogg.svenskakyrkan.se\/akebonnier\/2010\/11\/23\/nya-slottet-bjarka-saby\/"]}]},{"@type":"ImageObject","inLanguage":"sv-SE","@id":"https:\/\/blogg.svenskakyrkan.se\/akebonnier\/2010\/11\/23\/nya-slottet-bjarka-saby\/#primaryimage","url":"https:\/\/blogger.googleusercontent.com\/tracker\/9055441369901436026-3741113315788008591?l=akebonnier.blogspot.com","contentUrl":"https:\/\/blogger.googleusercontent.com\/tracker\/9055441369901436026-3741113315788008591?l=akebonnier.blogspot.com"},{"@type":"BreadcrumbList","@id":"https:\/\/blogg.svenskakyrkan.se\/akebonnier\/2010\/11\/23\/nya-slottet-bjarka-saby\/#breadcrumb","itemListElement":[{"@type":"ListItem","position":1,"name":"Hem","item":"https:\/\/blogg.svenskakyrkan.se\/akebonnier\/"},{"@type":"ListItem","position":2,"name":"Nya slottet Bj\u00e4rka S\u00e4by"}]},{"@type":"WebSite","@id":"https:\/\/blogg.svenskakyrkan.se\/akebonnier\/#website","url":"https:\/\/blogg.svenskakyrkan.se\/akebonnier\/","name":"\u00c5ke Bonnier","description":"Biskop i Svenska kyrkan - Skara stift","potentialAction":[{"@type":"SearchAction","target":{"@type":"EntryPoint","urlTemplate":"https:\/\/blogg.svenskakyrkan.se\/akebonnier\/?s={search_term_string}"},"query-input":{"@type":"PropertyValueSpecification","valueRequired":true,"valueName":"search_term_string"}}],"inLanguage":"sv-SE"},{"@type":"Person","@id":"https:\/\/blogg.svenskakyrkan.se\/akebonnier\/#\/schema\/person\/8db68bc0c94f6a5a62df2d4486ff1343","name":"\u00c5ke Bonnier","image":{"@type":"ImageObject","inLanguage":"sv-SE","@id":"https:\/\/blogg.svenskakyrkan.se\/akebonnier\/#\/schema\/person\/image\/","url":"https:\/\/secure.gravatar.com\/avatar\/b88264736bb0bc0d1ea92298aef02c9f98cfc13c7484130c42c663ae484f9462?s=96&d=mm&r=g","contentUrl":"https:\/\/secure.gravatar.com\/avatar\/b88264736bb0bc0d1ea92298aef02c9f98cfc13c7484130c42c663ae484f9462?s=96&d=mm&r=g","caption":"\u00c5ke Bonnier"},"description":"Jag \u00e4r gift och har tv\u00e5 vuxna d\u00f6ttrar. Pr\u00e4stvigdes 1984 och biskopsvigs 26 augusti 2012 . Jag har tidigare bland annat varit, komminister och kyrkoherde i Liding\u00f6 f\u00f6rsamling och domprost i Stockholms domkyrkof\u00f6rsamling. Jag \u00e4r intresserad av konst, litteratur, teater, film. Jag tr\u00e4nar regelbundet p\u00e5 gym. Mitt huvudsakliga musikintresse \u00e4r klassisk musik men ocks\u00e5 Beatles, Elvis Presley, Monika Zettelund, Povel Ramel och m\u00e5nga andra tycker jag om att lyssna p\u00e5. Jag l\u00e4ser f\u00f6r lite sk\u00f6nlitteratur beroende p\u00e5 annat som jag m\u00e5ste l\u00e4sa i mitt uppdrag som biskop. Men jag \u00e4lskar b\u00f6cker. Naturligtvis l\u00e4ser jag n\u00e4st intill dagligdags i \"B\u00f6ckernas Bok.\"","sameAs":["http:\/\/www.skarastift.se"],"url":"https:\/\/blogg.svenskakyrkan.se\/akebonnier\/author\/akebonnier\/"}]}},"author_meta":{"ID":"108","user_nicename":"akebonnier","user_url":"http:\/\/www.skarastift.se","user_registered":"2011-10-11 09:24:48","display_name":"\u00c5ke Bonnier","first_name":"\u00c5ke","last_name":"Bonnier","avatar":"https:\/\/secure.gravatar.com\/avatar\/b88264736bb0bc0d1ea92298aef02c9f98cfc13c7484130c42c663ae484f9462?s=96&d=mm&r=g"},"featured_image":false,"bloginfo":{"name":"\u00c5ke Bonnier","url":"https:\/\/blogg.svenskakyrkan.se\/akebonnier"},"_links":{"self":[{"href":"https:\/\/blogg.svenskakyrkan.se\/akebonnier\/wp-json\/wp\/v2\/posts\/476","targetHints":{"allow":["GET"]}}],"collection":[{"href":"https:\/\/blogg.svenskakyrkan.se\/akebonnier\/wp-json\/wp\/v2\/posts"}],"about":[{"href":"https:\/\/blogg.svenskakyrkan.se\/akebonnier\/wp-json\/wp\/v2\/types\/post"}],"author":[{"embeddable":true,"href":"https:\/\/blogg.svenskakyrkan.se\/akebonnier\/wp-json\/wp\/v2\/users\/108"}],"replies":[{"embeddable":true,"href":"https:\/\/blogg.svenskakyrkan.se\/akebonnier\/wp-json\/wp\/v2\/comments?post=476"}],"version-history":[{"count":0,"href":"https:\/\/blogg.svenskakyrkan.se\/akebonnier\/wp-json\/wp\/v2\/posts\/476\/revisions"}],"wp:attachment":[{"href":"https:\/\/blogg.svenskakyrkan.se\/akebonnier\/wp-json\/wp\/v2\/media?parent=476"}],"wp:term":[{"taxonomy":"category","embeddable":true,"href":"https:\/\/blogg.svenskakyrkan.se\/akebonnier\/wp-json\/wp\/v2\/categories?post=476"},{"taxonomy":"post_tag","embeddable":true,"href":"https:\/\/blogg.svenskakyrkan.se\/akebonnier\/wp-json\/wp\/v2\/tags?post=476"}],"curies":[{"name":"wp","href":"https:\/\/api.w.org\/{rel}","templated":true}]}}