{"id":478,"date":"2010-11-28T22:03:00","date_gmt":"2010-11-28T22:03:00","guid":{"rendered":"http:\/\/blogg.svenskakyrkan.se\/akebonnier\/2010\/11\/28\/politiskt-korrekt\/"},"modified":"2010-11-28T22:03:00","modified_gmt":"2010-11-28T22:03:00","slug":"politiskt-korrekt","status":"publish","type":"post","link":"https:\/\/blogg.svenskakyrkan.se\/akebonnier\/2010\/11\/28\/politiskt-korrekt\/","title":{"rendered":"Politiskt korrekt?"},"content":{"rendered":"<p>K\u00e4ra bloggl\u00e4sare,<br \/>Jag \u00f6nskar Er alla ett riktigt <span style=\"color:#ff0000\">Gott Nytt Kyrko\u00e5r<\/span> och delger Er min predikan fr\u00e5n Storkyrkan denna dag:<\/p>\n<p>Politiskt korrekt \u00e4r ett begrep som det g\u00e5tt mode i. Man kan s\u00e4ga att det politiskt korrekta \u00e4r n\u00e5got som s\u00e4gs eller h\u00e4vdas och som ligger i tiden, som det s a s h\u00f6r till att tycka och h\u00e4vda i den tid och i det sammanhang man lever d\u00e4r den politiska strukturen s\u00e4tter agendan liksom olika lobbyister och mediala p\u00e5tryckningskanaler.<\/p>\n<p>Kyrkan beskylls allt som oftast f\u00f6r att vara politiskt korrekt, s\u00e4rskilt av kritiska r\u00f6ster inifr\u00e5n, bevarare som vill att kyrkan ska vara som den alltid har varit, att evangeliet ska ljuda som det alltid har ljudit. Beskyllningen handlar ofta om att kyrkan v\u00e4nder kappan efter den politiska vinden, antingen p\u00e5 f\u00f6rsamlingsniv\u00e5, stiftsniv\u00e5 eller p\u00e5 riksniv\u00e5. Fr\u00e4mst har dessa beskyllningar haglat n\u00e4r fr\u00e5gan om samk\u00f6nade \u00e4ktenskap blev aktuell och kyrkan besl\u00f6t att m\u00f6jligg\u00f6ra f\u00f6r alla par, d\u00e4r en av parterna tillh\u00f6r Svenska kyrkan, att f\u00e5 vigas fullt ut i kyrkans sammanhang och dessutom med juridisk giltig konsekvens. Men kyrkan kommer aldrig att l\u00e5ta sig f\u00e5ngas av det politiskt korrekta. Den tyska evangelisk lutherska kyrkan gick, under nazitiden i Tyskland, statens \u00e4renden, \u00e5tminstone den officiella kyrkan. D\u00e5 gav kyrkan r\u00f6st \u00e5t nazismens dj\u00e4vulska drivkrafter. Men vi i den evangelisk lutherska traditionen s\u00e4ger: aldrig mer! Aldrig mer ska kyrkan ge r\u00f6st \u00e5t de destruktiva krafterna som vill f\u00f6rtrycka. Aldrig mer f\u00e5r kyrkan st\u00e5 p\u00e5 maktens sida kontra de svaga, kontra de trampade, kontra de marginaliserade, kontra dem som inte har m\u00f6jlighet att tala f\u00f6r sin sak.<\/p>\n<p>Kyrkan med sina biskopar, pr\u00e4ster, diakoner och lekm\u00e4n har bara en enda uppgift och det \u00e4r att ge r\u00f6st \u00e5t Jesus Kristus, att leva Hans evangelium, hans gl\u00e4djebudskap och att f\u00f6rkunna detta i ord och handling. Det utmanar, f\u00f6r evangeliet \u00e4r inte ett bed\u00f6vningsmedel. Det \u00e4r inte ett opium f\u00f6r folket, som Karl Marx beskyllde det f\u00f6r. Evangeliet utmanar och kan g\u00f6ra m\u00e4nniskor frustrerade d\u00e4rf\u00f6r att det inte alltid smeker vanans m\u00f6nster medh\u00e5rs.<\/p>\n<p>Jesus kom till synagogan i Nasaret, den lilla byn upp i Galil\u00e9en d\u00e4r han hade v\u00e4xt upp, d\u00e4r han hade lekt, g\u00e5tt i Torahskola, d\u00e4r han l\u00e4rde sig byggnadssnickararbetet av sin pappa, d\u00e4r han med sina f\u00f6r\u00e4ldrar bevistat sabbatsgudstj\u00e4nsten s\u00e5 m\u00e5nga l\u00f6rdagar. Jesus var en from och praktiserande jude som levde judiskt, t\u00e4nkte judiskt och handlade judiskt. Han grundade ingen religion. F\u00f6r honom var judendomen det viktiga, men samtidigt s\u00e5g han sitt eget liv i ett speciellt perspektiv, med ett speciellt uppdrag. Den Gud som \u00e4r himlens och jordens skapare, som genom Mose givit lagen, givit Torah, som f\u00f6rt Israels barn ut ur Egypten och lett folket fr\u00e5n f\u00e5ngenskap till befrielse, som genom den v\u00e4ntade Messias skulle befria, ge ny syn, som skulle uppr\u00e4tta och l\u00e5ta ett n\u00e5dens rike framst\u00e5, denna Gud m\u00f6tte i Jesus sj\u00e4lv p\u00e5 ett unikt s\u00e4tt. Jesus hade nog synen p\u00e5 sig sj\u00e4lv att han var Messias \u2013 det som Petrus bek\u00e4nde p\u00e5 Jesu fr\u00e5ga om vem l\u00e4rjungarna ans\u00e5g att han var. Petrus sa: <em><strong><span style=\"color:#ff0000\">Du \u00e4r Messias, den levande Gudens son<\/span><\/strong><\/em>. (Matt 16:16) Detta har ocks\u00e5 blivit kyrkans bek\u00e4nnelse fast med lite annorlunda ord. Vi s\u00e4ger: Sann Gud, och sann M\u00e4nniska. Men Jesus kom till sin barndoms synagoga i samband med sabbatsgudstj\u00e4nsten. Han fick hedersuppdraget att l\u00e4sa haftalahl\u00e4sningen d v s profettexten och man r\u00e4ckte honom en bokrulle med profeten Jesaja d\u00e4r han l\u00e4ste fr\u00e5n tv\u00e5 st\u00e4llen och vi har just h\u00f6rt orden ocks\u00e5 h\u00e4r i Storkyrkan.<\/p>\n<p>N\u00e4r han hade l\u00e4st satte han sig ner och f\u00f6rv\u00e4ntan p\u00e5 en predikan som skulle b\u00e4ra dem resten av veckan, l\u00e5g i luften. D\u00e5 h\u00f6ll han v\u00e4rldens kortaste predikan: Idag har detta skriftst\u00e4lle g\u00e5tt i uppfyllelse inf\u00f6r er som h\u00f6r mig. (Luk 4:21) och f\u00f6rvirringen och frustrationen bland \u00e5h\u00f6rarna l\u00e4t inte v\u00e4nta p\u00e5 sig. Jesu budskap var sannerligen inte politiskt korrekt.<\/p>\n<p>Kyrkans uppdrag idag i 2010-talets Stockholm \u00e4r att leva dessa ord om frihet f\u00f6r de f\u00e5ngna, syn f\u00f6r de blinda, om gl\u00e4djebudet f\u00f6r de fattiga, om de f\u00f6rtrycktas frihet. Kyrkans uppgift \u00e4r att b\u00e4ra ut evangeliet, det glada budskapet om Jesus Kristus, f\u00f6rsonaren och befriaren, p\u00e5 ett s\u00e5dant s\u00e4tt att m\u00e4nniskors liv f\u00f6r\u00e4ndras, att strukturer f\u00f6r\u00e4ndras. Vi ska leva orden i ett samh\u00e4lle som ser s\u00e5 annorlunda ut \u00e4n det gjorde i Nasaret p\u00e5 Jesu tid. Vi ska leva dem i ett samh\u00e4lle som \u00e4r h\u00f6gteknologiskt, m\u00e5ngkulturellt, multireligi\u00f6st, med f\u00f6rtryck av annat slag, med m\u00e4nniskor som p\u00e5 andra s\u00e4tt \u00e4r marginaliserade, med andras och egna blinda \u00f6gon. Men Jesu ord manar till ett engagemang f\u00f6r livets skull, f\u00f6r k\u00e4rlekens skull, f\u00f6r Guds skull och tydligast f\u00f6r medm\u00e4nniskans skull. D\u00e4rf\u00f6r f\u00f6rst\u00e5r kyrkan budskapet i Nasarets synagoga som en uppmaning att vara med och ge r\u00f6st \u00e5t de fattiga, att vara med och p\u00e5 olika s\u00e4tt p\u00e5verka ekonomisk f\u00f6rdelning b\u00e5de p\u00e5 hemmaplan och bortaplan, vara med och ge m\u00e4nniskor en m\u00f6jlighet att leva ett v\u00e4rdigt liv d\u00e4r det ocks\u00e5 kan ta sig uttryck i p\u00e5verkan av stadsplaneplaneringar s\u00e5 att 3000 heml\u00f6sa i Stockholm har en chans till annat tak \u00f6ver huvudet \u00e4n k\u00e4llare, trappuppg\u00e5ngar och brovalv. Det handlar ocks\u00e5 om att ge kunskap, b\u00e5de baskunskap genom st\u00f6d till utbildning, men ocks\u00e5 djupare kunskap om Gud och Guds verklighet som \u00e4r v\u00e5r verklighet.<\/p>\n<p>Befrielse f\u00f6r de f\u00e5ngna talade Jesus om. Den befrielsen handlar idag om att st\u00f6dja de marginaliserade i v\u00e5rt svenska samh\u00e4lle, att st\u00e5 upp f\u00f6r alla som drabbas av eller riskerar att drabbas av hatbrott p gr av etnisk, religi\u00f6s eller sexuell identitet. Kyrkans r\u00f6st f\u00e5r inte och kommer inte att tystna. Men ocks\u00e5 till alla andra, till Dig och mig, s\u00e4ger Jesus: <em>Kom ut! Kom ut ur dina f\u00f6rf\u00f6rst\u00e5elsers garderob! V\u00e5ga ta emot evangeliet i Ditt eget hj\u00e4rta och v\u00e5ga l\u00e5ta det forma Ditt eget liv!<\/em> Ocks\u00e5 Du och jag beh\u00f6ver befrielse.<\/p>\n<p>Syn f\u00f6r de blinda vill Jesus ge. Vi beh\u00f6ver den synen. Vi beh\u00f6ver f\u00e5 \u00f6ppnade \u00f6gon s\u00e5 att vi ser v\u00e5ra medsysystrar och medbr\u00f6der oavsett om det \u00e4r i tunnelbaneuppg\u00e5ngen i Gamla Stan, vid Stureplan eller n\u00e5gon helt annan stans. Men vi beh\u00f6ver ocks\u00e5 f\u00e5 upp \u00f6gonen f\u00f6r v\u00e5rt eget liv, se v\u00e5rt eget v\u00e4rde, se att vi, Du och jag \u00e4r gr\u00e4nsl\u00f6st \u00e4lskade, o\u00e4ndligt v\u00e4rdefulla, oavsett allt \u2013 ett v\u00e4rde och en k\u00e4rlek som ingen och ingenting kan ta ifr\u00e5n Dig eller mig.<\/p>\n<p><strong><em><span style=\"color:#ff0000\">Ge de f\u00f6rtryckta frihet<\/span><\/em><\/strong>, s\u00e4ger Jesus (Luk 4:29). Vi kristna kan aldrig sluta att st\u00e5 upp f\u00f6r m\u00e4nniskors lika v\u00e4rde, st\u00e5 upp f\u00f6r m\u00e4nskliga r\u00e4ttigheter, st\u00e5 upp f\u00f6r en m\u00e4nsklig h\u00e5llning d\u00e4r ordet svensk \u00e4r ett begrepp f\u00f6r ett regnb\u00e5gsfolk med m\u00e5nga etniska bakgrunder. Vi kristna f\u00e5r inte tiga n\u00e4r antisemitismen och rasismen sticker upp sina fula trynen oavsett om det sker i Sk\u00e5ne eller i riksdagen. N\u00e4r flyktingar g\u00f6mmer sig i r\u00e4dsla f\u00f6r att skickas tillbaka till os\u00e4ker framtid eller ofta till s\u00e4kert f\u00e4ngelse eller s\u00e4ker d\u00f6d, m\u00e5ste Kyrkan med stort K samlas och h\u00f6ja r\u00f6sterna f\u00f6r v\u00e5ra br\u00f6ders och systrars skull. Det handlar inte om det politiskt korrekta utan om uppdraget att f\u00f6rkunna evangeliet, att leva evangeliet, ett evangelium som har med vardagslivet att g\u00f6ra.<\/p>\n<p>N\u00e5dens \u00e5r fr\u00e5n Herren, talar Jesus om. Begreppet \u201dn\u00e5dens \u00e5r\u201d dekt\u00f3s p\u00e5 nytestamentlig grekiska, betyder egentligen behagligt, v\u00e4l mottagen och var \u00e5ret som Gud hade utvalt f\u00f6r att visa sin fr\u00e4lsning. Detta \u00e5r var t\u00e4nkt att firas vart 50 \u00e5r i den israeliska traditionen under gammaltestamentlig tid. Tanken var att \u00e5krarna under det \u00e5ret skulle ligga i tr\u00e4da, m\u00e4nniskor skulle \u00e5terv\u00e4nda till sina hem, skulder skulle kvittas och slavar friges. Man vet inte om detta \u00e5r levdes fullt ut, men Jesus anknyter till det och ger det en djupare mening. Det handlar om Guds n\u00e5d, Guds n\u00e5d f\u00f6r var och en i det innevarande.<\/p>\n<p>Den djupt alkoholiserade slavskepparen Jon Newton som blev pr\u00e4st och psalmdiktare skrev: <em><strong><span style=\"color:#3333ff\">Jag kom ur tvivel, m\u00f6rka djup, ur vanmakt och ur skam. Den n\u00e5d som bar mig intill nu ska b\u00e4ra \u00e4nda fram. <\/span><\/strong><\/em>(Sv.Ps 231:3) &#8221;Amazing grace&#8221;. Han som talar om n\u00e5dens \u00e5r i Nasarets synagoga \u00e4r n\u00e5dens Herre. Han \u00e4r v\u00e5r medbroder, som delat och delar v\u00e5rt liv, som st\u00e5tt upp f\u00f6r den gudomliga k\u00e4rleken och som i sin d\u00f6d och sin uppst\u00e5ndelse visat att ingenting kan stoppa den k\u00e4rleken \u2013 inte ens d\u00f6den.<\/p>\n<p>Jesus Kristus \u00e4r den som vill liv och ger tro och Du och jag f\u00e5r \u00f6ppna oss f\u00f6r Honom och l\u00e5ta Honom befria oss fr\u00e5n det som trycker oss och f\u00f6rtrycker oss. Tillsammans f\u00e5 vi s\u00e5 st\u00e5 upp f\u00f6r friheten, den nya synen, gl\u00e4djebudet till de fattiga, n\u00e5dens \u00e5r som kan bli n\u00e5dens liv. Det \u00e4r inte politiskt korrekt \u2013 men gudomligt korrekt och Jesus sj\u00e4lv <em><strong><span style=\"color:#3333ff\">kommer till s\u00f6rjande hj\u00e4rtan och livet f\u00e5r annan gestalt. Han kommer i makt att regera tills Gud ut i alla blir allt.<\/span><\/strong><\/em> (Sv.Ps 108:5) Och d\u00e5 t\u00f6rs vi s\u00e4ga:<\/p>\n<p><strong><em><span style=\"color:#3333ff\">\u00c4ra vare Fadern och Sonen och den Heliga Anden. S\u00e5som det var av begynnelsen, nu \u00e4r och skall vara, fr\u00e5n evighet till evighet. Amen<\/span><\/em><\/strong><\/p>\n<div class=\"blogger-post-footer\"><img width='1' height='1' src='https:\/\/blogger.googleusercontent.com\/tracker\/9055441369901436026-8406813064351432070?l=akebonnier.blogspot.com' alt='' \/><\/div>\n","protected":false},"excerpt":{"rendered":"<p>K\u00e4ra bloggl\u00e4sare,Jag \u00f6nskar Er alla ett riktigt Gott Nytt Kyrko\u00e5r och delger Er min predikan fr\u00e5n Storkyrkan denna dag: Politiskt korrekt \u00e4r ett begrep som det g\u00e5tt mode i. Man kan s\u00e4ga att det politiskt korrekta \u00e4r n\u00e5got som s\u00e4gs eller h\u00e4vdas och som ligger i tiden, som det s a s h\u00f6r till att [&hellip;]<\/p>\n","protected":false},"author":108,"featured_media":0,"comment_status":"open","ping_status":"open","sticky":false,"template":"","format":"standard","meta":{"_acf_changed":false,"footnotes":""},"categories":[16450],"tags":[],"class_list":["post-478","post","type-post","status-publish","format-standard","hentry","category-politiskt-korrekt"],"acf":[],"yoast_head":"<!-- This site is optimized with the Yoast SEO plugin v27.1.1 - https:\/\/yoast.com\/product\/yoast-seo-wordpress\/ -->\n<title>Politiskt korrekt? - \u00c5ke Bonnier<\/title>\n<meta name=\"robots\" content=\"index, follow, max-snippet:-1, max-image-preview:large, max-video-preview:-1\" \/>\n<link rel=\"canonical\" href=\"https:\/\/blogg.svenskakyrkan.se\/akebonnier\/2010\/11\/28\/politiskt-korrekt\/\" \/>\n<meta property=\"og:locale\" content=\"sv_SE\" \/>\n<meta property=\"og:type\" content=\"article\" \/>\n<meta property=\"og:title\" content=\"Politiskt korrekt? - \u00c5ke Bonnier\" \/>\n<meta property=\"og:description\" content=\"K\u00e4ra bloggl\u00e4sare,Jag \u00f6nskar Er alla ett riktigt Gott Nytt Kyrko\u00e5r och delger Er min predikan fr\u00e5n Storkyrkan denna dag: Politiskt korrekt \u00e4r ett begrep som det g\u00e5tt mode i. Man kan s\u00e4ga att det politiskt korrekta \u00e4r n\u00e5got som s\u00e4gs eller h\u00e4vdas och som ligger i tiden, som det s a s h\u00f6r till att [&hellip;]\" \/>\n<meta property=\"og:url\" content=\"https:\/\/blogg.svenskakyrkan.se\/akebonnier\/2010\/11\/28\/politiskt-korrekt\/\" \/>\n<meta property=\"og:site_name\" content=\"\u00c5ke Bonnier\" \/>\n<meta property=\"article:published_time\" content=\"2010-11-28T22:03:00+00:00\" \/>\n<meta property=\"og:image\" content=\"https:\/\/blogger.googleusercontent.com\/tracker\/9055441369901436026-8406813064351432070?l=akebonnier.blogspot.com\" \/>\n<meta name=\"author\" content=\"\u00c5ke Bonnier\" \/>\n<meta name=\"twitter:card\" content=\"summary_large_image\" \/>\n<meta name=\"twitter:label1\" content=\"Skriven av\" \/>\n\t<meta name=\"twitter:data1\" content=\"\u00c5ke Bonnier\" \/>\n\t<meta name=\"twitter:label2\" content=\"Ber\u00e4knad l\u00e4stid\" \/>\n\t<meta name=\"twitter:data2\" content=\"9 minuter\" \/>\n<script type=\"application\/ld+json\" class=\"yoast-schema-graph\">{\"@context\":\"https:\/\/schema.org\",\"@graph\":[{\"@type\":\"Article\",\"@id\":\"https:\/\/blogg.svenskakyrkan.se\/akebonnier\/2010\/11\/28\/politiskt-korrekt\/#article\",\"isPartOf\":{\"@id\":\"https:\/\/blogg.svenskakyrkan.se\/akebonnier\/2010\/11\/28\/politiskt-korrekt\/\"},\"author\":{\"name\":\"\u00c5ke Bonnier\",\"@id\":\"https:\/\/blogg.svenskakyrkan.se\/akebonnier\/#\/schema\/person\/8db68bc0c94f6a5a62df2d4486ff1343\"},\"headline\":\"Politiskt korrekt?\",\"datePublished\":\"2010-11-28T22:03:00+00:00\",\"mainEntityOfPage\":{\"@id\":\"https:\/\/blogg.svenskakyrkan.se\/akebonnier\/2010\/11\/28\/politiskt-korrekt\/\"},\"wordCount\":1755,\"commentCount\":51,\"image\":{\"@id\":\"https:\/\/blogg.svenskakyrkan.se\/akebonnier\/2010\/11\/28\/politiskt-korrekt\/#primaryimage\"},\"thumbnailUrl\":\"https:\/\/blogger.googleusercontent.com\/tracker\/9055441369901436026-8406813064351432070?l=akebonnier.blogspot.com\",\"articleSection\":[\"Politiskt korrekt\"],\"inLanguage\":\"sv-SE\",\"potentialAction\":[{\"@type\":\"CommentAction\",\"name\":\"Comment\",\"target\":[\"https:\/\/blogg.svenskakyrkan.se\/akebonnier\/2010\/11\/28\/politiskt-korrekt\/#respond\"]}]},{\"@type\":\"WebPage\",\"@id\":\"https:\/\/blogg.svenskakyrkan.se\/akebonnier\/2010\/11\/28\/politiskt-korrekt\/\",\"url\":\"https:\/\/blogg.svenskakyrkan.se\/akebonnier\/2010\/11\/28\/politiskt-korrekt\/\",\"name\":\"Politiskt korrekt? - \u00c5ke Bonnier\",\"isPartOf\":{\"@id\":\"https:\/\/blogg.svenskakyrkan.se\/akebonnier\/#website\"},\"primaryImageOfPage\":{\"@id\":\"https:\/\/blogg.svenskakyrkan.se\/akebonnier\/2010\/11\/28\/politiskt-korrekt\/#primaryimage\"},\"image\":{\"@id\":\"https:\/\/blogg.svenskakyrkan.se\/akebonnier\/2010\/11\/28\/politiskt-korrekt\/#primaryimage\"},\"thumbnailUrl\":\"https:\/\/blogger.googleusercontent.com\/tracker\/9055441369901436026-8406813064351432070?l=akebonnier.blogspot.com\",\"datePublished\":\"2010-11-28T22:03:00+00:00\",\"author\":{\"@id\":\"https:\/\/blogg.svenskakyrkan.se\/akebonnier\/#\/schema\/person\/8db68bc0c94f6a5a62df2d4486ff1343\"},\"breadcrumb\":{\"@id\":\"https:\/\/blogg.svenskakyrkan.se\/akebonnier\/2010\/11\/28\/politiskt-korrekt\/#breadcrumb\"},\"inLanguage\":\"sv-SE\",\"potentialAction\":[{\"@type\":\"ReadAction\",\"target\":[\"https:\/\/blogg.svenskakyrkan.se\/akebonnier\/2010\/11\/28\/politiskt-korrekt\/\"]}]},{\"@type\":\"ImageObject\",\"inLanguage\":\"sv-SE\",\"@id\":\"https:\/\/blogg.svenskakyrkan.se\/akebonnier\/2010\/11\/28\/politiskt-korrekt\/#primaryimage\",\"url\":\"https:\/\/blogger.googleusercontent.com\/tracker\/9055441369901436026-8406813064351432070?l=akebonnier.blogspot.com\",\"contentUrl\":\"https:\/\/blogger.googleusercontent.com\/tracker\/9055441369901436026-8406813064351432070?l=akebonnier.blogspot.com\"},{\"@type\":\"BreadcrumbList\",\"@id\":\"https:\/\/blogg.svenskakyrkan.se\/akebonnier\/2010\/11\/28\/politiskt-korrekt\/#breadcrumb\",\"itemListElement\":[{\"@type\":\"ListItem\",\"position\":1,\"name\":\"Hem\",\"item\":\"https:\/\/blogg.svenskakyrkan.se\/akebonnier\/\"},{\"@type\":\"ListItem\",\"position\":2,\"name\":\"Politiskt korrekt?\"}]},{\"@type\":\"WebSite\",\"@id\":\"https:\/\/blogg.svenskakyrkan.se\/akebonnier\/#website\",\"url\":\"https:\/\/blogg.svenskakyrkan.se\/akebonnier\/\",\"name\":\"\u00c5ke Bonnier\",\"description\":\"Biskop i Svenska kyrkan - Skara stift\",\"potentialAction\":[{\"@type\":\"SearchAction\",\"target\":{\"@type\":\"EntryPoint\",\"urlTemplate\":\"https:\/\/blogg.svenskakyrkan.se\/akebonnier\/?s={search_term_string}\"},\"query-input\":{\"@type\":\"PropertyValueSpecification\",\"valueRequired\":true,\"valueName\":\"search_term_string\"}}],\"inLanguage\":\"sv-SE\"},{\"@type\":\"Person\",\"@id\":\"https:\/\/blogg.svenskakyrkan.se\/akebonnier\/#\/schema\/person\/8db68bc0c94f6a5a62df2d4486ff1343\",\"name\":\"\u00c5ke Bonnier\",\"image\":{\"@type\":\"ImageObject\",\"inLanguage\":\"sv-SE\",\"@id\":\"https:\/\/blogg.svenskakyrkan.se\/akebonnier\/#\/schema\/person\/image\/\",\"url\":\"https:\/\/secure.gravatar.com\/avatar\/b88264736bb0bc0d1ea92298aef02c9f98cfc13c7484130c42c663ae484f9462?s=96&d=mm&r=g\",\"contentUrl\":\"https:\/\/secure.gravatar.com\/avatar\/b88264736bb0bc0d1ea92298aef02c9f98cfc13c7484130c42c663ae484f9462?s=96&d=mm&r=g\",\"caption\":\"\u00c5ke Bonnier\"},\"description\":\"Jag \u00e4r gift och har tv\u00e5 vuxna d\u00f6ttrar. Pr\u00e4stvigdes 1984 och biskopsvigs 26 augusti 2012 . Jag har tidigare bland annat varit, komminister och kyrkoherde i Liding\u00f6 f\u00f6rsamling och domprost i Stockholms domkyrkof\u00f6rsamling. Jag \u00e4r intresserad av konst, litteratur, teater, film. Jag tr\u00e4nar regelbundet p\u00e5 gym. Mitt huvudsakliga musikintresse \u00e4r klassisk musik men ocks\u00e5 Beatles, Elvis Presley, Monika Zettelund, Povel Ramel och m\u00e5nga andra tycker jag om att lyssna p\u00e5. Jag l\u00e4ser f\u00f6r lite sk\u00f6nlitteratur beroende p\u00e5 annat som jag m\u00e5ste l\u00e4sa i mitt uppdrag som biskop. Men jag \u00e4lskar b\u00f6cker. Naturligtvis l\u00e4ser jag n\u00e4st intill dagligdags i \\\"B\u00f6ckernas Bok.\\\"\",\"sameAs\":[\"http:\/\/www.skarastift.se\"],\"url\":\"https:\/\/blogg.svenskakyrkan.se\/akebonnier\/author\/akebonnier\/\"}]}<\/script>\n<!-- \/ Yoast SEO plugin. -->","yoast_head_json":{"title":"Politiskt korrekt? - \u00c5ke Bonnier","robots":{"index":"index","follow":"follow","max-snippet":"max-snippet:-1","max-image-preview":"max-image-preview:large","max-video-preview":"max-video-preview:-1"},"canonical":"https:\/\/blogg.svenskakyrkan.se\/akebonnier\/2010\/11\/28\/politiskt-korrekt\/","og_locale":"sv_SE","og_type":"article","og_title":"Politiskt korrekt? - \u00c5ke Bonnier","og_description":"K\u00e4ra bloggl\u00e4sare,Jag \u00f6nskar Er alla ett riktigt Gott Nytt Kyrko\u00e5r och delger Er min predikan fr\u00e5n Storkyrkan denna dag: Politiskt korrekt \u00e4r ett begrep som det g\u00e5tt mode i. Man kan s\u00e4ga att det politiskt korrekta \u00e4r n\u00e5got som s\u00e4gs eller h\u00e4vdas och som ligger i tiden, som det s a s h\u00f6r till att [&hellip;]","og_url":"https:\/\/blogg.svenskakyrkan.se\/akebonnier\/2010\/11\/28\/politiskt-korrekt\/","og_site_name":"\u00c5ke Bonnier","article_published_time":"2010-11-28T22:03:00+00:00","og_image":[{"url":"https:\/\/blogger.googleusercontent.com\/tracker\/9055441369901436026-8406813064351432070?l=akebonnier.blogspot.com","type":"","width":"","height":""}],"author":"\u00c5ke Bonnier","twitter_card":"summary_large_image","twitter_misc":{"Skriven av":"\u00c5ke Bonnier","Ber\u00e4knad l\u00e4stid":"9 minuter"},"schema":{"@context":"https:\/\/schema.org","@graph":[{"@type":"Article","@id":"https:\/\/blogg.svenskakyrkan.se\/akebonnier\/2010\/11\/28\/politiskt-korrekt\/#article","isPartOf":{"@id":"https:\/\/blogg.svenskakyrkan.se\/akebonnier\/2010\/11\/28\/politiskt-korrekt\/"},"author":{"name":"\u00c5ke Bonnier","@id":"https:\/\/blogg.svenskakyrkan.se\/akebonnier\/#\/schema\/person\/8db68bc0c94f6a5a62df2d4486ff1343"},"headline":"Politiskt korrekt?","datePublished":"2010-11-28T22:03:00+00:00","mainEntityOfPage":{"@id":"https:\/\/blogg.svenskakyrkan.se\/akebonnier\/2010\/11\/28\/politiskt-korrekt\/"},"wordCount":1755,"commentCount":51,"image":{"@id":"https:\/\/blogg.svenskakyrkan.se\/akebonnier\/2010\/11\/28\/politiskt-korrekt\/#primaryimage"},"thumbnailUrl":"https:\/\/blogger.googleusercontent.com\/tracker\/9055441369901436026-8406813064351432070?l=akebonnier.blogspot.com","articleSection":["Politiskt korrekt"],"inLanguage":"sv-SE","potentialAction":[{"@type":"CommentAction","name":"Comment","target":["https:\/\/blogg.svenskakyrkan.se\/akebonnier\/2010\/11\/28\/politiskt-korrekt\/#respond"]}]},{"@type":"WebPage","@id":"https:\/\/blogg.svenskakyrkan.se\/akebonnier\/2010\/11\/28\/politiskt-korrekt\/","url":"https:\/\/blogg.svenskakyrkan.se\/akebonnier\/2010\/11\/28\/politiskt-korrekt\/","name":"Politiskt korrekt? - \u00c5ke Bonnier","isPartOf":{"@id":"https:\/\/blogg.svenskakyrkan.se\/akebonnier\/#website"},"primaryImageOfPage":{"@id":"https:\/\/blogg.svenskakyrkan.se\/akebonnier\/2010\/11\/28\/politiskt-korrekt\/#primaryimage"},"image":{"@id":"https:\/\/blogg.svenskakyrkan.se\/akebonnier\/2010\/11\/28\/politiskt-korrekt\/#primaryimage"},"thumbnailUrl":"https:\/\/blogger.googleusercontent.com\/tracker\/9055441369901436026-8406813064351432070?l=akebonnier.blogspot.com","datePublished":"2010-11-28T22:03:00+00:00","author":{"@id":"https:\/\/blogg.svenskakyrkan.se\/akebonnier\/#\/schema\/person\/8db68bc0c94f6a5a62df2d4486ff1343"},"breadcrumb":{"@id":"https:\/\/blogg.svenskakyrkan.se\/akebonnier\/2010\/11\/28\/politiskt-korrekt\/#breadcrumb"},"inLanguage":"sv-SE","potentialAction":[{"@type":"ReadAction","target":["https:\/\/blogg.svenskakyrkan.se\/akebonnier\/2010\/11\/28\/politiskt-korrekt\/"]}]},{"@type":"ImageObject","inLanguage":"sv-SE","@id":"https:\/\/blogg.svenskakyrkan.se\/akebonnier\/2010\/11\/28\/politiskt-korrekt\/#primaryimage","url":"https:\/\/blogger.googleusercontent.com\/tracker\/9055441369901436026-8406813064351432070?l=akebonnier.blogspot.com","contentUrl":"https:\/\/blogger.googleusercontent.com\/tracker\/9055441369901436026-8406813064351432070?l=akebonnier.blogspot.com"},{"@type":"BreadcrumbList","@id":"https:\/\/blogg.svenskakyrkan.se\/akebonnier\/2010\/11\/28\/politiskt-korrekt\/#breadcrumb","itemListElement":[{"@type":"ListItem","position":1,"name":"Hem","item":"https:\/\/blogg.svenskakyrkan.se\/akebonnier\/"},{"@type":"ListItem","position":2,"name":"Politiskt korrekt?"}]},{"@type":"WebSite","@id":"https:\/\/blogg.svenskakyrkan.se\/akebonnier\/#website","url":"https:\/\/blogg.svenskakyrkan.se\/akebonnier\/","name":"\u00c5ke Bonnier","description":"Biskop i Svenska kyrkan - Skara stift","potentialAction":[{"@type":"SearchAction","target":{"@type":"EntryPoint","urlTemplate":"https:\/\/blogg.svenskakyrkan.se\/akebonnier\/?s={search_term_string}"},"query-input":{"@type":"PropertyValueSpecification","valueRequired":true,"valueName":"search_term_string"}}],"inLanguage":"sv-SE"},{"@type":"Person","@id":"https:\/\/blogg.svenskakyrkan.se\/akebonnier\/#\/schema\/person\/8db68bc0c94f6a5a62df2d4486ff1343","name":"\u00c5ke Bonnier","image":{"@type":"ImageObject","inLanguage":"sv-SE","@id":"https:\/\/blogg.svenskakyrkan.se\/akebonnier\/#\/schema\/person\/image\/","url":"https:\/\/secure.gravatar.com\/avatar\/b88264736bb0bc0d1ea92298aef02c9f98cfc13c7484130c42c663ae484f9462?s=96&d=mm&r=g","contentUrl":"https:\/\/secure.gravatar.com\/avatar\/b88264736bb0bc0d1ea92298aef02c9f98cfc13c7484130c42c663ae484f9462?s=96&d=mm&r=g","caption":"\u00c5ke Bonnier"},"description":"Jag \u00e4r gift och har tv\u00e5 vuxna d\u00f6ttrar. Pr\u00e4stvigdes 1984 och biskopsvigs 26 augusti 2012 . Jag har tidigare bland annat varit, komminister och kyrkoherde i Liding\u00f6 f\u00f6rsamling och domprost i Stockholms domkyrkof\u00f6rsamling. Jag \u00e4r intresserad av konst, litteratur, teater, film. Jag tr\u00e4nar regelbundet p\u00e5 gym. Mitt huvudsakliga musikintresse \u00e4r klassisk musik men ocks\u00e5 Beatles, Elvis Presley, Monika Zettelund, Povel Ramel och m\u00e5nga andra tycker jag om att lyssna p\u00e5. Jag l\u00e4ser f\u00f6r lite sk\u00f6nlitteratur beroende p\u00e5 annat som jag m\u00e5ste l\u00e4sa i mitt uppdrag som biskop. Men jag \u00e4lskar b\u00f6cker. Naturligtvis l\u00e4ser jag n\u00e4st intill dagligdags i \"B\u00f6ckernas Bok.\"","sameAs":["http:\/\/www.skarastift.se"],"url":"https:\/\/blogg.svenskakyrkan.se\/akebonnier\/author\/akebonnier\/"}]}},"author_meta":{"ID":"108","user_nicename":"akebonnier","user_url":"http:\/\/www.skarastift.se","user_registered":"2011-10-11 09:24:48","display_name":"\u00c5ke Bonnier","first_name":"\u00c5ke","last_name":"Bonnier","avatar":"https:\/\/secure.gravatar.com\/avatar\/b88264736bb0bc0d1ea92298aef02c9f98cfc13c7484130c42c663ae484f9462?s=96&d=mm&r=g"},"featured_image":false,"bloginfo":{"name":"\u00c5ke Bonnier","url":"https:\/\/blogg.svenskakyrkan.se\/akebonnier"},"_links":{"self":[{"href":"https:\/\/blogg.svenskakyrkan.se\/akebonnier\/wp-json\/wp\/v2\/posts\/478","targetHints":{"allow":["GET"]}}],"collection":[{"href":"https:\/\/blogg.svenskakyrkan.se\/akebonnier\/wp-json\/wp\/v2\/posts"}],"about":[{"href":"https:\/\/blogg.svenskakyrkan.se\/akebonnier\/wp-json\/wp\/v2\/types\/post"}],"author":[{"embeddable":true,"href":"https:\/\/blogg.svenskakyrkan.se\/akebonnier\/wp-json\/wp\/v2\/users\/108"}],"replies":[{"embeddable":true,"href":"https:\/\/blogg.svenskakyrkan.se\/akebonnier\/wp-json\/wp\/v2\/comments?post=478"}],"version-history":[{"count":0,"href":"https:\/\/blogg.svenskakyrkan.se\/akebonnier\/wp-json\/wp\/v2\/posts\/478\/revisions"}],"wp:attachment":[{"href":"https:\/\/blogg.svenskakyrkan.se\/akebonnier\/wp-json\/wp\/v2\/media?parent=478"}],"wp:term":[{"taxonomy":"category","embeddable":true,"href":"https:\/\/blogg.svenskakyrkan.se\/akebonnier\/wp-json\/wp\/v2\/categories?post=478"},{"taxonomy":"post_tag","embeddable":true,"href":"https:\/\/blogg.svenskakyrkan.se\/akebonnier\/wp-json\/wp\/v2\/tags?post=478"}],"curies":[{"name":"wp","href":"https:\/\/api.w.org\/{rel}","templated":true}]}}