{"id":479,"date":"2010-12-03T05:13:00","date_gmt":"2010-12-03T05:13:00","guid":{"rendered":"http:\/\/blogg.svenskakyrkan.se\/akebonnier\/2010\/12\/03\/ar-gud-en-man\/"},"modified":"2010-12-03T05:13:00","modified_gmt":"2010-12-03T05:13:00","slug":"ar-gud-en-man","status":"publish","type":"post","link":"https:\/\/blogg.svenskakyrkan.se\/akebonnier\/2010\/12\/03\/ar-gud-en-man\/","title":{"rendered":"\u00c4r Gud en man?"},"content":{"rendered":"<p>I b\u00f6rjan av 70-talet gjordes en unders\u00f6kning om Svenska folkets Gudstro och Gudsuppfattning. En ung flicka skrev: <em>&#8221;Gud \u00e4r en gubbe med l\u00e5ngt svart h\u00e5r och svart sk\u00e4gg. Han sitter p\u00e5 ett moln. Men han finns inte.&#8221;<\/em> M\u00e5nga har genom tiderna t\u00e4nkt p\u00e5 Gud som ett sorts manligt v\u00e4sen, en himmelsk farbror, en sorts underbar morfar eller farfar som samtidgt \u00e4r obegriplig eftersom han p\u00e5 n\u00e5got s\u00e4tt \u00e4r skyldig till allt ont i v\u00e4rlden genom att till\u00e5ta det. P\u00e5 samma g\u00e5ng som man bek\u00e4nt en s\u00e5dan gudsbild har man ocks\u00e5 tagit avst\u00e5nd fr\u00e5n den. Gud kan inte vara s\u00e5 och om Gud nu \u00e4r s\u00e5, finns han inte.<\/p>\n<p>Idag t\u00e4nker vi nog knappast p\u00e5 Gud p\u00e5 det viset, \u00e5tminstone inte om vi \u00e4r bek\u00e4nnande kristna. Gud \u00e4r bortom alla m\u00e4nskliga kategorier, st\u00f6rre \u00e4n allt, bortom alla bokstavskombinationer och sj\u00e4lva ordet Gud \u00e4r d\u00e5 inget annat \u00e4n ett m\u00e4nskligt f\u00f6rs\u00f6k att tala om det som bara g\u00e5r att f\u00f6rminska.<\/p>\n<p>\u00c4nd\u00e5 har vi ett maskulint patriarkalt spr\u00e5k i v\u00e5ra religi\u00f6sa uttryckss\u00e4tt, \u00e5tminstone i de mer formella. Vi talar ofta om Gud <em>Fader<\/em>, om <em>Han<\/em> och <em>Honom<\/em>. Hur kommer det sig? Naturligtvis \u00e4r det ned\u00e4rvda formuleringar. F\u00f6r v\u00e5ra trossyskon i generationer f\u00f6re oss, \u00e4nda tillbaka till 1000-talet f\u00f6re v\u00e5r tider\u00e4kning, var det naturligt att t\u00e4nka sig den gudomliga makten som en maskulin makt \u00e4ven om det ocks\u00e5 fanns gudinnor, men inte p\u00e5 samma s\u00e4tt i den judiska traditionen och inte heller s\u00e5 inom Kristendomen. Denna maskulina tradition har vi med oss ocks\u00e5 in i v\u00e5r tid. Idag \u00e4r vi dock mer medvetna om den, mer medvetna om att talet om Gud som <em>Fader<\/em>, som <em>man<\/em>, kan k\u00e4nnas fr\u00e4mmande, delvis bortst\u00f6tande. Vi \u00e4r mer medvetna om behovet av ett inkluderande spr\u00e5k snarare \u00e4n ett exkluderande. Och samtidigt forts\u00e4tter vi att bek\u00e4nna att vi tror p\u00e5 <em>Gud Fader allsm\u00e4ktige<\/em>, och vi ber: <em>V\u00e5r Fader&#8230;<br \/><\/em><br \/>Jag menar inte att vi ska \u00e4ndra p\u00e5 v\u00e5ra trosbek\u00e4nnelser. De \u00e4r dokument som vi b\u00e4r med oss som l\u00e4nkar i en l\u00e5ng kedja av bek\u00e4nnare. Vi ska inte heller \u00e4ndra p\u00e5 Herrens b\u00f6n, den har Jesus, inspirerad av rabbinsk tradition, sj\u00e4lv l\u00e4rt oss. Men samtidigt borde vi bli mer observanta p\u00e5 hur vi anv\u00e4nder ordet <em>han<\/em> och <em>Fader<\/em> om Gud.  Som man kan jag k\u00e4nna en stor samh\u00f6righet med Gud genom ett maskulint spr\u00e5k, men jag kan f\u00f6rst\u00e5 om m\u00e5nga kvinnor har sv\u00e5rt att k\u00e4nna den samh\u00f6righeten. Jag kan ocks\u00e5 f\u00f6rst\u00e5 att m\u00e5nga, som haft ett komplicerat fadersf\u00f6rh\u00e5llande, k\u00e4nner fadd smak i munnen vid anv\u00e4ndandet av ordet Fader om den som ska vara s\u00e5 makal\u00f6s.<\/p>\n<p>Hur kan vi d\u00e5 hantera det maskulina spr\u00e5ket i v\u00e5r bek\u00e4nnelsefromhet? Jag tror inte p\u00e5 ett uteslutande av det ned\u00e4rvda. Tv\u00e4rtom m\u00e5ste det f\u00e5 finnas kvar och ocks\u00e5 anv\u00e4ndas, precis som nu. Men vi beh\u00f6ver pr\u00f6va p\u00e5 och tr\u00e4na p\u00e5 att uttrycka oss mer inklusivt i b\u00e5de liturgiska sammanhang och i f\u00f6rkunnelsesammanhang, visa p\u00e5 Guds storhet som str\u00e4cker sig bortom alla genusbegrepp. Gud \u00e4r inte en man. Gud \u00e4r inte en Fader, men Gud \u00e4r <em>s\u00e5som<\/em> en Fader och en Moder, precis som det st\u00e5r i en av v\u00e5ra nattvardsb\u00f6ner. Gud \u00e4r en <em>himmelsk f\u00f6r\u00e4lder<\/em> och vi \u00e4r alla Guds barn. Det handlar om omsorg, om gr\u00e4nsl\u00f6s k\u00e4rlek, om n\u00e5gon som aldrig \u00f6verger, om n\u00e5gom som delar v\u00e5rt liv och delar v\u00e5r d\u00f6d, och som vet vad det \u00e4r att vara m\u00e4nniska, att vara begr\u00e4nsad. Men det handlar ocks\u00e5 om tron p\u00e5 en Gud som, med pr\u00e4sten och f\u00f6rfattaren Christina L\u00f6vestams ord, <em>\u00e4r helig och varm, som ger kampgl\u00f6d och identitet, en helande Gud som g\u00f6r trasigt till helt, som st\u00e4rker till medvetenhet.<\/em><\/p>\n<p>En s\u00e5dan Gud vill jag bek\u00e4nna mig till och Jesus Kristus sj\u00e4lv \u00e4r just s\u00e5. Han (jo, Jesus var en man) \u00e4r den inkarnerade vars ankomst vi nu f\u00f6rbereder oss inf\u00f6r. <\/p>\n<p>Gud ske pris!<\/p>\n<div class=\"blogger-post-footer\"><img width='1' height='1' src='https:\/\/blogger.googleusercontent.com\/tracker\/9055441369901436026-4519390445880728515?l=akebonnier.blogspot.com' alt='' \/><\/div>\n","protected":false},"excerpt":{"rendered":"<p>I b\u00f6rjan av 70-talet gjordes en unders\u00f6kning om Svenska folkets Gudstro och Gudsuppfattning. En ung flicka skrev: &#8221;Gud \u00e4r en gubbe med l\u00e5ngt svart h\u00e5r och svart sk\u00e4gg. Han sitter p\u00e5 ett moln. Men han finns inte.&#8221; M\u00e5nga har genom tiderna t\u00e4nkt p\u00e5 Gud som ett sorts manligt v\u00e4sen, en himmelsk farbror, en sorts underbar [&hellip;]<\/p>\n","protected":false},"author":108,"featured_media":0,"comment_status":"open","ping_status":"open","sticky":false,"template":"","format":"standard","meta":{"_acf_changed":false,"footnotes":""},"categories":[16451],"tags":[],"class_list":["post-479","post","type-post","status-publish","format-standard","hentry","category-ar-gud-en-man"],"acf":[],"yoast_head":"<!-- This site is optimized with the Yoast SEO plugin v27.1.1 - https:\/\/yoast.com\/product\/yoast-seo-wordpress\/ -->\n<title>\u00c4r Gud en man? - \u00c5ke Bonnier<\/title>\n<meta name=\"robots\" content=\"index, follow, max-snippet:-1, max-image-preview:large, max-video-preview:-1\" \/>\n<link rel=\"canonical\" href=\"https:\/\/blogg.svenskakyrkan.se\/akebonnier\/2010\/12\/03\/ar-gud-en-man\/\" \/>\n<meta property=\"og:locale\" content=\"sv_SE\" \/>\n<meta property=\"og:type\" content=\"article\" \/>\n<meta property=\"og:title\" content=\"\u00c4r Gud en man? - \u00c5ke Bonnier\" \/>\n<meta property=\"og:description\" content=\"I b\u00f6rjan av 70-talet gjordes en unders\u00f6kning om Svenska folkets Gudstro och Gudsuppfattning. En ung flicka skrev: &#8221;Gud \u00e4r en gubbe med l\u00e5ngt svart h\u00e5r och svart sk\u00e4gg. Han sitter p\u00e5 ett moln. Men han finns inte.&#8221; M\u00e5nga har genom tiderna t\u00e4nkt p\u00e5 Gud som ett sorts manligt v\u00e4sen, en himmelsk farbror, en sorts underbar [&hellip;]\" \/>\n<meta property=\"og:url\" content=\"https:\/\/blogg.svenskakyrkan.se\/akebonnier\/2010\/12\/03\/ar-gud-en-man\/\" \/>\n<meta property=\"og:site_name\" content=\"\u00c5ke Bonnier\" \/>\n<meta property=\"article:published_time\" content=\"2010-12-03T05:13:00+00:00\" \/>\n<meta property=\"og:image\" content=\"https:\/\/blogger.googleusercontent.com\/tracker\/9055441369901436026-4519390445880728515?l=akebonnier.blogspot.com\" \/>\n<meta name=\"author\" content=\"\u00c5ke Bonnier\" \/>\n<meta name=\"twitter:card\" content=\"summary_large_image\" \/>\n<meta name=\"twitter:label1\" content=\"Skriven av\" \/>\n\t<meta name=\"twitter:data1\" content=\"\u00c5ke Bonnier\" \/>\n\t<meta name=\"twitter:label2\" content=\"Ber\u00e4knad l\u00e4stid\" \/>\n\t<meta name=\"twitter:data2\" content=\"4 minuter\" \/>\n<script type=\"application\/ld+json\" class=\"yoast-schema-graph\">{\"@context\":\"https:\/\/schema.org\",\"@graph\":[{\"@type\":\"Article\",\"@id\":\"https:\/\/blogg.svenskakyrkan.se\/akebonnier\/2010\/12\/03\/ar-gud-en-man\/#article\",\"isPartOf\":{\"@id\":\"https:\/\/blogg.svenskakyrkan.se\/akebonnier\/2010\/12\/03\/ar-gud-en-man\/\"},\"author\":{\"name\":\"\u00c5ke Bonnier\",\"@id\":\"https:\/\/blogg.svenskakyrkan.se\/akebonnier\/#\/schema\/person\/8db68bc0c94f6a5a62df2d4486ff1343\"},\"headline\":\"\u00c4r Gud en man?\",\"datePublished\":\"2010-12-03T05:13:00+00:00\",\"mainEntityOfPage\":{\"@id\":\"https:\/\/blogg.svenskakyrkan.se\/akebonnier\/2010\/12\/03\/ar-gud-en-man\/\"},\"wordCount\":750,\"commentCount\":15,\"image\":{\"@id\":\"https:\/\/blogg.svenskakyrkan.se\/akebonnier\/2010\/12\/03\/ar-gud-en-man\/#primaryimage\"},\"thumbnailUrl\":\"https:\/\/blogger.googleusercontent.com\/tracker\/9055441369901436026-4519390445880728515?l=akebonnier.blogspot.com\",\"articleSection\":[\"\u00c4r Gud en man\"],\"inLanguage\":\"sv-SE\",\"potentialAction\":[{\"@type\":\"CommentAction\",\"name\":\"Comment\",\"target\":[\"https:\/\/blogg.svenskakyrkan.se\/akebonnier\/2010\/12\/03\/ar-gud-en-man\/#respond\"]}]},{\"@type\":\"WebPage\",\"@id\":\"https:\/\/blogg.svenskakyrkan.se\/akebonnier\/2010\/12\/03\/ar-gud-en-man\/\",\"url\":\"https:\/\/blogg.svenskakyrkan.se\/akebonnier\/2010\/12\/03\/ar-gud-en-man\/\",\"name\":\"\u00c4r Gud en man? - \u00c5ke Bonnier\",\"isPartOf\":{\"@id\":\"https:\/\/blogg.svenskakyrkan.se\/akebonnier\/#website\"},\"primaryImageOfPage\":{\"@id\":\"https:\/\/blogg.svenskakyrkan.se\/akebonnier\/2010\/12\/03\/ar-gud-en-man\/#primaryimage\"},\"image\":{\"@id\":\"https:\/\/blogg.svenskakyrkan.se\/akebonnier\/2010\/12\/03\/ar-gud-en-man\/#primaryimage\"},\"thumbnailUrl\":\"https:\/\/blogger.googleusercontent.com\/tracker\/9055441369901436026-4519390445880728515?l=akebonnier.blogspot.com\",\"datePublished\":\"2010-12-03T05:13:00+00:00\",\"author\":{\"@id\":\"https:\/\/blogg.svenskakyrkan.se\/akebonnier\/#\/schema\/person\/8db68bc0c94f6a5a62df2d4486ff1343\"},\"breadcrumb\":{\"@id\":\"https:\/\/blogg.svenskakyrkan.se\/akebonnier\/2010\/12\/03\/ar-gud-en-man\/#breadcrumb\"},\"inLanguage\":\"sv-SE\",\"potentialAction\":[{\"@type\":\"ReadAction\",\"target\":[\"https:\/\/blogg.svenskakyrkan.se\/akebonnier\/2010\/12\/03\/ar-gud-en-man\/\"]}]},{\"@type\":\"ImageObject\",\"inLanguage\":\"sv-SE\",\"@id\":\"https:\/\/blogg.svenskakyrkan.se\/akebonnier\/2010\/12\/03\/ar-gud-en-man\/#primaryimage\",\"url\":\"https:\/\/blogger.googleusercontent.com\/tracker\/9055441369901436026-4519390445880728515?l=akebonnier.blogspot.com\",\"contentUrl\":\"https:\/\/blogger.googleusercontent.com\/tracker\/9055441369901436026-4519390445880728515?l=akebonnier.blogspot.com\"},{\"@type\":\"BreadcrumbList\",\"@id\":\"https:\/\/blogg.svenskakyrkan.se\/akebonnier\/2010\/12\/03\/ar-gud-en-man\/#breadcrumb\",\"itemListElement\":[{\"@type\":\"ListItem\",\"position\":1,\"name\":\"Hem\",\"item\":\"https:\/\/blogg.svenskakyrkan.se\/akebonnier\/\"},{\"@type\":\"ListItem\",\"position\":2,\"name\":\"\u00c4r Gud en man?\"}]},{\"@type\":\"WebSite\",\"@id\":\"https:\/\/blogg.svenskakyrkan.se\/akebonnier\/#website\",\"url\":\"https:\/\/blogg.svenskakyrkan.se\/akebonnier\/\",\"name\":\"\u00c5ke Bonnier\",\"description\":\"Biskop i Svenska kyrkan - Skara stift\",\"potentialAction\":[{\"@type\":\"SearchAction\",\"target\":{\"@type\":\"EntryPoint\",\"urlTemplate\":\"https:\/\/blogg.svenskakyrkan.se\/akebonnier\/?s={search_term_string}\"},\"query-input\":{\"@type\":\"PropertyValueSpecification\",\"valueRequired\":true,\"valueName\":\"search_term_string\"}}],\"inLanguage\":\"sv-SE\"},{\"@type\":\"Person\",\"@id\":\"https:\/\/blogg.svenskakyrkan.se\/akebonnier\/#\/schema\/person\/8db68bc0c94f6a5a62df2d4486ff1343\",\"name\":\"\u00c5ke Bonnier\",\"image\":{\"@type\":\"ImageObject\",\"inLanguage\":\"sv-SE\",\"@id\":\"https:\/\/blogg.svenskakyrkan.se\/akebonnier\/#\/schema\/person\/image\/\",\"url\":\"https:\/\/secure.gravatar.com\/avatar\/b88264736bb0bc0d1ea92298aef02c9f98cfc13c7484130c42c663ae484f9462?s=96&d=mm&r=g\",\"contentUrl\":\"https:\/\/secure.gravatar.com\/avatar\/b88264736bb0bc0d1ea92298aef02c9f98cfc13c7484130c42c663ae484f9462?s=96&d=mm&r=g\",\"caption\":\"\u00c5ke Bonnier\"},\"description\":\"Jag \u00e4r gift och har tv\u00e5 vuxna d\u00f6ttrar. Pr\u00e4stvigdes 1984 och biskopsvigs 26 augusti 2012 . Jag har tidigare bland annat varit, komminister och kyrkoherde i Liding\u00f6 f\u00f6rsamling och domprost i Stockholms domkyrkof\u00f6rsamling. Jag \u00e4r intresserad av konst, litteratur, teater, film. Jag tr\u00e4nar regelbundet p\u00e5 gym. Mitt huvudsakliga musikintresse \u00e4r klassisk musik men ocks\u00e5 Beatles, Elvis Presley, Monika Zettelund, Povel Ramel och m\u00e5nga andra tycker jag om att lyssna p\u00e5. Jag l\u00e4ser f\u00f6r lite sk\u00f6nlitteratur beroende p\u00e5 annat som jag m\u00e5ste l\u00e4sa i mitt uppdrag som biskop. Men jag \u00e4lskar b\u00f6cker. Naturligtvis l\u00e4ser jag n\u00e4st intill dagligdags i \\\"B\u00f6ckernas Bok.\\\"\",\"sameAs\":[\"http:\/\/www.skarastift.se\"],\"url\":\"https:\/\/blogg.svenskakyrkan.se\/akebonnier\/author\/akebonnier\/\"}]}<\/script>\n<!-- \/ Yoast SEO plugin. -->","yoast_head_json":{"title":"\u00c4r Gud en man? - \u00c5ke Bonnier","robots":{"index":"index","follow":"follow","max-snippet":"max-snippet:-1","max-image-preview":"max-image-preview:large","max-video-preview":"max-video-preview:-1"},"canonical":"https:\/\/blogg.svenskakyrkan.se\/akebonnier\/2010\/12\/03\/ar-gud-en-man\/","og_locale":"sv_SE","og_type":"article","og_title":"\u00c4r Gud en man? - \u00c5ke Bonnier","og_description":"I b\u00f6rjan av 70-talet gjordes en unders\u00f6kning om Svenska folkets Gudstro och Gudsuppfattning. En ung flicka skrev: &#8221;Gud \u00e4r en gubbe med l\u00e5ngt svart h\u00e5r och svart sk\u00e4gg. Han sitter p\u00e5 ett moln. Men han finns inte.&#8221; M\u00e5nga har genom tiderna t\u00e4nkt p\u00e5 Gud som ett sorts manligt v\u00e4sen, en himmelsk farbror, en sorts underbar [&hellip;]","og_url":"https:\/\/blogg.svenskakyrkan.se\/akebonnier\/2010\/12\/03\/ar-gud-en-man\/","og_site_name":"\u00c5ke Bonnier","article_published_time":"2010-12-03T05:13:00+00:00","og_image":[{"url":"https:\/\/blogger.googleusercontent.com\/tracker\/9055441369901436026-4519390445880728515?l=akebonnier.blogspot.com","type":"","width":"","height":""}],"author":"\u00c5ke Bonnier","twitter_card":"summary_large_image","twitter_misc":{"Skriven av":"\u00c5ke Bonnier","Ber\u00e4knad l\u00e4stid":"4 minuter"},"schema":{"@context":"https:\/\/schema.org","@graph":[{"@type":"Article","@id":"https:\/\/blogg.svenskakyrkan.se\/akebonnier\/2010\/12\/03\/ar-gud-en-man\/#article","isPartOf":{"@id":"https:\/\/blogg.svenskakyrkan.se\/akebonnier\/2010\/12\/03\/ar-gud-en-man\/"},"author":{"name":"\u00c5ke Bonnier","@id":"https:\/\/blogg.svenskakyrkan.se\/akebonnier\/#\/schema\/person\/8db68bc0c94f6a5a62df2d4486ff1343"},"headline":"\u00c4r Gud en man?","datePublished":"2010-12-03T05:13:00+00:00","mainEntityOfPage":{"@id":"https:\/\/blogg.svenskakyrkan.se\/akebonnier\/2010\/12\/03\/ar-gud-en-man\/"},"wordCount":750,"commentCount":15,"image":{"@id":"https:\/\/blogg.svenskakyrkan.se\/akebonnier\/2010\/12\/03\/ar-gud-en-man\/#primaryimage"},"thumbnailUrl":"https:\/\/blogger.googleusercontent.com\/tracker\/9055441369901436026-4519390445880728515?l=akebonnier.blogspot.com","articleSection":["\u00c4r Gud en man"],"inLanguage":"sv-SE","potentialAction":[{"@type":"CommentAction","name":"Comment","target":["https:\/\/blogg.svenskakyrkan.se\/akebonnier\/2010\/12\/03\/ar-gud-en-man\/#respond"]}]},{"@type":"WebPage","@id":"https:\/\/blogg.svenskakyrkan.se\/akebonnier\/2010\/12\/03\/ar-gud-en-man\/","url":"https:\/\/blogg.svenskakyrkan.se\/akebonnier\/2010\/12\/03\/ar-gud-en-man\/","name":"\u00c4r Gud en man? - \u00c5ke Bonnier","isPartOf":{"@id":"https:\/\/blogg.svenskakyrkan.se\/akebonnier\/#website"},"primaryImageOfPage":{"@id":"https:\/\/blogg.svenskakyrkan.se\/akebonnier\/2010\/12\/03\/ar-gud-en-man\/#primaryimage"},"image":{"@id":"https:\/\/blogg.svenskakyrkan.se\/akebonnier\/2010\/12\/03\/ar-gud-en-man\/#primaryimage"},"thumbnailUrl":"https:\/\/blogger.googleusercontent.com\/tracker\/9055441369901436026-4519390445880728515?l=akebonnier.blogspot.com","datePublished":"2010-12-03T05:13:00+00:00","author":{"@id":"https:\/\/blogg.svenskakyrkan.se\/akebonnier\/#\/schema\/person\/8db68bc0c94f6a5a62df2d4486ff1343"},"breadcrumb":{"@id":"https:\/\/blogg.svenskakyrkan.se\/akebonnier\/2010\/12\/03\/ar-gud-en-man\/#breadcrumb"},"inLanguage":"sv-SE","potentialAction":[{"@type":"ReadAction","target":["https:\/\/blogg.svenskakyrkan.se\/akebonnier\/2010\/12\/03\/ar-gud-en-man\/"]}]},{"@type":"ImageObject","inLanguage":"sv-SE","@id":"https:\/\/blogg.svenskakyrkan.se\/akebonnier\/2010\/12\/03\/ar-gud-en-man\/#primaryimage","url":"https:\/\/blogger.googleusercontent.com\/tracker\/9055441369901436026-4519390445880728515?l=akebonnier.blogspot.com","contentUrl":"https:\/\/blogger.googleusercontent.com\/tracker\/9055441369901436026-4519390445880728515?l=akebonnier.blogspot.com"},{"@type":"BreadcrumbList","@id":"https:\/\/blogg.svenskakyrkan.se\/akebonnier\/2010\/12\/03\/ar-gud-en-man\/#breadcrumb","itemListElement":[{"@type":"ListItem","position":1,"name":"Hem","item":"https:\/\/blogg.svenskakyrkan.se\/akebonnier\/"},{"@type":"ListItem","position":2,"name":"\u00c4r Gud en man?"}]},{"@type":"WebSite","@id":"https:\/\/blogg.svenskakyrkan.se\/akebonnier\/#website","url":"https:\/\/blogg.svenskakyrkan.se\/akebonnier\/","name":"\u00c5ke Bonnier","description":"Biskop i Svenska kyrkan - Skara stift","potentialAction":[{"@type":"SearchAction","target":{"@type":"EntryPoint","urlTemplate":"https:\/\/blogg.svenskakyrkan.se\/akebonnier\/?s={search_term_string}"},"query-input":{"@type":"PropertyValueSpecification","valueRequired":true,"valueName":"search_term_string"}}],"inLanguage":"sv-SE"},{"@type":"Person","@id":"https:\/\/blogg.svenskakyrkan.se\/akebonnier\/#\/schema\/person\/8db68bc0c94f6a5a62df2d4486ff1343","name":"\u00c5ke Bonnier","image":{"@type":"ImageObject","inLanguage":"sv-SE","@id":"https:\/\/blogg.svenskakyrkan.se\/akebonnier\/#\/schema\/person\/image\/","url":"https:\/\/secure.gravatar.com\/avatar\/b88264736bb0bc0d1ea92298aef02c9f98cfc13c7484130c42c663ae484f9462?s=96&d=mm&r=g","contentUrl":"https:\/\/secure.gravatar.com\/avatar\/b88264736bb0bc0d1ea92298aef02c9f98cfc13c7484130c42c663ae484f9462?s=96&d=mm&r=g","caption":"\u00c5ke Bonnier"},"description":"Jag \u00e4r gift och har tv\u00e5 vuxna d\u00f6ttrar. Pr\u00e4stvigdes 1984 och biskopsvigs 26 augusti 2012 . Jag har tidigare bland annat varit, komminister och kyrkoherde i Liding\u00f6 f\u00f6rsamling och domprost i Stockholms domkyrkof\u00f6rsamling. Jag \u00e4r intresserad av konst, litteratur, teater, film. Jag tr\u00e4nar regelbundet p\u00e5 gym. Mitt huvudsakliga musikintresse \u00e4r klassisk musik men ocks\u00e5 Beatles, Elvis Presley, Monika Zettelund, Povel Ramel och m\u00e5nga andra tycker jag om att lyssna p\u00e5. Jag l\u00e4ser f\u00f6r lite sk\u00f6nlitteratur beroende p\u00e5 annat som jag m\u00e5ste l\u00e4sa i mitt uppdrag som biskop. Men jag \u00e4lskar b\u00f6cker. Naturligtvis l\u00e4ser jag n\u00e4st intill dagligdags i \"B\u00f6ckernas Bok.\"","sameAs":["http:\/\/www.skarastift.se"],"url":"https:\/\/blogg.svenskakyrkan.se\/akebonnier\/author\/akebonnier\/"}]}},"author_meta":{"ID":"108","user_nicename":"akebonnier","user_url":"http:\/\/www.skarastift.se","user_registered":"2011-10-11 09:24:48","display_name":"\u00c5ke Bonnier","first_name":"\u00c5ke","last_name":"Bonnier","avatar":"https:\/\/secure.gravatar.com\/avatar\/b88264736bb0bc0d1ea92298aef02c9f98cfc13c7484130c42c663ae484f9462?s=96&d=mm&r=g"},"featured_image":false,"bloginfo":{"name":"\u00c5ke Bonnier","url":"https:\/\/blogg.svenskakyrkan.se\/akebonnier"},"_links":{"self":[{"href":"https:\/\/blogg.svenskakyrkan.se\/akebonnier\/wp-json\/wp\/v2\/posts\/479","targetHints":{"allow":["GET"]}}],"collection":[{"href":"https:\/\/blogg.svenskakyrkan.se\/akebonnier\/wp-json\/wp\/v2\/posts"}],"about":[{"href":"https:\/\/blogg.svenskakyrkan.se\/akebonnier\/wp-json\/wp\/v2\/types\/post"}],"author":[{"embeddable":true,"href":"https:\/\/blogg.svenskakyrkan.se\/akebonnier\/wp-json\/wp\/v2\/users\/108"}],"replies":[{"embeddable":true,"href":"https:\/\/blogg.svenskakyrkan.se\/akebonnier\/wp-json\/wp\/v2\/comments?post=479"}],"version-history":[{"count":0,"href":"https:\/\/blogg.svenskakyrkan.se\/akebonnier\/wp-json\/wp\/v2\/posts\/479\/revisions"}],"wp:attachment":[{"href":"https:\/\/blogg.svenskakyrkan.se\/akebonnier\/wp-json\/wp\/v2\/media?parent=479"}],"wp:term":[{"taxonomy":"category","embeddable":true,"href":"https:\/\/blogg.svenskakyrkan.se\/akebonnier\/wp-json\/wp\/v2\/categories?post=479"},{"taxonomy":"post_tag","embeddable":true,"href":"https:\/\/blogg.svenskakyrkan.se\/akebonnier\/wp-json\/wp\/v2\/tags?post=479"}],"curies":[{"name":"wp","href":"https:\/\/api.w.org\/{rel}","templated":true}]}}