{"id":480,"date":"2010-12-06T22:02:00","date_gmt":"2010-12-06T22:02:00","guid":{"rendered":"http:\/\/blogg.svenskakyrkan.se\/akebonnier\/2010\/12\/06\/en-vison-som-bar\/"},"modified":"2010-12-06T22:02:00","modified_gmt":"2010-12-06T22:02:00","slug":"en-vison-som-bar","status":"publish","type":"post","link":"https:\/\/blogg.svenskakyrkan.se\/akebonnier\/2010\/12\/06\/en-vison-som-bar\/","title":{"rendered":"En vison som b\u00e4r?"},"content":{"rendered":"<p>Jag hopppade in i kv\u00e4ll som samtalsledare p\u00e5 S:ta Katharinastiftelsen p gr av den ordinarie samtalsledarens insjuknande. Feber och f\u00f6rkylning ska man inte dela med sig av till andra. Att f\u00e5 leda samtalet var ov\u00e4ntat roligt (jag var ju s\u00e5 gott som helt of\u00f6rberedd) och jag fick samtala med framtidsforskaren Lorentz Lyttkens och nationalekonomen Anne-Marie P\u00e5lsson. Samtalet handlade om visioner utifr\u00e5n temat &#8221;Visionsl\u00f6st land?&#8221; Diskussionen b\u00f6ljade fram och tillbaka men ganska tidigt slog Lorentz Lyttkens fast att en &#8221;fullt potent&#8221; vision b\u00f6r omfatta f\u00f6ljande 6 punkter:<br \/>1) Den har en transcendent dimension dvs. den \u00e4r tidl\u00f6s och g\u00e5r bortom det sakliga.<br \/>2) Den inbjuder till existentiell och moralisk mening.<br \/>3) Den antyder v\u00e4rden bortom tidens arenor.<br \/>4) Den lockar fram v\u00e5r djupaste l\u00e4ngtan.<br \/>5) Den \u00e4r m\u00e5ngtydig och \u00f6ppen f\u00f6r tolkningar och ber\u00f6r ocks\u00e5 bortom v\u00e5r vardagliga sf\u00e4r.<br \/>6) Den erbjuder extas och kan f\u00e5 m\u00e4nniskor att k\u00e4nna sig &#8221;utom sig&#8221; eller &#8221;bortom sig&#8221;.<\/p>\n<p>N\u00e4r jag lyssnade till utl\u00e4ggningen g\u00e4llande dessa punkter kom jag att t\u00e4nka p\u00e5 en stor vision\u00e4r som f\u00f6rkroppsligade sin vision &#8211; Jesus sj\u00e4lv. Hela hans tal om Guds rike \u00e4r tidl\u00f6s och g\u00e5r bortom allt det sakliga. Gudsrikestanken inbjuder till existentiell och moralisk mening. Den inte bara antyder utan ocks\u00e5 visar p\u00e5 v\u00e4rden bortom tidens arenor &#8211; det eviga livet och de tre grundrelationerna , d v s med Gud, med min medm\u00e4nniska och med mig sj\u00e4lv.Talet om Guds rike, n\u00e4r vi verkligen lyssnar p\u00e5 djupet, lockar fram v\u00e5r djupaste l\u00e4ngtan. Gudsrikestanken \u00e4r p\u00e5 s\u00e4tt och vis m\u00e5ngtydig \u00e4ven om k\u00e4rleken \u00e4r en huvudingrediens. I vissa sammanhang kan extasen komma till uttryck.<\/p>\n<p>Visionen som b\u00e4r \u00e4r en Gudsrikesvision som inte handlar om en gudsstat med religi\u00f6st styre utan en vision d\u00e4r m\u00e4nniskov\u00e4rdet \u00e4r en sj\u00e4lvklarhet hos var och en, ocks\u00e5 det egna v\u00e4rdet, d\u00e4r var och en blir sedd, bekr\u00e4ftad och uppr\u00e4ttad i det sammanhang som han eller hon lever i, d\u00e4r var och en ser att livet \u00e4r st\u00f6rre \u00e4n livets gr\u00e4nser, att Gud \u00e4r, vad teologen Paul Tillich en g\u00e5ng uttryckte: <em>Den som djupaste ber\u00f6r oss<\/em>.Visionen om Guds rike f\u00e5r konsekvenser b\u00e5de i de mellanm\u00e4nskliga relationerna s\u00e5v\u00e4l som i milj\u00f6- och klimatsammanhang.<\/p>\n<p>Men kyrkan m\u00e5ste v\u00e5ga tala tydligare om detta! Kyrkan m\u00e5ste v\u00e5ga tala h\u00f6gt och tydligt om Jesus, v\u00e5ga tala h\u00f6gt och tydligt om det som Jesus sj\u00e4lv drev: Guds rike! Vi \u00e4r ju b\u00e4rare av denna vision, en vision som handlar om en b\u00e4ttre v\u00e4rld, en vision som inte bara handlar om ord utan om handling. \u00c5ter igen, se och bli sedd, bekr\u00e4fta och bli bekr\u00e4ftad, uppr\u00e4tta och bli uppr\u00e4ttad.Enkelt och fruktansv\u00e4rt sv\u00e5rt p\u00e5 en g\u00e5ng men en vision och ett uppdrag som f\u00e5r b\u00e4ra oss och utmana oss.<\/p>\n<p>Kyrkan f\u00e5r inte tiga f\u00f6r d\u00e5 sviker vi!<\/p>\n<div class=\"blogger-post-footer\"><img width='1' height='1' src='https:\/\/blogger.googleusercontent.com\/tracker\/9055441369901436026-7238525578555992044?l=akebonnier.blogspot.com' alt='' \/><\/div>\n","protected":false},"excerpt":{"rendered":"<p>Jag hopppade in i kv\u00e4ll som samtalsledare p\u00e5 S:ta Katharinastiftelsen p gr av den ordinarie samtalsledarens insjuknande. Feber och f\u00f6rkylning ska man inte dela med sig av till andra. Att f\u00e5 leda samtalet var ov\u00e4ntat roligt (jag var ju s\u00e5 gott som helt of\u00f6rberedd) och jag fick samtala med framtidsforskaren Lorentz Lyttkens och nationalekonomen Anne-Marie [&hellip;]<\/p>\n","protected":false},"author":108,"featured_media":0,"comment_status":"open","ping_status":"open","sticky":false,"template":"","format":"standard","meta":{"_acf_changed":false,"footnotes":""},"categories":[16452],"tags":[],"class_list":["post-480","post","type-post","status-publish","format-standard","hentry","category-en-vison-som-bar"],"acf":[],"yoast_head":"<!-- This site is optimized with the Yoast SEO plugin v27.1.1 - https:\/\/yoast.com\/product\/yoast-seo-wordpress\/ -->\n<title>En vison som b\u00e4r? - \u00c5ke Bonnier<\/title>\n<meta name=\"robots\" content=\"index, follow, max-snippet:-1, max-image-preview:large, max-video-preview:-1\" \/>\n<link rel=\"canonical\" href=\"https:\/\/blogg.svenskakyrkan.se\/akebonnier\/2010\/12\/06\/en-vison-som-bar\/\" \/>\n<meta property=\"og:locale\" content=\"sv_SE\" \/>\n<meta property=\"og:type\" content=\"article\" \/>\n<meta property=\"og:title\" content=\"En vison som b\u00e4r? - \u00c5ke Bonnier\" \/>\n<meta property=\"og:description\" content=\"Jag hopppade in i kv\u00e4ll som samtalsledare p\u00e5 S:ta Katharinastiftelsen p gr av den ordinarie samtalsledarens insjuknande. Feber och f\u00f6rkylning ska man inte dela med sig av till andra. Att f\u00e5 leda samtalet var ov\u00e4ntat roligt (jag var ju s\u00e5 gott som helt of\u00f6rberedd) och jag fick samtala med framtidsforskaren Lorentz Lyttkens och nationalekonomen Anne-Marie [&hellip;]\" \/>\n<meta property=\"og:url\" content=\"https:\/\/blogg.svenskakyrkan.se\/akebonnier\/2010\/12\/06\/en-vison-som-bar\/\" \/>\n<meta property=\"og:site_name\" content=\"\u00c5ke Bonnier\" \/>\n<meta property=\"article:published_time\" content=\"2010-12-06T22:02:00+00:00\" \/>\n<meta property=\"og:image\" content=\"https:\/\/blogger.googleusercontent.com\/tracker\/9055441369901436026-7238525578555992044?l=akebonnier.blogspot.com\" \/>\n<meta name=\"author\" content=\"\u00c5ke Bonnier\" \/>\n<meta name=\"twitter:card\" content=\"summary_large_image\" \/>\n<meta name=\"twitter:label1\" content=\"Skriven av\" \/>\n\t<meta name=\"twitter:data1\" content=\"\u00c5ke Bonnier\" \/>\n\t<meta name=\"twitter:label2\" content=\"Ber\u00e4knad l\u00e4stid\" \/>\n\t<meta name=\"twitter:data2\" content=\"3 minuter\" \/>\n<script type=\"application\/ld+json\" class=\"yoast-schema-graph\">{\"@context\":\"https:\/\/schema.org\",\"@graph\":[{\"@type\":\"Article\",\"@id\":\"https:\/\/blogg.svenskakyrkan.se\/akebonnier\/2010\/12\/06\/en-vison-som-bar\/#article\",\"isPartOf\":{\"@id\":\"https:\/\/blogg.svenskakyrkan.se\/akebonnier\/2010\/12\/06\/en-vison-som-bar\/\"},\"author\":{\"name\":\"\u00c5ke Bonnier\",\"@id\":\"https:\/\/blogg.svenskakyrkan.se\/akebonnier\/#\/schema\/person\/8db68bc0c94f6a5a62df2d4486ff1343\"},\"headline\":\"En vison som b\u00e4r?\",\"datePublished\":\"2010-12-06T22:02:00+00:00\",\"mainEntityOfPage\":{\"@id\":\"https:\/\/blogg.svenskakyrkan.se\/akebonnier\/2010\/12\/06\/en-vison-som-bar\/\"},\"wordCount\":539,\"commentCount\":2,\"image\":{\"@id\":\"https:\/\/blogg.svenskakyrkan.se\/akebonnier\/2010\/12\/06\/en-vison-som-bar\/#primaryimage\"},\"thumbnailUrl\":\"https:\/\/blogger.googleusercontent.com\/tracker\/9055441369901436026-7238525578555992044?l=akebonnier.blogspot.com\",\"articleSection\":[\"En vison som b\u00e4r\"],\"inLanguage\":\"sv-SE\",\"potentialAction\":[{\"@type\":\"CommentAction\",\"name\":\"Comment\",\"target\":[\"https:\/\/blogg.svenskakyrkan.se\/akebonnier\/2010\/12\/06\/en-vison-som-bar\/#respond\"]}]},{\"@type\":\"WebPage\",\"@id\":\"https:\/\/blogg.svenskakyrkan.se\/akebonnier\/2010\/12\/06\/en-vison-som-bar\/\",\"url\":\"https:\/\/blogg.svenskakyrkan.se\/akebonnier\/2010\/12\/06\/en-vison-som-bar\/\",\"name\":\"En vison som b\u00e4r? - \u00c5ke Bonnier\",\"isPartOf\":{\"@id\":\"https:\/\/blogg.svenskakyrkan.se\/akebonnier\/#website\"},\"primaryImageOfPage\":{\"@id\":\"https:\/\/blogg.svenskakyrkan.se\/akebonnier\/2010\/12\/06\/en-vison-som-bar\/#primaryimage\"},\"image\":{\"@id\":\"https:\/\/blogg.svenskakyrkan.se\/akebonnier\/2010\/12\/06\/en-vison-som-bar\/#primaryimage\"},\"thumbnailUrl\":\"https:\/\/blogger.googleusercontent.com\/tracker\/9055441369901436026-7238525578555992044?l=akebonnier.blogspot.com\",\"datePublished\":\"2010-12-06T22:02:00+00:00\",\"author\":{\"@id\":\"https:\/\/blogg.svenskakyrkan.se\/akebonnier\/#\/schema\/person\/8db68bc0c94f6a5a62df2d4486ff1343\"},\"breadcrumb\":{\"@id\":\"https:\/\/blogg.svenskakyrkan.se\/akebonnier\/2010\/12\/06\/en-vison-som-bar\/#breadcrumb\"},\"inLanguage\":\"sv-SE\",\"potentialAction\":[{\"@type\":\"ReadAction\",\"target\":[\"https:\/\/blogg.svenskakyrkan.se\/akebonnier\/2010\/12\/06\/en-vison-som-bar\/\"]}]},{\"@type\":\"ImageObject\",\"inLanguage\":\"sv-SE\",\"@id\":\"https:\/\/blogg.svenskakyrkan.se\/akebonnier\/2010\/12\/06\/en-vison-som-bar\/#primaryimage\",\"url\":\"https:\/\/blogger.googleusercontent.com\/tracker\/9055441369901436026-7238525578555992044?l=akebonnier.blogspot.com\",\"contentUrl\":\"https:\/\/blogger.googleusercontent.com\/tracker\/9055441369901436026-7238525578555992044?l=akebonnier.blogspot.com\"},{\"@type\":\"BreadcrumbList\",\"@id\":\"https:\/\/blogg.svenskakyrkan.se\/akebonnier\/2010\/12\/06\/en-vison-som-bar\/#breadcrumb\",\"itemListElement\":[{\"@type\":\"ListItem\",\"position\":1,\"name\":\"Hem\",\"item\":\"https:\/\/blogg.svenskakyrkan.se\/akebonnier\/\"},{\"@type\":\"ListItem\",\"position\":2,\"name\":\"En vison som b\u00e4r?\"}]},{\"@type\":\"WebSite\",\"@id\":\"https:\/\/blogg.svenskakyrkan.se\/akebonnier\/#website\",\"url\":\"https:\/\/blogg.svenskakyrkan.se\/akebonnier\/\",\"name\":\"\u00c5ke Bonnier\",\"description\":\"Biskop i Svenska kyrkan - Skara stift\",\"potentialAction\":[{\"@type\":\"SearchAction\",\"target\":{\"@type\":\"EntryPoint\",\"urlTemplate\":\"https:\/\/blogg.svenskakyrkan.se\/akebonnier\/?s={search_term_string}\"},\"query-input\":{\"@type\":\"PropertyValueSpecification\",\"valueRequired\":true,\"valueName\":\"search_term_string\"}}],\"inLanguage\":\"sv-SE\"},{\"@type\":\"Person\",\"@id\":\"https:\/\/blogg.svenskakyrkan.se\/akebonnier\/#\/schema\/person\/8db68bc0c94f6a5a62df2d4486ff1343\",\"name\":\"\u00c5ke Bonnier\",\"image\":{\"@type\":\"ImageObject\",\"inLanguage\":\"sv-SE\",\"@id\":\"https:\/\/blogg.svenskakyrkan.se\/akebonnier\/#\/schema\/person\/image\/\",\"url\":\"https:\/\/secure.gravatar.com\/avatar\/b88264736bb0bc0d1ea92298aef02c9f98cfc13c7484130c42c663ae484f9462?s=96&d=mm&r=g\",\"contentUrl\":\"https:\/\/secure.gravatar.com\/avatar\/b88264736bb0bc0d1ea92298aef02c9f98cfc13c7484130c42c663ae484f9462?s=96&d=mm&r=g\",\"caption\":\"\u00c5ke Bonnier\"},\"description\":\"Jag \u00e4r gift och har tv\u00e5 vuxna d\u00f6ttrar. Pr\u00e4stvigdes 1984 och biskopsvigs 26 augusti 2012 . Jag har tidigare bland annat varit, komminister och kyrkoherde i Liding\u00f6 f\u00f6rsamling och domprost i Stockholms domkyrkof\u00f6rsamling. Jag \u00e4r intresserad av konst, litteratur, teater, film. Jag tr\u00e4nar regelbundet p\u00e5 gym. Mitt huvudsakliga musikintresse \u00e4r klassisk musik men ocks\u00e5 Beatles, Elvis Presley, Monika Zettelund, Povel Ramel och m\u00e5nga andra tycker jag om att lyssna p\u00e5. Jag l\u00e4ser f\u00f6r lite sk\u00f6nlitteratur beroende p\u00e5 annat som jag m\u00e5ste l\u00e4sa i mitt uppdrag som biskop. Men jag \u00e4lskar b\u00f6cker. Naturligtvis l\u00e4ser jag n\u00e4st intill dagligdags i \\\"B\u00f6ckernas Bok.\\\"\",\"sameAs\":[\"http:\/\/www.skarastift.se\"],\"url\":\"https:\/\/blogg.svenskakyrkan.se\/akebonnier\/author\/akebonnier\/\"}]}<\/script>\n<!-- \/ Yoast SEO plugin. -->","yoast_head_json":{"title":"En vison som b\u00e4r? - \u00c5ke Bonnier","robots":{"index":"index","follow":"follow","max-snippet":"max-snippet:-1","max-image-preview":"max-image-preview:large","max-video-preview":"max-video-preview:-1"},"canonical":"https:\/\/blogg.svenskakyrkan.se\/akebonnier\/2010\/12\/06\/en-vison-som-bar\/","og_locale":"sv_SE","og_type":"article","og_title":"En vison som b\u00e4r? - \u00c5ke Bonnier","og_description":"Jag hopppade in i kv\u00e4ll som samtalsledare p\u00e5 S:ta Katharinastiftelsen p gr av den ordinarie samtalsledarens insjuknande. Feber och f\u00f6rkylning ska man inte dela med sig av till andra. Att f\u00e5 leda samtalet var ov\u00e4ntat roligt (jag var ju s\u00e5 gott som helt of\u00f6rberedd) och jag fick samtala med framtidsforskaren Lorentz Lyttkens och nationalekonomen Anne-Marie [&hellip;]","og_url":"https:\/\/blogg.svenskakyrkan.se\/akebonnier\/2010\/12\/06\/en-vison-som-bar\/","og_site_name":"\u00c5ke Bonnier","article_published_time":"2010-12-06T22:02:00+00:00","og_image":[{"url":"https:\/\/blogger.googleusercontent.com\/tracker\/9055441369901436026-7238525578555992044?l=akebonnier.blogspot.com","type":"","width":"","height":""}],"author":"\u00c5ke Bonnier","twitter_card":"summary_large_image","twitter_misc":{"Skriven av":"\u00c5ke Bonnier","Ber\u00e4knad l\u00e4stid":"3 minuter"},"schema":{"@context":"https:\/\/schema.org","@graph":[{"@type":"Article","@id":"https:\/\/blogg.svenskakyrkan.se\/akebonnier\/2010\/12\/06\/en-vison-som-bar\/#article","isPartOf":{"@id":"https:\/\/blogg.svenskakyrkan.se\/akebonnier\/2010\/12\/06\/en-vison-som-bar\/"},"author":{"name":"\u00c5ke Bonnier","@id":"https:\/\/blogg.svenskakyrkan.se\/akebonnier\/#\/schema\/person\/8db68bc0c94f6a5a62df2d4486ff1343"},"headline":"En vison som b\u00e4r?","datePublished":"2010-12-06T22:02:00+00:00","mainEntityOfPage":{"@id":"https:\/\/blogg.svenskakyrkan.se\/akebonnier\/2010\/12\/06\/en-vison-som-bar\/"},"wordCount":539,"commentCount":2,"image":{"@id":"https:\/\/blogg.svenskakyrkan.se\/akebonnier\/2010\/12\/06\/en-vison-som-bar\/#primaryimage"},"thumbnailUrl":"https:\/\/blogger.googleusercontent.com\/tracker\/9055441369901436026-7238525578555992044?l=akebonnier.blogspot.com","articleSection":["En vison som b\u00e4r"],"inLanguage":"sv-SE","potentialAction":[{"@type":"CommentAction","name":"Comment","target":["https:\/\/blogg.svenskakyrkan.se\/akebonnier\/2010\/12\/06\/en-vison-som-bar\/#respond"]}]},{"@type":"WebPage","@id":"https:\/\/blogg.svenskakyrkan.se\/akebonnier\/2010\/12\/06\/en-vison-som-bar\/","url":"https:\/\/blogg.svenskakyrkan.se\/akebonnier\/2010\/12\/06\/en-vison-som-bar\/","name":"En vison som b\u00e4r? - \u00c5ke Bonnier","isPartOf":{"@id":"https:\/\/blogg.svenskakyrkan.se\/akebonnier\/#website"},"primaryImageOfPage":{"@id":"https:\/\/blogg.svenskakyrkan.se\/akebonnier\/2010\/12\/06\/en-vison-som-bar\/#primaryimage"},"image":{"@id":"https:\/\/blogg.svenskakyrkan.se\/akebonnier\/2010\/12\/06\/en-vison-som-bar\/#primaryimage"},"thumbnailUrl":"https:\/\/blogger.googleusercontent.com\/tracker\/9055441369901436026-7238525578555992044?l=akebonnier.blogspot.com","datePublished":"2010-12-06T22:02:00+00:00","author":{"@id":"https:\/\/blogg.svenskakyrkan.se\/akebonnier\/#\/schema\/person\/8db68bc0c94f6a5a62df2d4486ff1343"},"breadcrumb":{"@id":"https:\/\/blogg.svenskakyrkan.se\/akebonnier\/2010\/12\/06\/en-vison-som-bar\/#breadcrumb"},"inLanguage":"sv-SE","potentialAction":[{"@type":"ReadAction","target":["https:\/\/blogg.svenskakyrkan.se\/akebonnier\/2010\/12\/06\/en-vison-som-bar\/"]}]},{"@type":"ImageObject","inLanguage":"sv-SE","@id":"https:\/\/blogg.svenskakyrkan.se\/akebonnier\/2010\/12\/06\/en-vison-som-bar\/#primaryimage","url":"https:\/\/blogger.googleusercontent.com\/tracker\/9055441369901436026-7238525578555992044?l=akebonnier.blogspot.com","contentUrl":"https:\/\/blogger.googleusercontent.com\/tracker\/9055441369901436026-7238525578555992044?l=akebonnier.blogspot.com"},{"@type":"BreadcrumbList","@id":"https:\/\/blogg.svenskakyrkan.se\/akebonnier\/2010\/12\/06\/en-vison-som-bar\/#breadcrumb","itemListElement":[{"@type":"ListItem","position":1,"name":"Hem","item":"https:\/\/blogg.svenskakyrkan.se\/akebonnier\/"},{"@type":"ListItem","position":2,"name":"En vison som b\u00e4r?"}]},{"@type":"WebSite","@id":"https:\/\/blogg.svenskakyrkan.se\/akebonnier\/#website","url":"https:\/\/blogg.svenskakyrkan.se\/akebonnier\/","name":"\u00c5ke Bonnier","description":"Biskop i Svenska kyrkan - Skara stift","potentialAction":[{"@type":"SearchAction","target":{"@type":"EntryPoint","urlTemplate":"https:\/\/blogg.svenskakyrkan.se\/akebonnier\/?s={search_term_string}"},"query-input":{"@type":"PropertyValueSpecification","valueRequired":true,"valueName":"search_term_string"}}],"inLanguage":"sv-SE"},{"@type":"Person","@id":"https:\/\/blogg.svenskakyrkan.se\/akebonnier\/#\/schema\/person\/8db68bc0c94f6a5a62df2d4486ff1343","name":"\u00c5ke Bonnier","image":{"@type":"ImageObject","inLanguage":"sv-SE","@id":"https:\/\/blogg.svenskakyrkan.se\/akebonnier\/#\/schema\/person\/image\/","url":"https:\/\/secure.gravatar.com\/avatar\/b88264736bb0bc0d1ea92298aef02c9f98cfc13c7484130c42c663ae484f9462?s=96&d=mm&r=g","contentUrl":"https:\/\/secure.gravatar.com\/avatar\/b88264736bb0bc0d1ea92298aef02c9f98cfc13c7484130c42c663ae484f9462?s=96&d=mm&r=g","caption":"\u00c5ke Bonnier"},"description":"Jag \u00e4r gift och har tv\u00e5 vuxna d\u00f6ttrar. Pr\u00e4stvigdes 1984 och biskopsvigs 26 augusti 2012 . Jag har tidigare bland annat varit, komminister och kyrkoherde i Liding\u00f6 f\u00f6rsamling och domprost i Stockholms domkyrkof\u00f6rsamling. Jag \u00e4r intresserad av konst, litteratur, teater, film. Jag tr\u00e4nar regelbundet p\u00e5 gym. Mitt huvudsakliga musikintresse \u00e4r klassisk musik men ocks\u00e5 Beatles, Elvis Presley, Monika Zettelund, Povel Ramel och m\u00e5nga andra tycker jag om att lyssna p\u00e5. Jag l\u00e4ser f\u00f6r lite sk\u00f6nlitteratur beroende p\u00e5 annat som jag m\u00e5ste l\u00e4sa i mitt uppdrag som biskop. Men jag \u00e4lskar b\u00f6cker. Naturligtvis l\u00e4ser jag n\u00e4st intill dagligdags i \"B\u00f6ckernas Bok.\"","sameAs":["http:\/\/www.skarastift.se"],"url":"https:\/\/blogg.svenskakyrkan.se\/akebonnier\/author\/akebonnier\/"}]}},"author_meta":{"ID":"108","user_nicename":"akebonnier","user_url":"http:\/\/www.skarastift.se","user_registered":"2011-10-11 09:24:48","display_name":"\u00c5ke Bonnier","first_name":"\u00c5ke","last_name":"Bonnier","avatar":"https:\/\/secure.gravatar.com\/avatar\/b88264736bb0bc0d1ea92298aef02c9f98cfc13c7484130c42c663ae484f9462?s=96&d=mm&r=g"},"featured_image":false,"bloginfo":{"name":"\u00c5ke Bonnier","url":"https:\/\/blogg.svenskakyrkan.se\/akebonnier"},"_links":{"self":[{"href":"https:\/\/blogg.svenskakyrkan.se\/akebonnier\/wp-json\/wp\/v2\/posts\/480","targetHints":{"allow":["GET"]}}],"collection":[{"href":"https:\/\/blogg.svenskakyrkan.se\/akebonnier\/wp-json\/wp\/v2\/posts"}],"about":[{"href":"https:\/\/blogg.svenskakyrkan.se\/akebonnier\/wp-json\/wp\/v2\/types\/post"}],"author":[{"embeddable":true,"href":"https:\/\/blogg.svenskakyrkan.se\/akebonnier\/wp-json\/wp\/v2\/users\/108"}],"replies":[{"embeddable":true,"href":"https:\/\/blogg.svenskakyrkan.se\/akebonnier\/wp-json\/wp\/v2\/comments?post=480"}],"version-history":[{"count":0,"href":"https:\/\/blogg.svenskakyrkan.se\/akebonnier\/wp-json\/wp\/v2\/posts\/480\/revisions"}],"wp:attachment":[{"href":"https:\/\/blogg.svenskakyrkan.se\/akebonnier\/wp-json\/wp\/v2\/media?parent=480"}],"wp:term":[{"taxonomy":"category","embeddable":true,"href":"https:\/\/blogg.svenskakyrkan.se\/akebonnier\/wp-json\/wp\/v2\/categories?post=480"},{"taxonomy":"post_tag","embeddable":true,"href":"https:\/\/blogg.svenskakyrkan.se\/akebonnier\/wp-json\/wp\/v2\/tags?post=480"}],"curies":[{"name":"wp","href":"https:\/\/api.w.org\/{rel}","templated":true}]}}