{"id":481,"date":"2010-12-08T07:06:00","date_gmt":"2010-12-08T07:06:00","guid":{"rendered":"http:\/\/blogg.svenskakyrkan.se\/akebonnier\/2010\/12\/08\/visst-vill-jag-be-med-er-men\/"},"modified":"2010-12-08T07:06:00","modified_gmt":"2010-12-08T07:06:00","slug":"visst-vill-jag-be-med-er-men","status":"publish","type":"post","link":"https:\/\/blogg.svenskakyrkan.se\/akebonnier\/2010\/12\/08\/visst-vill-jag-be-med-er-men\/","title":{"rendered":"Visst vill jag be med Er, men&#8230;"},"content":{"rendered":"<p>&#8221;Be med oss&#8221; uppmanar biskopen i Stockholms katolska stift Anders Arborelius, \u00e4rkebiskop Benjamin Atas i Syrisk-ortodoxa kyrkan, pastor Ulf Ekman fr\u00e5n Livets ord och pastor Sten-Gunnar Hedin fr\u00e5n Pingstr\u00f6relsen i g\u00e5rdagens nummer av tidningen Dagen (<a href=\"http:\/\/www.dagen.se\/dagen\/article.aspx?id=237887\">http:\/\/www.dagen.se\/dagen\/article.aspx?id=237887<\/a>). Det \u00e4r roligt och viktigt n\u00e4r ledare fr\u00e5n olika trostraditioner inom den kristna familjen g\u00e5r samman i upprop f\u00f6r angel\u00e4gna saker och min f\u00f6rsta reaktion var entusiastisk. Man uppmanar till gemensam b\u00f6n f\u00f6r livet och menar att vi alla ska fira Livets s\u00f6ndag nu p\u00e5 s\u00f6ndag. Det g\u00f6r jag g\u00e4rna men livet \u00e4r inte enkelt och det vet ju de fyra kyrkoledarna ocks\u00e5. Att be f\u00f6r livet blir i deras tapponing ocks\u00e5 till en protest mot d\u00f6dsstraff, aktiv d\u00f6dshj\u00e4lp och abort.<\/p>\n<p>D\u00f6dsstraf och aktiv d\u00f6dshj\u00e4lp vill jag ocks\u00e5 protestera mot men protesten mot abort har jag sv\u00e5rt att st\u00e4lla upp. Fyra manliga kyrkoledare vill tala om hur m\u00e5nga unga flickors liv ska vara. Visst ska kyrkan h\u00e5lla fram etiska riktlinjer, visst ska kyrkan st\u00e5 upp f\u00f6r m\u00e4nniskov\u00e4rde, st\u00e5 upp f\u00f6r livets skull i olika sammanhang men sj\u00e4lva abort fr\u00e5gan \u00e4r s\u00e5 mycket mer komplicerad. En ung flicka som \u00e4r drabbad av ofrivillig graviditet och som vare sig vill eller kan ta emot ett barn &#8211; ska hon d\u00e5 tvingas till det? En kvinna som blivit utsatt f\u00f6r v\u00e5ldt\u00e4ckt och blivit gravid &#8211; ska hon tvingas att f\u00f6da ett barn? En familj med barn med grava funktionshinder och utvecklingsst\u00f6rning, ska de tvingas ta emot ett nytt barn med kromosomf\u00f6r\u00e4ndringar? N\u00e4r b\u00f6rjar livet? \u00c4r det i konceptions\u00f6gonblicket? \u00c4r det n\u00e4r hj\u00e4rtat b\u00f6rjar sl\u00e5? \u00c4r det n\u00e4r fostret i princip kan r\u00e4ddas? Det \u00e4r naturligtvis l\u00e4tt att s\u00e4ga att livet b\u00f6rjar i konceptions\u00f6gonblicket och att liv aldrig f\u00e5r hindras. D\u00e5 ska man heller inte anv\u00e4nda preventivmedel. P\u00e5ven har ju i och f\u00f6r sig sagt att det \u00e4r till\u00e5tet med kondomer i vissa speciella fall men regeln \u00e4r fortfarande nej till preventivmedel. Livet m\u00e5ste alltid g\u00e5 f\u00f6re ocks\u00e5 i det sexuella sammanhanget. Livet f\u00e5r inte stoppas. Med den synen \u00e4r det f\u00f6ljdriktigt att vara emot abort. Jag delar inte den synen.<\/p>\n<p>Abort \u00e4r inte n\u00e5got enkelt. M\u00e5nga unga flickor drabbas av \u00e4rr, inte i livmodern, men i sj\u00e4len. Det \u00e4r inte bara att skrapa lite p\u00e5 en fysisk yta, man skrapar ocks\u00e5 lite p\u00e5 en inre sj\u00e4lslig yta i m\u00e5nga fall. Tankar efter\u00e5t kan ligga och mala. &#8221;Jag kunde ha haft ett barn i samma \u00e5lder som det som ligger i barnvagnen d\u00e4r borta.&#8221; Processen \u00e4r i m\u00e5nga fall l\u00e5ng innan man beslutar sig f\u00f6r abort. Ingen vill abort men ibland \u00e4r aborten det minst d\u00e5liga beslutet.<\/p>\n<p>L\u00e5t oss be f\u00f6r alla kvinnor, unga och \u00e4ldre, som \u00e4r med om aborten. L\u00e5t oss be att de ska f\u00e5 styrka och gl\u00e4dje att g\u00e5 vidare i livet, att deras inre \u00e4rr ocks\u00e5 kan leda till n\u00e5got gott, trots sm\u00e4rtan. L\u00e5t oss tillsammans st\u00f6dja och uppmuntra klok preventivmedelsanv\u00e4ndning.<\/p>\n<p>Biskop Anders, \u00e4rkebiskop Benjamin, pastor Ulf och pastor Sten-Gunnar, visst vill jag be med Er, men min b\u00f6n kommer att vara modifierad. Jag vill be med Er f\u00f6r de kvinnor och barn som exploateras, som &#8221;p\u00e5 olika s\u00e4tt missbrukas misshandlas och uts\u00e4tts f\u00f6r f\u00f6rnedring&#8221;. Jag vill be med Er att d\u00f6dsstraff i alla l\u00e4nder m\u00e5 avskaffas. Jag vill be med Er att den aktiva d\u00f6dshj\u00e4lpen aldrig blir en verklighet i Sverige och att den synen f\u00e5r vara en syn som r\u00e5der i v\u00e5r m\u00e4nskliga v\u00e4rld. Jag vill be, f\u00f6rhoppningsvis med er, f\u00f6r de kvinnor i olika \u00e5ldrar som inte ser n\u00e5gon annan v\u00e4g fram\u00e5t \u00e4n att vara med om en abort, att Gud ska vara med dem i deras sm\u00e4rta, att Gud ska leda dem vidare, att Gud ska ge dem styrka ocks\u00e5 i det sv\u00e5ra.<\/p>\n<p>Amen!<\/p>\n<div class=\"blogger-post-footer\"><img width='1' height='1' src='https:\/\/blogger.googleusercontent.com\/tracker\/9055441369901436026-490969838867847139?l=akebonnier.blogspot.com' alt='' \/><\/div>\n","protected":false},"excerpt":{"rendered":"<p>&#8221;Be med oss&#8221; uppmanar biskopen i Stockholms katolska stift Anders Arborelius, \u00e4rkebiskop Benjamin Atas i Syrisk-ortodoxa kyrkan, pastor Ulf Ekman fr\u00e5n Livets ord och pastor Sten-Gunnar Hedin fr\u00e5n Pingstr\u00f6relsen i g\u00e5rdagens nummer av tidningen Dagen (http:\/\/www.dagen.se\/dagen\/article.aspx?id=237887). Det \u00e4r roligt och viktigt n\u00e4r ledare fr\u00e5n olika trostraditioner inom den kristna familjen g\u00e5r samman i upprop f\u00f6r [&hellip;]<\/p>\n","protected":false},"author":108,"featured_media":0,"comment_status":"open","ping_status":"open","sticky":false,"template":"","format":"standard","meta":{"_acf_changed":false,"footnotes":""},"categories":[16028,16453],"tags":[],"class_list":["post-481","post","type-post","status-publish","format-standard","hentry","category-men","category-visst-vill-jag-be-med-er"],"acf":[],"yoast_head":"<!-- This site is optimized with the Yoast SEO plugin v27.1.1 - https:\/\/yoast.com\/product\/yoast-seo-wordpress\/ -->\n<title>Visst vill jag be med Er, men... - \u00c5ke Bonnier<\/title>\n<meta name=\"robots\" content=\"index, follow, max-snippet:-1, max-image-preview:large, max-video-preview:-1\" \/>\n<link rel=\"canonical\" href=\"https:\/\/blogg.svenskakyrkan.se\/akebonnier\/2010\/12\/08\/visst-vill-jag-be-med-er-men\/\" \/>\n<meta property=\"og:locale\" content=\"sv_SE\" \/>\n<meta property=\"og:type\" content=\"article\" \/>\n<meta property=\"og:title\" content=\"Visst vill jag be med Er, men... - \u00c5ke Bonnier\" \/>\n<meta property=\"og:description\" content=\"&#8221;Be med oss&#8221; uppmanar biskopen i Stockholms katolska stift Anders Arborelius, \u00e4rkebiskop Benjamin Atas i Syrisk-ortodoxa kyrkan, pastor Ulf Ekman fr\u00e5n Livets ord och pastor Sten-Gunnar Hedin fr\u00e5n Pingstr\u00f6relsen i g\u00e5rdagens nummer av tidningen Dagen (http:\/\/www.dagen.se\/dagen\/article.aspx?id=237887). Det \u00e4r roligt och viktigt n\u00e4r ledare fr\u00e5n olika trostraditioner inom den kristna familjen g\u00e5r samman i upprop f\u00f6r [&hellip;]\" \/>\n<meta property=\"og:url\" content=\"https:\/\/blogg.svenskakyrkan.se\/akebonnier\/2010\/12\/08\/visst-vill-jag-be-med-er-men\/\" \/>\n<meta property=\"og:site_name\" content=\"\u00c5ke Bonnier\" \/>\n<meta property=\"article:published_time\" content=\"2010-12-08T07:06:00+00:00\" \/>\n<meta property=\"og:image\" content=\"https:\/\/blogger.googleusercontent.com\/tracker\/9055441369901436026-490969838867847139?l=akebonnier.blogspot.com\" \/>\n<meta name=\"author\" content=\"\u00c5ke Bonnier\" \/>\n<meta name=\"twitter:card\" content=\"summary_large_image\" \/>\n<meta name=\"twitter:label1\" content=\"Skriven av\" \/>\n\t<meta name=\"twitter:data1\" content=\"\u00c5ke Bonnier\" \/>\n\t<meta name=\"twitter:label2\" content=\"Ber\u00e4knad l\u00e4stid\" \/>\n\t<meta name=\"twitter:data2\" content=\"4 minuter\" \/>\n<script type=\"application\/ld+json\" class=\"yoast-schema-graph\">{\"@context\":\"https:\/\/schema.org\",\"@graph\":[{\"@type\":\"Article\",\"@id\":\"https:\/\/blogg.svenskakyrkan.se\/akebonnier\/2010\/12\/08\/visst-vill-jag-be-med-er-men\/#article\",\"isPartOf\":{\"@id\":\"https:\/\/blogg.svenskakyrkan.se\/akebonnier\/2010\/12\/08\/visst-vill-jag-be-med-er-men\/\"},\"author\":{\"name\":\"\u00c5ke Bonnier\",\"@id\":\"https:\/\/blogg.svenskakyrkan.se\/akebonnier\/#\/schema\/person\/8db68bc0c94f6a5a62df2d4486ff1343\"},\"headline\":\"Visst vill jag be med Er, men&#8230;\",\"datePublished\":\"2010-12-08T07:06:00+00:00\",\"mainEntityOfPage\":{\"@id\":\"https:\/\/blogg.svenskakyrkan.se\/akebonnier\/2010\/12\/08\/visst-vill-jag-be-med-er-men\/\"},\"wordCount\":732,\"commentCount\":49,\"image\":{\"@id\":\"https:\/\/blogg.svenskakyrkan.se\/akebonnier\/2010\/12\/08\/visst-vill-jag-be-med-er-men\/#primaryimage\"},\"thumbnailUrl\":\"https:\/\/blogger.googleusercontent.com\/tracker\/9055441369901436026-490969838867847139?l=akebonnier.blogspot.com\",\"articleSection\":[\"men...\",\"Visst vill jag be med Er\"],\"inLanguage\":\"sv-SE\",\"potentialAction\":[{\"@type\":\"CommentAction\",\"name\":\"Comment\",\"target\":[\"https:\/\/blogg.svenskakyrkan.se\/akebonnier\/2010\/12\/08\/visst-vill-jag-be-med-er-men\/#respond\"]}]},{\"@type\":\"WebPage\",\"@id\":\"https:\/\/blogg.svenskakyrkan.se\/akebonnier\/2010\/12\/08\/visst-vill-jag-be-med-er-men\/\",\"url\":\"https:\/\/blogg.svenskakyrkan.se\/akebonnier\/2010\/12\/08\/visst-vill-jag-be-med-er-men\/\",\"name\":\"Visst vill jag be med Er, men... - \u00c5ke Bonnier\",\"isPartOf\":{\"@id\":\"https:\/\/blogg.svenskakyrkan.se\/akebonnier\/#website\"},\"primaryImageOfPage\":{\"@id\":\"https:\/\/blogg.svenskakyrkan.se\/akebonnier\/2010\/12\/08\/visst-vill-jag-be-med-er-men\/#primaryimage\"},\"image\":{\"@id\":\"https:\/\/blogg.svenskakyrkan.se\/akebonnier\/2010\/12\/08\/visst-vill-jag-be-med-er-men\/#primaryimage\"},\"thumbnailUrl\":\"https:\/\/blogger.googleusercontent.com\/tracker\/9055441369901436026-490969838867847139?l=akebonnier.blogspot.com\",\"datePublished\":\"2010-12-08T07:06:00+00:00\",\"author\":{\"@id\":\"https:\/\/blogg.svenskakyrkan.se\/akebonnier\/#\/schema\/person\/8db68bc0c94f6a5a62df2d4486ff1343\"},\"breadcrumb\":{\"@id\":\"https:\/\/blogg.svenskakyrkan.se\/akebonnier\/2010\/12\/08\/visst-vill-jag-be-med-er-men\/#breadcrumb\"},\"inLanguage\":\"sv-SE\",\"potentialAction\":[{\"@type\":\"ReadAction\",\"target\":[\"https:\/\/blogg.svenskakyrkan.se\/akebonnier\/2010\/12\/08\/visst-vill-jag-be-med-er-men\/\"]}]},{\"@type\":\"ImageObject\",\"inLanguage\":\"sv-SE\",\"@id\":\"https:\/\/blogg.svenskakyrkan.se\/akebonnier\/2010\/12\/08\/visst-vill-jag-be-med-er-men\/#primaryimage\",\"url\":\"https:\/\/blogger.googleusercontent.com\/tracker\/9055441369901436026-490969838867847139?l=akebonnier.blogspot.com\",\"contentUrl\":\"https:\/\/blogger.googleusercontent.com\/tracker\/9055441369901436026-490969838867847139?l=akebonnier.blogspot.com\"},{\"@type\":\"BreadcrumbList\",\"@id\":\"https:\/\/blogg.svenskakyrkan.se\/akebonnier\/2010\/12\/08\/visst-vill-jag-be-med-er-men\/#breadcrumb\",\"itemListElement\":[{\"@type\":\"ListItem\",\"position\":1,\"name\":\"Hem\",\"item\":\"https:\/\/blogg.svenskakyrkan.se\/akebonnier\/\"},{\"@type\":\"ListItem\",\"position\":2,\"name\":\"Visst vill jag be med Er, men&#8230;\"}]},{\"@type\":\"WebSite\",\"@id\":\"https:\/\/blogg.svenskakyrkan.se\/akebonnier\/#website\",\"url\":\"https:\/\/blogg.svenskakyrkan.se\/akebonnier\/\",\"name\":\"\u00c5ke Bonnier\",\"description\":\"Biskop i Svenska kyrkan - Skara stift\",\"potentialAction\":[{\"@type\":\"SearchAction\",\"target\":{\"@type\":\"EntryPoint\",\"urlTemplate\":\"https:\/\/blogg.svenskakyrkan.se\/akebonnier\/?s={search_term_string}\"},\"query-input\":{\"@type\":\"PropertyValueSpecification\",\"valueRequired\":true,\"valueName\":\"search_term_string\"}}],\"inLanguage\":\"sv-SE\"},{\"@type\":\"Person\",\"@id\":\"https:\/\/blogg.svenskakyrkan.se\/akebonnier\/#\/schema\/person\/8db68bc0c94f6a5a62df2d4486ff1343\",\"name\":\"\u00c5ke Bonnier\",\"image\":{\"@type\":\"ImageObject\",\"inLanguage\":\"sv-SE\",\"@id\":\"https:\/\/blogg.svenskakyrkan.se\/akebonnier\/#\/schema\/person\/image\/\",\"url\":\"https:\/\/secure.gravatar.com\/avatar\/b88264736bb0bc0d1ea92298aef02c9f98cfc13c7484130c42c663ae484f9462?s=96&d=mm&r=g\",\"contentUrl\":\"https:\/\/secure.gravatar.com\/avatar\/b88264736bb0bc0d1ea92298aef02c9f98cfc13c7484130c42c663ae484f9462?s=96&d=mm&r=g\",\"caption\":\"\u00c5ke Bonnier\"},\"description\":\"Jag \u00e4r gift och har tv\u00e5 vuxna d\u00f6ttrar. Pr\u00e4stvigdes 1984 och biskopsvigs 26 augusti 2012 . Jag har tidigare bland annat varit, komminister och kyrkoherde i Liding\u00f6 f\u00f6rsamling och domprost i Stockholms domkyrkof\u00f6rsamling. Jag \u00e4r intresserad av konst, litteratur, teater, film. Jag tr\u00e4nar regelbundet p\u00e5 gym. Mitt huvudsakliga musikintresse \u00e4r klassisk musik men ocks\u00e5 Beatles, Elvis Presley, Monika Zettelund, Povel Ramel och m\u00e5nga andra tycker jag om att lyssna p\u00e5. Jag l\u00e4ser f\u00f6r lite sk\u00f6nlitteratur beroende p\u00e5 annat som jag m\u00e5ste l\u00e4sa i mitt uppdrag som biskop. Men jag \u00e4lskar b\u00f6cker. Naturligtvis l\u00e4ser jag n\u00e4st intill dagligdags i \\\"B\u00f6ckernas Bok.\\\"\",\"sameAs\":[\"http:\/\/www.skarastift.se\"],\"url\":\"https:\/\/blogg.svenskakyrkan.se\/akebonnier\/author\/akebonnier\/\"}]}<\/script>\n<!-- \/ Yoast SEO plugin. -->","yoast_head_json":{"title":"Visst vill jag be med Er, men... - \u00c5ke Bonnier","robots":{"index":"index","follow":"follow","max-snippet":"max-snippet:-1","max-image-preview":"max-image-preview:large","max-video-preview":"max-video-preview:-1"},"canonical":"https:\/\/blogg.svenskakyrkan.se\/akebonnier\/2010\/12\/08\/visst-vill-jag-be-med-er-men\/","og_locale":"sv_SE","og_type":"article","og_title":"Visst vill jag be med Er, men... - \u00c5ke Bonnier","og_description":"&#8221;Be med oss&#8221; uppmanar biskopen i Stockholms katolska stift Anders Arborelius, \u00e4rkebiskop Benjamin Atas i Syrisk-ortodoxa kyrkan, pastor Ulf Ekman fr\u00e5n Livets ord och pastor Sten-Gunnar Hedin fr\u00e5n Pingstr\u00f6relsen i g\u00e5rdagens nummer av tidningen Dagen (http:\/\/www.dagen.se\/dagen\/article.aspx?id=237887). Det \u00e4r roligt och viktigt n\u00e4r ledare fr\u00e5n olika trostraditioner inom den kristna familjen g\u00e5r samman i upprop f\u00f6r [&hellip;]","og_url":"https:\/\/blogg.svenskakyrkan.se\/akebonnier\/2010\/12\/08\/visst-vill-jag-be-med-er-men\/","og_site_name":"\u00c5ke Bonnier","article_published_time":"2010-12-08T07:06:00+00:00","og_image":[{"url":"https:\/\/blogger.googleusercontent.com\/tracker\/9055441369901436026-490969838867847139?l=akebonnier.blogspot.com","type":"","width":"","height":""}],"author":"\u00c5ke Bonnier","twitter_card":"summary_large_image","twitter_misc":{"Skriven av":"\u00c5ke Bonnier","Ber\u00e4knad l\u00e4stid":"4 minuter"},"schema":{"@context":"https:\/\/schema.org","@graph":[{"@type":"Article","@id":"https:\/\/blogg.svenskakyrkan.se\/akebonnier\/2010\/12\/08\/visst-vill-jag-be-med-er-men\/#article","isPartOf":{"@id":"https:\/\/blogg.svenskakyrkan.se\/akebonnier\/2010\/12\/08\/visst-vill-jag-be-med-er-men\/"},"author":{"name":"\u00c5ke Bonnier","@id":"https:\/\/blogg.svenskakyrkan.se\/akebonnier\/#\/schema\/person\/8db68bc0c94f6a5a62df2d4486ff1343"},"headline":"Visst vill jag be med Er, men&#8230;","datePublished":"2010-12-08T07:06:00+00:00","mainEntityOfPage":{"@id":"https:\/\/blogg.svenskakyrkan.se\/akebonnier\/2010\/12\/08\/visst-vill-jag-be-med-er-men\/"},"wordCount":732,"commentCount":49,"image":{"@id":"https:\/\/blogg.svenskakyrkan.se\/akebonnier\/2010\/12\/08\/visst-vill-jag-be-med-er-men\/#primaryimage"},"thumbnailUrl":"https:\/\/blogger.googleusercontent.com\/tracker\/9055441369901436026-490969838867847139?l=akebonnier.blogspot.com","articleSection":["men...","Visst vill jag be med Er"],"inLanguage":"sv-SE","potentialAction":[{"@type":"CommentAction","name":"Comment","target":["https:\/\/blogg.svenskakyrkan.se\/akebonnier\/2010\/12\/08\/visst-vill-jag-be-med-er-men\/#respond"]}]},{"@type":"WebPage","@id":"https:\/\/blogg.svenskakyrkan.se\/akebonnier\/2010\/12\/08\/visst-vill-jag-be-med-er-men\/","url":"https:\/\/blogg.svenskakyrkan.se\/akebonnier\/2010\/12\/08\/visst-vill-jag-be-med-er-men\/","name":"Visst vill jag be med Er, men... - \u00c5ke Bonnier","isPartOf":{"@id":"https:\/\/blogg.svenskakyrkan.se\/akebonnier\/#website"},"primaryImageOfPage":{"@id":"https:\/\/blogg.svenskakyrkan.se\/akebonnier\/2010\/12\/08\/visst-vill-jag-be-med-er-men\/#primaryimage"},"image":{"@id":"https:\/\/blogg.svenskakyrkan.se\/akebonnier\/2010\/12\/08\/visst-vill-jag-be-med-er-men\/#primaryimage"},"thumbnailUrl":"https:\/\/blogger.googleusercontent.com\/tracker\/9055441369901436026-490969838867847139?l=akebonnier.blogspot.com","datePublished":"2010-12-08T07:06:00+00:00","author":{"@id":"https:\/\/blogg.svenskakyrkan.se\/akebonnier\/#\/schema\/person\/8db68bc0c94f6a5a62df2d4486ff1343"},"breadcrumb":{"@id":"https:\/\/blogg.svenskakyrkan.se\/akebonnier\/2010\/12\/08\/visst-vill-jag-be-med-er-men\/#breadcrumb"},"inLanguage":"sv-SE","potentialAction":[{"@type":"ReadAction","target":["https:\/\/blogg.svenskakyrkan.se\/akebonnier\/2010\/12\/08\/visst-vill-jag-be-med-er-men\/"]}]},{"@type":"ImageObject","inLanguage":"sv-SE","@id":"https:\/\/blogg.svenskakyrkan.se\/akebonnier\/2010\/12\/08\/visst-vill-jag-be-med-er-men\/#primaryimage","url":"https:\/\/blogger.googleusercontent.com\/tracker\/9055441369901436026-490969838867847139?l=akebonnier.blogspot.com","contentUrl":"https:\/\/blogger.googleusercontent.com\/tracker\/9055441369901436026-490969838867847139?l=akebonnier.blogspot.com"},{"@type":"BreadcrumbList","@id":"https:\/\/blogg.svenskakyrkan.se\/akebonnier\/2010\/12\/08\/visst-vill-jag-be-med-er-men\/#breadcrumb","itemListElement":[{"@type":"ListItem","position":1,"name":"Hem","item":"https:\/\/blogg.svenskakyrkan.se\/akebonnier\/"},{"@type":"ListItem","position":2,"name":"Visst vill jag be med Er, men&#8230;"}]},{"@type":"WebSite","@id":"https:\/\/blogg.svenskakyrkan.se\/akebonnier\/#website","url":"https:\/\/blogg.svenskakyrkan.se\/akebonnier\/","name":"\u00c5ke Bonnier","description":"Biskop i Svenska kyrkan - Skara stift","potentialAction":[{"@type":"SearchAction","target":{"@type":"EntryPoint","urlTemplate":"https:\/\/blogg.svenskakyrkan.se\/akebonnier\/?s={search_term_string}"},"query-input":{"@type":"PropertyValueSpecification","valueRequired":true,"valueName":"search_term_string"}}],"inLanguage":"sv-SE"},{"@type":"Person","@id":"https:\/\/blogg.svenskakyrkan.se\/akebonnier\/#\/schema\/person\/8db68bc0c94f6a5a62df2d4486ff1343","name":"\u00c5ke Bonnier","image":{"@type":"ImageObject","inLanguage":"sv-SE","@id":"https:\/\/blogg.svenskakyrkan.se\/akebonnier\/#\/schema\/person\/image\/","url":"https:\/\/secure.gravatar.com\/avatar\/b88264736bb0bc0d1ea92298aef02c9f98cfc13c7484130c42c663ae484f9462?s=96&d=mm&r=g","contentUrl":"https:\/\/secure.gravatar.com\/avatar\/b88264736bb0bc0d1ea92298aef02c9f98cfc13c7484130c42c663ae484f9462?s=96&d=mm&r=g","caption":"\u00c5ke Bonnier"},"description":"Jag \u00e4r gift och har tv\u00e5 vuxna d\u00f6ttrar. Pr\u00e4stvigdes 1984 och biskopsvigs 26 augusti 2012 . Jag har tidigare bland annat varit, komminister och kyrkoherde i Liding\u00f6 f\u00f6rsamling och domprost i Stockholms domkyrkof\u00f6rsamling. Jag \u00e4r intresserad av konst, litteratur, teater, film. Jag tr\u00e4nar regelbundet p\u00e5 gym. Mitt huvudsakliga musikintresse \u00e4r klassisk musik men ocks\u00e5 Beatles, Elvis Presley, Monika Zettelund, Povel Ramel och m\u00e5nga andra tycker jag om att lyssna p\u00e5. Jag l\u00e4ser f\u00f6r lite sk\u00f6nlitteratur beroende p\u00e5 annat som jag m\u00e5ste l\u00e4sa i mitt uppdrag som biskop. Men jag \u00e4lskar b\u00f6cker. Naturligtvis l\u00e4ser jag n\u00e4st intill dagligdags i \"B\u00f6ckernas Bok.\"","sameAs":["http:\/\/www.skarastift.se"],"url":"https:\/\/blogg.svenskakyrkan.se\/akebonnier\/author\/akebonnier\/"}]}},"author_meta":{"ID":"108","user_nicename":"akebonnier","user_url":"http:\/\/www.skarastift.se","user_registered":"2011-10-11 09:24:48","display_name":"\u00c5ke Bonnier","first_name":"\u00c5ke","last_name":"Bonnier","avatar":"https:\/\/secure.gravatar.com\/avatar\/b88264736bb0bc0d1ea92298aef02c9f98cfc13c7484130c42c663ae484f9462?s=96&d=mm&r=g"},"featured_image":false,"bloginfo":{"name":"\u00c5ke Bonnier","url":"https:\/\/blogg.svenskakyrkan.se\/akebonnier"},"_links":{"self":[{"href":"https:\/\/blogg.svenskakyrkan.se\/akebonnier\/wp-json\/wp\/v2\/posts\/481","targetHints":{"allow":["GET"]}}],"collection":[{"href":"https:\/\/blogg.svenskakyrkan.se\/akebonnier\/wp-json\/wp\/v2\/posts"}],"about":[{"href":"https:\/\/blogg.svenskakyrkan.se\/akebonnier\/wp-json\/wp\/v2\/types\/post"}],"author":[{"embeddable":true,"href":"https:\/\/blogg.svenskakyrkan.se\/akebonnier\/wp-json\/wp\/v2\/users\/108"}],"replies":[{"embeddable":true,"href":"https:\/\/blogg.svenskakyrkan.se\/akebonnier\/wp-json\/wp\/v2\/comments?post=481"}],"version-history":[{"count":0,"href":"https:\/\/blogg.svenskakyrkan.se\/akebonnier\/wp-json\/wp\/v2\/posts\/481\/revisions"}],"wp:attachment":[{"href":"https:\/\/blogg.svenskakyrkan.se\/akebonnier\/wp-json\/wp\/v2\/media?parent=481"}],"wp:term":[{"taxonomy":"category","embeddable":true,"href":"https:\/\/blogg.svenskakyrkan.se\/akebonnier\/wp-json\/wp\/v2\/categories?post=481"},{"taxonomy":"post_tag","embeddable":true,"href":"https:\/\/blogg.svenskakyrkan.se\/akebonnier\/wp-json\/wp\/v2\/tags?post=481"}],"curies":[{"name":"wp","href":"https:\/\/api.w.org\/{rel}","templated":true}]}}