{"id":485,"date":"2010-12-15T14:38:00","date_gmt":"2010-12-15T14:38:00","guid":{"rendered":"http:\/\/blogg.svenskakyrkan.se\/akebonnier\/2010\/12\/15\/den-gyllne-regeln\/"},"modified":"2010-12-15T14:38:00","modified_gmt":"2010-12-15T14:38:00","slug":"den-gyllne-regeln","status":"publish","type":"post","link":"https:\/\/blogg.svenskakyrkan.se\/akebonnier\/2010\/12\/15\/den-gyllne-regeln\/","title":{"rendered":"Den gyllne regeln."},"content":{"rendered":"<p><em>Allt vad ni vill att m\u00e4nniskorna skall g\u00f6ra f\u00f6r Er, det skall ni ocks\u00e5 g\u00f6ra f\u00f6r dem.<\/em> (Matt 7:12) Orden \u00e4r h\u00e4mtade ur Jesu bergspredikan och \u00e4r v\u00e4lk\u00e4nda inom s\u00e5v\u00e4l kristendomen som i andra religioner. Ocks\u00e5 icketroende kan tycka att det \u00e4r kloka ord d\u00e4rf\u00f6r att det handlar om medm\u00e4nsklighet och respekt, samma respekt som vi vill att andra ska visa oss.<\/p>\n<p>N\u00e4r det talas om att vi inte ska vika oss g\u00e4llande den konstn\u00e4rliga friheten m\u00e5ste man f\u00f6rst och fr\u00e4mst fr\u00e5ga sig om det \u00e4r tillr\u00e5dligt att g\u00f6ra vadhelst i namn av den konstn\u00e4rliga friheten (Anna Odells &#8221;konstn\u00e4rliga&#8221; experiment \u00e4r ett annat exempel). Som sagt s\u00e5 st\u00f6rs jag inte av rondellhundar med Muhammed och skulle inte st\u00f6ras av att se Jesus som en rondellhund. Men det \u00e4r <em>jag<\/em> och utifr\u00e5n <em>min<\/em> teologi och <em>mitt<\/em> s\u00e4tt att f\u00f6rst\u00e5 den kristna trons innersta k\u00e4rna. Kanske skulle jag skratta lite, tycka att det var f\u00e5nigt, men Jesus blir inte mindre. Jesu storhet g\u00e5r<em> inte<\/em> att rubba, menar jag. Men, \u00e5ter igen, det \u00e4r den teologi som <em>jag<\/em> (och m\u00e5nga med mig i Svenska kyrkan) f\u00f6retr\u00e4der.<\/p>\n<p>Men i respekt f\u00f6r att mina muslimska syskon blir s\u00e5rade av att Muhammed \u00e4r framst\u00e4lld som en hund n\u00e4r man inte alls i bild ska framst\u00e4lla Muhammed, borde man vara restriktiv, ja rent av avst\u00e5 fr\u00e5n s\u00e5dana framst\u00e4llningar oavsett om det sker i den konstn\u00e4rliga frihetens namn.<\/p>\n<p>Sharialagar som d\u00f6mer till d\u00f6den \u00e4r inget vi ska vika oss f\u00f6r. De ska inte styra den svenska lagstiftande f\u00f6rsamlingen, men en sorts god medm\u00e4nsklig respekt kan f\u00e5 vara med och styra v\u00e5ra handlingar oavsett om det g\u00e4ller oss sj\u00e4lva, v\u00e5ra muslimska, judiska, hinduiska, buddistiska eller ateistiska syskon. <\/p>\n<p><em>Allt vad ni vill att m\u00e4nniskorna skall g\u00f6ra f\u00f6r Er, det skall ni ocks\u00e5 g\u00f6ra f\u00f6r dem.<\/em><\/p>\n<p>Med den regeln kommer man l\u00e5ngt.<br \/><em> <\/em><\/p>\n<div class=\"blogger-post-footer\"><img width='1' height='1' src='https:\/\/blogger.googleusercontent.com\/tracker\/9055441369901436026-2237691764675722013?l=akebonnier.blogspot.com' alt='' \/><\/div>\n","protected":false},"excerpt":{"rendered":"<p>Allt vad ni vill att m\u00e4nniskorna skall g\u00f6ra f\u00f6r Er, det skall ni ocks\u00e5 g\u00f6ra f\u00f6r dem. (Matt 7:12) Orden \u00e4r h\u00e4mtade ur Jesu bergspredikan och \u00e4r v\u00e4lk\u00e4nda inom s\u00e5v\u00e4l kristendomen som i andra religioner. Ocks\u00e5 icketroende kan tycka att det \u00e4r kloka ord d\u00e4rf\u00f6r att det handlar om medm\u00e4nsklighet och respekt, samma respekt som [&hellip;]<\/p>\n","protected":false},"author":108,"featured_media":0,"comment_status":"open","ping_status":"open","sticky":false,"template":"","format":"standard","meta":{"_acf_changed":false,"footnotes":""},"categories":[16457],"tags":[],"class_list":["post-485","post","type-post","status-publish","format-standard","hentry","category-den-gyllne-regeln"],"acf":[],"yoast_head":"<!-- This site is optimized with the Yoast SEO plugin v27.1.1 - https:\/\/yoast.com\/product\/yoast-seo-wordpress\/ -->\n<title>Den gyllne regeln. - \u00c5ke Bonnier<\/title>\n<meta name=\"robots\" content=\"index, follow, max-snippet:-1, max-image-preview:large, max-video-preview:-1\" \/>\n<link rel=\"canonical\" href=\"https:\/\/blogg.svenskakyrkan.se\/akebonnier\/2010\/12\/15\/den-gyllne-regeln\/\" \/>\n<meta property=\"og:locale\" content=\"sv_SE\" \/>\n<meta property=\"og:type\" content=\"article\" \/>\n<meta property=\"og:title\" content=\"Den gyllne regeln. - \u00c5ke Bonnier\" \/>\n<meta property=\"og:description\" content=\"Allt vad ni vill att m\u00e4nniskorna skall g\u00f6ra f\u00f6r Er, det skall ni ocks\u00e5 g\u00f6ra f\u00f6r dem. (Matt 7:12) Orden \u00e4r h\u00e4mtade ur Jesu bergspredikan och \u00e4r v\u00e4lk\u00e4nda inom s\u00e5v\u00e4l kristendomen som i andra religioner. Ocks\u00e5 icketroende kan tycka att det \u00e4r kloka ord d\u00e4rf\u00f6r att det handlar om medm\u00e4nsklighet och respekt, samma respekt som [&hellip;]\" \/>\n<meta property=\"og:url\" content=\"https:\/\/blogg.svenskakyrkan.se\/akebonnier\/2010\/12\/15\/den-gyllne-regeln\/\" \/>\n<meta property=\"og:site_name\" content=\"\u00c5ke Bonnier\" \/>\n<meta property=\"article:published_time\" content=\"2010-12-15T14:38:00+00:00\" \/>\n<meta property=\"og:image\" content=\"https:\/\/blogger.googleusercontent.com\/tracker\/9055441369901436026-2237691764675722013?l=akebonnier.blogspot.com\" \/>\n<meta name=\"author\" content=\"\u00c5ke Bonnier\" \/>\n<meta name=\"twitter:card\" content=\"summary_large_image\" \/>\n<meta name=\"twitter:label1\" content=\"Skriven av\" \/>\n\t<meta name=\"twitter:data1\" content=\"\u00c5ke Bonnier\" \/>\n\t<meta name=\"twitter:label2\" content=\"Ber\u00e4knad l\u00e4stid\" \/>\n\t<meta name=\"twitter:data2\" content=\"2 minuter\" \/>\n<script type=\"application\/ld+json\" class=\"yoast-schema-graph\">{\"@context\":\"https:\/\/schema.org\",\"@graph\":[{\"@type\":\"Article\",\"@id\":\"https:\/\/blogg.svenskakyrkan.se\/akebonnier\/2010\/12\/15\/den-gyllne-regeln\/#article\",\"isPartOf\":{\"@id\":\"https:\/\/blogg.svenskakyrkan.se\/akebonnier\/2010\/12\/15\/den-gyllne-regeln\/\"},\"author\":{\"name\":\"\u00c5ke Bonnier\",\"@id\":\"https:\/\/blogg.svenskakyrkan.se\/akebonnier\/#\/schema\/person\/8db68bc0c94f6a5a62df2d4486ff1343\"},\"headline\":\"Den gyllne regeln.\",\"datePublished\":\"2010-12-15T14:38:00+00:00\",\"mainEntityOfPage\":{\"@id\":\"https:\/\/blogg.svenskakyrkan.se\/akebonnier\/2010\/12\/15\/den-gyllne-regeln\/\"},\"wordCount\":362,\"commentCount\":23,\"image\":{\"@id\":\"https:\/\/blogg.svenskakyrkan.se\/akebonnier\/2010\/12\/15\/den-gyllne-regeln\/#primaryimage\"},\"thumbnailUrl\":\"https:\/\/blogger.googleusercontent.com\/tracker\/9055441369901436026-2237691764675722013?l=akebonnier.blogspot.com\",\"articleSection\":[\"Den gyllne regeln\"],\"inLanguage\":\"sv-SE\",\"potentialAction\":[{\"@type\":\"CommentAction\",\"name\":\"Comment\",\"target\":[\"https:\/\/blogg.svenskakyrkan.se\/akebonnier\/2010\/12\/15\/den-gyllne-regeln\/#respond\"]}]},{\"@type\":\"WebPage\",\"@id\":\"https:\/\/blogg.svenskakyrkan.se\/akebonnier\/2010\/12\/15\/den-gyllne-regeln\/\",\"url\":\"https:\/\/blogg.svenskakyrkan.se\/akebonnier\/2010\/12\/15\/den-gyllne-regeln\/\",\"name\":\"Den gyllne regeln. - \u00c5ke Bonnier\",\"isPartOf\":{\"@id\":\"https:\/\/blogg.svenskakyrkan.se\/akebonnier\/#website\"},\"primaryImageOfPage\":{\"@id\":\"https:\/\/blogg.svenskakyrkan.se\/akebonnier\/2010\/12\/15\/den-gyllne-regeln\/#primaryimage\"},\"image\":{\"@id\":\"https:\/\/blogg.svenskakyrkan.se\/akebonnier\/2010\/12\/15\/den-gyllne-regeln\/#primaryimage\"},\"thumbnailUrl\":\"https:\/\/blogger.googleusercontent.com\/tracker\/9055441369901436026-2237691764675722013?l=akebonnier.blogspot.com\",\"datePublished\":\"2010-12-15T14:38:00+00:00\",\"author\":{\"@id\":\"https:\/\/blogg.svenskakyrkan.se\/akebonnier\/#\/schema\/person\/8db68bc0c94f6a5a62df2d4486ff1343\"},\"breadcrumb\":{\"@id\":\"https:\/\/blogg.svenskakyrkan.se\/akebonnier\/2010\/12\/15\/den-gyllne-regeln\/#breadcrumb\"},\"inLanguage\":\"sv-SE\",\"potentialAction\":[{\"@type\":\"ReadAction\",\"target\":[\"https:\/\/blogg.svenskakyrkan.se\/akebonnier\/2010\/12\/15\/den-gyllne-regeln\/\"]}]},{\"@type\":\"ImageObject\",\"inLanguage\":\"sv-SE\",\"@id\":\"https:\/\/blogg.svenskakyrkan.se\/akebonnier\/2010\/12\/15\/den-gyllne-regeln\/#primaryimage\",\"url\":\"https:\/\/blogger.googleusercontent.com\/tracker\/9055441369901436026-2237691764675722013?l=akebonnier.blogspot.com\",\"contentUrl\":\"https:\/\/blogger.googleusercontent.com\/tracker\/9055441369901436026-2237691764675722013?l=akebonnier.blogspot.com\"},{\"@type\":\"BreadcrumbList\",\"@id\":\"https:\/\/blogg.svenskakyrkan.se\/akebonnier\/2010\/12\/15\/den-gyllne-regeln\/#breadcrumb\",\"itemListElement\":[{\"@type\":\"ListItem\",\"position\":1,\"name\":\"Hem\",\"item\":\"https:\/\/blogg.svenskakyrkan.se\/akebonnier\/\"},{\"@type\":\"ListItem\",\"position\":2,\"name\":\"Den gyllne regeln.\"}]},{\"@type\":\"WebSite\",\"@id\":\"https:\/\/blogg.svenskakyrkan.se\/akebonnier\/#website\",\"url\":\"https:\/\/blogg.svenskakyrkan.se\/akebonnier\/\",\"name\":\"\u00c5ke Bonnier\",\"description\":\"Biskop i Svenska kyrkan - Skara stift\",\"potentialAction\":[{\"@type\":\"SearchAction\",\"target\":{\"@type\":\"EntryPoint\",\"urlTemplate\":\"https:\/\/blogg.svenskakyrkan.se\/akebonnier\/?s={search_term_string}\"},\"query-input\":{\"@type\":\"PropertyValueSpecification\",\"valueRequired\":true,\"valueName\":\"search_term_string\"}}],\"inLanguage\":\"sv-SE\"},{\"@type\":\"Person\",\"@id\":\"https:\/\/blogg.svenskakyrkan.se\/akebonnier\/#\/schema\/person\/8db68bc0c94f6a5a62df2d4486ff1343\",\"name\":\"\u00c5ke Bonnier\",\"image\":{\"@type\":\"ImageObject\",\"inLanguage\":\"sv-SE\",\"@id\":\"https:\/\/blogg.svenskakyrkan.se\/akebonnier\/#\/schema\/person\/image\/\",\"url\":\"https:\/\/secure.gravatar.com\/avatar\/b88264736bb0bc0d1ea92298aef02c9f98cfc13c7484130c42c663ae484f9462?s=96&d=mm&r=g\",\"contentUrl\":\"https:\/\/secure.gravatar.com\/avatar\/b88264736bb0bc0d1ea92298aef02c9f98cfc13c7484130c42c663ae484f9462?s=96&d=mm&r=g\",\"caption\":\"\u00c5ke Bonnier\"},\"description\":\"Jag \u00e4r gift och har tv\u00e5 vuxna d\u00f6ttrar. Pr\u00e4stvigdes 1984 och biskopsvigs 26 augusti 2012 . Jag har tidigare bland annat varit, komminister och kyrkoherde i Liding\u00f6 f\u00f6rsamling och domprost i Stockholms domkyrkof\u00f6rsamling. Jag \u00e4r intresserad av konst, litteratur, teater, film. Jag tr\u00e4nar regelbundet p\u00e5 gym. Mitt huvudsakliga musikintresse \u00e4r klassisk musik men ocks\u00e5 Beatles, Elvis Presley, Monika Zettelund, Povel Ramel och m\u00e5nga andra tycker jag om att lyssna p\u00e5. Jag l\u00e4ser f\u00f6r lite sk\u00f6nlitteratur beroende p\u00e5 annat som jag m\u00e5ste l\u00e4sa i mitt uppdrag som biskop. Men jag \u00e4lskar b\u00f6cker. Naturligtvis l\u00e4ser jag n\u00e4st intill dagligdags i \\\"B\u00f6ckernas Bok.\\\"\",\"sameAs\":[\"http:\/\/www.skarastift.se\"],\"url\":\"https:\/\/blogg.svenskakyrkan.se\/akebonnier\/author\/akebonnier\/\"}]}<\/script>\n<!-- \/ Yoast SEO plugin. -->","yoast_head_json":{"title":"Den gyllne regeln. - \u00c5ke Bonnier","robots":{"index":"index","follow":"follow","max-snippet":"max-snippet:-1","max-image-preview":"max-image-preview:large","max-video-preview":"max-video-preview:-1"},"canonical":"https:\/\/blogg.svenskakyrkan.se\/akebonnier\/2010\/12\/15\/den-gyllne-regeln\/","og_locale":"sv_SE","og_type":"article","og_title":"Den gyllne regeln. - \u00c5ke Bonnier","og_description":"Allt vad ni vill att m\u00e4nniskorna skall g\u00f6ra f\u00f6r Er, det skall ni ocks\u00e5 g\u00f6ra f\u00f6r dem. (Matt 7:12) Orden \u00e4r h\u00e4mtade ur Jesu bergspredikan och \u00e4r v\u00e4lk\u00e4nda inom s\u00e5v\u00e4l kristendomen som i andra religioner. Ocks\u00e5 icketroende kan tycka att det \u00e4r kloka ord d\u00e4rf\u00f6r att det handlar om medm\u00e4nsklighet och respekt, samma respekt som [&hellip;]","og_url":"https:\/\/blogg.svenskakyrkan.se\/akebonnier\/2010\/12\/15\/den-gyllne-regeln\/","og_site_name":"\u00c5ke Bonnier","article_published_time":"2010-12-15T14:38:00+00:00","og_image":[{"url":"https:\/\/blogger.googleusercontent.com\/tracker\/9055441369901436026-2237691764675722013?l=akebonnier.blogspot.com","type":"","width":"","height":""}],"author":"\u00c5ke Bonnier","twitter_card":"summary_large_image","twitter_misc":{"Skriven av":"\u00c5ke Bonnier","Ber\u00e4knad l\u00e4stid":"2 minuter"},"schema":{"@context":"https:\/\/schema.org","@graph":[{"@type":"Article","@id":"https:\/\/blogg.svenskakyrkan.se\/akebonnier\/2010\/12\/15\/den-gyllne-regeln\/#article","isPartOf":{"@id":"https:\/\/blogg.svenskakyrkan.se\/akebonnier\/2010\/12\/15\/den-gyllne-regeln\/"},"author":{"name":"\u00c5ke Bonnier","@id":"https:\/\/blogg.svenskakyrkan.se\/akebonnier\/#\/schema\/person\/8db68bc0c94f6a5a62df2d4486ff1343"},"headline":"Den gyllne regeln.","datePublished":"2010-12-15T14:38:00+00:00","mainEntityOfPage":{"@id":"https:\/\/blogg.svenskakyrkan.se\/akebonnier\/2010\/12\/15\/den-gyllne-regeln\/"},"wordCount":362,"commentCount":23,"image":{"@id":"https:\/\/blogg.svenskakyrkan.se\/akebonnier\/2010\/12\/15\/den-gyllne-regeln\/#primaryimage"},"thumbnailUrl":"https:\/\/blogger.googleusercontent.com\/tracker\/9055441369901436026-2237691764675722013?l=akebonnier.blogspot.com","articleSection":["Den gyllne regeln"],"inLanguage":"sv-SE","potentialAction":[{"@type":"CommentAction","name":"Comment","target":["https:\/\/blogg.svenskakyrkan.se\/akebonnier\/2010\/12\/15\/den-gyllne-regeln\/#respond"]}]},{"@type":"WebPage","@id":"https:\/\/blogg.svenskakyrkan.se\/akebonnier\/2010\/12\/15\/den-gyllne-regeln\/","url":"https:\/\/blogg.svenskakyrkan.se\/akebonnier\/2010\/12\/15\/den-gyllne-regeln\/","name":"Den gyllne regeln. - \u00c5ke Bonnier","isPartOf":{"@id":"https:\/\/blogg.svenskakyrkan.se\/akebonnier\/#website"},"primaryImageOfPage":{"@id":"https:\/\/blogg.svenskakyrkan.se\/akebonnier\/2010\/12\/15\/den-gyllne-regeln\/#primaryimage"},"image":{"@id":"https:\/\/blogg.svenskakyrkan.se\/akebonnier\/2010\/12\/15\/den-gyllne-regeln\/#primaryimage"},"thumbnailUrl":"https:\/\/blogger.googleusercontent.com\/tracker\/9055441369901436026-2237691764675722013?l=akebonnier.blogspot.com","datePublished":"2010-12-15T14:38:00+00:00","author":{"@id":"https:\/\/blogg.svenskakyrkan.se\/akebonnier\/#\/schema\/person\/8db68bc0c94f6a5a62df2d4486ff1343"},"breadcrumb":{"@id":"https:\/\/blogg.svenskakyrkan.se\/akebonnier\/2010\/12\/15\/den-gyllne-regeln\/#breadcrumb"},"inLanguage":"sv-SE","potentialAction":[{"@type":"ReadAction","target":["https:\/\/blogg.svenskakyrkan.se\/akebonnier\/2010\/12\/15\/den-gyllne-regeln\/"]}]},{"@type":"ImageObject","inLanguage":"sv-SE","@id":"https:\/\/blogg.svenskakyrkan.se\/akebonnier\/2010\/12\/15\/den-gyllne-regeln\/#primaryimage","url":"https:\/\/blogger.googleusercontent.com\/tracker\/9055441369901436026-2237691764675722013?l=akebonnier.blogspot.com","contentUrl":"https:\/\/blogger.googleusercontent.com\/tracker\/9055441369901436026-2237691764675722013?l=akebonnier.blogspot.com"},{"@type":"BreadcrumbList","@id":"https:\/\/blogg.svenskakyrkan.se\/akebonnier\/2010\/12\/15\/den-gyllne-regeln\/#breadcrumb","itemListElement":[{"@type":"ListItem","position":1,"name":"Hem","item":"https:\/\/blogg.svenskakyrkan.se\/akebonnier\/"},{"@type":"ListItem","position":2,"name":"Den gyllne regeln."}]},{"@type":"WebSite","@id":"https:\/\/blogg.svenskakyrkan.se\/akebonnier\/#website","url":"https:\/\/blogg.svenskakyrkan.se\/akebonnier\/","name":"\u00c5ke Bonnier","description":"Biskop i Svenska kyrkan - Skara stift","potentialAction":[{"@type":"SearchAction","target":{"@type":"EntryPoint","urlTemplate":"https:\/\/blogg.svenskakyrkan.se\/akebonnier\/?s={search_term_string}"},"query-input":{"@type":"PropertyValueSpecification","valueRequired":true,"valueName":"search_term_string"}}],"inLanguage":"sv-SE"},{"@type":"Person","@id":"https:\/\/blogg.svenskakyrkan.se\/akebonnier\/#\/schema\/person\/8db68bc0c94f6a5a62df2d4486ff1343","name":"\u00c5ke Bonnier","image":{"@type":"ImageObject","inLanguage":"sv-SE","@id":"https:\/\/blogg.svenskakyrkan.se\/akebonnier\/#\/schema\/person\/image\/","url":"https:\/\/secure.gravatar.com\/avatar\/b88264736bb0bc0d1ea92298aef02c9f98cfc13c7484130c42c663ae484f9462?s=96&d=mm&r=g","contentUrl":"https:\/\/secure.gravatar.com\/avatar\/b88264736bb0bc0d1ea92298aef02c9f98cfc13c7484130c42c663ae484f9462?s=96&d=mm&r=g","caption":"\u00c5ke Bonnier"},"description":"Jag \u00e4r gift och har tv\u00e5 vuxna d\u00f6ttrar. Pr\u00e4stvigdes 1984 och biskopsvigs 26 augusti 2012 . Jag har tidigare bland annat varit, komminister och kyrkoherde i Liding\u00f6 f\u00f6rsamling och domprost i Stockholms domkyrkof\u00f6rsamling. Jag \u00e4r intresserad av konst, litteratur, teater, film. Jag tr\u00e4nar regelbundet p\u00e5 gym. Mitt huvudsakliga musikintresse \u00e4r klassisk musik men ocks\u00e5 Beatles, Elvis Presley, Monika Zettelund, Povel Ramel och m\u00e5nga andra tycker jag om att lyssna p\u00e5. Jag l\u00e4ser f\u00f6r lite sk\u00f6nlitteratur beroende p\u00e5 annat som jag m\u00e5ste l\u00e4sa i mitt uppdrag som biskop. Men jag \u00e4lskar b\u00f6cker. Naturligtvis l\u00e4ser jag n\u00e4st intill dagligdags i \"B\u00f6ckernas Bok.\"","sameAs":["http:\/\/www.skarastift.se"],"url":"https:\/\/blogg.svenskakyrkan.se\/akebonnier\/author\/akebonnier\/"}]}},"author_meta":{"ID":"108","user_nicename":"akebonnier","user_url":"http:\/\/www.skarastift.se","user_registered":"2011-10-11 09:24:48","display_name":"\u00c5ke Bonnier","first_name":"\u00c5ke","last_name":"Bonnier","avatar":"https:\/\/secure.gravatar.com\/avatar\/b88264736bb0bc0d1ea92298aef02c9f98cfc13c7484130c42c663ae484f9462?s=96&d=mm&r=g"},"featured_image":false,"bloginfo":{"name":"\u00c5ke Bonnier","url":"https:\/\/blogg.svenskakyrkan.se\/akebonnier"},"_links":{"self":[{"href":"https:\/\/blogg.svenskakyrkan.se\/akebonnier\/wp-json\/wp\/v2\/posts\/485","targetHints":{"allow":["GET"]}}],"collection":[{"href":"https:\/\/blogg.svenskakyrkan.se\/akebonnier\/wp-json\/wp\/v2\/posts"}],"about":[{"href":"https:\/\/blogg.svenskakyrkan.se\/akebonnier\/wp-json\/wp\/v2\/types\/post"}],"author":[{"embeddable":true,"href":"https:\/\/blogg.svenskakyrkan.se\/akebonnier\/wp-json\/wp\/v2\/users\/108"}],"replies":[{"embeddable":true,"href":"https:\/\/blogg.svenskakyrkan.se\/akebonnier\/wp-json\/wp\/v2\/comments?post=485"}],"version-history":[{"count":0,"href":"https:\/\/blogg.svenskakyrkan.se\/akebonnier\/wp-json\/wp\/v2\/posts\/485\/revisions"}],"wp:attachment":[{"href":"https:\/\/blogg.svenskakyrkan.se\/akebonnier\/wp-json\/wp\/v2\/media?parent=485"}],"wp:term":[{"taxonomy":"category","embeddable":true,"href":"https:\/\/blogg.svenskakyrkan.se\/akebonnier\/wp-json\/wp\/v2\/categories?post=485"},{"taxonomy":"post_tag","embeddable":true,"href":"https:\/\/blogg.svenskakyrkan.se\/akebonnier\/wp-json\/wp\/v2\/tags?post=485"}],"curies":[{"name":"wp","href":"https:\/\/api.w.org\/{rel}","templated":true}]}}