{"id":492,"date":"2010-12-30T10:22:00","date_gmt":"2010-12-30T10:22:00","guid":{"rendered":"http:\/\/blogg.svenskakyrkan.se\/akebonnier\/2010\/12\/30\/kara-blogglasare\/"},"modified":"2010-12-30T10:22:00","modified_gmt":"2010-12-30T10:22:00","slug":"kara-blogglasare","status":"publish","type":"post","link":"https:\/\/blogg.svenskakyrkan.se\/akebonnier\/2010\/12\/30\/kara-blogglasare\/","title":{"rendered":"K\u00e4ra bloggl\u00e4sare,"},"content":{"rendered":"<p>S\u00e5 \u00e4r det bara drygt en dag kvar p\u00e5 detta \u00e5r, ett \u00e5r fyllt av sv\u00e5righeter och fasansfulla h\u00e4ndelser i v\u00e5r v\u00e4rld, ett \u00e5r fylt av underbara saker borta och n\u00e4ra, ett \u00e5r fyllt av det alldeles vardagliga. N\u00e4r jag ser tillbaka p\u00e5 detta \u00e5r ur mitt eget perspektiv, ser tillbaka p\u00e5 min familj, mina v\u00e4nner, mitt arbete kan jag bara tacka Gud, tacka f\u00f6r att jag f\u00e5tt leva och verka ytterligare ett \u00e5r, tacka f\u00f6r allt jag f\u00e5tt uppleva i arbete och fritid, tacka f\u00f6r min familjs och mina v\u00e4nners k\u00e4rlek och v\u00e4nskap, tacka f\u00f6r alla som velat lyssna, velat l\u00e4sa, velat samtala.<\/p>\n<p>Nu stundar det nya \u00e5ret och en hel del (kanske alltf\u00f6r mycket!?) \u00e4r redan planerat. Men mitt i allt som ska komma, mitt i allt vi har att g\u00f6ra, b\u00e5de Du som l\u00e4ser detta och jag, ber jag att v\u00e5r Gudsrelation, Din respektive min, ska f\u00e5 f\u00f6rdjupas, att vi ska se Gud allt klarare, \u00e4lska Gud allt djupare, komma Gud allt n\u00e4rmre. Jag \u00f6nskar att 2011 ska bli ett n\u00e5dens \u00e5r, d\u00e4r Guds n\u00e5d s\u00e5som den tydligast kommer till uttryck i Jesus Kristus, i Hans liv, d\u00f6d och uppst\u00e5ndelse, ska f\u00e5 pr\u00e4gla det kommande.<\/p>\n<p>P\u00e5 l\u00f6rdag \u00e4r det 1:a januari. D\u00e5 b\u00f6rjar vi det nya \u00e5ret med att fira h\u00f6gm\u00e4ssa i Storkyrkan kl 11.00. Biskop Eva Brunne predikar och pr\u00e4ster och lekm\u00e4n fr\u00e5n Hovf\u00f6rsamlingen och Finska och Tyska f\u00f6rsamlingarna \u00e4r med ocks\u00e5. Gamla stans alla fyra f\u00f6rsamlingar kommer samman i en gemensam m\u00e4ssa. Det \u00e4r roligt och viktigt! Vi h\u00f6r ihop i Jesus Kristus och vi b\u00f6rjar det nya \u00e5ret tillsammans! V\u00e4lkommen att vara med vill jag s\u00e4ga ocks\u00e5 till Dig!<\/p>\n<p>S\u00e5 vill jag \u00f6nska Dig och de Dina ett riktigt Gott Nytt och V\u00e4lsignat \u00c5r!<\/p>\n<p>\u00c5ke<\/p>\n<div class=\"blogger-post-footer\"><img width='1' height='1' src='https:\/\/blogger.googleusercontent.com\/tracker\/9055441369901436026-5099774530567793257?l=akebonnier.blogspot.com' alt='' \/><\/div>\n","protected":false},"excerpt":{"rendered":"<p>S\u00e5 \u00e4r det bara drygt en dag kvar p\u00e5 detta \u00e5r, ett \u00e5r fyllt av sv\u00e5righeter och fasansfulla h\u00e4ndelser i v\u00e5r v\u00e4rld, ett \u00e5r fylt av underbara saker borta och n\u00e4ra, ett \u00e5r fyllt av det alldeles vardagliga. N\u00e4r jag ser tillbaka p\u00e5 detta \u00e5r ur mitt eget perspektiv, ser tillbaka p\u00e5 min familj, mina [&hellip;]<\/p>\n","protected":false},"author":108,"featured_media":0,"comment_status":"open","ping_status":"open","sticky":false,"template":"","format":"standard","meta":{"_acf_changed":false,"footnotes":""},"categories":[16463],"tags":[],"class_list":["post-492","post","type-post","status-publish","format-standard","hentry","category-kara-blogglasare"],"acf":[],"yoast_head":"<!-- This site is optimized with the Yoast SEO plugin v27.1.1 - https:\/\/yoast.com\/product\/yoast-seo-wordpress\/ -->\n<title>K\u00e4ra bloggl\u00e4sare, - \u00c5ke Bonnier<\/title>\n<meta name=\"robots\" content=\"index, follow, max-snippet:-1, max-image-preview:large, max-video-preview:-1\" \/>\n<link rel=\"canonical\" href=\"https:\/\/blogg.svenskakyrkan.se\/akebonnier\/2010\/12\/30\/kara-blogglasare\/\" \/>\n<meta property=\"og:locale\" content=\"sv_SE\" \/>\n<meta property=\"og:type\" content=\"article\" \/>\n<meta property=\"og:title\" content=\"K\u00e4ra bloggl\u00e4sare, - \u00c5ke Bonnier\" \/>\n<meta property=\"og:description\" content=\"S\u00e5 \u00e4r det bara drygt en dag kvar p\u00e5 detta \u00e5r, ett \u00e5r fyllt av sv\u00e5righeter och fasansfulla h\u00e4ndelser i v\u00e5r v\u00e4rld, ett \u00e5r fylt av underbara saker borta och n\u00e4ra, ett \u00e5r fyllt av det alldeles vardagliga. N\u00e4r jag ser tillbaka p\u00e5 detta \u00e5r ur mitt eget perspektiv, ser tillbaka p\u00e5 min familj, mina [&hellip;]\" \/>\n<meta property=\"og:url\" content=\"https:\/\/blogg.svenskakyrkan.se\/akebonnier\/2010\/12\/30\/kara-blogglasare\/\" \/>\n<meta property=\"og:site_name\" content=\"\u00c5ke Bonnier\" \/>\n<meta property=\"article:published_time\" content=\"2010-12-30T10:22:00+00:00\" \/>\n<meta property=\"og:image\" content=\"https:\/\/blogger.googleusercontent.com\/tracker\/9055441369901436026-5099774530567793257?l=akebonnier.blogspot.com\" \/>\n<meta name=\"author\" content=\"\u00c5ke Bonnier\" \/>\n<meta name=\"twitter:card\" content=\"summary_large_image\" \/>\n<meta name=\"twitter:label1\" content=\"Skriven av\" \/>\n\t<meta name=\"twitter:data1\" content=\"\u00c5ke Bonnier\" \/>\n\t<meta name=\"twitter:label2\" content=\"Ber\u00e4knad l\u00e4stid\" \/>\n\t<meta name=\"twitter:data2\" content=\"2 minuter\" \/>\n<script type=\"application\/ld+json\" class=\"yoast-schema-graph\">{\"@context\":\"https:\/\/schema.org\",\"@graph\":[{\"@type\":\"Article\",\"@id\":\"https:\/\/blogg.svenskakyrkan.se\/akebonnier\/2010\/12\/30\/kara-blogglasare\/#article\",\"isPartOf\":{\"@id\":\"https:\/\/blogg.svenskakyrkan.se\/akebonnier\/2010\/12\/30\/kara-blogglasare\/\"},\"author\":{\"name\":\"\u00c5ke Bonnier\",\"@id\":\"https:\/\/blogg.svenskakyrkan.se\/akebonnier\/#\/schema\/person\/8db68bc0c94f6a5a62df2d4486ff1343\"},\"headline\":\"K\u00e4ra bloggl\u00e4sare,\",\"datePublished\":\"2010-12-30T10:22:00+00:00\",\"mainEntityOfPage\":{\"@id\":\"https:\/\/blogg.svenskakyrkan.se\/akebonnier\/2010\/12\/30\/kara-blogglasare\/\"},\"wordCount\":340,\"commentCount\":2,\"image\":{\"@id\":\"https:\/\/blogg.svenskakyrkan.se\/akebonnier\/2010\/12\/30\/kara-blogglasare\/#primaryimage\"},\"thumbnailUrl\":\"https:\/\/blogger.googleusercontent.com\/tracker\/9055441369901436026-5099774530567793257?l=akebonnier.blogspot.com\",\"articleSection\":[\"K\u00e4ra bloggl\u00e4sare\"],\"inLanguage\":\"sv-SE\",\"potentialAction\":[{\"@type\":\"CommentAction\",\"name\":\"Comment\",\"target\":[\"https:\/\/blogg.svenskakyrkan.se\/akebonnier\/2010\/12\/30\/kara-blogglasare\/#respond\"]}]},{\"@type\":\"WebPage\",\"@id\":\"https:\/\/blogg.svenskakyrkan.se\/akebonnier\/2010\/12\/30\/kara-blogglasare\/\",\"url\":\"https:\/\/blogg.svenskakyrkan.se\/akebonnier\/2010\/12\/30\/kara-blogglasare\/\",\"name\":\"K\u00e4ra bloggl\u00e4sare, - \u00c5ke Bonnier\",\"isPartOf\":{\"@id\":\"https:\/\/blogg.svenskakyrkan.se\/akebonnier\/#website\"},\"primaryImageOfPage\":{\"@id\":\"https:\/\/blogg.svenskakyrkan.se\/akebonnier\/2010\/12\/30\/kara-blogglasare\/#primaryimage\"},\"image\":{\"@id\":\"https:\/\/blogg.svenskakyrkan.se\/akebonnier\/2010\/12\/30\/kara-blogglasare\/#primaryimage\"},\"thumbnailUrl\":\"https:\/\/blogger.googleusercontent.com\/tracker\/9055441369901436026-5099774530567793257?l=akebonnier.blogspot.com\",\"datePublished\":\"2010-12-30T10:22:00+00:00\",\"author\":{\"@id\":\"https:\/\/blogg.svenskakyrkan.se\/akebonnier\/#\/schema\/person\/8db68bc0c94f6a5a62df2d4486ff1343\"},\"breadcrumb\":{\"@id\":\"https:\/\/blogg.svenskakyrkan.se\/akebonnier\/2010\/12\/30\/kara-blogglasare\/#breadcrumb\"},\"inLanguage\":\"sv-SE\",\"potentialAction\":[{\"@type\":\"ReadAction\",\"target\":[\"https:\/\/blogg.svenskakyrkan.se\/akebonnier\/2010\/12\/30\/kara-blogglasare\/\"]}]},{\"@type\":\"ImageObject\",\"inLanguage\":\"sv-SE\",\"@id\":\"https:\/\/blogg.svenskakyrkan.se\/akebonnier\/2010\/12\/30\/kara-blogglasare\/#primaryimage\",\"url\":\"https:\/\/blogger.googleusercontent.com\/tracker\/9055441369901436026-5099774530567793257?l=akebonnier.blogspot.com\",\"contentUrl\":\"https:\/\/blogger.googleusercontent.com\/tracker\/9055441369901436026-5099774530567793257?l=akebonnier.blogspot.com\"},{\"@type\":\"BreadcrumbList\",\"@id\":\"https:\/\/blogg.svenskakyrkan.se\/akebonnier\/2010\/12\/30\/kara-blogglasare\/#breadcrumb\",\"itemListElement\":[{\"@type\":\"ListItem\",\"position\":1,\"name\":\"Hem\",\"item\":\"https:\/\/blogg.svenskakyrkan.se\/akebonnier\/\"},{\"@type\":\"ListItem\",\"position\":2,\"name\":\"K\u00e4ra bloggl\u00e4sare,\"}]},{\"@type\":\"WebSite\",\"@id\":\"https:\/\/blogg.svenskakyrkan.se\/akebonnier\/#website\",\"url\":\"https:\/\/blogg.svenskakyrkan.se\/akebonnier\/\",\"name\":\"\u00c5ke Bonnier\",\"description\":\"Biskop i Svenska kyrkan - Skara stift\",\"potentialAction\":[{\"@type\":\"SearchAction\",\"target\":{\"@type\":\"EntryPoint\",\"urlTemplate\":\"https:\/\/blogg.svenskakyrkan.se\/akebonnier\/?s={search_term_string}\"},\"query-input\":{\"@type\":\"PropertyValueSpecification\",\"valueRequired\":true,\"valueName\":\"search_term_string\"}}],\"inLanguage\":\"sv-SE\"},{\"@type\":\"Person\",\"@id\":\"https:\/\/blogg.svenskakyrkan.se\/akebonnier\/#\/schema\/person\/8db68bc0c94f6a5a62df2d4486ff1343\",\"name\":\"\u00c5ke Bonnier\",\"image\":{\"@type\":\"ImageObject\",\"inLanguage\":\"sv-SE\",\"@id\":\"https:\/\/blogg.svenskakyrkan.se\/akebonnier\/#\/schema\/person\/image\/\",\"url\":\"https:\/\/secure.gravatar.com\/avatar\/b88264736bb0bc0d1ea92298aef02c9f98cfc13c7484130c42c663ae484f9462?s=96&d=mm&r=g\",\"contentUrl\":\"https:\/\/secure.gravatar.com\/avatar\/b88264736bb0bc0d1ea92298aef02c9f98cfc13c7484130c42c663ae484f9462?s=96&d=mm&r=g\",\"caption\":\"\u00c5ke Bonnier\"},\"description\":\"Jag \u00e4r gift och har tv\u00e5 vuxna d\u00f6ttrar. Pr\u00e4stvigdes 1984 och biskopsvigs 26 augusti 2012 . Jag har tidigare bland annat varit, komminister och kyrkoherde i Liding\u00f6 f\u00f6rsamling och domprost i Stockholms domkyrkof\u00f6rsamling. Jag \u00e4r intresserad av konst, litteratur, teater, film. Jag tr\u00e4nar regelbundet p\u00e5 gym. Mitt huvudsakliga musikintresse \u00e4r klassisk musik men ocks\u00e5 Beatles, Elvis Presley, Monika Zettelund, Povel Ramel och m\u00e5nga andra tycker jag om att lyssna p\u00e5. Jag l\u00e4ser f\u00f6r lite sk\u00f6nlitteratur beroende p\u00e5 annat som jag m\u00e5ste l\u00e4sa i mitt uppdrag som biskop. Men jag \u00e4lskar b\u00f6cker. Naturligtvis l\u00e4ser jag n\u00e4st intill dagligdags i \\\"B\u00f6ckernas Bok.\\\"\",\"sameAs\":[\"http:\/\/www.skarastift.se\"],\"url\":\"https:\/\/blogg.svenskakyrkan.se\/akebonnier\/author\/akebonnier\/\"}]}<\/script>\n<!-- \/ Yoast SEO plugin. -->","yoast_head_json":{"title":"K\u00e4ra bloggl\u00e4sare, - \u00c5ke Bonnier","robots":{"index":"index","follow":"follow","max-snippet":"max-snippet:-1","max-image-preview":"max-image-preview:large","max-video-preview":"max-video-preview:-1"},"canonical":"https:\/\/blogg.svenskakyrkan.se\/akebonnier\/2010\/12\/30\/kara-blogglasare\/","og_locale":"sv_SE","og_type":"article","og_title":"K\u00e4ra bloggl\u00e4sare, - \u00c5ke Bonnier","og_description":"S\u00e5 \u00e4r det bara drygt en dag kvar p\u00e5 detta \u00e5r, ett \u00e5r fyllt av sv\u00e5righeter och fasansfulla h\u00e4ndelser i v\u00e5r v\u00e4rld, ett \u00e5r fylt av underbara saker borta och n\u00e4ra, ett \u00e5r fyllt av det alldeles vardagliga. N\u00e4r jag ser tillbaka p\u00e5 detta \u00e5r ur mitt eget perspektiv, ser tillbaka p\u00e5 min familj, mina [&hellip;]","og_url":"https:\/\/blogg.svenskakyrkan.se\/akebonnier\/2010\/12\/30\/kara-blogglasare\/","og_site_name":"\u00c5ke Bonnier","article_published_time":"2010-12-30T10:22:00+00:00","og_image":[{"url":"https:\/\/blogger.googleusercontent.com\/tracker\/9055441369901436026-5099774530567793257?l=akebonnier.blogspot.com","type":"","width":"","height":""}],"author":"\u00c5ke Bonnier","twitter_card":"summary_large_image","twitter_misc":{"Skriven av":"\u00c5ke Bonnier","Ber\u00e4knad l\u00e4stid":"2 minuter"},"schema":{"@context":"https:\/\/schema.org","@graph":[{"@type":"Article","@id":"https:\/\/blogg.svenskakyrkan.se\/akebonnier\/2010\/12\/30\/kara-blogglasare\/#article","isPartOf":{"@id":"https:\/\/blogg.svenskakyrkan.se\/akebonnier\/2010\/12\/30\/kara-blogglasare\/"},"author":{"name":"\u00c5ke Bonnier","@id":"https:\/\/blogg.svenskakyrkan.se\/akebonnier\/#\/schema\/person\/8db68bc0c94f6a5a62df2d4486ff1343"},"headline":"K\u00e4ra bloggl\u00e4sare,","datePublished":"2010-12-30T10:22:00+00:00","mainEntityOfPage":{"@id":"https:\/\/blogg.svenskakyrkan.se\/akebonnier\/2010\/12\/30\/kara-blogglasare\/"},"wordCount":340,"commentCount":2,"image":{"@id":"https:\/\/blogg.svenskakyrkan.se\/akebonnier\/2010\/12\/30\/kara-blogglasare\/#primaryimage"},"thumbnailUrl":"https:\/\/blogger.googleusercontent.com\/tracker\/9055441369901436026-5099774530567793257?l=akebonnier.blogspot.com","articleSection":["K\u00e4ra bloggl\u00e4sare"],"inLanguage":"sv-SE","potentialAction":[{"@type":"CommentAction","name":"Comment","target":["https:\/\/blogg.svenskakyrkan.se\/akebonnier\/2010\/12\/30\/kara-blogglasare\/#respond"]}]},{"@type":"WebPage","@id":"https:\/\/blogg.svenskakyrkan.se\/akebonnier\/2010\/12\/30\/kara-blogglasare\/","url":"https:\/\/blogg.svenskakyrkan.se\/akebonnier\/2010\/12\/30\/kara-blogglasare\/","name":"K\u00e4ra bloggl\u00e4sare, - \u00c5ke Bonnier","isPartOf":{"@id":"https:\/\/blogg.svenskakyrkan.se\/akebonnier\/#website"},"primaryImageOfPage":{"@id":"https:\/\/blogg.svenskakyrkan.se\/akebonnier\/2010\/12\/30\/kara-blogglasare\/#primaryimage"},"image":{"@id":"https:\/\/blogg.svenskakyrkan.se\/akebonnier\/2010\/12\/30\/kara-blogglasare\/#primaryimage"},"thumbnailUrl":"https:\/\/blogger.googleusercontent.com\/tracker\/9055441369901436026-5099774530567793257?l=akebonnier.blogspot.com","datePublished":"2010-12-30T10:22:00+00:00","author":{"@id":"https:\/\/blogg.svenskakyrkan.se\/akebonnier\/#\/schema\/person\/8db68bc0c94f6a5a62df2d4486ff1343"},"breadcrumb":{"@id":"https:\/\/blogg.svenskakyrkan.se\/akebonnier\/2010\/12\/30\/kara-blogglasare\/#breadcrumb"},"inLanguage":"sv-SE","potentialAction":[{"@type":"ReadAction","target":["https:\/\/blogg.svenskakyrkan.se\/akebonnier\/2010\/12\/30\/kara-blogglasare\/"]}]},{"@type":"ImageObject","inLanguage":"sv-SE","@id":"https:\/\/blogg.svenskakyrkan.se\/akebonnier\/2010\/12\/30\/kara-blogglasare\/#primaryimage","url":"https:\/\/blogger.googleusercontent.com\/tracker\/9055441369901436026-5099774530567793257?l=akebonnier.blogspot.com","contentUrl":"https:\/\/blogger.googleusercontent.com\/tracker\/9055441369901436026-5099774530567793257?l=akebonnier.blogspot.com"},{"@type":"BreadcrumbList","@id":"https:\/\/blogg.svenskakyrkan.se\/akebonnier\/2010\/12\/30\/kara-blogglasare\/#breadcrumb","itemListElement":[{"@type":"ListItem","position":1,"name":"Hem","item":"https:\/\/blogg.svenskakyrkan.se\/akebonnier\/"},{"@type":"ListItem","position":2,"name":"K\u00e4ra bloggl\u00e4sare,"}]},{"@type":"WebSite","@id":"https:\/\/blogg.svenskakyrkan.se\/akebonnier\/#website","url":"https:\/\/blogg.svenskakyrkan.se\/akebonnier\/","name":"\u00c5ke Bonnier","description":"Biskop i Svenska kyrkan - Skara stift","potentialAction":[{"@type":"SearchAction","target":{"@type":"EntryPoint","urlTemplate":"https:\/\/blogg.svenskakyrkan.se\/akebonnier\/?s={search_term_string}"},"query-input":{"@type":"PropertyValueSpecification","valueRequired":true,"valueName":"search_term_string"}}],"inLanguage":"sv-SE"},{"@type":"Person","@id":"https:\/\/blogg.svenskakyrkan.se\/akebonnier\/#\/schema\/person\/8db68bc0c94f6a5a62df2d4486ff1343","name":"\u00c5ke Bonnier","image":{"@type":"ImageObject","inLanguage":"sv-SE","@id":"https:\/\/blogg.svenskakyrkan.se\/akebonnier\/#\/schema\/person\/image\/","url":"https:\/\/secure.gravatar.com\/avatar\/b88264736bb0bc0d1ea92298aef02c9f98cfc13c7484130c42c663ae484f9462?s=96&d=mm&r=g","contentUrl":"https:\/\/secure.gravatar.com\/avatar\/b88264736bb0bc0d1ea92298aef02c9f98cfc13c7484130c42c663ae484f9462?s=96&d=mm&r=g","caption":"\u00c5ke Bonnier"},"description":"Jag \u00e4r gift och har tv\u00e5 vuxna d\u00f6ttrar. Pr\u00e4stvigdes 1984 och biskopsvigs 26 augusti 2012 . Jag har tidigare bland annat varit, komminister och kyrkoherde i Liding\u00f6 f\u00f6rsamling och domprost i Stockholms domkyrkof\u00f6rsamling. Jag \u00e4r intresserad av konst, litteratur, teater, film. Jag tr\u00e4nar regelbundet p\u00e5 gym. Mitt huvudsakliga musikintresse \u00e4r klassisk musik men ocks\u00e5 Beatles, Elvis Presley, Monika Zettelund, Povel Ramel och m\u00e5nga andra tycker jag om att lyssna p\u00e5. Jag l\u00e4ser f\u00f6r lite sk\u00f6nlitteratur beroende p\u00e5 annat som jag m\u00e5ste l\u00e4sa i mitt uppdrag som biskop. Men jag \u00e4lskar b\u00f6cker. Naturligtvis l\u00e4ser jag n\u00e4st intill dagligdags i \"B\u00f6ckernas Bok.\"","sameAs":["http:\/\/www.skarastift.se"],"url":"https:\/\/blogg.svenskakyrkan.se\/akebonnier\/author\/akebonnier\/"}]}},"author_meta":{"ID":"108","user_nicename":"akebonnier","user_url":"http:\/\/www.skarastift.se","user_registered":"2011-10-11 09:24:48","display_name":"\u00c5ke Bonnier","first_name":"\u00c5ke","last_name":"Bonnier","avatar":"https:\/\/secure.gravatar.com\/avatar\/b88264736bb0bc0d1ea92298aef02c9f98cfc13c7484130c42c663ae484f9462?s=96&d=mm&r=g"},"featured_image":false,"bloginfo":{"name":"\u00c5ke Bonnier","url":"https:\/\/blogg.svenskakyrkan.se\/akebonnier"},"_links":{"self":[{"href":"https:\/\/blogg.svenskakyrkan.se\/akebonnier\/wp-json\/wp\/v2\/posts\/492","targetHints":{"allow":["GET"]}}],"collection":[{"href":"https:\/\/blogg.svenskakyrkan.se\/akebonnier\/wp-json\/wp\/v2\/posts"}],"about":[{"href":"https:\/\/blogg.svenskakyrkan.se\/akebonnier\/wp-json\/wp\/v2\/types\/post"}],"author":[{"embeddable":true,"href":"https:\/\/blogg.svenskakyrkan.se\/akebonnier\/wp-json\/wp\/v2\/users\/108"}],"replies":[{"embeddable":true,"href":"https:\/\/blogg.svenskakyrkan.se\/akebonnier\/wp-json\/wp\/v2\/comments?post=492"}],"version-history":[{"count":0,"href":"https:\/\/blogg.svenskakyrkan.se\/akebonnier\/wp-json\/wp\/v2\/posts\/492\/revisions"}],"wp:attachment":[{"href":"https:\/\/blogg.svenskakyrkan.se\/akebonnier\/wp-json\/wp\/v2\/media?parent=492"}],"wp:term":[{"taxonomy":"category","embeddable":true,"href":"https:\/\/blogg.svenskakyrkan.se\/akebonnier\/wp-json\/wp\/v2\/categories?post=492"},{"taxonomy":"post_tag","embeddable":true,"href":"https:\/\/blogg.svenskakyrkan.se\/akebonnier\/wp-json\/wp\/v2\/tags?post=492"}],"curies":[{"name":"wp","href":"https:\/\/api.w.org\/{rel}","templated":true}]}}