{"id":495,"date":"2011-01-09T18:43:00","date_gmt":"2011-01-09T18:43:00","guid":{"rendered":"http:\/\/blogg.svenskakyrkan.se\/akebonnier\/2011\/01\/09\/en-ekumenisk-boneappell\/"},"modified":"2011-01-09T18:43:00","modified_gmt":"2011-01-09T18:43:00","slug":"en-ekumenisk-boneappell","status":"publish","type":"post","link":"https:\/\/blogg.svenskakyrkan.se\/akebonnier\/2011\/01\/09\/en-ekumenisk-boneappell\/","title":{"rendered":"En ekumenisk b\u00f6neappell"},"content":{"rendered":"<p>Olof Djurfeldt, tidigare chefredakt\u00f6r f\u00f6r tidningen Dagen, skriver i en g\u00e4stkr\u00f6nika i senaste numret av n\u00e4mnda tidning: <em>Vi beh\u00f6ver, enligt Pingsts b\u00f6neappell, ha Guds svar p\u00e5 de h\u00e4r fr\u00e5gorna:Hur kan vi p\u00e5 ett relevant n\u00e5 v\u00e5r tid med evangelium?Hur kan vi i h\u00f6gre grad medverka till att m\u00f6ta de sociala behoven, ensamhet och utanf\u00f6rskap i v\u00e5ra st\u00e4der och samh\u00e4llen?Hur kan vi vara en v\u00e4lkomnande inkluderande milj\u00f6 d\u00e4r m\u00e4nniskor f\u00e5r l\u00e4ra k\u00e4nna Jesus?Hur kan vi hitta spr\u00e5k och f\u00f6rh\u00e5llningss\u00e4tt som p\u00e5 ett relevant s\u00e4tt f\u00f6rklarar Guds ord?<br \/><\/em><br \/>Dessa fr\u00e5gor \u00e4r naturligtvis oerh\u00f6rt viktiga i ett kristet sammanhang. Vi f\u00e5r vara med och be i olika sammanhang f\u00f6r dessa \u00e4mnen. Vi beh\u00f6ver n\u00e5 ut med evangeliet p\u00e5 ett relevant s\u00e4tt i v\u00e5rt multireligi\u00f6sa samh\u00e4lle. Alla goda krafter beh\u00f6ver \u00e4n mer m\u00f6ta de sociala behoven. Jag sitter i ett antal fonder d\u00e4r jag mycket konkret m\u00f6ter m\u00e4nniskor akuta n\u00f6d. Fler krafter borde vara engagerade f\u00f6r b\u00e5de kortsiktig och l\u00e5ngsiktig f\u00f6r\u00e4ndring till det b\u00e4ttre. Att hj\u00e4lpa m\u00e4nniskor att \u00e4n mer ana och f\u00f6rst\u00e5 vad Jesus kan betyda \u00e4r viktigt liksom att f\u00f6rkunna p\u00e5 ett s\u00e5dant s\u00e4tt i b\u00e5de ord, musik och handling s\u00e5 att m\u00e4nniskor p\u00e5 ett relevant s\u00e4tt ber\u00f6rs av Guds Ord \u00e4r en av kyrkans huvuduppgifter.<\/p>\n<p>Men sen kan man fr\u00e5ga sig vad detta betyder p\u00e5 djupet. Vad betyder det att Gud vill att alla m\u00e4nniskor ska bli fr\u00e4lsta? Vad \u00e4r fr\u00e4lst? \u00c4r endast den fr\u00e4lst som kan ange dag och stund f\u00f6r sin relationsstart med Jesus Kristus? \u00c4r den fr\u00e4lst som tror att det skedde f\u00f6r 2000 \u00e5r sedan p\u00e5 korset utan att beh\u00f6va orda s\u00e5 mycket om dag och stund i \u00f6vrigt? \u00c4r den fr\u00e4lst som tror att det \u00e4r en Guds g\u00e4rning snarare \u00e4n att individen sj\u00e4lv bidrar? \u00c4r den fr\u00e4lst som hittat en annan v\u00e4g till Gud \u00e4n genom Jesus Kristus? \u00c4r den fr\u00e4lst som inte tror alls, fast Guds fr\u00e4lsning g\u00e4ller alla? M\u00e5ste m\u00e4nniskan bejaka Guds fr\u00e4lsande handlingar f\u00f6r att kunna bli fr\u00e4lst?<\/p>\n<p>Som jag skrivit m\u00e5ngen g\u00e5ng, tror jag Gud har m\u00e5nga v\u00e4gar. Gud \u00e4r den som fr\u00e4lser. Jesus \u00e4r den v\u00e4g som jag h\u00e5ller fast vid. Han \u00e4r min Herre. Men jag kan mycket v\u00e4l t\u00e4nka mig att mina judiska v\u00e4nner ska h\u00e5lla fast vid sin judiska v\u00e4g och min muslimske v\u00e4n vid sin muslimska v\u00e4g. En god och trogen Hindu skulle d\u00e5 kunna h\u00e5lla fast vid sin v\u00e4g. Alternativet, som m\u00e5nga kristna f\u00f6respr\u00e5kar, \u00e4r att det bara finns en v\u00e4g till Gud. Alla andra v\u00e4gar leder bort och i slut\u00e4nden till n\u00e5gon form av helvete. Men vart tar den Guden v\u00e4gen d\u00e5 som \u00e4r k\u00e4rlek?<\/p>\n<p>Nej, l\u00e5t oss understryka b\u00f6ne\u00e4mnena ovan f\u00f6r jag menar att de \u00e4r viktiga ocks\u00e5 i ett multireligi\u00f6st t\u00e4nkande med gudomliga multim\u00f6jligheter. Gud vill att alla m\u00e4nniskor ska bli fr\u00e4lsta. Men det \u00e4r Gud som verkar det! Och Gud \u00e4r alltid st\u00f6rre \u00e4n v\u00e5ra teologier.<\/p>\n<p>Tack gode Gud f\u00f6r det!<\/p>\n<div class=\"blogger-post-footer\"><img width='1' height='1' src='https:\/\/blogger.googleusercontent.com\/tracker\/9055441369901436026-434409031705774848?l=akebonnier.blogspot.com' alt='' \/><\/div>\n","protected":false},"excerpt":{"rendered":"<p>Olof Djurfeldt, tidigare chefredakt\u00f6r f\u00f6r tidningen Dagen, skriver i en g\u00e4stkr\u00f6nika i senaste numret av n\u00e4mnda tidning: Vi beh\u00f6ver, enligt Pingsts b\u00f6neappell, ha Guds svar p\u00e5 de h\u00e4r fr\u00e5gorna:Hur kan vi p\u00e5 ett relevant n\u00e5 v\u00e5r tid med evangelium?Hur kan vi i h\u00f6gre grad medverka till att m\u00f6ta de sociala behoven, ensamhet och utanf\u00f6rskap i [&hellip;]<\/p>\n","protected":false},"author":108,"featured_media":0,"comment_status":"open","ping_status":"open","sticky":false,"template":"","format":"standard","meta":{"_acf_changed":false,"footnotes":""},"categories":[9],"tags":[],"class_list":["post-495","post","type-post","status-publish","format-standard","hentry","category-okategoriserade"],"acf":[],"yoast_head":"<!-- This site is optimized with the Yoast SEO plugin v27.1.1 - https:\/\/yoast.com\/product\/yoast-seo-wordpress\/ -->\n<title>En ekumenisk b\u00f6neappell - \u00c5ke Bonnier<\/title>\n<meta name=\"robots\" content=\"index, follow, max-snippet:-1, max-image-preview:large, max-video-preview:-1\" \/>\n<link rel=\"canonical\" href=\"https:\/\/blogg.svenskakyrkan.se\/akebonnier\/2011\/01\/09\/en-ekumenisk-boneappell\/\" \/>\n<meta property=\"og:locale\" content=\"sv_SE\" \/>\n<meta property=\"og:type\" content=\"article\" \/>\n<meta property=\"og:title\" content=\"En ekumenisk b\u00f6neappell - \u00c5ke Bonnier\" \/>\n<meta property=\"og:description\" content=\"Olof Djurfeldt, tidigare chefredakt\u00f6r f\u00f6r tidningen Dagen, skriver i en g\u00e4stkr\u00f6nika i senaste numret av n\u00e4mnda tidning: Vi beh\u00f6ver, enligt Pingsts b\u00f6neappell, ha Guds svar p\u00e5 de h\u00e4r fr\u00e5gorna:Hur kan vi p\u00e5 ett relevant n\u00e5 v\u00e5r tid med evangelium?Hur kan vi i h\u00f6gre grad medverka till att m\u00f6ta de sociala behoven, ensamhet och utanf\u00f6rskap i [&hellip;]\" \/>\n<meta property=\"og:url\" content=\"https:\/\/blogg.svenskakyrkan.se\/akebonnier\/2011\/01\/09\/en-ekumenisk-boneappell\/\" \/>\n<meta property=\"og:site_name\" content=\"\u00c5ke Bonnier\" \/>\n<meta property=\"article:published_time\" content=\"2011-01-09T18:43:00+00:00\" \/>\n<meta property=\"og:image\" content=\"https:\/\/blogger.googleusercontent.com\/tracker\/9055441369901436026-434409031705774848?l=akebonnier.blogspot.com\" \/>\n<meta name=\"author\" content=\"\u00c5ke Bonnier\" \/>\n<meta name=\"twitter:card\" content=\"summary_large_image\" \/>\n<meta name=\"twitter:label1\" content=\"Skriven av\" \/>\n\t<meta name=\"twitter:data1\" content=\"\u00c5ke Bonnier\" \/>\n\t<meta name=\"twitter:label2\" content=\"Ber\u00e4knad l\u00e4stid\" \/>\n\t<meta name=\"twitter:data2\" content=\"3 minuter\" \/>\n<script type=\"application\/ld+json\" class=\"yoast-schema-graph\">{\"@context\":\"https:\/\/schema.org\",\"@graph\":[{\"@type\":\"Article\",\"@id\":\"https:\/\/blogg.svenskakyrkan.se\/akebonnier\/2011\/01\/09\/en-ekumenisk-boneappell\/#article\",\"isPartOf\":{\"@id\":\"https:\/\/blogg.svenskakyrkan.se\/akebonnier\/2011\/01\/09\/en-ekumenisk-boneappell\/\"},\"author\":{\"name\":\"\u00c5ke Bonnier\",\"@id\":\"https:\/\/blogg.svenskakyrkan.se\/akebonnier\/#\/schema\/person\/8db68bc0c94f6a5a62df2d4486ff1343\"},\"headline\":\"En ekumenisk b\u00f6neappell\",\"datePublished\":\"2011-01-09T18:43:00+00:00\",\"mainEntityOfPage\":{\"@id\":\"https:\/\/blogg.svenskakyrkan.se\/akebonnier\/2011\/01\/09\/en-ekumenisk-boneappell\/\"},\"wordCount\":605,\"commentCount\":18,\"image\":{\"@id\":\"https:\/\/blogg.svenskakyrkan.se\/akebonnier\/2011\/01\/09\/en-ekumenisk-boneappell\/#primaryimage\"},\"thumbnailUrl\":\"https:\/\/blogger.googleusercontent.com\/tracker\/9055441369901436026-434409031705774848?l=akebonnier.blogspot.com\",\"inLanguage\":\"sv-SE\",\"potentialAction\":[{\"@type\":\"CommentAction\",\"name\":\"Comment\",\"target\":[\"https:\/\/blogg.svenskakyrkan.se\/akebonnier\/2011\/01\/09\/en-ekumenisk-boneappell\/#respond\"]}]},{\"@type\":\"WebPage\",\"@id\":\"https:\/\/blogg.svenskakyrkan.se\/akebonnier\/2011\/01\/09\/en-ekumenisk-boneappell\/\",\"url\":\"https:\/\/blogg.svenskakyrkan.se\/akebonnier\/2011\/01\/09\/en-ekumenisk-boneappell\/\",\"name\":\"En ekumenisk b\u00f6neappell - \u00c5ke Bonnier\",\"isPartOf\":{\"@id\":\"https:\/\/blogg.svenskakyrkan.se\/akebonnier\/#website\"},\"primaryImageOfPage\":{\"@id\":\"https:\/\/blogg.svenskakyrkan.se\/akebonnier\/2011\/01\/09\/en-ekumenisk-boneappell\/#primaryimage\"},\"image\":{\"@id\":\"https:\/\/blogg.svenskakyrkan.se\/akebonnier\/2011\/01\/09\/en-ekumenisk-boneappell\/#primaryimage\"},\"thumbnailUrl\":\"https:\/\/blogger.googleusercontent.com\/tracker\/9055441369901436026-434409031705774848?l=akebonnier.blogspot.com\",\"datePublished\":\"2011-01-09T18:43:00+00:00\",\"author\":{\"@id\":\"https:\/\/blogg.svenskakyrkan.se\/akebonnier\/#\/schema\/person\/8db68bc0c94f6a5a62df2d4486ff1343\"},\"breadcrumb\":{\"@id\":\"https:\/\/blogg.svenskakyrkan.se\/akebonnier\/2011\/01\/09\/en-ekumenisk-boneappell\/#breadcrumb\"},\"inLanguage\":\"sv-SE\",\"potentialAction\":[{\"@type\":\"ReadAction\",\"target\":[\"https:\/\/blogg.svenskakyrkan.se\/akebonnier\/2011\/01\/09\/en-ekumenisk-boneappell\/\"]}]},{\"@type\":\"ImageObject\",\"inLanguage\":\"sv-SE\",\"@id\":\"https:\/\/blogg.svenskakyrkan.se\/akebonnier\/2011\/01\/09\/en-ekumenisk-boneappell\/#primaryimage\",\"url\":\"https:\/\/blogger.googleusercontent.com\/tracker\/9055441369901436026-434409031705774848?l=akebonnier.blogspot.com\",\"contentUrl\":\"https:\/\/blogger.googleusercontent.com\/tracker\/9055441369901436026-434409031705774848?l=akebonnier.blogspot.com\"},{\"@type\":\"BreadcrumbList\",\"@id\":\"https:\/\/blogg.svenskakyrkan.se\/akebonnier\/2011\/01\/09\/en-ekumenisk-boneappell\/#breadcrumb\",\"itemListElement\":[{\"@type\":\"ListItem\",\"position\":1,\"name\":\"Hem\",\"item\":\"https:\/\/blogg.svenskakyrkan.se\/akebonnier\/\"},{\"@type\":\"ListItem\",\"position\":2,\"name\":\"En ekumenisk b\u00f6neappell\"}]},{\"@type\":\"WebSite\",\"@id\":\"https:\/\/blogg.svenskakyrkan.se\/akebonnier\/#website\",\"url\":\"https:\/\/blogg.svenskakyrkan.se\/akebonnier\/\",\"name\":\"\u00c5ke Bonnier\",\"description\":\"Biskop i Svenska kyrkan - Skara stift\",\"potentialAction\":[{\"@type\":\"SearchAction\",\"target\":{\"@type\":\"EntryPoint\",\"urlTemplate\":\"https:\/\/blogg.svenskakyrkan.se\/akebonnier\/?s={search_term_string}\"},\"query-input\":{\"@type\":\"PropertyValueSpecification\",\"valueRequired\":true,\"valueName\":\"search_term_string\"}}],\"inLanguage\":\"sv-SE\"},{\"@type\":\"Person\",\"@id\":\"https:\/\/blogg.svenskakyrkan.se\/akebonnier\/#\/schema\/person\/8db68bc0c94f6a5a62df2d4486ff1343\",\"name\":\"\u00c5ke Bonnier\",\"image\":{\"@type\":\"ImageObject\",\"inLanguage\":\"sv-SE\",\"@id\":\"https:\/\/blogg.svenskakyrkan.se\/akebonnier\/#\/schema\/person\/image\/\",\"url\":\"https:\/\/secure.gravatar.com\/avatar\/b88264736bb0bc0d1ea92298aef02c9f98cfc13c7484130c42c663ae484f9462?s=96&d=mm&r=g\",\"contentUrl\":\"https:\/\/secure.gravatar.com\/avatar\/b88264736bb0bc0d1ea92298aef02c9f98cfc13c7484130c42c663ae484f9462?s=96&d=mm&r=g\",\"caption\":\"\u00c5ke Bonnier\"},\"description\":\"Jag \u00e4r gift och har tv\u00e5 vuxna d\u00f6ttrar. Pr\u00e4stvigdes 1984 och biskopsvigs 26 augusti 2012 . Jag har tidigare bland annat varit, komminister och kyrkoherde i Liding\u00f6 f\u00f6rsamling och domprost i Stockholms domkyrkof\u00f6rsamling. Jag \u00e4r intresserad av konst, litteratur, teater, film. Jag tr\u00e4nar regelbundet p\u00e5 gym. Mitt huvudsakliga musikintresse \u00e4r klassisk musik men ocks\u00e5 Beatles, Elvis Presley, Monika Zettelund, Povel Ramel och m\u00e5nga andra tycker jag om att lyssna p\u00e5. Jag l\u00e4ser f\u00f6r lite sk\u00f6nlitteratur beroende p\u00e5 annat som jag m\u00e5ste l\u00e4sa i mitt uppdrag som biskop. Men jag \u00e4lskar b\u00f6cker. Naturligtvis l\u00e4ser jag n\u00e4st intill dagligdags i \\\"B\u00f6ckernas Bok.\\\"\",\"sameAs\":[\"http:\/\/www.skarastift.se\"],\"url\":\"https:\/\/blogg.svenskakyrkan.se\/akebonnier\/author\/akebonnier\/\"}]}<\/script>\n<!-- \/ Yoast SEO plugin. -->","yoast_head_json":{"title":"En ekumenisk b\u00f6neappell - \u00c5ke Bonnier","robots":{"index":"index","follow":"follow","max-snippet":"max-snippet:-1","max-image-preview":"max-image-preview:large","max-video-preview":"max-video-preview:-1"},"canonical":"https:\/\/blogg.svenskakyrkan.se\/akebonnier\/2011\/01\/09\/en-ekumenisk-boneappell\/","og_locale":"sv_SE","og_type":"article","og_title":"En ekumenisk b\u00f6neappell - \u00c5ke Bonnier","og_description":"Olof Djurfeldt, tidigare chefredakt\u00f6r f\u00f6r tidningen Dagen, skriver i en g\u00e4stkr\u00f6nika i senaste numret av n\u00e4mnda tidning: Vi beh\u00f6ver, enligt Pingsts b\u00f6neappell, ha Guds svar p\u00e5 de h\u00e4r fr\u00e5gorna:Hur kan vi p\u00e5 ett relevant n\u00e5 v\u00e5r tid med evangelium?Hur kan vi i h\u00f6gre grad medverka till att m\u00f6ta de sociala behoven, ensamhet och utanf\u00f6rskap i [&hellip;]","og_url":"https:\/\/blogg.svenskakyrkan.se\/akebonnier\/2011\/01\/09\/en-ekumenisk-boneappell\/","og_site_name":"\u00c5ke Bonnier","article_published_time":"2011-01-09T18:43:00+00:00","og_image":[{"url":"https:\/\/blogger.googleusercontent.com\/tracker\/9055441369901436026-434409031705774848?l=akebonnier.blogspot.com","type":"","width":"","height":""}],"author":"\u00c5ke Bonnier","twitter_card":"summary_large_image","twitter_misc":{"Skriven av":"\u00c5ke Bonnier","Ber\u00e4knad l\u00e4stid":"3 minuter"},"schema":{"@context":"https:\/\/schema.org","@graph":[{"@type":"Article","@id":"https:\/\/blogg.svenskakyrkan.se\/akebonnier\/2011\/01\/09\/en-ekumenisk-boneappell\/#article","isPartOf":{"@id":"https:\/\/blogg.svenskakyrkan.se\/akebonnier\/2011\/01\/09\/en-ekumenisk-boneappell\/"},"author":{"name":"\u00c5ke Bonnier","@id":"https:\/\/blogg.svenskakyrkan.se\/akebonnier\/#\/schema\/person\/8db68bc0c94f6a5a62df2d4486ff1343"},"headline":"En ekumenisk b\u00f6neappell","datePublished":"2011-01-09T18:43:00+00:00","mainEntityOfPage":{"@id":"https:\/\/blogg.svenskakyrkan.se\/akebonnier\/2011\/01\/09\/en-ekumenisk-boneappell\/"},"wordCount":605,"commentCount":18,"image":{"@id":"https:\/\/blogg.svenskakyrkan.se\/akebonnier\/2011\/01\/09\/en-ekumenisk-boneappell\/#primaryimage"},"thumbnailUrl":"https:\/\/blogger.googleusercontent.com\/tracker\/9055441369901436026-434409031705774848?l=akebonnier.blogspot.com","inLanguage":"sv-SE","potentialAction":[{"@type":"CommentAction","name":"Comment","target":["https:\/\/blogg.svenskakyrkan.se\/akebonnier\/2011\/01\/09\/en-ekumenisk-boneappell\/#respond"]}]},{"@type":"WebPage","@id":"https:\/\/blogg.svenskakyrkan.se\/akebonnier\/2011\/01\/09\/en-ekumenisk-boneappell\/","url":"https:\/\/blogg.svenskakyrkan.se\/akebonnier\/2011\/01\/09\/en-ekumenisk-boneappell\/","name":"En ekumenisk b\u00f6neappell - \u00c5ke Bonnier","isPartOf":{"@id":"https:\/\/blogg.svenskakyrkan.se\/akebonnier\/#website"},"primaryImageOfPage":{"@id":"https:\/\/blogg.svenskakyrkan.se\/akebonnier\/2011\/01\/09\/en-ekumenisk-boneappell\/#primaryimage"},"image":{"@id":"https:\/\/blogg.svenskakyrkan.se\/akebonnier\/2011\/01\/09\/en-ekumenisk-boneappell\/#primaryimage"},"thumbnailUrl":"https:\/\/blogger.googleusercontent.com\/tracker\/9055441369901436026-434409031705774848?l=akebonnier.blogspot.com","datePublished":"2011-01-09T18:43:00+00:00","author":{"@id":"https:\/\/blogg.svenskakyrkan.se\/akebonnier\/#\/schema\/person\/8db68bc0c94f6a5a62df2d4486ff1343"},"breadcrumb":{"@id":"https:\/\/blogg.svenskakyrkan.se\/akebonnier\/2011\/01\/09\/en-ekumenisk-boneappell\/#breadcrumb"},"inLanguage":"sv-SE","potentialAction":[{"@type":"ReadAction","target":["https:\/\/blogg.svenskakyrkan.se\/akebonnier\/2011\/01\/09\/en-ekumenisk-boneappell\/"]}]},{"@type":"ImageObject","inLanguage":"sv-SE","@id":"https:\/\/blogg.svenskakyrkan.se\/akebonnier\/2011\/01\/09\/en-ekumenisk-boneappell\/#primaryimage","url":"https:\/\/blogger.googleusercontent.com\/tracker\/9055441369901436026-434409031705774848?l=akebonnier.blogspot.com","contentUrl":"https:\/\/blogger.googleusercontent.com\/tracker\/9055441369901436026-434409031705774848?l=akebonnier.blogspot.com"},{"@type":"BreadcrumbList","@id":"https:\/\/blogg.svenskakyrkan.se\/akebonnier\/2011\/01\/09\/en-ekumenisk-boneappell\/#breadcrumb","itemListElement":[{"@type":"ListItem","position":1,"name":"Hem","item":"https:\/\/blogg.svenskakyrkan.se\/akebonnier\/"},{"@type":"ListItem","position":2,"name":"En ekumenisk b\u00f6neappell"}]},{"@type":"WebSite","@id":"https:\/\/blogg.svenskakyrkan.se\/akebonnier\/#website","url":"https:\/\/blogg.svenskakyrkan.se\/akebonnier\/","name":"\u00c5ke Bonnier","description":"Biskop i Svenska kyrkan - Skara stift","potentialAction":[{"@type":"SearchAction","target":{"@type":"EntryPoint","urlTemplate":"https:\/\/blogg.svenskakyrkan.se\/akebonnier\/?s={search_term_string}"},"query-input":{"@type":"PropertyValueSpecification","valueRequired":true,"valueName":"search_term_string"}}],"inLanguage":"sv-SE"},{"@type":"Person","@id":"https:\/\/blogg.svenskakyrkan.se\/akebonnier\/#\/schema\/person\/8db68bc0c94f6a5a62df2d4486ff1343","name":"\u00c5ke Bonnier","image":{"@type":"ImageObject","inLanguage":"sv-SE","@id":"https:\/\/blogg.svenskakyrkan.se\/akebonnier\/#\/schema\/person\/image\/","url":"https:\/\/secure.gravatar.com\/avatar\/b88264736bb0bc0d1ea92298aef02c9f98cfc13c7484130c42c663ae484f9462?s=96&d=mm&r=g","contentUrl":"https:\/\/secure.gravatar.com\/avatar\/b88264736bb0bc0d1ea92298aef02c9f98cfc13c7484130c42c663ae484f9462?s=96&d=mm&r=g","caption":"\u00c5ke Bonnier"},"description":"Jag \u00e4r gift och har tv\u00e5 vuxna d\u00f6ttrar. Pr\u00e4stvigdes 1984 och biskopsvigs 26 augusti 2012 . Jag har tidigare bland annat varit, komminister och kyrkoherde i Liding\u00f6 f\u00f6rsamling och domprost i Stockholms domkyrkof\u00f6rsamling. Jag \u00e4r intresserad av konst, litteratur, teater, film. Jag tr\u00e4nar regelbundet p\u00e5 gym. Mitt huvudsakliga musikintresse \u00e4r klassisk musik men ocks\u00e5 Beatles, Elvis Presley, Monika Zettelund, Povel Ramel och m\u00e5nga andra tycker jag om att lyssna p\u00e5. Jag l\u00e4ser f\u00f6r lite sk\u00f6nlitteratur beroende p\u00e5 annat som jag m\u00e5ste l\u00e4sa i mitt uppdrag som biskop. Men jag \u00e4lskar b\u00f6cker. Naturligtvis l\u00e4ser jag n\u00e4st intill dagligdags i \"B\u00f6ckernas Bok.\"","sameAs":["http:\/\/www.skarastift.se"],"url":"https:\/\/blogg.svenskakyrkan.se\/akebonnier\/author\/akebonnier\/"}]}},"author_meta":{"ID":"108","user_nicename":"akebonnier","user_url":"http:\/\/www.skarastift.se","user_registered":"2011-10-11 09:24:48","display_name":"\u00c5ke Bonnier","first_name":"\u00c5ke","last_name":"Bonnier","avatar":"https:\/\/secure.gravatar.com\/avatar\/b88264736bb0bc0d1ea92298aef02c9f98cfc13c7484130c42c663ae484f9462?s=96&d=mm&r=g"},"featured_image":false,"bloginfo":{"name":"\u00c5ke Bonnier","url":"https:\/\/blogg.svenskakyrkan.se\/akebonnier"},"_links":{"self":[{"href":"https:\/\/blogg.svenskakyrkan.se\/akebonnier\/wp-json\/wp\/v2\/posts\/495","targetHints":{"allow":["GET"]}}],"collection":[{"href":"https:\/\/blogg.svenskakyrkan.se\/akebonnier\/wp-json\/wp\/v2\/posts"}],"about":[{"href":"https:\/\/blogg.svenskakyrkan.se\/akebonnier\/wp-json\/wp\/v2\/types\/post"}],"author":[{"embeddable":true,"href":"https:\/\/blogg.svenskakyrkan.se\/akebonnier\/wp-json\/wp\/v2\/users\/108"}],"replies":[{"embeddable":true,"href":"https:\/\/blogg.svenskakyrkan.se\/akebonnier\/wp-json\/wp\/v2\/comments?post=495"}],"version-history":[{"count":0,"href":"https:\/\/blogg.svenskakyrkan.se\/akebonnier\/wp-json\/wp\/v2\/posts\/495\/revisions"}],"wp:attachment":[{"href":"https:\/\/blogg.svenskakyrkan.se\/akebonnier\/wp-json\/wp\/v2\/media?parent=495"}],"wp:term":[{"taxonomy":"category","embeddable":true,"href":"https:\/\/blogg.svenskakyrkan.se\/akebonnier\/wp-json\/wp\/v2\/categories?post=495"},{"taxonomy":"post_tag","embeddable":true,"href":"https:\/\/blogg.svenskakyrkan.se\/akebonnier\/wp-json\/wp\/v2\/tags?post=495"}],"curies":[{"name":"wp","href":"https:\/\/api.w.org\/{rel}","templated":true}]}}