{"id":499,"date":"2011-01-27T20:04:00","date_gmt":"2011-01-27T20:04:00","guid":{"rendered":"http:\/\/blogg.svenskakyrkan.se\/akebonnier\/2011\/01\/27\/yad-vashem\/"},"modified":"2011-01-27T20:04:00","modified_gmt":"2011-01-27T20:04:00","slug":"yad-vashem","status":"publish","type":"post","link":"https:\/\/blogg.svenskakyrkan.se\/akebonnier\/2011\/01\/27\/yad-vashem\/","title":{"rendered":"Yad Vashem"},"content":{"rendered":"<p><a href=\"http:\/\/4.bp.blogspot.com\/_L3wVnmY-x14\/TUHUpu22u5I\/AAAAAAAAAHo\/q_Lo9H0SZiY\/s1600\/0507yadVashem.jpg\"><img decoding=\"async\" border=\"0\" alt=\"\" src=\"http:\/\/4.bp.blogspot.com\/_L3wVnmY-x14\/TUHUpu22u5I\/AAAAAAAAAHo\/q_Lo9H0SZiY\/s320\/0507yadVashem.jpg\" \/><\/a><\/p>\n<div><em><strong><span style=\"color:#ff0000\">&#8221;&#8230;de skall i mitt hus, inom mina murar, f\u00e5 ett namn, ett \u00e4reminne som \u00e4r b\u00e4ttre \u00e4n s\u00f6ner och d\u00f6ttrar. Ett evigt, of\u00f6rg\u00e4ngligt namn skall jag ge dem.&#8221;<\/span><\/strong><\/em> Orden \u00e4r h\u00e4mtade fr\u00e5n profeten Jesaja (56:5) och st\u00e5r tecknade med stora hebreiska tecken p\u00e5 en av ytterv\u00e4ggarna p\u00e5 det historiska museet inom Yad Vashem, f\u00f6rintelsemuseet i Jerusalem. Att g\u00e5 in i det museet \u00e4r att g\u00e5 in i helvetet, en av ing\u00e5ngarna. Successivt f\u00f6rs man l\u00e4ngre och l\u00e4ngre ned, ocks\u00e5 rent fysiskt) tills allt handlar om f\u00f6rintelse, utpl\u00e5ning, d\u00f6dsl\u00e4ger och industriellt m\u00f6rdande. <\/div>\n<div>I dag \u00e4r det f\u00f6rintelsedagen, en dag n\u00e4r man i Stora synagogan i Stockholm har en \u00e5minnelsesamling. Vi beh\u00f6ver sannerligen minnas det dj\u00e4vulska, minnas f\u00f6r att kunna l\u00e4ra, minnas f\u00f6r att kunna s\u00e4ga om och om igen: aldrig mer! Men \u00e4nd\u00e5 tycks vi inte kunna l\u00e4ra fullt ut av historien. 6 miljoner judar m\u00f6rdades av Hitlers anhang. Det \u00e4r en ofattbar summa av individer. Dessutom ett or\u00e4kneligt antal Romer och homosexuella. De s\u00e4ndes in i en s\u00e4ker d\u00f6d p gr av sin identitet.<\/div>\n<div> <\/div>\n<div>Vad betyder orden &#8221;Aldrig mer&#8221;? Hur l\u00e4r vi i nutiden av d\u00e5tiden? Vad betyder l\u00e4rdomen f\u00f6r v\u00e5rt multikulturella samh\u00e4lle. N\u00e4r kristna talar om att vi m\u00e5ste bek\u00e4mpa Islam, n\u00e4r Sverigedemokraterna eldar p\u00e5 med sin antiattityd, vilka l\u00e4rdomar b\u00e4r vi d\u00e5 med oss fr\u00e5n helvetet f\u00f6r dryga 60 \u00e5r sedan? Vi f\u00e5r inte bli historiel\u00f6sa. Historiel\u00f6shet manar till m\u00e4nniskof\u00f6rakt och egocentrering.<\/div>\n<div><span style=\"color:#ff0000\"><strong><em>&#8221;&#8230;de skall i mitt hus, inom mina murar, f\u00e5 ett namn, ett \u00e4reminne som \u00e4r b\u00e4ttre \u00e4n s\u00f6ner och d\u00f6ttrar. Ett evigt, of\u00f6rg\u00e4ngligt namn skall jag ge dem.&#8221; <\/em><\/strong><span style=\"color:#000000\">V\u00e5ra judiska systrar och br\u00f6der och v\u00e5ra muslimska systrar och br\u00f6der m\u00e5ste kunna leva i v\u00e5rt land och leva i enlighet med sin religi\u00f6sa identitet s\u00e5 l\u00e4nge det inte handlar om s\u00e5dant som direkt strider mot v\u00e5r lagstiftning d\u00e4r man g\u00f6r andra eller sig sj\u00e4lv illa.<\/span><\/span><\/div>\n<div> <\/div>\n<div>Ibland beskylls jag f\u00f6r att vara naiv. Jo, jag kanske \u00e4r det. Men jag \u00e4r hellre naiv i en kamp f\u00f6r ett positivt multireligi\u00f6st och multikulturellt samh\u00e4lle d\u00e4r vi kan leva tillsammans i respekt och stolthet \u00e4n &#8221;klok&#8221; och uteslutande, utest\u00e4ngande. Vi som \u00e4r kristna borde st\u00e5 upp f\u00f6r det m\u00e5ngreligi\u00f6sa, m\u00e5ngkulturella i en naiv entusiasm. F\u00f6r s\u00e5dan \u00e4r v\u00e5r kallelse, en kallelse till en kamp f\u00f6r Guds rike. Jesus s\u00e4ger: <span style=\"color:#ff0000\"><strong><em>Den som inte tar emot Guds rike som ett barn, kommer aldrig dit in. <\/em><\/strong><\/span><span style=\"color:#000000\">(Mark 10:16).<\/span><\/div>\n<div><span style=\"color:#ff0000\"><span style=\"color:#000000\"><\/span><\/span> <\/div>\n<div><span style=\"color:#ff0000\"><span style=\"color:#000000\">Gud, hj\u00e4lp oss att leva i respekt f\u00f6r varandra, i trohet mot Dig, burna av Dig. Amen!<\/span><\/div>\n<p><\/span><\/p>\n<p><span style=\"color:#ff0000\"><\/p>\n<div><\/span><\/div>\n<div class=\"blogger-post-footer\"><img width='1' height='1' src='https:\/\/blogger.googleusercontent.com\/tracker\/9055441369901436026-8846742610068129152?l=akebonnier.blogspot.com' alt='' \/><\/div>\n","protected":false},"excerpt":{"rendered":"<p>&#8221;&#8230;de skall i mitt hus, inom mina murar, f\u00e5 ett namn, ett \u00e4reminne som \u00e4r b\u00e4ttre \u00e4n s\u00f6ner och d\u00f6ttrar. Ett evigt, of\u00f6rg\u00e4ngligt namn skall jag ge dem.&#8221; Orden \u00e4r h\u00e4mtade fr\u00e5n profeten Jesaja (56:5) och st\u00e5r tecknade med stora hebreiska tecken p\u00e5 en av ytterv\u00e4ggarna p\u00e5 det historiska museet inom Yad Vashem, f\u00f6rintelsemuseet i [&hellip;]<\/p>\n","protected":false},"author":108,"featured_media":0,"comment_status":"open","ping_status":"open","sticky":false,"template":"","format":"standard","meta":{"_acf_changed":false,"footnotes":""},"categories":[9],"tags":[],"class_list":["post-499","post","type-post","status-publish","format-standard","hentry","category-okategoriserade"],"acf":[],"yoast_head":"<!-- This site is optimized with the Yoast SEO plugin v27.1.1 - https:\/\/yoast.com\/product\/yoast-seo-wordpress\/ -->\n<title>Yad Vashem - \u00c5ke Bonnier<\/title>\n<meta name=\"robots\" content=\"index, follow, max-snippet:-1, max-image-preview:large, max-video-preview:-1\" \/>\n<link rel=\"canonical\" href=\"https:\/\/blogg.svenskakyrkan.se\/akebonnier\/2011\/01\/27\/yad-vashem\/\" \/>\n<meta property=\"og:locale\" content=\"sv_SE\" \/>\n<meta property=\"og:type\" content=\"article\" \/>\n<meta property=\"og:title\" content=\"Yad Vashem - \u00c5ke Bonnier\" \/>\n<meta property=\"og:description\" content=\"&#8221;&#8230;de skall i mitt hus, inom mina murar, f\u00e5 ett namn, ett \u00e4reminne som \u00e4r b\u00e4ttre \u00e4n s\u00f6ner och d\u00f6ttrar. Ett evigt, of\u00f6rg\u00e4ngligt namn skall jag ge dem.&#8221; Orden \u00e4r h\u00e4mtade fr\u00e5n profeten Jesaja (56:5) och st\u00e5r tecknade med stora hebreiska tecken p\u00e5 en av ytterv\u00e4ggarna p\u00e5 det historiska museet inom Yad Vashem, f\u00f6rintelsemuseet i [&hellip;]\" \/>\n<meta property=\"og:url\" content=\"https:\/\/blogg.svenskakyrkan.se\/akebonnier\/2011\/01\/27\/yad-vashem\/\" \/>\n<meta property=\"og:site_name\" content=\"\u00c5ke Bonnier\" \/>\n<meta property=\"article:published_time\" content=\"2011-01-27T20:04:00+00:00\" \/>\n<meta property=\"og:image\" content=\"http:\/\/4.bp.blogspot.com\/_L3wVnmY-x14\/TUHUpu22u5I\/AAAAAAAAAHo\/q_Lo9H0SZiY\/s320\/0507yadVashem.jpg\" \/>\n<meta name=\"author\" content=\"\u00c5ke Bonnier\" \/>\n<meta name=\"twitter:card\" content=\"summary_large_image\" \/>\n<meta name=\"twitter:label1\" content=\"Skriven av\" \/>\n\t<meta name=\"twitter:data1\" content=\"\u00c5ke Bonnier\" \/>\n\t<meta name=\"twitter:label2\" content=\"Ber\u00e4knad l\u00e4stid\" \/>\n\t<meta name=\"twitter:data2\" content=\"2 minuter\" \/>\n<script type=\"application\/ld+json\" class=\"yoast-schema-graph\">{\"@context\":\"https:\/\/schema.org\",\"@graph\":[{\"@type\":\"Article\",\"@id\":\"https:\/\/blogg.svenskakyrkan.se\/akebonnier\/2011\/01\/27\/yad-vashem\/#article\",\"isPartOf\":{\"@id\":\"https:\/\/blogg.svenskakyrkan.se\/akebonnier\/2011\/01\/27\/yad-vashem\/\"},\"author\":{\"name\":\"\u00c5ke Bonnier\",\"@id\":\"https:\/\/blogg.svenskakyrkan.se\/akebonnier\/#\/schema\/person\/8db68bc0c94f6a5a62df2d4486ff1343\"},\"headline\":\"Yad Vashem\",\"datePublished\":\"2011-01-27T20:04:00+00:00\",\"mainEntityOfPage\":{\"@id\":\"https:\/\/blogg.svenskakyrkan.se\/akebonnier\/2011\/01\/27\/yad-vashem\/\"},\"wordCount\":497,\"commentCount\":30,\"image\":{\"@id\":\"https:\/\/blogg.svenskakyrkan.se\/akebonnier\/2011\/01\/27\/yad-vashem\/#primaryimage\"},\"thumbnailUrl\":\"http:\/\/4.bp.blogspot.com\/_L3wVnmY-x14\/TUHUpu22u5I\/AAAAAAAAAHo\/q_Lo9H0SZiY\/s320\/0507yadVashem.jpg\",\"inLanguage\":\"sv-SE\",\"potentialAction\":[{\"@type\":\"CommentAction\",\"name\":\"Comment\",\"target\":[\"https:\/\/blogg.svenskakyrkan.se\/akebonnier\/2011\/01\/27\/yad-vashem\/#respond\"]}]},{\"@type\":\"WebPage\",\"@id\":\"https:\/\/blogg.svenskakyrkan.se\/akebonnier\/2011\/01\/27\/yad-vashem\/\",\"url\":\"https:\/\/blogg.svenskakyrkan.se\/akebonnier\/2011\/01\/27\/yad-vashem\/\",\"name\":\"Yad Vashem - \u00c5ke Bonnier\",\"isPartOf\":{\"@id\":\"https:\/\/blogg.svenskakyrkan.se\/akebonnier\/#website\"},\"primaryImageOfPage\":{\"@id\":\"https:\/\/blogg.svenskakyrkan.se\/akebonnier\/2011\/01\/27\/yad-vashem\/#primaryimage\"},\"image\":{\"@id\":\"https:\/\/blogg.svenskakyrkan.se\/akebonnier\/2011\/01\/27\/yad-vashem\/#primaryimage\"},\"thumbnailUrl\":\"http:\/\/4.bp.blogspot.com\/_L3wVnmY-x14\/TUHUpu22u5I\/AAAAAAAAAHo\/q_Lo9H0SZiY\/s320\/0507yadVashem.jpg\",\"datePublished\":\"2011-01-27T20:04:00+00:00\",\"author\":{\"@id\":\"https:\/\/blogg.svenskakyrkan.se\/akebonnier\/#\/schema\/person\/8db68bc0c94f6a5a62df2d4486ff1343\"},\"breadcrumb\":{\"@id\":\"https:\/\/blogg.svenskakyrkan.se\/akebonnier\/2011\/01\/27\/yad-vashem\/#breadcrumb\"},\"inLanguage\":\"sv-SE\",\"potentialAction\":[{\"@type\":\"ReadAction\",\"target\":[\"https:\/\/blogg.svenskakyrkan.se\/akebonnier\/2011\/01\/27\/yad-vashem\/\"]}]},{\"@type\":\"ImageObject\",\"inLanguage\":\"sv-SE\",\"@id\":\"https:\/\/blogg.svenskakyrkan.se\/akebonnier\/2011\/01\/27\/yad-vashem\/#primaryimage\",\"url\":\"http:\/\/4.bp.blogspot.com\/_L3wVnmY-x14\/TUHUpu22u5I\/AAAAAAAAAHo\/q_Lo9H0SZiY\/s320\/0507yadVashem.jpg\",\"contentUrl\":\"http:\/\/4.bp.blogspot.com\/_L3wVnmY-x14\/TUHUpu22u5I\/AAAAAAAAAHo\/q_Lo9H0SZiY\/s320\/0507yadVashem.jpg\"},{\"@type\":\"BreadcrumbList\",\"@id\":\"https:\/\/blogg.svenskakyrkan.se\/akebonnier\/2011\/01\/27\/yad-vashem\/#breadcrumb\",\"itemListElement\":[{\"@type\":\"ListItem\",\"position\":1,\"name\":\"Hem\",\"item\":\"https:\/\/blogg.svenskakyrkan.se\/akebonnier\/\"},{\"@type\":\"ListItem\",\"position\":2,\"name\":\"Yad Vashem\"}]},{\"@type\":\"WebSite\",\"@id\":\"https:\/\/blogg.svenskakyrkan.se\/akebonnier\/#website\",\"url\":\"https:\/\/blogg.svenskakyrkan.se\/akebonnier\/\",\"name\":\"\u00c5ke Bonnier\",\"description\":\"Biskop i Svenska kyrkan - Skara stift\",\"potentialAction\":[{\"@type\":\"SearchAction\",\"target\":{\"@type\":\"EntryPoint\",\"urlTemplate\":\"https:\/\/blogg.svenskakyrkan.se\/akebonnier\/?s={search_term_string}\"},\"query-input\":{\"@type\":\"PropertyValueSpecification\",\"valueRequired\":true,\"valueName\":\"search_term_string\"}}],\"inLanguage\":\"sv-SE\"},{\"@type\":\"Person\",\"@id\":\"https:\/\/blogg.svenskakyrkan.se\/akebonnier\/#\/schema\/person\/8db68bc0c94f6a5a62df2d4486ff1343\",\"name\":\"\u00c5ke Bonnier\",\"image\":{\"@type\":\"ImageObject\",\"inLanguage\":\"sv-SE\",\"@id\":\"https:\/\/blogg.svenskakyrkan.se\/akebonnier\/#\/schema\/person\/image\/\",\"url\":\"https:\/\/secure.gravatar.com\/avatar\/b88264736bb0bc0d1ea92298aef02c9f98cfc13c7484130c42c663ae484f9462?s=96&d=mm&r=g\",\"contentUrl\":\"https:\/\/secure.gravatar.com\/avatar\/b88264736bb0bc0d1ea92298aef02c9f98cfc13c7484130c42c663ae484f9462?s=96&d=mm&r=g\",\"caption\":\"\u00c5ke Bonnier\"},\"description\":\"Jag \u00e4r gift och har tv\u00e5 vuxna d\u00f6ttrar. Pr\u00e4stvigdes 1984 och biskopsvigs 26 augusti 2012 . Jag har tidigare bland annat varit, komminister och kyrkoherde i Liding\u00f6 f\u00f6rsamling och domprost i Stockholms domkyrkof\u00f6rsamling. Jag \u00e4r intresserad av konst, litteratur, teater, film. Jag tr\u00e4nar regelbundet p\u00e5 gym. Mitt huvudsakliga musikintresse \u00e4r klassisk musik men ocks\u00e5 Beatles, Elvis Presley, Monika Zettelund, Povel Ramel och m\u00e5nga andra tycker jag om att lyssna p\u00e5. Jag l\u00e4ser f\u00f6r lite sk\u00f6nlitteratur beroende p\u00e5 annat som jag m\u00e5ste l\u00e4sa i mitt uppdrag som biskop. Men jag \u00e4lskar b\u00f6cker. Naturligtvis l\u00e4ser jag n\u00e4st intill dagligdags i \\\"B\u00f6ckernas Bok.\\\"\",\"sameAs\":[\"http:\/\/www.skarastift.se\"],\"url\":\"https:\/\/blogg.svenskakyrkan.se\/akebonnier\/author\/akebonnier\/\"}]}<\/script>\n<!-- \/ Yoast SEO plugin. -->","yoast_head_json":{"title":"Yad Vashem - \u00c5ke Bonnier","robots":{"index":"index","follow":"follow","max-snippet":"max-snippet:-1","max-image-preview":"max-image-preview:large","max-video-preview":"max-video-preview:-1"},"canonical":"https:\/\/blogg.svenskakyrkan.se\/akebonnier\/2011\/01\/27\/yad-vashem\/","og_locale":"sv_SE","og_type":"article","og_title":"Yad Vashem - \u00c5ke Bonnier","og_description":"&#8221;&#8230;de skall i mitt hus, inom mina murar, f\u00e5 ett namn, ett \u00e4reminne som \u00e4r b\u00e4ttre \u00e4n s\u00f6ner och d\u00f6ttrar. Ett evigt, of\u00f6rg\u00e4ngligt namn skall jag ge dem.&#8221; Orden \u00e4r h\u00e4mtade fr\u00e5n profeten Jesaja (56:5) och st\u00e5r tecknade med stora hebreiska tecken p\u00e5 en av ytterv\u00e4ggarna p\u00e5 det historiska museet inom Yad Vashem, f\u00f6rintelsemuseet i [&hellip;]","og_url":"https:\/\/blogg.svenskakyrkan.se\/akebonnier\/2011\/01\/27\/yad-vashem\/","og_site_name":"\u00c5ke Bonnier","article_published_time":"2011-01-27T20:04:00+00:00","og_image":[{"url":"http:\/\/4.bp.blogspot.com\/_L3wVnmY-x14\/TUHUpu22u5I\/AAAAAAAAAHo\/q_Lo9H0SZiY\/s320\/0507yadVashem.jpg","type":"","width":"","height":""}],"author":"\u00c5ke Bonnier","twitter_card":"summary_large_image","twitter_misc":{"Skriven av":"\u00c5ke Bonnier","Ber\u00e4knad l\u00e4stid":"2 minuter"},"schema":{"@context":"https:\/\/schema.org","@graph":[{"@type":"Article","@id":"https:\/\/blogg.svenskakyrkan.se\/akebonnier\/2011\/01\/27\/yad-vashem\/#article","isPartOf":{"@id":"https:\/\/blogg.svenskakyrkan.se\/akebonnier\/2011\/01\/27\/yad-vashem\/"},"author":{"name":"\u00c5ke Bonnier","@id":"https:\/\/blogg.svenskakyrkan.se\/akebonnier\/#\/schema\/person\/8db68bc0c94f6a5a62df2d4486ff1343"},"headline":"Yad Vashem","datePublished":"2011-01-27T20:04:00+00:00","mainEntityOfPage":{"@id":"https:\/\/blogg.svenskakyrkan.se\/akebonnier\/2011\/01\/27\/yad-vashem\/"},"wordCount":497,"commentCount":30,"image":{"@id":"https:\/\/blogg.svenskakyrkan.se\/akebonnier\/2011\/01\/27\/yad-vashem\/#primaryimage"},"thumbnailUrl":"http:\/\/4.bp.blogspot.com\/_L3wVnmY-x14\/TUHUpu22u5I\/AAAAAAAAAHo\/q_Lo9H0SZiY\/s320\/0507yadVashem.jpg","inLanguage":"sv-SE","potentialAction":[{"@type":"CommentAction","name":"Comment","target":["https:\/\/blogg.svenskakyrkan.se\/akebonnier\/2011\/01\/27\/yad-vashem\/#respond"]}]},{"@type":"WebPage","@id":"https:\/\/blogg.svenskakyrkan.se\/akebonnier\/2011\/01\/27\/yad-vashem\/","url":"https:\/\/blogg.svenskakyrkan.se\/akebonnier\/2011\/01\/27\/yad-vashem\/","name":"Yad Vashem - \u00c5ke Bonnier","isPartOf":{"@id":"https:\/\/blogg.svenskakyrkan.se\/akebonnier\/#website"},"primaryImageOfPage":{"@id":"https:\/\/blogg.svenskakyrkan.se\/akebonnier\/2011\/01\/27\/yad-vashem\/#primaryimage"},"image":{"@id":"https:\/\/blogg.svenskakyrkan.se\/akebonnier\/2011\/01\/27\/yad-vashem\/#primaryimage"},"thumbnailUrl":"http:\/\/4.bp.blogspot.com\/_L3wVnmY-x14\/TUHUpu22u5I\/AAAAAAAAAHo\/q_Lo9H0SZiY\/s320\/0507yadVashem.jpg","datePublished":"2011-01-27T20:04:00+00:00","author":{"@id":"https:\/\/blogg.svenskakyrkan.se\/akebonnier\/#\/schema\/person\/8db68bc0c94f6a5a62df2d4486ff1343"},"breadcrumb":{"@id":"https:\/\/blogg.svenskakyrkan.se\/akebonnier\/2011\/01\/27\/yad-vashem\/#breadcrumb"},"inLanguage":"sv-SE","potentialAction":[{"@type":"ReadAction","target":["https:\/\/blogg.svenskakyrkan.se\/akebonnier\/2011\/01\/27\/yad-vashem\/"]}]},{"@type":"ImageObject","inLanguage":"sv-SE","@id":"https:\/\/blogg.svenskakyrkan.se\/akebonnier\/2011\/01\/27\/yad-vashem\/#primaryimage","url":"http:\/\/4.bp.blogspot.com\/_L3wVnmY-x14\/TUHUpu22u5I\/AAAAAAAAAHo\/q_Lo9H0SZiY\/s320\/0507yadVashem.jpg","contentUrl":"http:\/\/4.bp.blogspot.com\/_L3wVnmY-x14\/TUHUpu22u5I\/AAAAAAAAAHo\/q_Lo9H0SZiY\/s320\/0507yadVashem.jpg"},{"@type":"BreadcrumbList","@id":"https:\/\/blogg.svenskakyrkan.se\/akebonnier\/2011\/01\/27\/yad-vashem\/#breadcrumb","itemListElement":[{"@type":"ListItem","position":1,"name":"Hem","item":"https:\/\/blogg.svenskakyrkan.se\/akebonnier\/"},{"@type":"ListItem","position":2,"name":"Yad Vashem"}]},{"@type":"WebSite","@id":"https:\/\/blogg.svenskakyrkan.se\/akebonnier\/#website","url":"https:\/\/blogg.svenskakyrkan.se\/akebonnier\/","name":"\u00c5ke Bonnier","description":"Biskop i Svenska kyrkan - Skara stift","potentialAction":[{"@type":"SearchAction","target":{"@type":"EntryPoint","urlTemplate":"https:\/\/blogg.svenskakyrkan.se\/akebonnier\/?s={search_term_string}"},"query-input":{"@type":"PropertyValueSpecification","valueRequired":true,"valueName":"search_term_string"}}],"inLanguage":"sv-SE"},{"@type":"Person","@id":"https:\/\/blogg.svenskakyrkan.se\/akebonnier\/#\/schema\/person\/8db68bc0c94f6a5a62df2d4486ff1343","name":"\u00c5ke Bonnier","image":{"@type":"ImageObject","inLanguage":"sv-SE","@id":"https:\/\/blogg.svenskakyrkan.se\/akebonnier\/#\/schema\/person\/image\/","url":"https:\/\/secure.gravatar.com\/avatar\/b88264736bb0bc0d1ea92298aef02c9f98cfc13c7484130c42c663ae484f9462?s=96&d=mm&r=g","contentUrl":"https:\/\/secure.gravatar.com\/avatar\/b88264736bb0bc0d1ea92298aef02c9f98cfc13c7484130c42c663ae484f9462?s=96&d=mm&r=g","caption":"\u00c5ke Bonnier"},"description":"Jag \u00e4r gift och har tv\u00e5 vuxna d\u00f6ttrar. Pr\u00e4stvigdes 1984 och biskopsvigs 26 augusti 2012 . Jag har tidigare bland annat varit, komminister och kyrkoherde i Liding\u00f6 f\u00f6rsamling och domprost i Stockholms domkyrkof\u00f6rsamling. Jag \u00e4r intresserad av konst, litteratur, teater, film. Jag tr\u00e4nar regelbundet p\u00e5 gym. Mitt huvudsakliga musikintresse \u00e4r klassisk musik men ocks\u00e5 Beatles, Elvis Presley, Monika Zettelund, Povel Ramel och m\u00e5nga andra tycker jag om att lyssna p\u00e5. Jag l\u00e4ser f\u00f6r lite sk\u00f6nlitteratur beroende p\u00e5 annat som jag m\u00e5ste l\u00e4sa i mitt uppdrag som biskop. Men jag \u00e4lskar b\u00f6cker. Naturligtvis l\u00e4ser jag n\u00e4st intill dagligdags i \"B\u00f6ckernas Bok.\"","sameAs":["http:\/\/www.skarastift.se"],"url":"https:\/\/blogg.svenskakyrkan.se\/akebonnier\/author\/akebonnier\/"}]}},"author_meta":{"ID":"108","user_nicename":"akebonnier","user_url":"http:\/\/www.skarastift.se","user_registered":"2011-10-11 09:24:48","display_name":"\u00c5ke Bonnier","first_name":"\u00c5ke","last_name":"Bonnier","avatar":"https:\/\/secure.gravatar.com\/avatar\/b88264736bb0bc0d1ea92298aef02c9f98cfc13c7484130c42c663ae484f9462?s=96&d=mm&r=g"},"featured_image":false,"bloginfo":{"name":"\u00c5ke Bonnier","url":"https:\/\/blogg.svenskakyrkan.se\/akebonnier"},"_links":{"self":[{"href":"https:\/\/blogg.svenskakyrkan.se\/akebonnier\/wp-json\/wp\/v2\/posts\/499","targetHints":{"allow":["GET"]}}],"collection":[{"href":"https:\/\/blogg.svenskakyrkan.se\/akebonnier\/wp-json\/wp\/v2\/posts"}],"about":[{"href":"https:\/\/blogg.svenskakyrkan.se\/akebonnier\/wp-json\/wp\/v2\/types\/post"}],"author":[{"embeddable":true,"href":"https:\/\/blogg.svenskakyrkan.se\/akebonnier\/wp-json\/wp\/v2\/users\/108"}],"replies":[{"embeddable":true,"href":"https:\/\/blogg.svenskakyrkan.se\/akebonnier\/wp-json\/wp\/v2\/comments?post=499"}],"version-history":[{"count":0,"href":"https:\/\/blogg.svenskakyrkan.se\/akebonnier\/wp-json\/wp\/v2\/posts\/499\/revisions"}],"wp:attachment":[{"href":"https:\/\/blogg.svenskakyrkan.se\/akebonnier\/wp-json\/wp\/v2\/media?parent=499"}],"wp:term":[{"taxonomy":"category","embeddable":true,"href":"https:\/\/blogg.svenskakyrkan.se\/akebonnier\/wp-json\/wp\/v2\/categories?post=499"},{"taxonomy":"post_tag","embeddable":true,"href":"https:\/\/blogg.svenskakyrkan.se\/akebonnier\/wp-json\/wp\/v2\/tags?post=499"}],"curies":[{"name":"wp","href":"https:\/\/api.w.org\/{rel}","templated":true}]}}