{"id":506,"date":"2011-02-24T07:24:00","date_gmt":"2011-02-24T07:24:00","guid":{"rendered":"http:\/\/blogg.svenskakyrkan.se\/akebonnier\/2011\/02\/24\/har-svenska-kyrkan-en-framtid\/"},"modified":"2011-02-24T07:24:00","modified_gmt":"2011-02-24T07:24:00","slug":"har-svenska-kyrkan-en-framtid","status":"publish","type":"post","link":"https:\/\/blogg.svenskakyrkan.se\/akebonnier\/2011\/02\/24\/har-svenska-kyrkan-en-framtid\/","title":{"rendered":"Har Svenska kyrkan en framtid?"},"content":{"rendered":"<p>Kanske \u00e4r fr\u00e5gan felst\u00e4lld? Kanske borde den vara \u00e4nnu mer tillspetsad: Har Svenska kyrkan en nutid? Vi har inte r\u00e5d att inv\u00e4nta framtiden i en kyrka d\u00e4r f\u00e4rre och f\u00e4rre \u00e4r medlemmar, d\u00e4r ekonomin blir k\u00e4rvare och k\u00e4rvare, d\u00e4r f\u00e4rre och f\u00e4rre d\u00f6ps och konfirmeras, d\u00e4r f\u00e4rre och f\u00e4rre bek\u00e4nner sig som kristna. Svenska kyrkan, och nu t\u00e4nker jag p\u00e5 den interna strukturen av personal och f\u00f6rtroendevalda, kan v\u00e4ldigt l\u00e4tt fastna i det som handlar om medel, om interna strukturer, fastna i kommunikationsplattformar, fastna i intran\u00e4t, fastna i alla m\u00f6jliga olika inre angel\u00e4genheter som naturligtvis ocks\u00e5 m\u00e5ste kunna diskuteras och hittas l\u00f6sningar p\u00e5. Men om kyrkan, b\u00e5de p\u00e5 nationell, stifts- och f\u00f6rsamlingsniv\u00e5 mest fokuserar in\u00e5t missar man m\u00e5let (som tidigare sagts \u00e4r detta definitionen f\u00f6r synd). M\u00e5let \u00e4r att g\u00f6ra Jesus Kristus k\u00e4nd, trodd, \u00e4lskad och efterf\u00f6ljd. N\u00e4r Jesus bad Petrus att kasta ut n\u00e4tet p\u00e5 djupet var det inte ett intran\u00e4t det handlade om. Jo, visst beh\u00f6ver vi fungerande kommunikationsm\u00f6jligheter \u00f6ver webben och d\u00e4r vi internt kan dela erfarenheter, material mm. N\u00e4rvaro, \u00f6ppenhet och hopp \u00e4r naturligtvis viktiga k\u00e4rnv\u00e4rden f\u00f6r oss att kommunicera ut.<\/p>\n<p>Samtidigt m\u00e5ste vi \u00e4n mer, och redan nu, samtala om hur vi kan m\u00f6ta m\u00e4nniskors l\u00e4ngtan efter ett rum, en plats d\u00e4r de kan finna den de djupast l\u00e4ngtar efter &#8211; Gud sj\u00e4lv. Jag menar inte att vi finner Gud p\u00e5 en plats. Gud \u00e4r allest\u00e4des n\u00e4rvarande, men vi beh\u00f6ver inre och yttre platser d\u00e4r vi kan uppt\u00e4cka Guds n\u00e4rvaro, d\u00e4r vi kan erfara att Jesus sj\u00e4lv \u00e4r mitt ibland oss. Svenska kyrkan p\u00e5 alla niv\u00e5er borde d\u00e4rf\u00f6r samtala mer om vad mission betyder i svensk kontext. Daniel Grahn skriver i g\u00e5rdagens tidningen Dagen aprop\u00e5 en bok som handlar om varf\u00f6r m\u00e4n hatar att g\u00e5 i kyrkan och d\u00e4r f\u00f6rfattaren talar om konkretisering och relevans: <em>&#8221;Men l\u00e5ngt, l\u00e5ngt, innan dess m\u00e5ste vi alla &#8211; m\u00e4n och kvinnor -f\u00f6rst\u00e5 evangeliets f\u00f6r\u00e4ndringskraft. Utan den insikten blir all utmaning bara meningsl\u00f6s action! Knallpulverskott i luften. Kyrkans budskap, evangeliet, handlar om synd, n\u00e5d och fr\u00e4lsning. Det \u00e4r p\u00e5 liv och d\u00f6d, s\u00e5 brutalt utmanande att det \u00e4r skamligt att vi inte f\u00f6rst\u00e5r dess kraft&#8221;.  (<a href=\"http:\/\/www.dagen.se\/dagen\/article.aspx?id=249148\">http:\/\/www.dagen.se\/dagen\/article.aspx?id=249148<\/a>)<br \/><\/em><br \/>L\u00e5t oss \u00e4n mer v\u00e5ga tala med varandra om dessa ord, om synden, om n\u00e5den, om fr\u00e4lsningen. Vi har n\u00e5got livsviktigt och livsf\u00f6r\u00e4ndrande att erbjuda. Vi har det makal\u00f6sa evangeliet om att det destruktiva inte har sista ordet, att m\u00e4nniskov\u00e4rdet inte \u00e4r beroende av de m\u00e5nga omr\u00e5denas duktighet, att r\u00e4cka. L\u00e5t oss r\u00e4cka det i tydlighet och respekt &#8211; i engagemang och stolt \u00f6dmjukhet. Men l\u00e5t oss f\u00f6r Guds skull och m\u00e4nniskans skull g\u00f6ra det nu, g\u00f6ra det h\u00f6gt och g\u00f6ra det tydligt i m\u00f6tet med den enskilde. Det \u00e4r br\u00e5ttom! Vi kan inte inv\u00e4nta kyrkans framtid f\u00f6r n\u00e4r b\u00f6rjar den om inte nu? Detta \u00e4r det viktigaste av allt! L\u00e5t oss g\u00e5 till verket tillsammans!<\/p>\n<div class=\"blogger-post-footer\"><img width='1' height='1' src='https:\/\/blogger.googleusercontent.com\/tracker\/9055441369901436026-2729815743276111747?l=akebonnier.blogspot.com' alt='' \/><\/div>\n","protected":false},"excerpt":{"rendered":"<p>Kanske \u00e4r fr\u00e5gan felst\u00e4lld? Kanske borde den vara \u00e4nnu mer tillspetsad: Har Svenska kyrkan en nutid? Vi har inte r\u00e5d att inv\u00e4nta framtiden i en kyrka d\u00e4r f\u00e4rre och f\u00e4rre \u00e4r medlemmar, d\u00e4r ekonomin blir k\u00e4rvare och k\u00e4rvare, d\u00e4r f\u00e4rre och f\u00e4rre d\u00f6ps och konfirmeras, d\u00e4r f\u00e4rre och f\u00e4rre bek\u00e4nner sig som kristna. Svenska kyrkan, [&hellip;]<\/p>\n","protected":false},"author":108,"featured_media":0,"comment_status":"open","ping_status":"open","sticky":false,"template":"","format":"standard","meta":{"_acf_changed":false,"footnotes":""},"categories":[16473],"tags":[],"class_list":["post-506","post","type-post","status-publish","format-standard","hentry","category-har-svenska-kyrkan-en-framtid"],"acf":[],"yoast_head":"<!-- This site is optimized with the Yoast SEO plugin v27.1.1 - https:\/\/yoast.com\/product\/yoast-seo-wordpress\/ -->\n<title>Har Svenska kyrkan en framtid? - \u00c5ke Bonnier<\/title>\n<meta name=\"robots\" content=\"index, follow, max-snippet:-1, max-image-preview:large, max-video-preview:-1\" \/>\n<link rel=\"canonical\" href=\"https:\/\/blogg.svenskakyrkan.se\/akebonnier\/2011\/02\/24\/har-svenska-kyrkan-en-framtid\/\" \/>\n<meta property=\"og:locale\" content=\"sv_SE\" \/>\n<meta property=\"og:type\" content=\"article\" \/>\n<meta property=\"og:title\" content=\"Har Svenska kyrkan en framtid? - \u00c5ke Bonnier\" \/>\n<meta property=\"og:description\" content=\"Kanske \u00e4r fr\u00e5gan felst\u00e4lld? Kanske borde den vara \u00e4nnu mer tillspetsad: Har Svenska kyrkan en nutid? Vi har inte r\u00e5d att inv\u00e4nta framtiden i en kyrka d\u00e4r f\u00e4rre och f\u00e4rre \u00e4r medlemmar, d\u00e4r ekonomin blir k\u00e4rvare och k\u00e4rvare, d\u00e4r f\u00e4rre och f\u00e4rre d\u00f6ps och konfirmeras, d\u00e4r f\u00e4rre och f\u00e4rre bek\u00e4nner sig som kristna. Svenska kyrkan, [&hellip;]\" \/>\n<meta property=\"og:url\" content=\"https:\/\/blogg.svenskakyrkan.se\/akebonnier\/2011\/02\/24\/har-svenska-kyrkan-en-framtid\/\" \/>\n<meta property=\"og:site_name\" content=\"\u00c5ke Bonnier\" \/>\n<meta property=\"article:published_time\" content=\"2011-02-24T07:24:00+00:00\" \/>\n<meta property=\"og:image\" content=\"https:\/\/blogger.googleusercontent.com\/tracker\/9055441369901436026-2729815743276111747?l=akebonnier.blogspot.com\" \/>\n<meta name=\"author\" content=\"\u00c5ke Bonnier\" \/>\n<meta name=\"twitter:card\" content=\"summary_large_image\" \/>\n<meta name=\"twitter:label1\" content=\"Skriven av\" \/>\n\t<meta name=\"twitter:data1\" content=\"\u00c5ke Bonnier\" \/>\n\t<meta name=\"twitter:label2\" content=\"Ber\u00e4knad l\u00e4stid\" \/>\n\t<meta name=\"twitter:data2\" content=\"3 minuter\" \/>\n<script type=\"application\/ld+json\" class=\"yoast-schema-graph\">{\"@context\":\"https:\/\/schema.org\",\"@graph\":[{\"@type\":\"Article\",\"@id\":\"https:\/\/blogg.svenskakyrkan.se\/akebonnier\/2011\/02\/24\/har-svenska-kyrkan-en-framtid\/#article\",\"isPartOf\":{\"@id\":\"https:\/\/blogg.svenskakyrkan.se\/akebonnier\/2011\/02\/24\/har-svenska-kyrkan-en-framtid\/\"},\"author\":{\"name\":\"\u00c5ke Bonnier\",\"@id\":\"https:\/\/blogg.svenskakyrkan.se\/akebonnier\/#\/schema\/person\/8db68bc0c94f6a5a62df2d4486ff1343\"},\"headline\":\"Har Svenska kyrkan en framtid?\",\"datePublished\":\"2011-02-24T07:24:00+00:00\",\"mainEntityOfPage\":{\"@id\":\"https:\/\/blogg.svenskakyrkan.se\/akebonnier\/2011\/02\/24\/har-svenska-kyrkan-en-framtid\/\"},\"wordCount\":595,\"commentCount\":27,\"image\":{\"@id\":\"https:\/\/blogg.svenskakyrkan.se\/akebonnier\/2011\/02\/24\/har-svenska-kyrkan-en-framtid\/#primaryimage\"},\"thumbnailUrl\":\"https:\/\/blogger.googleusercontent.com\/tracker\/9055441369901436026-2729815743276111747?l=akebonnier.blogspot.com\",\"articleSection\":[\"Har Svenska kyrkan en framtid\"],\"inLanguage\":\"sv-SE\",\"potentialAction\":[{\"@type\":\"CommentAction\",\"name\":\"Comment\",\"target\":[\"https:\/\/blogg.svenskakyrkan.se\/akebonnier\/2011\/02\/24\/har-svenska-kyrkan-en-framtid\/#respond\"]}]},{\"@type\":\"WebPage\",\"@id\":\"https:\/\/blogg.svenskakyrkan.se\/akebonnier\/2011\/02\/24\/har-svenska-kyrkan-en-framtid\/\",\"url\":\"https:\/\/blogg.svenskakyrkan.se\/akebonnier\/2011\/02\/24\/har-svenska-kyrkan-en-framtid\/\",\"name\":\"Har Svenska kyrkan en framtid? - \u00c5ke Bonnier\",\"isPartOf\":{\"@id\":\"https:\/\/blogg.svenskakyrkan.se\/akebonnier\/#website\"},\"primaryImageOfPage\":{\"@id\":\"https:\/\/blogg.svenskakyrkan.se\/akebonnier\/2011\/02\/24\/har-svenska-kyrkan-en-framtid\/#primaryimage\"},\"image\":{\"@id\":\"https:\/\/blogg.svenskakyrkan.se\/akebonnier\/2011\/02\/24\/har-svenska-kyrkan-en-framtid\/#primaryimage\"},\"thumbnailUrl\":\"https:\/\/blogger.googleusercontent.com\/tracker\/9055441369901436026-2729815743276111747?l=akebonnier.blogspot.com\",\"datePublished\":\"2011-02-24T07:24:00+00:00\",\"author\":{\"@id\":\"https:\/\/blogg.svenskakyrkan.se\/akebonnier\/#\/schema\/person\/8db68bc0c94f6a5a62df2d4486ff1343\"},\"breadcrumb\":{\"@id\":\"https:\/\/blogg.svenskakyrkan.se\/akebonnier\/2011\/02\/24\/har-svenska-kyrkan-en-framtid\/#breadcrumb\"},\"inLanguage\":\"sv-SE\",\"potentialAction\":[{\"@type\":\"ReadAction\",\"target\":[\"https:\/\/blogg.svenskakyrkan.se\/akebonnier\/2011\/02\/24\/har-svenska-kyrkan-en-framtid\/\"]}]},{\"@type\":\"ImageObject\",\"inLanguage\":\"sv-SE\",\"@id\":\"https:\/\/blogg.svenskakyrkan.se\/akebonnier\/2011\/02\/24\/har-svenska-kyrkan-en-framtid\/#primaryimage\",\"url\":\"https:\/\/blogger.googleusercontent.com\/tracker\/9055441369901436026-2729815743276111747?l=akebonnier.blogspot.com\",\"contentUrl\":\"https:\/\/blogger.googleusercontent.com\/tracker\/9055441369901436026-2729815743276111747?l=akebonnier.blogspot.com\"},{\"@type\":\"BreadcrumbList\",\"@id\":\"https:\/\/blogg.svenskakyrkan.se\/akebonnier\/2011\/02\/24\/har-svenska-kyrkan-en-framtid\/#breadcrumb\",\"itemListElement\":[{\"@type\":\"ListItem\",\"position\":1,\"name\":\"Hem\",\"item\":\"https:\/\/blogg.svenskakyrkan.se\/akebonnier\/\"},{\"@type\":\"ListItem\",\"position\":2,\"name\":\"Har Svenska kyrkan en framtid?\"}]},{\"@type\":\"WebSite\",\"@id\":\"https:\/\/blogg.svenskakyrkan.se\/akebonnier\/#website\",\"url\":\"https:\/\/blogg.svenskakyrkan.se\/akebonnier\/\",\"name\":\"\u00c5ke Bonnier\",\"description\":\"Biskop i Svenska kyrkan - Skara stift\",\"potentialAction\":[{\"@type\":\"SearchAction\",\"target\":{\"@type\":\"EntryPoint\",\"urlTemplate\":\"https:\/\/blogg.svenskakyrkan.se\/akebonnier\/?s={search_term_string}\"},\"query-input\":{\"@type\":\"PropertyValueSpecification\",\"valueRequired\":true,\"valueName\":\"search_term_string\"}}],\"inLanguage\":\"sv-SE\"},{\"@type\":\"Person\",\"@id\":\"https:\/\/blogg.svenskakyrkan.se\/akebonnier\/#\/schema\/person\/8db68bc0c94f6a5a62df2d4486ff1343\",\"name\":\"\u00c5ke Bonnier\",\"image\":{\"@type\":\"ImageObject\",\"inLanguage\":\"sv-SE\",\"@id\":\"https:\/\/blogg.svenskakyrkan.se\/akebonnier\/#\/schema\/person\/image\/\",\"url\":\"https:\/\/secure.gravatar.com\/avatar\/b88264736bb0bc0d1ea92298aef02c9f98cfc13c7484130c42c663ae484f9462?s=96&d=mm&r=g\",\"contentUrl\":\"https:\/\/secure.gravatar.com\/avatar\/b88264736bb0bc0d1ea92298aef02c9f98cfc13c7484130c42c663ae484f9462?s=96&d=mm&r=g\",\"caption\":\"\u00c5ke Bonnier\"},\"description\":\"Jag \u00e4r gift och har tv\u00e5 vuxna d\u00f6ttrar. Pr\u00e4stvigdes 1984 och biskopsvigs 26 augusti 2012 . Jag har tidigare bland annat varit, komminister och kyrkoherde i Liding\u00f6 f\u00f6rsamling och domprost i Stockholms domkyrkof\u00f6rsamling. Jag \u00e4r intresserad av konst, litteratur, teater, film. Jag tr\u00e4nar regelbundet p\u00e5 gym. Mitt huvudsakliga musikintresse \u00e4r klassisk musik men ocks\u00e5 Beatles, Elvis Presley, Monika Zettelund, Povel Ramel och m\u00e5nga andra tycker jag om att lyssna p\u00e5. Jag l\u00e4ser f\u00f6r lite sk\u00f6nlitteratur beroende p\u00e5 annat som jag m\u00e5ste l\u00e4sa i mitt uppdrag som biskop. Men jag \u00e4lskar b\u00f6cker. Naturligtvis l\u00e4ser jag n\u00e4st intill dagligdags i \\\"B\u00f6ckernas Bok.\\\"\",\"sameAs\":[\"http:\/\/www.skarastift.se\"],\"url\":\"https:\/\/blogg.svenskakyrkan.se\/akebonnier\/author\/akebonnier\/\"}]}<\/script>\n<!-- \/ Yoast SEO plugin. -->","yoast_head_json":{"title":"Har Svenska kyrkan en framtid? - \u00c5ke Bonnier","robots":{"index":"index","follow":"follow","max-snippet":"max-snippet:-1","max-image-preview":"max-image-preview:large","max-video-preview":"max-video-preview:-1"},"canonical":"https:\/\/blogg.svenskakyrkan.se\/akebonnier\/2011\/02\/24\/har-svenska-kyrkan-en-framtid\/","og_locale":"sv_SE","og_type":"article","og_title":"Har Svenska kyrkan en framtid? - \u00c5ke Bonnier","og_description":"Kanske \u00e4r fr\u00e5gan felst\u00e4lld? Kanske borde den vara \u00e4nnu mer tillspetsad: Har Svenska kyrkan en nutid? Vi har inte r\u00e5d att inv\u00e4nta framtiden i en kyrka d\u00e4r f\u00e4rre och f\u00e4rre \u00e4r medlemmar, d\u00e4r ekonomin blir k\u00e4rvare och k\u00e4rvare, d\u00e4r f\u00e4rre och f\u00e4rre d\u00f6ps och konfirmeras, d\u00e4r f\u00e4rre och f\u00e4rre bek\u00e4nner sig som kristna. Svenska kyrkan, [&hellip;]","og_url":"https:\/\/blogg.svenskakyrkan.se\/akebonnier\/2011\/02\/24\/har-svenska-kyrkan-en-framtid\/","og_site_name":"\u00c5ke Bonnier","article_published_time":"2011-02-24T07:24:00+00:00","og_image":[{"url":"https:\/\/blogger.googleusercontent.com\/tracker\/9055441369901436026-2729815743276111747?l=akebonnier.blogspot.com","type":"","width":"","height":""}],"author":"\u00c5ke Bonnier","twitter_card":"summary_large_image","twitter_misc":{"Skriven av":"\u00c5ke Bonnier","Ber\u00e4knad l\u00e4stid":"3 minuter"},"schema":{"@context":"https:\/\/schema.org","@graph":[{"@type":"Article","@id":"https:\/\/blogg.svenskakyrkan.se\/akebonnier\/2011\/02\/24\/har-svenska-kyrkan-en-framtid\/#article","isPartOf":{"@id":"https:\/\/blogg.svenskakyrkan.se\/akebonnier\/2011\/02\/24\/har-svenska-kyrkan-en-framtid\/"},"author":{"name":"\u00c5ke Bonnier","@id":"https:\/\/blogg.svenskakyrkan.se\/akebonnier\/#\/schema\/person\/8db68bc0c94f6a5a62df2d4486ff1343"},"headline":"Har Svenska kyrkan en framtid?","datePublished":"2011-02-24T07:24:00+00:00","mainEntityOfPage":{"@id":"https:\/\/blogg.svenskakyrkan.se\/akebonnier\/2011\/02\/24\/har-svenska-kyrkan-en-framtid\/"},"wordCount":595,"commentCount":27,"image":{"@id":"https:\/\/blogg.svenskakyrkan.se\/akebonnier\/2011\/02\/24\/har-svenska-kyrkan-en-framtid\/#primaryimage"},"thumbnailUrl":"https:\/\/blogger.googleusercontent.com\/tracker\/9055441369901436026-2729815743276111747?l=akebonnier.blogspot.com","articleSection":["Har Svenska kyrkan en framtid"],"inLanguage":"sv-SE","potentialAction":[{"@type":"CommentAction","name":"Comment","target":["https:\/\/blogg.svenskakyrkan.se\/akebonnier\/2011\/02\/24\/har-svenska-kyrkan-en-framtid\/#respond"]}]},{"@type":"WebPage","@id":"https:\/\/blogg.svenskakyrkan.se\/akebonnier\/2011\/02\/24\/har-svenska-kyrkan-en-framtid\/","url":"https:\/\/blogg.svenskakyrkan.se\/akebonnier\/2011\/02\/24\/har-svenska-kyrkan-en-framtid\/","name":"Har Svenska kyrkan en framtid? - \u00c5ke Bonnier","isPartOf":{"@id":"https:\/\/blogg.svenskakyrkan.se\/akebonnier\/#website"},"primaryImageOfPage":{"@id":"https:\/\/blogg.svenskakyrkan.se\/akebonnier\/2011\/02\/24\/har-svenska-kyrkan-en-framtid\/#primaryimage"},"image":{"@id":"https:\/\/blogg.svenskakyrkan.se\/akebonnier\/2011\/02\/24\/har-svenska-kyrkan-en-framtid\/#primaryimage"},"thumbnailUrl":"https:\/\/blogger.googleusercontent.com\/tracker\/9055441369901436026-2729815743276111747?l=akebonnier.blogspot.com","datePublished":"2011-02-24T07:24:00+00:00","author":{"@id":"https:\/\/blogg.svenskakyrkan.se\/akebonnier\/#\/schema\/person\/8db68bc0c94f6a5a62df2d4486ff1343"},"breadcrumb":{"@id":"https:\/\/blogg.svenskakyrkan.se\/akebonnier\/2011\/02\/24\/har-svenska-kyrkan-en-framtid\/#breadcrumb"},"inLanguage":"sv-SE","potentialAction":[{"@type":"ReadAction","target":["https:\/\/blogg.svenskakyrkan.se\/akebonnier\/2011\/02\/24\/har-svenska-kyrkan-en-framtid\/"]}]},{"@type":"ImageObject","inLanguage":"sv-SE","@id":"https:\/\/blogg.svenskakyrkan.se\/akebonnier\/2011\/02\/24\/har-svenska-kyrkan-en-framtid\/#primaryimage","url":"https:\/\/blogger.googleusercontent.com\/tracker\/9055441369901436026-2729815743276111747?l=akebonnier.blogspot.com","contentUrl":"https:\/\/blogger.googleusercontent.com\/tracker\/9055441369901436026-2729815743276111747?l=akebonnier.blogspot.com"},{"@type":"BreadcrumbList","@id":"https:\/\/blogg.svenskakyrkan.se\/akebonnier\/2011\/02\/24\/har-svenska-kyrkan-en-framtid\/#breadcrumb","itemListElement":[{"@type":"ListItem","position":1,"name":"Hem","item":"https:\/\/blogg.svenskakyrkan.se\/akebonnier\/"},{"@type":"ListItem","position":2,"name":"Har Svenska kyrkan en framtid?"}]},{"@type":"WebSite","@id":"https:\/\/blogg.svenskakyrkan.se\/akebonnier\/#website","url":"https:\/\/blogg.svenskakyrkan.se\/akebonnier\/","name":"\u00c5ke Bonnier","description":"Biskop i Svenska kyrkan - Skara stift","potentialAction":[{"@type":"SearchAction","target":{"@type":"EntryPoint","urlTemplate":"https:\/\/blogg.svenskakyrkan.se\/akebonnier\/?s={search_term_string}"},"query-input":{"@type":"PropertyValueSpecification","valueRequired":true,"valueName":"search_term_string"}}],"inLanguage":"sv-SE"},{"@type":"Person","@id":"https:\/\/blogg.svenskakyrkan.se\/akebonnier\/#\/schema\/person\/8db68bc0c94f6a5a62df2d4486ff1343","name":"\u00c5ke Bonnier","image":{"@type":"ImageObject","inLanguage":"sv-SE","@id":"https:\/\/blogg.svenskakyrkan.se\/akebonnier\/#\/schema\/person\/image\/","url":"https:\/\/secure.gravatar.com\/avatar\/b88264736bb0bc0d1ea92298aef02c9f98cfc13c7484130c42c663ae484f9462?s=96&d=mm&r=g","contentUrl":"https:\/\/secure.gravatar.com\/avatar\/b88264736bb0bc0d1ea92298aef02c9f98cfc13c7484130c42c663ae484f9462?s=96&d=mm&r=g","caption":"\u00c5ke Bonnier"},"description":"Jag \u00e4r gift och har tv\u00e5 vuxna d\u00f6ttrar. Pr\u00e4stvigdes 1984 och biskopsvigs 26 augusti 2012 . Jag har tidigare bland annat varit, komminister och kyrkoherde i Liding\u00f6 f\u00f6rsamling och domprost i Stockholms domkyrkof\u00f6rsamling. Jag \u00e4r intresserad av konst, litteratur, teater, film. Jag tr\u00e4nar regelbundet p\u00e5 gym. Mitt huvudsakliga musikintresse \u00e4r klassisk musik men ocks\u00e5 Beatles, Elvis Presley, Monika Zettelund, Povel Ramel och m\u00e5nga andra tycker jag om att lyssna p\u00e5. Jag l\u00e4ser f\u00f6r lite sk\u00f6nlitteratur beroende p\u00e5 annat som jag m\u00e5ste l\u00e4sa i mitt uppdrag som biskop. Men jag \u00e4lskar b\u00f6cker. Naturligtvis l\u00e4ser jag n\u00e4st intill dagligdags i \"B\u00f6ckernas Bok.\"","sameAs":["http:\/\/www.skarastift.se"],"url":"https:\/\/blogg.svenskakyrkan.se\/akebonnier\/author\/akebonnier\/"}]}},"author_meta":{"ID":"108","user_nicename":"akebonnier","user_url":"http:\/\/www.skarastift.se","user_registered":"2011-10-11 09:24:48","display_name":"\u00c5ke Bonnier","first_name":"\u00c5ke","last_name":"Bonnier","avatar":"https:\/\/secure.gravatar.com\/avatar\/b88264736bb0bc0d1ea92298aef02c9f98cfc13c7484130c42c663ae484f9462?s=96&d=mm&r=g"},"featured_image":false,"bloginfo":{"name":"\u00c5ke Bonnier","url":"https:\/\/blogg.svenskakyrkan.se\/akebonnier"},"_links":{"self":[{"href":"https:\/\/blogg.svenskakyrkan.se\/akebonnier\/wp-json\/wp\/v2\/posts\/506","targetHints":{"allow":["GET"]}}],"collection":[{"href":"https:\/\/blogg.svenskakyrkan.se\/akebonnier\/wp-json\/wp\/v2\/posts"}],"about":[{"href":"https:\/\/blogg.svenskakyrkan.se\/akebonnier\/wp-json\/wp\/v2\/types\/post"}],"author":[{"embeddable":true,"href":"https:\/\/blogg.svenskakyrkan.se\/akebonnier\/wp-json\/wp\/v2\/users\/108"}],"replies":[{"embeddable":true,"href":"https:\/\/blogg.svenskakyrkan.se\/akebonnier\/wp-json\/wp\/v2\/comments?post=506"}],"version-history":[{"count":0,"href":"https:\/\/blogg.svenskakyrkan.se\/akebonnier\/wp-json\/wp\/v2\/posts\/506\/revisions"}],"wp:attachment":[{"href":"https:\/\/blogg.svenskakyrkan.se\/akebonnier\/wp-json\/wp\/v2\/media?parent=506"}],"wp:term":[{"taxonomy":"category","embeddable":true,"href":"https:\/\/blogg.svenskakyrkan.se\/akebonnier\/wp-json\/wp\/v2\/categories?post=506"},{"taxonomy":"post_tag","embeddable":true,"href":"https:\/\/blogg.svenskakyrkan.se\/akebonnier\/wp-json\/wp\/v2\/tags?post=506"}],"curies":[{"name":"wp","href":"https:\/\/api.w.org\/{rel}","templated":true}]}}