{"id":508,"date":"2011-02-27T16:01:00","date_gmt":"2011-02-27T16:01:00","guid":{"rendered":"http:\/\/blogg.svenskakyrkan.se\/akebonnier\/2011\/02\/27\/sexuella-overgrepp-mot-barn-i-katolska-kyrkan-i-sverige\/"},"modified":"2011-02-27T16:01:00","modified_gmt":"2011-02-27T16:01:00","slug":"sexuella-overgrepp-mot-barn-i-katolska-kyrkan-i-sverige","status":"publish","type":"post","link":"https:\/\/blogg.svenskakyrkan.se\/akebonnier\/2011\/02\/27\/sexuella-overgrepp-mot-barn-i-katolska-kyrkan-i-sverige\/","title":{"rendered":"Sexuella \u00f6vergrepp mot barn i Katolska kyrkan i Sverige."},"content":{"rendered":"<p>I dagarna har en rapport kommit ut fr\u00e5n Katolska kyrkan i Sverige g\u00e4llande sexuella \u00f6vergrepp mot barn beg\u00e5ngna av katolska pr\u00e4ster. Fasansfullt och naturligtvis helt oacceptabelt. Jag har redan tidigare skrivit att jag tycker att biskop Anders Arborelius har varit f\u00f6red\u00f6mligt tydlig. I g\u00e5r uttalade han sig i morgonsoffan i TV4 (<a href=\"http:\/\/www.dagen.se\/dagen\/article.aspx?id=249667\">http:\/\/www.dagen.se\/dagen\/article.aspx?id=249667<\/a>). Klokt och genomt\u00e4nkt, b\u00e5de om bikten och celibatet.<\/p>\n<p>Som evangelisk luthersk pr\u00e4st och dessutom gift, har jag sv\u00e5rt att f\u00f6rst\u00e5 djupet i celibatet och kan ju ocks\u00e5 se probelm som det har orsakat, eller snarare de problem som pr\u00e4ster som brutit sitt celibat orsakat. Jag skulle \u00f6nska att celibatet fanns kvar som kallelse i katolska kyrkan &#8211; en kallelse f\u00f6r pr\u00e4ster (f\u00f6r ordensfolk ing\u00e5r celibatet i sj\u00e4lva ordenskallelsen om inte orden har en gren f\u00f6r gifta m\u00e4n och kvinnor). Dessutom skulle det finnas en m\u00f6jlighet (inte bara undantagsvis som det \u00e4r nu) f\u00f6r gifta m\u00e4n ( i v\u00e4ntan p\u00e5 pr\u00e4stvigning f\u00f6r kvinnor) att f\u00e5 sin kallelse till pr\u00e4st bejakad av Romersk Katolska kyrkan. En n\u00e5d att stilla bedja om&#8230;<\/p>\n<div class=\"blogger-post-footer\"><img width='1' height='1' src='https:\/\/blogger.googleusercontent.com\/tracker\/9055441369901436026-7708953131184088534?l=akebonnier.blogspot.com' alt='' \/><\/div>\n","protected":false},"excerpt":{"rendered":"<p>I dagarna har en rapport kommit ut fr\u00e5n Katolska kyrkan i Sverige g\u00e4llande sexuella \u00f6vergrepp mot barn beg\u00e5ngna av katolska pr\u00e4ster. Fasansfullt och naturligtvis helt oacceptabelt. Jag har redan tidigare skrivit att jag tycker att biskop Anders Arborelius har varit f\u00f6red\u00f6mligt tydlig. I g\u00e5r uttalade han sig i morgonsoffan i TV4 (http:\/\/www.dagen.se\/dagen\/article.aspx?id=249667). Klokt och genomt\u00e4nkt, [&hellip;]<\/p>\n","protected":false},"author":108,"featured_media":0,"comment_status":"open","ping_status":"open","sticky":false,"template":"","format":"standard","meta":{"_acf_changed":false,"footnotes":""},"categories":[16475],"tags":[],"class_list":["post-508","post","type-post","status-publish","format-standard","hentry","category-sexuella-overgrepp-mot-barn-i-svenska-katolska-kyrkan"],"acf":[],"yoast_head":"<!-- This site is optimized with the Yoast SEO plugin v27.1.1 - https:\/\/yoast.com\/product\/yoast-seo-wordpress\/ -->\n<title>Sexuella \u00f6vergrepp mot barn i Katolska kyrkan i Sverige. - \u00c5ke Bonnier<\/title>\n<meta name=\"robots\" content=\"index, follow, max-snippet:-1, max-image-preview:large, max-video-preview:-1\" \/>\n<link rel=\"canonical\" href=\"https:\/\/blogg.svenskakyrkan.se\/akebonnier\/2011\/02\/27\/sexuella-overgrepp-mot-barn-i-katolska-kyrkan-i-sverige\/\" \/>\n<meta property=\"og:locale\" content=\"sv_SE\" \/>\n<meta property=\"og:type\" content=\"article\" \/>\n<meta property=\"og:title\" content=\"Sexuella \u00f6vergrepp mot barn i Katolska kyrkan i Sverige. - \u00c5ke Bonnier\" \/>\n<meta property=\"og:description\" content=\"I dagarna har en rapport kommit ut fr\u00e5n Katolska kyrkan i Sverige g\u00e4llande sexuella \u00f6vergrepp mot barn beg\u00e5ngna av katolska pr\u00e4ster. Fasansfullt och naturligtvis helt oacceptabelt. Jag har redan tidigare skrivit att jag tycker att biskop Anders Arborelius har varit f\u00f6red\u00f6mligt tydlig. I g\u00e5r uttalade han sig i morgonsoffan i TV4 (http:\/\/www.dagen.se\/dagen\/article.aspx?id=249667). Klokt och genomt\u00e4nkt, [&hellip;]\" \/>\n<meta property=\"og:url\" content=\"https:\/\/blogg.svenskakyrkan.se\/akebonnier\/2011\/02\/27\/sexuella-overgrepp-mot-barn-i-katolska-kyrkan-i-sverige\/\" \/>\n<meta property=\"og:site_name\" content=\"\u00c5ke Bonnier\" \/>\n<meta property=\"article:published_time\" content=\"2011-02-27T16:01:00+00:00\" \/>\n<meta property=\"og:image\" content=\"https:\/\/blogger.googleusercontent.com\/tracker\/9055441369901436026-7708953131184088534?l=akebonnier.blogspot.com\" \/>\n<meta name=\"author\" content=\"\u00c5ke Bonnier\" \/>\n<meta name=\"twitter:card\" content=\"summary_large_image\" \/>\n<meta name=\"twitter:label1\" content=\"Skriven av\" \/>\n\t<meta name=\"twitter:data1\" content=\"\u00c5ke Bonnier\" \/>\n\t<meta name=\"twitter:label2\" content=\"Ber\u00e4knad l\u00e4stid\" \/>\n\t<meta name=\"twitter:data2\" content=\"1 minut\" \/>\n<script type=\"application\/ld+json\" class=\"yoast-schema-graph\">{\"@context\":\"https:\/\/schema.org\",\"@graph\":[{\"@type\":\"Article\",\"@id\":\"https:\/\/blogg.svenskakyrkan.se\/akebonnier\/2011\/02\/27\/sexuella-overgrepp-mot-barn-i-katolska-kyrkan-i-sverige\/#article\",\"isPartOf\":{\"@id\":\"https:\/\/blogg.svenskakyrkan.se\/akebonnier\/2011\/02\/27\/sexuella-overgrepp-mot-barn-i-katolska-kyrkan-i-sverige\/\"},\"author\":{\"name\":\"\u00c5ke Bonnier\",\"@id\":\"https:\/\/blogg.svenskakyrkan.se\/akebonnier\/#\/schema\/person\/8db68bc0c94f6a5a62df2d4486ff1343\"},\"headline\":\"Sexuella \u00f6vergrepp mot barn i Katolska kyrkan i Sverige.\",\"datePublished\":\"2011-02-27T16:01:00+00:00\",\"mainEntityOfPage\":{\"@id\":\"https:\/\/blogg.svenskakyrkan.se\/akebonnier\/2011\/02\/27\/sexuella-overgrepp-mot-barn-i-katolska-kyrkan-i-sverige\/\"},\"wordCount\":214,\"commentCount\":76,\"image\":{\"@id\":\"https:\/\/blogg.svenskakyrkan.se\/akebonnier\/2011\/02\/27\/sexuella-overgrepp-mot-barn-i-katolska-kyrkan-i-sverige\/#primaryimage\"},\"thumbnailUrl\":\"https:\/\/blogger.googleusercontent.com\/tracker\/9055441369901436026-7708953131184088534?l=akebonnier.blogspot.com\",\"articleSection\":[\"Sexuella \u00f6vergrepp mot barn i svenska katolska kyrkan\"],\"inLanguage\":\"sv-SE\",\"potentialAction\":[{\"@type\":\"CommentAction\",\"name\":\"Comment\",\"target\":[\"https:\/\/blogg.svenskakyrkan.se\/akebonnier\/2011\/02\/27\/sexuella-overgrepp-mot-barn-i-katolska-kyrkan-i-sverige\/#respond\"]}]},{\"@type\":\"WebPage\",\"@id\":\"https:\/\/blogg.svenskakyrkan.se\/akebonnier\/2011\/02\/27\/sexuella-overgrepp-mot-barn-i-katolska-kyrkan-i-sverige\/\",\"url\":\"https:\/\/blogg.svenskakyrkan.se\/akebonnier\/2011\/02\/27\/sexuella-overgrepp-mot-barn-i-katolska-kyrkan-i-sverige\/\",\"name\":\"Sexuella \u00f6vergrepp mot barn i Katolska kyrkan i Sverige. - \u00c5ke Bonnier\",\"isPartOf\":{\"@id\":\"https:\/\/blogg.svenskakyrkan.se\/akebonnier\/#website\"},\"primaryImageOfPage\":{\"@id\":\"https:\/\/blogg.svenskakyrkan.se\/akebonnier\/2011\/02\/27\/sexuella-overgrepp-mot-barn-i-katolska-kyrkan-i-sverige\/#primaryimage\"},\"image\":{\"@id\":\"https:\/\/blogg.svenskakyrkan.se\/akebonnier\/2011\/02\/27\/sexuella-overgrepp-mot-barn-i-katolska-kyrkan-i-sverige\/#primaryimage\"},\"thumbnailUrl\":\"https:\/\/blogger.googleusercontent.com\/tracker\/9055441369901436026-7708953131184088534?l=akebonnier.blogspot.com\",\"datePublished\":\"2011-02-27T16:01:00+00:00\",\"author\":{\"@id\":\"https:\/\/blogg.svenskakyrkan.se\/akebonnier\/#\/schema\/person\/8db68bc0c94f6a5a62df2d4486ff1343\"},\"breadcrumb\":{\"@id\":\"https:\/\/blogg.svenskakyrkan.se\/akebonnier\/2011\/02\/27\/sexuella-overgrepp-mot-barn-i-katolska-kyrkan-i-sverige\/#breadcrumb\"},\"inLanguage\":\"sv-SE\",\"potentialAction\":[{\"@type\":\"ReadAction\",\"target\":[\"https:\/\/blogg.svenskakyrkan.se\/akebonnier\/2011\/02\/27\/sexuella-overgrepp-mot-barn-i-katolska-kyrkan-i-sverige\/\"]}]},{\"@type\":\"ImageObject\",\"inLanguage\":\"sv-SE\",\"@id\":\"https:\/\/blogg.svenskakyrkan.se\/akebonnier\/2011\/02\/27\/sexuella-overgrepp-mot-barn-i-katolska-kyrkan-i-sverige\/#primaryimage\",\"url\":\"https:\/\/blogger.googleusercontent.com\/tracker\/9055441369901436026-7708953131184088534?l=akebonnier.blogspot.com\",\"contentUrl\":\"https:\/\/blogger.googleusercontent.com\/tracker\/9055441369901436026-7708953131184088534?l=akebonnier.blogspot.com\"},{\"@type\":\"BreadcrumbList\",\"@id\":\"https:\/\/blogg.svenskakyrkan.se\/akebonnier\/2011\/02\/27\/sexuella-overgrepp-mot-barn-i-katolska-kyrkan-i-sverige\/#breadcrumb\",\"itemListElement\":[{\"@type\":\"ListItem\",\"position\":1,\"name\":\"Hem\",\"item\":\"https:\/\/blogg.svenskakyrkan.se\/akebonnier\/\"},{\"@type\":\"ListItem\",\"position\":2,\"name\":\"Sexuella \u00f6vergrepp mot barn i Katolska kyrkan i Sverige.\"}]},{\"@type\":\"WebSite\",\"@id\":\"https:\/\/blogg.svenskakyrkan.se\/akebonnier\/#website\",\"url\":\"https:\/\/blogg.svenskakyrkan.se\/akebonnier\/\",\"name\":\"\u00c5ke Bonnier\",\"description\":\"Biskop i Svenska kyrkan - Skara stift\",\"potentialAction\":[{\"@type\":\"SearchAction\",\"target\":{\"@type\":\"EntryPoint\",\"urlTemplate\":\"https:\/\/blogg.svenskakyrkan.se\/akebonnier\/?s={search_term_string}\"},\"query-input\":{\"@type\":\"PropertyValueSpecification\",\"valueRequired\":true,\"valueName\":\"search_term_string\"}}],\"inLanguage\":\"sv-SE\"},{\"@type\":\"Person\",\"@id\":\"https:\/\/blogg.svenskakyrkan.se\/akebonnier\/#\/schema\/person\/8db68bc0c94f6a5a62df2d4486ff1343\",\"name\":\"\u00c5ke Bonnier\",\"image\":{\"@type\":\"ImageObject\",\"inLanguage\":\"sv-SE\",\"@id\":\"https:\/\/blogg.svenskakyrkan.se\/akebonnier\/#\/schema\/person\/image\/\",\"url\":\"https:\/\/secure.gravatar.com\/avatar\/b88264736bb0bc0d1ea92298aef02c9f98cfc13c7484130c42c663ae484f9462?s=96&d=mm&r=g\",\"contentUrl\":\"https:\/\/secure.gravatar.com\/avatar\/b88264736bb0bc0d1ea92298aef02c9f98cfc13c7484130c42c663ae484f9462?s=96&d=mm&r=g\",\"caption\":\"\u00c5ke Bonnier\"},\"description\":\"Jag \u00e4r gift och har tv\u00e5 vuxna d\u00f6ttrar. Pr\u00e4stvigdes 1984 och biskopsvigs 26 augusti 2012 . Jag har tidigare bland annat varit, komminister och kyrkoherde i Liding\u00f6 f\u00f6rsamling och domprost i Stockholms domkyrkof\u00f6rsamling. Jag \u00e4r intresserad av konst, litteratur, teater, film. Jag tr\u00e4nar regelbundet p\u00e5 gym. Mitt huvudsakliga musikintresse \u00e4r klassisk musik men ocks\u00e5 Beatles, Elvis Presley, Monika Zettelund, Povel Ramel och m\u00e5nga andra tycker jag om att lyssna p\u00e5. Jag l\u00e4ser f\u00f6r lite sk\u00f6nlitteratur beroende p\u00e5 annat som jag m\u00e5ste l\u00e4sa i mitt uppdrag som biskop. Men jag \u00e4lskar b\u00f6cker. Naturligtvis l\u00e4ser jag n\u00e4st intill dagligdags i \\\"B\u00f6ckernas Bok.\\\"\",\"sameAs\":[\"http:\/\/www.skarastift.se\"],\"url\":\"https:\/\/blogg.svenskakyrkan.se\/akebonnier\/author\/akebonnier\/\"}]}<\/script>\n<!-- \/ Yoast SEO plugin. -->","yoast_head_json":{"title":"Sexuella \u00f6vergrepp mot barn i Katolska kyrkan i Sverige. - \u00c5ke Bonnier","robots":{"index":"index","follow":"follow","max-snippet":"max-snippet:-1","max-image-preview":"max-image-preview:large","max-video-preview":"max-video-preview:-1"},"canonical":"https:\/\/blogg.svenskakyrkan.se\/akebonnier\/2011\/02\/27\/sexuella-overgrepp-mot-barn-i-katolska-kyrkan-i-sverige\/","og_locale":"sv_SE","og_type":"article","og_title":"Sexuella \u00f6vergrepp mot barn i Katolska kyrkan i Sverige. - \u00c5ke Bonnier","og_description":"I dagarna har en rapport kommit ut fr\u00e5n Katolska kyrkan i Sverige g\u00e4llande sexuella \u00f6vergrepp mot barn beg\u00e5ngna av katolska pr\u00e4ster. Fasansfullt och naturligtvis helt oacceptabelt. Jag har redan tidigare skrivit att jag tycker att biskop Anders Arborelius har varit f\u00f6red\u00f6mligt tydlig. I g\u00e5r uttalade han sig i morgonsoffan i TV4 (http:\/\/www.dagen.se\/dagen\/article.aspx?id=249667). Klokt och genomt\u00e4nkt, [&hellip;]","og_url":"https:\/\/blogg.svenskakyrkan.se\/akebonnier\/2011\/02\/27\/sexuella-overgrepp-mot-barn-i-katolska-kyrkan-i-sverige\/","og_site_name":"\u00c5ke Bonnier","article_published_time":"2011-02-27T16:01:00+00:00","og_image":[{"url":"https:\/\/blogger.googleusercontent.com\/tracker\/9055441369901436026-7708953131184088534?l=akebonnier.blogspot.com","type":"","width":"","height":""}],"author":"\u00c5ke Bonnier","twitter_card":"summary_large_image","twitter_misc":{"Skriven av":"\u00c5ke Bonnier","Ber\u00e4knad l\u00e4stid":"1 minut"},"schema":{"@context":"https:\/\/schema.org","@graph":[{"@type":"Article","@id":"https:\/\/blogg.svenskakyrkan.se\/akebonnier\/2011\/02\/27\/sexuella-overgrepp-mot-barn-i-katolska-kyrkan-i-sverige\/#article","isPartOf":{"@id":"https:\/\/blogg.svenskakyrkan.se\/akebonnier\/2011\/02\/27\/sexuella-overgrepp-mot-barn-i-katolska-kyrkan-i-sverige\/"},"author":{"name":"\u00c5ke Bonnier","@id":"https:\/\/blogg.svenskakyrkan.se\/akebonnier\/#\/schema\/person\/8db68bc0c94f6a5a62df2d4486ff1343"},"headline":"Sexuella \u00f6vergrepp mot barn i Katolska kyrkan i Sverige.","datePublished":"2011-02-27T16:01:00+00:00","mainEntityOfPage":{"@id":"https:\/\/blogg.svenskakyrkan.se\/akebonnier\/2011\/02\/27\/sexuella-overgrepp-mot-barn-i-katolska-kyrkan-i-sverige\/"},"wordCount":214,"commentCount":76,"image":{"@id":"https:\/\/blogg.svenskakyrkan.se\/akebonnier\/2011\/02\/27\/sexuella-overgrepp-mot-barn-i-katolska-kyrkan-i-sverige\/#primaryimage"},"thumbnailUrl":"https:\/\/blogger.googleusercontent.com\/tracker\/9055441369901436026-7708953131184088534?l=akebonnier.blogspot.com","articleSection":["Sexuella \u00f6vergrepp mot barn i svenska katolska kyrkan"],"inLanguage":"sv-SE","potentialAction":[{"@type":"CommentAction","name":"Comment","target":["https:\/\/blogg.svenskakyrkan.se\/akebonnier\/2011\/02\/27\/sexuella-overgrepp-mot-barn-i-katolska-kyrkan-i-sverige\/#respond"]}]},{"@type":"WebPage","@id":"https:\/\/blogg.svenskakyrkan.se\/akebonnier\/2011\/02\/27\/sexuella-overgrepp-mot-barn-i-katolska-kyrkan-i-sverige\/","url":"https:\/\/blogg.svenskakyrkan.se\/akebonnier\/2011\/02\/27\/sexuella-overgrepp-mot-barn-i-katolska-kyrkan-i-sverige\/","name":"Sexuella \u00f6vergrepp mot barn i Katolska kyrkan i Sverige. - \u00c5ke Bonnier","isPartOf":{"@id":"https:\/\/blogg.svenskakyrkan.se\/akebonnier\/#website"},"primaryImageOfPage":{"@id":"https:\/\/blogg.svenskakyrkan.se\/akebonnier\/2011\/02\/27\/sexuella-overgrepp-mot-barn-i-katolska-kyrkan-i-sverige\/#primaryimage"},"image":{"@id":"https:\/\/blogg.svenskakyrkan.se\/akebonnier\/2011\/02\/27\/sexuella-overgrepp-mot-barn-i-katolska-kyrkan-i-sverige\/#primaryimage"},"thumbnailUrl":"https:\/\/blogger.googleusercontent.com\/tracker\/9055441369901436026-7708953131184088534?l=akebonnier.blogspot.com","datePublished":"2011-02-27T16:01:00+00:00","author":{"@id":"https:\/\/blogg.svenskakyrkan.se\/akebonnier\/#\/schema\/person\/8db68bc0c94f6a5a62df2d4486ff1343"},"breadcrumb":{"@id":"https:\/\/blogg.svenskakyrkan.se\/akebonnier\/2011\/02\/27\/sexuella-overgrepp-mot-barn-i-katolska-kyrkan-i-sverige\/#breadcrumb"},"inLanguage":"sv-SE","potentialAction":[{"@type":"ReadAction","target":["https:\/\/blogg.svenskakyrkan.se\/akebonnier\/2011\/02\/27\/sexuella-overgrepp-mot-barn-i-katolska-kyrkan-i-sverige\/"]}]},{"@type":"ImageObject","inLanguage":"sv-SE","@id":"https:\/\/blogg.svenskakyrkan.se\/akebonnier\/2011\/02\/27\/sexuella-overgrepp-mot-barn-i-katolska-kyrkan-i-sverige\/#primaryimage","url":"https:\/\/blogger.googleusercontent.com\/tracker\/9055441369901436026-7708953131184088534?l=akebonnier.blogspot.com","contentUrl":"https:\/\/blogger.googleusercontent.com\/tracker\/9055441369901436026-7708953131184088534?l=akebonnier.blogspot.com"},{"@type":"BreadcrumbList","@id":"https:\/\/blogg.svenskakyrkan.se\/akebonnier\/2011\/02\/27\/sexuella-overgrepp-mot-barn-i-katolska-kyrkan-i-sverige\/#breadcrumb","itemListElement":[{"@type":"ListItem","position":1,"name":"Hem","item":"https:\/\/blogg.svenskakyrkan.se\/akebonnier\/"},{"@type":"ListItem","position":2,"name":"Sexuella \u00f6vergrepp mot barn i Katolska kyrkan i Sverige."}]},{"@type":"WebSite","@id":"https:\/\/blogg.svenskakyrkan.se\/akebonnier\/#website","url":"https:\/\/blogg.svenskakyrkan.se\/akebonnier\/","name":"\u00c5ke Bonnier","description":"Biskop i Svenska kyrkan - Skara stift","potentialAction":[{"@type":"SearchAction","target":{"@type":"EntryPoint","urlTemplate":"https:\/\/blogg.svenskakyrkan.se\/akebonnier\/?s={search_term_string}"},"query-input":{"@type":"PropertyValueSpecification","valueRequired":true,"valueName":"search_term_string"}}],"inLanguage":"sv-SE"},{"@type":"Person","@id":"https:\/\/blogg.svenskakyrkan.se\/akebonnier\/#\/schema\/person\/8db68bc0c94f6a5a62df2d4486ff1343","name":"\u00c5ke Bonnier","image":{"@type":"ImageObject","inLanguage":"sv-SE","@id":"https:\/\/blogg.svenskakyrkan.se\/akebonnier\/#\/schema\/person\/image\/","url":"https:\/\/secure.gravatar.com\/avatar\/b88264736bb0bc0d1ea92298aef02c9f98cfc13c7484130c42c663ae484f9462?s=96&d=mm&r=g","contentUrl":"https:\/\/secure.gravatar.com\/avatar\/b88264736bb0bc0d1ea92298aef02c9f98cfc13c7484130c42c663ae484f9462?s=96&d=mm&r=g","caption":"\u00c5ke Bonnier"},"description":"Jag \u00e4r gift och har tv\u00e5 vuxna d\u00f6ttrar. Pr\u00e4stvigdes 1984 och biskopsvigs 26 augusti 2012 . Jag har tidigare bland annat varit, komminister och kyrkoherde i Liding\u00f6 f\u00f6rsamling och domprost i Stockholms domkyrkof\u00f6rsamling. Jag \u00e4r intresserad av konst, litteratur, teater, film. Jag tr\u00e4nar regelbundet p\u00e5 gym. Mitt huvudsakliga musikintresse \u00e4r klassisk musik men ocks\u00e5 Beatles, Elvis Presley, Monika Zettelund, Povel Ramel och m\u00e5nga andra tycker jag om att lyssna p\u00e5. Jag l\u00e4ser f\u00f6r lite sk\u00f6nlitteratur beroende p\u00e5 annat som jag m\u00e5ste l\u00e4sa i mitt uppdrag som biskop. Men jag \u00e4lskar b\u00f6cker. Naturligtvis l\u00e4ser jag n\u00e4st intill dagligdags i \"B\u00f6ckernas Bok.\"","sameAs":["http:\/\/www.skarastift.se"],"url":"https:\/\/blogg.svenskakyrkan.se\/akebonnier\/author\/akebonnier\/"}]}},"author_meta":{"ID":"108","user_nicename":"akebonnier","user_url":"http:\/\/www.skarastift.se","user_registered":"2011-10-11 09:24:48","display_name":"\u00c5ke Bonnier","first_name":"\u00c5ke","last_name":"Bonnier","avatar":"https:\/\/secure.gravatar.com\/avatar\/b88264736bb0bc0d1ea92298aef02c9f98cfc13c7484130c42c663ae484f9462?s=96&d=mm&r=g"},"featured_image":false,"bloginfo":{"name":"\u00c5ke Bonnier","url":"https:\/\/blogg.svenskakyrkan.se\/akebonnier"},"_links":{"self":[{"href":"https:\/\/blogg.svenskakyrkan.se\/akebonnier\/wp-json\/wp\/v2\/posts\/508","targetHints":{"allow":["GET"]}}],"collection":[{"href":"https:\/\/blogg.svenskakyrkan.se\/akebonnier\/wp-json\/wp\/v2\/posts"}],"about":[{"href":"https:\/\/blogg.svenskakyrkan.se\/akebonnier\/wp-json\/wp\/v2\/types\/post"}],"author":[{"embeddable":true,"href":"https:\/\/blogg.svenskakyrkan.se\/akebonnier\/wp-json\/wp\/v2\/users\/108"}],"replies":[{"embeddable":true,"href":"https:\/\/blogg.svenskakyrkan.se\/akebonnier\/wp-json\/wp\/v2\/comments?post=508"}],"version-history":[{"count":0,"href":"https:\/\/blogg.svenskakyrkan.se\/akebonnier\/wp-json\/wp\/v2\/posts\/508\/revisions"}],"wp:attachment":[{"href":"https:\/\/blogg.svenskakyrkan.se\/akebonnier\/wp-json\/wp\/v2\/media?parent=508"}],"wp:term":[{"taxonomy":"category","embeddable":true,"href":"https:\/\/blogg.svenskakyrkan.se\/akebonnier\/wp-json\/wp\/v2\/categories?post=508"},{"taxonomy":"post_tag","embeddable":true,"href":"https:\/\/blogg.svenskakyrkan.se\/akebonnier\/wp-json\/wp\/v2\/tags?post=508"}],"curies":[{"name":"wp","href":"https:\/\/api.w.org\/{rel}","templated":true}]}}