{"id":509,"date":"2011-03-04T12:50:00","date_gmt":"2011-03-04T12:50:00","guid":{"rendered":"http:\/\/blogg.svenskakyrkan.se\/akebonnier\/2011\/03\/04\/en-reformatorisk-gladjetanke-i-reformationsdagens-tid\/"},"modified":"2011-03-04T12:50:00","modified_gmt":"2011-03-04T12:50:00","slug":"en-reformatorisk-gladjetanke-i-reformationsdagens-tid","status":"publish","type":"post","link":"https:\/\/blogg.svenskakyrkan.se\/akebonnier\/2011\/03\/04\/en-reformatorisk-gladjetanke-i-reformationsdagens-tid\/","title":{"rendered":"En reformatorisk gl\u00e4djetanke i Reformationsdagens tid"},"content":{"rendered":"<p>Jag \u00e4r glad att jag \u00e4r lutheran! Observera att jag inte \u00e4r glad \u00f6ver att jag inte \u00e4r katolik eller pingstv\u00e4n, men jag \u00e4r stolt \u00f6ver att st\u00e5 i den lutherska traditionen, en tradition som varit min sedan mitt barndop . Den vecka som g\u00e5tt har pr\u00e4glats av Reformationss\u00f6ndagen. Vi har i samtal och gudstj\u00e4nster p\u00e5mint oss om reformationens och inte minst Luthers goda betydelse f\u00f6r den kristna trostolkningen. Martin Luther \u00f6versatte Bibeln till folkspr\u00e5ket f\u00f6r att g\u00f6ra den \u00e5tkomlig f\u00f6r alla, han h\u00f6ll fram ett antal &#8221;sola&#8221; &#8211; allena:<br \/>\u2022 Kristus allena<\/p>\n<p>\u2022 Skriften allena<\/p>\n<p>\u2022 Tron allena<\/p>\n<p>\u2022 N\u00e5den allena<\/p>\n<p>\u2022 Gud allena (sole Deo Gloria)<\/p>\n<p>F\u00f6r mitt lutherska hj\u00e4rta \u00e4r detta fantastiska punkter. Det handlar f\u00f6r det f\u00f6rsta om Kristusinriktning. Vi borde i Svenska kyrkan bli \u00e4nnu mer Kristusinriktade \u00e4nnu mer Jesusinriktade. Det har jag skrivit om och talat om m\u00e5ngen g\u00e5ng och jag vidh\u00e5ller det. \u00c4r det n\u00e5got vi kristna har att komma med till skillnad fr\u00e5n v\u00e5ra judiska och muslimska v\u00e4nner, \u00e4r det Jesus sj\u00e4lv. L\u00e5t oss tala mer om vad han betyder, vad han f\u00f6rkroppsligar (inkarnationen), vad han talar om och driver (Guds rike), vad hans d\u00f6d och uppst\u00e5ndelse betyder i 2000-talets Sverige.<\/p>\n<p><em>Skriften allena<\/em>. Luther talar om att skrift ska tolkas med skrift. I sann luthersk reformatorisk anda f\u00e5r vi borra i skriften, tolka skriften och se hur den kan tala in i det multisamh\u00e4lle vi lever i, tala in b\u00e5de p\u00e5 strukturell och individuell niv\u00e5.<\/p>\n<p><em>Tron allena<\/em>. Tron p\u00e5 Jesus Kristus f\u00f6r oss inte bort fr\u00e5n vardagen, f\u00f6r oss inte bort fr\u00e5n lidanden och andra problem, men hj\u00e4lper oss att se v\u00e5r livssituation i ett nytt samanhang, ett djupare sammanhang, ett sammanhang d\u00e4r vi ser att vi mitt i v\u00e5r sm\u00e4rta, mitt i v\u00e5rt lidande, mitt i allt oavsett hur det ser ut och ter sig, inte \u00e4r ensamma. Tron blir en livsh\u00e5llning men ocks\u00e5 ett \u00f6ppnande av v\u00e5ra sinnen p\u00e5 ett nytt s\u00e4tt, ett livsviktigt och kompletterande s\u00e4tt.<\/p>\n<p><em>N\u00e5den allena<\/em>, handlar om mitt eget v\u00e4rde. Luther jagades av tanken p\u00e5 ett n\u00e5dig Gud, en Gud som accepterade honom som han var men som han skulle kunna tillfredst\u00e4lla genom g\u00e4rningar. Hans \u00e5ngest var att han inte tillr\u00e4ckligt f\u00f6rtj\u00e4nade Guds r\u00e4ttf\u00e4rdigg\u00f6rande k\u00e4rlek. D\u00e5 drabbades han av tanken om n\u00e5den, n\u00e5den som inte ser till f\u00f6rtj\u00e4nst, som inte ser till duglighet men som s\u00e4ger att jag f\u00f6rtj\u00e4nar Guds k\u00e4rlek bara f\u00f6r att jag \u00e4r den jag \u00e4r, att jag duger inf\u00f6r Gud bara f\u00f6r att jag \u00e4r den jag \u00e4r. Kristus har burit mig och burit mitt liv, burit mina misslyckanden, burit allt det jag lyckats med p\u00e5 korset &#8211; och nu \u00e4r det bara n\u00e5den som g\u00e4ller.<\/p>\n<p>N\u00e4ra i anslutning till detta \u00e4r <em>r\u00e4ttf\u00e4rdigg\u00f6relsen genom tron allena<\/em>. Inf\u00f6r Gud kan vi bara komma med v\u00e5r trosgnista. Vi kan lita p\u00e5 vad Jesus gjort f\u00f6r oss p\u00e5 korset, lita p\u00e5 hans d\u00f6d och uppst\u00e5ndelse, \u00f6ppna oss f\u00f6r den i v\u00e5rt eget liv och \u00f6verl\u00e4mna oss i detta. Det \u00e4r n\u00e5d allena som g\u00e4ller inf\u00f6r Gud.<\/p>\n<p>S\u00e5 f\u00e5r v\u00e5rt liv som ju naturligtvis ocks\u00e5 handlar om handling bli till en lovs\u00e5ng till Gud. Gud allena ska ha all \u00e4ra. F\u00f6r allt det ovan skrivna \u00e4r bara m\u00f6jligt i kraft av Gud som \u00e4r n\u00e4rvarande h\u00e4r och nu genom den heliga Anden. <\/p>\n<p>Det ovan skrivna \u00e4r reformatoriska tankar. I Storkyrkan har vi en pelare d\u00e4r allting b\u00f6rjade, d\u00e4r Olaus Petri predikade den nya teologin fr\u00e5n Wittenberg. Efter olika sv\u00e5righeter kom Uppsala m\u00f6te 1593 d\u00e4r Svenska kyrkan blev en evangelisk luthersk kyrka. Den kyrkan, med all dess styrka och med dess brister, gl\u00e4ds jag \u00f6ver och i den gl\u00e4djen och i den tillh\u00f6righeten k\u00e4nner jag gl\u00e4dje \u00f6ver mina katolska syskons kyrka, \u00f6ver pingstkyrkorna, baptistkyrkorna, missionskyrkorna, f\u00f6r mitt i v\u00e5ra olika profiler h\u00f6r vi ihop. Men f\u00f6r att kunna gl\u00e4djas \u00f6ver andras sammanhang m\u00e5ste man ocks\u00e5 kunna vara glad och stolt \u00f6ver det egna. <\/p>\n<p>Och det \u00e4r jag!<\/p>\n<div class=\"blogger-post-footer\"><img width='1' height='1' src='https:\/\/blogger.googleusercontent.com\/tracker\/9055441369901436026-8948768593891769618?l=akebonnier.blogspot.com' alt='' \/><\/div>\n","protected":false},"excerpt":{"rendered":"<p>Jag \u00e4r glad att jag \u00e4r lutheran! Observera att jag inte \u00e4r glad \u00f6ver att jag inte \u00e4r katolik eller pingstv\u00e4n, men jag \u00e4r stolt \u00f6ver att st\u00e5 i den lutherska traditionen, en tradition som varit min sedan mitt barndop . Den vecka som g\u00e5tt har pr\u00e4glats av Reformationss\u00f6ndagen. Vi har i samtal och gudstj\u00e4nster [&hellip;]<\/p>\n","protected":false},"author":108,"featured_media":0,"comment_status":"open","ping_status":"open","sticky":false,"template":"","format":"standard","meta":{"_acf_changed":false,"footnotes":""},"categories":[9],"tags":[],"class_list":["post-509","post","type-post","status-publish","format-standard","hentry","category-okategoriserade"],"acf":[],"yoast_head":"<!-- This site is optimized with the Yoast SEO plugin v27.1.1 - https:\/\/yoast.com\/product\/yoast-seo-wordpress\/ -->\n<title>En reformatorisk gl\u00e4djetanke i Reformationsdagens tid - \u00c5ke Bonnier<\/title>\n<meta name=\"robots\" content=\"index, follow, max-snippet:-1, max-image-preview:large, max-video-preview:-1\" \/>\n<link rel=\"canonical\" href=\"https:\/\/blogg.svenskakyrkan.se\/akebonnier\/2011\/03\/04\/en-reformatorisk-gladjetanke-i-reformationsdagens-tid\/\" \/>\n<meta property=\"og:locale\" content=\"sv_SE\" \/>\n<meta property=\"og:type\" content=\"article\" \/>\n<meta property=\"og:title\" content=\"En reformatorisk gl\u00e4djetanke i Reformationsdagens tid - \u00c5ke Bonnier\" \/>\n<meta property=\"og:description\" content=\"Jag \u00e4r glad att jag \u00e4r lutheran! Observera att jag inte \u00e4r glad \u00f6ver att jag inte \u00e4r katolik eller pingstv\u00e4n, men jag \u00e4r stolt \u00f6ver att st\u00e5 i den lutherska traditionen, en tradition som varit min sedan mitt barndop . Den vecka som g\u00e5tt har pr\u00e4glats av Reformationss\u00f6ndagen. Vi har i samtal och gudstj\u00e4nster [&hellip;]\" \/>\n<meta property=\"og:url\" content=\"https:\/\/blogg.svenskakyrkan.se\/akebonnier\/2011\/03\/04\/en-reformatorisk-gladjetanke-i-reformationsdagens-tid\/\" \/>\n<meta property=\"og:site_name\" content=\"\u00c5ke Bonnier\" \/>\n<meta property=\"article:published_time\" content=\"2011-03-04T12:50:00+00:00\" \/>\n<meta property=\"og:image\" content=\"https:\/\/blogger.googleusercontent.com\/tracker\/9055441369901436026-8948768593891769618?l=akebonnier.blogspot.com\" \/>\n<meta name=\"author\" content=\"\u00c5ke Bonnier\" \/>\n<meta name=\"twitter:card\" content=\"summary_large_image\" \/>\n<meta name=\"twitter:label1\" content=\"Skriven av\" \/>\n\t<meta name=\"twitter:data1\" content=\"\u00c5ke Bonnier\" \/>\n\t<meta name=\"twitter:label2\" content=\"Ber\u00e4knad l\u00e4stid\" \/>\n\t<meta name=\"twitter:data2\" content=\"4 minuter\" \/>\n<script type=\"application\/ld+json\" class=\"yoast-schema-graph\">{\"@context\":\"https:\/\/schema.org\",\"@graph\":[{\"@type\":\"Article\",\"@id\":\"https:\/\/blogg.svenskakyrkan.se\/akebonnier\/2011\/03\/04\/en-reformatorisk-gladjetanke-i-reformationsdagens-tid\/#article\",\"isPartOf\":{\"@id\":\"https:\/\/blogg.svenskakyrkan.se\/akebonnier\/2011\/03\/04\/en-reformatorisk-gladjetanke-i-reformationsdagens-tid\/\"},\"author\":{\"name\":\"\u00c5ke Bonnier\",\"@id\":\"https:\/\/blogg.svenskakyrkan.se\/akebonnier\/#\/schema\/person\/8db68bc0c94f6a5a62df2d4486ff1343\"},\"headline\":\"En reformatorisk gl\u00e4djetanke i Reformationsdagens tid\",\"datePublished\":\"2011-03-04T12:50:00+00:00\",\"mainEntityOfPage\":{\"@id\":\"https:\/\/blogg.svenskakyrkan.se\/akebonnier\/2011\/03\/04\/en-reformatorisk-gladjetanke-i-reformationsdagens-tid\/\"},\"wordCount\":761,\"commentCount\":13,\"image\":{\"@id\":\"https:\/\/blogg.svenskakyrkan.se\/akebonnier\/2011\/03\/04\/en-reformatorisk-gladjetanke-i-reformationsdagens-tid\/#primaryimage\"},\"thumbnailUrl\":\"https:\/\/blogger.googleusercontent.com\/tracker\/9055441369901436026-8948768593891769618?l=akebonnier.blogspot.com\",\"inLanguage\":\"sv-SE\",\"potentialAction\":[{\"@type\":\"CommentAction\",\"name\":\"Comment\",\"target\":[\"https:\/\/blogg.svenskakyrkan.se\/akebonnier\/2011\/03\/04\/en-reformatorisk-gladjetanke-i-reformationsdagens-tid\/#respond\"]}]},{\"@type\":\"WebPage\",\"@id\":\"https:\/\/blogg.svenskakyrkan.se\/akebonnier\/2011\/03\/04\/en-reformatorisk-gladjetanke-i-reformationsdagens-tid\/\",\"url\":\"https:\/\/blogg.svenskakyrkan.se\/akebonnier\/2011\/03\/04\/en-reformatorisk-gladjetanke-i-reformationsdagens-tid\/\",\"name\":\"En reformatorisk gl\u00e4djetanke i Reformationsdagens tid - \u00c5ke Bonnier\",\"isPartOf\":{\"@id\":\"https:\/\/blogg.svenskakyrkan.se\/akebonnier\/#website\"},\"primaryImageOfPage\":{\"@id\":\"https:\/\/blogg.svenskakyrkan.se\/akebonnier\/2011\/03\/04\/en-reformatorisk-gladjetanke-i-reformationsdagens-tid\/#primaryimage\"},\"image\":{\"@id\":\"https:\/\/blogg.svenskakyrkan.se\/akebonnier\/2011\/03\/04\/en-reformatorisk-gladjetanke-i-reformationsdagens-tid\/#primaryimage\"},\"thumbnailUrl\":\"https:\/\/blogger.googleusercontent.com\/tracker\/9055441369901436026-8948768593891769618?l=akebonnier.blogspot.com\",\"datePublished\":\"2011-03-04T12:50:00+00:00\",\"author\":{\"@id\":\"https:\/\/blogg.svenskakyrkan.se\/akebonnier\/#\/schema\/person\/8db68bc0c94f6a5a62df2d4486ff1343\"},\"breadcrumb\":{\"@id\":\"https:\/\/blogg.svenskakyrkan.se\/akebonnier\/2011\/03\/04\/en-reformatorisk-gladjetanke-i-reformationsdagens-tid\/#breadcrumb\"},\"inLanguage\":\"sv-SE\",\"potentialAction\":[{\"@type\":\"ReadAction\",\"target\":[\"https:\/\/blogg.svenskakyrkan.se\/akebonnier\/2011\/03\/04\/en-reformatorisk-gladjetanke-i-reformationsdagens-tid\/\"]}]},{\"@type\":\"ImageObject\",\"inLanguage\":\"sv-SE\",\"@id\":\"https:\/\/blogg.svenskakyrkan.se\/akebonnier\/2011\/03\/04\/en-reformatorisk-gladjetanke-i-reformationsdagens-tid\/#primaryimage\",\"url\":\"https:\/\/blogger.googleusercontent.com\/tracker\/9055441369901436026-8948768593891769618?l=akebonnier.blogspot.com\",\"contentUrl\":\"https:\/\/blogger.googleusercontent.com\/tracker\/9055441369901436026-8948768593891769618?l=akebonnier.blogspot.com\"},{\"@type\":\"BreadcrumbList\",\"@id\":\"https:\/\/blogg.svenskakyrkan.se\/akebonnier\/2011\/03\/04\/en-reformatorisk-gladjetanke-i-reformationsdagens-tid\/#breadcrumb\",\"itemListElement\":[{\"@type\":\"ListItem\",\"position\":1,\"name\":\"Hem\",\"item\":\"https:\/\/blogg.svenskakyrkan.se\/akebonnier\/\"},{\"@type\":\"ListItem\",\"position\":2,\"name\":\"En reformatorisk gl\u00e4djetanke i Reformationsdagens tid\"}]},{\"@type\":\"WebSite\",\"@id\":\"https:\/\/blogg.svenskakyrkan.se\/akebonnier\/#website\",\"url\":\"https:\/\/blogg.svenskakyrkan.se\/akebonnier\/\",\"name\":\"\u00c5ke Bonnier\",\"description\":\"Biskop i Svenska kyrkan - Skara stift\",\"potentialAction\":[{\"@type\":\"SearchAction\",\"target\":{\"@type\":\"EntryPoint\",\"urlTemplate\":\"https:\/\/blogg.svenskakyrkan.se\/akebonnier\/?s={search_term_string}\"},\"query-input\":{\"@type\":\"PropertyValueSpecification\",\"valueRequired\":true,\"valueName\":\"search_term_string\"}}],\"inLanguage\":\"sv-SE\"},{\"@type\":\"Person\",\"@id\":\"https:\/\/blogg.svenskakyrkan.se\/akebonnier\/#\/schema\/person\/8db68bc0c94f6a5a62df2d4486ff1343\",\"name\":\"\u00c5ke Bonnier\",\"image\":{\"@type\":\"ImageObject\",\"inLanguage\":\"sv-SE\",\"@id\":\"https:\/\/blogg.svenskakyrkan.se\/akebonnier\/#\/schema\/person\/image\/\",\"url\":\"https:\/\/secure.gravatar.com\/avatar\/b88264736bb0bc0d1ea92298aef02c9f98cfc13c7484130c42c663ae484f9462?s=96&d=mm&r=g\",\"contentUrl\":\"https:\/\/secure.gravatar.com\/avatar\/b88264736bb0bc0d1ea92298aef02c9f98cfc13c7484130c42c663ae484f9462?s=96&d=mm&r=g\",\"caption\":\"\u00c5ke Bonnier\"},\"description\":\"Jag \u00e4r gift och har tv\u00e5 vuxna d\u00f6ttrar. Pr\u00e4stvigdes 1984 och biskopsvigs 26 augusti 2012 . Jag har tidigare bland annat varit, komminister och kyrkoherde i Liding\u00f6 f\u00f6rsamling och domprost i Stockholms domkyrkof\u00f6rsamling. Jag \u00e4r intresserad av konst, litteratur, teater, film. Jag tr\u00e4nar regelbundet p\u00e5 gym. Mitt huvudsakliga musikintresse \u00e4r klassisk musik men ocks\u00e5 Beatles, Elvis Presley, Monika Zettelund, Povel Ramel och m\u00e5nga andra tycker jag om att lyssna p\u00e5. Jag l\u00e4ser f\u00f6r lite sk\u00f6nlitteratur beroende p\u00e5 annat som jag m\u00e5ste l\u00e4sa i mitt uppdrag som biskop. Men jag \u00e4lskar b\u00f6cker. Naturligtvis l\u00e4ser jag n\u00e4st intill dagligdags i \\\"B\u00f6ckernas Bok.\\\"\",\"sameAs\":[\"http:\/\/www.skarastift.se\"],\"url\":\"https:\/\/blogg.svenskakyrkan.se\/akebonnier\/author\/akebonnier\/\"}]}<\/script>\n<!-- \/ Yoast SEO plugin. -->","yoast_head_json":{"title":"En reformatorisk gl\u00e4djetanke i Reformationsdagens tid - \u00c5ke Bonnier","robots":{"index":"index","follow":"follow","max-snippet":"max-snippet:-1","max-image-preview":"max-image-preview:large","max-video-preview":"max-video-preview:-1"},"canonical":"https:\/\/blogg.svenskakyrkan.se\/akebonnier\/2011\/03\/04\/en-reformatorisk-gladjetanke-i-reformationsdagens-tid\/","og_locale":"sv_SE","og_type":"article","og_title":"En reformatorisk gl\u00e4djetanke i Reformationsdagens tid - \u00c5ke Bonnier","og_description":"Jag \u00e4r glad att jag \u00e4r lutheran! Observera att jag inte \u00e4r glad \u00f6ver att jag inte \u00e4r katolik eller pingstv\u00e4n, men jag \u00e4r stolt \u00f6ver att st\u00e5 i den lutherska traditionen, en tradition som varit min sedan mitt barndop . Den vecka som g\u00e5tt har pr\u00e4glats av Reformationss\u00f6ndagen. Vi har i samtal och gudstj\u00e4nster [&hellip;]","og_url":"https:\/\/blogg.svenskakyrkan.se\/akebonnier\/2011\/03\/04\/en-reformatorisk-gladjetanke-i-reformationsdagens-tid\/","og_site_name":"\u00c5ke Bonnier","article_published_time":"2011-03-04T12:50:00+00:00","og_image":[{"url":"https:\/\/blogger.googleusercontent.com\/tracker\/9055441369901436026-8948768593891769618?l=akebonnier.blogspot.com","type":"","width":"","height":""}],"author":"\u00c5ke Bonnier","twitter_card":"summary_large_image","twitter_misc":{"Skriven av":"\u00c5ke Bonnier","Ber\u00e4knad l\u00e4stid":"4 minuter"},"schema":{"@context":"https:\/\/schema.org","@graph":[{"@type":"Article","@id":"https:\/\/blogg.svenskakyrkan.se\/akebonnier\/2011\/03\/04\/en-reformatorisk-gladjetanke-i-reformationsdagens-tid\/#article","isPartOf":{"@id":"https:\/\/blogg.svenskakyrkan.se\/akebonnier\/2011\/03\/04\/en-reformatorisk-gladjetanke-i-reformationsdagens-tid\/"},"author":{"name":"\u00c5ke Bonnier","@id":"https:\/\/blogg.svenskakyrkan.se\/akebonnier\/#\/schema\/person\/8db68bc0c94f6a5a62df2d4486ff1343"},"headline":"En reformatorisk gl\u00e4djetanke i Reformationsdagens tid","datePublished":"2011-03-04T12:50:00+00:00","mainEntityOfPage":{"@id":"https:\/\/blogg.svenskakyrkan.se\/akebonnier\/2011\/03\/04\/en-reformatorisk-gladjetanke-i-reformationsdagens-tid\/"},"wordCount":761,"commentCount":13,"image":{"@id":"https:\/\/blogg.svenskakyrkan.se\/akebonnier\/2011\/03\/04\/en-reformatorisk-gladjetanke-i-reformationsdagens-tid\/#primaryimage"},"thumbnailUrl":"https:\/\/blogger.googleusercontent.com\/tracker\/9055441369901436026-8948768593891769618?l=akebonnier.blogspot.com","inLanguage":"sv-SE","potentialAction":[{"@type":"CommentAction","name":"Comment","target":["https:\/\/blogg.svenskakyrkan.se\/akebonnier\/2011\/03\/04\/en-reformatorisk-gladjetanke-i-reformationsdagens-tid\/#respond"]}]},{"@type":"WebPage","@id":"https:\/\/blogg.svenskakyrkan.se\/akebonnier\/2011\/03\/04\/en-reformatorisk-gladjetanke-i-reformationsdagens-tid\/","url":"https:\/\/blogg.svenskakyrkan.se\/akebonnier\/2011\/03\/04\/en-reformatorisk-gladjetanke-i-reformationsdagens-tid\/","name":"En reformatorisk gl\u00e4djetanke i Reformationsdagens tid - \u00c5ke Bonnier","isPartOf":{"@id":"https:\/\/blogg.svenskakyrkan.se\/akebonnier\/#website"},"primaryImageOfPage":{"@id":"https:\/\/blogg.svenskakyrkan.se\/akebonnier\/2011\/03\/04\/en-reformatorisk-gladjetanke-i-reformationsdagens-tid\/#primaryimage"},"image":{"@id":"https:\/\/blogg.svenskakyrkan.se\/akebonnier\/2011\/03\/04\/en-reformatorisk-gladjetanke-i-reformationsdagens-tid\/#primaryimage"},"thumbnailUrl":"https:\/\/blogger.googleusercontent.com\/tracker\/9055441369901436026-8948768593891769618?l=akebonnier.blogspot.com","datePublished":"2011-03-04T12:50:00+00:00","author":{"@id":"https:\/\/blogg.svenskakyrkan.se\/akebonnier\/#\/schema\/person\/8db68bc0c94f6a5a62df2d4486ff1343"},"breadcrumb":{"@id":"https:\/\/blogg.svenskakyrkan.se\/akebonnier\/2011\/03\/04\/en-reformatorisk-gladjetanke-i-reformationsdagens-tid\/#breadcrumb"},"inLanguage":"sv-SE","potentialAction":[{"@type":"ReadAction","target":["https:\/\/blogg.svenskakyrkan.se\/akebonnier\/2011\/03\/04\/en-reformatorisk-gladjetanke-i-reformationsdagens-tid\/"]}]},{"@type":"ImageObject","inLanguage":"sv-SE","@id":"https:\/\/blogg.svenskakyrkan.se\/akebonnier\/2011\/03\/04\/en-reformatorisk-gladjetanke-i-reformationsdagens-tid\/#primaryimage","url":"https:\/\/blogger.googleusercontent.com\/tracker\/9055441369901436026-8948768593891769618?l=akebonnier.blogspot.com","contentUrl":"https:\/\/blogger.googleusercontent.com\/tracker\/9055441369901436026-8948768593891769618?l=akebonnier.blogspot.com"},{"@type":"BreadcrumbList","@id":"https:\/\/blogg.svenskakyrkan.se\/akebonnier\/2011\/03\/04\/en-reformatorisk-gladjetanke-i-reformationsdagens-tid\/#breadcrumb","itemListElement":[{"@type":"ListItem","position":1,"name":"Hem","item":"https:\/\/blogg.svenskakyrkan.se\/akebonnier\/"},{"@type":"ListItem","position":2,"name":"En reformatorisk gl\u00e4djetanke i Reformationsdagens tid"}]},{"@type":"WebSite","@id":"https:\/\/blogg.svenskakyrkan.se\/akebonnier\/#website","url":"https:\/\/blogg.svenskakyrkan.se\/akebonnier\/","name":"\u00c5ke Bonnier","description":"Biskop i Svenska kyrkan - Skara stift","potentialAction":[{"@type":"SearchAction","target":{"@type":"EntryPoint","urlTemplate":"https:\/\/blogg.svenskakyrkan.se\/akebonnier\/?s={search_term_string}"},"query-input":{"@type":"PropertyValueSpecification","valueRequired":true,"valueName":"search_term_string"}}],"inLanguage":"sv-SE"},{"@type":"Person","@id":"https:\/\/blogg.svenskakyrkan.se\/akebonnier\/#\/schema\/person\/8db68bc0c94f6a5a62df2d4486ff1343","name":"\u00c5ke Bonnier","image":{"@type":"ImageObject","inLanguage":"sv-SE","@id":"https:\/\/blogg.svenskakyrkan.se\/akebonnier\/#\/schema\/person\/image\/","url":"https:\/\/secure.gravatar.com\/avatar\/b88264736bb0bc0d1ea92298aef02c9f98cfc13c7484130c42c663ae484f9462?s=96&d=mm&r=g","contentUrl":"https:\/\/secure.gravatar.com\/avatar\/b88264736bb0bc0d1ea92298aef02c9f98cfc13c7484130c42c663ae484f9462?s=96&d=mm&r=g","caption":"\u00c5ke Bonnier"},"description":"Jag \u00e4r gift och har tv\u00e5 vuxna d\u00f6ttrar. Pr\u00e4stvigdes 1984 och biskopsvigs 26 augusti 2012 . Jag har tidigare bland annat varit, komminister och kyrkoherde i Liding\u00f6 f\u00f6rsamling och domprost i Stockholms domkyrkof\u00f6rsamling. Jag \u00e4r intresserad av konst, litteratur, teater, film. Jag tr\u00e4nar regelbundet p\u00e5 gym. Mitt huvudsakliga musikintresse \u00e4r klassisk musik men ocks\u00e5 Beatles, Elvis Presley, Monika Zettelund, Povel Ramel och m\u00e5nga andra tycker jag om att lyssna p\u00e5. Jag l\u00e4ser f\u00f6r lite sk\u00f6nlitteratur beroende p\u00e5 annat som jag m\u00e5ste l\u00e4sa i mitt uppdrag som biskop. Men jag \u00e4lskar b\u00f6cker. Naturligtvis l\u00e4ser jag n\u00e4st intill dagligdags i \"B\u00f6ckernas Bok.\"","sameAs":["http:\/\/www.skarastift.se"],"url":"https:\/\/blogg.svenskakyrkan.se\/akebonnier\/author\/akebonnier\/"}]}},"author_meta":{"ID":"108","user_nicename":"akebonnier","user_url":"http:\/\/www.skarastift.se","user_registered":"2011-10-11 09:24:48","display_name":"\u00c5ke Bonnier","first_name":"\u00c5ke","last_name":"Bonnier","avatar":"https:\/\/secure.gravatar.com\/avatar\/b88264736bb0bc0d1ea92298aef02c9f98cfc13c7484130c42c663ae484f9462?s=96&d=mm&r=g"},"featured_image":false,"bloginfo":{"name":"\u00c5ke Bonnier","url":"https:\/\/blogg.svenskakyrkan.se\/akebonnier"},"_links":{"self":[{"href":"https:\/\/blogg.svenskakyrkan.se\/akebonnier\/wp-json\/wp\/v2\/posts\/509","targetHints":{"allow":["GET"]}}],"collection":[{"href":"https:\/\/blogg.svenskakyrkan.se\/akebonnier\/wp-json\/wp\/v2\/posts"}],"about":[{"href":"https:\/\/blogg.svenskakyrkan.se\/akebonnier\/wp-json\/wp\/v2\/types\/post"}],"author":[{"embeddable":true,"href":"https:\/\/blogg.svenskakyrkan.se\/akebonnier\/wp-json\/wp\/v2\/users\/108"}],"replies":[{"embeddable":true,"href":"https:\/\/blogg.svenskakyrkan.se\/akebonnier\/wp-json\/wp\/v2\/comments?post=509"}],"version-history":[{"count":0,"href":"https:\/\/blogg.svenskakyrkan.se\/akebonnier\/wp-json\/wp\/v2\/posts\/509\/revisions"}],"wp:attachment":[{"href":"https:\/\/blogg.svenskakyrkan.se\/akebonnier\/wp-json\/wp\/v2\/media?parent=509"}],"wp:term":[{"taxonomy":"category","embeddable":true,"href":"https:\/\/blogg.svenskakyrkan.se\/akebonnier\/wp-json\/wp\/v2\/categories?post=509"},{"taxonomy":"post_tag","embeddable":true,"href":"https:\/\/blogg.svenskakyrkan.se\/akebonnier\/wp-json\/wp\/v2\/tags?post=509"}],"curies":[{"name":"wp","href":"https:\/\/api.w.org\/{rel}","templated":true}]}}