{"id":510,"date":"2011-03-08T16:49:00","date_gmt":"2011-03-08T16:49:00","guid":{"rendered":"http:\/\/blogg.svenskakyrkan.se\/akebonnier\/2011\/03\/08\/brodet-ar-ett\/"},"modified":"2011-03-08T16:49:00","modified_gmt":"2011-03-08T16:49:00","slug":"brodet-ar-ett","status":"publish","type":"post","link":"https:\/\/blogg.svenskakyrkan.se\/akebonnier\/2011\/03\/08\/brodet-ar-ett\/","title":{"rendered":"Br\u00f6det \u00e4r ett&#8230;!"},"content":{"rendered":"<p>P\u00e5 den tiden jag hade konfirmander sj\u00f6ng vi ofta psalmen &#8221;Vi reser ett tecken&#8221; (Psalm 398 i Den Svenska Psalmboken). Konfirmanderna och vi ledare h\u00f6ll upp v\u00e5ra h\u00e4nder tillsammans som ett tecken p\u00e5 att vi inst\u00e4mde i psalmens ord om r\u00e4ttvisans tecken, m\u00e5ltid delad med alla I dag \u00e4r det Fettisdagen och jag h\u00e4vde ganska tidigt i mig en semla. Jo, jag \u00e4r semmelfundamentalist och menar att det bara \u00e4r i dag som man f\u00e5r \u00e4ta dessa h\u00e4rligheter. Vi lever ju just dessa dagar i fastlagstiden n\u00e4r det handlar om att \u00e4ta och dricka s\u00e5 att man sedan kan klara den 40 dagar l\u00e5nga fasteperioden som b\u00f6rjar i morgon, d\u00e5 det \u00e4r Askonsdag. <br \/>F\u00e5 \u00e4r det v\u00e4l som fastar under denna period men den p\u00e5minner oss om att s\u00e5 gr\u00e4nsl\u00f6st m\u00e5nga m\u00e4nniskor genomf\u00f6r en ofrivillig fasta i v\u00e5r v\u00e4rld. Hungern i v\u00e4rlden tycks enligt unders\u00f6kningar eskalera. 1997 gick ca 775 miljoner m\u00e4nniskor till s\u00e4ngs undern\u00e4rda beroende p\u00e5 f\u00f6rdelningsproblematik, jordbruksutnyttjande, etc, etc. 2007 var samma siffra 980 millioner och 2017 v\u00e4ntas enligt prognoser 1, 2 milliarder m\u00e4nniskor lida av daglig undern\u00e4ring. Det \u00e4r ofattbart f\u00f6r oss svenskar, men inte bara ofattbart utan ocks\u00e5 oacceptabelt. Vi kan inte bara sjunga om r\u00e4ttvisa, om br\u00f6d som delas, om m\u00e5ltid f\u00f6r alla utan att leva detta. Svenska kyrkan har just inlett fasteinsamlingen som handlar om att stoppa hungern. Vi kan naturligtvis inte ensamma stoppa v\u00e4rdens undern\u00e4ring och v\u00e4nda alla siffror \u00e5t r\u00e4tt h\u00e5ll. Men, vi kan vara med och m\u00e5ste vara med och f\u00f6r\u00e4ndra. <br \/>Att nattvardens br\u00f6d delas och r\u00e4cker \u00e5t alla \u00e4r inte bara en realitet i m\u00e4ssans sammanhang. I det br\u00f6det \u00e4r Kristus n\u00e4rvarande men han \u00e4r ocks\u00e5 n\u00e4rvarande d\u00e4r br\u00f6det bryts i v\u00e5ra andra sammanhang, d\u00e4r vi delar v\u00e5rt dagliga br\u00f6d med br\u00f6der och systrar som inte har det s\u00e5 bra som vi. Jesus sj\u00e4lv uppmanar oss i Matteusevangeliets 25 kapitel att bry oss om dem som har det tufft i tillvaron och s\u00e4ger ocks\u00e5 att vad helst vi har gjort mot en av dessa mina minsta som \u00e4r mina br\u00f6der, det har vi gjort f\u00f6r honom. <br \/>L\u00e5t oss d\u00e4rf\u00f6r vara med och g\u00f6ra en insats ocks\u00e5 i Svenska kyrkans fasteinsamling, ja l\u00e5t oss g\u00f6ra allt f\u00f6r att utrota hungern! (http:\/\/www.svenskakyrkan.se\/default.aspx?id=712719) <\/p>\n<p>Br\u00f6det \u00e4r ett&#8230;!<\/p>\n<div class=\"blogger-post-footer\"><img width='1' height='1' src='https:\/\/blogger.googleusercontent.com\/tracker\/9055441369901436026-1252703617649482206?l=akebonnier.blogspot.com' alt='' \/><\/div>\n","protected":false},"excerpt":{"rendered":"<p>P\u00e5 den tiden jag hade konfirmander sj\u00f6ng vi ofta psalmen &#8221;Vi reser ett tecken&#8221; (Psalm 398 i Den Svenska Psalmboken). Konfirmanderna och vi ledare h\u00f6ll upp v\u00e5ra h\u00e4nder tillsammans som ett tecken p\u00e5 att vi inst\u00e4mde i psalmens ord om r\u00e4ttvisans tecken, m\u00e5ltid delad med alla I dag \u00e4r det Fettisdagen och jag h\u00e4vde ganska [&hellip;]<\/p>\n","protected":false},"author":108,"featured_media":0,"comment_status":"open","ping_status":"open","sticky":false,"template":"","format":"standard","meta":{"_acf_changed":false,"footnotes":""},"categories":[16476],"tags":[],"class_list":["post-510","post","type-post","status-publish","format-standard","hentry","category-brodet-ar-ett"],"acf":[],"yoast_head":"<!-- This site is optimized with the Yoast SEO plugin v27.1.1 - https:\/\/yoast.com\/product\/yoast-seo-wordpress\/ -->\n<title>Br\u00f6det \u00e4r ett...! - \u00c5ke Bonnier<\/title>\n<meta name=\"robots\" content=\"index, follow, max-snippet:-1, max-image-preview:large, max-video-preview:-1\" \/>\n<link rel=\"canonical\" href=\"https:\/\/blogg.svenskakyrkan.se\/akebonnier\/2011\/03\/08\/brodet-ar-ett\/\" \/>\n<meta property=\"og:locale\" content=\"sv_SE\" \/>\n<meta property=\"og:type\" content=\"article\" \/>\n<meta property=\"og:title\" content=\"Br\u00f6det \u00e4r ett...! - \u00c5ke Bonnier\" \/>\n<meta property=\"og:description\" content=\"P\u00e5 den tiden jag hade konfirmander sj\u00f6ng vi ofta psalmen &#8221;Vi reser ett tecken&#8221; (Psalm 398 i Den Svenska Psalmboken). Konfirmanderna och vi ledare h\u00f6ll upp v\u00e5ra h\u00e4nder tillsammans som ett tecken p\u00e5 att vi inst\u00e4mde i psalmens ord om r\u00e4ttvisans tecken, m\u00e5ltid delad med alla I dag \u00e4r det Fettisdagen och jag h\u00e4vde ganska [&hellip;]\" \/>\n<meta property=\"og:url\" content=\"https:\/\/blogg.svenskakyrkan.se\/akebonnier\/2011\/03\/08\/brodet-ar-ett\/\" \/>\n<meta property=\"og:site_name\" content=\"\u00c5ke Bonnier\" \/>\n<meta property=\"article:published_time\" content=\"2011-03-08T16:49:00+00:00\" \/>\n<meta property=\"og:image\" content=\"https:\/\/blogger.googleusercontent.com\/tracker\/9055441369901436026-1252703617649482206?l=akebonnier.blogspot.com\" \/>\n<meta name=\"author\" content=\"\u00c5ke Bonnier\" \/>\n<meta name=\"twitter:card\" content=\"summary_large_image\" \/>\n<meta name=\"twitter:label1\" content=\"Skriven av\" \/>\n\t<meta name=\"twitter:data1\" content=\"\u00c5ke Bonnier\" \/>\n\t<meta name=\"twitter:label2\" content=\"Ber\u00e4knad l\u00e4stid\" \/>\n\t<meta name=\"twitter:data2\" content=\"2 minuter\" \/>\n<script type=\"application\/ld+json\" class=\"yoast-schema-graph\">{\"@context\":\"https:\/\/schema.org\",\"@graph\":[{\"@type\":\"Article\",\"@id\":\"https:\/\/blogg.svenskakyrkan.se\/akebonnier\/2011\/03\/08\/brodet-ar-ett\/#article\",\"isPartOf\":{\"@id\":\"https:\/\/blogg.svenskakyrkan.se\/akebonnier\/2011\/03\/08\/brodet-ar-ett\/\"},\"author\":{\"name\":\"\u00c5ke Bonnier\",\"@id\":\"https:\/\/blogg.svenskakyrkan.se\/akebonnier\/#\/schema\/person\/8db68bc0c94f6a5a62df2d4486ff1343\"},\"headline\":\"Br\u00f6det \u00e4r ett&#8230;!\",\"datePublished\":\"2011-03-08T16:49:00+00:00\",\"mainEntityOfPage\":{\"@id\":\"https:\/\/blogg.svenskakyrkan.se\/akebonnier\/2011\/03\/08\/brodet-ar-ett\/\"},\"wordCount\":442,\"commentCount\":0,\"image\":{\"@id\":\"https:\/\/blogg.svenskakyrkan.se\/akebonnier\/2011\/03\/08\/brodet-ar-ett\/#primaryimage\"},\"thumbnailUrl\":\"https:\/\/blogger.googleusercontent.com\/tracker\/9055441369901436026-1252703617649482206?l=akebonnier.blogspot.com\",\"articleSection\":[\"Br\u00f6det \u00e4r ett\"],\"inLanguage\":\"sv-SE\",\"potentialAction\":[{\"@type\":\"CommentAction\",\"name\":\"Comment\",\"target\":[\"https:\/\/blogg.svenskakyrkan.se\/akebonnier\/2011\/03\/08\/brodet-ar-ett\/#respond\"]}]},{\"@type\":\"WebPage\",\"@id\":\"https:\/\/blogg.svenskakyrkan.se\/akebonnier\/2011\/03\/08\/brodet-ar-ett\/\",\"url\":\"https:\/\/blogg.svenskakyrkan.se\/akebonnier\/2011\/03\/08\/brodet-ar-ett\/\",\"name\":\"Br\u00f6det \u00e4r ett...! - \u00c5ke Bonnier\",\"isPartOf\":{\"@id\":\"https:\/\/blogg.svenskakyrkan.se\/akebonnier\/#website\"},\"primaryImageOfPage\":{\"@id\":\"https:\/\/blogg.svenskakyrkan.se\/akebonnier\/2011\/03\/08\/brodet-ar-ett\/#primaryimage\"},\"image\":{\"@id\":\"https:\/\/blogg.svenskakyrkan.se\/akebonnier\/2011\/03\/08\/brodet-ar-ett\/#primaryimage\"},\"thumbnailUrl\":\"https:\/\/blogger.googleusercontent.com\/tracker\/9055441369901436026-1252703617649482206?l=akebonnier.blogspot.com\",\"datePublished\":\"2011-03-08T16:49:00+00:00\",\"author\":{\"@id\":\"https:\/\/blogg.svenskakyrkan.se\/akebonnier\/#\/schema\/person\/8db68bc0c94f6a5a62df2d4486ff1343\"},\"breadcrumb\":{\"@id\":\"https:\/\/blogg.svenskakyrkan.se\/akebonnier\/2011\/03\/08\/brodet-ar-ett\/#breadcrumb\"},\"inLanguage\":\"sv-SE\",\"potentialAction\":[{\"@type\":\"ReadAction\",\"target\":[\"https:\/\/blogg.svenskakyrkan.se\/akebonnier\/2011\/03\/08\/brodet-ar-ett\/\"]}]},{\"@type\":\"ImageObject\",\"inLanguage\":\"sv-SE\",\"@id\":\"https:\/\/blogg.svenskakyrkan.se\/akebonnier\/2011\/03\/08\/brodet-ar-ett\/#primaryimage\",\"url\":\"https:\/\/blogger.googleusercontent.com\/tracker\/9055441369901436026-1252703617649482206?l=akebonnier.blogspot.com\",\"contentUrl\":\"https:\/\/blogger.googleusercontent.com\/tracker\/9055441369901436026-1252703617649482206?l=akebonnier.blogspot.com\"},{\"@type\":\"BreadcrumbList\",\"@id\":\"https:\/\/blogg.svenskakyrkan.se\/akebonnier\/2011\/03\/08\/brodet-ar-ett\/#breadcrumb\",\"itemListElement\":[{\"@type\":\"ListItem\",\"position\":1,\"name\":\"Hem\",\"item\":\"https:\/\/blogg.svenskakyrkan.se\/akebonnier\/\"},{\"@type\":\"ListItem\",\"position\":2,\"name\":\"Br\u00f6det \u00e4r ett&#8230;!\"}]},{\"@type\":\"WebSite\",\"@id\":\"https:\/\/blogg.svenskakyrkan.se\/akebonnier\/#website\",\"url\":\"https:\/\/blogg.svenskakyrkan.se\/akebonnier\/\",\"name\":\"\u00c5ke Bonnier\",\"description\":\"Biskop i Svenska kyrkan - Skara stift\",\"potentialAction\":[{\"@type\":\"SearchAction\",\"target\":{\"@type\":\"EntryPoint\",\"urlTemplate\":\"https:\/\/blogg.svenskakyrkan.se\/akebonnier\/?s={search_term_string}\"},\"query-input\":{\"@type\":\"PropertyValueSpecification\",\"valueRequired\":true,\"valueName\":\"search_term_string\"}}],\"inLanguage\":\"sv-SE\"},{\"@type\":\"Person\",\"@id\":\"https:\/\/blogg.svenskakyrkan.se\/akebonnier\/#\/schema\/person\/8db68bc0c94f6a5a62df2d4486ff1343\",\"name\":\"\u00c5ke Bonnier\",\"image\":{\"@type\":\"ImageObject\",\"inLanguage\":\"sv-SE\",\"@id\":\"https:\/\/blogg.svenskakyrkan.se\/akebonnier\/#\/schema\/person\/image\/\",\"url\":\"https:\/\/secure.gravatar.com\/avatar\/b88264736bb0bc0d1ea92298aef02c9f98cfc13c7484130c42c663ae484f9462?s=96&d=mm&r=g\",\"contentUrl\":\"https:\/\/secure.gravatar.com\/avatar\/b88264736bb0bc0d1ea92298aef02c9f98cfc13c7484130c42c663ae484f9462?s=96&d=mm&r=g\",\"caption\":\"\u00c5ke Bonnier\"},\"description\":\"Jag \u00e4r gift och har tv\u00e5 vuxna d\u00f6ttrar. Pr\u00e4stvigdes 1984 och biskopsvigs 26 augusti 2012 . Jag har tidigare bland annat varit, komminister och kyrkoherde i Liding\u00f6 f\u00f6rsamling och domprost i Stockholms domkyrkof\u00f6rsamling. Jag \u00e4r intresserad av konst, litteratur, teater, film. Jag tr\u00e4nar regelbundet p\u00e5 gym. Mitt huvudsakliga musikintresse \u00e4r klassisk musik men ocks\u00e5 Beatles, Elvis Presley, Monika Zettelund, Povel Ramel och m\u00e5nga andra tycker jag om att lyssna p\u00e5. Jag l\u00e4ser f\u00f6r lite sk\u00f6nlitteratur beroende p\u00e5 annat som jag m\u00e5ste l\u00e4sa i mitt uppdrag som biskop. Men jag \u00e4lskar b\u00f6cker. Naturligtvis l\u00e4ser jag n\u00e4st intill dagligdags i \\\"B\u00f6ckernas Bok.\\\"\",\"sameAs\":[\"http:\/\/www.skarastift.se\"],\"url\":\"https:\/\/blogg.svenskakyrkan.se\/akebonnier\/author\/akebonnier\/\"}]}<\/script>\n<!-- \/ Yoast SEO plugin. -->","yoast_head_json":{"title":"Br\u00f6det \u00e4r ett...! - \u00c5ke Bonnier","robots":{"index":"index","follow":"follow","max-snippet":"max-snippet:-1","max-image-preview":"max-image-preview:large","max-video-preview":"max-video-preview:-1"},"canonical":"https:\/\/blogg.svenskakyrkan.se\/akebonnier\/2011\/03\/08\/brodet-ar-ett\/","og_locale":"sv_SE","og_type":"article","og_title":"Br\u00f6det \u00e4r ett...! - \u00c5ke Bonnier","og_description":"P\u00e5 den tiden jag hade konfirmander sj\u00f6ng vi ofta psalmen &#8221;Vi reser ett tecken&#8221; (Psalm 398 i Den Svenska Psalmboken). Konfirmanderna och vi ledare h\u00f6ll upp v\u00e5ra h\u00e4nder tillsammans som ett tecken p\u00e5 att vi inst\u00e4mde i psalmens ord om r\u00e4ttvisans tecken, m\u00e5ltid delad med alla I dag \u00e4r det Fettisdagen och jag h\u00e4vde ganska [&hellip;]","og_url":"https:\/\/blogg.svenskakyrkan.se\/akebonnier\/2011\/03\/08\/brodet-ar-ett\/","og_site_name":"\u00c5ke Bonnier","article_published_time":"2011-03-08T16:49:00+00:00","og_image":[{"url":"https:\/\/blogger.googleusercontent.com\/tracker\/9055441369901436026-1252703617649482206?l=akebonnier.blogspot.com","type":"","width":"","height":""}],"author":"\u00c5ke Bonnier","twitter_card":"summary_large_image","twitter_misc":{"Skriven av":"\u00c5ke Bonnier","Ber\u00e4knad l\u00e4stid":"2 minuter"},"schema":{"@context":"https:\/\/schema.org","@graph":[{"@type":"Article","@id":"https:\/\/blogg.svenskakyrkan.se\/akebonnier\/2011\/03\/08\/brodet-ar-ett\/#article","isPartOf":{"@id":"https:\/\/blogg.svenskakyrkan.se\/akebonnier\/2011\/03\/08\/brodet-ar-ett\/"},"author":{"name":"\u00c5ke Bonnier","@id":"https:\/\/blogg.svenskakyrkan.se\/akebonnier\/#\/schema\/person\/8db68bc0c94f6a5a62df2d4486ff1343"},"headline":"Br\u00f6det \u00e4r ett&#8230;!","datePublished":"2011-03-08T16:49:00+00:00","mainEntityOfPage":{"@id":"https:\/\/blogg.svenskakyrkan.se\/akebonnier\/2011\/03\/08\/brodet-ar-ett\/"},"wordCount":442,"commentCount":0,"image":{"@id":"https:\/\/blogg.svenskakyrkan.se\/akebonnier\/2011\/03\/08\/brodet-ar-ett\/#primaryimage"},"thumbnailUrl":"https:\/\/blogger.googleusercontent.com\/tracker\/9055441369901436026-1252703617649482206?l=akebonnier.blogspot.com","articleSection":["Br\u00f6det \u00e4r ett"],"inLanguage":"sv-SE","potentialAction":[{"@type":"CommentAction","name":"Comment","target":["https:\/\/blogg.svenskakyrkan.se\/akebonnier\/2011\/03\/08\/brodet-ar-ett\/#respond"]}]},{"@type":"WebPage","@id":"https:\/\/blogg.svenskakyrkan.se\/akebonnier\/2011\/03\/08\/brodet-ar-ett\/","url":"https:\/\/blogg.svenskakyrkan.se\/akebonnier\/2011\/03\/08\/brodet-ar-ett\/","name":"Br\u00f6det \u00e4r ett...! - \u00c5ke Bonnier","isPartOf":{"@id":"https:\/\/blogg.svenskakyrkan.se\/akebonnier\/#website"},"primaryImageOfPage":{"@id":"https:\/\/blogg.svenskakyrkan.se\/akebonnier\/2011\/03\/08\/brodet-ar-ett\/#primaryimage"},"image":{"@id":"https:\/\/blogg.svenskakyrkan.se\/akebonnier\/2011\/03\/08\/brodet-ar-ett\/#primaryimage"},"thumbnailUrl":"https:\/\/blogger.googleusercontent.com\/tracker\/9055441369901436026-1252703617649482206?l=akebonnier.blogspot.com","datePublished":"2011-03-08T16:49:00+00:00","author":{"@id":"https:\/\/blogg.svenskakyrkan.se\/akebonnier\/#\/schema\/person\/8db68bc0c94f6a5a62df2d4486ff1343"},"breadcrumb":{"@id":"https:\/\/blogg.svenskakyrkan.se\/akebonnier\/2011\/03\/08\/brodet-ar-ett\/#breadcrumb"},"inLanguage":"sv-SE","potentialAction":[{"@type":"ReadAction","target":["https:\/\/blogg.svenskakyrkan.se\/akebonnier\/2011\/03\/08\/brodet-ar-ett\/"]}]},{"@type":"ImageObject","inLanguage":"sv-SE","@id":"https:\/\/blogg.svenskakyrkan.se\/akebonnier\/2011\/03\/08\/brodet-ar-ett\/#primaryimage","url":"https:\/\/blogger.googleusercontent.com\/tracker\/9055441369901436026-1252703617649482206?l=akebonnier.blogspot.com","contentUrl":"https:\/\/blogger.googleusercontent.com\/tracker\/9055441369901436026-1252703617649482206?l=akebonnier.blogspot.com"},{"@type":"BreadcrumbList","@id":"https:\/\/blogg.svenskakyrkan.se\/akebonnier\/2011\/03\/08\/brodet-ar-ett\/#breadcrumb","itemListElement":[{"@type":"ListItem","position":1,"name":"Hem","item":"https:\/\/blogg.svenskakyrkan.se\/akebonnier\/"},{"@type":"ListItem","position":2,"name":"Br\u00f6det \u00e4r ett&#8230;!"}]},{"@type":"WebSite","@id":"https:\/\/blogg.svenskakyrkan.se\/akebonnier\/#website","url":"https:\/\/blogg.svenskakyrkan.se\/akebonnier\/","name":"\u00c5ke Bonnier","description":"Biskop i Svenska kyrkan - Skara stift","potentialAction":[{"@type":"SearchAction","target":{"@type":"EntryPoint","urlTemplate":"https:\/\/blogg.svenskakyrkan.se\/akebonnier\/?s={search_term_string}"},"query-input":{"@type":"PropertyValueSpecification","valueRequired":true,"valueName":"search_term_string"}}],"inLanguage":"sv-SE"},{"@type":"Person","@id":"https:\/\/blogg.svenskakyrkan.se\/akebonnier\/#\/schema\/person\/8db68bc0c94f6a5a62df2d4486ff1343","name":"\u00c5ke Bonnier","image":{"@type":"ImageObject","inLanguage":"sv-SE","@id":"https:\/\/blogg.svenskakyrkan.se\/akebonnier\/#\/schema\/person\/image\/","url":"https:\/\/secure.gravatar.com\/avatar\/b88264736bb0bc0d1ea92298aef02c9f98cfc13c7484130c42c663ae484f9462?s=96&d=mm&r=g","contentUrl":"https:\/\/secure.gravatar.com\/avatar\/b88264736bb0bc0d1ea92298aef02c9f98cfc13c7484130c42c663ae484f9462?s=96&d=mm&r=g","caption":"\u00c5ke Bonnier"},"description":"Jag \u00e4r gift och har tv\u00e5 vuxna d\u00f6ttrar. Pr\u00e4stvigdes 1984 och biskopsvigs 26 augusti 2012 . Jag har tidigare bland annat varit, komminister och kyrkoherde i Liding\u00f6 f\u00f6rsamling och domprost i Stockholms domkyrkof\u00f6rsamling. Jag \u00e4r intresserad av konst, litteratur, teater, film. Jag tr\u00e4nar regelbundet p\u00e5 gym. Mitt huvudsakliga musikintresse \u00e4r klassisk musik men ocks\u00e5 Beatles, Elvis Presley, Monika Zettelund, Povel Ramel och m\u00e5nga andra tycker jag om att lyssna p\u00e5. Jag l\u00e4ser f\u00f6r lite sk\u00f6nlitteratur beroende p\u00e5 annat som jag m\u00e5ste l\u00e4sa i mitt uppdrag som biskop. Men jag \u00e4lskar b\u00f6cker. Naturligtvis l\u00e4ser jag n\u00e4st intill dagligdags i \"B\u00f6ckernas Bok.\"","sameAs":["http:\/\/www.skarastift.se"],"url":"https:\/\/blogg.svenskakyrkan.se\/akebonnier\/author\/akebonnier\/"}]}},"author_meta":{"ID":"108","user_nicename":"akebonnier","user_url":"http:\/\/www.skarastift.se","user_registered":"2011-10-11 09:24:48","display_name":"\u00c5ke Bonnier","first_name":"\u00c5ke","last_name":"Bonnier","avatar":"https:\/\/secure.gravatar.com\/avatar\/b88264736bb0bc0d1ea92298aef02c9f98cfc13c7484130c42c663ae484f9462?s=96&d=mm&r=g"},"featured_image":false,"bloginfo":{"name":"\u00c5ke Bonnier","url":"https:\/\/blogg.svenskakyrkan.se\/akebonnier"},"_links":{"self":[{"href":"https:\/\/blogg.svenskakyrkan.se\/akebonnier\/wp-json\/wp\/v2\/posts\/510","targetHints":{"allow":["GET"]}}],"collection":[{"href":"https:\/\/blogg.svenskakyrkan.se\/akebonnier\/wp-json\/wp\/v2\/posts"}],"about":[{"href":"https:\/\/blogg.svenskakyrkan.se\/akebonnier\/wp-json\/wp\/v2\/types\/post"}],"author":[{"embeddable":true,"href":"https:\/\/blogg.svenskakyrkan.se\/akebonnier\/wp-json\/wp\/v2\/users\/108"}],"replies":[{"embeddable":true,"href":"https:\/\/blogg.svenskakyrkan.se\/akebonnier\/wp-json\/wp\/v2\/comments?post=510"}],"version-history":[{"count":0,"href":"https:\/\/blogg.svenskakyrkan.se\/akebonnier\/wp-json\/wp\/v2\/posts\/510\/revisions"}],"wp:attachment":[{"href":"https:\/\/blogg.svenskakyrkan.se\/akebonnier\/wp-json\/wp\/v2\/media?parent=510"}],"wp:term":[{"taxonomy":"category","embeddable":true,"href":"https:\/\/blogg.svenskakyrkan.se\/akebonnier\/wp-json\/wp\/v2\/categories?post=510"},{"taxonomy":"post_tag","embeddable":true,"href":"https:\/\/blogg.svenskakyrkan.se\/akebonnier\/wp-json\/wp\/v2\/tags?post=510"}],"curies":[{"name":"wp","href":"https:\/\/api.w.org\/{rel}","templated":true}]}}