{"id":511,"date":"2011-03-09T22:05:00","date_gmt":"2011-03-09T22:05:00","guid":{"rendered":"http:\/\/blogg.svenskakyrkan.se\/akebonnier\/2011\/03\/09\/vem-ar-jag\/"},"modified":"2011-03-09T22:05:00","modified_gmt":"2011-03-09T22:05:00","slug":"vem-ar-jag","status":"publish","type":"post","link":"https:\/\/blogg.svenskakyrkan.se\/akebonnier\/2011\/03\/09\/vem-ar-jag\/","title":{"rendered":"Vem \u00e4r jag?"},"content":{"rendered":"<p>Det \u00e4r nog en fr\u00e5ga som m\u00e5nga av oss st\u00e4ller. Vi undrar m\u00e5h\u00e4nda \u00f6ver v\u00e5r djupaste identitet i f\u00f6rh\u00e5llande till det omgivande samh\u00e4llet. Kanske \u00e4r ocks\u00e5 sj\u00e4lva fr\u00e5gan pr\u00e4glad av behovet av att passa in, passa in i m\u00f6nster, strukturer, grupper, fack etc. Men t\u00e4nk om vi inte passar in? T\u00e4nk om det inte g\u00e5r att &#8221;paketera oss&#8221; s\u00e5 enkelt?<\/p>\n<p>Jag har just l\u00e4st om biskopshearingen i G\u00f6teborg. Folkkyrklig, h\u00f6gkyrklig, l\u00e5gkyrklig. Orden betecknar olika kandidater och olika kyrkliga str\u00f6mningar. Ibland klassificeras jag av andra och av mig sj\u00e4lv som en liberal kristen. Men jag \u00e4r inte s\u00e4ker p\u00e5 att det passar in. Kanske \u00e4r jag snarare h\u00f6gkyrklig, fast jag menar naturligtvis att v\u00e5ra vigningstj\u00e4nster sj\u00e4lvklart \u00e4r \u00f6ppna f\u00f6r alla som har b\u00e5de den inre och yttre kallelsen, oavsett k\u00f6n. M\u00e5h\u00e4nda \u00e4r jag folkkyrklig? Fast vad \u00e4r det? Evangeliet ska n\u00e5 ut till hela folket? Jo, och det vill jag ju. Men vilket evangelium? Handlar det om att Bibeln \u00e4r bokstavligt sann och att det bara \u00e4r att l\u00e4sa den rakt upp och ned och sprida dess budskap (pluralis) ut \u00f6ver nejden? Nej, det tror jag inte! Bibeln m\u00e5ste tolkas och f\u00f6rst\u00e5s in i det egna livet. Men vem ska tolka? \u00c4r det var och en som den vill eller har kyrkan tolkningsf\u00f6retr\u00e4de? Luther bemyndigade m\u00e4nniskan att hantera bibeltexten genom att \u00f6vers\u00e4tta den till sin tids tyska. Vi \u00e4r myndiga m\u00e4nniskor och har r\u00e4tt att tolka. Samtidigt har pr\u00e4ster en st\u00f6rre sakkunskap \u00e4n andra och kan vara guider i bibeltolkningens sn\u00e5rskog. <br \/>Evangeliet till alla? Vilket \u00e4r evangeliet som m\u00e5ste n\u00e5 ut? Handlar det om jungfruf\u00f6dslar, specifika under i stil med att Jesus g\u00e5tt p\u00e5 vattnet, f\u00f6rvandlat 600 liter vatten till vin? Nej, evangeliet handlar om synden. Det glada budskapet \u00e4r att en v\u00e4n hade fel i kv\u00e4ll n\u00e4r han sa att &#8221;synd \u00e4r s\u00e5dant som man inte f\u00e5r f\u00f6rl\u00e5telse f\u00f6r&#8221;. Tack gode Gud att han har fel, min gode v\u00e4n. Evangeliet som borde n\u00e5 ut till alla handlar om att det finns en f\u00f6rl\u00e5telse som vi f\u00e5r leva i och leva av. \u00c4r jag h\u00f6g-, l\u00e5g- eller folkkyrklig n\u00e4r jag skriver detta? M\u00e5ste det finnas en etikett? M\u00e5ste jag passa in i ett m\u00f6nster, en struktur eller ett fack? Kan jag inte bara f\u00e5 vara kristen, f\u00f6r det \u00e4r det jag \u00e4r. L\u00e5t oss f\u00f6rs\u00f6ka att arbeta bort etiketterna som vi s\u00e4tter p\u00e5 varandra och se p\u00e5 varandra som br\u00f6der och systrar som har s\u00e5 mycket gemensamt &#8211; ocks\u00e5 inom Svenska kyrkan.<br \/>Vem \u00e4r jag? Jo, en m\u00e4nniska bland m\u00e4nniskor, en kristen, en pr\u00e4st i Svenska kyrkan och just nu domprost i Stockholms stift. Det kan r\u00e4cka, n\u00e5gra andra kyrkliga etiketter beh\u00f6ver jag inte.<\/p>\n<div class=\"blogger-post-footer\"><img width='1' height='1' src='https:\/\/blogger.googleusercontent.com\/tracker\/9055441369901436026-5216413632847899072?l=akebonnier.blogspot.com' alt='' \/><\/div>\n","protected":false},"excerpt":{"rendered":"<p>Det \u00e4r nog en fr\u00e5ga som m\u00e5nga av oss st\u00e4ller. Vi undrar m\u00e5h\u00e4nda \u00f6ver v\u00e5r djupaste identitet i f\u00f6rh\u00e5llande till det omgivande samh\u00e4llet. Kanske \u00e4r ocks\u00e5 sj\u00e4lva fr\u00e5gan pr\u00e4glad av behovet av att passa in, passa in i m\u00f6nster, strukturer, grupper, fack etc. Men t\u00e4nk om vi inte passar in? T\u00e4nk om det inte g\u00e5r [&hellip;]<\/p>\n","protected":false},"author":108,"featured_media":0,"comment_status":"open","ping_status":"open","sticky":false,"template":"","format":"standard","meta":{"_acf_changed":false,"footnotes":""},"categories":[9],"tags":[],"class_list":["post-511","post","type-post","status-publish","format-standard","hentry","category-okategoriserade"],"acf":[],"yoast_head":"<!-- This site is optimized with the Yoast SEO plugin v27.1.1 - https:\/\/yoast.com\/product\/yoast-seo-wordpress\/ -->\n<title>Vem \u00e4r jag? - \u00c5ke Bonnier<\/title>\n<meta name=\"robots\" content=\"index, follow, max-snippet:-1, max-image-preview:large, max-video-preview:-1\" \/>\n<link rel=\"canonical\" href=\"https:\/\/blogg.svenskakyrkan.se\/akebonnier\/2011\/03\/09\/vem-ar-jag\/\" \/>\n<meta property=\"og:locale\" content=\"sv_SE\" \/>\n<meta property=\"og:type\" content=\"article\" \/>\n<meta property=\"og:title\" content=\"Vem \u00e4r jag? - \u00c5ke Bonnier\" \/>\n<meta property=\"og:description\" content=\"Det \u00e4r nog en fr\u00e5ga som m\u00e5nga av oss st\u00e4ller. Vi undrar m\u00e5h\u00e4nda \u00f6ver v\u00e5r djupaste identitet i f\u00f6rh\u00e5llande till det omgivande samh\u00e4llet. Kanske \u00e4r ocks\u00e5 sj\u00e4lva fr\u00e5gan pr\u00e4glad av behovet av att passa in, passa in i m\u00f6nster, strukturer, grupper, fack etc. Men t\u00e4nk om vi inte passar in? T\u00e4nk om det inte g\u00e5r [&hellip;]\" \/>\n<meta property=\"og:url\" content=\"https:\/\/blogg.svenskakyrkan.se\/akebonnier\/2011\/03\/09\/vem-ar-jag\/\" \/>\n<meta property=\"og:site_name\" content=\"\u00c5ke Bonnier\" \/>\n<meta property=\"article:published_time\" content=\"2011-03-09T22:05:00+00:00\" \/>\n<meta property=\"og:image\" content=\"https:\/\/blogger.googleusercontent.com\/tracker\/9055441369901436026-5216413632847899072?l=akebonnier.blogspot.com\" \/>\n<meta name=\"author\" content=\"\u00c5ke Bonnier\" \/>\n<meta name=\"twitter:card\" content=\"summary_large_image\" \/>\n<meta name=\"twitter:label1\" content=\"Skriven av\" \/>\n\t<meta name=\"twitter:data1\" content=\"\u00c5ke Bonnier\" \/>\n\t<meta name=\"twitter:label2\" content=\"Ber\u00e4knad l\u00e4stid\" \/>\n\t<meta name=\"twitter:data2\" content=\"3 minuter\" \/>\n<script type=\"application\/ld+json\" class=\"yoast-schema-graph\">{\"@context\":\"https:\/\/schema.org\",\"@graph\":[{\"@type\":\"Article\",\"@id\":\"https:\/\/blogg.svenskakyrkan.se\/akebonnier\/2011\/03\/09\/vem-ar-jag\/#article\",\"isPartOf\":{\"@id\":\"https:\/\/blogg.svenskakyrkan.se\/akebonnier\/2011\/03\/09\/vem-ar-jag\/\"},\"author\":{\"name\":\"\u00c5ke Bonnier\",\"@id\":\"https:\/\/blogg.svenskakyrkan.se\/akebonnier\/#\/schema\/person\/8db68bc0c94f6a5a62df2d4486ff1343\"},\"headline\":\"Vem \u00e4r jag?\",\"datePublished\":\"2011-03-09T22:05:00+00:00\",\"mainEntityOfPage\":{\"@id\":\"https:\/\/blogg.svenskakyrkan.se\/akebonnier\/2011\/03\/09\/vem-ar-jag\/\"},\"wordCount\":524,\"commentCount\":3,\"image\":{\"@id\":\"https:\/\/blogg.svenskakyrkan.se\/akebonnier\/2011\/03\/09\/vem-ar-jag\/#primaryimage\"},\"thumbnailUrl\":\"https:\/\/blogger.googleusercontent.com\/tracker\/9055441369901436026-5216413632847899072?l=akebonnier.blogspot.com\",\"inLanguage\":\"sv-SE\",\"potentialAction\":[{\"@type\":\"CommentAction\",\"name\":\"Comment\",\"target\":[\"https:\/\/blogg.svenskakyrkan.se\/akebonnier\/2011\/03\/09\/vem-ar-jag\/#respond\"]}]},{\"@type\":\"WebPage\",\"@id\":\"https:\/\/blogg.svenskakyrkan.se\/akebonnier\/2011\/03\/09\/vem-ar-jag\/\",\"url\":\"https:\/\/blogg.svenskakyrkan.se\/akebonnier\/2011\/03\/09\/vem-ar-jag\/\",\"name\":\"Vem \u00e4r jag? - \u00c5ke Bonnier\",\"isPartOf\":{\"@id\":\"https:\/\/blogg.svenskakyrkan.se\/akebonnier\/#website\"},\"primaryImageOfPage\":{\"@id\":\"https:\/\/blogg.svenskakyrkan.se\/akebonnier\/2011\/03\/09\/vem-ar-jag\/#primaryimage\"},\"image\":{\"@id\":\"https:\/\/blogg.svenskakyrkan.se\/akebonnier\/2011\/03\/09\/vem-ar-jag\/#primaryimage\"},\"thumbnailUrl\":\"https:\/\/blogger.googleusercontent.com\/tracker\/9055441369901436026-5216413632847899072?l=akebonnier.blogspot.com\",\"datePublished\":\"2011-03-09T22:05:00+00:00\",\"author\":{\"@id\":\"https:\/\/blogg.svenskakyrkan.se\/akebonnier\/#\/schema\/person\/8db68bc0c94f6a5a62df2d4486ff1343\"},\"breadcrumb\":{\"@id\":\"https:\/\/blogg.svenskakyrkan.se\/akebonnier\/2011\/03\/09\/vem-ar-jag\/#breadcrumb\"},\"inLanguage\":\"sv-SE\",\"potentialAction\":[{\"@type\":\"ReadAction\",\"target\":[\"https:\/\/blogg.svenskakyrkan.se\/akebonnier\/2011\/03\/09\/vem-ar-jag\/\"]}]},{\"@type\":\"ImageObject\",\"inLanguage\":\"sv-SE\",\"@id\":\"https:\/\/blogg.svenskakyrkan.se\/akebonnier\/2011\/03\/09\/vem-ar-jag\/#primaryimage\",\"url\":\"https:\/\/blogger.googleusercontent.com\/tracker\/9055441369901436026-5216413632847899072?l=akebonnier.blogspot.com\",\"contentUrl\":\"https:\/\/blogger.googleusercontent.com\/tracker\/9055441369901436026-5216413632847899072?l=akebonnier.blogspot.com\"},{\"@type\":\"BreadcrumbList\",\"@id\":\"https:\/\/blogg.svenskakyrkan.se\/akebonnier\/2011\/03\/09\/vem-ar-jag\/#breadcrumb\",\"itemListElement\":[{\"@type\":\"ListItem\",\"position\":1,\"name\":\"Hem\",\"item\":\"https:\/\/blogg.svenskakyrkan.se\/akebonnier\/\"},{\"@type\":\"ListItem\",\"position\":2,\"name\":\"Vem \u00e4r jag?\"}]},{\"@type\":\"WebSite\",\"@id\":\"https:\/\/blogg.svenskakyrkan.se\/akebonnier\/#website\",\"url\":\"https:\/\/blogg.svenskakyrkan.se\/akebonnier\/\",\"name\":\"\u00c5ke Bonnier\",\"description\":\"Biskop i Svenska kyrkan - Skara stift\",\"potentialAction\":[{\"@type\":\"SearchAction\",\"target\":{\"@type\":\"EntryPoint\",\"urlTemplate\":\"https:\/\/blogg.svenskakyrkan.se\/akebonnier\/?s={search_term_string}\"},\"query-input\":{\"@type\":\"PropertyValueSpecification\",\"valueRequired\":true,\"valueName\":\"search_term_string\"}}],\"inLanguage\":\"sv-SE\"},{\"@type\":\"Person\",\"@id\":\"https:\/\/blogg.svenskakyrkan.se\/akebonnier\/#\/schema\/person\/8db68bc0c94f6a5a62df2d4486ff1343\",\"name\":\"\u00c5ke Bonnier\",\"image\":{\"@type\":\"ImageObject\",\"inLanguage\":\"sv-SE\",\"@id\":\"https:\/\/blogg.svenskakyrkan.se\/akebonnier\/#\/schema\/person\/image\/\",\"url\":\"https:\/\/secure.gravatar.com\/avatar\/b88264736bb0bc0d1ea92298aef02c9f98cfc13c7484130c42c663ae484f9462?s=96&d=mm&r=g\",\"contentUrl\":\"https:\/\/secure.gravatar.com\/avatar\/b88264736bb0bc0d1ea92298aef02c9f98cfc13c7484130c42c663ae484f9462?s=96&d=mm&r=g\",\"caption\":\"\u00c5ke Bonnier\"},\"description\":\"Jag \u00e4r gift och har tv\u00e5 vuxna d\u00f6ttrar. Pr\u00e4stvigdes 1984 och biskopsvigs 26 augusti 2012 . Jag har tidigare bland annat varit, komminister och kyrkoherde i Liding\u00f6 f\u00f6rsamling och domprost i Stockholms domkyrkof\u00f6rsamling. Jag \u00e4r intresserad av konst, litteratur, teater, film. Jag tr\u00e4nar regelbundet p\u00e5 gym. Mitt huvudsakliga musikintresse \u00e4r klassisk musik men ocks\u00e5 Beatles, Elvis Presley, Monika Zettelund, Povel Ramel och m\u00e5nga andra tycker jag om att lyssna p\u00e5. Jag l\u00e4ser f\u00f6r lite sk\u00f6nlitteratur beroende p\u00e5 annat som jag m\u00e5ste l\u00e4sa i mitt uppdrag som biskop. Men jag \u00e4lskar b\u00f6cker. Naturligtvis l\u00e4ser jag n\u00e4st intill dagligdags i \\\"B\u00f6ckernas Bok.\\\"\",\"sameAs\":[\"http:\/\/www.skarastift.se\"],\"url\":\"https:\/\/blogg.svenskakyrkan.se\/akebonnier\/author\/akebonnier\/\"}]}<\/script>\n<!-- \/ Yoast SEO plugin. -->","yoast_head_json":{"title":"Vem \u00e4r jag? - \u00c5ke Bonnier","robots":{"index":"index","follow":"follow","max-snippet":"max-snippet:-1","max-image-preview":"max-image-preview:large","max-video-preview":"max-video-preview:-1"},"canonical":"https:\/\/blogg.svenskakyrkan.se\/akebonnier\/2011\/03\/09\/vem-ar-jag\/","og_locale":"sv_SE","og_type":"article","og_title":"Vem \u00e4r jag? - \u00c5ke Bonnier","og_description":"Det \u00e4r nog en fr\u00e5ga som m\u00e5nga av oss st\u00e4ller. Vi undrar m\u00e5h\u00e4nda \u00f6ver v\u00e5r djupaste identitet i f\u00f6rh\u00e5llande till det omgivande samh\u00e4llet. Kanske \u00e4r ocks\u00e5 sj\u00e4lva fr\u00e5gan pr\u00e4glad av behovet av att passa in, passa in i m\u00f6nster, strukturer, grupper, fack etc. Men t\u00e4nk om vi inte passar in? T\u00e4nk om det inte g\u00e5r [&hellip;]","og_url":"https:\/\/blogg.svenskakyrkan.se\/akebonnier\/2011\/03\/09\/vem-ar-jag\/","og_site_name":"\u00c5ke Bonnier","article_published_time":"2011-03-09T22:05:00+00:00","og_image":[{"url":"https:\/\/blogger.googleusercontent.com\/tracker\/9055441369901436026-5216413632847899072?l=akebonnier.blogspot.com","type":"","width":"","height":""}],"author":"\u00c5ke Bonnier","twitter_card":"summary_large_image","twitter_misc":{"Skriven av":"\u00c5ke Bonnier","Ber\u00e4knad l\u00e4stid":"3 minuter"},"schema":{"@context":"https:\/\/schema.org","@graph":[{"@type":"Article","@id":"https:\/\/blogg.svenskakyrkan.se\/akebonnier\/2011\/03\/09\/vem-ar-jag\/#article","isPartOf":{"@id":"https:\/\/blogg.svenskakyrkan.se\/akebonnier\/2011\/03\/09\/vem-ar-jag\/"},"author":{"name":"\u00c5ke Bonnier","@id":"https:\/\/blogg.svenskakyrkan.se\/akebonnier\/#\/schema\/person\/8db68bc0c94f6a5a62df2d4486ff1343"},"headline":"Vem \u00e4r jag?","datePublished":"2011-03-09T22:05:00+00:00","mainEntityOfPage":{"@id":"https:\/\/blogg.svenskakyrkan.se\/akebonnier\/2011\/03\/09\/vem-ar-jag\/"},"wordCount":524,"commentCount":3,"image":{"@id":"https:\/\/blogg.svenskakyrkan.se\/akebonnier\/2011\/03\/09\/vem-ar-jag\/#primaryimage"},"thumbnailUrl":"https:\/\/blogger.googleusercontent.com\/tracker\/9055441369901436026-5216413632847899072?l=akebonnier.blogspot.com","inLanguage":"sv-SE","potentialAction":[{"@type":"CommentAction","name":"Comment","target":["https:\/\/blogg.svenskakyrkan.se\/akebonnier\/2011\/03\/09\/vem-ar-jag\/#respond"]}]},{"@type":"WebPage","@id":"https:\/\/blogg.svenskakyrkan.se\/akebonnier\/2011\/03\/09\/vem-ar-jag\/","url":"https:\/\/blogg.svenskakyrkan.se\/akebonnier\/2011\/03\/09\/vem-ar-jag\/","name":"Vem \u00e4r jag? - \u00c5ke Bonnier","isPartOf":{"@id":"https:\/\/blogg.svenskakyrkan.se\/akebonnier\/#website"},"primaryImageOfPage":{"@id":"https:\/\/blogg.svenskakyrkan.se\/akebonnier\/2011\/03\/09\/vem-ar-jag\/#primaryimage"},"image":{"@id":"https:\/\/blogg.svenskakyrkan.se\/akebonnier\/2011\/03\/09\/vem-ar-jag\/#primaryimage"},"thumbnailUrl":"https:\/\/blogger.googleusercontent.com\/tracker\/9055441369901436026-5216413632847899072?l=akebonnier.blogspot.com","datePublished":"2011-03-09T22:05:00+00:00","author":{"@id":"https:\/\/blogg.svenskakyrkan.se\/akebonnier\/#\/schema\/person\/8db68bc0c94f6a5a62df2d4486ff1343"},"breadcrumb":{"@id":"https:\/\/blogg.svenskakyrkan.se\/akebonnier\/2011\/03\/09\/vem-ar-jag\/#breadcrumb"},"inLanguage":"sv-SE","potentialAction":[{"@type":"ReadAction","target":["https:\/\/blogg.svenskakyrkan.se\/akebonnier\/2011\/03\/09\/vem-ar-jag\/"]}]},{"@type":"ImageObject","inLanguage":"sv-SE","@id":"https:\/\/blogg.svenskakyrkan.se\/akebonnier\/2011\/03\/09\/vem-ar-jag\/#primaryimage","url":"https:\/\/blogger.googleusercontent.com\/tracker\/9055441369901436026-5216413632847899072?l=akebonnier.blogspot.com","contentUrl":"https:\/\/blogger.googleusercontent.com\/tracker\/9055441369901436026-5216413632847899072?l=akebonnier.blogspot.com"},{"@type":"BreadcrumbList","@id":"https:\/\/blogg.svenskakyrkan.se\/akebonnier\/2011\/03\/09\/vem-ar-jag\/#breadcrumb","itemListElement":[{"@type":"ListItem","position":1,"name":"Hem","item":"https:\/\/blogg.svenskakyrkan.se\/akebonnier\/"},{"@type":"ListItem","position":2,"name":"Vem \u00e4r jag?"}]},{"@type":"WebSite","@id":"https:\/\/blogg.svenskakyrkan.se\/akebonnier\/#website","url":"https:\/\/blogg.svenskakyrkan.se\/akebonnier\/","name":"\u00c5ke Bonnier","description":"Biskop i Svenska kyrkan - Skara stift","potentialAction":[{"@type":"SearchAction","target":{"@type":"EntryPoint","urlTemplate":"https:\/\/blogg.svenskakyrkan.se\/akebonnier\/?s={search_term_string}"},"query-input":{"@type":"PropertyValueSpecification","valueRequired":true,"valueName":"search_term_string"}}],"inLanguage":"sv-SE"},{"@type":"Person","@id":"https:\/\/blogg.svenskakyrkan.se\/akebonnier\/#\/schema\/person\/8db68bc0c94f6a5a62df2d4486ff1343","name":"\u00c5ke Bonnier","image":{"@type":"ImageObject","inLanguage":"sv-SE","@id":"https:\/\/blogg.svenskakyrkan.se\/akebonnier\/#\/schema\/person\/image\/","url":"https:\/\/secure.gravatar.com\/avatar\/b88264736bb0bc0d1ea92298aef02c9f98cfc13c7484130c42c663ae484f9462?s=96&d=mm&r=g","contentUrl":"https:\/\/secure.gravatar.com\/avatar\/b88264736bb0bc0d1ea92298aef02c9f98cfc13c7484130c42c663ae484f9462?s=96&d=mm&r=g","caption":"\u00c5ke Bonnier"},"description":"Jag \u00e4r gift och har tv\u00e5 vuxna d\u00f6ttrar. Pr\u00e4stvigdes 1984 och biskopsvigs 26 augusti 2012 . Jag har tidigare bland annat varit, komminister och kyrkoherde i Liding\u00f6 f\u00f6rsamling och domprost i Stockholms domkyrkof\u00f6rsamling. Jag \u00e4r intresserad av konst, litteratur, teater, film. Jag tr\u00e4nar regelbundet p\u00e5 gym. Mitt huvudsakliga musikintresse \u00e4r klassisk musik men ocks\u00e5 Beatles, Elvis Presley, Monika Zettelund, Povel Ramel och m\u00e5nga andra tycker jag om att lyssna p\u00e5. Jag l\u00e4ser f\u00f6r lite sk\u00f6nlitteratur beroende p\u00e5 annat som jag m\u00e5ste l\u00e4sa i mitt uppdrag som biskop. Men jag \u00e4lskar b\u00f6cker. Naturligtvis l\u00e4ser jag n\u00e4st intill dagligdags i \"B\u00f6ckernas Bok.\"","sameAs":["http:\/\/www.skarastift.se"],"url":"https:\/\/blogg.svenskakyrkan.se\/akebonnier\/author\/akebonnier\/"}]}},"author_meta":{"ID":"108","user_nicename":"akebonnier","user_url":"http:\/\/www.skarastift.se","user_registered":"2011-10-11 09:24:48","display_name":"\u00c5ke Bonnier","first_name":"\u00c5ke","last_name":"Bonnier","avatar":"https:\/\/secure.gravatar.com\/avatar\/b88264736bb0bc0d1ea92298aef02c9f98cfc13c7484130c42c663ae484f9462?s=96&d=mm&r=g"},"featured_image":false,"bloginfo":{"name":"\u00c5ke Bonnier","url":"https:\/\/blogg.svenskakyrkan.se\/akebonnier"},"_links":{"self":[{"href":"https:\/\/blogg.svenskakyrkan.se\/akebonnier\/wp-json\/wp\/v2\/posts\/511","targetHints":{"allow":["GET"]}}],"collection":[{"href":"https:\/\/blogg.svenskakyrkan.se\/akebonnier\/wp-json\/wp\/v2\/posts"}],"about":[{"href":"https:\/\/blogg.svenskakyrkan.se\/akebonnier\/wp-json\/wp\/v2\/types\/post"}],"author":[{"embeddable":true,"href":"https:\/\/blogg.svenskakyrkan.se\/akebonnier\/wp-json\/wp\/v2\/users\/108"}],"replies":[{"embeddable":true,"href":"https:\/\/blogg.svenskakyrkan.se\/akebonnier\/wp-json\/wp\/v2\/comments?post=511"}],"version-history":[{"count":0,"href":"https:\/\/blogg.svenskakyrkan.se\/akebonnier\/wp-json\/wp\/v2\/posts\/511\/revisions"}],"wp:attachment":[{"href":"https:\/\/blogg.svenskakyrkan.se\/akebonnier\/wp-json\/wp\/v2\/media?parent=511"}],"wp:term":[{"taxonomy":"category","embeddable":true,"href":"https:\/\/blogg.svenskakyrkan.se\/akebonnier\/wp-json\/wp\/v2\/categories?post=511"},{"taxonomy":"post_tag","embeddable":true,"href":"https:\/\/blogg.svenskakyrkan.se\/akebonnier\/wp-json\/wp\/v2\/tags?post=511"}],"curies":[{"name":"wp","href":"https:\/\/api.w.org\/{rel}","templated":true}]}}