{"id":512,"date":"2011-03-15T16:50:00","date_gmt":"2011-03-15T16:50:00","guid":{"rendered":"http:\/\/blogg.svenskakyrkan.se\/akebonnier\/2011\/03\/15\/det-ar-skillnad-pa-form-och-funktion\/"},"modified":"2011-03-15T16:50:00","modified_gmt":"2011-03-15T16:50:00","slug":"det-ar-skillnad-pa-form-och-funktion","status":"publish","type":"post","link":"https:\/\/blogg.svenskakyrkan.se\/akebonnier\/2011\/03\/15\/det-ar-skillnad-pa-form-och-funktion\/","title":{"rendered":"Det \u00e4r skillnad p\u00e5 form och funktion!"},"content":{"rendered":"<p>I dagarna diskuteras det i kristna kretsar om det var r\u00e4tt av Sofia f\u00f6rsamling att anst\u00e4lla en imam f\u00f6r arbete i Fryshuset. Sofia f\u00f6rsamling har under ledning av sin kyrkoherde ett stort och viktigt engagemang i Fryshuset. Kyrkan n\u00e4rvaro d\u00e4r, p\u00e5 m\u00e5nga olika s\u00e4tt, \u00e4r oerh\u00f6rt viktig. Fryshuset \u00e4r ett multikulturellt och multireligi\u00f6st sammanhang d\u00e4r all form av dialog \u00e4r v\u00e4sentlig. Det \u00e4r en plats d\u00e4r samf\u00f6rst\u00e5nd kan tr\u00e4nas genom kunskap om varandra, genom personliga m\u00f6ten, genom delande av det egna och lyssnande till den andres. En helig avund talade Stockholmsbiskopen Krister Stendahl om. Fryshuset \u00e4r en plats d\u00e4r ocks\u00e5 m\u00e5nga ungdomar med tuff bakgrund finner hemmah\u00f6righet. Sett i ljuset av allt detta f\u00f6rst\u00e5r jag Sofia f\u00f6rsamlings intentioner att vara med och underl\u00e4tta religionsdialogen genom en ekonomisk insats i v\u00e4ntan p\u00e5 mer stabila ekonomiska strukturer f\u00f6r &#8221;dialogprojektet&#8221;. P\u00e5 m\u00e5nga s\u00e4tt kan jag k\u00e4nna att imamens n\u00e4rvaro p\u00e5 fryshuset \u00e4r en &#8221;Gudi behaglig g\u00e4rning&#8221;. Men&#8230; <\/p>\n<p>Varf\u00f6r m\u00e5ste Sofia f\u00f6rsamling anst\u00e4lla imamen? Svenska kyrkan \u00e4r ett kristet trossamfund, evangeliskt lutherskt som s\u00e4tter Jesus Kristus i centrum. N\u00e4r det g\u00e4ller anst\u00e4llningar i Svenska kyrkan, g\u00e4llande det ut\u00e5triktade arbetet ska den anst\u00e4llde tillh\u00f6ra Svenska kyrkan \u00e4ven om undantag kan beviljas vid specifika situationer. Och kyrkoordningen skrevs f\u00f6rvisso inte f\u00f6r den situation som r\u00e5der i Fryshuset, men att som kristen f\u00f6rsamling anst\u00e4lla en muslim f\u00f6r ut\u00e5triktat arbete k\u00e4nns konstigt. Dessutom kan det mycket l\u00e4tt uppfattas som storebrorsfasoner d\u00e4r vi som \u00e4r ett stort (st\u00f6rst i Sverige) trossamfund,&nbsp;\u00e4r goda och anst\u00e4ller n\u00e5gon fr\u00e5n ett&nbsp;helt annat sammanhang. <br \/>Jag gl\u00e4ds \u00f6ver att en imam f\u00e5r verka p\u00e5 Fryshuset, men det blir en aning oklart n\u00e4r en f\u00f6rsamling i Svenska kyrkan med den identitet och grundl\u00e4ggande tros\u00e5sk\u00e5dning som kyrkan har, \u00e4r den anst\u00e4llande parten. Min fr\u00e5ga \u00e4r varf\u00f6r inte Sofia f\u00f6rsamling kunde ge pengar till fryshusets projekt, pengar som projektledningen kunde anv\u00e4nda f\u00f6r utvecklingen av dialogprojektet och t ex anst\u00e4lla en imam? D\u00e5 skulle det vara Fryshuset som var anst\u00e4llande part. Ett annat alternativ hade kanske varit att f\u00f6ra en dialog med l\u00e4mplig muslimsk f\u00f6rsamling och h\u00f6ra om inte de kunde\/ville anst\u00e4lla en imam f\u00f6r Fryshusets r\u00e4kning.<br \/>Som kristna ska vi h\u00e5lla fram Kristus, visa p\u00e5 Kristus &#8211; endast Kristus! Det \u00e4r den lutherska h\u00e5llningen. Vi kan inte beg\u00e4ra av en imam att han ska h\u00e5lla fram Kristus. Imamen kan tala om Jesus s\u00e5dan han \u00e5terfinns i Koranen.&nbsp;Han kan tala om, och p\u00e5 olika s\u00e4tt visa p\u00e5, Allah, som betyder Gud. Men n\u00e4r han leder fredagsb\u00f6ner p\u00e5 Fryshuset \u00e4r det n\u00e5got annat \u00e4n det som \u00e4r typiskt f\u00f6r den kristna traditionen. Det \u00e4r s\u00e4kert vackert och viktigt, ja omistligt. Men, det \u00e4r inte Svenska kyrkans uppgift att finansiera detta.<br \/>Funktionen i projektet kan s\u00e4kert bli oerh\u00f6rt bra! Formen f\u00f6r anst\u00e4llningen \u00e4r, enligt min mening, mindre bra och inte Svenska kyrkans uppgift.<\/p>\n<p>Det \u00e4r skillnad p\u00e5 form och funktion!<\/p>\n<div class=\"blogger-post-footer\"><img width='1' height='1' src='https:\/\/blogger.googleusercontent.com\/tracker\/9055441369901436026-291718631420900281?l=akebonnier.blogspot.com' alt='' \/><\/div>\n","protected":false},"excerpt":{"rendered":"<p>I dagarna diskuteras det i kristna kretsar om det var r\u00e4tt av Sofia f\u00f6rsamling att anst\u00e4lla en imam f\u00f6r arbete i Fryshuset. Sofia f\u00f6rsamling har under ledning av sin kyrkoherde ett stort och viktigt engagemang i Fryshuset. Kyrkan n\u00e4rvaro d\u00e4r, p\u00e5 m\u00e5nga olika s\u00e4tt, \u00e4r oerh\u00f6rt viktig. Fryshuset \u00e4r ett multikulturellt och multireligi\u00f6st sammanhang d\u00e4r [&hellip;]<\/p>\n","protected":false},"author":108,"featured_media":0,"comment_status":"open","ping_status":"open","sticky":false,"template":"","format":"standard","meta":{"_acf_changed":false,"footnotes":""},"categories":[9],"tags":[],"class_list":["post-512","post","type-post","status-publish","format-standard","hentry","category-okategoriserade"],"acf":[],"yoast_head":"<!-- This site is optimized with the Yoast SEO plugin v27.1.1 - https:\/\/yoast.com\/product\/yoast-seo-wordpress\/ -->\n<title>Det \u00e4r skillnad p\u00e5 form och funktion! - \u00c5ke Bonnier<\/title>\n<meta name=\"robots\" content=\"index, follow, max-snippet:-1, max-image-preview:large, max-video-preview:-1\" \/>\n<link rel=\"canonical\" href=\"https:\/\/blogg.svenskakyrkan.se\/akebonnier\/2011\/03\/15\/det-ar-skillnad-pa-form-och-funktion\/\" \/>\n<meta property=\"og:locale\" content=\"sv_SE\" \/>\n<meta property=\"og:type\" content=\"article\" \/>\n<meta property=\"og:title\" content=\"Det \u00e4r skillnad p\u00e5 form och funktion! - \u00c5ke Bonnier\" \/>\n<meta property=\"og:description\" content=\"I dagarna diskuteras det i kristna kretsar om det var r\u00e4tt av Sofia f\u00f6rsamling att anst\u00e4lla en imam f\u00f6r arbete i Fryshuset. Sofia f\u00f6rsamling har under ledning av sin kyrkoherde ett stort och viktigt engagemang i Fryshuset. Kyrkan n\u00e4rvaro d\u00e4r, p\u00e5 m\u00e5nga olika s\u00e4tt, \u00e4r oerh\u00f6rt viktig. Fryshuset \u00e4r ett multikulturellt och multireligi\u00f6st sammanhang d\u00e4r [&hellip;]\" \/>\n<meta property=\"og:url\" content=\"https:\/\/blogg.svenskakyrkan.se\/akebonnier\/2011\/03\/15\/det-ar-skillnad-pa-form-och-funktion\/\" \/>\n<meta property=\"og:site_name\" content=\"\u00c5ke Bonnier\" \/>\n<meta property=\"article:published_time\" content=\"2011-03-15T16:50:00+00:00\" \/>\n<meta property=\"og:image\" content=\"https:\/\/blogger.googleusercontent.com\/tracker\/9055441369901436026-291718631420900281?l=akebonnier.blogspot.com\" \/>\n<meta name=\"author\" content=\"\u00c5ke Bonnier\" \/>\n<meta name=\"twitter:card\" content=\"summary_large_image\" \/>\n<meta name=\"twitter:label1\" content=\"Skriven av\" \/>\n\t<meta name=\"twitter:data1\" content=\"\u00c5ke Bonnier\" \/>\n\t<meta name=\"twitter:label2\" content=\"Ber\u00e4knad l\u00e4stid\" \/>\n\t<meta name=\"twitter:data2\" content=\"3 minuter\" \/>\n<script type=\"application\/ld+json\" class=\"yoast-schema-graph\">{\"@context\":\"https:\/\/schema.org\",\"@graph\":[{\"@type\":\"Article\",\"@id\":\"https:\/\/blogg.svenskakyrkan.se\/akebonnier\/2011\/03\/15\/det-ar-skillnad-pa-form-och-funktion\/#article\",\"isPartOf\":{\"@id\":\"https:\/\/blogg.svenskakyrkan.se\/akebonnier\/2011\/03\/15\/det-ar-skillnad-pa-form-och-funktion\/\"},\"author\":{\"name\":\"\u00c5ke Bonnier\",\"@id\":\"https:\/\/blogg.svenskakyrkan.se\/akebonnier\/#\/schema\/person\/8db68bc0c94f6a5a62df2d4486ff1343\"},\"headline\":\"Det \u00e4r skillnad p\u00e5 form och funktion!\",\"datePublished\":\"2011-03-15T16:50:00+00:00\",\"mainEntityOfPage\":{\"@id\":\"https:\/\/blogg.svenskakyrkan.se\/akebonnier\/2011\/03\/15\/det-ar-skillnad-pa-form-och-funktion\/\"},\"wordCount\":578,\"commentCount\":37,\"image\":{\"@id\":\"https:\/\/blogg.svenskakyrkan.se\/akebonnier\/2011\/03\/15\/det-ar-skillnad-pa-form-och-funktion\/#primaryimage\"},\"thumbnailUrl\":\"https:\/\/blogger.googleusercontent.com\/tracker\/9055441369901436026-291718631420900281?l=akebonnier.blogspot.com\",\"inLanguage\":\"sv-SE\",\"potentialAction\":[{\"@type\":\"CommentAction\",\"name\":\"Comment\",\"target\":[\"https:\/\/blogg.svenskakyrkan.se\/akebonnier\/2011\/03\/15\/det-ar-skillnad-pa-form-och-funktion\/#respond\"]}]},{\"@type\":\"WebPage\",\"@id\":\"https:\/\/blogg.svenskakyrkan.se\/akebonnier\/2011\/03\/15\/det-ar-skillnad-pa-form-och-funktion\/\",\"url\":\"https:\/\/blogg.svenskakyrkan.se\/akebonnier\/2011\/03\/15\/det-ar-skillnad-pa-form-och-funktion\/\",\"name\":\"Det \u00e4r skillnad p\u00e5 form och funktion! - \u00c5ke Bonnier\",\"isPartOf\":{\"@id\":\"https:\/\/blogg.svenskakyrkan.se\/akebonnier\/#website\"},\"primaryImageOfPage\":{\"@id\":\"https:\/\/blogg.svenskakyrkan.se\/akebonnier\/2011\/03\/15\/det-ar-skillnad-pa-form-och-funktion\/#primaryimage\"},\"image\":{\"@id\":\"https:\/\/blogg.svenskakyrkan.se\/akebonnier\/2011\/03\/15\/det-ar-skillnad-pa-form-och-funktion\/#primaryimage\"},\"thumbnailUrl\":\"https:\/\/blogger.googleusercontent.com\/tracker\/9055441369901436026-291718631420900281?l=akebonnier.blogspot.com\",\"datePublished\":\"2011-03-15T16:50:00+00:00\",\"author\":{\"@id\":\"https:\/\/blogg.svenskakyrkan.se\/akebonnier\/#\/schema\/person\/8db68bc0c94f6a5a62df2d4486ff1343\"},\"breadcrumb\":{\"@id\":\"https:\/\/blogg.svenskakyrkan.se\/akebonnier\/2011\/03\/15\/det-ar-skillnad-pa-form-och-funktion\/#breadcrumb\"},\"inLanguage\":\"sv-SE\",\"potentialAction\":[{\"@type\":\"ReadAction\",\"target\":[\"https:\/\/blogg.svenskakyrkan.se\/akebonnier\/2011\/03\/15\/det-ar-skillnad-pa-form-och-funktion\/\"]}]},{\"@type\":\"ImageObject\",\"inLanguage\":\"sv-SE\",\"@id\":\"https:\/\/blogg.svenskakyrkan.se\/akebonnier\/2011\/03\/15\/det-ar-skillnad-pa-form-och-funktion\/#primaryimage\",\"url\":\"https:\/\/blogger.googleusercontent.com\/tracker\/9055441369901436026-291718631420900281?l=akebonnier.blogspot.com\",\"contentUrl\":\"https:\/\/blogger.googleusercontent.com\/tracker\/9055441369901436026-291718631420900281?l=akebonnier.blogspot.com\"},{\"@type\":\"BreadcrumbList\",\"@id\":\"https:\/\/blogg.svenskakyrkan.se\/akebonnier\/2011\/03\/15\/det-ar-skillnad-pa-form-och-funktion\/#breadcrumb\",\"itemListElement\":[{\"@type\":\"ListItem\",\"position\":1,\"name\":\"Hem\",\"item\":\"https:\/\/blogg.svenskakyrkan.se\/akebonnier\/\"},{\"@type\":\"ListItem\",\"position\":2,\"name\":\"Det \u00e4r skillnad p\u00e5 form och funktion!\"}]},{\"@type\":\"WebSite\",\"@id\":\"https:\/\/blogg.svenskakyrkan.se\/akebonnier\/#website\",\"url\":\"https:\/\/blogg.svenskakyrkan.se\/akebonnier\/\",\"name\":\"\u00c5ke Bonnier\",\"description\":\"Biskop i Svenska kyrkan - Skara stift\",\"potentialAction\":[{\"@type\":\"SearchAction\",\"target\":{\"@type\":\"EntryPoint\",\"urlTemplate\":\"https:\/\/blogg.svenskakyrkan.se\/akebonnier\/?s={search_term_string}\"},\"query-input\":{\"@type\":\"PropertyValueSpecification\",\"valueRequired\":true,\"valueName\":\"search_term_string\"}}],\"inLanguage\":\"sv-SE\"},{\"@type\":\"Person\",\"@id\":\"https:\/\/blogg.svenskakyrkan.se\/akebonnier\/#\/schema\/person\/8db68bc0c94f6a5a62df2d4486ff1343\",\"name\":\"\u00c5ke Bonnier\",\"image\":{\"@type\":\"ImageObject\",\"inLanguage\":\"sv-SE\",\"@id\":\"https:\/\/blogg.svenskakyrkan.se\/akebonnier\/#\/schema\/person\/image\/\",\"url\":\"https:\/\/secure.gravatar.com\/avatar\/b88264736bb0bc0d1ea92298aef02c9f98cfc13c7484130c42c663ae484f9462?s=96&d=mm&r=g\",\"contentUrl\":\"https:\/\/secure.gravatar.com\/avatar\/b88264736bb0bc0d1ea92298aef02c9f98cfc13c7484130c42c663ae484f9462?s=96&d=mm&r=g\",\"caption\":\"\u00c5ke Bonnier\"},\"description\":\"Jag \u00e4r gift och har tv\u00e5 vuxna d\u00f6ttrar. Pr\u00e4stvigdes 1984 och biskopsvigs 26 augusti 2012 . Jag har tidigare bland annat varit, komminister och kyrkoherde i Liding\u00f6 f\u00f6rsamling och domprost i Stockholms domkyrkof\u00f6rsamling. Jag \u00e4r intresserad av konst, litteratur, teater, film. Jag tr\u00e4nar regelbundet p\u00e5 gym. Mitt huvudsakliga musikintresse \u00e4r klassisk musik men ocks\u00e5 Beatles, Elvis Presley, Monika Zettelund, Povel Ramel och m\u00e5nga andra tycker jag om att lyssna p\u00e5. Jag l\u00e4ser f\u00f6r lite sk\u00f6nlitteratur beroende p\u00e5 annat som jag m\u00e5ste l\u00e4sa i mitt uppdrag som biskop. Men jag \u00e4lskar b\u00f6cker. Naturligtvis l\u00e4ser jag n\u00e4st intill dagligdags i \\\"B\u00f6ckernas Bok.\\\"\",\"sameAs\":[\"http:\/\/www.skarastift.se\"],\"url\":\"https:\/\/blogg.svenskakyrkan.se\/akebonnier\/author\/akebonnier\/\"}]}<\/script>\n<!-- \/ Yoast SEO plugin. -->","yoast_head_json":{"title":"Det \u00e4r skillnad p\u00e5 form och funktion! - \u00c5ke Bonnier","robots":{"index":"index","follow":"follow","max-snippet":"max-snippet:-1","max-image-preview":"max-image-preview:large","max-video-preview":"max-video-preview:-1"},"canonical":"https:\/\/blogg.svenskakyrkan.se\/akebonnier\/2011\/03\/15\/det-ar-skillnad-pa-form-och-funktion\/","og_locale":"sv_SE","og_type":"article","og_title":"Det \u00e4r skillnad p\u00e5 form och funktion! - \u00c5ke Bonnier","og_description":"I dagarna diskuteras det i kristna kretsar om det var r\u00e4tt av Sofia f\u00f6rsamling att anst\u00e4lla en imam f\u00f6r arbete i Fryshuset. Sofia f\u00f6rsamling har under ledning av sin kyrkoherde ett stort och viktigt engagemang i Fryshuset. Kyrkan n\u00e4rvaro d\u00e4r, p\u00e5 m\u00e5nga olika s\u00e4tt, \u00e4r oerh\u00f6rt viktig. Fryshuset \u00e4r ett multikulturellt och multireligi\u00f6st sammanhang d\u00e4r [&hellip;]","og_url":"https:\/\/blogg.svenskakyrkan.se\/akebonnier\/2011\/03\/15\/det-ar-skillnad-pa-form-och-funktion\/","og_site_name":"\u00c5ke Bonnier","article_published_time":"2011-03-15T16:50:00+00:00","og_image":[{"url":"https:\/\/blogger.googleusercontent.com\/tracker\/9055441369901436026-291718631420900281?l=akebonnier.blogspot.com","type":"","width":"","height":""}],"author":"\u00c5ke Bonnier","twitter_card":"summary_large_image","twitter_misc":{"Skriven av":"\u00c5ke Bonnier","Ber\u00e4knad l\u00e4stid":"3 minuter"},"schema":{"@context":"https:\/\/schema.org","@graph":[{"@type":"Article","@id":"https:\/\/blogg.svenskakyrkan.se\/akebonnier\/2011\/03\/15\/det-ar-skillnad-pa-form-och-funktion\/#article","isPartOf":{"@id":"https:\/\/blogg.svenskakyrkan.se\/akebonnier\/2011\/03\/15\/det-ar-skillnad-pa-form-och-funktion\/"},"author":{"name":"\u00c5ke Bonnier","@id":"https:\/\/blogg.svenskakyrkan.se\/akebonnier\/#\/schema\/person\/8db68bc0c94f6a5a62df2d4486ff1343"},"headline":"Det \u00e4r skillnad p\u00e5 form och funktion!","datePublished":"2011-03-15T16:50:00+00:00","mainEntityOfPage":{"@id":"https:\/\/blogg.svenskakyrkan.se\/akebonnier\/2011\/03\/15\/det-ar-skillnad-pa-form-och-funktion\/"},"wordCount":578,"commentCount":37,"image":{"@id":"https:\/\/blogg.svenskakyrkan.se\/akebonnier\/2011\/03\/15\/det-ar-skillnad-pa-form-och-funktion\/#primaryimage"},"thumbnailUrl":"https:\/\/blogger.googleusercontent.com\/tracker\/9055441369901436026-291718631420900281?l=akebonnier.blogspot.com","inLanguage":"sv-SE","potentialAction":[{"@type":"CommentAction","name":"Comment","target":["https:\/\/blogg.svenskakyrkan.se\/akebonnier\/2011\/03\/15\/det-ar-skillnad-pa-form-och-funktion\/#respond"]}]},{"@type":"WebPage","@id":"https:\/\/blogg.svenskakyrkan.se\/akebonnier\/2011\/03\/15\/det-ar-skillnad-pa-form-och-funktion\/","url":"https:\/\/blogg.svenskakyrkan.se\/akebonnier\/2011\/03\/15\/det-ar-skillnad-pa-form-och-funktion\/","name":"Det \u00e4r skillnad p\u00e5 form och funktion! - \u00c5ke Bonnier","isPartOf":{"@id":"https:\/\/blogg.svenskakyrkan.se\/akebonnier\/#website"},"primaryImageOfPage":{"@id":"https:\/\/blogg.svenskakyrkan.se\/akebonnier\/2011\/03\/15\/det-ar-skillnad-pa-form-och-funktion\/#primaryimage"},"image":{"@id":"https:\/\/blogg.svenskakyrkan.se\/akebonnier\/2011\/03\/15\/det-ar-skillnad-pa-form-och-funktion\/#primaryimage"},"thumbnailUrl":"https:\/\/blogger.googleusercontent.com\/tracker\/9055441369901436026-291718631420900281?l=akebonnier.blogspot.com","datePublished":"2011-03-15T16:50:00+00:00","author":{"@id":"https:\/\/blogg.svenskakyrkan.se\/akebonnier\/#\/schema\/person\/8db68bc0c94f6a5a62df2d4486ff1343"},"breadcrumb":{"@id":"https:\/\/blogg.svenskakyrkan.se\/akebonnier\/2011\/03\/15\/det-ar-skillnad-pa-form-och-funktion\/#breadcrumb"},"inLanguage":"sv-SE","potentialAction":[{"@type":"ReadAction","target":["https:\/\/blogg.svenskakyrkan.se\/akebonnier\/2011\/03\/15\/det-ar-skillnad-pa-form-och-funktion\/"]}]},{"@type":"ImageObject","inLanguage":"sv-SE","@id":"https:\/\/blogg.svenskakyrkan.se\/akebonnier\/2011\/03\/15\/det-ar-skillnad-pa-form-och-funktion\/#primaryimage","url":"https:\/\/blogger.googleusercontent.com\/tracker\/9055441369901436026-291718631420900281?l=akebonnier.blogspot.com","contentUrl":"https:\/\/blogger.googleusercontent.com\/tracker\/9055441369901436026-291718631420900281?l=akebonnier.blogspot.com"},{"@type":"BreadcrumbList","@id":"https:\/\/blogg.svenskakyrkan.se\/akebonnier\/2011\/03\/15\/det-ar-skillnad-pa-form-och-funktion\/#breadcrumb","itemListElement":[{"@type":"ListItem","position":1,"name":"Hem","item":"https:\/\/blogg.svenskakyrkan.se\/akebonnier\/"},{"@type":"ListItem","position":2,"name":"Det \u00e4r skillnad p\u00e5 form och funktion!"}]},{"@type":"WebSite","@id":"https:\/\/blogg.svenskakyrkan.se\/akebonnier\/#website","url":"https:\/\/blogg.svenskakyrkan.se\/akebonnier\/","name":"\u00c5ke Bonnier","description":"Biskop i Svenska kyrkan - Skara stift","potentialAction":[{"@type":"SearchAction","target":{"@type":"EntryPoint","urlTemplate":"https:\/\/blogg.svenskakyrkan.se\/akebonnier\/?s={search_term_string}"},"query-input":{"@type":"PropertyValueSpecification","valueRequired":true,"valueName":"search_term_string"}}],"inLanguage":"sv-SE"},{"@type":"Person","@id":"https:\/\/blogg.svenskakyrkan.se\/akebonnier\/#\/schema\/person\/8db68bc0c94f6a5a62df2d4486ff1343","name":"\u00c5ke Bonnier","image":{"@type":"ImageObject","inLanguage":"sv-SE","@id":"https:\/\/blogg.svenskakyrkan.se\/akebonnier\/#\/schema\/person\/image\/","url":"https:\/\/secure.gravatar.com\/avatar\/b88264736bb0bc0d1ea92298aef02c9f98cfc13c7484130c42c663ae484f9462?s=96&d=mm&r=g","contentUrl":"https:\/\/secure.gravatar.com\/avatar\/b88264736bb0bc0d1ea92298aef02c9f98cfc13c7484130c42c663ae484f9462?s=96&d=mm&r=g","caption":"\u00c5ke Bonnier"},"description":"Jag \u00e4r gift och har tv\u00e5 vuxna d\u00f6ttrar. Pr\u00e4stvigdes 1984 och biskopsvigs 26 augusti 2012 . Jag har tidigare bland annat varit, komminister och kyrkoherde i Liding\u00f6 f\u00f6rsamling och domprost i Stockholms domkyrkof\u00f6rsamling. Jag \u00e4r intresserad av konst, litteratur, teater, film. Jag tr\u00e4nar regelbundet p\u00e5 gym. Mitt huvudsakliga musikintresse \u00e4r klassisk musik men ocks\u00e5 Beatles, Elvis Presley, Monika Zettelund, Povel Ramel och m\u00e5nga andra tycker jag om att lyssna p\u00e5. Jag l\u00e4ser f\u00f6r lite sk\u00f6nlitteratur beroende p\u00e5 annat som jag m\u00e5ste l\u00e4sa i mitt uppdrag som biskop. Men jag \u00e4lskar b\u00f6cker. Naturligtvis l\u00e4ser jag n\u00e4st intill dagligdags i \"B\u00f6ckernas Bok.\"","sameAs":["http:\/\/www.skarastift.se"],"url":"https:\/\/blogg.svenskakyrkan.se\/akebonnier\/author\/akebonnier\/"}]}},"author_meta":{"ID":"108","user_nicename":"akebonnier","user_url":"http:\/\/www.skarastift.se","user_registered":"2011-10-11 09:24:48","display_name":"\u00c5ke Bonnier","first_name":"\u00c5ke","last_name":"Bonnier","avatar":"https:\/\/secure.gravatar.com\/avatar\/b88264736bb0bc0d1ea92298aef02c9f98cfc13c7484130c42c663ae484f9462?s=96&d=mm&r=g"},"featured_image":false,"bloginfo":{"name":"\u00c5ke Bonnier","url":"https:\/\/blogg.svenskakyrkan.se\/akebonnier"},"_links":{"self":[{"href":"https:\/\/blogg.svenskakyrkan.se\/akebonnier\/wp-json\/wp\/v2\/posts\/512","targetHints":{"allow":["GET"]}}],"collection":[{"href":"https:\/\/blogg.svenskakyrkan.se\/akebonnier\/wp-json\/wp\/v2\/posts"}],"about":[{"href":"https:\/\/blogg.svenskakyrkan.se\/akebonnier\/wp-json\/wp\/v2\/types\/post"}],"author":[{"embeddable":true,"href":"https:\/\/blogg.svenskakyrkan.se\/akebonnier\/wp-json\/wp\/v2\/users\/108"}],"replies":[{"embeddable":true,"href":"https:\/\/blogg.svenskakyrkan.se\/akebonnier\/wp-json\/wp\/v2\/comments?post=512"}],"version-history":[{"count":0,"href":"https:\/\/blogg.svenskakyrkan.se\/akebonnier\/wp-json\/wp\/v2\/posts\/512\/revisions"}],"wp:attachment":[{"href":"https:\/\/blogg.svenskakyrkan.se\/akebonnier\/wp-json\/wp\/v2\/media?parent=512"}],"wp:term":[{"taxonomy":"category","embeddable":true,"href":"https:\/\/blogg.svenskakyrkan.se\/akebonnier\/wp-json\/wp\/v2\/categories?post=512"},{"taxonomy":"post_tag","embeddable":true,"href":"https:\/\/blogg.svenskakyrkan.se\/akebonnier\/wp-json\/wp\/v2\/tags?post=512"}],"curies":[{"name":"wp","href":"https:\/\/api.w.org\/{rel}","templated":true}]}}