{"id":513,"date":"2011-03-19T17:44:00","date_gmt":"2011-03-19T17:44:00","guid":{"rendered":"http:\/\/blogg.svenskakyrkan.se\/akebonnier\/2011\/03\/19\/haller-svenska-kyrkan-pa-att-skriva-om-sin-tro\/"},"modified":"2011-03-19T17:44:00","modified_gmt":"2011-03-19T17:44:00","slug":"haller-svenska-kyrkan-pa-att-skriva-om-sin-tro","status":"publish","type":"post","link":"https:\/\/blogg.svenskakyrkan.se\/akebonnier\/2011\/03\/19\/haller-svenska-kyrkan-pa-att-skriva-om-sin-tro\/","title":{"rendered":"H\u00e5ller Svenska kyrkan p\u00e5 att skriva om sin tro?"},"content":{"rendered":"<p>I den debatt som f\u00f6ljt i k\u00f6lvattnet av fryshusimamens anst\u00e4llningsform har ord om att Svenska kyrkan h\u00e5ller p\u00e5 att skriva om sin tro f\u00f6rekommit. Stiftsprosten Bo Larsson har skrivit en artikel till f\u00f6rsvar f\u00f6r Sofia f\u00f6rsamlings involvering i imamanst\u00e4llningen. Jag delar inte alla stiftsprostens uppfattningar i imamfr\u00e5gan vilket torde ha framkommit i mitt f\u00f6rra blogginl\u00e4gg. Men, det \u00e4r viktigt att framh\u00e5lla att b\u00e5de stiftsprosten och jag delar synen p\u00e5 att Svenska kyrkan, med sin evangelisk lutherska identitet, \u00e4r stadd i st\u00e4ndig reformation. Kyrkans l\u00e4ra m\u00e5ste hela tiden tolkas in i det dagsaktuella sammanhanget f\u00f6r dagens m\u00e4nniskor. Det handlar inte om att skriva om tron. Kyrkans trosgrund \u00e4r klar och tydlig: Gud sj\u00e4lv har m\u00f6tt oss p\u00e5 ett unikt s\u00e4tt i Jesus Kristus. Det kallar vi inkarnationen. Jesus Kristus har d\u00f6tt och uppst\u00e5tt f\u00f6r v\u00e5r skull. Inkarnationen och korset \u00e4r det centrala kring vilket kyrkan bygger hela sin existens. L\u00e4mnar vi detta har vi skrivit om v\u00e5r tro. Men kyrkan har inte l\u00e4mnat detta. Detta \u00e4r den fasta grund p\u00e5 vilken vi st\u00e5r. Och ju stadigare vi st\u00e5r p\u00e5 den grunden ju mer kan vi vara \u00f6ppna f\u00f6r andras traditioner. Inom ramen f\u00f6r det ovan skrivna kan vi sedan f\u00f6ra religionsdialog, vara \u00f6ppna f\u00f6r att den \u00f6msesidiga k\u00e4rleken kan ha m\u00e5nga olika uttrycksformer. Men grunden \u00e4r lagd. Med aposteln Paulus ord: &#8221;Ingen kan l\u00e4gga en annan grund \u00e4n den som redan finns, och den \u00e4r Jesus Kristus.&#8221; (1 Kor 3:11 ). Utifr\u00e5n denna grund \u00e4r vi reformatoriska med fortg\u00e5ende reformation. <br \/>S\u00e5 l\u00e5t oss sl\u00e5 vakt om v\u00e5rt reformatoriska arv. L\u00e5t oss sl\u00e5 vakt om en kyrka i fortg\u00e5ende utveckling med en tydlig grund.<\/p>\n<p>Vi h\u00e5ller inte p\u00e5 att skriva om v\u00e5r tro! Tro inte det!<\/p>\n<div class=\"blogger-post-footer\"><img width='1' height='1' src='https:\/\/blogger.googleusercontent.com\/tracker\/9055441369901436026-8558168435330935815?l=akebonnier.blogspot.com' alt='' \/><\/div>\n","protected":false},"excerpt":{"rendered":"<p>I den debatt som f\u00f6ljt i k\u00f6lvattnet av fryshusimamens anst\u00e4llningsform har ord om att Svenska kyrkan h\u00e5ller p\u00e5 att skriva om sin tro f\u00f6rekommit. Stiftsprosten Bo Larsson har skrivit en artikel till f\u00f6rsvar f\u00f6r Sofia f\u00f6rsamlings involvering i imamanst\u00e4llningen. Jag delar inte alla stiftsprostens uppfattningar i imamfr\u00e5gan vilket torde ha framkommit i mitt f\u00f6rra blogginl\u00e4gg. [&hellip;]<\/p>\n","protected":false},"author":108,"featured_media":0,"comment_status":"open","ping_status":"open","sticky":false,"template":"","format":"standard","meta":{"_acf_changed":false,"footnotes":""},"categories":[9],"tags":[],"class_list":["post-513","post","type-post","status-publish","format-standard","hentry","category-okategoriserade"],"acf":[],"yoast_head":"<!-- This site is optimized with the Yoast SEO plugin v27.1.1 - https:\/\/yoast.com\/product\/yoast-seo-wordpress\/ -->\n<title>H\u00e5ller Svenska kyrkan p\u00e5 att skriva om sin tro? - \u00c5ke Bonnier<\/title>\n<meta name=\"robots\" content=\"index, follow, max-snippet:-1, max-image-preview:large, max-video-preview:-1\" \/>\n<link rel=\"canonical\" href=\"https:\/\/blogg.svenskakyrkan.se\/akebonnier\/2011\/03\/19\/haller-svenska-kyrkan-pa-att-skriva-om-sin-tro\/\" \/>\n<meta property=\"og:locale\" content=\"sv_SE\" \/>\n<meta property=\"og:type\" content=\"article\" \/>\n<meta property=\"og:title\" content=\"H\u00e5ller Svenska kyrkan p\u00e5 att skriva om sin tro? - \u00c5ke Bonnier\" \/>\n<meta property=\"og:description\" content=\"I den debatt som f\u00f6ljt i k\u00f6lvattnet av fryshusimamens anst\u00e4llningsform har ord om att Svenska kyrkan h\u00e5ller p\u00e5 att skriva om sin tro f\u00f6rekommit. Stiftsprosten Bo Larsson har skrivit en artikel till f\u00f6rsvar f\u00f6r Sofia f\u00f6rsamlings involvering i imamanst\u00e4llningen. Jag delar inte alla stiftsprostens uppfattningar i imamfr\u00e5gan vilket torde ha framkommit i mitt f\u00f6rra blogginl\u00e4gg. [&hellip;]\" \/>\n<meta property=\"og:url\" content=\"https:\/\/blogg.svenskakyrkan.se\/akebonnier\/2011\/03\/19\/haller-svenska-kyrkan-pa-att-skriva-om-sin-tro\/\" \/>\n<meta property=\"og:site_name\" content=\"\u00c5ke Bonnier\" \/>\n<meta property=\"article:published_time\" content=\"2011-03-19T17:44:00+00:00\" \/>\n<meta property=\"og:image\" content=\"https:\/\/blogger.googleusercontent.com\/tracker\/9055441369901436026-8558168435330935815?l=akebonnier.blogspot.com\" \/>\n<meta name=\"author\" content=\"\u00c5ke Bonnier\" \/>\n<meta name=\"twitter:card\" content=\"summary_large_image\" \/>\n<meta name=\"twitter:label1\" content=\"Skriven av\" \/>\n\t<meta name=\"twitter:data1\" content=\"\u00c5ke Bonnier\" \/>\n\t<meta name=\"twitter:label2\" content=\"Ber\u00e4knad l\u00e4stid\" \/>\n\t<meta name=\"twitter:data2\" content=\"2 minuter\" \/>\n<script type=\"application\/ld+json\" class=\"yoast-schema-graph\">{\"@context\":\"https:\/\/schema.org\",\"@graph\":[{\"@type\":\"Article\",\"@id\":\"https:\/\/blogg.svenskakyrkan.se\/akebonnier\/2011\/03\/19\/haller-svenska-kyrkan-pa-att-skriva-om-sin-tro\/#article\",\"isPartOf\":{\"@id\":\"https:\/\/blogg.svenskakyrkan.se\/akebonnier\/2011\/03\/19\/haller-svenska-kyrkan-pa-att-skriva-om-sin-tro\/\"},\"author\":{\"name\":\"\u00c5ke Bonnier\",\"@id\":\"https:\/\/blogg.svenskakyrkan.se\/akebonnier\/#\/schema\/person\/8db68bc0c94f6a5a62df2d4486ff1343\"},\"headline\":\"H\u00e5ller Svenska kyrkan p\u00e5 att skriva om sin tro?\",\"datePublished\":\"2011-03-19T17:44:00+00:00\",\"mainEntityOfPage\":{\"@id\":\"https:\/\/blogg.svenskakyrkan.se\/akebonnier\/2011\/03\/19\/haller-svenska-kyrkan-pa-att-skriva-om-sin-tro\/\"},\"wordCount\":337,\"commentCount\":17,\"image\":{\"@id\":\"https:\/\/blogg.svenskakyrkan.se\/akebonnier\/2011\/03\/19\/haller-svenska-kyrkan-pa-att-skriva-om-sin-tro\/#primaryimage\"},\"thumbnailUrl\":\"https:\/\/blogger.googleusercontent.com\/tracker\/9055441369901436026-8558168435330935815?l=akebonnier.blogspot.com\",\"inLanguage\":\"sv-SE\",\"potentialAction\":[{\"@type\":\"CommentAction\",\"name\":\"Comment\",\"target\":[\"https:\/\/blogg.svenskakyrkan.se\/akebonnier\/2011\/03\/19\/haller-svenska-kyrkan-pa-att-skriva-om-sin-tro\/#respond\"]}]},{\"@type\":\"WebPage\",\"@id\":\"https:\/\/blogg.svenskakyrkan.se\/akebonnier\/2011\/03\/19\/haller-svenska-kyrkan-pa-att-skriva-om-sin-tro\/\",\"url\":\"https:\/\/blogg.svenskakyrkan.se\/akebonnier\/2011\/03\/19\/haller-svenska-kyrkan-pa-att-skriva-om-sin-tro\/\",\"name\":\"H\u00e5ller Svenska kyrkan p\u00e5 att skriva om sin tro? - \u00c5ke Bonnier\",\"isPartOf\":{\"@id\":\"https:\/\/blogg.svenskakyrkan.se\/akebonnier\/#website\"},\"primaryImageOfPage\":{\"@id\":\"https:\/\/blogg.svenskakyrkan.se\/akebonnier\/2011\/03\/19\/haller-svenska-kyrkan-pa-att-skriva-om-sin-tro\/#primaryimage\"},\"image\":{\"@id\":\"https:\/\/blogg.svenskakyrkan.se\/akebonnier\/2011\/03\/19\/haller-svenska-kyrkan-pa-att-skriva-om-sin-tro\/#primaryimage\"},\"thumbnailUrl\":\"https:\/\/blogger.googleusercontent.com\/tracker\/9055441369901436026-8558168435330935815?l=akebonnier.blogspot.com\",\"datePublished\":\"2011-03-19T17:44:00+00:00\",\"author\":{\"@id\":\"https:\/\/blogg.svenskakyrkan.se\/akebonnier\/#\/schema\/person\/8db68bc0c94f6a5a62df2d4486ff1343\"},\"breadcrumb\":{\"@id\":\"https:\/\/blogg.svenskakyrkan.se\/akebonnier\/2011\/03\/19\/haller-svenska-kyrkan-pa-att-skriva-om-sin-tro\/#breadcrumb\"},\"inLanguage\":\"sv-SE\",\"potentialAction\":[{\"@type\":\"ReadAction\",\"target\":[\"https:\/\/blogg.svenskakyrkan.se\/akebonnier\/2011\/03\/19\/haller-svenska-kyrkan-pa-att-skriva-om-sin-tro\/\"]}]},{\"@type\":\"ImageObject\",\"inLanguage\":\"sv-SE\",\"@id\":\"https:\/\/blogg.svenskakyrkan.se\/akebonnier\/2011\/03\/19\/haller-svenska-kyrkan-pa-att-skriva-om-sin-tro\/#primaryimage\",\"url\":\"https:\/\/blogger.googleusercontent.com\/tracker\/9055441369901436026-8558168435330935815?l=akebonnier.blogspot.com\",\"contentUrl\":\"https:\/\/blogger.googleusercontent.com\/tracker\/9055441369901436026-8558168435330935815?l=akebonnier.blogspot.com\"},{\"@type\":\"BreadcrumbList\",\"@id\":\"https:\/\/blogg.svenskakyrkan.se\/akebonnier\/2011\/03\/19\/haller-svenska-kyrkan-pa-att-skriva-om-sin-tro\/#breadcrumb\",\"itemListElement\":[{\"@type\":\"ListItem\",\"position\":1,\"name\":\"Hem\",\"item\":\"https:\/\/blogg.svenskakyrkan.se\/akebonnier\/\"},{\"@type\":\"ListItem\",\"position\":2,\"name\":\"H\u00e5ller Svenska kyrkan p\u00e5 att skriva om sin tro?\"}]},{\"@type\":\"WebSite\",\"@id\":\"https:\/\/blogg.svenskakyrkan.se\/akebonnier\/#website\",\"url\":\"https:\/\/blogg.svenskakyrkan.se\/akebonnier\/\",\"name\":\"\u00c5ke Bonnier\",\"description\":\"Biskop i Svenska kyrkan - Skara stift\",\"potentialAction\":[{\"@type\":\"SearchAction\",\"target\":{\"@type\":\"EntryPoint\",\"urlTemplate\":\"https:\/\/blogg.svenskakyrkan.se\/akebonnier\/?s={search_term_string}\"},\"query-input\":{\"@type\":\"PropertyValueSpecification\",\"valueRequired\":true,\"valueName\":\"search_term_string\"}}],\"inLanguage\":\"sv-SE\"},{\"@type\":\"Person\",\"@id\":\"https:\/\/blogg.svenskakyrkan.se\/akebonnier\/#\/schema\/person\/8db68bc0c94f6a5a62df2d4486ff1343\",\"name\":\"\u00c5ke Bonnier\",\"image\":{\"@type\":\"ImageObject\",\"inLanguage\":\"sv-SE\",\"@id\":\"https:\/\/blogg.svenskakyrkan.se\/akebonnier\/#\/schema\/person\/image\/\",\"url\":\"https:\/\/secure.gravatar.com\/avatar\/b88264736bb0bc0d1ea92298aef02c9f98cfc13c7484130c42c663ae484f9462?s=96&d=mm&r=g\",\"contentUrl\":\"https:\/\/secure.gravatar.com\/avatar\/b88264736bb0bc0d1ea92298aef02c9f98cfc13c7484130c42c663ae484f9462?s=96&d=mm&r=g\",\"caption\":\"\u00c5ke Bonnier\"},\"description\":\"Jag \u00e4r gift och har tv\u00e5 vuxna d\u00f6ttrar. Pr\u00e4stvigdes 1984 och biskopsvigs 26 augusti 2012 . Jag har tidigare bland annat varit, komminister och kyrkoherde i Liding\u00f6 f\u00f6rsamling och domprost i Stockholms domkyrkof\u00f6rsamling. Jag \u00e4r intresserad av konst, litteratur, teater, film. Jag tr\u00e4nar regelbundet p\u00e5 gym. Mitt huvudsakliga musikintresse \u00e4r klassisk musik men ocks\u00e5 Beatles, Elvis Presley, Monika Zettelund, Povel Ramel och m\u00e5nga andra tycker jag om att lyssna p\u00e5. Jag l\u00e4ser f\u00f6r lite sk\u00f6nlitteratur beroende p\u00e5 annat som jag m\u00e5ste l\u00e4sa i mitt uppdrag som biskop. Men jag \u00e4lskar b\u00f6cker. Naturligtvis l\u00e4ser jag n\u00e4st intill dagligdags i \\\"B\u00f6ckernas Bok.\\\"\",\"sameAs\":[\"http:\/\/www.skarastift.se\"],\"url\":\"https:\/\/blogg.svenskakyrkan.se\/akebonnier\/author\/akebonnier\/\"}]}<\/script>\n<!-- \/ Yoast SEO plugin. -->","yoast_head_json":{"title":"H\u00e5ller Svenska kyrkan p\u00e5 att skriva om sin tro? - \u00c5ke Bonnier","robots":{"index":"index","follow":"follow","max-snippet":"max-snippet:-1","max-image-preview":"max-image-preview:large","max-video-preview":"max-video-preview:-1"},"canonical":"https:\/\/blogg.svenskakyrkan.se\/akebonnier\/2011\/03\/19\/haller-svenska-kyrkan-pa-att-skriva-om-sin-tro\/","og_locale":"sv_SE","og_type":"article","og_title":"H\u00e5ller Svenska kyrkan p\u00e5 att skriva om sin tro? - \u00c5ke Bonnier","og_description":"I den debatt som f\u00f6ljt i k\u00f6lvattnet av fryshusimamens anst\u00e4llningsform har ord om att Svenska kyrkan h\u00e5ller p\u00e5 att skriva om sin tro f\u00f6rekommit. Stiftsprosten Bo Larsson har skrivit en artikel till f\u00f6rsvar f\u00f6r Sofia f\u00f6rsamlings involvering i imamanst\u00e4llningen. Jag delar inte alla stiftsprostens uppfattningar i imamfr\u00e5gan vilket torde ha framkommit i mitt f\u00f6rra blogginl\u00e4gg. [&hellip;]","og_url":"https:\/\/blogg.svenskakyrkan.se\/akebonnier\/2011\/03\/19\/haller-svenska-kyrkan-pa-att-skriva-om-sin-tro\/","og_site_name":"\u00c5ke Bonnier","article_published_time":"2011-03-19T17:44:00+00:00","og_image":[{"url":"https:\/\/blogger.googleusercontent.com\/tracker\/9055441369901436026-8558168435330935815?l=akebonnier.blogspot.com","type":"","width":"","height":""}],"author":"\u00c5ke Bonnier","twitter_card":"summary_large_image","twitter_misc":{"Skriven av":"\u00c5ke Bonnier","Ber\u00e4knad l\u00e4stid":"2 minuter"},"schema":{"@context":"https:\/\/schema.org","@graph":[{"@type":"Article","@id":"https:\/\/blogg.svenskakyrkan.se\/akebonnier\/2011\/03\/19\/haller-svenska-kyrkan-pa-att-skriva-om-sin-tro\/#article","isPartOf":{"@id":"https:\/\/blogg.svenskakyrkan.se\/akebonnier\/2011\/03\/19\/haller-svenska-kyrkan-pa-att-skriva-om-sin-tro\/"},"author":{"name":"\u00c5ke Bonnier","@id":"https:\/\/blogg.svenskakyrkan.se\/akebonnier\/#\/schema\/person\/8db68bc0c94f6a5a62df2d4486ff1343"},"headline":"H\u00e5ller Svenska kyrkan p\u00e5 att skriva om sin tro?","datePublished":"2011-03-19T17:44:00+00:00","mainEntityOfPage":{"@id":"https:\/\/blogg.svenskakyrkan.se\/akebonnier\/2011\/03\/19\/haller-svenska-kyrkan-pa-att-skriva-om-sin-tro\/"},"wordCount":337,"commentCount":17,"image":{"@id":"https:\/\/blogg.svenskakyrkan.se\/akebonnier\/2011\/03\/19\/haller-svenska-kyrkan-pa-att-skriva-om-sin-tro\/#primaryimage"},"thumbnailUrl":"https:\/\/blogger.googleusercontent.com\/tracker\/9055441369901436026-8558168435330935815?l=akebonnier.blogspot.com","inLanguage":"sv-SE","potentialAction":[{"@type":"CommentAction","name":"Comment","target":["https:\/\/blogg.svenskakyrkan.se\/akebonnier\/2011\/03\/19\/haller-svenska-kyrkan-pa-att-skriva-om-sin-tro\/#respond"]}]},{"@type":"WebPage","@id":"https:\/\/blogg.svenskakyrkan.se\/akebonnier\/2011\/03\/19\/haller-svenska-kyrkan-pa-att-skriva-om-sin-tro\/","url":"https:\/\/blogg.svenskakyrkan.se\/akebonnier\/2011\/03\/19\/haller-svenska-kyrkan-pa-att-skriva-om-sin-tro\/","name":"H\u00e5ller Svenska kyrkan p\u00e5 att skriva om sin tro? - \u00c5ke Bonnier","isPartOf":{"@id":"https:\/\/blogg.svenskakyrkan.se\/akebonnier\/#website"},"primaryImageOfPage":{"@id":"https:\/\/blogg.svenskakyrkan.se\/akebonnier\/2011\/03\/19\/haller-svenska-kyrkan-pa-att-skriva-om-sin-tro\/#primaryimage"},"image":{"@id":"https:\/\/blogg.svenskakyrkan.se\/akebonnier\/2011\/03\/19\/haller-svenska-kyrkan-pa-att-skriva-om-sin-tro\/#primaryimage"},"thumbnailUrl":"https:\/\/blogger.googleusercontent.com\/tracker\/9055441369901436026-8558168435330935815?l=akebonnier.blogspot.com","datePublished":"2011-03-19T17:44:00+00:00","author":{"@id":"https:\/\/blogg.svenskakyrkan.se\/akebonnier\/#\/schema\/person\/8db68bc0c94f6a5a62df2d4486ff1343"},"breadcrumb":{"@id":"https:\/\/blogg.svenskakyrkan.se\/akebonnier\/2011\/03\/19\/haller-svenska-kyrkan-pa-att-skriva-om-sin-tro\/#breadcrumb"},"inLanguage":"sv-SE","potentialAction":[{"@type":"ReadAction","target":["https:\/\/blogg.svenskakyrkan.se\/akebonnier\/2011\/03\/19\/haller-svenska-kyrkan-pa-att-skriva-om-sin-tro\/"]}]},{"@type":"ImageObject","inLanguage":"sv-SE","@id":"https:\/\/blogg.svenskakyrkan.se\/akebonnier\/2011\/03\/19\/haller-svenska-kyrkan-pa-att-skriva-om-sin-tro\/#primaryimage","url":"https:\/\/blogger.googleusercontent.com\/tracker\/9055441369901436026-8558168435330935815?l=akebonnier.blogspot.com","contentUrl":"https:\/\/blogger.googleusercontent.com\/tracker\/9055441369901436026-8558168435330935815?l=akebonnier.blogspot.com"},{"@type":"BreadcrumbList","@id":"https:\/\/blogg.svenskakyrkan.se\/akebonnier\/2011\/03\/19\/haller-svenska-kyrkan-pa-att-skriva-om-sin-tro\/#breadcrumb","itemListElement":[{"@type":"ListItem","position":1,"name":"Hem","item":"https:\/\/blogg.svenskakyrkan.se\/akebonnier\/"},{"@type":"ListItem","position":2,"name":"H\u00e5ller Svenska kyrkan p\u00e5 att skriva om sin tro?"}]},{"@type":"WebSite","@id":"https:\/\/blogg.svenskakyrkan.se\/akebonnier\/#website","url":"https:\/\/blogg.svenskakyrkan.se\/akebonnier\/","name":"\u00c5ke Bonnier","description":"Biskop i Svenska kyrkan - Skara stift","potentialAction":[{"@type":"SearchAction","target":{"@type":"EntryPoint","urlTemplate":"https:\/\/blogg.svenskakyrkan.se\/akebonnier\/?s={search_term_string}"},"query-input":{"@type":"PropertyValueSpecification","valueRequired":true,"valueName":"search_term_string"}}],"inLanguage":"sv-SE"},{"@type":"Person","@id":"https:\/\/blogg.svenskakyrkan.se\/akebonnier\/#\/schema\/person\/8db68bc0c94f6a5a62df2d4486ff1343","name":"\u00c5ke Bonnier","image":{"@type":"ImageObject","inLanguage":"sv-SE","@id":"https:\/\/blogg.svenskakyrkan.se\/akebonnier\/#\/schema\/person\/image\/","url":"https:\/\/secure.gravatar.com\/avatar\/b88264736bb0bc0d1ea92298aef02c9f98cfc13c7484130c42c663ae484f9462?s=96&d=mm&r=g","contentUrl":"https:\/\/secure.gravatar.com\/avatar\/b88264736bb0bc0d1ea92298aef02c9f98cfc13c7484130c42c663ae484f9462?s=96&d=mm&r=g","caption":"\u00c5ke Bonnier"},"description":"Jag \u00e4r gift och har tv\u00e5 vuxna d\u00f6ttrar. Pr\u00e4stvigdes 1984 och biskopsvigs 26 augusti 2012 . Jag har tidigare bland annat varit, komminister och kyrkoherde i Liding\u00f6 f\u00f6rsamling och domprost i Stockholms domkyrkof\u00f6rsamling. Jag \u00e4r intresserad av konst, litteratur, teater, film. Jag tr\u00e4nar regelbundet p\u00e5 gym. Mitt huvudsakliga musikintresse \u00e4r klassisk musik men ocks\u00e5 Beatles, Elvis Presley, Monika Zettelund, Povel Ramel och m\u00e5nga andra tycker jag om att lyssna p\u00e5. Jag l\u00e4ser f\u00f6r lite sk\u00f6nlitteratur beroende p\u00e5 annat som jag m\u00e5ste l\u00e4sa i mitt uppdrag som biskop. Men jag \u00e4lskar b\u00f6cker. Naturligtvis l\u00e4ser jag n\u00e4st intill dagligdags i \"B\u00f6ckernas Bok.\"","sameAs":["http:\/\/www.skarastift.se"],"url":"https:\/\/blogg.svenskakyrkan.se\/akebonnier\/author\/akebonnier\/"}]}},"author_meta":{"ID":"108","user_nicename":"akebonnier","user_url":"http:\/\/www.skarastift.se","user_registered":"2011-10-11 09:24:48","display_name":"\u00c5ke Bonnier","first_name":"\u00c5ke","last_name":"Bonnier","avatar":"https:\/\/secure.gravatar.com\/avatar\/b88264736bb0bc0d1ea92298aef02c9f98cfc13c7484130c42c663ae484f9462?s=96&d=mm&r=g"},"featured_image":false,"bloginfo":{"name":"\u00c5ke Bonnier","url":"https:\/\/blogg.svenskakyrkan.se\/akebonnier"},"_links":{"self":[{"href":"https:\/\/blogg.svenskakyrkan.se\/akebonnier\/wp-json\/wp\/v2\/posts\/513","targetHints":{"allow":["GET"]}}],"collection":[{"href":"https:\/\/blogg.svenskakyrkan.se\/akebonnier\/wp-json\/wp\/v2\/posts"}],"about":[{"href":"https:\/\/blogg.svenskakyrkan.se\/akebonnier\/wp-json\/wp\/v2\/types\/post"}],"author":[{"embeddable":true,"href":"https:\/\/blogg.svenskakyrkan.se\/akebonnier\/wp-json\/wp\/v2\/users\/108"}],"replies":[{"embeddable":true,"href":"https:\/\/blogg.svenskakyrkan.se\/akebonnier\/wp-json\/wp\/v2\/comments?post=513"}],"version-history":[{"count":0,"href":"https:\/\/blogg.svenskakyrkan.se\/akebonnier\/wp-json\/wp\/v2\/posts\/513\/revisions"}],"wp:attachment":[{"href":"https:\/\/blogg.svenskakyrkan.se\/akebonnier\/wp-json\/wp\/v2\/media?parent=513"}],"wp:term":[{"taxonomy":"category","embeddable":true,"href":"https:\/\/blogg.svenskakyrkan.se\/akebonnier\/wp-json\/wp\/v2\/categories?post=513"},{"taxonomy":"post_tag","embeddable":true,"href":"https:\/\/blogg.svenskakyrkan.se\/akebonnier\/wp-json\/wp\/v2\/tags?post=513"}],"curies":[{"name":"wp","href":"https:\/\/api.w.org\/{rel}","templated":true}]}}