{"id":515,"date":"2011-03-28T22:05:00","date_gmt":"2011-03-28T22:05:00","guid":{"rendered":"http:\/\/blogg.svenskakyrkan.se\/akebonnier\/2011\/03\/28\/infor-gud-och-i-denna-forsamlings-narvaro\/"},"modified":"2011-03-28T22:05:00","modified_gmt":"2011-03-28T22:05:00","slug":"infor-gud-och-i-denna-forsamlings-narvaro","status":"publish","type":"post","link":"https:\/\/blogg.svenskakyrkan.se\/akebonnier\/2011\/03\/28\/infor-gud-och-i-denna-forsamlings-narvaro\/","title":{"rendered":"Inf\u00f6r Gud och i denna f\u00f6rsamlings n\u00e4rvaro&#8230;"},"content":{"rendered":"<p>F\u00f6r n\u00e5gra dagar sedan skrev f\u00f6rfattaren, kolumnisten och ateisten Lena Andersson en signerad ledare (kolumn) i Dagens Nyheter (<a href=\"http:\/\/www.dn.se\/ledare\/signerat\/karlek-eller-parliv\">http:\/\/www.dn.se\/ledare\/signerat\/karlek-eller-parliv<\/a> ) d\u00e4r hon f\u00f6rst kritiserar sajten som f\u00f6respr\u00e5kar lite &#8221;krydda&#8221; i \u00e4ktenskapet genom en &#8221;aff\u00e4r&#8221; och d\u00e4r man via sajten kan f\u00e5 kontakter f\u00f6r s\u00e5dana upplevelser. Men ju l\u00e4ngre jag l\u00e4ser hennes kolumn, ju mer inser jag att hon ocks\u00e5 kritiserar tanken p\u00e5 det livsl\u00e5nga \u00e4ktenskapet. Det st\u00e5r henne naturligtvis fritt att g\u00f6ra, men jag vill sl\u00e5 ett slag f\u00f6r \u00e4ktenskapet v\u00e4l medveten om att m\u00e5nga lever i singelhush\u00e5ll och att det inte \u00e4r alla f\u00f6runnat att hitta en partner att dela livet med tills d\u00f6den skiljer en \u00e5t.<\/p>\n<p>Jag menar att \u00e4ktenskapet \u00e4r den b\u00e4sta samlevnadsformen, b\u00e5de av olika juridiska sk\u00e4l, men ocks\u00e5 f\u00f6r att den formen inneb\u00e4r l\u00f6ften som avges offentligt och som kan vara ett st\u00f6d f\u00f6r paret (samk\u00f6nat eller s\u00e4rk\u00f6nat). Man lovar varandra, inf\u00f6r Gud och i denna f\u00f6rsamlings n\u00e4rvaro, att \u00e4lska varandra och h\u00e5lla ihop tills d\u00f6den skiljer en \u00e5t. Det \u00e4r starka l\u00f6ften, viktiga l\u00f6ften och ett stort steg i livet att avge s\u00e5dana. Vad man lovar \u00e4r att man vill leva i en relation d\u00e4r man f\u00e5r v\u00e4xa tillsammans och det inneb\u00e4r att \u00e4ktenskapet m\u00e5ste v\u00e5rdas. <\/p>\n<p>Ett \u00e4ktenskap kr\u00e4ver f\u00f6ljande punkter: <\/p>\n<p>1. Tid f\u00f6r varandra ocks\u00e5 n\u00e4r barn och arbete tar mycket tid. Man ska aldrig tro att parets egen tid kommer sen. &#8221;Sen&#8221; har en ben\u00e4genhet att aldrig dyka upp. Man m\u00e5ste avs\u00e4tta tid f\u00f6r varandra, avs\u00e4tta tid f\u00f6r delande, f\u00f6r samtal, f\u00f6r att bara vara med varandra. Man har ju valt varandra oerh\u00f6rt noga och d\u00e5 m\u00e5ste man forts\u00e4tta att v\u00e4lja varandra.<\/p>\n<p>2. Att ha roligt tillsammans \u00e4r viktigt. Skratta tillsammans med varandra och \u00e5t sig sj\u00e4lv. Hitta p\u00e5 saker tillsammans som inte alls beh\u00f6ver vara ekonomiskt kostsamma.<\/p>\n<p>3. Planera tillsammans och f\u00f6lj de planerna eller korrigera dem ihop.<\/p>\n<p>4. Ge den andre egen tid utan att ge efter p\u00e5 punkt 1 och 2.<\/p>\n<p>5. Forts\u00e4tta att &#8221;uppvakta varandra&#8221; \u00e4ven efter m\u00e5nga \u00e5rs \u00e4ktenskap. D\u00e5 beh\u00f6ver man inte g\u00e5 in p\u00e5 sajten som handlar om &#8221;aff\u00e4rer&#8221; under det p\u00e5g\u00e5ende \u00e4ktenskapet f\u00f6r d\u00e5 blir \u00e4ktenskapet sj\u00e4lvt den b\u00e4sta av alla &#8221;aff\u00e4rer&#8221;.<\/p>\n<p>6. Vara lyh\u00f6rda f\u00f6r den andres tankar, \u00f6nskningar etc. men en lyh\u00f6rdhet som \u00e4r \u00f6msesidig.<\/p>\n<p>7. Om det &#8221;knakar i fogarna&#8221; m\u00e5ste man fr\u00e5ga sig sj\u00e4lv vad det beror p\u00e5, v\u00e5ga formulera f\u00f6r sig sj\u00e4lv varf\u00f6r man k\u00e4nner som man k\u00e4nner. Sedan \u00e4r det viktigt att tala med varandra och se vad man kan g\u00f6ra \u00e5t saken. Det tredje steget som ocks\u00e5 \u00e4r viktigt \u00e4r att v\u00e5ga g\u00e5 till en tredje part (som inte \u00e4r en av ens v\u00e4nner) och tillsammans med&nbsp;sin livspartner&nbsp;v\u00e5ga tala igenom situationen, f\u00e5 den belyst, f\u00e5 hj\u00e4lp s\u00e5 l\u00e5ngt det \u00e4r m\u00f6jligt att forts\u00e4tta relationen.<\/p>\n<p>8. Vad som kan vara bra att p\u00e5minna sig om \u00e4r ocks\u00e5 att man inte \u00e4r ensam i sitt \u00e4ktenskap. \u00c4ven Gud \u00e4r inblandad. Det \u00e4r kyrkans \u00f6vertygelse. D\u00e4rf\u00f6r \u00e4r b\u00f6nen viktig ocks\u00e5 i \u00e4ktenskapet. B\u00f6n \u00e4r att \u00f6ppna sig f\u00f6r Guds handlande. B\u00f6n \u00e4r att h\u00e4mta kraft hos K\u00e4rleken sj\u00e4lv. B\u00f6n kan ge mod och styrka att ta ett steg till i k\u00e4rlek. Kyrkans vigselgudstj\u00e4nst vill p\u00e5minna om just detta. Brudparet \u00e4r inte ensamma, inte utl\u00e4mnade i sin relation. Gud sj\u00e4lv omsluter och b\u00e4r men det g\u00e4ller att vara \u00f6ppen f\u00f6r detta. <\/p>\n<p>N\u00e4r man gifter sig m\u00e5ste man vara medveten om att man g\u00f6r det f\u00f6r resten av livet. Det ska vara grundinst\u00e4llningen. Att se \u00e4ktenskapet som ett sorts projekt som vara x antal \u00e5r och sedan kanske inte l\u00e4ngre \u00e4r felaktig inst\u00e4llning, menar jag. <\/p>\n<p>Sen \u00e4r det kanske \u00e4nd\u00e5 s\u00e5 att, om alltings el\u00e4nde drabbar, \u00e4ktenskapet leder till skilsm\u00e4ssa. Det \u00e4r ibland, trots det sagda, b\u00e4ttre att g\u00e5 skilda v\u00e4gar efter att ha provat allt \u00e4n att stanna kvar i en hatets och besvikelsens relation d\u00e4r alla inblandade (parterna och eventuella barn) blir drabbade. Och kyrkan s\u00e4ger d\u00e5 att det \u00e4r m\u00f6jligt att gifta om sig. Det handlar om ett av m\u00e5nga uttryck f\u00f6r Guds n\u00e5d d\u00e4r n\u00e5den d\u00e5 konkretiseras i nya l\u00f6ften och en ny start i tillvaron. Men jag skulle \u00f6nska att fler ville f\u00f6lja ovanst\u00e5ende punkter s\u00e5 att skilsm\u00e4ssostatistiken kunde minska. Den l\u00e4r vara mellan 50-70 % av alla ing\u00e5ngna \u00e4ktenskap, \u00e5tminstone i Stockholm.<\/p>\n<p>De par som vigs av mig kallas n\u00e4stan alltid till ett \u00e5tersamtal efter ett \u00e5r, d\u00e5 vi talar om hur f\u00f6rsta \u00e5ret som gifta varit &#8211; vad som varit bra och vad som varit sv\u00e5rare. I regel \u00e4r det b\u00e5de roliga och viktiga samtal och en del uttrycker att de vill komma tillbaka efter ytterligare \u00e5r. <\/p>\n<p>Lena Andersson skriver: <em>Skilsm\u00e4ssan \u00e4r \u00e5tminstone en sk\u00e4rva av ett erk\u00e4nnande att det inte g\u00e5r att skriva kontrakt om k\u00e4nslor. Ett mer f\u00f6rnedrande scenario \u00e4n att n\u00e5gon stannar kvar hos en fast de l\u00e4ngtar bort \u00e4r sv\u00e5rt att t\u00e4nka sig. <\/em>Om man f\u00f6rs\u00f6ker att leva efter punkterna ovan beh\u00f6ver man inte hamna i skilsm\u00e4ssans tuffa sammanhang. D\u00e5 beh\u00f6ver man inte l\u00e4ngta bort utan snarare l\u00e4ngta efter varandra n\u00e4r man \u00e4r borta. Det handlar inte om att &#8221;skriva kontrakt om k\u00e4nslor&#8221;. Det handlar om ett livsl\u00e5ngt \u00e4ventyr tillsammans och det \u00e4r n\u00e5got annat!<\/p>\n<div class=\"blogger-post-footer\"><img width='1' height='1' src='https:\/\/blogger.googleusercontent.com\/tracker\/9055441369901436026-6330904556262393791?l=akebonnier.blogspot.com' alt='' \/><\/div>\n","protected":false},"excerpt":{"rendered":"<p>F\u00f6r n\u00e5gra dagar sedan skrev f\u00f6rfattaren, kolumnisten och ateisten Lena Andersson en signerad ledare (kolumn) i Dagens Nyheter (http:\/\/www.dn.se\/ledare\/signerat\/karlek-eller-parliv ) d\u00e4r hon f\u00f6rst kritiserar sajten som f\u00f6respr\u00e5kar lite &#8221;krydda&#8221; i \u00e4ktenskapet genom en &#8221;aff\u00e4r&#8221; och d\u00e4r man via sajten kan f\u00e5 kontakter f\u00f6r s\u00e5dana upplevelser. Men ju l\u00e4ngre jag l\u00e4ser hennes kolumn, ju mer inser [&hellip;]<\/p>\n","protected":false},"author":108,"featured_media":0,"comment_status":"open","ping_status":"open","sticky":false,"template":"","format":"standard","meta":{"_acf_changed":false,"footnotes":""},"categories":[16477],"tags":[],"class_list":["post-515","post","type-post","status-publish","format-standard","hentry","category-infor-gud-och-i-denna-forsamlings-narvaro"],"acf":[],"yoast_head":"<!-- This site is optimized with the Yoast SEO plugin v27.1.1 - https:\/\/yoast.com\/product\/yoast-seo-wordpress\/ -->\n<title>Inf\u00f6r Gud och i denna f\u00f6rsamlings n\u00e4rvaro... - \u00c5ke Bonnier<\/title>\n<meta name=\"robots\" content=\"index, follow, max-snippet:-1, max-image-preview:large, max-video-preview:-1\" \/>\n<link rel=\"canonical\" href=\"https:\/\/blogg.svenskakyrkan.se\/akebonnier\/2011\/03\/28\/infor-gud-och-i-denna-forsamlings-narvaro\/\" \/>\n<meta property=\"og:locale\" content=\"sv_SE\" \/>\n<meta property=\"og:type\" content=\"article\" \/>\n<meta property=\"og:title\" content=\"Inf\u00f6r Gud och i denna f\u00f6rsamlings n\u00e4rvaro... - \u00c5ke Bonnier\" \/>\n<meta property=\"og:description\" content=\"F\u00f6r n\u00e5gra dagar sedan skrev f\u00f6rfattaren, kolumnisten och ateisten Lena Andersson en signerad ledare (kolumn) i Dagens Nyheter (http:\/\/www.dn.se\/ledare\/signerat\/karlek-eller-parliv ) d\u00e4r hon f\u00f6rst kritiserar sajten som f\u00f6respr\u00e5kar lite &#8221;krydda&#8221; i \u00e4ktenskapet genom en &#8221;aff\u00e4r&#8221; och d\u00e4r man via sajten kan f\u00e5 kontakter f\u00f6r s\u00e5dana upplevelser. Men ju l\u00e4ngre jag l\u00e4ser hennes kolumn, ju mer inser [&hellip;]\" \/>\n<meta property=\"og:url\" content=\"https:\/\/blogg.svenskakyrkan.se\/akebonnier\/2011\/03\/28\/infor-gud-och-i-denna-forsamlings-narvaro\/\" \/>\n<meta property=\"og:site_name\" content=\"\u00c5ke Bonnier\" \/>\n<meta property=\"article:published_time\" content=\"2011-03-28T22:05:00+00:00\" \/>\n<meta property=\"og:image\" content=\"https:\/\/blogger.googleusercontent.com\/tracker\/9055441369901436026-6330904556262393791?l=akebonnier.blogspot.com\" \/>\n<meta name=\"author\" content=\"\u00c5ke Bonnier\" \/>\n<meta name=\"twitter:card\" content=\"summary_large_image\" \/>\n<meta name=\"twitter:label1\" content=\"Skriven av\" \/>\n\t<meta name=\"twitter:data1\" content=\"\u00c5ke Bonnier\" \/>\n\t<meta name=\"twitter:label2\" content=\"Ber\u00e4knad l\u00e4stid\" \/>\n\t<meta name=\"twitter:data2\" content=\"5 minuter\" \/>\n<script type=\"application\/ld+json\" class=\"yoast-schema-graph\">{\"@context\":\"https:\/\/schema.org\",\"@graph\":[{\"@type\":\"Article\",\"@id\":\"https:\/\/blogg.svenskakyrkan.se\/akebonnier\/2011\/03\/28\/infor-gud-och-i-denna-forsamlings-narvaro\/#article\",\"isPartOf\":{\"@id\":\"https:\/\/blogg.svenskakyrkan.se\/akebonnier\/2011\/03\/28\/infor-gud-och-i-denna-forsamlings-narvaro\/\"},\"author\":{\"name\":\"\u00c5ke Bonnier\",\"@id\":\"https:\/\/blogg.svenskakyrkan.se\/akebonnier\/#\/schema\/person\/8db68bc0c94f6a5a62df2d4486ff1343\"},\"headline\":\"Inf\u00f6r Gud och i denna f\u00f6rsamlings n\u00e4rvaro&#8230;\",\"datePublished\":\"2011-03-28T22:05:00+00:00\",\"mainEntityOfPage\":{\"@id\":\"https:\/\/blogg.svenskakyrkan.se\/akebonnier\/2011\/03\/28\/infor-gud-och-i-denna-forsamlings-narvaro\/\"},\"wordCount\":1027,\"commentCount\":24,\"image\":{\"@id\":\"https:\/\/blogg.svenskakyrkan.se\/akebonnier\/2011\/03\/28\/infor-gud-och-i-denna-forsamlings-narvaro\/#primaryimage\"},\"thumbnailUrl\":\"https:\/\/blogger.googleusercontent.com\/tracker\/9055441369901436026-6330904556262393791?l=akebonnier.blogspot.com\",\"articleSection\":[\"Inf\u00f6r Gud och i denna f\u00f6rsamlings n\u00e4rvaro\"],\"inLanguage\":\"sv-SE\",\"potentialAction\":[{\"@type\":\"CommentAction\",\"name\":\"Comment\",\"target\":[\"https:\/\/blogg.svenskakyrkan.se\/akebonnier\/2011\/03\/28\/infor-gud-och-i-denna-forsamlings-narvaro\/#respond\"]}]},{\"@type\":\"WebPage\",\"@id\":\"https:\/\/blogg.svenskakyrkan.se\/akebonnier\/2011\/03\/28\/infor-gud-och-i-denna-forsamlings-narvaro\/\",\"url\":\"https:\/\/blogg.svenskakyrkan.se\/akebonnier\/2011\/03\/28\/infor-gud-och-i-denna-forsamlings-narvaro\/\",\"name\":\"Inf\u00f6r Gud och i denna f\u00f6rsamlings n\u00e4rvaro... - \u00c5ke Bonnier\",\"isPartOf\":{\"@id\":\"https:\/\/blogg.svenskakyrkan.se\/akebonnier\/#website\"},\"primaryImageOfPage\":{\"@id\":\"https:\/\/blogg.svenskakyrkan.se\/akebonnier\/2011\/03\/28\/infor-gud-och-i-denna-forsamlings-narvaro\/#primaryimage\"},\"image\":{\"@id\":\"https:\/\/blogg.svenskakyrkan.se\/akebonnier\/2011\/03\/28\/infor-gud-och-i-denna-forsamlings-narvaro\/#primaryimage\"},\"thumbnailUrl\":\"https:\/\/blogger.googleusercontent.com\/tracker\/9055441369901436026-6330904556262393791?l=akebonnier.blogspot.com\",\"datePublished\":\"2011-03-28T22:05:00+00:00\",\"author\":{\"@id\":\"https:\/\/blogg.svenskakyrkan.se\/akebonnier\/#\/schema\/person\/8db68bc0c94f6a5a62df2d4486ff1343\"},\"breadcrumb\":{\"@id\":\"https:\/\/blogg.svenskakyrkan.se\/akebonnier\/2011\/03\/28\/infor-gud-och-i-denna-forsamlings-narvaro\/#breadcrumb\"},\"inLanguage\":\"sv-SE\",\"potentialAction\":[{\"@type\":\"ReadAction\",\"target\":[\"https:\/\/blogg.svenskakyrkan.se\/akebonnier\/2011\/03\/28\/infor-gud-och-i-denna-forsamlings-narvaro\/\"]}]},{\"@type\":\"ImageObject\",\"inLanguage\":\"sv-SE\",\"@id\":\"https:\/\/blogg.svenskakyrkan.se\/akebonnier\/2011\/03\/28\/infor-gud-och-i-denna-forsamlings-narvaro\/#primaryimage\",\"url\":\"https:\/\/blogger.googleusercontent.com\/tracker\/9055441369901436026-6330904556262393791?l=akebonnier.blogspot.com\",\"contentUrl\":\"https:\/\/blogger.googleusercontent.com\/tracker\/9055441369901436026-6330904556262393791?l=akebonnier.blogspot.com\"},{\"@type\":\"BreadcrumbList\",\"@id\":\"https:\/\/blogg.svenskakyrkan.se\/akebonnier\/2011\/03\/28\/infor-gud-och-i-denna-forsamlings-narvaro\/#breadcrumb\",\"itemListElement\":[{\"@type\":\"ListItem\",\"position\":1,\"name\":\"Hem\",\"item\":\"https:\/\/blogg.svenskakyrkan.se\/akebonnier\/\"},{\"@type\":\"ListItem\",\"position\":2,\"name\":\"Inf\u00f6r Gud och i denna f\u00f6rsamlings n\u00e4rvaro&#8230;\"}]},{\"@type\":\"WebSite\",\"@id\":\"https:\/\/blogg.svenskakyrkan.se\/akebonnier\/#website\",\"url\":\"https:\/\/blogg.svenskakyrkan.se\/akebonnier\/\",\"name\":\"\u00c5ke Bonnier\",\"description\":\"Biskop i Svenska kyrkan - Skara stift\",\"potentialAction\":[{\"@type\":\"SearchAction\",\"target\":{\"@type\":\"EntryPoint\",\"urlTemplate\":\"https:\/\/blogg.svenskakyrkan.se\/akebonnier\/?s={search_term_string}\"},\"query-input\":{\"@type\":\"PropertyValueSpecification\",\"valueRequired\":true,\"valueName\":\"search_term_string\"}}],\"inLanguage\":\"sv-SE\"},{\"@type\":\"Person\",\"@id\":\"https:\/\/blogg.svenskakyrkan.se\/akebonnier\/#\/schema\/person\/8db68bc0c94f6a5a62df2d4486ff1343\",\"name\":\"\u00c5ke Bonnier\",\"image\":{\"@type\":\"ImageObject\",\"inLanguage\":\"sv-SE\",\"@id\":\"https:\/\/blogg.svenskakyrkan.se\/akebonnier\/#\/schema\/person\/image\/\",\"url\":\"https:\/\/secure.gravatar.com\/avatar\/b88264736bb0bc0d1ea92298aef02c9f98cfc13c7484130c42c663ae484f9462?s=96&d=mm&r=g\",\"contentUrl\":\"https:\/\/secure.gravatar.com\/avatar\/b88264736bb0bc0d1ea92298aef02c9f98cfc13c7484130c42c663ae484f9462?s=96&d=mm&r=g\",\"caption\":\"\u00c5ke Bonnier\"},\"description\":\"Jag \u00e4r gift och har tv\u00e5 vuxna d\u00f6ttrar. Pr\u00e4stvigdes 1984 och biskopsvigs 26 augusti 2012 . Jag har tidigare bland annat varit, komminister och kyrkoherde i Liding\u00f6 f\u00f6rsamling och domprost i Stockholms domkyrkof\u00f6rsamling. Jag \u00e4r intresserad av konst, litteratur, teater, film. Jag tr\u00e4nar regelbundet p\u00e5 gym. Mitt huvudsakliga musikintresse \u00e4r klassisk musik men ocks\u00e5 Beatles, Elvis Presley, Monika Zettelund, Povel Ramel och m\u00e5nga andra tycker jag om att lyssna p\u00e5. Jag l\u00e4ser f\u00f6r lite sk\u00f6nlitteratur beroende p\u00e5 annat som jag m\u00e5ste l\u00e4sa i mitt uppdrag som biskop. Men jag \u00e4lskar b\u00f6cker. Naturligtvis l\u00e4ser jag n\u00e4st intill dagligdags i \\\"B\u00f6ckernas Bok.\\\"\",\"sameAs\":[\"http:\/\/www.skarastift.se\"],\"url\":\"https:\/\/blogg.svenskakyrkan.se\/akebonnier\/author\/akebonnier\/\"}]}<\/script>\n<!-- \/ Yoast SEO plugin. -->","yoast_head_json":{"title":"Inf\u00f6r Gud och i denna f\u00f6rsamlings n\u00e4rvaro... - \u00c5ke Bonnier","robots":{"index":"index","follow":"follow","max-snippet":"max-snippet:-1","max-image-preview":"max-image-preview:large","max-video-preview":"max-video-preview:-1"},"canonical":"https:\/\/blogg.svenskakyrkan.se\/akebonnier\/2011\/03\/28\/infor-gud-och-i-denna-forsamlings-narvaro\/","og_locale":"sv_SE","og_type":"article","og_title":"Inf\u00f6r Gud och i denna f\u00f6rsamlings n\u00e4rvaro... - \u00c5ke Bonnier","og_description":"F\u00f6r n\u00e5gra dagar sedan skrev f\u00f6rfattaren, kolumnisten och ateisten Lena Andersson en signerad ledare (kolumn) i Dagens Nyheter (http:\/\/www.dn.se\/ledare\/signerat\/karlek-eller-parliv ) d\u00e4r hon f\u00f6rst kritiserar sajten som f\u00f6respr\u00e5kar lite &#8221;krydda&#8221; i \u00e4ktenskapet genom en &#8221;aff\u00e4r&#8221; och d\u00e4r man via sajten kan f\u00e5 kontakter f\u00f6r s\u00e5dana upplevelser. Men ju l\u00e4ngre jag l\u00e4ser hennes kolumn, ju mer inser [&hellip;]","og_url":"https:\/\/blogg.svenskakyrkan.se\/akebonnier\/2011\/03\/28\/infor-gud-och-i-denna-forsamlings-narvaro\/","og_site_name":"\u00c5ke Bonnier","article_published_time":"2011-03-28T22:05:00+00:00","og_image":[{"url":"https:\/\/blogger.googleusercontent.com\/tracker\/9055441369901436026-6330904556262393791?l=akebonnier.blogspot.com","type":"","width":"","height":""}],"author":"\u00c5ke Bonnier","twitter_card":"summary_large_image","twitter_misc":{"Skriven av":"\u00c5ke Bonnier","Ber\u00e4knad l\u00e4stid":"5 minuter"},"schema":{"@context":"https:\/\/schema.org","@graph":[{"@type":"Article","@id":"https:\/\/blogg.svenskakyrkan.se\/akebonnier\/2011\/03\/28\/infor-gud-och-i-denna-forsamlings-narvaro\/#article","isPartOf":{"@id":"https:\/\/blogg.svenskakyrkan.se\/akebonnier\/2011\/03\/28\/infor-gud-och-i-denna-forsamlings-narvaro\/"},"author":{"name":"\u00c5ke Bonnier","@id":"https:\/\/blogg.svenskakyrkan.se\/akebonnier\/#\/schema\/person\/8db68bc0c94f6a5a62df2d4486ff1343"},"headline":"Inf\u00f6r Gud och i denna f\u00f6rsamlings n\u00e4rvaro&#8230;","datePublished":"2011-03-28T22:05:00+00:00","mainEntityOfPage":{"@id":"https:\/\/blogg.svenskakyrkan.se\/akebonnier\/2011\/03\/28\/infor-gud-och-i-denna-forsamlings-narvaro\/"},"wordCount":1027,"commentCount":24,"image":{"@id":"https:\/\/blogg.svenskakyrkan.se\/akebonnier\/2011\/03\/28\/infor-gud-och-i-denna-forsamlings-narvaro\/#primaryimage"},"thumbnailUrl":"https:\/\/blogger.googleusercontent.com\/tracker\/9055441369901436026-6330904556262393791?l=akebonnier.blogspot.com","articleSection":["Inf\u00f6r Gud och i denna f\u00f6rsamlings n\u00e4rvaro"],"inLanguage":"sv-SE","potentialAction":[{"@type":"CommentAction","name":"Comment","target":["https:\/\/blogg.svenskakyrkan.se\/akebonnier\/2011\/03\/28\/infor-gud-och-i-denna-forsamlings-narvaro\/#respond"]}]},{"@type":"WebPage","@id":"https:\/\/blogg.svenskakyrkan.se\/akebonnier\/2011\/03\/28\/infor-gud-och-i-denna-forsamlings-narvaro\/","url":"https:\/\/blogg.svenskakyrkan.se\/akebonnier\/2011\/03\/28\/infor-gud-och-i-denna-forsamlings-narvaro\/","name":"Inf\u00f6r Gud och i denna f\u00f6rsamlings n\u00e4rvaro... - \u00c5ke Bonnier","isPartOf":{"@id":"https:\/\/blogg.svenskakyrkan.se\/akebonnier\/#website"},"primaryImageOfPage":{"@id":"https:\/\/blogg.svenskakyrkan.se\/akebonnier\/2011\/03\/28\/infor-gud-och-i-denna-forsamlings-narvaro\/#primaryimage"},"image":{"@id":"https:\/\/blogg.svenskakyrkan.se\/akebonnier\/2011\/03\/28\/infor-gud-och-i-denna-forsamlings-narvaro\/#primaryimage"},"thumbnailUrl":"https:\/\/blogger.googleusercontent.com\/tracker\/9055441369901436026-6330904556262393791?l=akebonnier.blogspot.com","datePublished":"2011-03-28T22:05:00+00:00","author":{"@id":"https:\/\/blogg.svenskakyrkan.se\/akebonnier\/#\/schema\/person\/8db68bc0c94f6a5a62df2d4486ff1343"},"breadcrumb":{"@id":"https:\/\/blogg.svenskakyrkan.se\/akebonnier\/2011\/03\/28\/infor-gud-och-i-denna-forsamlings-narvaro\/#breadcrumb"},"inLanguage":"sv-SE","potentialAction":[{"@type":"ReadAction","target":["https:\/\/blogg.svenskakyrkan.se\/akebonnier\/2011\/03\/28\/infor-gud-och-i-denna-forsamlings-narvaro\/"]}]},{"@type":"ImageObject","inLanguage":"sv-SE","@id":"https:\/\/blogg.svenskakyrkan.se\/akebonnier\/2011\/03\/28\/infor-gud-och-i-denna-forsamlings-narvaro\/#primaryimage","url":"https:\/\/blogger.googleusercontent.com\/tracker\/9055441369901436026-6330904556262393791?l=akebonnier.blogspot.com","contentUrl":"https:\/\/blogger.googleusercontent.com\/tracker\/9055441369901436026-6330904556262393791?l=akebonnier.blogspot.com"},{"@type":"BreadcrumbList","@id":"https:\/\/blogg.svenskakyrkan.se\/akebonnier\/2011\/03\/28\/infor-gud-och-i-denna-forsamlings-narvaro\/#breadcrumb","itemListElement":[{"@type":"ListItem","position":1,"name":"Hem","item":"https:\/\/blogg.svenskakyrkan.se\/akebonnier\/"},{"@type":"ListItem","position":2,"name":"Inf\u00f6r Gud och i denna f\u00f6rsamlings n\u00e4rvaro&#8230;"}]},{"@type":"WebSite","@id":"https:\/\/blogg.svenskakyrkan.se\/akebonnier\/#website","url":"https:\/\/blogg.svenskakyrkan.se\/akebonnier\/","name":"\u00c5ke Bonnier","description":"Biskop i Svenska kyrkan - Skara stift","potentialAction":[{"@type":"SearchAction","target":{"@type":"EntryPoint","urlTemplate":"https:\/\/blogg.svenskakyrkan.se\/akebonnier\/?s={search_term_string}"},"query-input":{"@type":"PropertyValueSpecification","valueRequired":true,"valueName":"search_term_string"}}],"inLanguage":"sv-SE"},{"@type":"Person","@id":"https:\/\/blogg.svenskakyrkan.se\/akebonnier\/#\/schema\/person\/8db68bc0c94f6a5a62df2d4486ff1343","name":"\u00c5ke Bonnier","image":{"@type":"ImageObject","inLanguage":"sv-SE","@id":"https:\/\/blogg.svenskakyrkan.se\/akebonnier\/#\/schema\/person\/image\/","url":"https:\/\/secure.gravatar.com\/avatar\/b88264736bb0bc0d1ea92298aef02c9f98cfc13c7484130c42c663ae484f9462?s=96&d=mm&r=g","contentUrl":"https:\/\/secure.gravatar.com\/avatar\/b88264736bb0bc0d1ea92298aef02c9f98cfc13c7484130c42c663ae484f9462?s=96&d=mm&r=g","caption":"\u00c5ke Bonnier"},"description":"Jag \u00e4r gift och har tv\u00e5 vuxna d\u00f6ttrar. Pr\u00e4stvigdes 1984 och biskopsvigs 26 augusti 2012 . Jag har tidigare bland annat varit, komminister och kyrkoherde i Liding\u00f6 f\u00f6rsamling och domprost i Stockholms domkyrkof\u00f6rsamling. Jag \u00e4r intresserad av konst, litteratur, teater, film. Jag tr\u00e4nar regelbundet p\u00e5 gym. Mitt huvudsakliga musikintresse \u00e4r klassisk musik men ocks\u00e5 Beatles, Elvis Presley, Monika Zettelund, Povel Ramel och m\u00e5nga andra tycker jag om att lyssna p\u00e5. Jag l\u00e4ser f\u00f6r lite sk\u00f6nlitteratur beroende p\u00e5 annat som jag m\u00e5ste l\u00e4sa i mitt uppdrag som biskop. Men jag \u00e4lskar b\u00f6cker. Naturligtvis l\u00e4ser jag n\u00e4st intill dagligdags i \"B\u00f6ckernas Bok.\"","sameAs":["http:\/\/www.skarastift.se"],"url":"https:\/\/blogg.svenskakyrkan.se\/akebonnier\/author\/akebonnier\/"}]}},"author_meta":{"ID":"108","user_nicename":"akebonnier","user_url":"http:\/\/www.skarastift.se","user_registered":"2011-10-11 09:24:48","display_name":"\u00c5ke Bonnier","first_name":"\u00c5ke","last_name":"Bonnier","avatar":"https:\/\/secure.gravatar.com\/avatar\/b88264736bb0bc0d1ea92298aef02c9f98cfc13c7484130c42c663ae484f9462?s=96&d=mm&r=g"},"featured_image":false,"bloginfo":{"name":"\u00c5ke Bonnier","url":"https:\/\/blogg.svenskakyrkan.se\/akebonnier"},"_links":{"self":[{"href":"https:\/\/blogg.svenskakyrkan.se\/akebonnier\/wp-json\/wp\/v2\/posts\/515","targetHints":{"allow":["GET"]}}],"collection":[{"href":"https:\/\/blogg.svenskakyrkan.se\/akebonnier\/wp-json\/wp\/v2\/posts"}],"about":[{"href":"https:\/\/blogg.svenskakyrkan.se\/akebonnier\/wp-json\/wp\/v2\/types\/post"}],"author":[{"embeddable":true,"href":"https:\/\/blogg.svenskakyrkan.se\/akebonnier\/wp-json\/wp\/v2\/users\/108"}],"replies":[{"embeddable":true,"href":"https:\/\/blogg.svenskakyrkan.se\/akebonnier\/wp-json\/wp\/v2\/comments?post=515"}],"version-history":[{"count":0,"href":"https:\/\/blogg.svenskakyrkan.se\/akebonnier\/wp-json\/wp\/v2\/posts\/515\/revisions"}],"wp:attachment":[{"href":"https:\/\/blogg.svenskakyrkan.se\/akebonnier\/wp-json\/wp\/v2\/media?parent=515"}],"wp:term":[{"taxonomy":"category","embeddable":true,"href":"https:\/\/blogg.svenskakyrkan.se\/akebonnier\/wp-json\/wp\/v2\/categories?post=515"},{"taxonomy":"post_tag","embeddable":true,"href":"https:\/\/blogg.svenskakyrkan.se\/akebonnier\/wp-json\/wp\/v2\/tags?post=515"}],"curies":[{"name":"wp","href":"https:\/\/api.w.org\/{rel}","templated":true}]}}