{"id":516,"date":"2011-04-03T17:38:00","date_gmt":"2011-04-03T17:38:00","guid":{"rendered":"http:\/\/blogg.svenskakyrkan.se\/akebonnier\/2011\/04\/03\/att-dopa-eller-inte-dopa-det-ar-fragan-eller\/"},"modified":"2011-04-03T17:38:00","modified_gmt":"2011-04-03T17:38:00","slug":"att-dopa-eller-inte-dopa-det-ar-fragan-eller","status":"publish","type":"post","link":"https:\/\/blogg.svenskakyrkan.se\/akebonnier\/2011\/04\/03\/att-dopa-eller-inte-dopa-det-ar-fragan-eller\/","title":{"rendered":"Att d\u00f6pa eller inte d\u00f6pa &#8211; det \u00e4r fr\u00e5gan&#8230;eller?"},"content":{"rendered":"<p>Snart kommer biskoparnas nya biskopsbrev. Det ska handla om dopet utifr\u00e5n olika perspektiv. Min egen biskop h\u00e4vdar att det m\u00e5ste bli l\u00e4ttare att bli d\u00f6pt, och det ligger mycket i det. Dopet \u00e4r ett av kyrkans sakrament &#8211; ett sakrament som vi dessutom delar med s\u00e5 m\u00e5nga andra kyrkor. Barnet, den unga, den vuxne\/vuxna tas upp i den v\u00e4rldsvida kristna kyrkan och ocks\u00e5, d\u00e5 dopet sker inom Svenska kyrkan, i den f\u00f6rsamling d\u00e4r dopkandidaten \u00e4r folkbokf\u00f6rd. Dopet \u00e4r ett k\u00e4rlekstecken fr\u00e5n Gud. Vi \u00e4r gr\u00e4nsl\u00f6st \u00e4lskade och dopet \u00e4r ett tecken p\u00e5 denna k\u00e4rlek. Gr\u00e4nsl\u00f6st, var ordet. Men tydligen finns det hinder i v\u00e4gen f\u00f6r att bli d\u00f6pt. Asyls\u00f6kande tycks ha diskvalificerat sig. H\u00e4r g\u00e4ller det att ha r\u00e4tt siffror och r\u00e4tt tillh\u00f6righet innan dop kan vara aktuellt. Vid en f\u00f6rsta eftertanke kan det l\u00e5ta rimligt. Om dopkandidaten tror att det kan vara en hj\u00e4lp att var d\u00f6pt, sett ur svensk lagstiftning, \u00e4r det nog inte korrekt. Dopet \u00e4r ingen garanti f\u00f6r att den s\u00f6kande ska f\u00e5 r\u00e4tt till asyl i Sverige. Det m\u00e5ste dopkandidaten informeras om innan, och s\u00e4kerligen g\u00f6rs det i de flesta fallen. Likas\u00e5 kan det vara farligt att vara d\u00f6pt och kristen i vissa l\u00e4nder, ja livsfarligt att ha konverterat till kristendomen. Detta m\u00e5ste pr\u00e4sten samtala med dopkandidaten om innan dop kan \u00e4ga rum. Pastoral klokhet g\u00e4ller h\u00e4r, och pr\u00e4sten har ansvar f\u00f6r det. Stiftsadjunkt Helene Egnell s\u00e4ger: <em>Man d\u00f6ps in i en kristen gemenskap och har ansvar f\u00f6r att bli en del av en f\u00f6rsamling. Om man inte stannar i Sverige s\u00e5 tar man ju inte del av den gemenskapen.<\/em> Det k\u00e4nns konstigt. Hur g\u00f6r vi med utlandssvenskar som kommer hem till sin sommarf\u00f6rsamling och har ett barn eller en ungdom som vill bli d\u00f6pt under sommaren f\u00f6r att sedan \u00e5ka tillbaka utomlands. Endast v\u00e5r herre vet n\u00e4r de \u00e5terkommer till sin f\u00f6rsamling i &#8221;gamla Svedala&#8221;. Och hur g\u00f6r vi med nordiska medborgare som vill bli d\u00f6pta i Sverige? Isl\u00e4nningar som inte har en egen kyrka i Stockholm (mig veterligen), f\u00e5r de inte d\u00f6pas om de vill? Nej, det kan knappast vara ett sk\u00e4l. De som \u00e4r folkbokf\u00f6rda i Sverige d\u00f6ps ocks\u00e5 in i en lokal f\u00f6rsamling. De som inte \u00e4r det d\u00f6ps in i den v\u00e4rldsvida kristna kyrkan. Det f\u00f6rsta \u00e4r en m\u00e4nsklig registreringsfr\u00e5ga, det sistn\u00e4mnda \u00e4r ett Guds handlande.<\/p>\n<p>Men, som pr\u00e4ster \u00e4r vi uts\u00e4nda av Jesus Kristus sj\u00e4lv att d\u00f6pa och undervisa, att dela br\u00f6d och vin i nattvardens mysterium. Dopet \u00e4r ett av n\u00e5demedlen och det kan vi knappast undanh\u00e5llas n\u00e5gon s\u00e5 l\u00e4nge dopet inte strider mot v\u00e5r kyrkoordning. S\u00e5 n\u00e4r kyrkans tidning med braskande rubrik skriver: &#8221;Biskopar avr\u00e5der: D\u00f6p inte asyls\u00f6kande&#8221; k\u00e4nns det utmanande och konstigt. Betydligt l\u00e4ttare k\u00e4nns det n\u00e4r biskop Eva Brunne s\u00e4ger: <em>&#8221;Jag har tillit till att kulturkompetenta pr\u00e4ster i Stockholms stift f\u00f6r de samtal som beh\u00f6ver f\u00f6ras inf\u00f6r ett dop.&#8221;<\/em> Det ska bli intressant att se vad som verkligen st\u00e5r i biskopsbrevet.<\/p>\n<p>Men, f\u00f6r mig kommer det att vara sj\u00e4lvklart att d\u00f6pa den som vill bli d\u00f6pt och som inte redan \u00e4r d\u00f6pt. Det kommer att vara sj\u00e4lvklart att f\u00f6ra samtal med vederb\u00f6rande, oftast flera samtal i undervisningssyfte och med ett klart och tydligt sikte p\u00e5 dopet. <\/p>\n<p>En mer utmanande fr\u00e5ga f\u00f6r b\u00e5de biskopar, pr\u00e4ster, diakoner och lekm\u00e4n \u00e4r hur vi lever i v\u00e5rt dop, hur vi dag f\u00f6r dag g\u00e5r helgelsens v\u00e4g och f\u00f6rdjupar v\u00e5r Kristusrelation. F\u00f6r dopet \u00e4r ju inte ett m\u00e5lsn\u00f6re utan kanske snarare en startlinje f\u00f6r oss kristna. Om vi ska vara trov\u00e4rdiga i ett multikulturellt och multireligi\u00f6st samh\u00e4lle handlar det ju om att ocks\u00e5 leva det vi l\u00e4r. Snacka g\u00e5r ju, men att oms\u00e4tta dopets n\u00e5d i handling i det egna livet och att f\u00f6rdjupa Kristusrelationen i m\u00f6tet med min medm\u00e4nniska \u2013 det \u00e4r en utmaning.<\/p>\n<div class=\"blogger-post-footer\"><img width='1' height='1' src='https:\/\/blogger.googleusercontent.com\/tracker\/9055441369901436026-3660204948931159464?l=akebonnier.blogspot.com' alt='' \/><\/div>\n","protected":false},"excerpt":{"rendered":"<p>Snart kommer biskoparnas nya biskopsbrev. Det ska handla om dopet utifr\u00e5n olika perspektiv. Min egen biskop h\u00e4vdar att det m\u00e5ste bli l\u00e4ttare att bli d\u00f6pt, och det ligger mycket i det. Dopet \u00e4r ett av kyrkans sakrament &#8211; ett sakrament som vi dessutom delar med s\u00e5 m\u00e5nga andra kyrkor. Barnet, den unga, den vuxne\/vuxna tas [&hellip;]<\/p>\n","protected":false},"author":108,"featured_media":0,"comment_status":"open","ping_status":"open","sticky":false,"template":"","format":"standard","meta":{"_acf_changed":false,"footnotes":""},"categories":[16478],"tags":[],"class_list":["post-516","post","type-post","status-publish","format-standard","hentry","category-att-dopa-eller-inte-dopa-det-ar-fragan"],"acf":[],"yoast_head":"<!-- This site is optimized with the Yoast SEO plugin v27.1.1 - https:\/\/yoast.com\/product\/yoast-seo-wordpress\/ -->\n<title>Att d\u00f6pa eller inte d\u00f6pa - det \u00e4r fr\u00e5gan...eller? - \u00c5ke Bonnier<\/title>\n<meta name=\"robots\" content=\"index, follow, max-snippet:-1, max-image-preview:large, max-video-preview:-1\" \/>\n<link rel=\"canonical\" href=\"https:\/\/blogg.svenskakyrkan.se\/akebonnier\/2011\/04\/03\/att-dopa-eller-inte-dopa-det-ar-fragan-eller\/\" \/>\n<meta property=\"og:locale\" content=\"sv_SE\" \/>\n<meta property=\"og:type\" content=\"article\" \/>\n<meta property=\"og:title\" content=\"Att d\u00f6pa eller inte d\u00f6pa - det \u00e4r fr\u00e5gan...eller? - \u00c5ke Bonnier\" \/>\n<meta property=\"og:description\" content=\"Snart kommer biskoparnas nya biskopsbrev. Det ska handla om dopet utifr\u00e5n olika perspektiv. Min egen biskop h\u00e4vdar att det m\u00e5ste bli l\u00e4ttare att bli d\u00f6pt, och det ligger mycket i det. Dopet \u00e4r ett av kyrkans sakrament &#8211; ett sakrament som vi dessutom delar med s\u00e5 m\u00e5nga andra kyrkor. Barnet, den unga, den vuxne\/vuxna tas [&hellip;]\" \/>\n<meta property=\"og:url\" content=\"https:\/\/blogg.svenskakyrkan.se\/akebonnier\/2011\/04\/03\/att-dopa-eller-inte-dopa-det-ar-fragan-eller\/\" \/>\n<meta property=\"og:site_name\" content=\"\u00c5ke Bonnier\" \/>\n<meta property=\"article:published_time\" content=\"2011-04-03T17:38:00+00:00\" \/>\n<meta property=\"og:image\" content=\"https:\/\/blogger.googleusercontent.com\/tracker\/9055441369901436026-3660204948931159464?l=akebonnier.blogspot.com\" \/>\n<meta name=\"author\" content=\"\u00c5ke Bonnier\" \/>\n<meta name=\"twitter:card\" content=\"summary_large_image\" \/>\n<meta name=\"twitter:label1\" content=\"Skriven av\" \/>\n\t<meta name=\"twitter:data1\" content=\"\u00c5ke Bonnier\" \/>\n\t<meta name=\"twitter:label2\" content=\"Ber\u00e4knad l\u00e4stid\" \/>\n\t<meta name=\"twitter:data2\" content=\"4 minuter\" \/>\n<script type=\"application\/ld+json\" class=\"yoast-schema-graph\">{\"@context\":\"https:\/\/schema.org\",\"@graph\":[{\"@type\":\"Article\",\"@id\":\"https:\/\/blogg.svenskakyrkan.se\/akebonnier\/2011\/04\/03\/att-dopa-eller-inte-dopa-det-ar-fragan-eller\/#article\",\"isPartOf\":{\"@id\":\"https:\/\/blogg.svenskakyrkan.se\/akebonnier\/2011\/04\/03\/att-dopa-eller-inte-dopa-det-ar-fragan-eller\/\"},\"author\":{\"name\":\"\u00c5ke Bonnier\",\"@id\":\"https:\/\/blogg.svenskakyrkan.se\/akebonnier\/#\/schema\/person\/8db68bc0c94f6a5a62df2d4486ff1343\"},\"headline\":\"Att d\u00f6pa eller inte d\u00f6pa &#8211; det \u00e4r fr\u00e5gan&#8230;eller?\",\"datePublished\":\"2011-04-03T17:38:00+00:00\",\"mainEntityOfPage\":{\"@id\":\"https:\/\/blogg.svenskakyrkan.se\/akebonnier\/2011\/04\/03\/att-dopa-eller-inte-dopa-det-ar-fragan-eller\/\"},\"wordCount\":767,\"commentCount\":90,\"image\":{\"@id\":\"https:\/\/blogg.svenskakyrkan.se\/akebonnier\/2011\/04\/03\/att-dopa-eller-inte-dopa-det-ar-fragan-eller\/#primaryimage\"},\"thumbnailUrl\":\"https:\/\/blogger.googleusercontent.com\/tracker\/9055441369901436026-3660204948931159464?l=akebonnier.blogspot.com\",\"articleSection\":[\"Att d\u00f6pa eller inte d\u00f6pa - det \u00e4r fr\u00e5gan\"],\"inLanguage\":\"sv-SE\",\"potentialAction\":[{\"@type\":\"CommentAction\",\"name\":\"Comment\",\"target\":[\"https:\/\/blogg.svenskakyrkan.se\/akebonnier\/2011\/04\/03\/att-dopa-eller-inte-dopa-det-ar-fragan-eller\/#respond\"]}]},{\"@type\":\"WebPage\",\"@id\":\"https:\/\/blogg.svenskakyrkan.se\/akebonnier\/2011\/04\/03\/att-dopa-eller-inte-dopa-det-ar-fragan-eller\/\",\"url\":\"https:\/\/blogg.svenskakyrkan.se\/akebonnier\/2011\/04\/03\/att-dopa-eller-inte-dopa-det-ar-fragan-eller\/\",\"name\":\"Att d\u00f6pa eller inte d\u00f6pa - det \u00e4r fr\u00e5gan...eller? - \u00c5ke Bonnier\",\"isPartOf\":{\"@id\":\"https:\/\/blogg.svenskakyrkan.se\/akebonnier\/#website\"},\"primaryImageOfPage\":{\"@id\":\"https:\/\/blogg.svenskakyrkan.se\/akebonnier\/2011\/04\/03\/att-dopa-eller-inte-dopa-det-ar-fragan-eller\/#primaryimage\"},\"image\":{\"@id\":\"https:\/\/blogg.svenskakyrkan.se\/akebonnier\/2011\/04\/03\/att-dopa-eller-inte-dopa-det-ar-fragan-eller\/#primaryimage\"},\"thumbnailUrl\":\"https:\/\/blogger.googleusercontent.com\/tracker\/9055441369901436026-3660204948931159464?l=akebonnier.blogspot.com\",\"datePublished\":\"2011-04-03T17:38:00+00:00\",\"author\":{\"@id\":\"https:\/\/blogg.svenskakyrkan.se\/akebonnier\/#\/schema\/person\/8db68bc0c94f6a5a62df2d4486ff1343\"},\"breadcrumb\":{\"@id\":\"https:\/\/blogg.svenskakyrkan.se\/akebonnier\/2011\/04\/03\/att-dopa-eller-inte-dopa-det-ar-fragan-eller\/#breadcrumb\"},\"inLanguage\":\"sv-SE\",\"potentialAction\":[{\"@type\":\"ReadAction\",\"target\":[\"https:\/\/blogg.svenskakyrkan.se\/akebonnier\/2011\/04\/03\/att-dopa-eller-inte-dopa-det-ar-fragan-eller\/\"]}]},{\"@type\":\"ImageObject\",\"inLanguage\":\"sv-SE\",\"@id\":\"https:\/\/blogg.svenskakyrkan.se\/akebonnier\/2011\/04\/03\/att-dopa-eller-inte-dopa-det-ar-fragan-eller\/#primaryimage\",\"url\":\"https:\/\/blogger.googleusercontent.com\/tracker\/9055441369901436026-3660204948931159464?l=akebonnier.blogspot.com\",\"contentUrl\":\"https:\/\/blogger.googleusercontent.com\/tracker\/9055441369901436026-3660204948931159464?l=akebonnier.blogspot.com\"},{\"@type\":\"BreadcrumbList\",\"@id\":\"https:\/\/blogg.svenskakyrkan.se\/akebonnier\/2011\/04\/03\/att-dopa-eller-inte-dopa-det-ar-fragan-eller\/#breadcrumb\",\"itemListElement\":[{\"@type\":\"ListItem\",\"position\":1,\"name\":\"Hem\",\"item\":\"https:\/\/blogg.svenskakyrkan.se\/akebonnier\/\"},{\"@type\":\"ListItem\",\"position\":2,\"name\":\"Att d\u00f6pa eller inte d\u00f6pa &#8211; det \u00e4r fr\u00e5gan&#8230;eller?\"}]},{\"@type\":\"WebSite\",\"@id\":\"https:\/\/blogg.svenskakyrkan.se\/akebonnier\/#website\",\"url\":\"https:\/\/blogg.svenskakyrkan.se\/akebonnier\/\",\"name\":\"\u00c5ke Bonnier\",\"description\":\"Biskop i Svenska kyrkan - Skara stift\",\"potentialAction\":[{\"@type\":\"SearchAction\",\"target\":{\"@type\":\"EntryPoint\",\"urlTemplate\":\"https:\/\/blogg.svenskakyrkan.se\/akebonnier\/?s={search_term_string}\"},\"query-input\":{\"@type\":\"PropertyValueSpecification\",\"valueRequired\":true,\"valueName\":\"search_term_string\"}}],\"inLanguage\":\"sv-SE\"},{\"@type\":\"Person\",\"@id\":\"https:\/\/blogg.svenskakyrkan.se\/akebonnier\/#\/schema\/person\/8db68bc0c94f6a5a62df2d4486ff1343\",\"name\":\"\u00c5ke Bonnier\",\"image\":{\"@type\":\"ImageObject\",\"inLanguage\":\"sv-SE\",\"@id\":\"https:\/\/blogg.svenskakyrkan.se\/akebonnier\/#\/schema\/person\/image\/\",\"url\":\"https:\/\/secure.gravatar.com\/avatar\/b88264736bb0bc0d1ea92298aef02c9f98cfc13c7484130c42c663ae484f9462?s=96&d=mm&r=g\",\"contentUrl\":\"https:\/\/secure.gravatar.com\/avatar\/b88264736bb0bc0d1ea92298aef02c9f98cfc13c7484130c42c663ae484f9462?s=96&d=mm&r=g\",\"caption\":\"\u00c5ke Bonnier\"},\"description\":\"Jag \u00e4r gift och har tv\u00e5 vuxna d\u00f6ttrar. Pr\u00e4stvigdes 1984 och biskopsvigs 26 augusti 2012 . Jag har tidigare bland annat varit, komminister och kyrkoherde i Liding\u00f6 f\u00f6rsamling och domprost i Stockholms domkyrkof\u00f6rsamling. Jag \u00e4r intresserad av konst, litteratur, teater, film. Jag tr\u00e4nar regelbundet p\u00e5 gym. Mitt huvudsakliga musikintresse \u00e4r klassisk musik men ocks\u00e5 Beatles, Elvis Presley, Monika Zettelund, Povel Ramel och m\u00e5nga andra tycker jag om att lyssna p\u00e5. Jag l\u00e4ser f\u00f6r lite sk\u00f6nlitteratur beroende p\u00e5 annat som jag m\u00e5ste l\u00e4sa i mitt uppdrag som biskop. Men jag \u00e4lskar b\u00f6cker. Naturligtvis l\u00e4ser jag n\u00e4st intill dagligdags i \\\"B\u00f6ckernas Bok.\\\"\",\"sameAs\":[\"http:\/\/www.skarastift.se\"],\"url\":\"https:\/\/blogg.svenskakyrkan.se\/akebonnier\/author\/akebonnier\/\"}]}<\/script>\n<!-- \/ Yoast SEO plugin. -->","yoast_head_json":{"title":"Att d\u00f6pa eller inte d\u00f6pa - det \u00e4r fr\u00e5gan...eller? - \u00c5ke Bonnier","robots":{"index":"index","follow":"follow","max-snippet":"max-snippet:-1","max-image-preview":"max-image-preview:large","max-video-preview":"max-video-preview:-1"},"canonical":"https:\/\/blogg.svenskakyrkan.se\/akebonnier\/2011\/04\/03\/att-dopa-eller-inte-dopa-det-ar-fragan-eller\/","og_locale":"sv_SE","og_type":"article","og_title":"Att d\u00f6pa eller inte d\u00f6pa - det \u00e4r fr\u00e5gan...eller? - \u00c5ke Bonnier","og_description":"Snart kommer biskoparnas nya biskopsbrev. Det ska handla om dopet utifr\u00e5n olika perspektiv. Min egen biskop h\u00e4vdar att det m\u00e5ste bli l\u00e4ttare att bli d\u00f6pt, och det ligger mycket i det. Dopet \u00e4r ett av kyrkans sakrament &#8211; ett sakrament som vi dessutom delar med s\u00e5 m\u00e5nga andra kyrkor. Barnet, den unga, den vuxne\/vuxna tas [&hellip;]","og_url":"https:\/\/blogg.svenskakyrkan.se\/akebonnier\/2011\/04\/03\/att-dopa-eller-inte-dopa-det-ar-fragan-eller\/","og_site_name":"\u00c5ke Bonnier","article_published_time":"2011-04-03T17:38:00+00:00","og_image":[{"url":"https:\/\/blogger.googleusercontent.com\/tracker\/9055441369901436026-3660204948931159464?l=akebonnier.blogspot.com","type":"","width":"","height":""}],"author":"\u00c5ke Bonnier","twitter_card":"summary_large_image","twitter_misc":{"Skriven av":"\u00c5ke Bonnier","Ber\u00e4knad l\u00e4stid":"4 minuter"},"schema":{"@context":"https:\/\/schema.org","@graph":[{"@type":"Article","@id":"https:\/\/blogg.svenskakyrkan.se\/akebonnier\/2011\/04\/03\/att-dopa-eller-inte-dopa-det-ar-fragan-eller\/#article","isPartOf":{"@id":"https:\/\/blogg.svenskakyrkan.se\/akebonnier\/2011\/04\/03\/att-dopa-eller-inte-dopa-det-ar-fragan-eller\/"},"author":{"name":"\u00c5ke Bonnier","@id":"https:\/\/blogg.svenskakyrkan.se\/akebonnier\/#\/schema\/person\/8db68bc0c94f6a5a62df2d4486ff1343"},"headline":"Att d\u00f6pa eller inte d\u00f6pa &#8211; det \u00e4r fr\u00e5gan&#8230;eller?","datePublished":"2011-04-03T17:38:00+00:00","mainEntityOfPage":{"@id":"https:\/\/blogg.svenskakyrkan.se\/akebonnier\/2011\/04\/03\/att-dopa-eller-inte-dopa-det-ar-fragan-eller\/"},"wordCount":767,"commentCount":90,"image":{"@id":"https:\/\/blogg.svenskakyrkan.se\/akebonnier\/2011\/04\/03\/att-dopa-eller-inte-dopa-det-ar-fragan-eller\/#primaryimage"},"thumbnailUrl":"https:\/\/blogger.googleusercontent.com\/tracker\/9055441369901436026-3660204948931159464?l=akebonnier.blogspot.com","articleSection":["Att d\u00f6pa eller inte d\u00f6pa - det \u00e4r fr\u00e5gan"],"inLanguage":"sv-SE","potentialAction":[{"@type":"CommentAction","name":"Comment","target":["https:\/\/blogg.svenskakyrkan.se\/akebonnier\/2011\/04\/03\/att-dopa-eller-inte-dopa-det-ar-fragan-eller\/#respond"]}]},{"@type":"WebPage","@id":"https:\/\/blogg.svenskakyrkan.se\/akebonnier\/2011\/04\/03\/att-dopa-eller-inte-dopa-det-ar-fragan-eller\/","url":"https:\/\/blogg.svenskakyrkan.se\/akebonnier\/2011\/04\/03\/att-dopa-eller-inte-dopa-det-ar-fragan-eller\/","name":"Att d\u00f6pa eller inte d\u00f6pa - det \u00e4r fr\u00e5gan...eller? - \u00c5ke Bonnier","isPartOf":{"@id":"https:\/\/blogg.svenskakyrkan.se\/akebonnier\/#website"},"primaryImageOfPage":{"@id":"https:\/\/blogg.svenskakyrkan.se\/akebonnier\/2011\/04\/03\/att-dopa-eller-inte-dopa-det-ar-fragan-eller\/#primaryimage"},"image":{"@id":"https:\/\/blogg.svenskakyrkan.se\/akebonnier\/2011\/04\/03\/att-dopa-eller-inte-dopa-det-ar-fragan-eller\/#primaryimage"},"thumbnailUrl":"https:\/\/blogger.googleusercontent.com\/tracker\/9055441369901436026-3660204948931159464?l=akebonnier.blogspot.com","datePublished":"2011-04-03T17:38:00+00:00","author":{"@id":"https:\/\/blogg.svenskakyrkan.se\/akebonnier\/#\/schema\/person\/8db68bc0c94f6a5a62df2d4486ff1343"},"breadcrumb":{"@id":"https:\/\/blogg.svenskakyrkan.se\/akebonnier\/2011\/04\/03\/att-dopa-eller-inte-dopa-det-ar-fragan-eller\/#breadcrumb"},"inLanguage":"sv-SE","potentialAction":[{"@type":"ReadAction","target":["https:\/\/blogg.svenskakyrkan.se\/akebonnier\/2011\/04\/03\/att-dopa-eller-inte-dopa-det-ar-fragan-eller\/"]}]},{"@type":"ImageObject","inLanguage":"sv-SE","@id":"https:\/\/blogg.svenskakyrkan.se\/akebonnier\/2011\/04\/03\/att-dopa-eller-inte-dopa-det-ar-fragan-eller\/#primaryimage","url":"https:\/\/blogger.googleusercontent.com\/tracker\/9055441369901436026-3660204948931159464?l=akebonnier.blogspot.com","contentUrl":"https:\/\/blogger.googleusercontent.com\/tracker\/9055441369901436026-3660204948931159464?l=akebonnier.blogspot.com"},{"@type":"BreadcrumbList","@id":"https:\/\/blogg.svenskakyrkan.se\/akebonnier\/2011\/04\/03\/att-dopa-eller-inte-dopa-det-ar-fragan-eller\/#breadcrumb","itemListElement":[{"@type":"ListItem","position":1,"name":"Hem","item":"https:\/\/blogg.svenskakyrkan.se\/akebonnier\/"},{"@type":"ListItem","position":2,"name":"Att d\u00f6pa eller inte d\u00f6pa &#8211; det \u00e4r fr\u00e5gan&#8230;eller?"}]},{"@type":"WebSite","@id":"https:\/\/blogg.svenskakyrkan.se\/akebonnier\/#website","url":"https:\/\/blogg.svenskakyrkan.se\/akebonnier\/","name":"\u00c5ke Bonnier","description":"Biskop i Svenska kyrkan - Skara stift","potentialAction":[{"@type":"SearchAction","target":{"@type":"EntryPoint","urlTemplate":"https:\/\/blogg.svenskakyrkan.se\/akebonnier\/?s={search_term_string}"},"query-input":{"@type":"PropertyValueSpecification","valueRequired":true,"valueName":"search_term_string"}}],"inLanguage":"sv-SE"},{"@type":"Person","@id":"https:\/\/blogg.svenskakyrkan.se\/akebonnier\/#\/schema\/person\/8db68bc0c94f6a5a62df2d4486ff1343","name":"\u00c5ke Bonnier","image":{"@type":"ImageObject","inLanguage":"sv-SE","@id":"https:\/\/blogg.svenskakyrkan.se\/akebonnier\/#\/schema\/person\/image\/","url":"https:\/\/secure.gravatar.com\/avatar\/b88264736bb0bc0d1ea92298aef02c9f98cfc13c7484130c42c663ae484f9462?s=96&d=mm&r=g","contentUrl":"https:\/\/secure.gravatar.com\/avatar\/b88264736bb0bc0d1ea92298aef02c9f98cfc13c7484130c42c663ae484f9462?s=96&d=mm&r=g","caption":"\u00c5ke Bonnier"},"description":"Jag \u00e4r gift och har tv\u00e5 vuxna d\u00f6ttrar. Pr\u00e4stvigdes 1984 och biskopsvigs 26 augusti 2012 . Jag har tidigare bland annat varit, komminister och kyrkoherde i Liding\u00f6 f\u00f6rsamling och domprost i Stockholms domkyrkof\u00f6rsamling. Jag \u00e4r intresserad av konst, litteratur, teater, film. Jag tr\u00e4nar regelbundet p\u00e5 gym. Mitt huvudsakliga musikintresse \u00e4r klassisk musik men ocks\u00e5 Beatles, Elvis Presley, Monika Zettelund, Povel Ramel och m\u00e5nga andra tycker jag om att lyssna p\u00e5. Jag l\u00e4ser f\u00f6r lite sk\u00f6nlitteratur beroende p\u00e5 annat som jag m\u00e5ste l\u00e4sa i mitt uppdrag som biskop. Men jag \u00e4lskar b\u00f6cker. Naturligtvis l\u00e4ser jag n\u00e4st intill dagligdags i \"B\u00f6ckernas Bok.\"","sameAs":["http:\/\/www.skarastift.se"],"url":"https:\/\/blogg.svenskakyrkan.se\/akebonnier\/author\/akebonnier\/"}]}},"author_meta":{"ID":"108","user_nicename":"akebonnier","user_url":"http:\/\/www.skarastift.se","user_registered":"2011-10-11 09:24:48","display_name":"\u00c5ke Bonnier","first_name":"\u00c5ke","last_name":"Bonnier","avatar":"https:\/\/secure.gravatar.com\/avatar\/b88264736bb0bc0d1ea92298aef02c9f98cfc13c7484130c42c663ae484f9462?s=96&d=mm&r=g"},"featured_image":false,"bloginfo":{"name":"\u00c5ke Bonnier","url":"https:\/\/blogg.svenskakyrkan.se\/akebonnier"},"_links":{"self":[{"href":"https:\/\/blogg.svenskakyrkan.se\/akebonnier\/wp-json\/wp\/v2\/posts\/516","targetHints":{"allow":["GET"]}}],"collection":[{"href":"https:\/\/blogg.svenskakyrkan.se\/akebonnier\/wp-json\/wp\/v2\/posts"}],"about":[{"href":"https:\/\/blogg.svenskakyrkan.se\/akebonnier\/wp-json\/wp\/v2\/types\/post"}],"author":[{"embeddable":true,"href":"https:\/\/blogg.svenskakyrkan.se\/akebonnier\/wp-json\/wp\/v2\/users\/108"}],"replies":[{"embeddable":true,"href":"https:\/\/blogg.svenskakyrkan.se\/akebonnier\/wp-json\/wp\/v2\/comments?post=516"}],"version-history":[{"count":0,"href":"https:\/\/blogg.svenskakyrkan.se\/akebonnier\/wp-json\/wp\/v2\/posts\/516\/revisions"}],"wp:attachment":[{"href":"https:\/\/blogg.svenskakyrkan.se\/akebonnier\/wp-json\/wp\/v2\/media?parent=516"}],"wp:term":[{"taxonomy":"category","embeddable":true,"href":"https:\/\/blogg.svenskakyrkan.se\/akebonnier\/wp-json\/wp\/v2\/categories?post=516"},{"taxonomy":"post_tag","embeddable":true,"href":"https:\/\/blogg.svenskakyrkan.se\/akebonnier\/wp-json\/wp\/v2\/tags?post=516"}],"curies":[{"name":"wp","href":"https:\/\/api.w.org\/{rel}","templated":true}]}}