{"id":517,"date":"2011-04-09T15:50:00","date_gmt":"2011-04-09T15:50:00","guid":{"rendered":"http:\/\/blogg.svenskakyrkan.se\/akebonnier\/2011\/04\/09\/regnbagsfolket\/"},"modified":"2011-04-09T15:50:00","modified_gmt":"2011-04-09T15:50:00","slug":"regnbagsfolket","status":"publish","type":"post","link":"https:\/\/blogg.svenskakyrkan.se\/akebonnier\/2011\/04\/09\/regnbagsfolket\/","title":{"rendered":"Regnb\u00e5gsfolket"},"content":{"rendered":"<p>I g\u00e5r var det den romska nationaldagen. Romerna \u00e4r en del av det m\u00e5ngkulturella Sverige och deras spr\u00e5k romani chib \u00e4r sedan 2009 en del av de officiella spr\u00e5ken i Sverige. Jag gl\u00e4ds \u00f6ver de m\u00e5nga kulturerna i v\u00e5rt land och menar att vi b\u00e5de har r\u00e5d med och berikas av det m\u00e5ngkulturella. Jag sk\u00e4ms \u00f6ver att m\u00e5nga (och jag ocks\u00e5 ibland p gr av okunnighet) l\u00e4tt uttrycker f\u00f6rutfattade meningar om dem som inte har min etniska bakgrund. Romerna f\u00e5r m\u00f6ta m\u00e5nga nedv\u00e4rderande h\u00e5llningar. Jag h\u00f6rde en g\u00e5ng hur en romsk familj skulle best\u00e4lla plats p\u00e5 en camping. De var s\u00e5 v\u00e4lkomna, men n\u00e4r de kom dit visade det sig att campingplatsen var &#8221;fullbokad&#8221; och de var inte v\u00e4lkomna. Visst, det finns romer som stj\u00e4l i butiker, men det finns pension\u00e4rer och ungdomar (och s\u00e4kert s\u00e5dana i min egen \u00e5lder) som inte \u00e4r romer som ocks\u00e5 stj\u00e4l i butiker.<\/p>\n<div style=\"border-bottom: medium none;border-left: medium none;border-right: medium none;border-top: medium none\"><a href=\"http:\/\/4.bp.blogspot.com\/-DFI7BZ6h1xs\/TaB-OoO_XwI\/AAAAAAAAAIY\/HPUMZK5uJqs\/s1600\/Regnb%25C3%25A5ge.jpg\"><img loading=\"lazy\" decoding=\"async\" border=\"0\" height=\"200\" src=\"http:\/\/4.bp.blogspot.com\/-DFI7BZ6h1xs\/TaB-OoO_XwI\/AAAAAAAAAIY\/HPUMZK5uJqs\/s200\/Regnb%25C3%25A5ge.jpg\" width=\"160\" \/><\/a>Hur ser vi p\u00e5 varandra i Sverige? Hur ser vi p\u00e5 v\u00e5ra judiska och muslimska syskon? Hur ser vi p\u00e5 buddister, hinduer och Siker och andra med annan religion, annan kultur? Har just sett en sp\u00e4nnande program om Chassider i Sverige. <a href=\"http:\/\/svtplay.se\/t\/152223\/fran_sverige_till_himlen\">(Titta p\u00e5 programmet h\u00e4r)<\/a>. De officiella spr\u00e5ken i Sverige \u00e4r finska, me\u00e4nkieli och som sagt&nbsp;<span style=\"color: black\">romani<\/span>, men \u00e4ven samiska och jiddish. Det vittnar om en politisk vilja till m\u00e5ngfald. M\u00e5 den viljan bli \u00e4n tydligare!&nbsp;<\/div>\n<div style=\"border-bottom: medium none;border-left: medium none;border-right: medium none;border-top: medium none\"><\/div>\n<div style=\"border-bottom: medium none;border-left: medium none;border-right: medium none;border-top: medium none\">L\u00e5t oss gl\u00e4djas tillsammans med v\u00e5ra minoriteter och i nyfikenhet l\u00e4ra oss mer och kanske inspireras av v\u00e5ra nya svenskar &nbsp;i gl\u00e4dje och stolthet \u00f6ver det som \u00e4r v\u00e5r egen tradition.<\/div>\n<div style=\"border-bottom: medium none;border-left: medium none;border-right: medium none;border-top: medium none\"><\/div>\n<p>Regnb\u00e5gsflaggan kopplas oftast till HBTQ-r\u00f6relsen. Men det m\u00e5ngkulturella rymms i regnb\u00e5gens symbolik. Vi f\u00e5r vara regnb\u00e5gsfolket, det m\u00e5ngkulturella folket som f\u00e5r ta vara p\u00e5 varandras erfarenheter och kultur i svensk kontext.<\/p>\n<div class=\"blogger-post-footer\"><img width='1' height='1' src='https:\/\/blogger.googleusercontent.com\/tracker\/9055441369901436026-5315499533856929224?l=akebonnier.blogspot.com' alt='' \/><\/div>\n","protected":false},"excerpt":{"rendered":"<p>I g\u00e5r var det den romska nationaldagen. Romerna \u00e4r en del av det m\u00e5ngkulturella Sverige och deras spr\u00e5k romani chib \u00e4r sedan 2009 en del av de officiella spr\u00e5ken i Sverige. Jag gl\u00e4ds \u00f6ver de m\u00e5nga kulturerna i v\u00e5rt land och menar att vi b\u00e5de har r\u00e5d med och berikas av det m\u00e5ngkulturella. Jag sk\u00e4ms [&hellip;]<\/p>\n","protected":false},"author":108,"featured_media":0,"comment_status":"open","ping_status":"open","sticky":false,"template":"","format":"standard","meta":{"_acf_changed":false,"footnotes":""},"categories":[16479],"tags":[],"class_list":["post-517","post","type-post","status-publish","format-standard","hentry","category-regnbagsfolket"],"acf":[],"yoast_head":"<!-- This site is optimized with the Yoast SEO plugin v27.1.1 - https:\/\/yoast.com\/product\/yoast-seo-wordpress\/ -->\n<title>Regnb\u00e5gsfolket - \u00c5ke Bonnier<\/title>\n<meta name=\"robots\" content=\"index, follow, max-snippet:-1, max-image-preview:large, max-video-preview:-1\" \/>\n<link rel=\"canonical\" href=\"https:\/\/blogg.svenskakyrkan.se\/akebonnier\/2011\/04\/09\/regnbagsfolket\/\" \/>\n<meta property=\"og:locale\" content=\"sv_SE\" \/>\n<meta property=\"og:type\" content=\"article\" \/>\n<meta property=\"og:title\" content=\"Regnb\u00e5gsfolket - \u00c5ke Bonnier\" \/>\n<meta property=\"og:description\" content=\"I g\u00e5r var det den romska nationaldagen. Romerna \u00e4r en del av det m\u00e5ngkulturella Sverige och deras spr\u00e5k romani chib \u00e4r sedan 2009 en del av de officiella spr\u00e5ken i Sverige. Jag gl\u00e4ds \u00f6ver de m\u00e5nga kulturerna i v\u00e5rt land och menar att vi b\u00e5de har r\u00e5d med och berikas av det m\u00e5ngkulturella. Jag sk\u00e4ms [&hellip;]\" \/>\n<meta property=\"og:url\" content=\"https:\/\/blogg.svenskakyrkan.se\/akebonnier\/2011\/04\/09\/regnbagsfolket\/\" \/>\n<meta property=\"og:site_name\" content=\"\u00c5ke Bonnier\" \/>\n<meta property=\"article:published_time\" content=\"2011-04-09T15:50:00+00:00\" \/>\n<meta property=\"og:image\" content=\"http:\/\/4.bp.blogspot.com\/-DFI7BZ6h1xs\/TaB-OoO_XwI\/AAAAAAAAAIY\/HPUMZK5uJqs\/s200\/Regnb%25C3%25A5ge.jpg\" \/>\n<meta name=\"author\" content=\"\u00c5ke Bonnier\" \/>\n<meta name=\"twitter:card\" content=\"summary_large_image\" \/>\n<meta name=\"twitter:label1\" content=\"Skriven av\" \/>\n\t<meta name=\"twitter:data1\" content=\"\u00c5ke Bonnier\" \/>\n\t<meta name=\"twitter:label2\" content=\"Ber\u00e4knad l\u00e4stid\" \/>\n\t<meta name=\"twitter:data2\" content=\"2 minuter\" \/>\n<script type=\"application\/ld+json\" class=\"yoast-schema-graph\">{\"@context\":\"https:\/\/schema.org\",\"@graph\":[{\"@type\":\"Article\",\"@id\":\"https:\/\/blogg.svenskakyrkan.se\/akebonnier\/2011\/04\/09\/regnbagsfolket\/#article\",\"isPartOf\":{\"@id\":\"https:\/\/blogg.svenskakyrkan.se\/akebonnier\/2011\/04\/09\/regnbagsfolket\/\"},\"author\":{\"name\":\"\u00c5ke Bonnier\",\"@id\":\"https:\/\/blogg.svenskakyrkan.se\/akebonnier\/#\/schema\/person\/8db68bc0c94f6a5a62df2d4486ff1343\"},\"headline\":\"Regnb\u00e5gsfolket\",\"datePublished\":\"2011-04-09T15:50:00+00:00\",\"mainEntityOfPage\":{\"@id\":\"https:\/\/blogg.svenskakyrkan.se\/akebonnier\/2011\/04\/09\/regnbagsfolket\/\"},\"wordCount\":342,\"commentCount\":5,\"image\":{\"@id\":\"https:\/\/blogg.svenskakyrkan.se\/akebonnier\/2011\/04\/09\/regnbagsfolket\/#primaryimage\"},\"thumbnailUrl\":\"http:\/\/4.bp.blogspot.com\/-DFI7BZ6h1xs\/TaB-OoO_XwI\/AAAAAAAAAIY\/HPUMZK5uJqs\/s200\/Regnb%25C3%25A5ge.jpg\",\"articleSection\":[\"Regnb\u00e5gsfolket\"],\"inLanguage\":\"sv-SE\",\"potentialAction\":[{\"@type\":\"CommentAction\",\"name\":\"Comment\",\"target\":[\"https:\/\/blogg.svenskakyrkan.se\/akebonnier\/2011\/04\/09\/regnbagsfolket\/#respond\"]}]},{\"@type\":\"WebPage\",\"@id\":\"https:\/\/blogg.svenskakyrkan.se\/akebonnier\/2011\/04\/09\/regnbagsfolket\/\",\"url\":\"https:\/\/blogg.svenskakyrkan.se\/akebonnier\/2011\/04\/09\/regnbagsfolket\/\",\"name\":\"Regnb\u00e5gsfolket - \u00c5ke Bonnier\",\"isPartOf\":{\"@id\":\"https:\/\/blogg.svenskakyrkan.se\/akebonnier\/#website\"},\"primaryImageOfPage\":{\"@id\":\"https:\/\/blogg.svenskakyrkan.se\/akebonnier\/2011\/04\/09\/regnbagsfolket\/#primaryimage\"},\"image\":{\"@id\":\"https:\/\/blogg.svenskakyrkan.se\/akebonnier\/2011\/04\/09\/regnbagsfolket\/#primaryimage\"},\"thumbnailUrl\":\"http:\/\/4.bp.blogspot.com\/-DFI7BZ6h1xs\/TaB-OoO_XwI\/AAAAAAAAAIY\/HPUMZK5uJqs\/s200\/Regnb%25C3%25A5ge.jpg\",\"datePublished\":\"2011-04-09T15:50:00+00:00\",\"author\":{\"@id\":\"https:\/\/blogg.svenskakyrkan.se\/akebonnier\/#\/schema\/person\/8db68bc0c94f6a5a62df2d4486ff1343\"},\"breadcrumb\":{\"@id\":\"https:\/\/blogg.svenskakyrkan.se\/akebonnier\/2011\/04\/09\/regnbagsfolket\/#breadcrumb\"},\"inLanguage\":\"sv-SE\",\"potentialAction\":[{\"@type\":\"ReadAction\",\"target\":[\"https:\/\/blogg.svenskakyrkan.se\/akebonnier\/2011\/04\/09\/regnbagsfolket\/\"]}]},{\"@type\":\"ImageObject\",\"inLanguage\":\"sv-SE\",\"@id\":\"https:\/\/blogg.svenskakyrkan.se\/akebonnier\/2011\/04\/09\/regnbagsfolket\/#primaryimage\",\"url\":\"http:\/\/4.bp.blogspot.com\/-DFI7BZ6h1xs\/TaB-OoO_XwI\/AAAAAAAAAIY\/HPUMZK5uJqs\/s200\/Regnb%25C3%25A5ge.jpg\",\"contentUrl\":\"http:\/\/4.bp.blogspot.com\/-DFI7BZ6h1xs\/TaB-OoO_XwI\/AAAAAAAAAIY\/HPUMZK5uJqs\/s200\/Regnb%25C3%25A5ge.jpg\"},{\"@type\":\"BreadcrumbList\",\"@id\":\"https:\/\/blogg.svenskakyrkan.se\/akebonnier\/2011\/04\/09\/regnbagsfolket\/#breadcrumb\",\"itemListElement\":[{\"@type\":\"ListItem\",\"position\":1,\"name\":\"Hem\",\"item\":\"https:\/\/blogg.svenskakyrkan.se\/akebonnier\/\"},{\"@type\":\"ListItem\",\"position\":2,\"name\":\"Regnb\u00e5gsfolket\"}]},{\"@type\":\"WebSite\",\"@id\":\"https:\/\/blogg.svenskakyrkan.se\/akebonnier\/#website\",\"url\":\"https:\/\/blogg.svenskakyrkan.se\/akebonnier\/\",\"name\":\"\u00c5ke Bonnier\",\"description\":\"Biskop i Svenska kyrkan - Skara stift\",\"potentialAction\":[{\"@type\":\"SearchAction\",\"target\":{\"@type\":\"EntryPoint\",\"urlTemplate\":\"https:\/\/blogg.svenskakyrkan.se\/akebonnier\/?s={search_term_string}\"},\"query-input\":{\"@type\":\"PropertyValueSpecification\",\"valueRequired\":true,\"valueName\":\"search_term_string\"}}],\"inLanguage\":\"sv-SE\"},{\"@type\":\"Person\",\"@id\":\"https:\/\/blogg.svenskakyrkan.se\/akebonnier\/#\/schema\/person\/8db68bc0c94f6a5a62df2d4486ff1343\",\"name\":\"\u00c5ke Bonnier\",\"image\":{\"@type\":\"ImageObject\",\"inLanguage\":\"sv-SE\",\"@id\":\"https:\/\/blogg.svenskakyrkan.se\/akebonnier\/#\/schema\/person\/image\/\",\"url\":\"https:\/\/secure.gravatar.com\/avatar\/b88264736bb0bc0d1ea92298aef02c9f98cfc13c7484130c42c663ae484f9462?s=96&d=mm&r=g\",\"contentUrl\":\"https:\/\/secure.gravatar.com\/avatar\/b88264736bb0bc0d1ea92298aef02c9f98cfc13c7484130c42c663ae484f9462?s=96&d=mm&r=g\",\"caption\":\"\u00c5ke Bonnier\"},\"description\":\"Jag \u00e4r gift och har tv\u00e5 vuxna d\u00f6ttrar. Pr\u00e4stvigdes 1984 och biskopsvigs 26 augusti 2012 . Jag har tidigare bland annat varit, komminister och kyrkoherde i Liding\u00f6 f\u00f6rsamling och domprost i Stockholms domkyrkof\u00f6rsamling. Jag \u00e4r intresserad av konst, litteratur, teater, film. Jag tr\u00e4nar regelbundet p\u00e5 gym. Mitt huvudsakliga musikintresse \u00e4r klassisk musik men ocks\u00e5 Beatles, Elvis Presley, Monika Zettelund, Povel Ramel och m\u00e5nga andra tycker jag om att lyssna p\u00e5. Jag l\u00e4ser f\u00f6r lite sk\u00f6nlitteratur beroende p\u00e5 annat som jag m\u00e5ste l\u00e4sa i mitt uppdrag som biskop. Men jag \u00e4lskar b\u00f6cker. Naturligtvis l\u00e4ser jag n\u00e4st intill dagligdags i \\\"B\u00f6ckernas Bok.\\\"\",\"sameAs\":[\"http:\/\/www.skarastift.se\"],\"url\":\"https:\/\/blogg.svenskakyrkan.se\/akebonnier\/author\/akebonnier\/\"}]}<\/script>\n<!-- \/ Yoast SEO plugin. -->","yoast_head_json":{"title":"Regnb\u00e5gsfolket - \u00c5ke Bonnier","robots":{"index":"index","follow":"follow","max-snippet":"max-snippet:-1","max-image-preview":"max-image-preview:large","max-video-preview":"max-video-preview:-1"},"canonical":"https:\/\/blogg.svenskakyrkan.se\/akebonnier\/2011\/04\/09\/regnbagsfolket\/","og_locale":"sv_SE","og_type":"article","og_title":"Regnb\u00e5gsfolket - \u00c5ke Bonnier","og_description":"I g\u00e5r var det den romska nationaldagen. Romerna \u00e4r en del av det m\u00e5ngkulturella Sverige och deras spr\u00e5k romani chib \u00e4r sedan 2009 en del av de officiella spr\u00e5ken i Sverige. Jag gl\u00e4ds \u00f6ver de m\u00e5nga kulturerna i v\u00e5rt land och menar att vi b\u00e5de har r\u00e5d med och berikas av det m\u00e5ngkulturella. Jag sk\u00e4ms [&hellip;]","og_url":"https:\/\/blogg.svenskakyrkan.se\/akebonnier\/2011\/04\/09\/regnbagsfolket\/","og_site_name":"\u00c5ke Bonnier","article_published_time":"2011-04-09T15:50:00+00:00","og_image":[{"url":"http:\/\/4.bp.blogspot.com\/-DFI7BZ6h1xs\/TaB-OoO_XwI\/AAAAAAAAAIY\/HPUMZK5uJqs\/s200\/Regnb%25C3%25A5ge.jpg","type":"","width":"","height":""}],"author":"\u00c5ke Bonnier","twitter_card":"summary_large_image","twitter_misc":{"Skriven av":"\u00c5ke Bonnier","Ber\u00e4knad l\u00e4stid":"2 minuter"},"schema":{"@context":"https:\/\/schema.org","@graph":[{"@type":"Article","@id":"https:\/\/blogg.svenskakyrkan.se\/akebonnier\/2011\/04\/09\/regnbagsfolket\/#article","isPartOf":{"@id":"https:\/\/blogg.svenskakyrkan.se\/akebonnier\/2011\/04\/09\/regnbagsfolket\/"},"author":{"name":"\u00c5ke Bonnier","@id":"https:\/\/blogg.svenskakyrkan.se\/akebonnier\/#\/schema\/person\/8db68bc0c94f6a5a62df2d4486ff1343"},"headline":"Regnb\u00e5gsfolket","datePublished":"2011-04-09T15:50:00+00:00","mainEntityOfPage":{"@id":"https:\/\/blogg.svenskakyrkan.se\/akebonnier\/2011\/04\/09\/regnbagsfolket\/"},"wordCount":342,"commentCount":5,"image":{"@id":"https:\/\/blogg.svenskakyrkan.se\/akebonnier\/2011\/04\/09\/regnbagsfolket\/#primaryimage"},"thumbnailUrl":"http:\/\/4.bp.blogspot.com\/-DFI7BZ6h1xs\/TaB-OoO_XwI\/AAAAAAAAAIY\/HPUMZK5uJqs\/s200\/Regnb%25C3%25A5ge.jpg","articleSection":["Regnb\u00e5gsfolket"],"inLanguage":"sv-SE","potentialAction":[{"@type":"CommentAction","name":"Comment","target":["https:\/\/blogg.svenskakyrkan.se\/akebonnier\/2011\/04\/09\/regnbagsfolket\/#respond"]}]},{"@type":"WebPage","@id":"https:\/\/blogg.svenskakyrkan.se\/akebonnier\/2011\/04\/09\/regnbagsfolket\/","url":"https:\/\/blogg.svenskakyrkan.se\/akebonnier\/2011\/04\/09\/regnbagsfolket\/","name":"Regnb\u00e5gsfolket - \u00c5ke Bonnier","isPartOf":{"@id":"https:\/\/blogg.svenskakyrkan.se\/akebonnier\/#website"},"primaryImageOfPage":{"@id":"https:\/\/blogg.svenskakyrkan.se\/akebonnier\/2011\/04\/09\/regnbagsfolket\/#primaryimage"},"image":{"@id":"https:\/\/blogg.svenskakyrkan.se\/akebonnier\/2011\/04\/09\/regnbagsfolket\/#primaryimage"},"thumbnailUrl":"http:\/\/4.bp.blogspot.com\/-DFI7BZ6h1xs\/TaB-OoO_XwI\/AAAAAAAAAIY\/HPUMZK5uJqs\/s200\/Regnb%25C3%25A5ge.jpg","datePublished":"2011-04-09T15:50:00+00:00","author":{"@id":"https:\/\/blogg.svenskakyrkan.se\/akebonnier\/#\/schema\/person\/8db68bc0c94f6a5a62df2d4486ff1343"},"breadcrumb":{"@id":"https:\/\/blogg.svenskakyrkan.se\/akebonnier\/2011\/04\/09\/regnbagsfolket\/#breadcrumb"},"inLanguage":"sv-SE","potentialAction":[{"@type":"ReadAction","target":["https:\/\/blogg.svenskakyrkan.se\/akebonnier\/2011\/04\/09\/regnbagsfolket\/"]}]},{"@type":"ImageObject","inLanguage":"sv-SE","@id":"https:\/\/blogg.svenskakyrkan.se\/akebonnier\/2011\/04\/09\/regnbagsfolket\/#primaryimage","url":"http:\/\/4.bp.blogspot.com\/-DFI7BZ6h1xs\/TaB-OoO_XwI\/AAAAAAAAAIY\/HPUMZK5uJqs\/s200\/Regnb%25C3%25A5ge.jpg","contentUrl":"http:\/\/4.bp.blogspot.com\/-DFI7BZ6h1xs\/TaB-OoO_XwI\/AAAAAAAAAIY\/HPUMZK5uJqs\/s200\/Regnb%25C3%25A5ge.jpg"},{"@type":"BreadcrumbList","@id":"https:\/\/blogg.svenskakyrkan.se\/akebonnier\/2011\/04\/09\/regnbagsfolket\/#breadcrumb","itemListElement":[{"@type":"ListItem","position":1,"name":"Hem","item":"https:\/\/blogg.svenskakyrkan.se\/akebonnier\/"},{"@type":"ListItem","position":2,"name":"Regnb\u00e5gsfolket"}]},{"@type":"WebSite","@id":"https:\/\/blogg.svenskakyrkan.se\/akebonnier\/#website","url":"https:\/\/blogg.svenskakyrkan.se\/akebonnier\/","name":"\u00c5ke Bonnier","description":"Biskop i Svenska kyrkan - Skara stift","potentialAction":[{"@type":"SearchAction","target":{"@type":"EntryPoint","urlTemplate":"https:\/\/blogg.svenskakyrkan.se\/akebonnier\/?s={search_term_string}"},"query-input":{"@type":"PropertyValueSpecification","valueRequired":true,"valueName":"search_term_string"}}],"inLanguage":"sv-SE"},{"@type":"Person","@id":"https:\/\/blogg.svenskakyrkan.se\/akebonnier\/#\/schema\/person\/8db68bc0c94f6a5a62df2d4486ff1343","name":"\u00c5ke Bonnier","image":{"@type":"ImageObject","inLanguage":"sv-SE","@id":"https:\/\/blogg.svenskakyrkan.se\/akebonnier\/#\/schema\/person\/image\/","url":"https:\/\/secure.gravatar.com\/avatar\/b88264736bb0bc0d1ea92298aef02c9f98cfc13c7484130c42c663ae484f9462?s=96&d=mm&r=g","contentUrl":"https:\/\/secure.gravatar.com\/avatar\/b88264736bb0bc0d1ea92298aef02c9f98cfc13c7484130c42c663ae484f9462?s=96&d=mm&r=g","caption":"\u00c5ke Bonnier"},"description":"Jag \u00e4r gift och har tv\u00e5 vuxna d\u00f6ttrar. Pr\u00e4stvigdes 1984 och biskopsvigs 26 augusti 2012 . Jag har tidigare bland annat varit, komminister och kyrkoherde i Liding\u00f6 f\u00f6rsamling och domprost i Stockholms domkyrkof\u00f6rsamling. Jag \u00e4r intresserad av konst, litteratur, teater, film. Jag tr\u00e4nar regelbundet p\u00e5 gym. Mitt huvudsakliga musikintresse \u00e4r klassisk musik men ocks\u00e5 Beatles, Elvis Presley, Monika Zettelund, Povel Ramel och m\u00e5nga andra tycker jag om att lyssna p\u00e5. Jag l\u00e4ser f\u00f6r lite sk\u00f6nlitteratur beroende p\u00e5 annat som jag m\u00e5ste l\u00e4sa i mitt uppdrag som biskop. Men jag \u00e4lskar b\u00f6cker. Naturligtvis l\u00e4ser jag n\u00e4st intill dagligdags i \"B\u00f6ckernas Bok.\"","sameAs":["http:\/\/www.skarastift.se"],"url":"https:\/\/blogg.svenskakyrkan.se\/akebonnier\/author\/akebonnier\/"}]}},"author_meta":{"ID":"108","user_nicename":"akebonnier","user_url":"http:\/\/www.skarastift.se","user_registered":"2011-10-11 09:24:48","display_name":"\u00c5ke Bonnier","first_name":"\u00c5ke","last_name":"Bonnier","avatar":"https:\/\/secure.gravatar.com\/avatar\/b88264736bb0bc0d1ea92298aef02c9f98cfc13c7484130c42c663ae484f9462?s=96&d=mm&r=g"},"featured_image":false,"bloginfo":{"name":"\u00c5ke Bonnier","url":"https:\/\/blogg.svenskakyrkan.se\/akebonnier"},"_links":{"self":[{"href":"https:\/\/blogg.svenskakyrkan.se\/akebonnier\/wp-json\/wp\/v2\/posts\/517","targetHints":{"allow":["GET"]}}],"collection":[{"href":"https:\/\/blogg.svenskakyrkan.se\/akebonnier\/wp-json\/wp\/v2\/posts"}],"about":[{"href":"https:\/\/blogg.svenskakyrkan.se\/akebonnier\/wp-json\/wp\/v2\/types\/post"}],"author":[{"embeddable":true,"href":"https:\/\/blogg.svenskakyrkan.se\/akebonnier\/wp-json\/wp\/v2\/users\/108"}],"replies":[{"embeddable":true,"href":"https:\/\/blogg.svenskakyrkan.se\/akebonnier\/wp-json\/wp\/v2\/comments?post=517"}],"version-history":[{"count":0,"href":"https:\/\/blogg.svenskakyrkan.se\/akebonnier\/wp-json\/wp\/v2\/posts\/517\/revisions"}],"wp:attachment":[{"href":"https:\/\/blogg.svenskakyrkan.se\/akebonnier\/wp-json\/wp\/v2\/media?parent=517"}],"wp:term":[{"taxonomy":"category","embeddable":true,"href":"https:\/\/blogg.svenskakyrkan.se\/akebonnier\/wp-json\/wp\/v2\/categories?post=517"},{"taxonomy":"post_tag","embeddable":true,"href":"https:\/\/blogg.svenskakyrkan.se\/akebonnier\/wp-json\/wp\/v2\/tags?post=517"}],"curies":[{"name":"wp","href":"https:\/\/api.w.org\/{rel}","templated":true}]}}