{"id":518,"date":"2011-04-13T19:40:00","date_gmt":"2011-04-13T19:40:00","guid":{"rendered":"http:\/\/blogg.svenskakyrkan.se\/akebonnier\/2011\/04\/13\/han-ar-dar-och-det-racker\/"},"modified":"2011-04-13T19:40:00","modified_gmt":"2011-04-13T19:40:00","slug":"han-ar-dar-och-det-racker","status":"publish","type":"post","link":"https:\/\/blogg.svenskakyrkan.se\/akebonnier\/2011\/04\/13\/han-ar-dar-och-det-racker\/","title":{"rendered":"Han \u00e4r d\u00e4r &#8211; och det r\u00e4cker!"},"content":{"rendered":"<p>I Storkyrkan firar vi h\u00f6gm\u00e4ssa varje s\u00f6n- och helgdag med n\u00e5gra f\u00e5 undantag. L\u00e5ngfredagen \u00e4r ett s\u00e5dant undantag. F\u00f6r mig \u00e4r m\u00e4ssan oerh\u00f6rt viktig! Varf\u00f6r det? Jo, f\u00f6r att Kristus, under br\u00f6dets och vinets gestalt, \u00e4r n\u00e4rvarande. N\u00e4r jag delar ut oblaten till den som vill ta emot, <em>\u00e4r<\/em> det Kristi kropp och vinet fr\u00e5n systembolaget eller druvjuicen <em>\u00e4r<\/em> Kristi blod d\u00e4rf\u00f6r att en vigd pr\u00e4st har bett \u00f6ver br\u00f6det och vinet. Kristus har, i de ord som vi kallar instiftelseorden och som \u00e4r h\u00e4mtad fr\u00e5n b\u00e5de paulinsk tradition och evangeliernas ber\u00e4ttelser,&nbsp;lovat att vara n\u00e4rvarande . Det \u00e4r fantastiskt och jag gl\u00e4der mig \u00f6ver att s\u00e5 m\u00e5nga vill ta emot nattvarden &#8211; och alla \u00e4r v\u00e4lkomna!<\/p>\n<p>Jo, s\u00e5 \u00e4r det i v\u00e5r f\u00f6rsamling. Om Du som l\u00e4ser denna blogg kommer till Storkyrkan och vill vara med och ta emot Kristus sj\u00e4lv i nattvardens mysterium \u00e4r Du v\u00e4lkommen! Svenska kyrkans grundl\u00e4ggande h\u00e5llning \u00e4r att man ska vara <em>d\u00f6pt<\/em> f\u00f6r att ta emot nattvarden. Men vi kan inte kontrollera vilka som \u00e4r d\u00f6pta och vi <em>vill inte<\/em> kontrollera detta. Vi vill att varje enskilds hj\u00e4rtas l\u00e4ngtan ska f\u00e5 tala h\u00f6gre \u00e4n alla kontroller. Nattvarden \u00e4r ju Guds stora k\u00e4rlekstecken, precis som dopet, ett tecken som vill p\u00e5minna oss om hur \u00e4lskade vi \u00e4r, att Kristus sj\u00e4lv givit sitt liv f\u00f6r oss i k\u00e4rlek. &#8221;F\u00f6r Dig utgiven&#8221;! &#8221;F\u00f6r Dig utgjutet&#8221;. <\/p>\n<p>N\u00e4r Jesus instiftade nattvarden var det troligen i samband med den judiska p\u00e5sken som firas om n\u00e5gra dagar (18-26 april med de tv\u00e5 sederaftnarna den 18 och 19 april). Vi vet inte vad han anv\u00e4nde f\u00f6r vin, om det var r\u00f6tt eller hur starkt det var. Katolikerna anv\u00e4nder ofta vitt vin till sina m\u00e4ssor (\u00e5tminstone i Rom). Fr\u00e5gan \u00e4r ju om det ska vara starkvin med 18-20% alkoholstyrka, eller om det r\u00e4cker med 14% eller 13% eller 12% eller 8% eller&#8230; f\u00f6r att Kristus ska vara n\u00e4rvarande? Dumheter s\u00e4ger Svenska kyrkan. Det ska vara saft fr\u00e5n en druvas frukt d v s antingen vin som har alkohol eller av-alkoholiserat vin, eller alkoholfritt vin eller druvjuice. Druvorna \u00e4r det viktiga eftersom Jesus anv\u00e4nde &#8221;druvsaft&#8221; i n\u00e5gon form. Det \u00e4r m\u00f6jligt och till och med troligt att Jesus anv\u00e4nde alkoholstarkt vin och att man inte funderade \u00f6ver vilka som t\u00e5lde detta eller inte i kyrkans sammanhang tidigare. I dagens kyrka vill vi ta h\u00e4nsyn till dem som inte t\u00e5l alkohol av olika sk\u00e4l. I kyrkorna i Stockholms domkyrkof\u00f6rsamling anv\u00e4nder vi b\u00e5de druvjuice och alkoholstarkt vin (Madeira fine). Men det \u00e4r lika mycket &#8221;Kristi blod&#8221; oavsett alkoholstyrka. S\u00e5dan \u00e4r Svenska kyrkans h\u00e5llning.<\/p>\n<p>Till nattvardsbordet (som hos oss \u00e4r mer av k\u00f6&#8230; Guds folk p\u00e5 vandring).. \u00e4r som sagt var och en v\u00e4lkommen vars hj\u00e4rta l\u00e4ngtar efter att vara med. Om man sedan inte \u00e4r d\u00f6pt \u00e4r det r\u00e4tt och riktigt att b\u00f6rja fundera \u00f6ver detta, samtala med oss pr\u00e4ster (n\u00e5gon av oss) om det hela och kanske b\u00f6rja vandringen fram mot dopet. Men, ingen \u00e4r utesluten fr\u00e5n nattvarden. De f\u00f6rsta som var med var en skara av syndare av olika slag, f\u00f6rnekare, f\u00f6rr\u00e4dare, tvivlare. Men de fick vara med d\u00e4rf\u00f6r att n\u00e4st intill alla (kanske inte Judas) ville vara med sin m\u00e4stare.<\/p>\n<p>Kom och var med och fira m\u00e4ssans mysterium hos oss eller i Din egen f\u00f6rsamling. Kom och ta emot br\u00f6dets och vinets mysterium &#8211; Kristi n\u00e4rvaro. En grekisk ortodox munk har en g\u00e5ng sagt (och jag vet att jag citerat det tidigare): Ni v\u00e4sterl\u00e4nningar s\u00e4ger att Kristus kommer i br\u00f6dets och vinets gestalt eller genom br\u00f6dets och vinets gestalt. Vi s\u00e4ger: Han \u00e4r d\u00e4r. Det r\u00e4cker.<\/p>\n<p>Ja, tack gode Gud! Han \u00e4r d\u00e4r &#8211; och det r\u00e4cker!<\/p>\n<div class=\"blogger-post-footer\"><img width='1' height='1' src='https:\/\/blogger.googleusercontent.com\/tracker\/9055441369901436026-1929176477643224084?l=akebonnier.blogspot.com' alt='' \/><\/div>\n","protected":false},"excerpt":{"rendered":"<p>I Storkyrkan firar vi h\u00f6gm\u00e4ssa varje s\u00f6n- och helgdag med n\u00e5gra f\u00e5 undantag. L\u00e5ngfredagen \u00e4r ett s\u00e5dant undantag. F\u00f6r mig \u00e4r m\u00e4ssan oerh\u00f6rt viktig! Varf\u00f6r det? Jo, f\u00f6r att Kristus, under br\u00f6dets och vinets gestalt, \u00e4r n\u00e4rvarande. N\u00e4r jag delar ut oblaten till den som vill ta emot, \u00e4r det Kristi kropp och vinet fr\u00e5n [&hellip;]<\/p>\n","protected":false},"author":108,"featured_media":0,"comment_status":"open","ping_status":"open","sticky":false,"template":"","format":"standard","meta":{"_acf_changed":false,"footnotes":""},"categories":[16480],"tags":[],"class_list":["post-518","post","type-post","status-publish","format-standard","hentry","category-han-ar-dar-och-det-racker"],"acf":[],"yoast_head":"<!-- This site is optimized with the Yoast SEO plugin v27.1.1 - https:\/\/yoast.com\/product\/yoast-seo-wordpress\/ -->\n<title>Han \u00e4r d\u00e4r - och det r\u00e4cker! - \u00c5ke Bonnier<\/title>\n<meta name=\"robots\" content=\"index, follow, max-snippet:-1, max-image-preview:large, max-video-preview:-1\" \/>\n<link rel=\"canonical\" href=\"https:\/\/blogg.svenskakyrkan.se\/akebonnier\/2011\/04\/13\/han-ar-dar-och-det-racker\/\" \/>\n<meta property=\"og:locale\" content=\"sv_SE\" \/>\n<meta property=\"og:type\" content=\"article\" \/>\n<meta property=\"og:title\" content=\"Han \u00e4r d\u00e4r - och det r\u00e4cker! - \u00c5ke Bonnier\" \/>\n<meta property=\"og:description\" content=\"I Storkyrkan firar vi h\u00f6gm\u00e4ssa varje s\u00f6n- och helgdag med n\u00e5gra f\u00e5 undantag. L\u00e5ngfredagen \u00e4r ett s\u00e5dant undantag. F\u00f6r mig \u00e4r m\u00e4ssan oerh\u00f6rt viktig! Varf\u00f6r det? Jo, f\u00f6r att Kristus, under br\u00f6dets och vinets gestalt, \u00e4r n\u00e4rvarande. N\u00e4r jag delar ut oblaten till den som vill ta emot, \u00e4r det Kristi kropp och vinet fr\u00e5n [&hellip;]\" \/>\n<meta property=\"og:url\" content=\"https:\/\/blogg.svenskakyrkan.se\/akebonnier\/2011\/04\/13\/han-ar-dar-och-det-racker\/\" \/>\n<meta property=\"og:site_name\" content=\"\u00c5ke Bonnier\" \/>\n<meta property=\"article:published_time\" content=\"2011-04-13T19:40:00+00:00\" \/>\n<meta property=\"og:image\" content=\"https:\/\/blogger.googleusercontent.com\/tracker\/9055441369901436026-1929176477643224084?l=akebonnier.blogspot.com\" \/>\n<meta name=\"author\" content=\"\u00c5ke Bonnier\" \/>\n<meta name=\"twitter:card\" content=\"summary_large_image\" \/>\n<meta name=\"twitter:label1\" content=\"Skriven av\" \/>\n\t<meta name=\"twitter:data1\" content=\"\u00c5ke Bonnier\" \/>\n\t<meta name=\"twitter:label2\" content=\"Ber\u00e4knad l\u00e4stid\" \/>\n\t<meta name=\"twitter:data2\" content=\"4 minuter\" \/>\n<script type=\"application\/ld+json\" class=\"yoast-schema-graph\">{\"@context\":\"https:\/\/schema.org\",\"@graph\":[{\"@type\":\"Article\",\"@id\":\"https:\/\/blogg.svenskakyrkan.se\/akebonnier\/2011\/04\/13\/han-ar-dar-och-det-racker\/#article\",\"isPartOf\":{\"@id\":\"https:\/\/blogg.svenskakyrkan.se\/akebonnier\/2011\/04\/13\/han-ar-dar-och-det-racker\/\"},\"author\":{\"name\":\"\u00c5ke Bonnier\",\"@id\":\"https:\/\/blogg.svenskakyrkan.se\/akebonnier\/#\/schema\/person\/8db68bc0c94f6a5a62df2d4486ff1343\"},\"headline\":\"Han \u00e4r d\u00e4r &#8211; och det r\u00e4cker!\",\"datePublished\":\"2011-04-13T19:40:00+00:00\",\"mainEntityOfPage\":{\"@id\":\"https:\/\/blogg.svenskakyrkan.se\/akebonnier\/2011\/04\/13\/han-ar-dar-och-det-racker\/\"},\"wordCount\":714,\"commentCount\":32,\"image\":{\"@id\":\"https:\/\/blogg.svenskakyrkan.se\/akebonnier\/2011\/04\/13\/han-ar-dar-och-det-racker\/#primaryimage\"},\"thumbnailUrl\":\"https:\/\/blogger.googleusercontent.com\/tracker\/9055441369901436026-1929176477643224084?l=akebonnier.blogspot.com\",\"articleSection\":[\"Han \u00e4r d\u00e4r - och det r\u00e4cker\"],\"inLanguage\":\"sv-SE\",\"potentialAction\":[{\"@type\":\"CommentAction\",\"name\":\"Comment\",\"target\":[\"https:\/\/blogg.svenskakyrkan.se\/akebonnier\/2011\/04\/13\/han-ar-dar-och-det-racker\/#respond\"]}]},{\"@type\":\"WebPage\",\"@id\":\"https:\/\/blogg.svenskakyrkan.se\/akebonnier\/2011\/04\/13\/han-ar-dar-och-det-racker\/\",\"url\":\"https:\/\/blogg.svenskakyrkan.se\/akebonnier\/2011\/04\/13\/han-ar-dar-och-det-racker\/\",\"name\":\"Han \u00e4r d\u00e4r - och det r\u00e4cker! - \u00c5ke Bonnier\",\"isPartOf\":{\"@id\":\"https:\/\/blogg.svenskakyrkan.se\/akebonnier\/#website\"},\"primaryImageOfPage\":{\"@id\":\"https:\/\/blogg.svenskakyrkan.se\/akebonnier\/2011\/04\/13\/han-ar-dar-och-det-racker\/#primaryimage\"},\"image\":{\"@id\":\"https:\/\/blogg.svenskakyrkan.se\/akebonnier\/2011\/04\/13\/han-ar-dar-och-det-racker\/#primaryimage\"},\"thumbnailUrl\":\"https:\/\/blogger.googleusercontent.com\/tracker\/9055441369901436026-1929176477643224084?l=akebonnier.blogspot.com\",\"datePublished\":\"2011-04-13T19:40:00+00:00\",\"author\":{\"@id\":\"https:\/\/blogg.svenskakyrkan.se\/akebonnier\/#\/schema\/person\/8db68bc0c94f6a5a62df2d4486ff1343\"},\"breadcrumb\":{\"@id\":\"https:\/\/blogg.svenskakyrkan.se\/akebonnier\/2011\/04\/13\/han-ar-dar-och-det-racker\/#breadcrumb\"},\"inLanguage\":\"sv-SE\",\"potentialAction\":[{\"@type\":\"ReadAction\",\"target\":[\"https:\/\/blogg.svenskakyrkan.se\/akebonnier\/2011\/04\/13\/han-ar-dar-och-det-racker\/\"]}]},{\"@type\":\"ImageObject\",\"inLanguage\":\"sv-SE\",\"@id\":\"https:\/\/blogg.svenskakyrkan.se\/akebonnier\/2011\/04\/13\/han-ar-dar-och-det-racker\/#primaryimage\",\"url\":\"https:\/\/blogger.googleusercontent.com\/tracker\/9055441369901436026-1929176477643224084?l=akebonnier.blogspot.com\",\"contentUrl\":\"https:\/\/blogger.googleusercontent.com\/tracker\/9055441369901436026-1929176477643224084?l=akebonnier.blogspot.com\"},{\"@type\":\"BreadcrumbList\",\"@id\":\"https:\/\/blogg.svenskakyrkan.se\/akebonnier\/2011\/04\/13\/han-ar-dar-och-det-racker\/#breadcrumb\",\"itemListElement\":[{\"@type\":\"ListItem\",\"position\":1,\"name\":\"Hem\",\"item\":\"https:\/\/blogg.svenskakyrkan.se\/akebonnier\/\"},{\"@type\":\"ListItem\",\"position\":2,\"name\":\"Han \u00e4r d\u00e4r &#8211; och det r\u00e4cker!\"}]},{\"@type\":\"WebSite\",\"@id\":\"https:\/\/blogg.svenskakyrkan.se\/akebonnier\/#website\",\"url\":\"https:\/\/blogg.svenskakyrkan.se\/akebonnier\/\",\"name\":\"\u00c5ke Bonnier\",\"description\":\"Biskop i Svenska kyrkan - Skara stift\",\"potentialAction\":[{\"@type\":\"SearchAction\",\"target\":{\"@type\":\"EntryPoint\",\"urlTemplate\":\"https:\/\/blogg.svenskakyrkan.se\/akebonnier\/?s={search_term_string}\"},\"query-input\":{\"@type\":\"PropertyValueSpecification\",\"valueRequired\":true,\"valueName\":\"search_term_string\"}}],\"inLanguage\":\"sv-SE\"},{\"@type\":\"Person\",\"@id\":\"https:\/\/blogg.svenskakyrkan.se\/akebonnier\/#\/schema\/person\/8db68bc0c94f6a5a62df2d4486ff1343\",\"name\":\"\u00c5ke Bonnier\",\"image\":{\"@type\":\"ImageObject\",\"inLanguage\":\"sv-SE\",\"@id\":\"https:\/\/blogg.svenskakyrkan.se\/akebonnier\/#\/schema\/person\/image\/\",\"url\":\"https:\/\/secure.gravatar.com\/avatar\/b88264736bb0bc0d1ea92298aef02c9f98cfc13c7484130c42c663ae484f9462?s=96&d=mm&r=g\",\"contentUrl\":\"https:\/\/secure.gravatar.com\/avatar\/b88264736bb0bc0d1ea92298aef02c9f98cfc13c7484130c42c663ae484f9462?s=96&d=mm&r=g\",\"caption\":\"\u00c5ke Bonnier\"},\"description\":\"Jag \u00e4r gift och har tv\u00e5 vuxna d\u00f6ttrar. Pr\u00e4stvigdes 1984 och biskopsvigs 26 augusti 2012 . Jag har tidigare bland annat varit, komminister och kyrkoherde i Liding\u00f6 f\u00f6rsamling och domprost i Stockholms domkyrkof\u00f6rsamling. Jag \u00e4r intresserad av konst, litteratur, teater, film. Jag tr\u00e4nar regelbundet p\u00e5 gym. Mitt huvudsakliga musikintresse \u00e4r klassisk musik men ocks\u00e5 Beatles, Elvis Presley, Monika Zettelund, Povel Ramel och m\u00e5nga andra tycker jag om att lyssna p\u00e5. Jag l\u00e4ser f\u00f6r lite sk\u00f6nlitteratur beroende p\u00e5 annat som jag m\u00e5ste l\u00e4sa i mitt uppdrag som biskop. Men jag \u00e4lskar b\u00f6cker. Naturligtvis l\u00e4ser jag n\u00e4st intill dagligdags i \\\"B\u00f6ckernas Bok.\\\"\",\"sameAs\":[\"http:\/\/www.skarastift.se\"],\"url\":\"https:\/\/blogg.svenskakyrkan.se\/akebonnier\/author\/akebonnier\/\"}]}<\/script>\n<!-- \/ Yoast SEO plugin. -->","yoast_head_json":{"title":"Han \u00e4r d\u00e4r - och det r\u00e4cker! - \u00c5ke Bonnier","robots":{"index":"index","follow":"follow","max-snippet":"max-snippet:-1","max-image-preview":"max-image-preview:large","max-video-preview":"max-video-preview:-1"},"canonical":"https:\/\/blogg.svenskakyrkan.se\/akebonnier\/2011\/04\/13\/han-ar-dar-och-det-racker\/","og_locale":"sv_SE","og_type":"article","og_title":"Han \u00e4r d\u00e4r - och det r\u00e4cker! - \u00c5ke Bonnier","og_description":"I Storkyrkan firar vi h\u00f6gm\u00e4ssa varje s\u00f6n- och helgdag med n\u00e5gra f\u00e5 undantag. L\u00e5ngfredagen \u00e4r ett s\u00e5dant undantag. F\u00f6r mig \u00e4r m\u00e4ssan oerh\u00f6rt viktig! Varf\u00f6r det? Jo, f\u00f6r att Kristus, under br\u00f6dets och vinets gestalt, \u00e4r n\u00e4rvarande. N\u00e4r jag delar ut oblaten till den som vill ta emot, \u00e4r det Kristi kropp och vinet fr\u00e5n [&hellip;]","og_url":"https:\/\/blogg.svenskakyrkan.se\/akebonnier\/2011\/04\/13\/han-ar-dar-och-det-racker\/","og_site_name":"\u00c5ke Bonnier","article_published_time":"2011-04-13T19:40:00+00:00","og_image":[{"url":"https:\/\/blogger.googleusercontent.com\/tracker\/9055441369901436026-1929176477643224084?l=akebonnier.blogspot.com","type":"","width":"","height":""}],"author":"\u00c5ke Bonnier","twitter_card":"summary_large_image","twitter_misc":{"Skriven av":"\u00c5ke Bonnier","Ber\u00e4knad l\u00e4stid":"4 minuter"},"schema":{"@context":"https:\/\/schema.org","@graph":[{"@type":"Article","@id":"https:\/\/blogg.svenskakyrkan.se\/akebonnier\/2011\/04\/13\/han-ar-dar-och-det-racker\/#article","isPartOf":{"@id":"https:\/\/blogg.svenskakyrkan.se\/akebonnier\/2011\/04\/13\/han-ar-dar-och-det-racker\/"},"author":{"name":"\u00c5ke Bonnier","@id":"https:\/\/blogg.svenskakyrkan.se\/akebonnier\/#\/schema\/person\/8db68bc0c94f6a5a62df2d4486ff1343"},"headline":"Han \u00e4r d\u00e4r &#8211; och det r\u00e4cker!","datePublished":"2011-04-13T19:40:00+00:00","mainEntityOfPage":{"@id":"https:\/\/blogg.svenskakyrkan.se\/akebonnier\/2011\/04\/13\/han-ar-dar-och-det-racker\/"},"wordCount":714,"commentCount":32,"image":{"@id":"https:\/\/blogg.svenskakyrkan.se\/akebonnier\/2011\/04\/13\/han-ar-dar-och-det-racker\/#primaryimage"},"thumbnailUrl":"https:\/\/blogger.googleusercontent.com\/tracker\/9055441369901436026-1929176477643224084?l=akebonnier.blogspot.com","articleSection":["Han \u00e4r d\u00e4r - och det r\u00e4cker"],"inLanguage":"sv-SE","potentialAction":[{"@type":"CommentAction","name":"Comment","target":["https:\/\/blogg.svenskakyrkan.se\/akebonnier\/2011\/04\/13\/han-ar-dar-och-det-racker\/#respond"]}]},{"@type":"WebPage","@id":"https:\/\/blogg.svenskakyrkan.se\/akebonnier\/2011\/04\/13\/han-ar-dar-och-det-racker\/","url":"https:\/\/blogg.svenskakyrkan.se\/akebonnier\/2011\/04\/13\/han-ar-dar-och-det-racker\/","name":"Han \u00e4r d\u00e4r - och det r\u00e4cker! - \u00c5ke Bonnier","isPartOf":{"@id":"https:\/\/blogg.svenskakyrkan.se\/akebonnier\/#website"},"primaryImageOfPage":{"@id":"https:\/\/blogg.svenskakyrkan.se\/akebonnier\/2011\/04\/13\/han-ar-dar-och-det-racker\/#primaryimage"},"image":{"@id":"https:\/\/blogg.svenskakyrkan.se\/akebonnier\/2011\/04\/13\/han-ar-dar-och-det-racker\/#primaryimage"},"thumbnailUrl":"https:\/\/blogger.googleusercontent.com\/tracker\/9055441369901436026-1929176477643224084?l=akebonnier.blogspot.com","datePublished":"2011-04-13T19:40:00+00:00","author":{"@id":"https:\/\/blogg.svenskakyrkan.se\/akebonnier\/#\/schema\/person\/8db68bc0c94f6a5a62df2d4486ff1343"},"breadcrumb":{"@id":"https:\/\/blogg.svenskakyrkan.se\/akebonnier\/2011\/04\/13\/han-ar-dar-och-det-racker\/#breadcrumb"},"inLanguage":"sv-SE","potentialAction":[{"@type":"ReadAction","target":["https:\/\/blogg.svenskakyrkan.se\/akebonnier\/2011\/04\/13\/han-ar-dar-och-det-racker\/"]}]},{"@type":"ImageObject","inLanguage":"sv-SE","@id":"https:\/\/blogg.svenskakyrkan.se\/akebonnier\/2011\/04\/13\/han-ar-dar-och-det-racker\/#primaryimage","url":"https:\/\/blogger.googleusercontent.com\/tracker\/9055441369901436026-1929176477643224084?l=akebonnier.blogspot.com","contentUrl":"https:\/\/blogger.googleusercontent.com\/tracker\/9055441369901436026-1929176477643224084?l=akebonnier.blogspot.com"},{"@type":"BreadcrumbList","@id":"https:\/\/blogg.svenskakyrkan.se\/akebonnier\/2011\/04\/13\/han-ar-dar-och-det-racker\/#breadcrumb","itemListElement":[{"@type":"ListItem","position":1,"name":"Hem","item":"https:\/\/blogg.svenskakyrkan.se\/akebonnier\/"},{"@type":"ListItem","position":2,"name":"Han \u00e4r d\u00e4r &#8211; och det r\u00e4cker!"}]},{"@type":"WebSite","@id":"https:\/\/blogg.svenskakyrkan.se\/akebonnier\/#website","url":"https:\/\/blogg.svenskakyrkan.se\/akebonnier\/","name":"\u00c5ke Bonnier","description":"Biskop i Svenska kyrkan - Skara stift","potentialAction":[{"@type":"SearchAction","target":{"@type":"EntryPoint","urlTemplate":"https:\/\/blogg.svenskakyrkan.se\/akebonnier\/?s={search_term_string}"},"query-input":{"@type":"PropertyValueSpecification","valueRequired":true,"valueName":"search_term_string"}}],"inLanguage":"sv-SE"},{"@type":"Person","@id":"https:\/\/blogg.svenskakyrkan.se\/akebonnier\/#\/schema\/person\/8db68bc0c94f6a5a62df2d4486ff1343","name":"\u00c5ke Bonnier","image":{"@type":"ImageObject","inLanguage":"sv-SE","@id":"https:\/\/blogg.svenskakyrkan.se\/akebonnier\/#\/schema\/person\/image\/","url":"https:\/\/secure.gravatar.com\/avatar\/b88264736bb0bc0d1ea92298aef02c9f98cfc13c7484130c42c663ae484f9462?s=96&d=mm&r=g","contentUrl":"https:\/\/secure.gravatar.com\/avatar\/b88264736bb0bc0d1ea92298aef02c9f98cfc13c7484130c42c663ae484f9462?s=96&d=mm&r=g","caption":"\u00c5ke Bonnier"},"description":"Jag \u00e4r gift och har tv\u00e5 vuxna d\u00f6ttrar. Pr\u00e4stvigdes 1984 och biskopsvigs 26 augusti 2012 . Jag har tidigare bland annat varit, komminister och kyrkoherde i Liding\u00f6 f\u00f6rsamling och domprost i Stockholms domkyrkof\u00f6rsamling. Jag \u00e4r intresserad av konst, litteratur, teater, film. Jag tr\u00e4nar regelbundet p\u00e5 gym. Mitt huvudsakliga musikintresse \u00e4r klassisk musik men ocks\u00e5 Beatles, Elvis Presley, Monika Zettelund, Povel Ramel och m\u00e5nga andra tycker jag om att lyssna p\u00e5. Jag l\u00e4ser f\u00f6r lite sk\u00f6nlitteratur beroende p\u00e5 annat som jag m\u00e5ste l\u00e4sa i mitt uppdrag som biskop. Men jag \u00e4lskar b\u00f6cker. Naturligtvis l\u00e4ser jag n\u00e4st intill dagligdags i \"B\u00f6ckernas Bok.\"","sameAs":["http:\/\/www.skarastift.se"],"url":"https:\/\/blogg.svenskakyrkan.se\/akebonnier\/author\/akebonnier\/"}]}},"author_meta":{"ID":"108","user_nicename":"akebonnier","user_url":"http:\/\/www.skarastift.se","user_registered":"2011-10-11 09:24:48","display_name":"\u00c5ke Bonnier","first_name":"\u00c5ke","last_name":"Bonnier","avatar":"https:\/\/secure.gravatar.com\/avatar\/b88264736bb0bc0d1ea92298aef02c9f98cfc13c7484130c42c663ae484f9462?s=96&d=mm&r=g"},"featured_image":false,"bloginfo":{"name":"\u00c5ke Bonnier","url":"https:\/\/blogg.svenskakyrkan.se\/akebonnier"},"_links":{"self":[{"href":"https:\/\/blogg.svenskakyrkan.se\/akebonnier\/wp-json\/wp\/v2\/posts\/518","targetHints":{"allow":["GET"]}}],"collection":[{"href":"https:\/\/blogg.svenskakyrkan.se\/akebonnier\/wp-json\/wp\/v2\/posts"}],"about":[{"href":"https:\/\/blogg.svenskakyrkan.se\/akebonnier\/wp-json\/wp\/v2\/types\/post"}],"author":[{"embeddable":true,"href":"https:\/\/blogg.svenskakyrkan.se\/akebonnier\/wp-json\/wp\/v2\/users\/108"}],"replies":[{"embeddable":true,"href":"https:\/\/blogg.svenskakyrkan.se\/akebonnier\/wp-json\/wp\/v2\/comments?post=518"}],"version-history":[{"count":0,"href":"https:\/\/blogg.svenskakyrkan.se\/akebonnier\/wp-json\/wp\/v2\/posts\/518\/revisions"}],"wp:attachment":[{"href":"https:\/\/blogg.svenskakyrkan.se\/akebonnier\/wp-json\/wp\/v2\/media?parent=518"}],"wp:term":[{"taxonomy":"category","embeddable":true,"href":"https:\/\/blogg.svenskakyrkan.se\/akebonnier\/wp-json\/wp\/v2\/categories?post=518"},{"taxonomy":"post_tag","embeddable":true,"href":"https:\/\/blogg.svenskakyrkan.se\/akebonnier\/wp-json\/wp\/v2\/tags?post=518"}],"curies":[{"name":"wp","href":"https:\/\/api.w.org\/{rel}","templated":true}]}}