{"id":519,"date":"2011-04-17T06:54:00","date_gmt":"2011-04-17T06:54:00","guid":{"rendered":"http:\/\/blogg.svenskakyrkan.se\/akebonnier\/2011\/04\/17\/ar-sverige-ett-kristet-land\/"},"modified":"2011-04-17T06:54:00","modified_gmt":"2011-04-17T06:54:00","slug":"ar-sverige-ett-kristet-land","status":"publish","type":"post","link":"https:\/\/blogg.svenskakyrkan.se\/akebonnier\/2011\/04\/17\/ar-sverige-ett-kristet-land\/","title":{"rendered":"\u00c4r Sverige ett kristet land?"},"content":{"rendered":"<p>I en debatt i m\u00e5ndags kv\u00e4ll p\u00e5 S:ta Katharinastiftelsen h\u00e4vdade Mats Svegfors att Sverige i n\u00e5gon m\u00e5n \u00e4r ett kristet land med kristna v\u00e4rderingar, med kulturell bakgrund i den kristna myllan, med en juridik som har kristna klanger, med en syn p\u00e5 m\u00e4nniskan som likst\u00e4ller m\u00e4nniskan, \u00e5tminstone inf\u00f6r lagen o s v.<\/p>\n<p>Vad \u00e4r det att vara kristen? Och vem bed\u00f6mer? Egentligen kan man ge ett enkelt svar p\u00e5 fr\u00e5gan: Kristen \u00e4r den som vill kalla sig kristen. Det undanr\u00f6jer alla dem som vill f\u00f6rklara andra f\u00f6r &#8221;smygkristna&#8221;. <em>Jo, han \u00e4r kristen, fast han vet inte om det.<\/em> Den attityden \u00e4r ett sorts religi\u00f6st \u00f6versitteri, en besserwisserattityd som \u00e4r skr\u00e4mmande.<\/p>\n<p>Men samtidigt m\u00e5ste man nog fylla ordet <em>kristet<\/em> och <em>kristen<\/em> med mer inneh\u00e5ll \u00e4n det ovan n\u00e4mnda. <em>Kristen<\/em> och <em>kristet<\/em> m\u00e5ste ha med Kristus att g\u00f6ra. I dag b\u00f6rjar Stilla veckan, en vecka som s\u00e4tter Jesu sista dagar med hans v\u00e4g till korset, hans lidande, hans d\u00f6d och hans uppst\u00e5ndelse i centrum. Dessa dagar och dessa h\u00e4ndelser \u00e4r centrala i den kristna tron. Det \u00e4r Jesu korsd\u00f6d och uppst\u00e5ndelse som \u00e4r n\u00e5gra av fundamenten f\u00f6r den kristna tron. Tron i sig, kristuscentreringen och inriktningen i sig, \u00e4r viktig f\u00f6r att begreppet <em>kristen\/kristet <\/em>ska vara relevant. Sedan h\u00f6r naturligtvis handlingar till detta, men&nbsp;som en konsekvens. Tron \u00e4r p\u00e5 s\u00e4tt och vis <em>inte<\/em> beroende av handlingarna. Handlingarna \u00e4r trons konsekvens. Men det \u00e4r konstigt med en tro som inte f\u00e5r konsekvenser. I en av psalmerna i v\u00e5r psalmbok st\u00e5r det &#8221;Handling och b\u00f6n m\u00e5 bli ett&#8221; (Psalm 292 i Den svenska psalmboken). S\u00e5 \u00e4r det.!<\/p>\n<p>\u00c4r d\u00e5 Sverige ett kristet land? Nej, det \u00e4r det inte. Goda handlingar, god etik, god moral, goda v\u00e4rderingar \u00f6verlag g\u00f6r ingen och inget till kristen\/kristet. Kristus m\u00e5ste f\u00e5 vara i centrum. En relation med den korsf\u00e4ste och uppst\u00e5ndne \u00e4r det som g\u00f6r oss till kristna, som sedan naturligtvis drar konsekvenser av tron. Allt annat \u00e4r ett urvattnat anv\u00e4ndande av ordet kristet\/kristen. L\u00e5t oss tala \u00f6ppet och tydligt om detta.<\/p>\n<div class=\"blogger-post-footer\"><img width='1' height='1' src='https:\/\/blogger.googleusercontent.com\/tracker\/9055441369901436026-7183057736321616964?l=akebonnier.blogspot.com' alt='' \/><\/div>\n","protected":false},"excerpt":{"rendered":"<p>I en debatt i m\u00e5ndags kv\u00e4ll p\u00e5 S:ta Katharinastiftelsen h\u00e4vdade Mats Svegfors att Sverige i n\u00e5gon m\u00e5n \u00e4r ett kristet land med kristna v\u00e4rderingar, med kulturell bakgrund i den kristna myllan, med en juridik som har kristna klanger, med en syn p\u00e5 m\u00e4nniskan som likst\u00e4ller m\u00e4nniskan, \u00e5tminstone inf\u00f6r lagen o s v. Vad \u00e4r det [&hellip;]<\/p>\n","protected":false},"author":108,"featured_media":0,"comment_status":"open","ping_status":"open","sticky":false,"template":"","format":"standard","meta":{"_acf_changed":false,"footnotes":""},"categories":[16481],"tags":[],"class_list":["post-519","post","type-post","status-publish","format-standard","hentry","category-ar-sverige-ett-kristet-land"],"acf":[],"yoast_head":"<!-- This site is optimized with the Yoast SEO plugin v27.1.1 - https:\/\/yoast.com\/product\/yoast-seo-wordpress\/ -->\n<title>\u00c4r Sverige ett kristet land? - \u00c5ke Bonnier<\/title>\n<meta name=\"robots\" content=\"index, follow, max-snippet:-1, max-image-preview:large, max-video-preview:-1\" \/>\n<link rel=\"canonical\" href=\"https:\/\/blogg.svenskakyrkan.se\/akebonnier\/2011\/04\/17\/ar-sverige-ett-kristet-land\/\" \/>\n<meta property=\"og:locale\" content=\"sv_SE\" \/>\n<meta property=\"og:type\" content=\"article\" \/>\n<meta property=\"og:title\" content=\"\u00c4r Sverige ett kristet land? - \u00c5ke Bonnier\" \/>\n<meta property=\"og:description\" content=\"I en debatt i m\u00e5ndags kv\u00e4ll p\u00e5 S:ta Katharinastiftelsen h\u00e4vdade Mats Svegfors att Sverige i n\u00e5gon m\u00e5n \u00e4r ett kristet land med kristna v\u00e4rderingar, med kulturell bakgrund i den kristna myllan, med en juridik som har kristna klanger, med en syn p\u00e5 m\u00e4nniskan som likst\u00e4ller m\u00e4nniskan, \u00e5tminstone inf\u00f6r lagen o s v. Vad \u00e4r det [&hellip;]\" \/>\n<meta property=\"og:url\" content=\"https:\/\/blogg.svenskakyrkan.se\/akebonnier\/2011\/04\/17\/ar-sverige-ett-kristet-land\/\" \/>\n<meta property=\"og:site_name\" content=\"\u00c5ke Bonnier\" \/>\n<meta property=\"article:published_time\" content=\"2011-04-17T06:54:00+00:00\" \/>\n<meta property=\"og:image\" content=\"https:\/\/blogger.googleusercontent.com\/tracker\/9055441369901436026-7183057736321616964?l=akebonnier.blogspot.com\" \/>\n<meta name=\"author\" content=\"\u00c5ke Bonnier\" \/>\n<meta name=\"twitter:card\" content=\"summary_large_image\" \/>\n<meta name=\"twitter:label1\" content=\"Skriven av\" \/>\n\t<meta name=\"twitter:data1\" content=\"\u00c5ke Bonnier\" \/>\n\t<meta name=\"twitter:label2\" content=\"Ber\u00e4knad l\u00e4stid\" \/>\n\t<meta name=\"twitter:data2\" content=\"2 minuter\" \/>\n<script type=\"application\/ld+json\" class=\"yoast-schema-graph\">{\"@context\":\"https:\/\/schema.org\",\"@graph\":[{\"@type\":\"Article\",\"@id\":\"https:\/\/blogg.svenskakyrkan.se\/akebonnier\/2011\/04\/17\/ar-sverige-ett-kristet-land\/#article\",\"isPartOf\":{\"@id\":\"https:\/\/blogg.svenskakyrkan.se\/akebonnier\/2011\/04\/17\/ar-sverige-ett-kristet-land\/\"},\"author\":{\"name\":\"\u00c5ke Bonnier\",\"@id\":\"https:\/\/blogg.svenskakyrkan.se\/akebonnier\/#\/schema\/person\/8db68bc0c94f6a5a62df2d4486ff1343\"},\"headline\":\"\u00c4r Sverige ett kristet land?\",\"datePublished\":\"2011-04-17T06:54:00+00:00\",\"mainEntityOfPage\":{\"@id\":\"https:\/\/blogg.svenskakyrkan.se\/akebonnier\/2011\/04\/17\/ar-sverige-ett-kristet-land\/\"},\"wordCount\":390,\"commentCount\":84,\"image\":{\"@id\":\"https:\/\/blogg.svenskakyrkan.se\/akebonnier\/2011\/04\/17\/ar-sverige-ett-kristet-land\/#primaryimage\"},\"thumbnailUrl\":\"https:\/\/blogger.googleusercontent.com\/tracker\/9055441369901436026-7183057736321616964?l=akebonnier.blogspot.com\",\"articleSection\":[\"\u00c4r Sverige ett kristet land\"],\"inLanguage\":\"sv-SE\",\"potentialAction\":[{\"@type\":\"CommentAction\",\"name\":\"Comment\",\"target\":[\"https:\/\/blogg.svenskakyrkan.se\/akebonnier\/2011\/04\/17\/ar-sverige-ett-kristet-land\/#respond\"]}]},{\"@type\":\"WebPage\",\"@id\":\"https:\/\/blogg.svenskakyrkan.se\/akebonnier\/2011\/04\/17\/ar-sverige-ett-kristet-land\/\",\"url\":\"https:\/\/blogg.svenskakyrkan.se\/akebonnier\/2011\/04\/17\/ar-sverige-ett-kristet-land\/\",\"name\":\"\u00c4r Sverige ett kristet land? - \u00c5ke Bonnier\",\"isPartOf\":{\"@id\":\"https:\/\/blogg.svenskakyrkan.se\/akebonnier\/#website\"},\"primaryImageOfPage\":{\"@id\":\"https:\/\/blogg.svenskakyrkan.se\/akebonnier\/2011\/04\/17\/ar-sverige-ett-kristet-land\/#primaryimage\"},\"image\":{\"@id\":\"https:\/\/blogg.svenskakyrkan.se\/akebonnier\/2011\/04\/17\/ar-sverige-ett-kristet-land\/#primaryimage\"},\"thumbnailUrl\":\"https:\/\/blogger.googleusercontent.com\/tracker\/9055441369901436026-7183057736321616964?l=akebonnier.blogspot.com\",\"datePublished\":\"2011-04-17T06:54:00+00:00\",\"author\":{\"@id\":\"https:\/\/blogg.svenskakyrkan.se\/akebonnier\/#\/schema\/person\/8db68bc0c94f6a5a62df2d4486ff1343\"},\"breadcrumb\":{\"@id\":\"https:\/\/blogg.svenskakyrkan.se\/akebonnier\/2011\/04\/17\/ar-sverige-ett-kristet-land\/#breadcrumb\"},\"inLanguage\":\"sv-SE\",\"potentialAction\":[{\"@type\":\"ReadAction\",\"target\":[\"https:\/\/blogg.svenskakyrkan.se\/akebonnier\/2011\/04\/17\/ar-sverige-ett-kristet-land\/\"]}]},{\"@type\":\"ImageObject\",\"inLanguage\":\"sv-SE\",\"@id\":\"https:\/\/blogg.svenskakyrkan.se\/akebonnier\/2011\/04\/17\/ar-sverige-ett-kristet-land\/#primaryimage\",\"url\":\"https:\/\/blogger.googleusercontent.com\/tracker\/9055441369901436026-7183057736321616964?l=akebonnier.blogspot.com\",\"contentUrl\":\"https:\/\/blogger.googleusercontent.com\/tracker\/9055441369901436026-7183057736321616964?l=akebonnier.blogspot.com\"},{\"@type\":\"BreadcrumbList\",\"@id\":\"https:\/\/blogg.svenskakyrkan.se\/akebonnier\/2011\/04\/17\/ar-sverige-ett-kristet-land\/#breadcrumb\",\"itemListElement\":[{\"@type\":\"ListItem\",\"position\":1,\"name\":\"Hem\",\"item\":\"https:\/\/blogg.svenskakyrkan.se\/akebonnier\/\"},{\"@type\":\"ListItem\",\"position\":2,\"name\":\"\u00c4r Sverige ett kristet land?\"}]},{\"@type\":\"WebSite\",\"@id\":\"https:\/\/blogg.svenskakyrkan.se\/akebonnier\/#website\",\"url\":\"https:\/\/blogg.svenskakyrkan.se\/akebonnier\/\",\"name\":\"\u00c5ke Bonnier\",\"description\":\"Biskop i Svenska kyrkan - Skara stift\",\"potentialAction\":[{\"@type\":\"SearchAction\",\"target\":{\"@type\":\"EntryPoint\",\"urlTemplate\":\"https:\/\/blogg.svenskakyrkan.se\/akebonnier\/?s={search_term_string}\"},\"query-input\":{\"@type\":\"PropertyValueSpecification\",\"valueRequired\":true,\"valueName\":\"search_term_string\"}}],\"inLanguage\":\"sv-SE\"},{\"@type\":\"Person\",\"@id\":\"https:\/\/blogg.svenskakyrkan.se\/akebonnier\/#\/schema\/person\/8db68bc0c94f6a5a62df2d4486ff1343\",\"name\":\"\u00c5ke Bonnier\",\"image\":{\"@type\":\"ImageObject\",\"inLanguage\":\"sv-SE\",\"@id\":\"https:\/\/blogg.svenskakyrkan.se\/akebonnier\/#\/schema\/person\/image\/\",\"url\":\"https:\/\/secure.gravatar.com\/avatar\/b88264736bb0bc0d1ea92298aef02c9f98cfc13c7484130c42c663ae484f9462?s=96&d=mm&r=g\",\"contentUrl\":\"https:\/\/secure.gravatar.com\/avatar\/b88264736bb0bc0d1ea92298aef02c9f98cfc13c7484130c42c663ae484f9462?s=96&d=mm&r=g\",\"caption\":\"\u00c5ke Bonnier\"},\"description\":\"Jag \u00e4r gift och har tv\u00e5 vuxna d\u00f6ttrar. Pr\u00e4stvigdes 1984 och biskopsvigs 26 augusti 2012 . Jag har tidigare bland annat varit, komminister och kyrkoherde i Liding\u00f6 f\u00f6rsamling och domprost i Stockholms domkyrkof\u00f6rsamling. Jag \u00e4r intresserad av konst, litteratur, teater, film. Jag tr\u00e4nar regelbundet p\u00e5 gym. Mitt huvudsakliga musikintresse \u00e4r klassisk musik men ocks\u00e5 Beatles, Elvis Presley, Monika Zettelund, Povel Ramel och m\u00e5nga andra tycker jag om att lyssna p\u00e5. Jag l\u00e4ser f\u00f6r lite sk\u00f6nlitteratur beroende p\u00e5 annat som jag m\u00e5ste l\u00e4sa i mitt uppdrag som biskop. Men jag \u00e4lskar b\u00f6cker. Naturligtvis l\u00e4ser jag n\u00e4st intill dagligdags i \\\"B\u00f6ckernas Bok.\\\"\",\"sameAs\":[\"http:\/\/www.skarastift.se\"],\"url\":\"https:\/\/blogg.svenskakyrkan.se\/akebonnier\/author\/akebonnier\/\"}]}<\/script>\n<!-- \/ Yoast SEO plugin. -->","yoast_head_json":{"title":"\u00c4r Sverige ett kristet land? - \u00c5ke Bonnier","robots":{"index":"index","follow":"follow","max-snippet":"max-snippet:-1","max-image-preview":"max-image-preview:large","max-video-preview":"max-video-preview:-1"},"canonical":"https:\/\/blogg.svenskakyrkan.se\/akebonnier\/2011\/04\/17\/ar-sverige-ett-kristet-land\/","og_locale":"sv_SE","og_type":"article","og_title":"\u00c4r Sverige ett kristet land? - \u00c5ke Bonnier","og_description":"I en debatt i m\u00e5ndags kv\u00e4ll p\u00e5 S:ta Katharinastiftelsen h\u00e4vdade Mats Svegfors att Sverige i n\u00e5gon m\u00e5n \u00e4r ett kristet land med kristna v\u00e4rderingar, med kulturell bakgrund i den kristna myllan, med en juridik som har kristna klanger, med en syn p\u00e5 m\u00e4nniskan som likst\u00e4ller m\u00e4nniskan, \u00e5tminstone inf\u00f6r lagen o s v. Vad \u00e4r det [&hellip;]","og_url":"https:\/\/blogg.svenskakyrkan.se\/akebonnier\/2011\/04\/17\/ar-sverige-ett-kristet-land\/","og_site_name":"\u00c5ke Bonnier","article_published_time":"2011-04-17T06:54:00+00:00","og_image":[{"url":"https:\/\/blogger.googleusercontent.com\/tracker\/9055441369901436026-7183057736321616964?l=akebonnier.blogspot.com","type":"","width":"","height":""}],"author":"\u00c5ke Bonnier","twitter_card":"summary_large_image","twitter_misc":{"Skriven av":"\u00c5ke Bonnier","Ber\u00e4knad l\u00e4stid":"2 minuter"},"schema":{"@context":"https:\/\/schema.org","@graph":[{"@type":"Article","@id":"https:\/\/blogg.svenskakyrkan.se\/akebonnier\/2011\/04\/17\/ar-sverige-ett-kristet-land\/#article","isPartOf":{"@id":"https:\/\/blogg.svenskakyrkan.se\/akebonnier\/2011\/04\/17\/ar-sverige-ett-kristet-land\/"},"author":{"name":"\u00c5ke Bonnier","@id":"https:\/\/blogg.svenskakyrkan.se\/akebonnier\/#\/schema\/person\/8db68bc0c94f6a5a62df2d4486ff1343"},"headline":"\u00c4r Sverige ett kristet land?","datePublished":"2011-04-17T06:54:00+00:00","mainEntityOfPage":{"@id":"https:\/\/blogg.svenskakyrkan.se\/akebonnier\/2011\/04\/17\/ar-sverige-ett-kristet-land\/"},"wordCount":390,"commentCount":84,"image":{"@id":"https:\/\/blogg.svenskakyrkan.se\/akebonnier\/2011\/04\/17\/ar-sverige-ett-kristet-land\/#primaryimage"},"thumbnailUrl":"https:\/\/blogger.googleusercontent.com\/tracker\/9055441369901436026-7183057736321616964?l=akebonnier.blogspot.com","articleSection":["\u00c4r Sverige ett kristet land"],"inLanguage":"sv-SE","potentialAction":[{"@type":"CommentAction","name":"Comment","target":["https:\/\/blogg.svenskakyrkan.se\/akebonnier\/2011\/04\/17\/ar-sverige-ett-kristet-land\/#respond"]}]},{"@type":"WebPage","@id":"https:\/\/blogg.svenskakyrkan.se\/akebonnier\/2011\/04\/17\/ar-sverige-ett-kristet-land\/","url":"https:\/\/blogg.svenskakyrkan.se\/akebonnier\/2011\/04\/17\/ar-sverige-ett-kristet-land\/","name":"\u00c4r Sverige ett kristet land? - \u00c5ke Bonnier","isPartOf":{"@id":"https:\/\/blogg.svenskakyrkan.se\/akebonnier\/#website"},"primaryImageOfPage":{"@id":"https:\/\/blogg.svenskakyrkan.se\/akebonnier\/2011\/04\/17\/ar-sverige-ett-kristet-land\/#primaryimage"},"image":{"@id":"https:\/\/blogg.svenskakyrkan.se\/akebonnier\/2011\/04\/17\/ar-sverige-ett-kristet-land\/#primaryimage"},"thumbnailUrl":"https:\/\/blogger.googleusercontent.com\/tracker\/9055441369901436026-7183057736321616964?l=akebonnier.blogspot.com","datePublished":"2011-04-17T06:54:00+00:00","author":{"@id":"https:\/\/blogg.svenskakyrkan.se\/akebonnier\/#\/schema\/person\/8db68bc0c94f6a5a62df2d4486ff1343"},"breadcrumb":{"@id":"https:\/\/blogg.svenskakyrkan.se\/akebonnier\/2011\/04\/17\/ar-sverige-ett-kristet-land\/#breadcrumb"},"inLanguage":"sv-SE","potentialAction":[{"@type":"ReadAction","target":["https:\/\/blogg.svenskakyrkan.se\/akebonnier\/2011\/04\/17\/ar-sverige-ett-kristet-land\/"]}]},{"@type":"ImageObject","inLanguage":"sv-SE","@id":"https:\/\/blogg.svenskakyrkan.se\/akebonnier\/2011\/04\/17\/ar-sverige-ett-kristet-land\/#primaryimage","url":"https:\/\/blogger.googleusercontent.com\/tracker\/9055441369901436026-7183057736321616964?l=akebonnier.blogspot.com","contentUrl":"https:\/\/blogger.googleusercontent.com\/tracker\/9055441369901436026-7183057736321616964?l=akebonnier.blogspot.com"},{"@type":"BreadcrumbList","@id":"https:\/\/blogg.svenskakyrkan.se\/akebonnier\/2011\/04\/17\/ar-sverige-ett-kristet-land\/#breadcrumb","itemListElement":[{"@type":"ListItem","position":1,"name":"Hem","item":"https:\/\/blogg.svenskakyrkan.se\/akebonnier\/"},{"@type":"ListItem","position":2,"name":"\u00c4r Sverige ett kristet land?"}]},{"@type":"WebSite","@id":"https:\/\/blogg.svenskakyrkan.se\/akebonnier\/#website","url":"https:\/\/blogg.svenskakyrkan.se\/akebonnier\/","name":"\u00c5ke Bonnier","description":"Biskop i Svenska kyrkan - Skara stift","potentialAction":[{"@type":"SearchAction","target":{"@type":"EntryPoint","urlTemplate":"https:\/\/blogg.svenskakyrkan.se\/akebonnier\/?s={search_term_string}"},"query-input":{"@type":"PropertyValueSpecification","valueRequired":true,"valueName":"search_term_string"}}],"inLanguage":"sv-SE"},{"@type":"Person","@id":"https:\/\/blogg.svenskakyrkan.se\/akebonnier\/#\/schema\/person\/8db68bc0c94f6a5a62df2d4486ff1343","name":"\u00c5ke Bonnier","image":{"@type":"ImageObject","inLanguage":"sv-SE","@id":"https:\/\/blogg.svenskakyrkan.se\/akebonnier\/#\/schema\/person\/image\/","url":"https:\/\/secure.gravatar.com\/avatar\/b88264736bb0bc0d1ea92298aef02c9f98cfc13c7484130c42c663ae484f9462?s=96&d=mm&r=g","contentUrl":"https:\/\/secure.gravatar.com\/avatar\/b88264736bb0bc0d1ea92298aef02c9f98cfc13c7484130c42c663ae484f9462?s=96&d=mm&r=g","caption":"\u00c5ke Bonnier"},"description":"Jag \u00e4r gift och har tv\u00e5 vuxna d\u00f6ttrar. Pr\u00e4stvigdes 1984 och biskopsvigs 26 augusti 2012 . Jag har tidigare bland annat varit, komminister och kyrkoherde i Liding\u00f6 f\u00f6rsamling och domprost i Stockholms domkyrkof\u00f6rsamling. Jag \u00e4r intresserad av konst, litteratur, teater, film. Jag tr\u00e4nar regelbundet p\u00e5 gym. Mitt huvudsakliga musikintresse \u00e4r klassisk musik men ocks\u00e5 Beatles, Elvis Presley, Monika Zettelund, Povel Ramel och m\u00e5nga andra tycker jag om att lyssna p\u00e5. Jag l\u00e4ser f\u00f6r lite sk\u00f6nlitteratur beroende p\u00e5 annat som jag m\u00e5ste l\u00e4sa i mitt uppdrag som biskop. Men jag \u00e4lskar b\u00f6cker. Naturligtvis l\u00e4ser jag n\u00e4st intill dagligdags i \"B\u00f6ckernas Bok.\"","sameAs":["http:\/\/www.skarastift.se"],"url":"https:\/\/blogg.svenskakyrkan.se\/akebonnier\/author\/akebonnier\/"}]}},"author_meta":{"ID":"108","user_nicename":"akebonnier","user_url":"http:\/\/www.skarastift.se","user_registered":"2011-10-11 09:24:48","display_name":"\u00c5ke Bonnier","first_name":"\u00c5ke","last_name":"Bonnier","avatar":"https:\/\/secure.gravatar.com\/avatar\/b88264736bb0bc0d1ea92298aef02c9f98cfc13c7484130c42c663ae484f9462?s=96&d=mm&r=g"},"featured_image":false,"bloginfo":{"name":"\u00c5ke Bonnier","url":"https:\/\/blogg.svenskakyrkan.se\/akebonnier"},"_links":{"self":[{"href":"https:\/\/blogg.svenskakyrkan.se\/akebonnier\/wp-json\/wp\/v2\/posts\/519","targetHints":{"allow":["GET"]}}],"collection":[{"href":"https:\/\/blogg.svenskakyrkan.se\/akebonnier\/wp-json\/wp\/v2\/posts"}],"about":[{"href":"https:\/\/blogg.svenskakyrkan.se\/akebonnier\/wp-json\/wp\/v2\/types\/post"}],"author":[{"embeddable":true,"href":"https:\/\/blogg.svenskakyrkan.se\/akebonnier\/wp-json\/wp\/v2\/users\/108"}],"replies":[{"embeddable":true,"href":"https:\/\/blogg.svenskakyrkan.se\/akebonnier\/wp-json\/wp\/v2\/comments?post=519"}],"version-history":[{"count":0,"href":"https:\/\/blogg.svenskakyrkan.se\/akebonnier\/wp-json\/wp\/v2\/posts\/519\/revisions"}],"wp:attachment":[{"href":"https:\/\/blogg.svenskakyrkan.se\/akebonnier\/wp-json\/wp\/v2\/media?parent=519"}],"wp:term":[{"taxonomy":"category","embeddable":true,"href":"https:\/\/blogg.svenskakyrkan.se\/akebonnier\/wp-json\/wp\/v2\/categories?post=519"},{"taxonomy":"post_tag","embeddable":true,"href":"https:\/\/blogg.svenskakyrkan.se\/akebonnier\/wp-json\/wp\/v2\/tags?post=519"}],"curies":[{"name":"wp","href":"https:\/\/api.w.org\/{rel}","templated":true}]}}