{"id":521,"date":"2011-04-20T20:06:00","date_gmt":"2011-04-20T20:06:00","guid":{"rendered":"http:\/\/blogg.svenskakyrkan.se\/akebonnier\/2011\/04\/20\/amazing-grace\/"},"modified":"2011-04-20T20:06:00","modified_gmt":"2011-04-20T20:06:00","slug":"amazing-grace","status":"publish","type":"post","link":"https:\/\/blogg.svenskakyrkan.se\/akebonnier\/2011\/04\/20\/amazing-grace\/","title":{"rendered":"Amazing grace!"},"content":{"rendered":"<p>Bara n\u00e5gra timmar kvar till Sk\u00e4rtorsdagen. De heliga dagarna b\u00f6rjar med nattvardens instiftande. I skrivande stund bultar mitt hj\u00e4rta av l\u00e4ngtan att g\u00e5 in i de tre, eller kanske p\u00e5 s\u00e4tt och vis, fyra dagarnas stora mysterium. Jo, jag ska arbeta, f\u00f6rbereda olika saker, leda m\u00e4ssor, assistera och bara delta. Men dessa dagars ljus genomlyser och upplyser allt mitt &#8221;arbete&#8221;. I morgon kl. 12.00 leder min biskop Eva Brunne&nbsp;den \u00e5rliga Sk\u00e4rtorsdagsm\u00e4ssan i S:t Jacobs kyrka vid Kungstr\u00e4dg\u00e5rden&nbsp;f\u00f6r alla som har tid att p\u00e5 lunchen delta, en m\u00e4ssa d\u00e4r vi pr\u00e4ster och diakonerna f\u00e5r f\u00f6rnya v\u00e5ra vigningsl\u00f6sften. Enligt gammal tradition instiftade Jesus pr\u00e4st\u00e4mbetet denna dag. Det \u00e4r en tolkningsfr\u00e5ga, naturligtvis, men jag f\u00e5r vara en av de pr\u00e4ster som \u00e5ter igen s\u00e4ger mitt hj\u00e4rtas JA till Guds kallelse av mig. Jag \u00e4r vigd pr\u00e4st, vigd med hela mitt liv, vigd med varje andetag till att vara&nbsp;det Gudomliga Ordets&nbsp;tj\u00e4nare &#8211; Verbi Divini Minister. Jag \u00e4r kallad att f\u00f6rkunna Ordet och f\u00f6rvalta sakramenten. Jag begriper det inte! Det handlar inte om min skicklighet eller om min duktighet. Det handlar om Guds kallelse av mig och kyrkans bekr\u00e4ftelse av denna kallelse. Egentligen handlar det bara om den gudomliga n\u00e5den &#8211; den o\u00e4ndliga n\u00e5den, den ofattbara n\u00e5den &#8211; amazing grace!<\/p>\n<p>P\u00e5 kv\u00e4llen f\u00e5r jag leda Sk\u00e4rtorsdagsm\u00e4ssan kl. 19.00 i Storkyrkan. D\u00e5 firar vi m\u00e4ssan med osyrat judiskt br\u00f6d &#8211; Matzabr\u00f6d &#8211; det sorts br\u00f6d som v\u00e5ra judiska systrar och br\u00f6der anv\u00e4nder n\u00e4r de firar de tv\u00e5 f\u00f6rsta kv\u00e4llarna i den judiska p\u00e5skh\u00f6gtiden &#8211; Sederm\u00e5ltiderna. Och sedan \u00e4ter de detta osyrade br\u00f6d i sammanlagt 8 dagar. Vi firar m\u00e4ssan vid Storkyrkans huvudaltare &#8211; ett altare som annars bara anv\u00e4nds vid h\u00f6gtidliga tillf\u00e4llen s\u00e5som vigslar (inte bara kungliga), pr\u00e4st- och diakonvigningar och s\u00e5 Sk\u00e4rtorsdagsm\u00e4ssan. <br \/>N\u00e4r m\u00e4ssan \u00e4r slut kl\u00e4ds altaret av under textl\u00e4sningar och till slut \u00e4r allt borttaget utom ett brinnande ljus som lyser i den n\u00e4stan nedsl\u00e4ckta kyrkan, och ett kors som st\u00e5r p\u00e5 altaret. I tystnad l\u00e4mnar vi kyrkorummet och g\u00e5r ut i m\u00f6rkret. Det \u00e4r en stor kv\u00e4ll denna f\u00f6rsta kv\u00e4ll bland de Heliga dagarna. Mitt hj\u00e4rta l\u00e4ngtar&#8230;<\/p>\n<p>Amazing grace!<\/p>\n<div class=\"blogger-post-footer\"><img width='1' height='1' src='https:\/\/blogger.googleusercontent.com\/tracker\/9055441369901436026-5521159779519855800?l=akebonnier.blogspot.com' alt='' \/><\/div>\n","protected":false},"excerpt":{"rendered":"<p>Bara n\u00e5gra timmar kvar till Sk\u00e4rtorsdagen. De heliga dagarna b\u00f6rjar med nattvardens instiftande. I skrivande stund bultar mitt hj\u00e4rta av l\u00e4ngtan att g\u00e5 in i de tre, eller kanske p\u00e5 s\u00e4tt och vis, fyra dagarnas stora mysterium. Jo, jag ska arbeta, f\u00f6rbereda olika saker, leda m\u00e4ssor, assistera och bara delta. Men dessa dagars ljus genomlyser [&hellip;]<\/p>\n","protected":false},"author":108,"featured_media":0,"comment_status":"open","ping_status":"open","sticky":false,"template":"","format":"standard","meta":{"_acf_changed":false,"footnotes":""},"categories":[16483],"tags":[],"class_list":["post-521","post","type-post","status-publish","format-standard","hentry","category-amazing-grace"],"acf":[],"yoast_head":"<!-- This site is optimized with the Yoast SEO plugin v27.1.1 - https:\/\/yoast.com\/product\/yoast-seo-wordpress\/ -->\n<title>Amazing grace! - \u00c5ke Bonnier<\/title>\n<meta name=\"robots\" content=\"index, follow, max-snippet:-1, max-image-preview:large, max-video-preview:-1\" \/>\n<link rel=\"canonical\" href=\"https:\/\/blogg.svenskakyrkan.se\/akebonnier\/2011\/04\/20\/amazing-grace\/\" \/>\n<meta property=\"og:locale\" content=\"sv_SE\" \/>\n<meta property=\"og:type\" content=\"article\" \/>\n<meta property=\"og:title\" content=\"Amazing grace! - \u00c5ke Bonnier\" \/>\n<meta property=\"og:description\" content=\"Bara n\u00e5gra timmar kvar till Sk\u00e4rtorsdagen. De heliga dagarna b\u00f6rjar med nattvardens instiftande. I skrivande stund bultar mitt hj\u00e4rta av l\u00e4ngtan att g\u00e5 in i de tre, eller kanske p\u00e5 s\u00e4tt och vis, fyra dagarnas stora mysterium. Jo, jag ska arbeta, f\u00f6rbereda olika saker, leda m\u00e4ssor, assistera och bara delta. Men dessa dagars ljus genomlyser [&hellip;]\" \/>\n<meta property=\"og:url\" content=\"https:\/\/blogg.svenskakyrkan.se\/akebonnier\/2011\/04\/20\/amazing-grace\/\" \/>\n<meta property=\"og:site_name\" content=\"\u00c5ke Bonnier\" \/>\n<meta property=\"article:published_time\" content=\"2011-04-20T20:06:00+00:00\" \/>\n<meta property=\"og:image\" content=\"https:\/\/blogger.googleusercontent.com\/tracker\/9055441369901436026-5521159779519855800?l=akebonnier.blogspot.com\" \/>\n<meta name=\"author\" content=\"\u00c5ke Bonnier\" \/>\n<meta name=\"twitter:card\" content=\"summary_large_image\" \/>\n<meta name=\"twitter:label1\" content=\"Skriven av\" \/>\n\t<meta name=\"twitter:data1\" content=\"\u00c5ke Bonnier\" \/>\n\t<meta name=\"twitter:label2\" content=\"Ber\u00e4knad l\u00e4stid\" \/>\n\t<meta name=\"twitter:data2\" content=\"2 minuter\" \/>\n<script type=\"application\/ld+json\" class=\"yoast-schema-graph\">{\"@context\":\"https:\/\/schema.org\",\"@graph\":[{\"@type\":\"Article\",\"@id\":\"https:\/\/blogg.svenskakyrkan.se\/akebonnier\/2011\/04\/20\/amazing-grace\/#article\",\"isPartOf\":{\"@id\":\"https:\/\/blogg.svenskakyrkan.se\/akebonnier\/2011\/04\/20\/amazing-grace\/\"},\"author\":{\"name\":\"\u00c5ke Bonnier\",\"@id\":\"https:\/\/blogg.svenskakyrkan.se\/akebonnier\/#\/schema\/person\/8db68bc0c94f6a5a62df2d4486ff1343\"},\"headline\":\"Amazing grace!\",\"datePublished\":\"2011-04-20T20:06:00+00:00\",\"mainEntityOfPage\":{\"@id\":\"https:\/\/blogg.svenskakyrkan.se\/akebonnier\/2011\/04\/20\/amazing-grace\/\"},\"wordCount\":432,\"commentCount\":4,\"image\":{\"@id\":\"https:\/\/blogg.svenskakyrkan.se\/akebonnier\/2011\/04\/20\/amazing-grace\/#primaryimage\"},\"thumbnailUrl\":\"https:\/\/blogger.googleusercontent.com\/tracker\/9055441369901436026-5521159779519855800?l=akebonnier.blogspot.com\",\"articleSection\":[\"Amazing grace\"],\"inLanguage\":\"sv-SE\",\"potentialAction\":[{\"@type\":\"CommentAction\",\"name\":\"Comment\",\"target\":[\"https:\/\/blogg.svenskakyrkan.se\/akebonnier\/2011\/04\/20\/amazing-grace\/#respond\"]}]},{\"@type\":\"WebPage\",\"@id\":\"https:\/\/blogg.svenskakyrkan.se\/akebonnier\/2011\/04\/20\/amazing-grace\/\",\"url\":\"https:\/\/blogg.svenskakyrkan.se\/akebonnier\/2011\/04\/20\/amazing-grace\/\",\"name\":\"Amazing grace! - \u00c5ke Bonnier\",\"isPartOf\":{\"@id\":\"https:\/\/blogg.svenskakyrkan.se\/akebonnier\/#website\"},\"primaryImageOfPage\":{\"@id\":\"https:\/\/blogg.svenskakyrkan.se\/akebonnier\/2011\/04\/20\/amazing-grace\/#primaryimage\"},\"image\":{\"@id\":\"https:\/\/blogg.svenskakyrkan.se\/akebonnier\/2011\/04\/20\/amazing-grace\/#primaryimage\"},\"thumbnailUrl\":\"https:\/\/blogger.googleusercontent.com\/tracker\/9055441369901436026-5521159779519855800?l=akebonnier.blogspot.com\",\"datePublished\":\"2011-04-20T20:06:00+00:00\",\"author\":{\"@id\":\"https:\/\/blogg.svenskakyrkan.se\/akebonnier\/#\/schema\/person\/8db68bc0c94f6a5a62df2d4486ff1343\"},\"breadcrumb\":{\"@id\":\"https:\/\/blogg.svenskakyrkan.se\/akebonnier\/2011\/04\/20\/amazing-grace\/#breadcrumb\"},\"inLanguage\":\"sv-SE\",\"potentialAction\":[{\"@type\":\"ReadAction\",\"target\":[\"https:\/\/blogg.svenskakyrkan.se\/akebonnier\/2011\/04\/20\/amazing-grace\/\"]}]},{\"@type\":\"ImageObject\",\"inLanguage\":\"sv-SE\",\"@id\":\"https:\/\/blogg.svenskakyrkan.se\/akebonnier\/2011\/04\/20\/amazing-grace\/#primaryimage\",\"url\":\"https:\/\/blogger.googleusercontent.com\/tracker\/9055441369901436026-5521159779519855800?l=akebonnier.blogspot.com\",\"contentUrl\":\"https:\/\/blogger.googleusercontent.com\/tracker\/9055441369901436026-5521159779519855800?l=akebonnier.blogspot.com\"},{\"@type\":\"BreadcrumbList\",\"@id\":\"https:\/\/blogg.svenskakyrkan.se\/akebonnier\/2011\/04\/20\/amazing-grace\/#breadcrumb\",\"itemListElement\":[{\"@type\":\"ListItem\",\"position\":1,\"name\":\"Hem\",\"item\":\"https:\/\/blogg.svenskakyrkan.se\/akebonnier\/\"},{\"@type\":\"ListItem\",\"position\":2,\"name\":\"Amazing grace!\"}]},{\"@type\":\"WebSite\",\"@id\":\"https:\/\/blogg.svenskakyrkan.se\/akebonnier\/#website\",\"url\":\"https:\/\/blogg.svenskakyrkan.se\/akebonnier\/\",\"name\":\"\u00c5ke Bonnier\",\"description\":\"Biskop i Svenska kyrkan - Skara stift\",\"potentialAction\":[{\"@type\":\"SearchAction\",\"target\":{\"@type\":\"EntryPoint\",\"urlTemplate\":\"https:\/\/blogg.svenskakyrkan.se\/akebonnier\/?s={search_term_string}\"},\"query-input\":{\"@type\":\"PropertyValueSpecification\",\"valueRequired\":true,\"valueName\":\"search_term_string\"}}],\"inLanguage\":\"sv-SE\"},{\"@type\":\"Person\",\"@id\":\"https:\/\/blogg.svenskakyrkan.se\/akebonnier\/#\/schema\/person\/8db68bc0c94f6a5a62df2d4486ff1343\",\"name\":\"\u00c5ke Bonnier\",\"image\":{\"@type\":\"ImageObject\",\"inLanguage\":\"sv-SE\",\"@id\":\"https:\/\/blogg.svenskakyrkan.se\/akebonnier\/#\/schema\/person\/image\/\",\"url\":\"https:\/\/secure.gravatar.com\/avatar\/b88264736bb0bc0d1ea92298aef02c9f98cfc13c7484130c42c663ae484f9462?s=96&d=mm&r=g\",\"contentUrl\":\"https:\/\/secure.gravatar.com\/avatar\/b88264736bb0bc0d1ea92298aef02c9f98cfc13c7484130c42c663ae484f9462?s=96&d=mm&r=g\",\"caption\":\"\u00c5ke Bonnier\"},\"description\":\"Jag \u00e4r gift och har tv\u00e5 vuxna d\u00f6ttrar. Pr\u00e4stvigdes 1984 och biskopsvigs 26 augusti 2012 . Jag har tidigare bland annat varit, komminister och kyrkoherde i Liding\u00f6 f\u00f6rsamling och domprost i Stockholms domkyrkof\u00f6rsamling. Jag \u00e4r intresserad av konst, litteratur, teater, film. Jag tr\u00e4nar regelbundet p\u00e5 gym. Mitt huvudsakliga musikintresse \u00e4r klassisk musik men ocks\u00e5 Beatles, Elvis Presley, Monika Zettelund, Povel Ramel och m\u00e5nga andra tycker jag om att lyssna p\u00e5. Jag l\u00e4ser f\u00f6r lite sk\u00f6nlitteratur beroende p\u00e5 annat som jag m\u00e5ste l\u00e4sa i mitt uppdrag som biskop. Men jag \u00e4lskar b\u00f6cker. Naturligtvis l\u00e4ser jag n\u00e4st intill dagligdags i \\\"B\u00f6ckernas Bok.\\\"\",\"sameAs\":[\"http:\/\/www.skarastift.se\"],\"url\":\"https:\/\/blogg.svenskakyrkan.se\/akebonnier\/author\/akebonnier\/\"}]}<\/script>\n<!-- \/ Yoast SEO plugin. -->","yoast_head_json":{"title":"Amazing grace! - \u00c5ke Bonnier","robots":{"index":"index","follow":"follow","max-snippet":"max-snippet:-1","max-image-preview":"max-image-preview:large","max-video-preview":"max-video-preview:-1"},"canonical":"https:\/\/blogg.svenskakyrkan.se\/akebonnier\/2011\/04\/20\/amazing-grace\/","og_locale":"sv_SE","og_type":"article","og_title":"Amazing grace! - \u00c5ke Bonnier","og_description":"Bara n\u00e5gra timmar kvar till Sk\u00e4rtorsdagen. De heliga dagarna b\u00f6rjar med nattvardens instiftande. I skrivande stund bultar mitt hj\u00e4rta av l\u00e4ngtan att g\u00e5 in i de tre, eller kanske p\u00e5 s\u00e4tt och vis, fyra dagarnas stora mysterium. Jo, jag ska arbeta, f\u00f6rbereda olika saker, leda m\u00e4ssor, assistera och bara delta. Men dessa dagars ljus genomlyser [&hellip;]","og_url":"https:\/\/blogg.svenskakyrkan.se\/akebonnier\/2011\/04\/20\/amazing-grace\/","og_site_name":"\u00c5ke Bonnier","article_published_time":"2011-04-20T20:06:00+00:00","og_image":[{"url":"https:\/\/blogger.googleusercontent.com\/tracker\/9055441369901436026-5521159779519855800?l=akebonnier.blogspot.com","type":"","width":"","height":""}],"author":"\u00c5ke Bonnier","twitter_card":"summary_large_image","twitter_misc":{"Skriven av":"\u00c5ke Bonnier","Ber\u00e4knad l\u00e4stid":"2 minuter"},"schema":{"@context":"https:\/\/schema.org","@graph":[{"@type":"Article","@id":"https:\/\/blogg.svenskakyrkan.se\/akebonnier\/2011\/04\/20\/amazing-grace\/#article","isPartOf":{"@id":"https:\/\/blogg.svenskakyrkan.se\/akebonnier\/2011\/04\/20\/amazing-grace\/"},"author":{"name":"\u00c5ke Bonnier","@id":"https:\/\/blogg.svenskakyrkan.se\/akebonnier\/#\/schema\/person\/8db68bc0c94f6a5a62df2d4486ff1343"},"headline":"Amazing grace!","datePublished":"2011-04-20T20:06:00+00:00","mainEntityOfPage":{"@id":"https:\/\/blogg.svenskakyrkan.se\/akebonnier\/2011\/04\/20\/amazing-grace\/"},"wordCount":432,"commentCount":4,"image":{"@id":"https:\/\/blogg.svenskakyrkan.se\/akebonnier\/2011\/04\/20\/amazing-grace\/#primaryimage"},"thumbnailUrl":"https:\/\/blogger.googleusercontent.com\/tracker\/9055441369901436026-5521159779519855800?l=akebonnier.blogspot.com","articleSection":["Amazing grace"],"inLanguage":"sv-SE","potentialAction":[{"@type":"CommentAction","name":"Comment","target":["https:\/\/blogg.svenskakyrkan.se\/akebonnier\/2011\/04\/20\/amazing-grace\/#respond"]}]},{"@type":"WebPage","@id":"https:\/\/blogg.svenskakyrkan.se\/akebonnier\/2011\/04\/20\/amazing-grace\/","url":"https:\/\/blogg.svenskakyrkan.se\/akebonnier\/2011\/04\/20\/amazing-grace\/","name":"Amazing grace! - \u00c5ke Bonnier","isPartOf":{"@id":"https:\/\/blogg.svenskakyrkan.se\/akebonnier\/#website"},"primaryImageOfPage":{"@id":"https:\/\/blogg.svenskakyrkan.se\/akebonnier\/2011\/04\/20\/amazing-grace\/#primaryimage"},"image":{"@id":"https:\/\/blogg.svenskakyrkan.se\/akebonnier\/2011\/04\/20\/amazing-grace\/#primaryimage"},"thumbnailUrl":"https:\/\/blogger.googleusercontent.com\/tracker\/9055441369901436026-5521159779519855800?l=akebonnier.blogspot.com","datePublished":"2011-04-20T20:06:00+00:00","author":{"@id":"https:\/\/blogg.svenskakyrkan.se\/akebonnier\/#\/schema\/person\/8db68bc0c94f6a5a62df2d4486ff1343"},"breadcrumb":{"@id":"https:\/\/blogg.svenskakyrkan.se\/akebonnier\/2011\/04\/20\/amazing-grace\/#breadcrumb"},"inLanguage":"sv-SE","potentialAction":[{"@type":"ReadAction","target":["https:\/\/blogg.svenskakyrkan.se\/akebonnier\/2011\/04\/20\/amazing-grace\/"]}]},{"@type":"ImageObject","inLanguage":"sv-SE","@id":"https:\/\/blogg.svenskakyrkan.se\/akebonnier\/2011\/04\/20\/amazing-grace\/#primaryimage","url":"https:\/\/blogger.googleusercontent.com\/tracker\/9055441369901436026-5521159779519855800?l=akebonnier.blogspot.com","contentUrl":"https:\/\/blogger.googleusercontent.com\/tracker\/9055441369901436026-5521159779519855800?l=akebonnier.blogspot.com"},{"@type":"BreadcrumbList","@id":"https:\/\/blogg.svenskakyrkan.se\/akebonnier\/2011\/04\/20\/amazing-grace\/#breadcrumb","itemListElement":[{"@type":"ListItem","position":1,"name":"Hem","item":"https:\/\/blogg.svenskakyrkan.se\/akebonnier\/"},{"@type":"ListItem","position":2,"name":"Amazing grace!"}]},{"@type":"WebSite","@id":"https:\/\/blogg.svenskakyrkan.se\/akebonnier\/#website","url":"https:\/\/blogg.svenskakyrkan.se\/akebonnier\/","name":"\u00c5ke Bonnier","description":"Biskop i Svenska kyrkan - Skara stift","potentialAction":[{"@type":"SearchAction","target":{"@type":"EntryPoint","urlTemplate":"https:\/\/blogg.svenskakyrkan.se\/akebonnier\/?s={search_term_string}"},"query-input":{"@type":"PropertyValueSpecification","valueRequired":true,"valueName":"search_term_string"}}],"inLanguage":"sv-SE"},{"@type":"Person","@id":"https:\/\/blogg.svenskakyrkan.se\/akebonnier\/#\/schema\/person\/8db68bc0c94f6a5a62df2d4486ff1343","name":"\u00c5ke Bonnier","image":{"@type":"ImageObject","inLanguage":"sv-SE","@id":"https:\/\/blogg.svenskakyrkan.se\/akebonnier\/#\/schema\/person\/image\/","url":"https:\/\/secure.gravatar.com\/avatar\/b88264736bb0bc0d1ea92298aef02c9f98cfc13c7484130c42c663ae484f9462?s=96&d=mm&r=g","contentUrl":"https:\/\/secure.gravatar.com\/avatar\/b88264736bb0bc0d1ea92298aef02c9f98cfc13c7484130c42c663ae484f9462?s=96&d=mm&r=g","caption":"\u00c5ke Bonnier"},"description":"Jag \u00e4r gift och har tv\u00e5 vuxna d\u00f6ttrar. Pr\u00e4stvigdes 1984 och biskopsvigs 26 augusti 2012 . Jag har tidigare bland annat varit, komminister och kyrkoherde i Liding\u00f6 f\u00f6rsamling och domprost i Stockholms domkyrkof\u00f6rsamling. Jag \u00e4r intresserad av konst, litteratur, teater, film. Jag tr\u00e4nar regelbundet p\u00e5 gym. Mitt huvudsakliga musikintresse \u00e4r klassisk musik men ocks\u00e5 Beatles, Elvis Presley, Monika Zettelund, Povel Ramel och m\u00e5nga andra tycker jag om att lyssna p\u00e5. Jag l\u00e4ser f\u00f6r lite sk\u00f6nlitteratur beroende p\u00e5 annat som jag m\u00e5ste l\u00e4sa i mitt uppdrag som biskop. Men jag \u00e4lskar b\u00f6cker. Naturligtvis l\u00e4ser jag n\u00e4st intill dagligdags i \"B\u00f6ckernas Bok.\"","sameAs":["http:\/\/www.skarastift.se"],"url":"https:\/\/blogg.svenskakyrkan.se\/akebonnier\/author\/akebonnier\/"}]}},"author_meta":{"ID":"108","user_nicename":"akebonnier","user_url":"http:\/\/www.skarastift.se","user_registered":"2011-10-11 09:24:48","display_name":"\u00c5ke Bonnier","first_name":"\u00c5ke","last_name":"Bonnier","avatar":"https:\/\/secure.gravatar.com\/avatar\/b88264736bb0bc0d1ea92298aef02c9f98cfc13c7484130c42c663ae484f9462?s=96&d=mm&r=g"},"featured_image":false,"bloginfo":{"name":"\u00c5ke Bonnier","url":"https:\/\/blogg.svenskakyrkan.se\/akebonnier"},"_links":{"self":[{"href":"https:\/\/blogg.svenskakyrkan.se\/akebonnier\/wp-json\/wp\/v2\/posts\/521","targetHints":{"allow":["GET"]}}],"collection":[{"href":"https:\/\/blogg.svenskakyrkan.se\/akebonnier\/wp-json\/wp\/v2\/posts"}],"about":[{"href":"https:\/\/blogg.svenskakyrkan.se\/akebonnier\/wp-json\/wp\/v2\/types\/post"}],"author":[{"embeddable":true,"href":"https:\/\/blogg.svenskakyrkan.se\/akebonnier\/wp-json\/wp\/v2\/users\/108"}],"replies":[{"embeddable":true,"href":"https:\/\/blogg.svenskakyrkan.se\/akebonnier\/wp-json\/wp\/v2\/comments?post=521"}],"version-history":[{"count":0,"href":"https:\/\/blogg.svenskakyrkan.se\/akebonnier\/wp-json\/wp\/v2\/posts\/521\/revisions"}],"wp:attachment":[{"href":"https:\/\/blogg.svenskakyrkan.se\/akebonnier\/wp-json\/wp\/v2\/media?parent=521"}],"wp:term":[{"taxonomy":"category","embeddable":true,"href":"https:\/\/blogg.svenskakyrkan.se\/akebonnier\/wp-json\/wp\/v2\/categories?post=521"},{"taxonomy":"post_tag","embeddable":true,"href":"https:\/\/blogg.svenskakyrkan.se\/akebonnier\/wp-json\/wp\/v2\/tags?post=521"}],"curies":[{"name":"wp","href":"https:\/\/api.w.org\/{rel}","templated":true}]}}